{"id":244741,"date":"2025-12-23T11:48:01","date_gmt":"2025-12-23T14:48:01","guid":{"rendered":"https:\/\/informelitoral.com.ar\/?p=244741"},"modified":"2025-12-23T14:32:02","modified_gmt":"2025-12-23T17:32:02","slug":"conmebol-oficializo-los-bombos-para-la-copa-libertadores-2026","status":"publish","type":"post","link":"https:\/\/informelitoral.com.ar\/conmebol-oficializo-los-bombos-para-la-copa-libertadores-2026\/","title":{"rendered":"Conmebol oficializ\u00f3 los bombos para la Copa Libertadores 2026"},"content":{"rendered":"<p>La\u00a0<strong>Copa Libertadores 2026<\/strong>\u00a0comienza a tomar forma definitiva y la\u00a0<strong>Conmebol oficializ\u00f3 los bombos para el sorteo de la fase de grupos<\/strong>, cuando ya est\u00e1n confirmados 46 de los 47 equipos participantes.<\/p>\n<p><img decoding=\"async\" src=\"https:\/\/www.ole.com.ar\/images\/2025\/12\/17\/5RhaMXkYt_720x0__1.jpg\" alt=\"Cruzeiro fue rival de Boca en la Sudamericana 2024.\" \/><\/p>\n<p>En ese escenario,<strong>Boca aparece como el \u00fanico club argentino que ser\u00e1 cabeza de serie, integrando el Bombo 1 del m\u00e1ximo certamen continental.<\/strong><\/p>\n<p><strong>Los representantes de la Asociaci\u00f3n del F\u00fatbol Argentino estar\u00e1n distribuidos en todos los bombos.<\/strong>\u00a0Estudiantes de La Plata y Lan\u00fas compartir\u00e1n el Bombo 2, mientras que Rosario Central formar\u00e1 parte del Bombo 3.<\/p>\n<p>En tanto,\u00a0<strong>Independiente Rivadavia y Platense ocupar\u00e1n un lugar en el Bombo 4<\/strong>, reservado para los equipos de menor coeficiente y los que provengan de las fases preliminares.<\/p>\n<h6><em><strong>Del archivo:\u00a0<a href=\"https:\/\/informelitoral.com.ar\/mercado-de-pases-boca-juniors-inicio-gestiones-formales-para-contratar-a-miguel-borja\/\" target=\"_blank\" rel=\"noopener\">Mercado de pases: Boca Juniors inici\u00f3 gestiones formales para contratar a Miguel Borja<\/a><\/strong><\/em><\/h6>\n<p>En lo m\u00e1s alto de la grilla,\u00a0<strong>Boca compartir\u00e1 el Bombo 1 con potencias como Flamengo, Palmeiras y Fluminense de Brasil, adem\u00e1s de Pe\u00f1arol y Nacional de Uruguay, Liga de Quito e Independiente del Valle de Ecuador.<\/strong>\u00a0Este lugar privilegiado le permitir\u00e1 al \u201cXeneize\u201d evitar a los principales candidatos en la fase inicial del torneo.<\/p>\n<p>El Bombo 2, donde estar\u00e1n\u00a0<strong>Estudiantes y Lan\u00fas<\/strong>, tendr\u00e1 tambi\u00e9n a equipos de peso como\u00a0<strong>Corinthians, Cruzeiro<\/strong>\u00a0y Cerro Porte\u00f1o, lo que anticipa posibles grupos exigentes.<\/p>\n<p>Por su parte,\u00a0<strong>el Bombo 3 contar\u00e1 con Rosario Central junto a clubes como Junior de Colombia, Universidad Cat\u00f3lica de Chile e Independiente Santa Fe<\/strong>, mientras que el Bombo 4 incluir\u00e1 a Platense, Independiente Rivadavia y cuatro equipos surgidos de las fases previas.<\/p>\n<p>En ese camino aparece Argentinos Juniors, que iniciar\u00e1 su participaci\u00f3n en la Fase 2 de las preliminares. Si el \u201cBicho\u201d logra superar a Barcelona de Ecuador y luego avanza en la Fase 3, se meter\u00e1 en la fase de grupos y\u00a0<strong>pasar\u00e1 a integrar el Bombo 4, completando as\u00ed la n\u00f3mina de equipos argentinos en la Libertadores 2026.\u00a0<\/strong><\/p>\n<h2 class=\"wp-block-heading\"><strong>Todos los bombos de la Copa Libertadores 2026<\/strong><\/h2>\n<p><strong>Bombo 1<\/strong><\/p>\n<ul class=\"wp-block-list\">\n<li>Boca<\/li>\n<li>Flamengo<\/li>\n<li>Palmeiras<\/li>\n<li>Pe\u00f1arol<\/li>\n<li>Nacional de Uruguay<\/li>\n<li>Liga de Quito<\/li>\n<li>Fluminense<\/li>\n<li>Independiente del Valle<\/li>\n<\/ul>\n<p><strong>Bombo 2<\/strong>__IP__<\/p>\n<ul class=\"wp-block-list\">\n<li>Estudiantes de La Plata<\/li>\n<li>Lan\u00fas<\/li>\n<li>Corinthians<\/li>\n<li>Libertad de Paraguay<\/li>\n<li>Bol\u00edvar<\/li>\n<li>Cruzeiro<\/li>\n<li>Cerro Porte\u00f1o<\/li>\n<li>Universitario de Per\u00fa<\/li>\n<\/ul>\n<p><strong>Bombo 3<\/strong><\/p>\n<ul class=\"wp-block-list\">\n<li>Rosario Central<\/li>\n<li>Junior de Colombia<\/li>\n<li>Universidad Cat\u00f3lica de Chile<\/li>\n<li>Independiente Santa Fe<\/li>\n<li>Always Ready<\/li>\n<li>Coquimbo Unido<\/li>\n<li>Deportivo La Guaira<\/li>\n<li>Cusco<\/li>\n<\/ul>\n<p><strong>Bombo 4<\/strong><\/p>\n<ul class=\"wp-block-list\">\n<li>Platense<\/li>\n<li>Independiente Rivadavia<\/li>\n<li>Universidad Central de Venezuela<\/li>\n<li>Mirassol<\/li>\n<li>Fase previa<\/li>\n<li>Fase previa<\/li>\n<li>Fase previa<\/li>\n<li>Fase previa<\/li>\n<\/ul>\n","protected":false},"excerpt":{"rendered":"<p>Boca ser\u00e1 el \u00fanico argentino cabeza de serie, mientras que el resto de los equipos de AFA se repartir\u00e1 en los cuatro bombos del certamen continental.<\/p>\n","protected":false},"author":8,"featured_media":244742,"comment_status":"open","ping_status":"open","sticky":false,"template":"","format":"standard","meta":{"fifu_image_url":"https:\/\/www.ole.com.ar\/images\/2025\/12\/21\/HRhH42SiL_1260x560__2.jpg#1766370060960","fifu_image_alt":"","footnotes":""},"categories":[13],"tags":[384,2277,400],"class_list":{"0":"post-244741","1":"post","2":"type-post","3":"status-publish","4":"format-standard","5":"has-post-thumbnail","7":"category-deportes","8":"tag-boca-juniors","9":"tag-conmebol","10":"tag-copa-libertadores"},"yoast_head":"<title>Conmebol oficializ\u00f3 los bombos para la Copa Libertadores 2026 - Informe Litoral<\/title>\n<meta name=\"robots\" content=\"index, follow, max-snippet:-1, max-image-preview:large, max-video-preview:-1\" \/>\n<link rel=\"canonical\" href=\"https:\/\/informelitoral.com.ar\/conmebol-oficializo-los-bombos-para-la-copa-libertadores-2026\/\" \/>\n<meta property=\"og:locale\" content=\"es_ES\" \/>\n<meta property=\"og:type\" content=\"article\" \/>\n<meta property=\"og:title\" content=\"Conmebol oficializ\u00f3 los bombos para la Copa Libertadores 2026 - Informe Litoral\" \/>\n<meta property=\"og:description\" content=\"Boca ser\u00e1 el \u00fanico argentino cabeza de serie, mientras que el resto de los equipos de AFA se repartir\u00e1 en los cuatro bombos del certamen continental.\" \/>\n<meta property=\"og:url\" content=\"https:\/\/informelitoral.com.ar\/conmebol-oficializo-los-bombos-para-la-copa-libertadores-2026\/\" \/>\n<meta property=\"og:site_name\" content=\"Informe Litoral\" \/>\n<meta property=\"article:publisher\" content=\"https:\/\/www.facebook.com\/informelitoral\/\" \/>\n<meta property=\"article:published_time\" content=\"2025-12-23T14:48:01+00:00\" \/>\n<meta property=\"article:modified_time\" content=\"2025-12-23T17:32:02+00:00\" \/>\n<meta property=\"og:image\" content=\"https:\/\/www.ole.com.ar\/images\/2025\/12\/21\/HRhH42SiL_1260x560__2.jpg#1766370060960\" \/>\n<meta name=\"author\" content=\"Sebastian\" \/>\n<meta name=\"twitter:card\" content=\"summary_large_image\" \/>\n<meta name=\"twitter:image\" content=\"https:\/\/www.ole.com.ar\/images\/2025\/12\/21\/HRhH42SiL_1260x560__2.jpg#1766370060960\" \/>\n<meta name=\"twitter:creator\" content=\"@InformeLitoral\" \/>\n<meta name=\"twitter:site\" content=\"@InformeLitoral\" \/>\n<meta name=\"twitter:label1\" content=\"Escrito por\" \/>\n\t<meta name=\"twitter:data1\" content=\"Sebastian\" \/>\n\t<meta name=\"twitter:label2\" content=\"Tiempo de lectura\" \/>\n\t<meta name=\"twitter:data2\" content=\"3 minutos\" \/>\n<script type=\"application\/ld+json\" class=\"yoast-schema-graph\">{\"@context\":\"https:\\\/\\\/schema.org\",\"@graph\":[{\"@type\":\"Article\",\"@id\":\"https:\\\/\\\/informelitoral.com.ar\\\/conmebol-oficializo-los-bombos-para-la-copa-libertadores-2026\\\/#article\",\"isPartOf\":{\"@id\":\"https:\\\/\\\/informelitoral.com.ar\\\/conmebol-oficializo-los-bombos-para-la-copa-libertadores-2026\\\/\"},\"author\":{\"name\":\"Sebastian\",\"@id\":\"https:\\\/\\\/informelitoral.com.ar\\\/#\\\/schema\\\/person\\\/f05f9f461677119578717524b127d6d5\"},\"headline\":\"Conmebol oficializ\u00f3 los bombos para la Copa Libertadores 2026\",\"datePublished\":\"2025-12-23T14:48:01+00:00\",\"dateModified\":\"2025-12-23T17:32:02+00:00\",\"mainEntityOfPage\":{\"@id\":\"https:\\\/\\\/informelitoral.com.ar\\\/conmebol-oficializo-los-bombos-para-la-copa-libertadores-2026\\\/\"},\"wordCount\":408,\"commentCount\":0,\"publisher\":{\"@id\":\"https:\\\/\\\/informelitoral.com.ar\\\/#organization\"},\"image\":{\"@id\":\"https:\\\/\\\/informelitoral.com.ar\\\/conmebol-oficializo-los-bombos-para-la-copa-libertadores-2026\\\/#primaryimage\"},\"thumbnailUrl\":\"https:\\\/\\\/www.ole.com.ar\\\/images\\\/2025\\\/12\\\/21\\\/HRhH42SiL_1260x560__2.jpg#1766370060960\",\"keywords\":[\"Boca Juniors\",\"Conmebol\",\"Copa Libertadores\"],\"articleSection\":[\"Deportes\"],\"inLanguage\":\"es\",\"potentialAction\":[{\"@type\":\"CommentAction\",\"name\":\"Comment\",\"target\":[\"https:\\\/\\\/informelitoral.com.ar\\\/conmebol-oficializo-los-bombos-para-la-copa-libertadores-2026\\\/#respond\"]}]},{\"@type\":\"WebPage\",\"@id\":\"https:\\\/\\\/informelitoral.com.ar\\\/conmebol-oficializo-los-bombos-para-la-copa-libertadores-2026\\\/\",\"url\":\"https:\\\/\\\/informelitoral.com.ar\\\/conmebol-oficializo-los-bombos-para-la-copa-libertadores-2026\\\/\",\"name\":\"Conmebol oficializ\u00f3 los bombos para la Copa Libertadores 2026 - Informe Litoral\",\"isPartOf\":{\"@id\":\"https:\\\/\\\/informelitoral.com.ar\\\/#website\"},\"primaryImageOfPage\":{\"@id\":\"https:\\\/\\\/informelitoral.com.ar\\\/conmebol-oficializo-los-bombos-para-la-copa-libertadores-2026\\\/#primaryimage\"},\"image\":{\"@id\":\"https:\\\/\\\/informelitoral.com.ar\\\/conmebol-oficializo-los-bombos-para-la-copa-libertadores-2026\\\/#primaryimage\"},\"thumbnailUrl\":\"https:\\\/\\\/www.ole.com.ar\\\/images\\\/2025\\\/12\\\/21\\\/HRhH42SiL_1260x560__2.jpg#1766370060960\",\"datePublished\":\"2025-12-23T14:48:01+00:00\",\"dateModified\":\"2025-12-23T17:32:02+00:00\",\"breadcrumb\":{\"@id\":\"https:\\\/\\\/informelitoral.com.ar\\\/conmebol-oficializo-los-bombos-para-la-copa-libertadores-2026\\\/#breadcrumb\"},\"inLanguage\":\"es\",\"potentialAction\":[{\"@type\":\"ReadAction\",\"target\":[\"https:\\\/\\\/informelitoral.com.ar\\\/conmebol-oficializo-los-bombos-para-la-copa-libertadores-2026\\\/\"]}]},{\"@type\":\"ImageObject\",\"inLanguage\":\"es\",\"@id\":\"https:\\\/\\\/informelitoral.com.ar\\\/conmebol-oficializo-los-bombos-para-la-copa-libertadores-2026\\\/#primaryimage\",\"url\":\"https:\\\/\\\/www.ole.com.ar\\\/images\\\/2025\\\/12\\\/21\\\/HRhH42SiL_1260x560__2.jpg#1766370060960\",\"contentUrl\":\"https:\\\/\\\/www.ole.com.ar\\\/images\\\/2025\\\/12\\\/21\\\/HRhH42SiL_1260x560__2.jpg#1766370060960\",\"width\":\"1230\",\"height\":\"560\"},{\"@type\":\"BreadcrumbList\",\"@id\":\"https:\\\/\\\/informelitoral.com.ar\\\/conmebol-oficializo-los-bombos-para-la-copa-libertadores-2026\\\/#breadcrumb\",\"itemListElement\":[{\"@type\":\"ListItem\",\"position\":1,\"name\":\"Portada\",\"item\":\"https:\\\/\\\/informelitoral.com.ar\\\/\"},{\"@type\":\"ListItem\",\"position\":2,\"name\":\"Conmebol oficializ\u00f3 los bombos para la Copa Libertadores 2026\"}]},{\"@type\":\"WebSite\",\"@id\":\"https:\\\/\\\/informelitoral.com.ar\\\/#website\",\"url\":\"https:\\\/\\\/informelitoral.com.ar\\\/\",\"name\":\"Informe Litoral\",\"description\":\"&quot;Nos informamos&quot; \",\"publisher\":{\"@id\":\"https:\\\/\\\/informelitoral.com.ar\\\/#organization\"},\"potentialAction\":[{\"@type\":\"SearchAction\",\"target\":{\"@type\":\"EntryPoint\",\"urlTemplate\":\"https:\\\/\\\/informelitoral.com.ar\\\/?s={search_term_string}\"},\"query-input\":{\"@type\":\"PropertyValueSpecification\",\"valueRequired\":true,\"valueName\":\"search_term_string\"}}],\"inLanguage\":\"es\"},{\"@type\":\"Organization\",\"@id\":\"https:\\\/\\\/informelitoral.com.ar\\\/#organization\",\"name\":\"Informe Litoral\",\"url\":\"https:\\\/\\\/informelitoral.com.ar\\\/\",\"logo\":{\"@type\":\"ImageObject\",\"inLanguage\":\"es\",\"@id\":\"https:\\\/\\\/informelitoral.com.ar\\\/#\\\/schema\\\/logo\\\/image\\\/\",\"url\":\"https:\\\/\\\/informelitoral.com.ar\\\/%77%70%2d%63%6f%6e%74%65%6e%74\\\/uploads\\\/2021\\\/01\\\/circulo.png\",\"contentUrl\":\"https:\\\/\\\/informelitoral.com.ar\\\/%77%70%2d%63%6f%6e%74%65%6e%74\\\/uploads\\\/2021\\\/01\\\/circulo.png\",\"width\":723,\"height\":731,\"caption\":\"Informe Litoral\"},\"image\":{\"@id\":\"https:\\\/\\\/informelitoral.com.ar\\\/#\\\/schema\\\/logo\\\/image\\\/\"},\"sameAs\":[\"https:\\\/\\\/www.facebook.com\\\/informelitoral\\\/\",\"https:\\\/\\\/x.com\\\/InformeLitoral\",\"https:\\\/\\\/www.instagram.com\\\/informelitoral\\\/\",\"https:\\\/\\\/www.youtube.com\\\/channel\\\/UCua4Qvz8Icb6MYqhoq9xLXw\"]},{\"@type\":\"Person\",\"@id\":\"https:\\\/\\\/informelitoral.com.ar\\\/#\\\/schema\\\/person\\\/f05f9f461677119578717524b127d6d5\",\"name\":\"Sebastian\",\"image\":{\"@type\":\"ImageObject\",\"inLanguage\":\"es\",\"@id\":\"https:\\\/\\\/secure.gravatar.com\\\/avatar\\\/b71bf7481d447dfb9583c7f2798e7cc64de6efb9067b74633ed8c31059a3bd82?s=96&d=mm&r=g\",\"url\":\"https:\\\/\\\/secure.gravatar.com\\\/avatar\\\/b71bf7481d447dfb9583c7f2798e7cc64de6efb9067b74633ed8c31059a3bd82?s=96&d=mm&r=g\",\"contentUrl\":\"https:\\\/\\\/secure.gravatar.com\\\/avatar\\\/b71bf7481d447dfb9583c7f2798e7cc64de6efb9067b74633ed8c31059a3bd82?s=96&d=mm&r=g\",\"caption\":\"Sebastian\"},\"url\":\"https:\\\/\\\/informelitoral.com.ar\\\/author\\\/sebastian\\\/\"}]}<\/script>","yoast_head_json":{"title":"Conmebol oficializ\u00f3 los bombos para la Copa Libertadores 2026 - Informe Litoral","robots":{"index":"index","follow":"follow","max-snippet":"max-snippet:-1","max-image-preview":"max-image-preview:large","max-video-preview":"max-video-preview:-1"},"canonical":"https:\/\/informelitoral.com.ar\/conmebol-oficializo-los-bombos-para-la-copa-libertadores-2026\/","og_locale":"es_ES","og_type":"article","og_title":"Conmebol oficializ\u00f3 los bombos para la Copa Libertadores 2026 - Informe Litoral","og_description":"Boca ser\u00e1 el \u00fanico argentino cabeza de serie, mientras que el resto de los equipos de AFA se repartir\u00e1 en los cuatro bombos del certamen continental.","og_url":"https:\/\/informelitoral.com.ar\/conmebol-oficializo-los-bombos-para-la-copa-libertadores-2026\/","og_site_name":"Informe Litoral","article_publisher":"https:\/\/www.facebook.com\/informelitoral\/","article_published_time":"2025-12-23T14:48:01+00:00","article_modified_time":"2025-12-23T17:32:02+00:00","og_image":[{"url":"https:\/\/www.ole.com.ar\/images\/2025\/12\/21\/HRhH42SiL_1260x560__2.jpg#1766370060960","type":"","width":"","height":""}],"author":"Sebastian","twitter_card":"summary_large_image","twitter_image":"https:\/\/www.ole.com.ar\/images\/2025\/12\/21\/HRhH42SiL_1260x560__2.jpg#1766370060960","twitter_creator":"@InformeLitoral","twitter_site":"@InformeLitoral","twitter_misc":{"Escrito por":"Sebastian","Tiempo de lectura":"3 minutos"},"schema":{"@context":"https:\/\/schema.org","@graph":[{"@type":"Article","@id":"https:\/\/informelitoral.com.ar\/conmebol-oficializo-los-bombos-para-la-copa-libertadores-2026\/#article","isPartOf":{"@id":"https:\/\/informelitoral.com.ar\/conmebol-oficializo-los-bombos-para-la-copa-libertadores-2026\/"},"author":{"name":"Sebastian","@id":"https:\/\/informelitoral.com.ar\/#\/schema\/person\/f05f9f461677119578717524b127d6d5"},"headline":"Conmebol oficializ\u00f3 los bombos para la Copa Libertadores 2026","datePublished":"2025-12-23T14:48:01+00:00","dateModified":"2025-12-23T17:32:02+00:00","mainEntityOfPage":{"@id":"https:\/\/informelitoral.com.ar\/conmebol-oficializo-los-bombos-para-la-copa-libertadores-2026\/"},"wordCount":408,"commentCount":0,"publisher":{"@id":"https:\/\/informelitoral.com.ar\/#organization"},"image":{"@id":"https:\/\/informelitoral.com.ar\/conmebol-oficializo-los-bombos-para-la-copa-libertadores-2026\/#primaryimage"},"thumbnailUrl":"https:\/\/www.ole.com.ar\/images\/2025\/12\/21\/HRhH42SiL_1260x560__2.jpg#1766370060960","keywords":["Boca Juniors","Conmebol","Copa Libertadores"],"articleSection":["Deportes"],"inLanguage":"es","potentialAction":[{"@type":"CommentAction","name":"Comment","target":["https:\/\/informelitoral.com.ar\/conmebol-oficializo-los-bombos-para-la-copa-libertadores-2026\/#respond"]}]},{"@type":"WebPage","@id":"https:\/\/informelitoral.com.ar\/conmebol-oficializo-los-bombos-para-la-copa-libertadores-2026\/","url":"https:\/\/informelitoral.com.ar\/conmebol-oficializo-los-bombos-para-la-copa-libertadores-2026\/","name":"Conmebol oficializ\u00f3 los bombos para la Copa Libertadores 2026 - Informe Litoral","isPartOf":{"@id":"https:\/\/informelitoral.com.ar\/#website"},"primaryImageOfPage":{"@id":"https:\/\/informelitoral.com.ar\/conmebol-oficializo-los-bombos-para-la-copa-libertadores-2026\/#primaryimage"},"image":{"@id":"https:\/\/informelitoral.com.ar\/conmebol-oficializo-los-bombos-para-la-copa-libertadores-2026\/#primaryimage"},"thumbnailUrl":"https:\/\/www.ole.com.ar\/images\/2025\/12\/21\/HRhH42SiL_1260x560__2.jpg#1766370060960","datePublished":"2025-12-23T14:48:01+00:00","dateModified":"2025-12-23T17:32:02+00:00","breadcrumb":{"@id":"https:\/\/informelitoral.com.ar\/conmebol-oficializo-los-bombos-para-la-copa-libertadores-2026\/#breadcrumb"},"inLanguage":"es","potentialAction":[{"@type":"ReadAction","target":["https:\/\/informelitoral.com.ar\/conmebol-oficializo-los-bombos-para-la-copa-libertadores-2026\/"]}]},{"@type":"ImageObject","inLanguage":"es","@id":"https:\/\/informelitoral.com.ar\/conmebol-oficializo-los-bombos-para-la-copa-libertadores-2026\/#primaryimage","url":"https:\/\/www.ole.com.ar\/images\/2025\/12\/21\/HRhH42SiL_1260x560__2.jpg#1766370060960","contentUrl":"https:\/\/www.ole.com.ar\/images\/2025\/12\/21\/HRhH42SiL_1260x560__2.jpg#1766370060960","width":"1230","height":"560"},{"@type":"BreadcrumbList","@id":"https:\/\/informelitoral.com.ar\/conmebol-oficializo-los-bombos-para-la-copa-libertadores-2026\/#breadcrumb","itemListElement":[{"@type":"ListItem","position":1,"name":"Portada","item":"https:\/\/informelitoral.com.ar\/"},{"@type":"ListItem","position":2,"name":"Conmebol oficializ\u00f3 los bombos para la Copa Libertadores 2026"}]},{"@type":"WebSite","@id":"https:\/\/informelitoral.com.ar\/#website","url":"https:\/\/informelitoral.com.ar\/","name":"Informe Litoral","description":"&quot;Nos informamos&quot; ","publisher":{"@id":"https:\/\/informelitoral.com.ar\/#organization"},"potentialAction":[{"@type":"SearchAction","target":{"@type":"EntryPoint","urlTemplate":"https:\/\/informelitoral.com.ar\/?s={search_term_string}"},"query-input":{"@type":"PropertyValueSpecification","valueRequired":true,"valueName":"search_term_string"}}],"inLanguage":"es"},{"@type":"Organization","@id":"https:\/\/informelitoral.com.ar\/#organization","name":"Informe Litoral","url":"https:\/\/informelitoral.com.ar\/","logo":{"@type":"ImageObject","inLanguage":"es","@id":"https:\/\/informelitoral.com.ar\/#\/schema\/logo\/image\/","url":"https:\/\/informelitoral.com.ar\/%77%70%2d%63%6f%6e%74%65%6e%74\/uploads\/2021\/01\/circulo.png","contentUrl":"https:\/\/informelitoral.com.ar\/%77%70%2d%63%6f%6e%74%65%6e%74\/uploads\/2021\/01\/circulo.png","width":723,"height":731,"caption":"Informe Litoral"},"image":{"@id":"https:\/\/informelitoral.com.ar\/#\/schema\/logo\/image\/"},"sameAs":["https:\/\/www.facebook.com\/informelitoral\/","https:\/\/x.com\/InformeLitoral","https:\/\/www.instagram.com\/informelitoral\/","https:\/\/www.youtube.com\/channel\/UCua4Qvz8Icb6MYqhoq9xLXw"]},{"@type":"Person","@id":"https:\/\/informelitoral.com.ar\/#\/schema\/person\/f05f9f461677119578717524b127d6d5","name":"Sebastian","image":{"@type":"ImageObject","inLanguage":"es","@id":"https:\/\/secure.gravatar.com\/avatar\/b71bf7481d447dfb9583c7f2798e7cc64de6efb9067b74633ed8c31059a3bd82?s=96&d=mm&r=g","url":"https:\/\/secure.gravatar.com\/avatar\/b71bf7481d447dfb9583c7f2798e7cc64de6efb9067b74633ed8c31059a3bd82?s=96&d=mm&r=g","contentUrl":"https:\/\/secure.gravatar.com\/avatar\/b71bf7481d447dfb9583c7f2798e7cc64de6efb9067b74633ed8c31059a3bd82?s=96&d=mm&r=g","caption":"Sebastian"},"url":"https:\/\/informelitoral.com.ar\/author\/sebastian\/"}]}},"fifu_image_url":"https:\/\/www.ole.com.ar\/images\/2025\/12\/21\/HRhH42SiL_1260x560__2.jpg#1766370060960","_links":{"self":[{"href":"https:\/\/informelitoral.com.ar\/%77%70%2d%6a%73%6f%6e\/wp\/v2\/posts\/244741","targetHints":{"allow":["GET"]}}],"collection":[{"href":"https:\/\/informelitoral.com.ar\/%77%70%2d%6a%73%6f%6e\/wp\/v2\/posts"}],"about":[{"href":"https:\/\/informelitoral.com.ar\/%77%70%2d%6a%73%6f%6e\/wp\/v2\/types\/post"}],"author":[{"embeddable":true,"href":"https:\/\/informelitoral.com.ar\/%77%70%2d%6a%73%6f%6e\/wp\/v2\/users\/8"}],"replies":[{"embeddable":true,"href":"https:\/\/informelitoral.com.ar\/%77%70%2d%6a%73%6f%6e\/wp\/v2\/comments?post=244741"}],"version-history":[{"count":4,"href":"https:\/\/informelitoral.com.ar\/%77%70%2d%6a%73%6f%6e\/wp\/v2\/posts\/244741\/revisions"}],"predecessor-version":[{"id":244768,"href":"https:\/\/informelitoral.com.ar\/%77%70%2d%6a%73%6f%6e\/wp\/v2\/posts\/244741\/revisions\/244768"}],"wp:featuredmedia":[{"embeddable":true,"href":"https:\/\/informelitoral.com.ar\/%77%70%2d%6a%73%6f%6e\/wp\/v2\/media\/244742"}],"wp:attachment":[{"href":"https:\/\/informelitoral.com.ar\/%77%70%2d%6a%73%6f%6e\/wp\/v2\/media?parent=244741"}],"wp:term":[{"taxonomy":"category","embeddable":true,"href":"https:\/\/informelitoral.com.ar\/%77%70%2d%6a%73%6f%6e\/wp\/v2\/categories?post=244741"},{"taxonomy":"post_tag","embeddable":true,"href":"https:\/\/informelitoral.com.ar\/%77%70%2d%6a%73%6f%6e\/wp\/v2\/tags?post=244741"}],"curies":[{"name":"wp","href":"https:\/\/api.w.org\/{rel}","templated":true}]}}