{"id":244735,"date":"2025-12-23T11:40:10","date_gmt":"2025-12-23T14:40:10","guid":{"rendered":"https:\/\/informelitoral.com.ar\/?p=244735"},"modified":"2025-12-23T11:42:18","modified_gmt":"2025-12-23T14:42:18","slug":"navidad-y-ano-nuevo-las-estaciones-de-servicio-cerraran-durante-la-noche","status":"publish","type":"post","link":"https:\/\/informelitoral.com.ar\/navidad-y-ano-nuevo-las-estaciones-de-servicio-cerraran-durante-la-noche\/","title":{"rendered":"Navidad y A\u00f1o Nuevo: las estaciones de servicio cerrar\u00e1n durante la noche"},"content":{"rendered":"<p data-path-to-node=\"2\">Como es habitual durante las festividades de fin de a\u00f1o, las estaciones de servicio de todo el territorio nacional operar\u00e1n bajo un cronograma especial. La medida, confirmada por la Confederaci\u00f3n de Entidades del Comercio de Hidrocarburos y Afines de la Rep\u00fablica Argentina (CECHA), establece el cierre temporal de los puntos de carga durante las noches de Navidad y A\u00f1o Nuevo.<\/p>\n<p data-path-to-node=\"2\"><a href=\"https:\/\/informelitoral.com.ar\/%77%70%2d%63%6f%6e%74%65%6e%74\/uploads\/2022\/06\/ypf-combustibles-2-1140x570-1.jpg\"><img loading=\"lazy\" decoding=\"async\" class=\"alignnone size-full wp-image-80707\" src=\"https:\/\/informelitoral.com.ar\/%77%70%2d%63%6f%6e%74%65%6e%74\/uploads\/2022\/06\/ypf-combustibles-2-1140x570-1.jpg\" alt=\"\" width=\"1140\" height=\"570\" srcset=\"https:\/\/informelitoral.com.ar\/%77%70%2d%63%6f%6e%74%65%6e%74\/uploads\/2022\/06\/ypf-combustibles-2-1140x570-1.jpg 1140w, https:\/\/informelitoral.com.ar\/%77%70%2d%63%6f%6e%74%65%6e%74\/uploads\/2022\/06\/ypf-combustibles-2-1140x570-1-300x150.jpg 300w, https:\/\/informelitoral.com.ar\/%77%70%2d%63%6f%6e%74%65%6e%74\/uploads\/2022\/06\/ypf-combustibles-2-1140x570-1-1024x512.jpg 1024w, https:\/\/informelitoral.com.ar\/%77%70%2d%63%6f%6e%74%65%6e%74\/uploads\/2022\/06\/ypf-combustibles-2-1140x570-1-768x384.jpg 768w, https:\/\/informelitoral.com.ar\/%77%70%2d%63%6f%6e%74%65%6e%74\/uploads\/2022\/06\/ypf-combustibles-2-1140x570-1-696x348.jpg 696w, https:\/\/informelitoral.com.ar\/%77%70%2d%63%6f%6e%74%65%6e%74\/uploads\/2022\/06\/ypf-combustibles-2-1140x570-1-1068x534.jpg 1068w, https:\/\/informelitoral.com.ar\/%77%70%2d%63%6f%6e%74%65%6e%74\/uploads\/2022\/06\/ypf-combustibles-2-1140x570-1-840x420.jpg 840w\" sizes=\"auto, (max-width: 1140px) 100vw, 1140px\" \/><\/a><\/p>\n<p data-path-to-node=\"3\">El esquema tiene como prop\u00f3sito permitir el descanso de los trabajadores del sector, en cumplimiento con los convenios colectivos de trabajo vigentes, garantizando que el personal pueda celebrar las festividades junto a sus familias.<\/p>\n<h2 data-path-to-node=\"4\"><b data-path-to-node=\"4\" data-index-in-node=\"0\">D\u00edas y horarios del cronograma especial<\/b><\/h2>\n<p data-path-to-node=\"5\">La interrupci\u00f3n del servicio se aplicar\u00e1 de manera uniforme en dos etapas:<\/p>\n<ul data-path-to-node=\"6\">\n<li>\n<p data-path-to-node=\"6,0,0\"><b data-path-to-node=\"6,0,0\" data-index-in-node=\"0\">Nochebuena y Navidad:<\/b> Los surtidores dejar\u00e1n de despachar combustible al p\u00fablico general desde las <b data-path-to-node=\"6,0,0\" data-index-in-node=\"99\">22:00 del martes 24 de diciembre<\/b>, retomando la actividad normal a las <b data-path-to-node=\"6,0,0\" data-index-in-node=\"169\">06:00 del mi\u00e9rcoles 25<\/b>.<\/p>\n<\/li>\n<li>\n<p data-path-to-node=\"6,1,0\"><b data-path-to-node=\"6,1,0\" data-index-in-node=\"0\">Nochevieja y A\u00f1o Nuevo:<\/b> El cierre se repetir\u00e1 desde las <b data-path-to-node=\"6,1,0\" data-index-in-node=\"56\">22:00 del martes 31 de diciembre<\/b> hasta las <b data-path-to-node=\"6,1,0\" data-index-in-node=\"99\">06:00 del mi\u00e9rcoles 1 de enero<\/b>.<\/p>\n<\/li>\n<\/ul>\n<p data-path-to-node=\"7\">Una vez concluidos estos periodos, los establecimientos de todo el pa\u00eds volver\u00e1n a su funcionamiento habitual de 24 horas.<\/p>\n<h2 data-path-to-node=\"8\"><b data-path-to-node=\"8\" data-index-in-node=\"0\">Guardias m\u00ednimas y recomendaciones<\/b><\/h2>\n<p data-path-to-node=\"9\">A pesar del cese de actividades para el p\u00fablico particular, cada estaci\u00f3n de servicio mantendr\u00e1 una <b data-path-to-node=\"9\" data-index-in-node=\"100\">guardia activa<\/b>. Sin embargo, este servicio estar\u00e1 destinado exclusivamente a la atenci\u00f3n de <b data-path-to-node=\"9\" data-index-in-node=\"192\">emergencias<\/b>, permitiendo la carga de combustible \u00fanicamente a ambulancias, unidades de bomberos, patrulleros policiales y otros organismos de asistencia p\u00fablica.<\/p>\n<h6 data-path-to-node=\"9\"><em><strong>Del archivo:\u00a0<a href=\"https:\/\/informelitoral.com.ar\/shell-volvio-a-subir-sus-precios-por-tercera-vez-en-el-mes-en-parana-2\/\" target=\"_blank\" rel=\"noopener\">Shell volvi\u00f3 a subir sus precios por tercera vez en el mes en Paran\u00e1<\/a><\/strong><\/em><\/h6>\n<p data-path-to-node=\"10\">Ante esta situaci\u00f3n, las c\u00e1maras del sector y las autoridades locales recomiendan a los conductores <b data-path-to-node=\"10\" data-index-in-node=\"100\">organizar la carga de combustible con antelaci\u00f3n<\/b>. Se sugiere realizar el abastecimiento preferentemente antes del horario de cierre de las 22:00 para evitar demoras, filas de \u00faltimo momento o quedar sin autonom\u00eda durante los traslados nocturnos hacia las celebraciones.<\/p>\n","protected":false},"excerpt":{"rendered":"<p>Los establecimientos de todo el pa\u00eds interrumpir\u00e1n la atenci\u00f3n al p\u00fablico entre las 22:00 y las 06:00, manteniendo guardias m\u00ednimas exclusivas para servicios de emergencia.<\/p>\n","protected":false},"author":8,"featured_media":85084,"comment_status":"open","ping_status":"open","sticky":false,"template":"","format":"standard","meta":{"fifu_image_url":"","fifu_image_alt":"","footnotes":""},"categories":[1594],"tags":[156,1266,285],"class_list":{"0":"post-244735","1":"post","2":"type-post","3":"status-publish","4":"format-standard","5":"has-post-thumbnail","7":"category-economia","8":"tag-combustibles","9":"tag-navidad","10":"tag-servicios"},"yoast_head":"<title>Navidad y A\u00f1o Nuevo: las estaciones de servicio cerrar\u00e1n durante la noche - Informe Litoral<\/title>\n<meta name=\"robots\" content=\"index, follow, max-snippet:-1, max-image-preview:large, max-video-preview:-1\" \/>\n<link rel=\"canonical\" href=\"https:\/\/informelitoral.com.ar\/navidad-y-ano-nuevo-las-estaciones-de-servicio-cerraran-durante-la-noche\/\" \/>\n<meta property=\"og:locale\" content=\"es_ES\" \/>\n<meta property=\"og:type\" content=\"article\" \/>\n<meta property=\"og:title\" content=\"Navidad y A\u00f1o Nuevo: las estaciones de servicio cerrar\u00e1n durante la noche - Informe Litoral\" \/>\n<meta property=\"og:description\" content=\"Los establecimientos de todo el pa\u00eds interrumpir\u00e1n la atenci\u00f3n al p\u00fablico entre las 22:00 y las 06:00, manteniendo guardias m\u00ednimas exclusivas para servicios de emergencia.\" \/>\n<meta property=\"og:url\" content=\"https:\/\/informelitoral.com.ar\/navidad-y-ano-nuevo-las-estaciones-de-servicio-cerraran-durante-la-noche\/\" \/>\n<meta property=\"og:site_name\" content=\"Informe Litoral\" \/>\n<meta property=\"article:publisher\" content=\"https:\/\/www.facebook.com\/informelitoral\/\" \/>\n<meta property=\"article:published_time\" content=\"2025-12-23T14:40:10+00:00\" \/>\n<meta property=\"article:modified_time\" content=\"2025-12-23T14:42:18+00:00\" \/>\n<meta property=\"og:image\" content=\"https:\/\/informelitoral.com.ar\/%77%70%2d%63%6f%6e%74%65%6e%74\/uploads\/2022\/08\/combustibles-c45ecbe8-focus-0-0-895-573.jpg\" \/>\n\t<meta property=\"og:image:width\" content=\"895\" \/>\n\t<meta property=\"og:image:height\" content=\"573\" \/>\n\t<meta property=\"og:image:type\" content=\"image\/jpeg\" \/>\n<meta name=\"author\" content=\"Sebastian\" \/>\n<meta name=\"twitter:card\" content=\"summary_large_image\" \/>\n<meta name=\"twitter:creator\" content=\"@InformeLitoral\" \/>\n<meta name=\"twitter:site\" content=\"@InformeLitoral\" \/>\n<meta name=\"twitter:label1\" content=\"Escrito por\" \/>\n\t<meta name=\"twitter:data1\" content=\"Sebastian\" \/>\n\t<meta name=\"twitter:label2\" content=\"Tiempo de lectura\" \/>\n\t<meta name=\"twitter:data2\" content=\"2 minutos\" \/>\n<script type=\"application\/ld+json\" class=\"yoast-schema-graph\">{\"@context\":\"https:\\\/\\\/schema.org\",\"@graph\":[{\"@type\":\"Article\",\"@id\":\"https:\\\/\\\/informelitoral.com.ar\\\/navidad-y-ano-nuevo-las-estaciones-de-servicio-cerraran-durante-la-noche\\\/#article\",\"isPartOf\":{\"@id\":\"https:\\\/\\\/informelitoral.com.ar\\\/navidad-y-ano-nuevo-las-estaciones-de-servicio-cerraran-durante-la-noche\\\/\"},\"author\":{\"name\":\"Sebastian\",\"@id\":\"https:\\\/\\\/informelitoral.com.ar\\\/#\\\/schema\\\/person\\\/f05f9f461677119578717524b127d6d5\"},\"headline\":\"Navidad y A\u00f1o Nuevo: las estaciones de servicio cerrar\u00e1n durante la noche\",\"datePublished\":\"2025-12-23T14:40:10+00:00\",\"dateModified\":\"2025-12-23T14:42:18+00:00\",\"mainEntityOfPage\":{\"@id\":\"https:\\\/\\\/informelitoral.com.ar\\\/navidad-y-ano-nuevo-las-estaciones-de-servicio-cerraran-durante-la-noche\\\/\"},\"wordCount\":336,\"commentCount\":0,\"publisher\":{\"@id\":\"https:\\\/\\\/informelitoral.com.ar\\\/#organization\"},\"image\":{\"@id\":\"https:\\\/\\\/informelitoral.com.ar\\\/navidad-y-ano-nuevo-las-estaciones-de-servicio-cerraran-durante-la-noche\\\/#primaryimage\"},\"thumbnailUrl\":\"https:\\\/\\\/informelitoral.com.ar\\\/%77%70%2d%63%6f%6e%74%65%6e%74\\\/uploads\\\/2022\\\/08\\\/combustibles-c45ecbe8-focus-0-0-895-573.jpg\",\"keywords\":[\"Combustibles\",\"Navidad\",\"Servicios\"],\"articleSection\":[\"Econom\u00eda\"],\"inLanguage\":\"es\",\"potentialAction\":[{\"@type\":\"CommentAction\",\"name\":\"Comment\",\"target\":[\"https:\\\/\\\/informelitoral.com.ar\\\/navidad-y-ano-nuevo-las-estaciones-de-servicio-cerraran-durante-la-noche\\\/#respond\"]}]},{\"@type\":\"WebPage\",\"@id\":\"https:\\\/\\\/informelitoral.com.ar\\\/navidad-y-ano-nuevo-las-estaciones-de-servicio-cerraran-durante-la-noche\\\/\",\"url\":\"https:\\\/\\\/informelitoral.com.ar\\\/navidad-y-ano-nuevo-las-estaciones-de-servicio-cerraran-durante-la-noche\\\/\",\"name\":\"Navidad y A\u00f1o Nuevo: las estaciones de servicio cerrar\u00e1n durante la noche - Informe Litoral\",\"isPartOf\":{\"@id\":\"https:\\\/\\\/informelitoral.com.ar\\\/#website\"},\"primaryImageOfPage\":{\"@id\":\"https:\\\/\\\/informelitoral.com.ar\\\/navidad-y-ano-nuevo-las-estaciones-de-servicio-cerraran-durante-la-noche\\\/#primaryimage\"},\"image\":{\"@id\":\"https:\\\/\\\/informelitoral.com.ar\\\/navidad-y-ano-nuevo-las-estaciones-de-servicio-cerraran-durante-la-noche\\\/#primaryimage\"},\"thumbnailUrl\":\"https:\\\/\\\/informelitoral.com.ar\\\/%77%70%2d%63%6f%6e%74%65%6e%74\\\/uploads\\\/2022\\\/08\\\/combustibles-c45ecbe8-focus-0-0-895-573.jpg\",\"datePublished\":\"2025-12-23T14:40:10+00:00\",\"dateModified\":\"2025-12-23T14:42:18+00:00\",\"breadcrumb\":{\"@id\":\"https:\\\/\\\/informelitoral.com.ar\\\/navidad-y-ano-nuevo-las-estaciones-de-servicio-cerraran-durante-la-noche\\\/#breadcrumb\"},\"inLanguage\":\"es\",\"potentialAction\":[{\"@type\":\"ReadAction\",\"target\":[\"https:\\\/\\\/informelitoral.com.ar\\\/navidad-y-ano-nuevo-las-estaciones-de-servicio-cerraran-durante-la-noche\\\/\"]}]},{\"@type\":\"ImageObject\",\"inLanguage\":\"es\",\"@id\":\"https:\\\/\\\/informelitoral.com.ar\\\/navidad-y-ano-nuevo-las-estaciones-de-servicio-cerraran-durante-la-noche\\\/#primaryimage\",\"url\":\"https:\\\/\\\/informelitoral.com.ar\\\/%77%70%2d%63%6f%6e%74%65%6e%74\\\/uploads\\\/2022\\\/08\\\/combustibles-c45ecbe8-focus-0-0-895-573.jpg\",\"contentUrl\":\"https:\\\/\\\/informelitoral.com.ar\\\/%77%70%2d%63%6f%6e%74%65%6e%74\\\/uploads\\\/2022\\\/08\\\/combustibles-c45ecbe8-focus-0-0-895-573.jpg\",\"width\":895,\"height\":573},{\"@type\":\"BreadcrumbList\",\"@id\":\"https:\\\/\\\/informelitoral.com.ar\\\/navidad-y-ano-nuevo-las-estaciones-de-servicio-cerraran-durante-la-noche\\\/#breadcrumb\",\"itemListElement\":[{\"@type\":\"ListItem\",\"position\":1,\"name\":\"Portada\",\"item\":\"https:\\\/\\\/informelitoral.com.ar\\\/\"},{\"@type\":\"ListItem\",\"position\":2,\"name\":\"Navidad y A\u00f1o Nuevo: las estaciones de servicio cerrar\u00e1n durante la noche\"}]},{\"@type\":\"WebSite\",\"@id\":\"https:\\\/\\\/informelitoral.com.ar\\\/#website\",\"url\":\"https:\\\/\\\/informelitoral.com.ar\\\/\",\"name\":\"Informe Litoral\",\"description\":\"&quot;Nos informamos&quot; \",\"publisher\":{\"@id\":\"https:\\\/\\\/informelitoral.com.ar\\\/#organization\"},\"potentialAction\":[{\"@type\":\"SearchAction\",\"target\":{\"@type\":\"EntryPoint\",\"urlTemplate\":\"https:\\\/\\\/informelitoral.com.ar\\\/?s={search_term_string}\"},\"query-input\":{\"@type\":\"PropertyValueSpecification\",\"valueRequired\":true,\"valueName\":\"search_term_string\"}}],\"inLanguage\":\"es\"},{\"@type\":\"Organization\",\"@id\":\"https:\\\/\\\/informelitoral.com.ar\\\/#organization\",\"name\":\"Informe Litoral\",\"url\":\"https:\\\/\\\/informelitoral.com.ar\\\/\",\"logo\":{\"@type\":\"ImageObject\",\"inLanguage\":\"es\",\"@id\":\"https:\\\/\\\/informelitoral.com.ar\\\/#\\\/schema\\\/logo\\\/image\\\/\",\"url\":\"https:\\\/\\\/informelitoral.com.ar\\\/%77%70%2d%63%6f%6e%74%65%6e%74\\\/uploads\\\/2021\\\/01\\\/circulo.png\",\"contentUrl\":\"https:\\\/\\\/informelitoral.com.ar\\\/%77%70%2d%63%6f%6e%74%65%6e%74\\\/uploads\\\/2021\\\/01\\\/circulo.png\",\"width\":723,\"height\":731,\"caption\":\"Informe Litoral\"},\"image\":{\"@id\":\"https:\\\/\\\/informelitoral.com.ar\\\/#\\\/schema\\\/logo\\\/image\\\/\"},\"sameAs\":[\"https:\\\/\\\/www.facebook.com\\\/informelitoral\\\/\",\"https:\\\/\\\/x.com\\\/InformeLitoral\",\"https:\\\/\\\/www.instagram.com\\\/informelitoral\\\/\",\"https:\\\/\\\/www.youtube.com\\\/channel\\\/UCua4Qvz8Icb6MYqhoq9xLXw\"]},{\"@type\":\"Person\",\"@id\":\"https:\\\/\\\/informelitoral.com.ar\\\/#\\\/schema\\\/person\\\/f05f9f461677119578717524b127d6d5\",\"name\":\"Sebastian\",\"image\":{\"@type\":\"ImageObject\",\"inLanguage\":\"es\",\"@id\":\"https:\\\/\\\/secure.gravatar.com\\\/avatar\\\/b71bf7481d447dfb9583c7f2798e7cc64de6efb9067b74633ed8c31059a3bd82?s=96&d=mm&r=g\",\"url\":\"https:\\\/\\\/secure.gravatar.com\\\/avatar\\\/b71bf7481d447dfb9583c7f2798e7cc64de6efb9067b74633ed8c31059a3bd82?s=96&d=mm&r=g\",\"contentUrl\":\"https:\\\/\\\/secure.gravatar.com\\\/avatar\\\/b71bf7481d447dfb9583c7f2798e7cc64de6efb9067b74633ed8c31059a3bd82?s=96&d=mm&r=g\",\"caption\":\"Sebastian\"},\"url\":\"https:\\\/\\\/informelitoral.com.ar\\\/author\\\/sebastian\\\/\"}]}<\/script>","yoast_head_json":{"title":"Navidad y A\u00f1o Nuevo: las estaciones de servicio cerrar\u00e1n durante la noche - Informe Litoral","robots":{"index":"index","follow":"follow","max-snippet":"max-snippet:-1","max-image-preview":"max-image-preview:large","max-video-preview":"max-video-preview:-1"},"canonical":"https:\/\/informelitoral.com.ar\/navidad-y-ano-nuevo-las-estaciones-de-servicio-cerraran-durante-la-noche\/","og_locale":"es_ES","og_type":"article","og_title":"Navidad y A\u00f1o Nuevo: las estaciones de servicio cerrar\u00e1n durante la noche - Informe Litoral","og_description":"Los establecimientos de todo el pa\u00eds interrumpir\u00e1n la atenci\u00f3n al p\u00fablico entre las 22:00 y las 06:00, manteniendo guardias m\u00ednimas exclusivas para servicios de emergencia.","og_url":"https:\/\/informelitoral.com.ar\/navidad-y-ano-nuevo-las-estaciones-de-servicio-cerraran-durante-la-noche\/","og_site_name":"Informe Litoral","article_publisher":"https:\/\/www.facebook.com\/informelitoral\/","article_published_time":"2025-12-23T14:40:10+00:00","article_modified_time":"2025-12-23T14:42:18+00:00","og_image":[{"width":895,"height":573,"url":"https:\/\/informelitoral.com.ar\/%77%70%2d%63%6f%6e%74%65%6e%74\/uploads\/2022\/08\/combustibles-c45ecbe8-focus-0-0-895-573.jpg","type":"image\/jpeg"}],"author":"Sebastian","twitter_card":"summary_large_image","twitter_creator":"@InformeLitoral","twitter_site":"@InformeLitoral","twitter_misc":{"Escrito por":"Sebastian","Tiempo de lectura":"2 minutos"},"schema":{"@context":"https:\/\/schema.org","@graph":[{"@type":"Article","@id":"https:\/\/informelitoral.com.ar\/navidad-y-ano-nuevo-las-estaciones-de-servicio-cerraran-durante-la-noche\/#article","isPartOf":{"@id":"https:\/\/informelitoral.com.ar\/navidad-y-ano-nuevo-las-estaciones-de-servicio-cerraran-durante-la-noche\/"},"author":{"name":"Sebastian","@id":"https:\/\/informelitoral.com.ar\/#\/schema\/person\/f05f9f461677119578717524b127d6d5"},"headline":"Navidad y A\u00f1o Nuevo: las estaciones de servicio cerrar\u00e1n durante la noche","datePublished":"2025-12-23T14:40:10+00:00","dateModified":"2025-12-23T14:42:18+00:00","mainEntityOfPage":{"@id":"https:\/\/informelitoral.com.ar\/navidad-y-ano-nuevo-las-estaciones-de-servicio-cerraran-durante-la-noche\/"},"wordCount":336,"commentCount":0,"publisher":{"@id":"https:\/\/informelitoral.com.ar\/#organization"},"image":{"@id":"https:\/\/informelitoral.com.ar\/navidad-y-ano-nuevo-las-estaciones-de-servicio-cerraran-durante-la-noche\/#primaryimage"},"thumbnailUrl":"https:\/\/informelitoral.com.ar\/%77%70%2d%63%6f%6e%74%65%6e%74\/uploads\/2022\/08\/combustibles-c45ecbe8-focus-0-0-895-573.jpg","keywords":["Combustibles","Navidad","Servicios"],"articleSection":["Econom\u00eda"],"inLanguage":"es","potentialAction":[{"@type":"CommentAction","name":"Comment","target":["https:\/\/informelitoral.com.ar\/navidad-y-ano-nuevo-las-estaciones-de-servicio-cerraran-durante-la-noche\/#respond"]}]},{"@type":"WebPage","@id":"https:\/\/informelitoral.com.ar\/navidad-y-ano-nuevo-las-estaciones-de-servicio-cerraran-durante-la-noche\/","url":"https:\/\/informelitoral.com.ar\/navidad-y-ano-nuevo-las-estaciones-de-servicio-cerraran-durante-la-noche\/","name":"Navidad y A\u00f1o Nuevo: las estaciones de servicio cerrar\u00e1n durante la noche - Informe Litoral","isPartOf":{"@id":"https:\/\/informelitoral.com.ar\/#website"},"primaryImageOfPage":{"@id":"https:\/\/informelitoral.com.ar\/navidad-y-ano-nuevo-las-estaciones-de-servicio-cerraran-durante-la-noche\/#primaryimage"},"image":{"@id":"https:\/\/informelitoral.com.ar\/navidad-y-ano-nuevo-las-estaciones-de-servicio-cerraran-durante-la-noche\/#primaryimage"},"thumbnailUrl":"https:\/\/informelitoral.com.ar\/%77%70%2d%63%6f%6e%74%65%6e%74\/uploads\/2022\/08\/combustibles-c45ecbe8-focus-0-0-895-573.jpg","datePublished":"2025-12-23T14:40:10+00:00","dateModified":"2025-12-23T14:42:18+00:00","breadcrumb":{"@id":"https:\/\/informelitoral.com.ar\/navidad-y-ano-nuevo-las-estaciones-de-servicio-cerraran-durante-la-noche\/#breadcrumb"},"inLanguage":"es","potentialAction":[{"@type":"ReadAction","target":["https:\/\/informelitoral.com.ar\/navidad-y-ano-nuevo-las-estaciones-de-servicio-cerraran-durante-la-noche\/"]}]},{"@type":"ImageObject","inLanguage":"es","@id":"https:\/\/informelitoral.com.ar\/navidad-y-ano-nuevo-las-estaciones-de-servicio-cerraran-durante-la-noche\/#primaryimage","url":"https:\/\/informelitoral.com.ar\/%77%70%2d%63%6f%6e%74%65%6e%74\/uploads\/2022\/08\/combustibles-c45ecbe8-focus-0-0-895-573.jpg","contentUrl":"https:\/\/informelitoral.com.ar\/%77%70%2d%63%6f%6e%74%65%6e%74\/uploads\/2022\/08\/combustibles-c45ecbe8-focus-0-0-895-573.jpg","width":895,"height":573},{"@type":"BreadcrumbList","@id":"https:\/\/informelitoral.com.ar\/navidad-y-ano-nuevo-las-estaciones-de-servicio-cerraran-durante-la-noche\/#breadcrumb","itemListElement":[{"@type":"ListItem","position":1,"name":"Portada","item":"https:\/\/informelitoral.com.ar\/"},{"@type":"ListItem","position":2,"name":"Navidad y A\u00f1o Nuevo: las estaciones de servicio cerrar\u00e1n durante la noche"}]},{"@type":"WebSite","@id":"https:\/\/informelitoral.com.ar\/#website","url":"https:\/\/informelitoral.com.ar\/","name":"Informe Litoral","description":"&quot;Nos informamos&quot; ","publisher":{"@id":"https:\/\/informelitoral.com.ar\/#organization"},"potentialAction":[{"@type":"SearchAction","target":{"@type":"EntryPoint","urlTemplate":"https:\/\/informelitoral.com.ar\/?s={search_term_string}"},"query-input":{"@type":"PropertyValueSpecification","valueRequired":true,"valueName":"search_term_string"}}],"inLanguage":"es"},{"@type":"Organization","@id":"https:\/\/informelitoral.com.ar\/#organization","name":"Informe Litoral","url":"https:\/\/informelitoral.com.ar\/","logo":{"@type":"ImageObject","inLanguage":"es","@id":"https:\/\/informelitoral.com.ar\/#\/schema\/logo\/image\/","url":"https:\/\/informelitoral.com.ar\/%77%70%2d%63%6f%6e%74%65%6e%74\/uploads\/2021\/01\/circulo.png","contentUrl":"https:\/\/informelitoral.com.ar\/%77%70%2d%63%6f%6e%74%65%6e%74\/uploads\/2021\/01\/circulo.png","width":723,"height":731,"caption":"Informe Litoral"},"image":{"@id":"https:\/\/informelitoral.com.ar\/#\/schema\/logo\/image\/"},"sameAs":["https:\/\/www.facebook.com\/informelitoral\/","https:\/\/x.com\/InformeLitoral","https:\/\/www.instagram.com\/informelitoral\/","https:\/\/www.youtube.com\/channel\/UCua4Qvz8Icb6MYqhoq9xLXw"]},{"@type":"Person","@id":"https:\/\/informelitoral.com.ar\/#\/schema\/person\/f05f9f461677119578717524b127d6d5","name":"Sebastian","image":{"@type":"ImageObject","inLanguage":"es","@id":"https:\/\/secure.gravatar.com\/avatar\/b71bf7481d447dfb9583c7f2798e7cc64de6efb9067b74633ed8c31059a3bd82?s=96&d=mm&r=g","url":"https:\/\/secure.gravatar.com\/avatar\/b71bf7481d447dfb9583c7f2798e7cc64de6efb9067b74633ed8c31059a3bd82?s=96&d=mm&r=g","contentUrl":"https:\/\/secure.gravatar.com\/avatar\/b71bf7481d447dfb9583c7f2798e7cc64de6efb9067b74633ed8c31059a3bd82?s=96&d=mm&r=g","caption":"Sebastian"},"url":"https:\/\/informelitoral.com.ar\/author\/sebastian\/"}]}},"_links":{"self":[{"href":"https:\/\/informelitoral.com.ar\/%77%70%2d%6a%73%6f%6e\/wp\/v2\/posts\/244735","targetHints":{"allow":["GET"]}}],"collection":[{"href":"https:\/\/informelitoral.com.ar\/%77%70%2d%6a%73%6f%6e\/wp\/v2\/posts"}],"about":[{"href":"https:\/\/informelitoral.com.ar\/%77%70%2d%6a%73%6f%6e\/wp\/v2\/types\/post"}],"author":[{"embeddable":true,"href":"https:\/\/informelitoral.com.ar\/%77%70%2d%6a%73%6f%6e\/wp\/v2\/users\/8"}],"replies":[{"embeddable":true,"href":"https:\/\/informelitoral.com.ar\/%77%70%2d%6a%73%6f%6e\/wp\/v2\/comments?post=244735"}],"version-history":[{"count":2,"href":"https:\/\/informelitoral.com.ar\/%77%70%2d%6a%73%6f%6e\/wp\/v2\/posts\/244735\/revisions"}],"predecessor-version":[{"id":244738,"href":"https:\/\/informelitoral.com.ar\/%77%70%2d%6a%73%6f%6e\/wp\/v2\/posts\/244735\/revisions\/244738"}],"wp:featuredmedia":[{"embeddable":true,"href":"https:\/\/informelitoral.com.ar\/%77%70%2d%6a%73%6f%6e\/wp\/v2\/media\/85084"}],"wp:attachment":[{"href":"https:\/\/informelitoral.com.ar\/%77%70%2d%6a%73%6f%6e\/wp\/v2\/media?parent=244735"}],"wp:term":[{"taxonomy":"category","embeddable":true,"href":"https:\/\/informelitoral.com.ar\/%77%70%2d%6a%73%6f%6e\/wp\/v2\/categories?post=244735"},{"taxonomy":"post_tag","embeddable":true,"href":"https:\/\/informelitoral.com.ar\/%77%70%2d%6a%73%6f%6e\/wp\/v2\/tags?post=244735"}],"curies":[{"name":"wp","href":"https:\/\/api.w.org\/{rel}","templated":true}]}}