{"id":244695,"date":"2025-12-23T09:53:27","date_gmt":"2025-12-23T12:53:27","guid":{"rendered":"https:\/\/informelitoral.com.ar\/?p=244695"},"modified":"2025-12-23T10:06:30","modified_gmt":"2025-12-23T13:06:30","slug":"maria-becerra-y-j-rei-cumplieron-el-sueno-de-presenciar-las-auroras-boreales-en-finlandia","status":"publish","type":"post","link":"https:\/\/informelitoral.com.ar\/maria-becerra-y-j-rei-cumplieron-el-sueno-de-presenciar-las-auroras-boreales-en-finlandia\/","title":{"rendered":"Mar\u00eda Becerra y J Rei cumplieron el sue\u00f1o de presenciar las auroras boreales en Finlandia"},"content":{"rendered":"<p data-path-to-node=\"4\">Luego de un a\u00f1o consagratorio para su carrera, Mar\u00eda Becerra, conocida como \u00abLa Nena de Argentina\u00bb, y su pareja, el rapero J Rei, emprendieron un viaje hacia el norte de Europa en busca de las luces del norte. Los artistas, que cambiaron el verano de Buenos Aires por temperaturas de 20 grados bajo cero, lograron avistar las auroras boreales en su primera noche de expedici\u00f3n.<\/p>\n<div style=\"width: 640px;\" class=\"wp-video\"><video class=\"wp-video-shortcode\" id=\"video-244695-1\" width=\"640\" height=\"360\" preload=\"metadata\" controls=\"controls\"><source type=\"video\/mp4\" src=\"https:\/\/informelitoral.com.ar\/?igd_stream=1&#038;id=1FJYS3ndmmXFiaLF7w2EQZ16LqD1WUktt&#038;account_id=13517026018549357863&#038;ext=.mp4&#038;_=1\" \/><a href=\"https:\/\/informelitoral.com.ar\/?igd_stream=1&#038;id=1FJYS3ndmmXFiaLF7w2EQZ16LqD1WUktt&#038;account_id=13517026018549357863&#038;ext=.mp4\">https:\/\/informelitoral.com.ar\/?igd_stream=1&#038;id=1FJYS3ndmmXFiaLF7w2EQZ16LqD1WUktt&#038;account_id=13517026018549357863&#038;ext=.mp4<\/a><\/video><\/div>\n<p data-path-to-node=\"5\">A trav\u00e9s de sus redes sociales, la pareja comparti\u00f3 im\u00e1genes del fen\u00f3meno, que se manifiesta como cortinas de luz verde y rosa en el cielo nocturno. Becerra destac\u00f3 la dificultad de este avistamiento, ya que depende de factores clim\u00e1ticos y solares espec\u00edficos, mientras que J Rei calific\u00f3 la experiencia como \u00ablas vacaciones de sus sue\u00f1os\u00bb.<\/p>\n<div style=\"width: 640px;\" class=\"wp-video\"><video class=\"wp-video-shortcode\" id=\"video-244695-2\" width=\"640\" height=\"360\" preload=\"metadata\" controls=\"controls\"><source type=\"video\/mp4\" src=\"https:\/\/informelitoral.com.ar\/?igd_stream=1&#038;id=1_Ie-BfEGArPm_PnXX6AN3EOR1ZSaqwHI&#038;account_id=13517026018549357863&#038;ext=.mp4&#038;_=2\" \/><a href=\"https:\/\/informelitoral.com.ar\/?igd_stream=1&#038;id=1_Ie-BfEGArPm_PnXX6AN3EOR1ZSaqwHI&#038;account_id=13517026018549357863&#038;ext=.mp4\">https:\/\/informelitoral.com.ar\/?igd_stream=1&#038;id=1_Ie-BfEGArPm_PnXX6AN3EOR1ZSaqwHI&#038;account_id=13517026018549357863&#038;ext=.mp4<\/a><\/video><\/div>\n<p data-path-to-node=\"7\">Las auroras boreales que la pareja observ\u00f3 resultan de la interacci\u00f3n entre part\u00edculas solares y el campo magn\u00e9tico de la Tierra. Al colisionar con la atm\u00f3sfera a unos cien kil\u00f3metros de altura, generan la luminiscencia caracter\u00edstica de las regiones polares. Para enfrentar el clima extremo de la zona, los m\u00fasicos se mostraron con vestimenta t\u00e9cnica especializada, necesaria para resistir el fr\u00edo polar del \u00c1rtico.<\/p>\n<p data-path-to-node=\"7\"><a href=\"https:\/\/drive.google.com\/thumbnail?id=1gz4sBo1GHQScoqzs1Rb_rr77XZ9a0cPT&amp;sz=w2048\"><img loading=\"lazy\" decoding=\"async\" class=\"wp-image-244700 size-large aligncenter\" src=\"https:\/\/drive.google.com\/thumbnail?id=1gz4sBo1GHQScoqzs1Rb_rr77XZ9a0cPT&amp;sz=w2048-h2048\" alt=\"\" width=\"1024\" height=\"1024\" \/><\/a><\/p>\n<p data-path-to-node=\"9\">Este viaje representa un momento de distensi\u00f3n tras el \u00e9xito rotundo de Becerra en el estadio River Plate, donde se convirti\u00f3 en la primera artista femenina argentina en llenar el Monumental. Durante aquellos conciertos, la pareja hab\u00eda compartido escenario para interpretar \u00abMi Amor\u00bb, consolidando su v\u00ednculo ante miles de personas.<\/p>\n<div style=\"width: 640px;\" class=\"wp-video\"><video class=\"wp-video-shortcode\" id=\"video-244695-3\" width=\"640\" height=\"360\" preload=\"metadata\" controls=\"controls\"><source type=\"video\/mp4\" src=\"https:\/\/informelitoral.com.ar\/?igd_stream=1&#038;id=1FoUbq8JS7FpCPAUus4GolHzG50k35ono&#038;account_id=13517026018549357863&#038;ext=.mp4&#038;_=3\" \/><a href=\"https:\/\/informelitoral.com.ar\/?igd_stream=1&#038;id=1FoUbq8JS7FpCPAUus4GolHzG50k35ono&#038;account_id=13517026018549357863&#038;ext=.mp4\">https:\/\/informelitoral.com.ar\/?igd_stream=1&#038;id=1FoUbq8JS7FpCPAUus4GolHzG50k35ono&#038;account_id=13517026018549357863&#038;ext=.mp4<\/a><\/video><\/div>\n<p data-path-to-node=\"10\">Tras atravesar desaf\u00edos personales de p\u00fablico conocimiento durante el \u00faltimo a\u00f1o, esta traves\u00eda a Finlandia se presenta como un espacio de recuperaci\u00f3n y celebraci\u00f3n para ambos. La pareja continuar\u00e1 su recorrido por el norte europeo antes de retomar sus compromisos profesionales en el pa\u00eds.<\/p>\n","protected":false},"excerpt":{"rendered":"<p>Tras sus hist\u00f3ricos shows en el Estadio River Plate, los artistas viajaron al C\u00edrculo Polar \u00c1rtico para ser testigos de uno de los fen\u00f3menos naturales m\u00e1s exclusivos del mundo.<\/p>\n","protected":false},"author":8,"featured_media":244697,"comment_status":"open","ping_status":"open","sticky":false,"template":"","format":"standard","meta":{"fifu_image_url":"","fifu_image_alt":"","footnotes":""},"categories":[12],"tags":[6330,5144],"class_list":{"0":"post-244695","1":"post","2":"type-post","3":"status-publish","4":"format-standard","5":"has-post-thumbnail","7":"category-espectaculos","8":"tag-finlandia","9":"tag-maria-becerra"},"yoast_head":"<title>Mar\u00eda Becerra y J Rei cumplieron el sue\u00f1o de presenciar las auroras boreales en Finlandia - Informe Litoral<\/title>\n<meta name=\"robots\" content=\"index, follow, max-snippet:-1, max-image-preview:large, max-video-preview:-1\" \/>\n<link rel=\"canonical\" href=\"https:\/\/informelitoral.com.ar\/maria-becerra-y-j-rei-cumplieron-el-sueno-de-presenciar-las-auroras-boreales-en-finlandia\/\" \/>\n<meta property=\"og:locale\" content=\"es_ES\" \/>\n<meta property=\"og:type\" content=\"article\" \/>\n<meta property=\"og:title\" content=\"Mar\u00eda Becerra y J Rei cumplieron el sue\u00f1o de presenciar las auroras boreales en Finlandia - Informe Litoral\" \/>\n<meta property=\"og:description\" content=\"Tras sus hist\u00f3ricos shows en el Estadio River Plate, los artistas viajaron al C\u00edrculo Polar \u00c1rtico para ser testigos de uno de los fen\u00f3menos naturales m\u00e1s exclusivos del mundo.\" \/>\n<meta property=\"og:url\" content=\"https:\/\/informelitoral.com.ar\/maria-becerra-y-j-rei-cumplieron-el-sueno-de-presenciar-las-auroras-boreales-en-finlandia\/\" \/>\n<meta property=\"og:site_name\" content=\"Informe Litoral\" \/>\n<meta property=\"article:publisher\" content=\"https:\/\/www.facebook.com\/informelitoral\/\" \/>\n<meta property=\"article:published_time\" content=\"2025-12-23T12:53:27+00:00\" \/>\n<meta property=\"article:modified_time\" content=\"2025-12-23T13:06:30+00:00\" \/>\n<meta property=\"og:image\" content=\"https:\/\/drive.google.com\/thumbnail?id=1DnXtXaD4w3Ldla0dwq2CqX6ffxnEvUn-&sz=w2048\" \/>\n\t<meta property=\"og:image:width\" content=\"1072\" \/>\n\t<meta property=\"og:image:height\" content=\"1499\" \/>\n\t<meta property=\"og:image:type\" content=\"image\/jpeg\" \/>\n<meta name=\"author\" content=\"Sebastian\" \/>\n<meta name=\"twitter:card\" content=\"summary_large_image\" \/>\n<meta name=\"twitter:creator\" content=\"@InformeLitoral\" \/>\n<meta name=\"twitter:site\" content=\"@InformeLitoral\" \/>\n<meta name=\"twitter:label1\" content=\"Escrito por\" \/>\n\t<meta name=\"twitter:data1\" content=\"Sebastian\" \/>\n\t<meta name=\"twitter:label2\" content=\"Tiempo de lectura\" \/>\n\t<meta name=\"twitter:data2\" content=\"2 minutos\" \/>\n<script type=\"application\/ld+json\" class=\"yoast-schema-graph\">{\"@context\":\"https:\\\/\\\/schema.org\",\"@graph\":[{\"@type\":\"Article\",\"@id\":\"https:\\\/\\\/informelitoral.com.ar\\\/maria-becerra-y-j-rei-cumplieron-el-sueno-de-presenciar-las-auroras-boreales-en-finlandia\\\/#article\",\"isPartOf\":{\"@id\":\"https:\\\/\\\/informelitoral.com.ar\\\/maria-becerra-y-j-rei-cumplieron-el-sueno-de-presenciar-las-auroras-boreales-en-finlandia\\\/\"},\"author\":{\"name\":\"Sebastian\",\"@id\":\"https:\\\/\\\/informelitoral.com.ar\\\/#\\\/schema\\\/person\\\/f05f9f461677119578717524b127d6d5\"},\"headline\":\"Mar\u00eda Becerra y J Rei cumplieron el sue\u00f1o de presenciar las auroras boreales en Finlandia\",\"datePublished\":\"2025-12-23T12:53:27+00:00\",\"dateModified\":\"2025-12-23T13:06:30+00:00\",\"mainEntityOfPage\":{\"@id\":\"https:\\\/\\\/informelitoral.com.ar\\\/maria-becerra-y-j-rei-cumplieron-el-sueno-de-presenciar-las-auroras-boreales-en-finlandia\\\/\"},\"wordCount\":381,\"commentCount\":0,\"publisher\":{\"@id\":\"https:\\\/\\\/informelitoral.com.ar\\\/#organization\"},\"image\":{\"@id\":\"https:\\\/\\\/informelitoral.com.ar\\\/maria-becerra-y-j-rei-cumplieron-el-sueno-de-presenciar-las-auroras-boreales-en-finlandia\\\/#primaryimage\"},\"thumbnailUrl\":\"https:\\\/\\\/drive.google.com\\\/thumbnail?id=1DnXtXaD4w3Ldla0dwq2CqX6ffxnEvUn-&sz=w2048\",\"keywords\":[\"Finlandia\",\"Mar\u00eda Becerra\"],\"articleSection\":[\"Espect\u00e1culos\"],\"inLanguage\":\"es\",\"potentialAction\":[{\"@type\":\"CommentAction\",\"name\":\"Comment\",\"target\":[\"https:\\\/\\\/informelitoral.com.ar\\\/maria-becerra-y-j-rei-cumplieron-el-sueno-de-presenciar-las-auroras-boreales-en-finlandia\\\/#respond\"]}]},{\"@type\":\"WebPage\",\"@id\":\"https:\\\/\\\/informelitoral.com.ar\\\/maria-becerra-y-j-rei-cumplieron-el-sueno-de-presenciar-las-auroras-boreales-en-finlandia\\\/\",\"url\":\"https:\\\/\\\/informelitoral.com.ar\\\/maria-becerra-y-j-rei-cumplieron-el-sueno-de-presenciar-las-auroras-boreales-en-finlandia\\\/\",\"name\":\"Mar\u00eda Becerra y J Rei cumplieron el sue\u00f1o de presenciar las auroras boreales en Finlandia - Informe Litoral\",\"isPartOf\":{\"@id\":\"https:\\\/\\\/informelitoral.com.ar\\\/#website\"},\"primaryImageOfPage\":{\"@id\":\"https:\\\/\\\/informelitoral.com.ar\\\/maria-becerra-y-j-rei-cumplieron-el-sueno-de-presenciar-las-auroras-boreales-en-finlandia\\\/#primaryimage\"},\"image\":{\"@id\":\"https:\\\/\\\/informelitoral.com.ar\\\/maria-becerra-y-j-rei-cumplieron-el-sueno-de-presenciar-las-auroras-boreales-en-finlandia\\\/#primaryimage\"},\"thumbnailUrl\":\"https:\\\/\\\/drive.google.com\\\/thumbnail?id=1DnXtXaD4w3Ldla0dwq2CqX6ffxnEvUn-&sz=w2048\",\"datePublished\":\"2025-12-23T12:53:27+00:00\",\"dateModified\":\"2025-12-23T13:06:30+00:00\",\"breadcrumb\":{\"@id\":\"https:\\\/\\\/informelitoral.com.ar\\\/maria-becerra-y-j-rei-cumplieron-el-sueno-de-presenciar-las-auroras-boreales-en-finlandia\\\/#breadcrumb\"},\"inLanguage\":\"es\",\"potentialAction\":[{\"@type\":\"ReadAction\",\"target\":[\"https:\\\/\\\/informelitoral.com.ar\\\/maria-becerra-y-j-rei-cumplieron-el-sueno-de-presenciar-las-auroras-boreales-en-finlandia\\\/\"]}]},{\"@type\":\"ImageObject\",\"inLanguage\":\"es\",\"@id\":\"https:\\\/\\\/informelitoral.com.ar\\\/maria-becerra-y-j-rei-cumplieron-el-sueno-de-presenciar-las-auroras-boreales-en-finlandia\\\/#primaryimage\",\"url\":\"https:\\\/\\\/drive.google.com\\\/thumbnail?id=1DnXtXaD4w3Ldla0dwq2CqX6ffxnEvUn-&sz=w2048\",\"contentUrl\":\"https:\\\/\\\/drive.google.com\\\/thumbnail?id=1DnXtXaD4w3Ldla0dwq2CqX6ffxnEvUn-&sz=w2048\",\"width\":1072,\"height\":1499},{\"@type\":\"BreadcrumbList\",\"@id\":\"https:\\\/\\\/informelitoral.com.ar\\\/maria-becerra-y-j-rei-cumplieron-el-sueno-de-presenciar-las-auroras-boreales-en-finlandia\\\/#breadcrumb\",\"itemListElement\":[{\"@type\":\"ListItem\",\"position\":1,\"name\":\"Portada\",\"item\":\"https:\\\/\\\/informelitoral.com.ar\\\/\"},{\"@type\":\"ListItem\",\"position\":2,\"name\":\"Mar\u00eda Becerra y J Rei cumplieron el sue\u00f1o de presenciar las auroras boreales en Finlandia\"}]},{\"@type\":\"WebSite\",\"@id\":\"https:\\\/\\\/informelitoral.com.ar\\\/#website\",\"url\":\"https:\\\/\\\/informelitoral.com.ar\\\/\",\"name\":\"Informe Litoral\",\"description\":\"&quot;Nos informamos&quot; \",\"publisher\":{\"@id\":\"https:\\\/\\\/informelitoral.com.ar\\\/#organization\"},\"potentialAction\":[{\"@type\":\"SearchAction\",\"target\":{\"@type\":\"EntryPoint\",\"urlTemplate\":\"https:\\\/\\\/informelitoral.com.ar\\\/?s={search_term_string}\"},\"query-input\":{\"@type\":\"PropertyValueSpecification\",\"valueRequired\":true,\"valueName\":\"search_term_string\"}}],\"inLanguage\":\"es\"},{\"@type\":\"Organization\",\"@id\":\"https:\\\/\\\/informelitoral.com.ar\\\/#organization\",\"name\":\"Informe Litoral\",\"url\":\"https:\\\/\\\/informelitoral.com.ar\\\/\",\"logo\":{\"@type\":\"ImageObject\",\"inLanguage\":\"es\",\"@id\":\"https:\\\/\\\/informelitoral.com.ar\\\/#\\\/schema\\\/logo\\\/image\\\/\",\"url\":\"https:\\\/\\\/informelitoral.com.ar\\\/%77%70%2d%63%6f%6e%74%65%6e%74\\\/uploads\\\/2021\\\/01\\\/circulo.png\",\"contentUrl\":\"https:\\\/\\\/informelitoral.com.ar\\\/%77%70%2d%63%6f%6e%74%65%6e%74\\\/uploads\\\/2021\\\/01\\\/circulo.png\",\"width\":723,\"height\":731,\"caption\":\"Informe Litoral\"},\"image\":{\"@id\":\"https:\\\/\\\/informelitoral.com.ar\\\/#\\\/schema\\\/logo\\\/image\\\/\"},\"sameAs\":[\"https:\\\/\\\/www.facebook.com\\\/informelitoral\\\/\",\"https:\\\/\\\/x.com\\\/InformeLitoral\",\"https:\\\/\\\/www.instagram.com\\\/informelitoral\\\/\",\"https:\\\/\\\/www.youtube.com\\\/channel\\\/UCua4Qvz8Icb6MYqhoq9xLXw\"]},{\"@type\":\"Person\",\"@id\":\"https:\\\/\\\/informelitoral.com.ar\\\/#\\\/schema\\\/person\\\/f05f9f461677119578717524b127d6d5\",\"name\":\"Sebastian\",\"image\":{\"@type\":\"ImageObject\",\"inLanguage\":\"es\",\"@id\":\"https:\\\/\\\/secure.gravatar.com\\\/avatar\\\/b71bf7481d447dfb9583c7f2798e7cc64de6efb9067b74633ed8c31059a3bd82?s=96&d=mm&r=g\",\"url\":\"https:\\\/\\\/secure.gravatar.com\\\/avatar\\\/b71bf7481d447dfb9583c7f2798e7cc64de6efb9067b74633ed8c31059a3bd82?s=96&d=mm&r=g\",\"contentUrl\":\"https:\\\/\\\/secure.gravatar.com\\\/avatar\\\/b71bf7481d447dfb9583c7f2798e7cc64de6efb9067b74633ed8c31059a3bd82?s=96&d=mm&r=g\",\"caption\":\"Sebastian\"},\"url\":\"https:\\\/\\\/informelitoral.com.ar\\\/author\\\/sebastian\\\/\"}]}<\/script>","yoast_head_json":{"title":"Mar\u00eda Becerra y J Rei cumplieron el sue\u00f1o de presenciar las auroras boreales en Finlandia - Informe Litoral","robots":{"index":"index","follow":"follow","max-snippet":"max-snippet:-1","max-image-preview":"max-image-preview:large","max-video-preview":"max-video-preview:-1"},"canonical":"https:\/\/informelitoral.com.ar\/maria-becerra-y-j-rei-cumplieron-el-sueno-de-presenciar-las-auroras-boreales-en-finlandia\/","og_locale":"es_ES","og_type":"article","og_title":"Mar\u00eda Becerra y J Rei cumplieron el sue\u00f1o de presenciar las auroras boreales en Finlandia - Informe Litoral","og_description":"Tras sus hist\u00f3ricos shows en el Estadio River Plate, los artistas viajaron al C\u00edrculo Polar \u00c1rtico para ser testigos de uno de los fen\u00f3menos naturales m\u00e1s exclusivos del mundo.","og_url":"https:\/\/informelitoral.com.ar\/maria-becerra-y-j-rei-cumplieron-el-sueno-de-presenciar-las-auroras-boreales-en-finlandia\/","og_site_name":"Informe Litoral","article_publisher":"https:\/\/www.facebook.com\/informelitoral\/","article_published_time":"2025-12-23T12:53:27+00:00","article_modified_time":"2025-12-23T13:06:30+00:00","og_image":[{"width":1072,"height":1499,"url":"https:\/\/drive.google.com\/thumbnail?id=1DnXtXaD4w3Ldla0dwq2CqX6ffxnEvUn-&sz=w2048","type":"image\/jpeg"}],"author":"Sebastian","twitter_card":"summary_large_image","twitter_creator":"@InformeLitoral","twitter_site":"@InformeLitoral","twitter_misc":{"Escrito por":"Sebastian","Tiempo de lectura":"2 minutos"},"schema":{"@context":"https:\/\/schema.org","@graph":[{"@type":"Article","@id":"https:\/\/informelitoral.com.ar\/maria-becerra-y-j-rei-cumplieron-el-sueno-de-presenciar-las-auroras-boreales-en-finlandia\/#article","isPartOf":{"@id":"https:\/\/informelitoral.com.ar\/maria-becerra-y-j-rei-cumplieron-el-sueno-de-presenciar-las-auroras-boreales-en-finlandia\/"},"author":{"name":"Sebastian","@id":"https:\/\/informelitoral.com.ar\/#\/schema\/person\/f05f9f461677119578717524b127d6d5"},"headline":"Mar\u00eda Becerra y J Rei cumplieron el sue\u00f1o de presenciar las auroras boreales en Finlandia","datePublished":"2025-12-23T12:53:27+00:00","dateModified":"2025-12-23T13:06:30+00:00","mainEntityOfPage":{"@id":"https:\/\/informelitoral.com.ar\/maria-becerra-y-j-rei-cumplieron-el-sueno-de-presenciar-las-auroras-boreales-en-finlandia\/"},"wordCount":381,"commentCount":0,"publisher":{"@id":"https:\/\/informelitoral.com.ar\/#organization"},"image":{"@id":"https:\/\/informelitoral.com.ar\/maria-becerra-y-j-rei-cumplieron-el-sueno-de-presenciar-las-auroras-boreales-en-finlandia\/#primaryimage"},"thumbnailUrl":"https:\/\/drive.google.com\/thumbnail?id=1DnXtXaD4w3Ldla0dwq2CqX6ffxnEvUn-&sz=w2048","keywords":["Finlandia","Mar\u00eda Becerra"],"articleSection":["Espect\u00e1culos"],"inLanguage":"es","potentialAction":[{"@type":"CommentAction","name":"Comment","target":["https:\/\/informelitoral.com.ar\/maria-becerra-y-j-rei-cumplieron-el-sueno-de-presenciar-las-auroras-boreales-en-finlandia\/#respond"]}]},{"@type":"WebPage","@id":"https:\/\/informelitoral.com.ar\/maria-becerra-y-j-rei-cumplieron-el-sueno-de-presenciar-las-auroras-boreales-en-finlandia\/","url":"https:\/\/informelitoral.com.ar\/maria-becerra-y-j-rei-cumplieron-el-sueno-de-presenciar-las-auroras-boreales-en-finlandia\/","name":"Mar\u00eda Becerra y J Rei cumplieron el sue\u00f1o de presenciar las auroras boreales en Finlandia - Informe Litoral","isPartOf":{"@id":"https:\/\/informelitoral.com.ar\/#website"},"primaryImageOfPage":{"@id":"https:\/\/informelitoral.com.ar\/maria-becerra-y-j-rei-cumplieron-el-sueno-de-presenciar-las-auroras-boreales-en-finlandia\/#primaryimage"},"image":{"@id":"https:\/\/informelitoral.com.ar\/maria-becerra-y-j-rei-cumplieron-el-sueno-de-presenciar-las-auroras-boreales-en-finlandia\/#primaryimage"},"thumbnailUrl":"https:\/\/drive.google.com\/thumbnail?id=1DnXtXaD4w3Ldla0dwq2CqX6ffxnEvUn-&sz=w2048","datePublished":"2025-12-23T12:53:27+00:00","dateModified":"2025-12-23T13:06:30+00:00","breadcrumb":{"@id":"https:\/\/informelitoral.com.ar\/maria-becerra-y-j-rei-cumplieron-el-sueno-de-presenciar-las-auroras-boreales-en-finlandia\/#breadcrumb"},"inLanguage":"es","potentialAction":[{"@type":"ReadAction","target":["https:\/\/informelitoral.com.ar\/maria-becerra-y-j-rei-cumplieron-el-sueno-de-presenciar-las-auroras-boreales-en-finlandia\/"]}]},{"@type":"ImageObject","inLanguage":"es","@id":"https:\/\/informelitoral.com.ar\/maria-becerra-y-j-rei-cumplieron-el-sueno-de-presenciar-las-auroras-boreales-en-finlandia\/#primaryimage","url":"https:\/\/drive.google.com\/thumbnail?id=1DnXtXaD4w3Ldla0dwq2CqX6ffxnEvUn-&sz=w2048","contentUrl":"https:\/\/drive.google.com\/thumbnail?id=1DnXtXaD4w3Ldla0dwq2CqX6ffxnEvUn-&sz=w2048","width":1072,"height":1499},{"@type":"BreadcrumbList","@id":"https:\/\/informelitoral.com.ar\/maria-becerra-y-j-rei-cumplieron-el-sueno-de-presenciar-las-auroras-boreales-en-finlandia\/#breadcrumb","itemListElement":[{"@type":"ListItem","position":1,"name":"Portada","item":"https:\/\/informelitoral.com.ar\/"},{"@type":"ListItem","position":2,"name":"Mar\u00eda Becerra y J Rei cumplieron el sue\u00f1o de presenciar las auroras boreales en Finlandia"}]},{"@type":"WebSite","@id":"https:\/\/informelitoral.com.ar\/#website","url":"https:\/\/informelitoral.com.ar\/","name":"Informe Litoral","description":"&quot;Nos informamos&quot; ","publisher":{"@id":"https:\/\/informelitoral.com.ar\/#organization"},"potentialAction":[{"@type":"SearchAction","target":{"@type":"EntryPoint","urlTemplate":"https:\/\/informelitoral.com.ar\/?s={search_term_string}"},"query-input":{"@type":"PropertyValueSpecification","valueRequired":true,"valueName":"search_term_string"}}],"inLanguage":"es"},{"@type":"Organization","@id":"https:\/\/informelitoral.com.ar\/#organization","name":"Informe Litoral","url":"https:\/\/informelitoral.com.ar\/","logo":{"@type":"ImageObject","inLanguage":"es","@id":"https:\/\/informelitoral.com.ar\/#\/schema\/logo\/image\/","url":"https:\/\/informelitoral.com.ar\/%77%70%2d%63%6f%6e%74%65%6e%74\/uploads\/2021\/01\/circulo.png","contentUrl":"https:\/\/informelitoral.com.ar\/%77%70%2d%63%6f%6e%74%65%6e%74\/uploads\/2021\/01\/circulo.png","width":723,"height":731,"caption":"Informe Litoral"},"image":{"@id":"https:\/\/informelitoral.com.ar\/#\/schema\/logo\/image\/"},"sameAs":["https:\/\/www.facebook.com\/informelitoral\/","https:\/\/x.com\/InformeLitoral","https:\/\/www.instagram.com\/informelitoral\/","https:\/\/www.youtube.com\/channel\/UCua4Qvz8Icb6MYqhoq9xLXw"]},{"@type":"Person","@id":"https:\/\/informelitoral.com.ar\/#\/schema\/person\/f05f9f461677119578717524b127d6d5","name":"Sebastian","image":{"@type":"ImageObject","inLanguage":"es","@id":"https:\/\/secure.gravatar.com\/avatar\/b71bf7481d447dfb9583c7f2798e7cc64de6efb9067b74633ed8c31059a3bd82?s=96&d=mm&r=g","url":"https:\/\/secure.gravatar.com\/avatar\/b71bf7481d447dfb9583c7f2798e7cc64de6efb9067b74633ed8c31059a3bd82?s=96&d=mm&r=g","contentUrl":"https:\/\/secure.gravatar.com\/avatar\/b71bf7481d447dfb9583c7f2798e7cc64de6efb9067b74633ed8c31059a3bd82?s=96&d=mm&r=g","caption":"Sebastian"},"url":"https:\/\/informelitoral.com.ar\/author\/sebastian\/"}]}},"_links":{"self":[{"href":"https:\/\/informelitoral.com.ar\/%77%70%2d%6a%73%6f%6e\/wp\/v2\/posts\/244695","targetHints":{"allow":["GET"]}}],"collection":[{"href":"https:\/\/informelitoral.com.ar\/%77%70%2d%6a%73%6f%6e\/wp\/v2\/posts"}],"about":[{"href":"https:\/\/informelitoral.com.ar\/%77%70%2d%6a%73%6f%6e\/wp\/v2\/types\/post"}],"author":[{"embeddable":true,"href":"https:\/\/informelitoral.com.ar\/%77%70%2d%6a%73%6f%6e\/wp\/v2\/users\/8"}],"replies":[{"embeddable":true,"href":"https:\/\/informelitoral.com.ar\/%77%70%2d%6a%73%6f%6e\/wp\/v2\/comments?post=244695"}],"version-history":[{"count":4,"href":"https:\/\/informelitoral.com.ar\/%77%70%2d%6a%73%6f%6e\/wp\/v2\/posts\/244695\/revisions"}],"predecessor-version":[{"id":244704,"href":"https:\/\/informelitoral.com.ar\/%77%70%2d%6a%73%6f%6e\/wp\/v2\/posts\/244695\/revisions\/244704"}],"wp:featuredmedia":[{"embeddable":true,"href":"https:\/\/informelitoral.com.ar\/%77%70%2d%6a%73%6f%6e\/wp\/v2\/media\/244697"}],"wp:attachment":[{"href":"https:\/\/informelitoral.com.ar\/%77%70%2d%6a%73%6f%6e\/wp\/v2\/media?parent=244695"}],"wp:term":[{"taxonomy":"category","embeddable":true,"href":"https:\/\/informelitoral.com.ar\/%77%70%2d%6a%73%6f%6e\/wp\/v2\/categories?post=244695"},{"taxonomy":"post_tag","embeddable":true,"href":"https:\/\/informelitoral.com.ar\/%77%70%2d%6a%73%6f%6e\/wp\/v2\/tags?post=244695"}],"curies":[{"name":"wp","href":"https:\/\/api.w.org\/{rel}","templated":true}]}}