{"id":244471,"date":"2025-12-21T11:03:26","date_gmt":"2025-12-21T14:03:26","guid":{"rendered":"https:\/\/informelitoral.com.ar\/?p=244471"},"modified":"2025-12-21T11:03:26","modified_gmt":"2025-12-21T14:03:26","slug":"certamen-premate-2026-convocan-a-artistas-de-toda-entre-rios","status":"publish","type":"post","link":"https:\/\/informelitoral.com.ar\/certamen-premate-2026-convocan-a-artistas-de-toda-entre-rios\/","title":{"rendered":"Certamen Premate 2026: convocan a artistas de toda Entre R\u00edos"},"content":{"rendered":"<p><strong>La 35\u00ba Fiesta Nacional del Mate invita a participar en las disciplinas: M\u00fasica Folkl\u00f3rica y Tango, Cumbia y Tropical, Rock y Pop Nacional, adem\u00e1s de Danzas Folkl\u00f3ricas y Contempor\u00e1neas. El formulario de inscripci\u00f3n online ya est\u00e1 disponible en la web <a href=\"https:\/\/fiestadelmate.parana.gob.ar\" target=\"_blank\" rel=\"noopener\">fiestadelmate.parana.gob.ar.<\/a><\/strong><\/p>\n<h2><strong>Instancias de competencia y sedes<\/strong><\/h2>\n<p>El certamen consta de dos instancias de competencia que se realizar\u00e1n en tres sedes en distintas ciudades de la provincia:<\/p>\n<p><strong>Preselectivo Paran\u00e1 y Zona Metropolitana Gran Paran\u00e1<\/strong>: martes 6 y mi\u00e9rcoles 7 de enero de 2026, Teatro Municipal 3 de Febrero.<\/p>\n<p><strong>Preselectivo Maci\u00e1:<\/strong>\u00a0lunes 12 de enero de 2026, en el Predio Multieventos<\/p>\n<p><strong>Preselectivo Villaguay:<\/strong>\u00a0jueves 22 de enero de 2026, en el Parque Balneario Municipal.<\/p>\n<p>La instancia final se desarrollar\u00e1 el mi\u00e9rcoles 4 y jueves 5 de febrero de 2026 en las inmediaciones de la Sala Mayo de Paran\u00e1, donde los participantes competir\u00e1n por un lugar en el escenario principal de la 35\u00ba Fiesta Nacional del Mate.<\/p>\n<p>Los ganadores de cada categor\u00eda recibir\u00e1n un premio en concepto de cach\u00e9 art\u00edstico, adem\u00e1s de un certificado de participaci\u00f3n otorgado por la Municipalidad de Paran\u00e1. Los premios incluyen la oportunidad de actuar en la 35\u00ba Fiesta Nacional del Mate, que brindar\u00e1 visibilidad a los artistas ganadores en uno de los eventos m\u00e1s importantes de la regi\u00f3n.<\/p>\n<h2><strong>Inscripciones<\/strong><\/h2>\n<p>Las inscripciones para participar en el Certamen Premate 2026 se realizan a trav\u00e9s de un formulario online, disponible en: fiestadelmate.parana.gob.ar<\/p>\n<p>Los interesados deben completar la inscripci\u00f3n con sus datos personales, propuesta art\u00edstica y requisitos t\u00e9cnicos.<\/p>\n<h2><strong>Categor\u00edas del Concurso<\/strong><\/h2>\n<p><strong>M\u00fasica:<\/strong>\u00a0Folklore y Tango, Cumbia y Tropical, Rock y Pop Nacional (modalidades: solista, d\u00fao o conjunto vocal\/instrumental).<\/p>\n<p><strong>Danza:<\/strong>\u00a0Conjunto de Baile (Folkl\u00f3rico o Contempor\u00e1neo), Pareja de baile (Folkl\u00f3rica tradicional o estilizado).<\/p>\n<h2><strong>Criterios de Evaluaci\u00f3n<\/strong><\/h2>\n<p>El jurado evaluar\u00e1 cada presentaci\u00f3n seg\u00fan criterios t\u00e9cnicos y art\u00edsticos, destacando la originalidad, t\u00e9cnica e interpretaci\u00f3n. Los participantes deber\u00e1n presentar sus propuestas tal como fueron preseleccionadas, respetando las caracter\u00edsticas de las presentaciones anteriores.<\/p>\n<h6><em><strong>Del archivo:\u00a0<a href=\"https:\/\/informelitoral.com.ar\/lucas-eichmann-que-seamos-comuna-es-historico-y-cambiara-muchas-cosas\/\" target=\"_blank\" rel=\"noopener\">Lucas Eichmann: \u00abQue seamos Comuna es hist\u00f3rico y cambiar\u00e1 muchas cosas\u00bb<\/a><\/strong><\/em><\/h6>\n","protected":false},"excerpt":{"rendered":"<p>El objetivo es visibilizar creaciones art\u00edsticas regionales en el marco de la Fiesta Nacional del Mate, a celebrarse el 6 y 7 de febrero de 2026 en Paran\u00e1.<\/p>\n","protected":false},"author":2,"featured_media":244472,"comment_status":"open","ping_status":"open","sticky":false,"template":"","format":"standard","meta":{"fifu_image_url":"","fifu_image_alt":"","footnotes":""},"categories":[1597],"tags":[621,1285,279,1399,45],"class_list":{"0":"post-244471","1":"post","2":"type-post","3":"status-publish","4":"format-standard","5":"has-post-thumbnail","7":"category-parana","8":"tag-fiesta","9":"tag-fiesta-del-mate","10":"tag-mate","11":"tag-municipalidad-de-parana","12":"tag-parana"},"yoast_head":"<title>Certamen Premate 2026: convocan a artistas de toda Entre R\u00edos - Informe Litoral<\/title>\n<meta name=\"robots\" content=\"index, follow, max-snippet:-1, max-image-preview:large, max-video-preview:-1\" \/>\n<link rel=\"canonical\" href=\"https:\/\/informelitoral.com.ar\/certamen-premate-2026-convocan-a-artistas-de-toda-entre-rios\/\" \/>\n<meta property=\"og:locale\" content=\"es_ES\" \/>\n<meta property=\"og:type\" content=\"article\" \/>\n<meta property=\"og:title\" content=\"Certamen Premate 2026: convocan a artistas de toda Entre R\u00edos - Informe Litoral\" \/>\n<meta property=\"og:description\" content=\"El objetivo es visibilizar creaciones art\u00edsticas regionales en el marco de la Fiesta Nacional del Mate, a celebrarse el 6 y 7 de febrero de 2026 en Paran\u00e1.\" \/>\n<meta property=\"og:url\" content=\"https:\/\/informelitoral.com.ar\/certamen-premate-2026-convocan-a-artistas-de-toda-entre-rios\/\" \/>\n<meta property=\"og:site_name\" content=\"Informe Litoral\" \/>\n<meta property=\"article:publisher\" content=\"https:\/\/www.facebook.com\/informelitoral\/\" \/>\n<meta property=\"article:published_time\" content=\"2025-12-21T14:03:26+00:00\" \/>\n<meta property=\"og:image\" content=\"https:\/\/drive.google.com\/thumbnail?id=1HbKH-5h-msBo3yqWKlXecGujNaYZ6l9O&sz=w2048\" \/>\n\t<meta property=\"og:image:width\" content=\"1280\" \/>\n\t<meta property=\"og:image:height\" content=\"853\" \/>\n\t<meta property=\"og:image:type\" content=\"image\/jpeg\" \/>\n<meta name=\"author\" content=\"Gonzalo Schmidt\" \/>\n<meta name=\"twitter:card\" content=\"summary_large_image\" \/>\n<meta name=\"twitter:creator\" content=\"@InformeLitoral\" \/>\n<meta name=\"twitter:site\" content=\"@InformeLitoral\" \/>\n<meta name=\"twitter:label1\" content=\"Escrito por\" \/>\n\t<meta name=\"twitter:data1\" content=\"Gonzalo Schmidt\" \/>\n\t<meta name=\"twitter:label2\" content=\"Tiempo de lectura\" \/>\n\t<meta name=\"twitter:data2\" content=\"2 minutos\" \/>\n<script type=\"application\/ld+json\" class=\"yoast-schema-graph\">{\"@context\":\"https:\\\/\\\/schema.org\",\"@graph\":[{\"@type\":\"Article\",\"@id\":\"https:\\\/\\\/informelitoral.com.ar\\\/certamen-premate-2026-convocan-a-artistas-de-toda-entre-rios\\\/#article\",\"isPartOf\":{\"@id\":\"https:\\\/\\\/informelitoral.com.ar\\\/certamen-premate-2026-convocan-a-artistas-de-toda-entre-rios\\\/\"},\"author\":{\"name\":\"Gonzalo Schmidt\",\"@id\":\"https:\\\/\\\/informelitoral.com.ar\\\/#\\\/schema\\\/person\\\/b9d00407c836482871ef1d57bf8e3180\"},\"headline\":\"Certamen Premate 2026: convocan a artistas de toda Entre R\u00edos\",\"datePublished\":\"2025-12-21T14:03:26+00:00\",\"mainEntityOfPage\":{\"@id\":\"https:\\\/\\\/informelitoral.com.ar\\\/certamen-premate-2026-convocan-a-artistas-de-toda-entre-rios\\\/\"},\"wordCount\":368,\"commentCount\":0,\"publisher\":{\"@id\":\"https:\\\/\\\/informelitoral.com.ar\\\/#organization\"},\"image\":{\"@id\":\"https:\\\/\\\/informelitoral.com.ar\\\/certamen-premate-2026-convocan-a-artistas-de-toda-entre-rios\\\/#primaryimage\"},\"thumbnailUrl\":\"https:\\\/\\\/drive.google.com\\\/thumbnail?id=1HbKH-5h-msBo3yqWKlXecGujNaYZ6l9O&sz=w2048\",\"keywords\":[\"Fiesta\",\"Fiesta del Mate\",\"Mate\",\"Municipalidad de Paran\u00e1\",\"Paran\u00e1\"],\"articleSection\":[\"Paran\u00e1\"],\"inLanguage\":\"es\",\"potentialAction\":[{\"@type\":\"CommentAction\",\"name\":\"Comment\",\"target\":[\"https:\\\/\\\/informelitoral.com.ar\\\/certamen-premate-2026-convocan-a-artistas-de-toda-entre-rios\\\/#respond\"]}]},{\"@type\":\"WebPage\",\"@id\":\"https:\\\/\\\/informelitoral.com.ar\\\/certamen-premate-2026-convocan-a-artistas-de-toda-entre-rios\\\/\",\"url\":\"https:\\\/\\\/informelitoral.com.ar\\\/certamen-premate-2026-convocan-a-artistas-de-toda-entre-rios\\\/\",\"name\":\"Certamen Premate 2026: convocan a artistas de toda Entre R\u00edos - Informe Litoral\",\"isPartOf\":{\"@id\":\"https:\\\/\\\/informelitoral.com.ar\\\/#website\"},\"primaryImageOfPage\":{\"@id\":\"https:\\\/\\\/informelitoral.com.ar\\\/certamen-premate-2026-convocan-a-artistas-de-toda-entre-rios\\\/#primaryimage\"},\"image\":{\"@id\":\"https:\\\/\\\/informelitoral.com.ar\\\/certamen-premate-2026-convocan-a-artistas-de-toda-entre-rios\\\/#primaryimage\"},\"thumbnailUrl\":\"https:\\\/\\\/drive.google.com\\\/thumbnail?id=1HbKH-5h-msBo3yqWKlXecGujNaYZ6l9O&sz=w2048\",\"datePublished\":\"2025-12-21T14:03:26+00:00\",\"breadcrumb\":{\"@id\":\"https:\\\/\\\/informelitoral.com.ar\\\/certamen-premate-2026-convocan-a-artistas-de-toda-entre-rios\\\/#breadcrumb\"},\"inLanguage\":\"es\",\"potentialAction\":[{\"@type\":\"ReadAction\",\"target\":[\"https:\\\/\\\/informelitoral.com.ar\\\/certamen-premate-2026-convocan-a-artistas-de-toda-entre-rios\\\/\"]}]},{\"@type\":\"ImageObject\",\"inLanguage\":\"es\",\"@id\":\"https:\\\/\\\/informelitoral.com.ar\\\/certamen-premate-2026-convocan-a-artistas-de-toda-entre-rios\\\/#primaryimage\",\"url\":\"https:\\\/\\\/drive.google.com\\\/thumbnail?id=1HbKH-5h-msBo3yqWKlXecGujNaYZ6l9O&sz=w2048\",\"contentUrl\":\"https:\\\/\\\/drive.google.com\\\/thumbnail?id=1HbKH-5h-msBo3yqWKlXecGujNaYZ6l9O&sz=w2048\",\"width\":1280,\"height\":853},{\"@type\":\"BreadcrumbList\",\"@id\":\"https:\\\/\\\/informelitoral.com.ar\\\/certamen-premate-2026-convocan-a-artistas-de-toda-entre-rios\\\/#breadcrumb\",\"itemListElement\":[{\"@type\":\"ListItem\",\"position\":1,\"name\":\"Portada\",\"item\":\"https:\\\/\\\/informelitoral.com.ar\\\/\"},{\"@type\":\"ListItem\",\"position\":2,\"name\":\"Certamen Premate 2026: convocan a artistas de toda Entre R\u00edos\"}]},{\"@type\":\"WebSite\",\"@id\":\"https:\\\/\\\/informelitoral.com.ar\\\/#website\",\"url\":\"https:\\\/\\\/informelitoral.com.ar\\\/\",\"name\":\"Informe Litoral\",\"description\":\"&quot;Nos informamos&quot; \",\"publisher\":{\"@id\":\"https:\\\/\\\/informelitoral.com.ar\\\/#organization\"},\"potentialAction\":[{\"@type\":\"SearchAction\",\"target\":{\"@type\":\"EntryPoint\",\"urlTemplate\":\"https:\\\/\\\/informelitoral.com.ar\\\/?s={search_term_string}\"},\"query-input\":{\"@type\":\"PropertyValueSpecification\",\"valueRequired\":true,\"valueName\":\"search_term_string\"}}],\"inLanguage\":\"es\"},{\"@type\":\"Organization\",\"@id\":\"https:\\\/\\\/informelitoral.com.ar\\\/#organization\",\"name\":\"Informe Litoral\",\"url\":\"https:\\\/\\\/informelitoral.com.ar\\\/\",\"logo\":{\"@type\":\"ImageObject\",\"inLanguage\":\"es\",\"@id\":\"https:\\\/\\\/informelitoral.com.ar\\\/#\\\/schema\\\/logo\\\/image\\\/\",\"url\":\"https:\\\/\\\/informelitoral.com.ar\\\/%77%70%2d%63%6f%6e%74%65%6e%74\\\/uploads\\\/2021\\\/01\\\/circulo.png\",\"contentUrl\":\"https:\\\/\\\/informelitoral.com.ar\\\/%77%70%2d%63%6f%6e%74%65%6e%74\\\/uploads\\\/2021\\\/01\\\/circulo.png\",\"width\":723,\"height\":731,\"caption\":\"Informe Litoral\"},\"image\":{\"@id\":\"https:\\\/\\\/informelitoral.com.ar\\\/#\\\/schema\\\/logo\\\/image\\\/\"},\"sameAs\":[\"https:\\\/\\\/www.facebook.com\\\/informelitoral\\\/\",\"https:\\\/\\\/x.com\\\/InformeLitoral\",\"https:\\\/\\\/www.instagram.com\\\/informelitoral\\\/\",\"https:\\\/\\\/www.youtube.com\\\/channel\\\/UCua4Qvz8Icb6MYqhoq9xLXw\"]},{\"@type\":\"Person\",\"@id\":\"https:\\\/\\\/informelitoral.com.ar\\\/#\\\/schema\\\/person\\\/b9d00407c836482871ef1d57bf8e3180\",\"name\":\"Gonzalo Schmidt\",\"image\":{\"@type\":\"ImageObject\",\"inLanguage\":\"es\",\"@id\":\"https:\\\/\\\/secure.gravatar.com\\\/avatar\\\/31a1a7b66ff2de83bd0e9fd79d026630d2d99e55e8bfe501287647b4fd9743de?s=96&d=mm&r=g\",\"url\":\"https:\\\/\\\/secure.gravatar.com\\\/avatar\\\/31a1a7b66ff2de83bd0e9fd79d026630d2d99e55e8bfe501287647b4fd9743de?s=96&d=mm&r=g\",\"contentUrl\":\"https:\\\/\\\/secure.gravatar.com\\\/avatar\\\/31a1a7b66ff2de83bd0e9fd79d026630d2d99e55e8bfe501287647b4fd9743de?s=96&d=mm&r=g\",\"caption\":\"Gonzalo Schmidt\"},\"description\":\"Sitio web de noticias de la provincia de Entre R\u00edos, Argentina. Informaci\u00f3n y entretenimiento. Informe Litoral, nos informamos.\",\"sameAs\":[\"http:\\\/\\\/www.isletasnoticias.com.ar\"],\"url\":\"https:\\\/\\\/informelitoral.com.ar\\\/author\\\/gonzalo\\\/\"}]}<\/script>","yoast_head_json":{"title":"Certamen Premate 2026: convocan a artistas de toda Entre R\u00edos - Informe Litoral","robots":{"index":"index","follow":"follow","max-snippet":"max-snippet:-1","max-image-preview":"max-image-preview:large","max-video-preview":"max-video-preview:-1"},"canonical":"https:\/\/informelitoral.com.ar\/certamen-premate-2026-convocan-a-artistas-de-toda-entre-rios\/","og_locale":"es_ES","og_type":"article","og_title":"Certamen Premate 2026: convocan a artistas de toda Entre R\u00edos - Informe Litoral","og_description":"El objetivo es visibilizar creaciones art\u00edsticas regionales en el marco de la Fiesta Nacional del Mate, a celebrarse el 6 y 7 de febrero de 2026 en Paran\u00e1.","og_url":"https:\/\/informelitoral.com.ar\/certamen-premate-2026-convocan-a-artistas-de-toda-entre-rios\/","og_site_name":"Informe Litoral","article_publisher":"https:\/\/www.facebook.com\/informelitoral\/","article_published_time":"2025-12-21T14:03:26+00:00","og_image":[{"width":1280,"height":853,"url":"https:\/\/drive.google.com\/thumbnail?id=1HbKH-5h-msBo3yqWKlXecGujNaYZ6l9O&sz=w2048","type":"image\/jpeg"}],"author":"Gonzalo Schmidt","twitter_card":"summary_large_image","twitter_creator":"@InformeLitoral","twitter_site":"@InformeLitoral","twitter_misc":{"Escrito por":"Gonzalo Schmidt","Tiempo de lectura":"2 minutos"},"schema":{"@context":"https:\/\/schema.org","@graph":[{"@type":"Article","@id":"https:\/\/informelitoral.com.ar\/certamen-premate-2026-convocan-a-artistas-de-toda-entre-rios\/#article","isPartOf":{"@id":"https:\/\/informelitoral.com.ar\/certamen-premate-2026-convocan-a-artistas-de-toda-entre-rios\/"},"author":{"name":"Gonzalo Schmidt","@id":"https:\/\/informelitoral.com.ar\/#\/schema\/person\/b9d00407c836482871ef1d57bf8e3180"},"headline":"Certamen Premate 2026: convocan a artistas de toda Entre R\u00edos","datePublished":"2025-12-21T14:03:26+00:00","mainEntityOfPage":{"@id":"https:\/\/informelitoral.com.ar\/certamen-premate-2026-convocan-a-artistas-de-toda-entre-rios\/"},"wordCount":368,"commentCount":0,"publisher":{"@id":"https:\/\/informelitoral.com.ar\/#organization"},"image":{"@id":"https:\/\/informelitoral.com.ar\/certamen-premate-2026-convocan-a-artistas-de-toda-entre-rios\/#primaryimage"},"thumbnailUrl":"https:\/\/drive.google.com\/thumbnail?id=1HbKH-5h-msBo3yqWKlXecGujNaYZ6l9O&sz=w2048","keywords":["Fiesta","Fiesta del Mate","Mate","Municipalidad de Paran\u00e1","Paran\u00e1"],"articleSection":["Paran\u00e1"],"inLanguage":"es","potentialAction":[{"@type":"CommentAction","name":"Comment","target":["https:\/\/informelitoral.com.ar\/certamen-premate-2026-convocan-a-artistas-de-toda-entre-rios\/#respond"]}]},{"@type":"WebPage","@id":"https:\/\/informelitoral.com.ar\/certamen-premate-2026-convocan-a-artistas-de-toda-entre-rios\/","url":"https:\/\/informelitoral.com.ar\/certamen-premate-2026-convocan-a-artistas-de-toda-entre-rios\/","name":"Certamen Premate 2026: convocan a artistas de toda Entre R\u00edos - Informe Litoral","isPartOf":{"@id":"https:\/\/informelitoral.com.ar\/#website"},"primaryImageOfPage":{"@id":"https:\/\/informelitoral.com.ar\/certamen-premate-2026-convocan-a-artistas-de-toda-entre-rios\/#primaryimage"},"image":{"@id":"https:\/\/informelitoral.com.ar\/certamen-premate-2026-convocan-a-artistas-de-toda-entre-rios\/#primaryimage"},"thumbnailUrl":"https:\/\/drive.google.com\/thumbnail?id=1HbKH-5h-msBo3yqWKlXecGujNaYZ6l9O&sz=w2048","datePublished":"2025-12-21T14:03:26+00:00","breadcrumb":{"@id":"https:\/\/informelitoral.com.ar\/certamen-premate-2026-convocan-a-artistas-de-toda-entre-rios\/#breadcrumb"},"inLanguage":"es","potentialAction":[{"@type":"ReadAction","target":["https:\/\/informelitoral.com.ar\/certamen-premate-2026-convocan-a-artistas-de-toda-entre-rios\/"]}]},{"@type":"ImageObject","inLanguage":"es","@id":"https:\/\/informelitoral.com.ar\/certamen-premate-2026-convocan-a-artistas-de-toda-entre-rios\/#primaryimage","url":"https:\/\/drive.google.com\/thumbnail?id=1HbKH-5h-msBo3yqWKlXecGujNaYZ6l9O&sz=w2048","contentUrl":"https:\/\/drive.google.com\/thumbnail?id=1HbKH-5h-msBo3yqWKlXecGujNaYZ6l9O&sz=w2048","width":1280,"height":853},{"@type":"BreadcrumbList","@id":"https:\/\/informelitoral.com.ar\/certamen-premate-2026-convocan-a-artistas-de-toda-entre-rios\/#breadcrumb","itemListElement":[{"@type":"ListItem","position":1,"name":"Portada","item":"https:\/\/informelitoral.com.ar\/"},{"@type":"ListItem","position":2,"name":"Certamen Premate 2026: convocan a artistas de toda Entre R\u00edos"}]},{"@type":"WebSite","@id":"https:\/\/informelitoral.com.ar\/#website","url":"https:\/\/informelitoral.com.ar\/","name":"Informe Litoral","description":"&quot;Nos informamos&quot; ","publisher":{"@id":"https:\/\/informelitoral.com.ar\/#organization"},"potentialAction":[{"@type":"SearchAction","target":{"@type":"EntryPoint","urlTemplate":"https:\/\/informelitoral.com.ar\/?s={search_term_string}"},"query-input":{"@type":"PropertyValueSpecification","valueRequired":true,"valueName":"search_term_string"}}],"inLanguage":"es"},{"@type":"Organization","@id":"https:\/\/informelitoral.com.ar\/#organization","name":"Informe Litoral","url":"https:\/\/informelitoral.com.ar\/","logo":{"@type":"ImageObject","inLanguage":"es","@id":"https:\/\/informelitoral.com.ar\/#\/schema\/logo\/image\/","url":"https:\/\/informelitoral.com.ar\/%77%70%2d%63%6f%6e%74%65%6e%74\/uploads\/2021\/01\/circulo.png","contentUrl":"https:\/\/informelitoral.com.ar\/%77%70%2d%63%6f%6e%74%65%6e%74\/uploads\/2021\/01\/circulo.png","width":723,"height":731,"caption":"Informe Litoral"},"image":{"@id":"https:\/\/informelitoral.com.ar\/#\/schema\/logo\/image\/"},"sameAs":["https:\/\/www.facebook.com\/informelitoral\/","https:\/\/x.com\/InformeLitoral","https:\/\/www.instagram.com\/informelitoral\/","https:\/\/www.youtube.com\/channel\/UCua4Qvz8Icb6MYqhoq9xLXw"]},{"@type":"Person","@id":"https:\/\/informelitoral.com.ar\/#\/schema\/person\/b9d00407c836482871ef1d57bf8e3180","name":"Gonzalo Schmidt","image":{"@type":"ImageObject","inLanguage":"es","@id":"https:\/\/secure.gravatar.com\/avatar\/31a1a7b66ff2de83bd0e9fd79d026630d2d99e55e8bfe501287647b4fd9743de?s=96&d=mm&r=g","url":"https:\/\/secure.gravatar.com\/avatar\/31a1a7b66ff2de83bd0e9fd79d026630d2d99e55e8bfe501287647b4fd9743de?s=96&d=mm&r=g","contentUrl":"https:\/\/secure.gravatar.com\/avatar\/31a1a7b66ff2de83bd0e9fd79d026630d2d99e55e8bfe501287647b4fd9743de?s=96&d=mm&r=g","caption":"Gonzalo Schmidt"},"description":"Sitio web de noticias de la provincia de Entre R\u00edos, Argentina. Informaci\u00f3n y entretenimiento. Informe Litoral, nos informamos.","sameAs":["http:\/\/www.isletasnoticias.com.ar"],"url":"https:\/\/informelitoral.com.ar\/author\/gonzalo\/"}]}},"_links":{"self":[{"href":"https:\/\/informelitoral.com.ar\/%77%70%2d%6a%73%6f%6e\/wp\/v2\/posts\/244471","targetHints":{"allow":["GET"]}}],"collection":[{"href":"https:\/\/informelitoral.com.ar\/%77%70%2d%6a%73%6f%6e\/wp\/v2\/posts"}],"about":[{"href":"https:\/\/informelitoral.com.ar\/%77%70%2d%6a%73%6f%6e\/wp\/v2\/types\/post"}],"author":[{"embeddable":true,"href":"https:\/\/informelitoral.com.ar\/%77%70%2d%6a%73%6f%6e\/wp\/v2\/users\/2"}],"replies":[{"embeddable":true,"href":"https:\/\/informelitoral.com.ar\/%77%70%2d%6a%73%6f%6e\/wp\/v2\/comments?post=244471"}],"version-history":[{"count":1,"href":"https:\/\/informelitoral.com.ar\/%77%70%2d%6a%73%6f%6e\/wp\/v2\/posts\/244471\/revisions"}],"predecessor-version":[{"id":244473,"href":"https:\/\/informelitoral.com.ar\/%77%70%2d%6a%73%6f%6e\/wp\/v2\/posts\/244471\/revisions\/244473"}],"wp:featuredmedia":[{"embeddable":true,"href":"https:\/\/informelitoral.com.ar\/%77%70%2d%6a%73%6f%6e\/wp\/v2\/media\/244472"}],"wp:attachment":[{"href":"https:\/\/informelitoral.com.ar\/%77%70%2d%6a%73%6f%6e\/wp\/v2\/media?parent=244471"}],"wp:term":[{"taxonomy":"category","embeddable":true,"href":"https:\/\/informelitoral.com.ar\/%77%70%2d%6a%73%6f%6e\/wp\/v2\/categories?post=244471"},{"taxonomy":"post_tag","embeddable":true,"href":"https:\/\/informelitoral.com.ar\/%77%70%2d%6a%73%6f%6e\/wp\/v2\/tags?post=244471"}],"curies":[{"name":"wp","href":"https:\/\/api.w.org\/{rel}","templated":true}]}}