{"id":244467,"date":"2025-12-21T10:50:41","date_gmt":"2025-12-21T13:50:41","guid":{"rendered":"https:\/\/informelitoral.com.ar\/?p=244467"},"modified":"2025-12-21T10:50:41","modified_gmt":"2025-12-21T13:50:41","slug":"vacaciones-esta-en-marcha-el-operativo-verano-seguro-en-entre-rios","status":"publish","type":"post","link":"https:\/\/informelitoral.com.ar\/vacaciones-esta-en-marcha-el-operativo-verano-seguro-en-entre-rios\/","title":{"rendered":"Vacaciones: est\u00e1 en marcha el Operativo Verano Seguro en Entre R\u00edos"},"content":{"rendered":"<p>Acompa\u00f1aron durante el acto la vicegobernadora<strong> Alicia Aluani<\/strong>, la intendenta local, <strong>Dora Bodgan<\/strong>; el ministro de Seguridad y Justicia, <strong>N\u00e9stor Roncaglia<\/strong>; el jefe de la Polic\u00eda de Entre R\u00edos, <strong>Claudio Gonz\u00e1lez<\/strong>, y legisladores.<\/p>\n<p>\u00abA trav\u00e9s de esta iniciativa, de alguna manera redefinimos el operativo de nuestra Polic\u00eda en funci\u00f3n del turismo, para que todos los que nos visitan sientan que est\u00e1n en una provincia segura y puedan disfrutar de su merecido descanso. Ese es el objetivo\u00bb, asegur\u00f3 el mandatario, al tiempo que record\u00f3 que el operativo ya se ha realizado en otras oportunidades.<\/p>\n<p>En esa l\u00ednea, Frigerio remarc\u00f3 que en funci\u00f3n de la log\u00edstica que demanda el operativo \u00abla Polic\u00eda reconfigura su fuerza de una manera especial durante los meses de vacaciones de verano\u00bb.<\/p>\n<p>En tanto, el ministro de Seguridad y Justicia, <strong>N\u00e9stor Roncaglia<\/strong>, puso \u00e9nfasis en el despliegue policial previsto para el operativo y destac\u00f3 que \u00abcontamos con veh\u00edculos nuevos, cascos y uniformes nuevos\u00bb. Adem\u00e1s, resalt\u00f3 que \u00abhay una Polic\u00eda motivada, compenetrada con su funci\u00f3n, y eso es lo distintivo: la motivaci\u00f3n policial\u00bb. En ese sentido, agreg\u00f3: \u00abTodo esto est\u00e1 pensado en funci\u00f3n de los turistas que van a recorrer nuestra provincia. Si bien el lanzamiento se realiza en Gualeguay, el operativo abarca todo el territorio provincial, en ambas costas, sobre los r\u00edos Paran\u00e1 y Uruguay, y en nuestras rutas provinciales y nacionales\u00bb.<\/p>\n<p>Por su parte, el jefe de la Polic\u00eda, <strong>Claudio Gonz\u00e1lez<\/strong>, indic\u00f3 que \u00abbrindar un mejor servicio en materia de seguridad permite que cada d\u00eda m\u00e1s turistas visiten nuestra provincia\u00bb. Asimismo, recomend\u00f3 a los ciudadanos que, antes de salir de viaje, controlen el estado del veh\u00edculo y la documentaci\u00f3n correspondiente, y que se tomen un tiempo prudencial para el trayecto. \u00abEso es importante porque tambi\u00e9n ayuda a prevenir accidentes. Nosotros brindamos seguridad, pero necesitamos del compromiso del ciudadano para contribuir en estas cuestiones que son esenciales\u00bb, concluy\u00f3.<\/p>\n<div class=\"youtube-embed\" data-video_id=\"vTpSvuAmOkA\"><iframe loading=\"lazy\" title=\"Entre R\u00edos activ\u00f3 el Operativo Verano Seguro\" width=\"696\" height=\"392\" src=\"https:\/\/www.youtube.com\/embed\/vTpSvuAmOkA?feature=oembed&#038;enablejsapi=1\" frameborder=\"0\" allow=\"accelerometer; autoplay; clipboard-write; encrypted-media; gyroscope; picture-in-picture; web-share\" referrerpolicy=\"strict-origin-when-cross-origin\" allowfullscreen><\/iframe><\/div>\n<p>El operativo incluye una serie de acciones coordinadas por la Polic\u00eda de Entre R\u00edos, a trav\u00e9s de la Direcci\u00f3n de Prevenci\u00f3n y Seguridad Vial, con foco en la prevenci\u00f3n de hechos vinculados a la seguridad vial y en la asistencia, asesoramiento e informaci\u00f3n a turistas y residentes. En ese marco, se dispuso la implementaci\u00f3n de 21 controles viales fijos y puestos m\u00f3viles en puntos estrat\u00e9gicos de la provincia, con el objetivo de prevenir delitos y siniestros viales y garantizar un entorno m\u00e1s seguro para el esparcimiento.<\/p>\n<p>Para el desarrollo del operativo, se asignaron m\u00e1s de 400 efectivos con uniforme de verano y se reforz\u00f3 la presencia de m\u00f3viles policiales, motocicletas, bicicletas y cuatriciclos, fortaleciendo as\u00ed la tarea preventiva y el contacto directo con la comunidad. Asimismo, intervienen \u00e1reas especializadas como Toxicolog\u00eda, Polic\u00eda Cient\u00edfica, Investigaciones e Inteligencia Criminal, Prevenci\u00f3n de Delitos Rurales y la Direcci\u00f3n General de Prevenci\u00f3n y Seguridad Vial, que aporta canes, drones y una pista de educaci\u00f3n vial.<\/p>\n<h6><em><strong>Del archivo:\u00a0<a href=\"https:\/\/informelitoral.com.ar\/subsidios-en-2026-los-usuarios-cubriran-casi-el-86-del-costo-electrico\/\" target=\"_blank\" rel=\"noopener\">Subsidios: en 2026 los usuarios cubrir\u00e1n casi el 86% del costo el\u00e9ctrico<\/a><\/strong><\/em><\/h6>\n","protected":false},"excerpt":{"rendered":"<p>Se puso en marcha un amplio dispositivo de prevenci\u00f3n y control que se desplegar\u00e1 en todo el territorio provincial durante la temporada estival. El acto se desarroll\u00f3 en el Parque Quintana de Gualeguay. <\/p>\n","protected":false},"author":2,"featured_media":244468,"comment_status":"open","ping_status":"open","sticky":false,"template":"","format":"standard","meta":{"fifu_image_url":"","fifu_image_alt":"","footnotes":""},"categories":[6,1378],"tags":[81,2078,1261],"class_list":{"0":"post-244467","1":"post","2":"type-post","3":"status-publish","4":"format-standard","5":"has-post-thumbnail","7":"category-entre-rios","8":"category-turismo","9":"tag-entre-rios","10":"tag-vacaciones-de-verano","11":"tag-verano"},"yoast_head":"<title>Vacaciones: est\u00e1 en marcha el Operativo Verano Seguro en Entre R\u00edos - Informe Litoral<\/title>\n<meta name=\"robots\" content=\"index, follow, max-snippet:-1, max-image-preview:large, max-video-preview:-1\" \/>\n<link rel=\"canonical\" href=\"https:\/\/informelitoral.com.ar\/vacaciones-esta-en-marcha-el-operativo-verano-seguro-en-entre-rios\/\" \/>\n<meta property=\"og:locale\" content=\"es_ES\" \/>\n<meta property=\"og:type\" content=\"article\" \/>\n<meta property=\"og:title\" content=\"Vacaciones: est\u00e1 en marcha el Operativo Verano Seguro en Entre R\u00edos - Informe Litoral\" \/>\n<meta property=\"og:description\" content=\"Se puso en marcha un amplio dispositivo de prevenci\u00f3n y control que se desplegar\u00e1 en todo el territorio provincial durante la temporada estival. El acto se desarroll\u00f3 en el Parque Quintana de Gualeguay.\" \/>\n<meta property=\"og:url\" content=\"https:\/\/informelitoral.com.ar\/vacaciones-esta-en-marcha-el-operativo-verano-seguro-en-entre-rios\/\" \/>\n<meta property=\"og:site_name\" content=\"Informe Litoral\" \/>\n<meta property=\"article:publisher\" content=\"https:\/\/www.facebook.com\/informelitoral\/\" \/>\n<meta property=\"article:published_time\" content=\"2025-12-21T13:50:41+00:00\" \/>\n<meta property=\"og:image\" content=\"https:\/\/drive.google.com\/thumbnail?id=1u-3MF-OpPvnGU8JHVP3iPLnfrFfoin9i&sz=w2048\" \/>\n\t<meta property=\"og:image:width\" content=\"1600\" \/>\n\t<meta property=\"og:image:height\" content=\"1067\" \/>\n\t<meta property=\"og:image:type\" content=\"image\/jpeg\" \/>\n<meta name=\"author\" content=\"Gonzalo Schmidt\" \/>\n<meta name=\"twitter:card\" content=\"summary_large_image\" \/>\n<meta name=\"twitter:creator\" content=\"@InformeLitoral\" \/>\n<meta name=\"twitter:site\" content=\"@InformeLitoral\" \/>\n<meta name=\"twitter:label1\" content=\"Escrito por\" \/>\n\t<meta name=\"twitter:data1\" content=\"Gonzalo Schmidt\" \/>\n\t<meta name=\"twitter:label2\" content=\"Tiempo de lectura\" \/>\n\t<meta name=\"twitter:data2\" content=\"3 minutos\" \/>\n<script type=\"application\/ld+json\" class=\"yoast-schema-graph\">{\"@context\":\"https:\\\/\\\/schema.org\",\"@graph\":[{\"@type\":\"Article\",\"@id\":\"https:\\\/\\\/informelitoral.com.ar\\\/vacaciones-esta-en-marcha-el-operativo-verano-seguro-en-entre-rios\\\/#article\",\"isPartOf\":{\"@id\":\"https:\\\/\\\/informelitoral.com.ar\\\/vacaciones-esta-en-marcha-el-operativo-verano-seguro-en-entre-rios\\\/\"},\"author\":{\"name\":\"Gonzalo Schmidt\",\"@id\":\"https:\\\/\\\/informelitoral.com.ar\\\/#\\\/schema\\\/person\\\/b9d00407c836482871ef1d57bf8e3180\"},\"headline\":\"Vacaciones: est\u00e1 en marcha el Operativo Verano Seguro en Entre R\u00edos\",\"datePublished\":\"2025-12-21T13:50:41+00:00\",\"mainEntityOfPage\":{\"@id\":\"https:\\\/\\\/informelitoral.com.ar\\\/vacaciones-esta-en-marcha-el-operativo-verano-seguro-en-entre-rios\\\/\"},\"wordCount\":549,\"commentCount\":0,\"publisher\":{\"@id\":\"https:\\\/\\\/informelitoral.com.ar\\\/#organization\"},\"image\":{\"@id\":\"https:\\\/\\\/informelitoral.com.ar\\\/vacaciones-esta-en-marcha-el-operativo-verano-seguro-en-entre-rios\\\/#primaryimage\"},\"thumbnailUrl\":\"https:\\\/\\\/drive.google.com\\\/thumbnail?id=1u-3MF-OpPvnGU8JHVP3iPLnfrFfoin9i&sz=w2048\",\"keywords\":[\"Entre R\u00edos\",\"Vacaciones de verano\",\"Verano\"],\"articleSection\":[\"Entre R\u00edos\",\"Turismo\"],\"inLanguage\":\"es\",\"potentialAction\":[{\"@type\":\"CommentAction\",\"name\":\"Comment\",\"target\":[\"https:\\\/\\\/informelitoral.com.ar\\\/vacaciones-esta-en-marcha-el-operativo-verano-seguro-en-entre-rios\\\/#respond\"]}]},{\"@type\":\"WebPage\",\"@id\":\"https:\\\/\\\/informelitoral.com.ar\\\/vacaciones-esta-en-marcha-el-operativo-verano-seguro-en-entre-rios\\\/\",\"url\":\"https:\\\/\\\/informelitoral.com.ar\\\/vacaciones-esta-en-marcha-el-operativo-verano-seguro-en-entre-rios\\\/\",\"name\":\"Vacaciones: est\u00e1 en marcha el Operativo Verano Seguro en Entre R\u00edos - Informe Litoral\",\"isPartOf\":{\"@id\":\"https:\\\/\\\/informelitoral.com.ar\\\/#website\"},\"primaryImageOfPage\":{\"@id\":\"https:\\\/\\\/informelitoral.com.ar\\\/vacaciones-esta-en-marcha-el-operativo-verano-seguro-en-entre-rios\\\/#primaryimage\"},\"image\":{\"@id\":\"https:\\\/\\\/informelitoral.com.ar\\\/vacaciones-esta-en-marcha-el-operativo-verano-seguro-en-entre-rios\\\/#primaryimage\"},\"thumbnailUrl\":\"https:\\\/\\\/drive.google.com\\\/thumbnail?id=1u-3MF-OpPvnGU8JHVP3iPLnfrFfoin9i&sz=w2048\",\"datePublished\":\"2025-12-21T13:50:41+00:00\",\"breadcrumb\":{\"@id\":\"https:\\\/\\\/informelitoral.com.ar\\\/vacaciones-esta-en-marcha-el-operativo-verano-seguro-en-entre-rios\\\/#breadcrumb\"},\"inLanguage\":\"es\",\"potentialAction\":[{\"@type\":\"ReadAction\",\"target\":[\"https:\\\/\\\/informelitoral.com.ar\\\/vacaciones-esta-en-marcha-el-operativo-verano-seguro-en-entre-rios\\\/\"]}]},{\"@type\":\"ImageObject\",\"inLanguage\":\"es\",\"@id\":\"https:\\\/\\\/informelitoral.com.ar\\\/vacaciones-esta-en-marcha-el-operativo-verano-seguro-en-entre-rios\\\/#primaryimage\",\"url\":\"https:\\\/\\\/drive.google.com\\\/thumbnail?id=1u-3MF-OpPvnGU8JHVP3iPLnfrFfoin9i&sz=w2048\",\"contentUrl\":\"https:\\\/\\\/drive.google.com\\\/thumbnail?id=1u-3MF-OpPvnGU8JHVP3iPLnfrFfoin9i&sz=w2048\",\"width\":1600,\"height\":1067},{\"@type\":\"BreadcrumbList\",\"@id\":\"https:\\\/\\\/informelitoral.com.ar\\\/vacaciones-esta-en-marcha-el-operativo-verano-seguro-en-entre-rios\\\/#breadcrumb\",\"itemListElement\":[{\"@type\":\"ListItem\",\"position\":1,\"name\":\"Portada\",\"item\":\"https:\\\/\\\/informelitoral.com.ar\\\/\"},{\"@type\":\"ListItem\",\"position\":2,\"name\":\"Vacaciones: est\u00e1 en marcha el Operativo Verano Seguro en Entre R\u00edos\"}]},{\"@type\":\"WebSite\",\"@id\":\"https:\\\/\\\/informelitoral.com.ar\\\/#website\",\"url\":\"https:\\\/\\\/informelitoral.com.ar\\\/\",\"name\":\"Informe Litoral\",\"description\":\"&quot;Nos informamos&quot; \",\"publisher\":{\"@id\":\"https:\\\/\\\/informelitoral.com.ar\\\/#organization\"},\"potentialAction\":[{\"@type\":\"SearchAction\",\"target\":{\"@type\":\"EntryPoint\",\"urlTemplate\":\"https:\\\/\\\/informelitoral.com.ar\\\/?s={search_term_string}\"},\"query-input\":{\"@type\":\"PropertyValueSpecification\",\"valueRequired\":true,\"valueName\":\"search_term_string\"}}],\"inLanguage\":\"es\"},{\"@type\":\"Organization\",\"@id\":\"https:\\\/\\\/informelitoral.com.ar\\\/#organization\",\"name\":\"Informe Litoral\",\"url\":\"https:\\\/\\\/informelitoral.com.ar\\\/\",\"logo\":{\"@type\":\"ImageObject\",\"inLanguage\":\"es\",\"@id\":\"https:\\\/\\\/informelitoral.com.ar\\\/#\\\/schema\\\/logo\\\/image\\\/\",\"url\":\"https:\\\/\\\/informelitoral.com.ar\\\/%77%70%2d%63%6f%6e%74%65%6e%74\\\/uploads\\\/2021\\\/01\\\/circulo.png\",\"contentUrl\":\"https:\\\/\\\/informelitoral.com.ar\\\/%77%70%2d%63%6f%6e%74%65%6e%74\\\/uploads\\\/2021\\\/01\\\/circulo.png\",\"width\":723,\"height\":731,\"caption\":\"Informe Litoral\"},\"image\":{\"@id\":\"https:\\\/\\\/informelitoral.com.ar\\\/#\\\/schema\\\/logo\\\/image\\\/\"},\"sameAs\":[\"https:\\\/\\\/www.facebook.com\\\/informelitoral\\\/\",\"https:\\\/\\\/x.com\\\/InformeLitoral\",\"https:\\\/\\\/www.instagram.com\\\/informelitoral\\\/\",\"https:\\\/\\\/www.youtube.com\\\/channel\\\/UCua4Qvz8Icb6MYqhoq9xLXw\"]},{\"@type\":\"Person\",\"@id\":\"https:\\\/\\\/informelitoral.com.ar\\\/#\\\/schema\\\/person\\\/b9d00407c836482871ef1d57bf8e3180\",\"name\":\"Gonzalo Schmidt\",\"image\":{\"@type\":\"ImageObject\",\"inLanguage\":\"es\",\"@id\":\"https:\\\/\\\/secure.gravatar.com\\\/avatar\\\/31a1a7b66ff2de83bd0e9fd79d026630d2d99e55e8bfe501287647b4fd9743de?s=96&d=mm&r=g\",\"url\":\"https:\\\/\\\/secure.gravatar.com\\\/avatar\\\/31a1a7b66ff2de83bd0e9fd79d026630d2d99e55e8bfe501287647b4fd9743de?s=96&d=mm&r=g\",\"contentUrl\":\"https:\\\/\\\/secure.gravatar.com\\\/avatar\\\/31a1a7b66ff2de83bd0e9fd79d026630d2d99e55e8bfe501287647b4fd9743de?s=96&d=mm&r=g\",\"caption\":\"Gonzalo Schmidt\"},\"description\":\"Sitio web de noticias de la provincia de Entre R\u00edos, Argentina. Informaci\u00f3n y entretenimiento. Informe Litoral, nos informamos.\",\"sameAs\":[\"http:\\\/\\\/www.isletasnoticias.com.ar\"],\"url\":\"https:\\\/\\\/informelitoral.com.ar\\\/author\\\/gonzalo\\\/\"}]}<\/script>","yoast_head_json":{"title":"Vacaciones: est\u00e1 en marcha el Operativo Verano Seguro en Entre R\u00edos - Informe Litoral","robots":{"index":"index","follow":"follow","max-snippet":"max-snippet:-1","max-image-preview":"max-image-preview:large","max-video-preview":"max-video-preview:-1"},"canonical":"https:\/\/informelitoral.com.ar\/vacaciones-esta-en-marcha-el-operativo-verano-seguro-en-entre-rios\/","og_locale":"es_ES","og_type":"article","og_title":"Vacaciones: est\u00e1 en marcha el Operativo Verano Seguro en Entre R\u00edos - Informe Litoral","og_description":"Se puso en marcha un amplio dispositivo de prevenci\u00f3n y control que se desplegar\u00e1 en todo el territorio provincial durante la temporada estival. El acto se desarroll\u00f3 en el Parque Quintana de Gualeguay.","og_url":"https:\/\/informelitoral.com.ar\/vacaciones-esta-en-marcha-el-operativo-verano-seguro-en-entre-rios\/","og_site_name":"Informe Litoral","article_publisher":"https:\/\/www.facebook.com\/informelitoral\/","article_published_time":"2025-12-21T13:50:41+00:00","og_image":[{"width":1600,"height":1067,"url":"https:\/\/drive.google.com\/thumbnail?id=1u-3MF-OpPvnGU8JHVP3iPLnfrFfoin9i&sz=w2048","type":"image\/jpeg"}],"author":"Gonzalo Schmidt","twitter_card":"summary_large_image","twitter_creator":"@InformeLitoral","twitter_site":"@InformeLitoral","twitter_misc":{"Escrito por":"Gonzalo Schmidt","Tiempo de lectura":"3 minutos"},"schema":{"@context":"https:\/\/schema.org","@graph":[{"@type":"Article","@id":"https:\/\/informelitoral.com.ar\/vacaciones-esta-en-marcha-el-operativo-verano-seguro-en-entre-rios\/#article","isPartOf":{"@id":"https:\/\/informelitoral.com.ar\/vacaciones-esta-en-marcha-el-operativo-verano-seguro-en-entre-rios\/"},"author":{"name":"Gonzalo Schmidt","@id":"https:\/\/informelitoral.com.ar\/#\/schema\/person\/b9d00407c836482871ef1d57bf8e3180"},"headline":"Vacaciones: est\u00e1 en marcha el Operativo Verano Seguro en Entre R\u00edos","datePublished":"2025-12-21T13:50:41+00:00","mainEntityOfPage":{"@id":"https:\/\/informelitoral.com.ar\/vacaciones-esta-en-marcha-el-operativo-verano-seguro-en-entre-rios\/"},"wordCount":549,"commentCount":0,"publisher":{"@id":"https:\/\/informelitoral.com.ar\/#organization"},"image":{"@id":"https:\/\/informelitoral.com.ar\/vacaciones-esta-en-marcha-el-operativo-verano-seguro-en-entre-rios\/#primaryimage"},"thumbnailUrl":"https:\/\/drive.google.com\/thumbnail?id=1u-3MF-OpPvnGU8JHVP3iPLnfrFfoin9i&sz=w2048","keywords":["Entre R\u00edos","Vacaciones de verano","Verano"],"articleSection":["Entre R\u00edos","Turismo"],"inLanguage":"es","potentialAction":[{"@type":"CommentAction","name":"Comment","target":["https:\/\/informelitoral.com.ar\/vacaciones-esta-en-marcha-el-operativo-verano-seguro-en-entre-rios\/#respond"]}]},{"@type":"WebPage","@id":"https:\/\/informelitoral.com.ar\/vacaciones-esta-en-marcha-el-operativo-verano-seguro-en-entre-rios\/","url":"https:\/\/informelitoral.com.ar\/vacaciones-esta-en-marcha-el-operativo-verano-seguro-en-entre-rios\/","name":"Vacaciones: est\u00e1 en marcha el Operativo Verano Seguro en Entre R\u00edos - Informe Litoral","isPartOf":{"@id":"https:\/\/informelitoral.com.ar\/#website"},"primaryImageOfPage":{"@id":"https:\/\/informelitoral.com.ar\/vacaciones-esta-en-marcha-el-operativo-verano-seguro-en-entre-rios\/#primaryimage"},"image":{"@id":"https:\/\/informelitoral.com.ar\/vacaciones-esta-en-marcha-el-operativo-verano-seguro-en-entre-rios\/#primaryimage"},"thumbnailUrl":"https:\/\/drive.google.com\/thumbnail?id=1u-3MF-OpPvnGU8JHVP3iPLnfrFfoin9i&sz=w2048","datePublished":"2025-12-21T13:50:41+00:00","breadcrumb":{"@id":"https:\/\/informelitoral.com.ar\/vacaciones-esta-en-marcha-el-operativo-verano-seguro-en-entre-rios\/#breadcrumb"},"inLanguage":"es","potentialAction":[{"@type":"ReadAction","target":["https:\/\/informelitoral.com.ar\/vacaciones-esta-en-marcha-el-operativo-verano-seguro-en-entre-rios\/"]}]},{"@type":"ImageObject","inLanguage":"es","@id":"https:\/\/informelitoral.com.ar\/vacaciones-esta-en-marcha-el-operativo-verano-seguro-en-entre-rios\/#primaryimage","url":"https:\/\/drive.google.com\/thumbnail?id=1u-3MF-OpPvnGU8JHVP3iPLnfrFfoin9i&sz=w2048","contentUrl":"https:\/\/drive.google.com\/thumbnail?id=1u-3MF-OpPvnGU8JHVP3iPLnfrFfoin9i&sz=w2048","width":1600,"height":1067},{"@type":"BreadcrumbList","@id":"https:\/\/informelitoral.com.ar\/vacaciones-esta-en-marcha-el-operativo-verano-seguro-en-entre-rios\/#breadcrumb","itemListElement":[{"@type":"ListItem","position":1,"name":"Portada","item":"https:\/\/informelitoral.com.ar\/"},{"@type":"ListItem","position":2,"name":"Vacaciones: est\u00e1 en marcha el Operativo Verano Seguro en Entre R\u00edos"}]},{"@type":"WebSite","@id":"https:\/\/informelitoral.com.ar\/#website","url":"https:\/\/informelitoral.com.ar\/","name":"Informe Litoral","description":"&quot;Nos informamos&quot; ","publisher":{"@id":"https:\/\/informelitoral.com.ar\/#organization"},"potentialAction":[{"@type":"SearchAction","target":{"@type":"EntryPoint","urlTemplate":"https:\/\/informelitoral.com.ar\/?s={search_term_string}"},"query-input":{"@type":"PropertyValueSpecification","valueRequired":true,"valueName":"search_term_string"}}],"inLanguage":"es"},{"@type":"Organization","@id":"https:\/\/informelitoral.com.ar\/#organization","name":"Informe Litoral","url":"https:\/\/informelitoral.com.ar\/","logo":{"@type":"ImageObject","inLanguage":"es","@id":"https:\/\/informelitoral.com.ar\/#\/schema\/logo\/image\/","url":"https:\/\/informelitoral.com.ar\/%77%70%2d%63%6f%6e%74%65%6e%74\/uploads\/2021\/01\/circulo.png","contentUrl":"https:\/\/informelitoral.com.ar\/%77%70%2d%63%6f%6e%74%65%6e%74\/uploads\/2021\/01\/circulo.png","width":723,"height":731,"caption":"Informe Litoral"},"image":{"@id":"https:\/\/informelitoral.com.ar\/#\/schema\/logo\/image\/"},"sameAs":["https:\/\/www.facebook.com\/informelitoral\/","https:\/\/x.com\/InformeLitoral","https:\/\/www.instagram.com\/informelitoral\/","https:\/\/www.youtube.com\/channel\/UCua4Qvz8Icb6MYqhoq9xLXw"]},{"@type":"Person","@id":"https:\/\/informelitoral.com.ar\/#\/schema\/person\/b9d00407c836482871ef1d57bf8e3180","name":"Gonzalo Schmidt","image":{"@type":"ImageObject","inLanguage":"es","@id":"https:\/\/secure.gravatar.com\/avatar\/31a1a7b66ff2de83bd0e9fd79d026630d2d99e55e8bfe501287647b4fd9743de?s=96&d=mm&r=g","url":"https:\/\/secure.gravatar.com\/avatar\/31a1a7b66ff2de83bd0e9fd79d026630d2d99e55e8bfe501287647b4fd9743de?s=96&d=mm&r=g","contentUrl":"https:\/\/secure.gravatar.com\/avatar\/31a1a7b66ff2de83bd0e9fd79d026630d2d99e55e8bfe501287647b4fd9743de?s=96&d=mm&r=g","caption":"Gonzalo Schmidt"},"description":"Sitio web de noticias de la provincia de Entre R\u00edos, Argentina. Informaci\u00f3n y entretenimiento. Informe Litoral, nos informamos.","sameAs":["http:\/\/www.isletasnoticias.com.ar"],"url":"https:\/\/informelitoral.com.ar\/author\/gonzalo\/"}]}},"_links":{"self":[{"href":"https:\/\/informelitoral.com.ar\/%77%70%2d%6a%73%6f%6e\/wp\/v2\/posts\/244467","targetHints":{"allow":["GET"]}}],"collection":[{"href":"https:\/\/informelitoral.com.ar\/%77%70%2d%6a%73%6f%6e\/wp\/v2\/posts"}],"about":[{"href":"https:\/\/informelitoral.com.ar\/%77%70%2d%6a%73%6f%6e\/wp\/v2\/types\/post"}],"author":[{"embeddable":true,"href":"https:\/\/informelitoral.com.ar\/%77%70%2d%6a%73%6f%6e\/wp\/v2\/users\/2"}],"replies":[{"embeddable":true,"href":"https:\/\/informelitoral.com.ar\/%77%70%2d%6a%73%6f%6e\/wp\/v2\/comments?post=244467"}],"version-history":[{"count":1,"href":"https:\/\/informelitoral.com.ar\/%77%70%2d%6a%73%6f%6e\/wp\/v2\/posts\/244467\/revisions"}],"predecessor-version":[{"id":244469,"href":"https:\/\/informelitoral.com.ar\/%77%70%2d%6a%73%6f%6e\/wp\/v2\/posts\/244467\/revisions\/244469"}],"wp:featuredmedia":[{"embeddable":true,"href":"https:\/\/informelitoral.com.ar\/%77%70%2d%6a%73%6f%6e\/wp\/v2\/media\/244468"}],"wp:attachment":[{"href":"https:\/\/informelitoral.com.ar\/%77%70%2d%6a%73%6f%6e\/wp\/v2\/media?parent=244467"}],"wp:term":[{"taxonomy":"category","embeddable":true,"href":"https:\/\/informelitoral.com.ar\/%77%70%2d%6a%73%6f%6e\/wp\/v2\/categories?post=244467"},{"taxonomy":"post_tag","embeddable":true,"href":"https:\/\/informelitoral.com.ar\/%77%70%2d%6a%73%6f%6e\/wp\/v2\/tags?post=244467"}],"curies":[{"name":"wp","href":"https:\/\/api.w.org\/{rel}","templated":true}]}}