{"id":244455,"date":"2025-12-21T09:54:19","date_gmt":"2025-12-21T12:54:19","guid":{"rendered":"https:\/\/informelitoral.com.ar\/?p=244455"},"modified":"2025-12-21T09:54:19","modified_gmt":"2025-12-21T12:54:19","slug":"el-verano-comienza-inestable-como-estara-el-24-y-25-de-diciembre","status":"publish","type":"post","link":"https:\/\/informelitoral.com.ar\/el-verano-comienza-inestable-como-estara-el-24-y-25-de-diciembre\/","title":{"rendered":"El verano comienza inestable: c\u00f3mo estar\u00e1 el 24 y 25 de diciembre"},"content":{"rendered":"<p>El verano comenz\u00f3 con condiciones meteorol\u00f3gicas inestables. Tras un s\u00e1bado de fuertes lluvias, Entre R\u00edos continuar\u00e1 bajo una jornada de tiempo adverso este domingo, seg\u00fan el pron\u00f3stico del Servicio Meteorol\u00f3gico Nacional (SMN). Se prev\u00e9n tormentas a lo largo del d\u00eda, especialmente por la noche, <b>con una temperatura m\u00e1xima de 29\u00b0C y una m\u00ednima de 21\u00b0C.<\/b><\/p>\n<p>Este domingo, adem\u00e1s, se celebra el solsticio de verano, el fen\u00f3meno astron\u00f3mico que marca el inicio oficial de la estaci\u00f3n m\u00e1s calurosa del a\u00f1o. El solsticio ocurrir\u00e1 a las 15:03 (hora argentina), cuando el hemisferio sur alcanza la m\u00e1xima inclinaci\u00f3n hacia el Sol. Hoy se caracteriza por ser el m\u00e1s largo del a\u00f1o, con el mayor n\u00famero de horas de luz solar y la noche m\u00e1s corta.<\/p>\n<p><b style=\"color: #111111; font-family: Roboto, sans-serif; font-size: 22px;\">Lunes con alerta por tormentas<\/b><\/p>\n<p>El lunes se mantendr\u00e1n las condiciones inestables. El SMN ha emitido un alerta por tormentas que afectar\u00e1 a los departamentos de\u00a0<b>Diamante, La Paz, Nogoy\u00e1, Paran\u00e1, Villaguay, Concordia, Federaci\u00f3n, Federal, Feliciano y San Salvador.<\/b> Las tormentas estar\u00e1n acompa\u00f1adas de actividad el\u00e9ctrica, granizo ocasional y r\u00e1fagas de viento que podr\u00edan superar los 70 km\/h. Se espera una precipitaci\u00f3n de entre 30 y 70 mm, aunque en algunos puntos la cantidad podr\u00eda ser a\u00fan mayor. Las temperaturas oscilar\u00e1n entre los 23\u00b0C y los 28\u00b0C, y el mal tiempo se mantendr\u00e1 durante toda la jornada.<\/p>\n<h2><b>Mejoras a partir del martes<\/b><\/h2>\n<p>Si bien algunas lluvias podr\u00edan continuar durante las primeras horas del martes, se anticipa que las condiciones mejoren a medida que avance el d\u00eda. La temperatura m\u00e1xima ser\u00e1 de 31\u00b0C y la m\u00ednima de 21\u00b0C. Se espera una estabilizaci\u00f3n del tiempo hacia la tarde, con cielo algo nublado, pero sin precipitaciones.<\/p>\n<h2><b>Pron\u00f3stico para Nochebuena y Navidad<\/b><\/h2>\n<p>El mi\u00e9rcoles 24 de diciembre, Nochebuena, se presentar\u00e1 con un clima caluroso, parcialmente nublado, pero sin lluvias. La m\u00e1xima alcanzar\u00e1 los 35\u00b0C, lo que promete una noche c\u00e1lida para las celebraciones.<\/p>\n<p>En cuanto al jueves 25, Navidad, el d\u00eda se mantendr\u00e1 c\u00e1lido con una m\u00ednima de 23\u00b0C y una m\u00e1xima de 33\u00b0C. El cielo estar\u00e1 algo nublado, pero tambi\u00e9n sin probabilidad de lluvia, por lo que se espera una jornada agradable para las festividades.<\/p>\n<h6><em><strong>Del archivo:\u00a0<a href=\"https:\/\/informelitoral.com.ar\/plazos-fijos-que-banco-paga-mas-por-el-aguinaldo-de-diciembre\/\" target=\"_blank\" rel=\"noopener\">Plazos fijos: qu\u00e9 banco paga m\u00e1s por el aguinaldo de diciembre<\/a><\/strong><\/em><\/h6>\n","protected":false},"excerpt":{"rendered":"<p>Durante este domingo 21 se mantiene presente la posibilidad de lluvias durante todo el d\u00eda. El lunes tambi\u00e9n hay alerta por tormentas y el martes empezar\u00e1 a mejorar. Las temperaturas bajaron levemente tras las precipitaciones.<\/p>\n","protected":false},"author":2,"featured_media":165513,"comment_status":"open","ping_status":"open","sticky":false,"template":"","format":"standard","meta":{"fifu_image_url":"","fifu_image_alt":"","footnotes":""},"categories":[6],"tags":[38,114,113],"class_list":{"0":"post-244455","1":"post","2":"type-post","3":"status-publish","4":"format-standard","5":"has-post-thumbnail","7":"category-entre-rios","8":"tag-el-tiempo","9":"tag-pronostico","10":"tag-smn"},"yoast_head":"<title>El verano comienza inestable: c\u00f3mo estar\u00e1 el 24 y 25 de diciembre - Informe Litoral<\/title>\n<meta name=\"robots\" content=\"index, follow, max-snippet:-1, max-image-preview:large, max-video-preview:-1\" \/>\n<link rel=\"canonical\" href=\"https:\/\/informelitoral.com.ar\/el-verano-comienza-inestable-como-estara-el-24-y-25-de-diciembre\/\" \/>\n<meta property=\"og:locale\" content=\"es_ES\" \/>\n<meta property=\"og:type\" content=\"article\" \/>\n<meta property=\"og:title\" content=\"El verano comienza inestable: c\u00f3mo estar\u00e1 el 24 y 25 de diciembre - Informe Litoral\" \/>\n<meta property=\"og:description\" content=\"Durante este domingo 21 se mantiene presente la posibilidad de lluvias durante todo el d\u00eda. El lunes tambi\u00e9n hay alerta por tormentas y el martes empezar\u00e1 a mejorar. Las temperaturas bajaron levemente tras las precipitaciones.\" \/>\n<meta property=\"og:url\" content=\"https:\/\/informelitoral.com.ar\/el-verano-comienza-inestable-como-estara-el-24-y-25-de-diciembre\/\" \/>\n<meta property=\"og:site_name\" content=\"Informe Litoral\" \/>\n<meta property=\"article:publisher\" content=\"https:\/\/www.facebook.com\/informelitoral\/\" \/>\n<meta property=\"article:published_time\" content=\"2025-12-21T12:54:19+00:00\" \/>\n<meta property=\"og:image\" content=\"https:\/\/informelitoral.com.ar\/%77%70%2d%63%6f%6e%74%65%6e%74\/uploads\/2023\/09\/tiempo-nublado-nubes_0.jpg\" \/>\n\t<meta property=\"og:image:width\" content=\"1330\" \/>\n\t<meta property=\"og:image:height\" content=\"880\" \/>\n\t<meta property=\"og:image:type\" content=\"image\/jpeg\" \/>\n<meta name=\"author\" content=\"Gonzalo Schmidt\" \/>\n<meta name=\"twitter:card\" content=\"summary_large_image\" \/>\n<meta name=\"twitter:creator\" content=\"@InformeLitoral\" \/>\n<meta name=\"twitter:site\" content=\"@InformeLitoral\" \/>\n<meta name=\"twitter:label1\" content=\"Escrito por\" \/>\n\t<meta name=\"twitter:data1\" content=\"Gonzalo Schmidt\" \/>\n\t<meta name=\"twitter:label2\" content=\"Tiempo de lectura\" \/>\n\t<meta name=\"twitter:data2\" content=\"2 minutos\" \/>\n<script type=\"application\/ld+json\" class=\"yoast-schema-graph\">{\"@context\":\"https:\\\/\\\/schema.org\",\"@graph\":[{\"@type\":\"Article\",\"@id\":\"https:\\\/\\\/informelitoral.com.ar\\\/el-verano-comienza-inestable-como-estara-el-24-y-25-de-diciembre\\\/#article\",\"isPartOf\":{\"@id\":\"https:\\\/\\\/informelitoral.com.ar\\\/el-verano-comienza-inestable-como-estara-el-24-y-25-de-diciembre\\\/\"},\"author\":{\"name\":\"Gonzalo Schmidt\",\"@id\":\"https:\\\/\\\/informelitoral.com.ar\\\/#\\\/schema\\\/person\\\/b9d00407c836482871ef1d57bf8e3180\"},\"headline\":\"El verano comienza inestable: c\u00f3mo estar\u00e1 el 24 y 25 de diciembre\",\"datePublished\":\"2025-12-21T12:54:19+00:00\",\"mainEntityOfPage\":{\"@id\":\"https:\\\/\\\/informelitoral.com.ar\\\/el-verano-comienza-inestable-como-estara-el-24-y-25-de-diciembre\\\/\"},\"wordCount\":421,\"commentCount\":0,\"publisher\":{\"@id\":\"https:\\\/\\\/informelitoral.com.ar\\\/#organization\"},\"image\":{\"@id\":\"https:\\\/\\\/informelitoral.com.ar\\\/el-verano-comienza-inestable-como-estara-el-24-y-25-de-diciembre\\\/#primaryimage\"},\"thumbnailUrl\":\"https:\\\/\\\/informelitoral.com.ar\\\/%77%70%2d%63%6f%6e%74%65%6e%74\\\/uploads\\\/2023\\\/09\\\/tiempo-nublado-nubes_0.jpg\",\"keywords\":[\"El tiempo\",\"Pron\u00f3stico\",\"SMN\"],\"articleSection\":[\"Entre R\u00edos\"],\"inLanguage\":\"es\",\"potentialAction\":[{\"@type\":\"CommentAction\",\"name\":\"Comment\",\"target\":[\"https:\\\/\\\/informelitoral.com.ar\\\/el-verano-comienza-inestable-como-estara-el-24-y-25-de-diciembre\\\/#respond\"]}]},{\"@type\":\"WebPage\",\"@id\":\"https:\\\/\\\/informelitoral.com.ar\\\/el-verano-comienza-inestable-como-estara-el-24-y-25-de-diciembre\\\/\",\"url\":\"https:\\\/\\\/informelitoral.com.ar\\\/el-verano-comienza-inestable-como-estara-el-24-y-25-de-diciembre\\\/\",\"name\":\"El verano comienza inestable: c\u00f3mo estar\u00e1 el 24 y 25 de diciembre - Informe Litoral\",\"isPartOf\":{\"@id\":\"https:\\\/\\\/informelitoral.com.ar\\\/#website\"},\"primaryImageOfPage\":{\"@id\":\"https:\\\/\\\/informelitoral.com.ar\\\/el-verano-comienza-inestable-como-estara-el-24-y-25-de-diciembre\\\/#primaryimage\"},\"image\":{\"@id\":\"https:\\\/\\\/informelitoral.com.ar\\\/el-verano-comienza-inestable-como-estara-el-24-y-25-de-diciembre\\\/#primaryimage\"},\"thumbnailUrl\":\"https:\\\/\\\/informelitoral.com.ar\\\/%77%70%2d%63%6f%6e%74%65%6e%74\\\/uploads\\\/2023\\\/09\\\/tiempo-nublado-nubes_0.jpg\",\"datePublished\":\"2025-12-21T12:54:19+00:00\",\"breadcrumb\":{\"@id\":\"https:\\\/\\\/informelitoral.com.ar\\\/el-verano-comienza-inestable-como-estara-el-24-y-25-de-diciembre\\\/#breadcrumb\"},\"inLanguage\":\"es\",\"potentialAction\":[{\"@type\":\"ReadAction\",\"target\":[\"https:\\\/\\\/informelitoral.com.ar\\\/el-verano-comienza-inestable-como-estara-el-24-y-25-de-diciembre\\\/\"]}]},{\"@type\":\"ImageObject\",\"inLanguage\":\"es\",\"@id\":\"https:\\\/\\\/informelitoral.com.ar\\\/el-verano-comienza-inestable-como-estara-el-24-y-25-de-diciembre\\\/#primaryimage\",\"url\":\"https:\\\/\\\/informelitoral.com.ar\\\/%77%70%2d%63%6f%6e%74%65%6e%74\\\/uploads\\\/2023\\\/09\\\/tiempo-nublado-nubes_0.jpg\",\"contentUrl\":\"https:\\\/\\\/informelitoral.com.ar\\\/%77%70%2d%63%6f%6e%74%65%6e%74\\\/uploads\\\/2023\\\/09\\\/tiempo-nublado-nubes_0.jpg\",\"width\":1330,\"height\":880},{\"@type\":\"BreadcrumbList\",\"@id\":\"https:\\\/\\\/informelitoral.com.ar\\\/el-verano-comienza-inestable-como-estara-el-24-y-25-de-diciembre\\\/#breadcrumb\",\"itemListElement\":[{\"@type\":\"ListItem\",\"position\":1,\"name\":\"Portada\",\"item\":\"https:\\\/\\\/informelitoral.com.ar\\\/\"},{\"@type\":\"ListItem\",\"position\":2,\"name\":\"El verano comienza inestable: c\u00f3mo estar\u00e1 el 24 y 25 de diciembre\"}]},{\"@type\":\"WebSite\",\"@id\":\"https:\\\/\\\/informelitoral.com.ar\\\/#website\",\"url\":\"https:\\\/\\\/informelitoral.com.ar\\\/\",\"name\":\"Informe Litoral\",\"description\":\"&quot;Nos informamos&quot; \",\"publisher\":{\"@id\":\"https:\\\/\\\/informelitoral.com.ar\\\/#organization\"},\"potentialAction\":[{\"@type\":\"SearchAction\",\"target\":{\"@type\":\"EntryPoint\",\"urlTemplate\":\"https:\\\/\\\/informelitoral.com.ar\\\/?s={search_term_string}\"},\"query-input\":{\"@type\":\"PropertyValueSpecification\",\"valueRequired\":true,\"valueName\":\"search_term_string\"}}],\"inLanguage\":\"es\"},{\"@type\":\"Organization\",\"@id\":\"https:\\\/\\\/informelitoral.com.ar\\\/#organization\",\"name\":\"Informe Litoral\",\"url\":\"https:\\\/\\\/informelitoral.com.ar\\\/\",\"logo\":{\"@type\":\"ImageObject\",\"inLanguage\":\"es\",\"@id\":\"https:\\\/\\\/informelitoral.com.ar\\\/#\\\/schema\\\/logo\\\/image\\\/\",\"url\":\"https:\\\/\\\/informelitoral.com.ar\\\/%77%70%2d%63%6f%6e%74%65%6e%74\\\/uploads\\\/2021\\\/01\\\/circulo.png\",\"contentUrl\":\"https:\\\/\\\/informelitoral.com.ar\\\/%77%70%2d%63%6f%6e%74%65%6e%74\\\/uploads\\\/2021\\\/01\\\/circulo.png\",\"width\":723,\"height\":731,\"caption\":\"Informe Litoral\"},\"image\":{\"@id\":\"https:\\\/\\\/informelitoral.com.ar\\\/#\\\/schema\\\/logo\\\/image\\\/\"},\"sameAs\":[\"https:\\\/\\\/www.facebook.com\\\/informelitoral\\\/\",\"https:\\\/\\\/x.com\\\/InformeLitoral\",\"https:\\\/\\\/www.instagram.com\\\/informelitoral\\\/\",\"https:\\\/\\\/www.youtube.com\\\/channel\\\/UCua4Qvz8Icb6MYqhoq9xLXw\"]},{\"@type\":\"Person\",\"@id\":\"https:\\\/\\\/informelitoral.com.ar\\\/#\\\/schema\\\/person\\\/b9d00407c836482871ef1d57bf8e3180\",\"name\":\"Gonzalo Schmidt\",\"image\":{\"@type\":\"ImageObject\",\"inLanguage\":\"es\",\"@id\":\"https:\\\/\\\/secure.gravatar.com\\\/avatar\\\/31a1a7b66ff2de83bd0e9fd79d026630d2d99e55e8bfe501287647b4fd9743de?s=96&d=mm&r=g\",\"url\":\"https:\\\/\\\/secure.gravatar.com\\\/avatar\\\/31a1a7b66ff2de83bd0e9fd79d026630d2d99e55e8bfe501287647b4fd9743de?s=96&d=mm&r=g\",\"contentUrl\":\"https:\\\/\\\/secure.gravatar.com\\\/avatar\\\/31a1a7b66ff2de83bd0e9fd79d026630d2d99e55e8bfe501287647b4fd9743de?s=96&d=mm&r=g\",\"caption\":\"Gonzalo Schmidt\"},\"description\":\"Sitio web de noticias de la provincia de Entre R\u00edos, Argentina. Informaci\u00f3n y entretenimiento. Informe Litoral, nos informamos.\",\"sameAs\":[\"http:\\\/\\\/www.isletasnoticias.com.ar\"],\"url\":\"https:\\\/\\\/informelitoral.com.ar\\\/author\\\/gonzalo\\\/\"}]}<\/script>","yoast_head_json":{"title":"El verano comienza inestable: c\u00f3mo estar\u00e1 el 24 y 25 de diciembre - Informe Litoral","robots":{"index":"index","follow":"follow","max-snippet":"max-snippet:-1","max-image-preview":"max-image-preview:large","max-video-preview":"max-video-preview:-1"},"canonical":"https:\/\/informelitoral.com.ar\/el-verano-comienza-inestable-como-estara-el-24-y-25-de-diciembre\/","og_locale":"es_ES","og_type":"article","og_title":"El verano comienza inestable: c\u00f3mo estar\u00e1 el 24 y 25 de diciembre - Informe Litoral","og_description":"Durante este domingo 21 se mantiene presente la posibilidad de lluvias durante todo el d\u00eda. El lunes tambi\u00e9n hay alerta por tormentas y el martes empezar\u00e1 a mejorar. Las temperaturas bajaron levemente tras las precipitaciones.","og_url":"https:\/\/informelitoral.com.ar\/el-verano-comienza-inestable-como-estara-el-24-y-25-de-diciembre\/","og_site_name":"Informe Litoral","article_publisher":"https:\/\/www.facebook.com\/informelitoral\/","article_published_time":"2025-12-21T12:54:19+00:00","og_image":[{"width":1330,"height":880,"url":"https:\/\/informelitoral.com.ar\/%77%70%2d%63%6f%6e%74%65%6e%74\/uploads\/2023\/09\/tiempo-nublado-nubes_0.jpg","type":"image\/jpeg"}],"author":"Gonzalo Schmidt","twitter_card":"summary_large_image","twitter_creator":"@InformeLitoral","twitter_site":"@InformeLitoral","twitter_misc":{"Escrito por":"Gonzalo Schmidt","Tiempo de lectura":"2 minutos"},"schema":{"@context":"https:\/\/schema.org","@graph":[{"@type":"Article","@id":"https:\/\/informelitoral.com.ar\/el-verano-comienza-inestable-como-estara-el-24-y-25-de-diciembre\/#article","isPartOf":{"@id":"https:\/\/informelitoral.com.ar\/el-verano-comienza-inestable-como-estara-el-24-y-25-de-diciembre\/"},"author":{"name":"Gonzalo Schmidt","@id":"https:\/\/informelitoral.com.ar\/#\/schema\/person\/b9d00407c836482871ef1d57bf8e3180"},"headline":"El verano comienza inestable: c\u00f3mo estar\u00e1 el 24 y 25 de diciembre","datePublished":"2025-12-21T12:54:19+00:00","mainEntityOfPage":{"@id":"https:\/\/informelitoral.com.ar\/el-verano-comienza-inestable-como-estara-el-24-y-25-de-diciembre\/"},"wordCount":421,"commentCount":0,"publisher":{"@id":"https:\/\/informelitoral.com.ar\/#organization"},"image":{"@id":"https:\/\/informelitoral.com.ar\/el-verano-comienza-inestable-como-estara-el-24-y-25-de-diciembre\/#primaryimage"},"thumbnailUrl":"https:\/\/informelitoral.com.ar\/%77%70%2d%63%6f%6e%74%65%6e%74\/uploads\/2023\/09\/tiempo-nublado-nubes_0.jpg","keywords":["El tiempo","Pron\u00f3stico","SMN"],"articleSection":["Entre R\u00edos"],"inLanguage":"es","potentialAction":[{"@type":"CommentAction","name":"Comment","target":["https:\/\/informelitoral.com.ar\/el-verano-comienza-inestable-como-estara-el-24-y-25-de-diciembre\/#respond"]}]},{"@type":"WebPage","@id":"https:\/\/informelitoral.com.ar\/el-verano-comienza-inestable-como-estara-el-24-y-25-de-diciembre\/","url":"https:\/\/informelitoral.com.ar\/el-verano-comienza-inestable-como-estara-el-24-y-25-de-diciembre\/","name":"El verano comienza inestable: c\u00f3mo estar\u00e1 el 24 y 25 de diciembre - Informe Litoral","isPartOf":{"@id":"https:\/\/informelitoral.com.ar\/#website"},"primaryImageOfPage":{"@id":"https:\/\/informelitoral.com.ar\/el-verano-comienza-inestable-como-estara-el-24-y-25-de-diciembre\/#primaryimage"},"image":{"@id":"https:\/\/informelitoral.com.ar\/el-verano-comienza-inestable-como-estara-el-24-y-25-de-diciembre\/#primaryimage"},"thumbnailUrl":"https:\/\/informelitoral.com.ar\/%77%70%2d%63%6f%6e%74%65%6e%74\/uploads\/2023\/09\/tiempo-nublado-nubes_0.jpg","datePublished":"2025-12-21T12:54:19+00:00","breadcrumb":{"@id":"https:\/\/informelitoral.com.ar\/el-verano-comienza-inestable-como-estara-el-24-y-25-de-diciembre\/#breadcrumb"},"inLanguage":"es","potentialAction":[{"@type":"ReadAction","target":["https:\/\/informelitoral.com.ar\/el-verano-comienza-inestable-como-estara-el-24-y-25-de-diciembre\/"]}]},{"@type":"ImageObject","inLanguage":"es","@id":"https:\/\/informelitoral.com.ar\/el-verano-comienza-inestable-como-estara-el-24-y-25-de-diciembre\/#primaryimage","url":"https:\/\/informelitoral.com.ar\/%77%70%2d%63%6f%6e%74%65%6e%74\/uploads\/2023\/09\/tiempo-nublado-nubes_0.jpg","contentUrl":"https:\/\/informelitoral.com.ar\/%77%70%2d%63%6f%6e%74%65%6e%74\/uploads\/2023\/09\/tiempo-nublado-nubes_0.jpg","width":1330,"height":880},{"@type":"BreadcrumbList","@id":"https:\/\/informelitoral.com.ar\/el-verano-comienza-inestable-como-estara-el-24-y-25-de-diciembre\/#breadcrumb","itemListElement":[{"@type":"ListItem","position":1,"name":"Portada","item":"https:\/\/informelitoral.com.ar\/"},{"@type":"ListItem","position":2,"name":"El verano comienza inestable: c\u00f3mo estar\u00e1 el 24 y 25 de diciembre"}]},{"@type":"WebSite","@id":"https:\/\/informelitoral.com.ar\/#website","url":"https:\/\/informelitoral.com.ar\/","name":"Informe Litoral","description":"&quot;Nos informamos&quot; ","publisher":{"@id":"https:\/\/informelitoral.com.ar\/#organization"},"potentialAction":[{"@type":"SearchAction","target":{"@type":"EntryPoint","urlTemplate":"https:\/\/informelitoral.com.ar\/?s={search_term_string}"},"query-input":{"@type":"PropertyValueSpecification","valueRequired":true,"valueName":"search_term_string"}}],"inLanguage":"es"},{"@type":"Organization","@id":"https:\/\/informelitoral.com.ar\/#organization","name":"Informe Litoral","url":"https:\/\/informelitoral.com.ar\/","logo":{"@type":"ImageObject","inLanguage":"es","@id":"https:\/\/informelitoral.com.ar\/#\/schema\/logo\/image\/","url":"https:\/\/informelitoral.com.ar\/%77%70%2d%63%6f%6e%74%65%6e%74\/uploads\/2021\/01\/circulo.png","contentUrl":"https:\/\/informelitoral.com.ar\/%77%70%2d%63%6f%6e%74%65%6e%74\/uploads\/2021\/01\/circulo.png","width":723,"height":731,"caption":"Informe Litoral"},"image":{"@id":"https:\/\/informelitoral.com.ar\/#\/schema\/logo\/image\/"},"sameAs":["https:\/\/www.facebook.com\/informelitoral\/","https:\/\/x.com\/InformeLitoral","https:\/\/www.instagram.com\/informelitoral\/","https:\/\/www.youtube.com\/channel\/UCua4Qvz8Icb6MYqhoq9xLXw"]},{"@type":"Person","@id":"https:\/\/informelitoral.com.ar\/#\/schema\/person\/b9d00407c836482871ef1d57bf8e3180","name":"Gonzalo Schmidt","image":{"@type":"ImageObject","inLanguage":"es","@id":"https:\/\/secure.gravatar.com\/avatar\/31a1a7b66ff2de83bd0e9fd79d026630d2d99e55e8bfe501287647b4fd9743de?s=96&d=mm&r=g","url":"https:\/\/secure.gravatar.com\/avatar\/31a1a7b66ff2de83bd0e9fd79d026630d2d99e55e8bfe501287647b4fd9743de?s=96&d=mm&r=g","contentUrl":"https:\/\/secure.gravatar.com\/avatar\/31a1a7b66ff2de83bd0e9fd79d026630d2d99e55e8bfe501287647b4fd9743de?s=96&d=mm&r=g","caption":"Gonzalo Schmidt"},"description":"Sitio web de noticias de la provincia de Entre R\u00edos, Argentina. Informaci\u00f3n y entretenimiento. Informe Litoral, nos informamos.","sameAs":["http:\/\/www.isletasnoticias.com.ar"],"url":"https:\/\/informelitoral.com.ar\/author\/gonzalo\/"}]}},"_links":{"self":[{"href":"https:\/\/informelitoral.com.ar\/%77%70%2d%6a%73%6f%6e\/wp\/v2\/posts\/244455","targetHints":{"allow":["GET"]}}],"collection":[{"href":"https:\/\/informelitoral.com.ar\/%77%70%2d%6a%73%6f%6e\/wp\/v2\/posts"}],"about":[{"href":"https:\/\/informelitoral.com.ar\/%77%70%2d%6a%73%6f%6e\/wp\/v2\/types\/post"}],"author":[{"embeddable":true,"href":"https:\/\/informelitoral.com.ar\/%77%70%2d%6a%73%6f%6e\/wp\/v2\/users\/2"}],"replies":[{"embeddable":true,"href":"https:\/\/informelitoral.com.ar\/%77%70%2d%6a%73%6f%6e\/wp\/v2\/comments?post=244455"}],"version-history":[{"count":1,"href":"https:\/\/informelitoral.com.ar\/%77%70%2d%6a%73%6f%6e\/wp\/v2\/posts\/244455\/revisions"}],"predecessor-version":[{"id":244456,"href":"https:\/\/informelitoral.com.ar\/%77%70%2d%6a%73%6f%6e\/wp\/v2\/posts\/244455\/revisions\/244456"}],"wp:featuredmedia":[{"embeddable":true,"href":"https:\/\/informelitoral.com.ar\/%77%70%2d%6a%73%6f%6e\/wp\/v2\/media\/165513"}],"wp:attachment":[{"href":"https:\/\/informelitoral.com.ar\/%77%70%2d%6a%73%6f%6e\/wp\/v2\/media?parent=244455"}],"wp:term":[{"taxonomy":"category","embeddable":true,"href":"https:\/\/informelitoral.com.ar\/%77%70%2d%6a%73%6f%6e\/wp\/v2\/categories?post=244455"},{"taxonomy":"post_tag","embeddable":true,"href":"https:\/\/informelitoral.com.ar\/%77%70%2d%6a%73%6f%6e\/wp\/v2\/tags?post=244455"}],"curies":[{"name":"wp","href":"https:\/\/api.w.org\/{rel}","templated":true}]}}