{"id":244394,"date":"2025-12-19T13:03:17","date_gmt":"2025-12-19T16:03:17","guid":{"rendered":"https:\/\/informelitoral.com.ar\/?p=244394"},"modified":"2025-12-20T09:37:37","modified_gmt":"2025-12-20T12:37:37","slug":"244394-2","status":"publish","type":"post","link":"https:\/\/informelitoral.com.ar\/244394-2\/","title":{"rendered":"Se realizar\u00e1 la Feria Navide\u00f1a en Aranguren"},"content":{"rendered":"<p data-path-to-node=\"4\">El pr\u00f3ximo <b data-path-to-node=\"4\" data-index-in-node=\"127\">martes 23 de diciembre<\/b>, a partir de las <b data-path-to-node=\"4\" data-index-in-node=\"167\">20:00<\/b>, se llevar\u00e1 a cabo la gran <b data-path-to-node=\"4\" data-index-in-node=\"206\">Feria Navide\u00f1a<\/b> en la zona del Reloj sobre la Avenida 22 de Julio.<\/p>\n<p data-path-to-node=\"5\">La iniciativa, impulsada por el municipio, tiene como objetivo central el alivio econ\u00f3mico para las familias de la zona a trav\u00e9s de la <b data-path-to-node=\"5\" data-index-in-node=\"135\">venta de alimentos subsidiados<\/b>. Seg\u00fan se inform\u00f3, los asistentes podr\u00e1n adquirir carne, cordero, frutas, productos de campo y art\u00edculos de panificaci\u00f3n tradicionales como pan dulce y budines a precios promocionales.<\/p>\n<h6 data-path-to-node=\"5\"><em><strong>Del archivo:\u00a0<a href=\"https:\/\/informelitoral.com.ar\/aranguren-abrio-licitacion-para-la-concesion-del-buffet-del-polideportivo-municipal\/\" target=\"_blank\" rel=\"noopener\">Aranguren abri\u00f3 licitaci\u00f3n para la concesi\u00f3n del buffet del Polideportivo Municipal<\/a><\/strong><\/em><\/h6>\n<p data-path-to-node=\"6\">Adem\u00e1s del mercado de alimentos, el evento contar\u00e1 con un <b data-path-to-node=\"6\" data-index-in-node=\"58\">Paseo de Emprendedores Locales<\/b>, brindando una vitrina para el trabajo artesanal de la comunidad.<\/p>\n<p data-path-to-node=\"7\">La jornada no ser\u00e1 \u00fanicamente comercial, sino que se plantea como una verdadera fiesta popular. La cartelera musical estar\u00e1 encabezada por las agrupaciones <b data-path-to-node=\"7\" data-index-in-node=\"175\">Origen Litoral<\/b> y <b data-path-to-node=\"7\" data-index-in-node=\"192\">Te Re Suena<\/b>.<\/p>\n<p data-path-to-node=\"8\">Para los m\u00e1s peque\u00f1os, se confirm\u00f3 la <b data-path-to-node=\"8\" data-index-in-node=\"38\">visita de Pap\u00e1 Noel<\/b>, quien recorrer\u00e1 el predio repartiendo golosinas. Asimismo, se realizar\u00e1 el sorteo de una canasta navide\u00f1a entre los presentes. La entrada es <b data-path-to-node=\"8\" data-index-in-node=\"200\">libre y gratuita<\/b>, invitando a todos los vecinos a compartir el cierre del calendario previo a las fiestas. <em>(Informe Litoral)<\/em><\/p>\n","protected":false},"excerpt":{"rendered":"<p>El evento se desarrollar\u00e1 el pr\u00f3ximo martes 23 de diciembre en la Avenida 22 de Julio, ofreciendo productos regionales a precios accesibles y el tradicional paseo de emprendedores locales.<\/p>\n","protected":false},"author":8,"featured_media":205995,"comment_status":"open","ping_status":"open","sticky":false,"template":"","format":"standard","meta":{"fifu_image_url":"","fifu_image_alt":"","footnotes":""},"categories":[4592],"tags":[143,6331,1580,201],"class_list":{"0":"post-244394","1":"post","2":"type-post","3":"status-publish","4":"format-standard","5":"has-post-thumbnail","7":"category-departamento-nogoya","8":"tag-aranguren","9":"tag-feria-navidena","10":"tag-municipalidad-de-aranguren","11":"tag-municipios"},"yoast_head":"<title>Se realizar\u00e1 la Feria Navide\u00f1a en Aranguren - Informe Litoral<\/title>\n<meta name=\"robots\" content=\"index, follow, max-snippet:-1, max-image-preview:large, max-video-preview:-1\" \/>\n<link rel=\"canonical\" href=\"https:\/\/informelitoral.com.ar\/244394-2\/\" \/>\n<meta property=\"og:locale\" content=\"es_ES\" \/>\n<meta property=\"og:type\" content=\"article\" \/>\n<meta property=\"og:title\" content=\"Se realizar\u00e1 la Feria Navide\u00f1a en Aranguren - Informe Litoral\" \/>\n<meta property=\"og:description\" content=\"El evento se desarrollar\u00e1 el pr\u00f3ximo martes 23 de diciembre en la Avenida 22 de Julio, ofreciendo productos regionales a precios accesibles y el tradicional paseo de emprendedores locales.\" \/>\n<meta property=\"og:url\" content=\"https:\/\/informelitoral.com.ar\/244394-2\/\" \/>\n<meta property=\"og:site_name\" content=\"Informe Litoral\" \/>\n<meta property=\"article:publisher\" content=\"https:\/\/www.facebook.com\/informelitoral\/\" \/>\n<meta property=\"article:published_time\" content=\"2025-12-19T16:03:17+00:00\" \/>\n<meta property=\"article:modified_time\" content=\"2025-12-20T12:37:37+00:00\" \/>\n<meta property=\"og:image\" content=\"https:\/\/informelitoral.com.ar\/%77%70%2d%63%6f%6e%74%65%6e%74\/uploads\/2024\/12\/arbol-navidad-fiestas.webp\" \/>\n\t<meta property=\"og:image:width\" content=\"655\" \/>\n\t<meta property=\"og:image:height\" content=\"368\" \/>\n\t<meta property=\"og:image:type\" content=\"image\/webp\" \/>\n<meta name=\"author\" content=\"Sebastian\" \/>\n<meta name=\"twitter:card\" content=\"summary_large_image\" \/>\n<meta name=\"twitter:creator\" content=\"@InformeLitoral\" \/>\n<meta name=\"twitter:site\" content=\"@InformeLitoral\" \/>\n<meta name=\"twitter:label1\" content=\"Escrito por\" \/>\n\t<meta name=\"twitter:data1\" content=\"Sebastian\" \/>\n\t<meta name=\"twitter:label2\" content=\"Tiempo de lectura\" \/>\n\t<meta name=\"twitter:data2\" content=\"2 minutos\" \/>\n<script type=\"application\/ld+json\" class=\"yoast-schema-graph\">{\"@context\":\"https:\\\/\\\/schema.org\",\"@graph\":[{\"@type\":\"Article\",\"@id\":\"https:\\\/\\\/informelitoral.com.ar\\\/244394-2\\\/#article\",\"isPartOf\":{\"@id\":\"https:\\\/\\\/informelitoral.com.ar\\\/244394-2\\\/\"},\"author\":{\"name\":\"Sebastian\",\"@id\":\"https:\\\/\\\/informelitoral.com.ar\\\/#\\\/schema\\\/person\\\/f05f9f461677119578717524b127d6d5\"},\"headline\":\"Se realizar\u00e1 la Feria Navide\u00f1a en Aranguren\",\"datePublished\":\"2025-12-19T16:03:17+00:00\",\"dateModified\":\"2025-12-20T12:37:37+00:00\",\"mainEntityOfPage\":{\"@id\":\"https:\\\/\\\/informelitoral.com.ar\\\/244394-2\\\/\"},\"wordCount\":220,\"commentCount\":0,\"publisher\":{\"@id\":\"https:\\\/\\\/informelitoral.com.ar\\\/#organization\"},\"image\":{\"@id\":\"https:\\\/\\\/informelitoral.com.ar\\\/244394-2\\\/#primaryimage\"},\"thumbnailUrl\":\"https:\\\/\\\/informelitoral.com.ar\\\/%77%70%2d%63%6f%6e%74%65%6e%74\\\/uploads\\\/2024\\\/12\\\/arbol-navidad-fiestas.webp\",\"keywords\":[\"Aranguren\",\"Feria Navide\u00f1a\",\"Municipalidad de Aranguren\",\"Municipios\"],\"articleSection\":[\"Departamento Nogoy\u00e1\"],\"inLanguage\":\"es\",\"potentialAction\":[{\"@type\":\"CommentAction\",\"name\":\"Comment\",\"target\":[\"https:\\\/\\\/informelitoral.com.ar\\\/244394-2\\\/#respond\"]}]},{\"@type\":\"WebPage\",\"@id\":\"https:\\\/\\\/informelitoral.com.ar\\\/244394-2\\\/\",\"url\":\"https:\\\/\\\/informelitoral.com.ar\\\/244394-2\\\/\",\"name\":\"Se realizar\u00e1 la Feria Navide\u00f1a en Aranguren - Informe Litoral\",\"isPartOf\":{\"@id\":\"https:\\\/\\\/informelitoral.com.ar\\\/#website\"},\"primaryImageOfPage\":{\"@id\":\"https:\\\/\\\/informelitoral.com.ar\\\/244394-2\\\/#primaryimage\"},\"image\":{\"@id\":\"https:\\\/\\\/informelitoral.com.ar\\\/244394-2\\\/#primaryimage\"},\"thumbnailUrl\":\"https:\\\/\\\/informelitoral.com.ar\\\/%77%70%2d%63%6f%6e%74%65%6e%74\\\/uploads\\\/2024\\\/12\\\/arbol-navidad-fiestas.webp\",\"datePublished\":\"2025-12-19T16:03:17+00:00\",\"dateModified\":\"2025-12-20T12:37:37+00:00\",\"breadcrumb\":{\"@id\":\"https:\\\/\\\/informelitoral.com.ar\\\/244394-2\\\/#breadcrumb\"},\"inLanguage\":\"es\",\"potentialAction\":[{\"@type\":\"ReadAction\",\"target\":[\"https:\\\/\\\/informelitoral.com.ar\\\/244394-2\\\/\"]}]},{\"@type\":\"ImageObject\",\"inLanguage\":\"es\",\"@id\":\"https:\\\/\\\/informelitoral.com.ar\\\/244394-2\\\/#primaryimage\",\"url\":\"https:\\\/\\\/informelitoral.com.ar\\\/%77%70%2d%63%6f%6e%74%65%6e%74\\\/uploads\\\/2024\\\/12\\\/arbol-navidad-fiestas.webp\",\"contentUrl\":\"https:\\\/\\\/informelitoral.com.ar\\\/%77%70%2d%63%6f%6e%74%65%6e%74\\\/uploads\\\/2024\\\/12\\\/arbol-navidad-fiestas.webp\",\"width\":655,\"height\":368},{\"@type\":\"BreadcrumbList\",\"@id\":\"https:\\\/\\\/informelitoral.com.ar\\\/244394-2\\\/#breadcrumb\",\"itemListElement\":[{\"@type\":\"ListItem\",\"position\":1,\"name\":\"Portada\",\"item\":\"https:\\\/\\\/informelitoral.com.ar\\\/\"},{\"@type\":\"ListItem\",\"position\":2,\"name\":\"Se realizar\u00e1 la Feria Navide\u00f1a en Aranguren\"}]},{\"@type\":\"WebSite\",\"@id\":\"https:\\\/\\\/informelitoral.com.ar\\\/#website\",\"url\":\"https:\\\/\\\/informelitoral.com.ar\\\/\",\"name\":\"Informe Litoral\",\"description\":\"&quot;Nos informamos&quot; \",\"publisher\":{\"@id\":\"https:\\\/\\\/informelitoral.com.ar\\\/#organization\"},\"potentialAction\":[{\"@type\":\"SearchAction\",\"target\":{\"@type\":\"EntryPoint\",\"urlTemplate\":\"https:\\\/\\\/informelitoral.com.ar\\\/?s={search_term_string}\"},\"query-input\":{\"@type\":\"PropertyValueSpecification\",\"valueRequired\":true,\"valueName\":\"search_term_string\"}}],\"inLanguage\":\"es\"},{\"@type\":\"Organization\",\"@id\":\"https:\\\/\\\/informelitoral.com.ar\\\/#organization\",\"name\":\"Informe Litoral\",\"url\":\"https:\\\/\\\/informelitoral.com.ar\\\/\",\"logo\":{\"@type\":\"ImageObject\",\"inLanguage\":\"es\",\"@id\":\"https:\\\/\\\/informelitoral.com.ar\\\/#\\\/schema\\\/logo\\\/image\\\/\",\"url\":\"https:\\\/\\\/informelitoral.com.ar\\\/%77%70%2d%63%6f%6e%74%65%6e%74\\\/uploads\\\/2021\\\/01\\\/circulo.png\",\"contentUrl\":\"https:\\\/\\\/informelitoral.com.ar\\\/%77%70%2d%63%6f%6e%74%65%6e%74\\\/uploads\\\/2021\\\/01\\\/circulo.png\",\"width\":723,\"height\":731,\"caption\":\"Informe Litoral\"},\"image\":{\"@id\":\"https:\\\/\\\/informelitoral.com.ar\\\/#\\\/schema\\\/logo\\\/image\\\/\"},\"sameAs\":[\"https:\\\/\\\/www.facebook.com\\\/informelitoral\\\/\",\"https:\\\/\\\/x.com\\\/InformeLitoral\",\"https:\\\/\\\/www.instagram.com\\\/informelitoral\\\/\",\"https:\\\/\\\/www.youtube.com\\\/channel\\\/UCua4Qvz8Icb6MYqhoq9xLXw\"]},{\"@type\":\"Person\",\"@id\":\"https:\\\/\\\/informelitoral.com.ar\\\/#\\\/schema\\\/person\\\/f05f9f461677119578717524b127d6d5\",\"name\":\"Sebastian\",\"image\":{\"@type\":\"ImageObject\",\"inLanguage\":\"es\",\"@id\":\"https:\\\/\\\/secure.gravatar.com\\\/avatar\\\/b71bf7481d447dfb9583c7f2798e7cc64de6efb9067b74633ed8c31059a3bd82?s=96&d=mm&r=g\",\"url\":\"https:\\\/\\\/secure.gravatar.com\\\/avatar\\\/b71bf7481d447dfb9583c7f2798e7cc64de6efb9067b74633ed8c31059a3bd82?s=96&d=mm&r=g\",\"contentUrl\":\"https:\\\/\\\/secure.gravatar.com\\\/avatar\\\/b71bf7481d447dfb9583c7f2798e7cc64de6efb9067b74633ed8c31059a3bd82?s=96&d=mm&r=g\",\"caption\":\"Sebastian\"},\"url\":\"https:\\\/\\\/informelitoral.com.ar\\\/author\\\/sebastian\\\/\"}]}<\/script>","yoast_head_json":{"title":"Se realizar\u00e1 la Feria Navide\u00f1a en Aranguren - Informe Litoral","robots":{"index":"index","follow":"follow","max-snippet":"max-snippet:-1","max-image-preview":"max-image-preview:large","max-video-preview":"max-video-preview:-1"},"canonical":"https:\/\/informelitoral.com.ar\/244394-2\/","og_locale":"es_ES","og_type":"article","og_title":"Se realizar\u00e1 la Feria Navide\u00f1a en Aranguren - Informe Litoral","og_description":"El evento se desarrollar\u00e1 el pr\u00f3ximo martes 23 de diciembre en la Avenida 22 de Julio, ofreciendo productos regionales a precios accesibles y el tradicional paseo de emprendedores locales.","og_url":"https:\/\/informelitoral.com.ar\/244394-2\/","og_site_name":"Informe Litoral","article_publisher":"https:\/\/www.facebook.com\/informelitoral\/","article_published_time":"2025-12-19T16:03:17+00:00","article_modified_time":"2025-12-20T12:37:37+00:00","og_image":[{"width":655,"height":368,"url":"https:\/\/informelitoral.com.ar\/%77%70%2d%63%6f%6e%74%65%6e%74\/uploads\/2024\/12\/arbol-navidad-fiestas.webp","type":"image\/webp"}],"author":"Sebastian","twitter_card":"summary_large_image","twitter_creator":"@InformeLitoral","twitter_site":"@InformeLitoral","twitter_misc":{"Escrito por":"Sebastian","Tiempo de lectura":"2 minutos"},"schema":{"@context":"https:\/\/schema.org","@graph":[{"@type":"Article","@id":"https:\/\/informelitoral.com.ar\/244394-2\/#article","isPartOf":{"@id":"https:\/\/informelitoral.com.ar\/244394-2\/"},"author":{"name":"Sebastian","@id":"https:\/\/informelitoral.com.ar\/#\/schema\/person\/f05f9f461677119578717524b127d6d5"},"headline":"Se realizar\u00e1 la Feria Navide\u00f1a en Aranguren","datePublished":"2025-12-19T16:03:17+00:00","dateModified":"2025-12-20T12:37:37+00:00","mainEntityOfPage":{"@id":"https:\/\/informelitoral.com.ar\/244394-2\/"},"wordCount":220,"commentCount":0,"publisher":{"@id":"https:\/\/informelitoral.com.ar\/#organization"},"image":{"@id":"https:\/\/informelitoral.com.ar\/244394-2\/#primaryimage"},"thumbnailUrl":"https:\/\/informelitoral.com.ar\/%77%70%2d%63%6f%6e%74%65%6e%74\/uploads\/2024\/12\/arbol-navidad-fiestas.webp","keywords":["Aranguren","Feria Navide\u00f1a","Municipalidad de Aranguren","Municipios"],"articleSection":["Departamento Nogoy\u00e1"],"inLanguage":"es","potentialAction":[{"@type":"CommentAction","name":"Comment","target":["https:\/\/informelitoral.com.ar\/244394-2\/#respond"]}]},{"@type":"WebPage","@id":"https:\/\/informelitoral.com.ar\/244394-2\/","url":"https:\/\/informelitoral.com.ar\/244394-2\/","name":"Se realizar\u00e1 la Feria Navide\u00f1a en Aranguren - Informe Litoral","isPartOf":{"@id":"https:\/\/informelitoral.com.ar\/#website"},"primaryImageOfPage":{"@id":"https:\/\/informelitoral.com.ar\/244394-2\/#primaryimage"},"image":{"@id":"https:\/\/informelitoral.com.ar\/244394-2\/#primaryimage"},"thumbnailUrl":"https:\/\/informelitoral.com.ar\/%77%70%2d%63%6f%6e%74%65%6e%74\/uploads\/2024\/12\/arbol-navidad-fiestas.webp","datePublished":"2025-12-19T16:03:17+00:00","dateModified":"2025-12-20T12:37:37+00:00","breadcrumb":{"@id":"https:\/\/informelitoral.com.ar\/244394-2\/#breadcrumb"},"inLanguage":"es","potentialAction":[{"@type":"ReadAction","target":["https:\/\/informelitoral.com.ar\/244394-2\/"]}]},{"@type":"ImageObject","inLanguage":"es","@id":"https:\/\/informelitoral.com.ar\/244394-2\/#primaryimage","url":"https:\/\/informelitoral.com.ar\/%77%70%2d%63%6f%6e%74%65%6e%74\/uploads\/2024\/12\/arbol-navidad-fiestas.webp","contentUrl":"https:\/\/informelitoral.com.ar\/%77%70%2d%63%6f%6e%74%65%6e%74\/uploads\/2024\/12\/arbol-navidad-fiestas.webp","width":655,"height":368},{"@type":"BreadcrumbList","@id":"https:\/\/informelitoral.com.ar\/244394-2\/#breadcrumb","itemListElement":[{"@type":"ListItem","position":1,"name":"Portada","item":"https:\/\/informelitoral.com.ar\/"},{"@type":"ListItem","position":2,"name":"Se realizar\u00e1 la Feria Navide\u00f1a en Aranguren"}]},{"@type":"WebSite","@id":"https:\/\/informelitoral.com.ar\/#website","url":"https:\/\/informelitoral.com.ar\/","name":"Informe Litoral","description":"&quot;Nos informamos&quot; ","publisher":{"@id":"https:\/\/informelitoral.com.ar\/#organization"},"potentialAction":[{"@type":"SearchAction","target":{"@type":"EntryPoint","urlTemplate":"https:\/\/informelitoral.com.ar\/?s={search_term_string}"},"query-input":{"@type":"PropertyValueSpecification","valueRequired":true,"valueName":"search_term_string"}}],"inLanguage":"es"},{"@type":"Organization","@id":"https:\/\/informelitoral.com.ar\/#organization","name":"Informe Litoral","url":"https:\/\/informelitoral.com.ar\/","logo":{"@type":"ImageObject","inLanguage":"es","@id":"https:\/\/informelitoral.com.ar\/#\/schema\/logo\/image\/","url":"https:\/\/informelitoral.com.ar\/%77%70%2d%63%6f%6e%74%65%6e%74\/uploads\/2021\/01\/circulo.png","contentUrl":"https:\/\/informelitoral.com.ar\/%77%70%2d%63%6f%6e%74%65%6e%74\/uploads\/2021\/01\/circulo.png","width":723,"height":731,"caption":"Informe Litoral"},"image":{"@id":"https:\/\/informelitoral.com.ar\/#\/schema\/logo\/image\/"},"sameAs":["https:\/\/www.facebook.com\/informelitoral\/","https:\/\/x.com\/InformeLitoral","https:\/\/www.instagram.com\/informelitoral\/","https:\/\/www.youtube.com\/channel\/UCua4Qvz8Icb6MYqhoq9xLXw"]},{"@type":"Person","@id":"https:\/\/informelitoral.com.ar\/#\/schema\/person\/f05f9f461677119578717524b127d6d5","name":"Sebastian","image":{"@type":"ImageObject","inLanguage":"es","@id":"https:\/\/secure.gravatar.com\/avatar\/b71bf7481d447dfb9583c7f2798e7cc64de6efb9067b74633ed8c31059a3bd82?s=96&d=mm&r=g","url":"https:\/\/secure.gravatar.com\/avatar\/b71bf7481d447dfb9583c7f2798e7cc64de6efb9067b74633ed8c31059a3bd82?s=96&d=mm&r=g","contentUrl":"https:\/\/secure.gravatar.com\/avatar\/b71bf7481d447dfb9583c7f2798e7cc64de6efb9067b74633ed8c31059a3bd82?s=96&d=mm&r=g","caption":"Sebastian"},"url":"https:\/\/informelitoral.com.ar\/author\/sebastian\/"}]}},"_links":{"self":[{"href":"https:\/\/informelitoral.com.ar\/%77%70%2d%6a%73%6f%6e\/wp\/v2\/posts\/244394","targetHints":{"allow":["GET"]}}],"collection":[{"href":"https:\/\/informelitoral.com.ar\/%77%70%2d%6a%73%6f%6e\/wp\/v2\/posts"}],"about":[{"href":"https:\/\/informelitoral.com.ar\/%77%70%2d%6a%73%6f%6e\/wp\/v2\/types\/post"}],"author":[{"embeddable":true,"href":"https:\/\/informelitoral.com.ar\/%77%70%2d%6a%73%6f%6e\/wp\/v2\/users\/8"}],"replies":[{"embeddable":true,"href":"https:\/\/informelitoral.com.ar\/%77%70%2d%6a%73%6f%6e\/wp\/v2\/comments?post=244394"}],"version-history":[{"count":5,"href":"https:\/\/informelitoral.com.ar\/%77%70%2d%6a%73%6f%6e\/wp\/v2\/posts\/244394\/revisions"}],"predecessor-version":[{"id":244428,"href":"https:\/\/informelitoral.com.ar\/%77%70%2d%6a%73%6f%6e\/wp\/v2\/posts\/244394\/revisions\/244428"}],"wp:featuredmedia":[{"embeddable":true,"href":"https:\/\/informelitoral.com.ar\/%77%70%2d%6a%73%6f%6e\/wp\/v2\/media\/205995"}],"wp:attachment":[{"href":"https:\/\/informelitoral.com.ar\/%77%70%2d%6a%73%6f%6e\/wp\/v2\/media?parent=244394"}],"wp:term":[{"taxonomy":"category","embeddable":true,"href":"https:\/\/informelitoral.com.ar\/%77%70%2d%6a%73%6f%6e\/wp\/v2\/categories?post=244394"},{"taxonomy":"post_tag","embeddable":true,"href":"https:\/\/informelitoral.com.ar\/%77%70%2d%6a%73%6f%6e\/wp\/v2\/tags?post=244394"}],"curies":[{"name":"wp","href":"https:\/\/api.w.org\/{rel}","templated":true}]}}