{"id":244276,"date":"2025-12-19T09:08:53","date_gmt":"2025-12-19T12:08:53","guid":{"rendered":"https:\/\/informelitoral.com.ar\/?p=244276"},"modified":"2025-12-20T09:54:41","modified_gmt":"2025-12-20T12:54:41","slug":"fortalecen-la-seguridad-en-diamante-la-jefatura-departamental-incorporo-una-nueva-unidad-0-km","status":"publish","type":"post","link":"https:\/\/informelitoral.com.ar\/fortalecen-la-seguridad-en-diamante-la-jefatura-departamental-incorporo-una-nueva-unidad-0-km\/","title":{"rendered":"La Jefatura Departamental de Diamante incorpor\u00f3 una nueva unidad 0 km"},"content":{"rendered":"<p data-path-to-node=\"4\"><strong>La Jefatura Departamental Diamante<\/strong> contin\u00faa renovando su flota log\u00edstica para optimizar las tareas de prevenci\u00f3n y respuesta en el territorio. En una ceremonia realizada frente a la <strong>Casa de Gobierno en Paran\u00e1<\/strong>, el Ministerio de Seguridad y Justicia hizo entrega formal de una nueva camioneta 0 km, la tercera que recibe la departamental en los \u00faltimos d\u00edas bajo el actual diagrama de distribuci\u00f3n estrat\u00e9gica de la Jefatura Central.<\/p>\n<p data-path-to-node=\"5\">La unidad asignada es una <strong>pick-up Chevrolet S10 modelo 4&#215;2<\/strong> con doble cabina y motor turbo di\u00e9sel, la cual se encuentra especialmente acondicionada para las tareas que desempe\u00f1a el Grupo Especial. El veh\u00edculo cuenta con equipamiento de protecci\u00f3n bal\u00edstica individual para sus ocupantes y elementos esenciales para brindar asistencia sanitaria en primeros auxilios. Su robustez mec\u00e1nica garantiza una respuesta \u00e1gil tanto en el patrullaje preventivo de seguridad p\u00fablica como en intervenciones de emergencia en diversos terrenos.<\/p>\n<p data-path-to-node=\"5\"><img decoding=\"async\" src=\"https:\/\/admin.desdeentrerios.com.ar\/%77%70%2d%63%6f%6e%74%65%6e%74\/uploads\/2024\/03\/1905-DIAMANTE-MENSAJE-JEFATURA-POLICIA.jpg\" alt=\"Mensaje de autoridades de la Jefatura Departamental de Polic\u00eda de Diamante\" \/><\/p>\n<p data-path-to-node=\"6\">La incorporaci\u00f3n de este m\u00f3vil no solo aumenta la cantidad de veh\u00edculos disponibles, sino que permite una redistribuci\u00f3n inteligente de la flota actual. Al contar con unidades nuevas para las fuerzas de \u00e9lite, se logra una mayor potencialidad en los desplazamientos y se refuerza la presencia policial en las calles. Desde la Jefatura destacaron que contar con un veh\u00edculo de estas caracter\u00edsticas es vital para el Grupo Especial, cuyos agentes est\u00e1n capacitados para intervenir en situaciones de gravedad, apoyo t\u00e1ctico a agentes convencionales y operaciones de rescate. <em>(Informe Litoral)<\/em><\/p>\n<h6 data-path-to-node=\"6\"><em><strong>Del archivo:\u00a0<a href=\"https:\/\/informelitoral.com.ar\/las-cuevas-secuestraron-armas-de-fuego-tras-un-violento-altercado-en-la-zona-rural\/\" target=\"_blank\" rel=\"noopener\">Las Cuevas: Secuestraron armas de fuego tras un violento altercado en la zona rural<\/a><\/strong><\/em><\/h6>\n","protected":false},"excerpt":{"rendered":"<p>Se trata de una camioneta de \u00faltima generaci\u00f3n destinada al Grupo Especial. El veh\u00edculo fue entregado por el Gobierno de Entre R\u00edos frente a la Casa Gris y se suma a otras dos unidades recibidas recientemente.<\/p>\n","protected":false},"author":8,"featured_media":244340,"comment_status":"open","ping_status":"open","sticky":false,"template":"","format":"standard","meta":{"fifu_image_url":"","fifu_image_alt":"","footnotes":""},"categories":[14],"tags":[6326,34,6126],"class_list":{"0":"post-244276","1":"post","2":"type-post","3":"status-publish","4":"format-standard","5":"has-post-thumbnail","7":"category-policiales","8":"tag-camioneta-0-km","9":"tag-diamante","10":"tag-jefatura-departamental-de-diamante"},"yoast_head":"<title>La Jefatura Departamental de Diamante incorpor\u00f3 una nueva unidad 0 km - Informe Litoral<\/title>\n<meta name=\"robots\" content=\"index, follow, max-snippet:-1, max-image-preview:large, max-video-preview:-1\" \/>\n<link rel=\"canonical\" href=\"https:\/\/informelitoral.com.ar\/fortalecen-la-seguridad-en-diamante-la-jefatura-departamental-incorporo-una-nueva-unidad-0-km\/\" \/>\n<meta property=\"og:locale\" content=\"es_ES\" \/>\n<meta property=\"og:type\" content=\"article\" \/>\n<meta property=\"og:title\" content=\"La Jefatura Departamental de Diamante incorpor\u00f3 una nueva unidad 0 km - Informe Litoral\" \/>\n<meta property=\"og:description\" content=\"Se trata de una camioneta de \u00faltima generaci\u00f3n destinada al Grupo Especial. El veh\u00edculo fue entregado por el Gobierno de Entre R\u00edos frente a la Casa Gris y se suma a otras dos unidades recibidas recientemente.\" \/>\n<meta property=\"og:url\" content=\"https:\/\/informelitoral.com.ar\/fortalecen-la-seguridad-en-diamante-la-jefatura-departamental-incorporo-una-nueva-unidad-0-km\/\" \/>\n<meta property=\"og:site_name\" content=\"Informe Litoral\" \/>\n<meta property=\"article:publisher\" content=\"https:\/\/www.facebook.com\/informelitoral\/\" \/>\n<meta property=\"article:published_time\" content=\"2025-12-19T12:08:53+00:00\" \/>\n<meta property=\"article:modified_time\" content=\"2025-12-20T12:54:41+00:00\" \/>\n<meta property=\"og:image\" content=\"https:\/\/drive.google.com\/thumbnail?id=1A719k7rBwhONoNMAEB7raNLWj7U1TXu1&sz=w2048\" \/>\n\t<meta property=\"og:image:width\" content=\"938\" \/>\n\t<meta property=\"og:image:height\" content=\"657\" \/>\n\t<meta property=\"og:image:type\" content=\"image\/jpeg\" \/>\n<meta name=\"author\" content=\"Sebastian\" \/>\n<meta name=\"twitter:card\" content=\"summary_large_image\" \/>\n<meta name=\"twitter:creator\" content=\"@InformeLitoral\" \/>\n<meta name=\"twitter:site\" content=\"@InformeLitoral\" \/>\n<meta name=\"twitter:label1\" content=\"Escrito por\" \/>\n\t<meta name=\"twitter:data1\" content=\"Sebastian\" \/>\n\t<meta name=\"twitter:label2\" content=\"Tiempo de lectura\" \/>\n\t<meta name=\"twitter:data2\" content=\"2 minutos\" \/>\n<script type=\"application\/ld+json\" class=\"yoast-schema-graph\">{\"@context\":\"https:\\\/\\\/schema.org\",\"@graph\":[{\"@type\":\"Article\",\"@id\":\"https:\\\/\\\/informelitoral.com.ar\\\/fortalecen-la-seguridad-en-diamante-la-jefatura-departamental-incorporo-una-nueva-unidad-0-km\\\/#article\",\"isPartOf\":{\"@id\":\"https:\\\/\\\/informelitoral.com.ar\\\/fortalecen-la-seguridad-en-diamante-la-jefatura-departamental-incorporo-una-nueva-unidad-0-km\\\/\"},\"author\":{\"name\":\"Sebastian\",\"@id\":\"https:\\\/\\\/informelitoral.com.ar\\\/#\\\/schema\\\/person\\\/f05f9f461677119578717524b127d6d5\"},\"headline\":\"La Jefatura Departamental de Diamante incorpor\u00f3 una nueva unidad 0 km\",\"datePublished\":\"2025-12-19T12:08:53+00:00\",\"dateModified\":\"2025-12-20T12:54:41+00:00\",\"mainEntityOfPage\":{\"@id\":\"https:\\\/\\\/informelitoral.com.ar\\\/fortalecen-la-seguridad-en-diamante-la-jefatura-departamental-incorporo-una-nueva-unidad-0-km\\\/\"},\"wordCount\":279,\"commentCount\":0,\"publisher\":{\"@id\":\"https:\\\/\\\/informelitoral.com.ar\\\/#organization\"},\"image\":{\"@id\":\"https:\\\/\\\/informelitoral.com.ar\\\/fortalecen-la-seguridad-en-diamante-la-jefatura-departamental-incorporo-una-nueva-unidad-0-km\\\/#primaryimage\"},\"thumbnailUrl\":\"https:\\\/\\\/drive.google.com\\\/thumbnail?id=1A719k7rBwhONoNMAEB7raNLWj7U1TXu1&sz=w2048\",\"keywords\":[\"Camioneta 0 km\",\"Diamante\",\"Jefatura Departamental de Diamante\"],\"articleSection\":[\"Policiales\"],\"inLanguage\":\"es\",\"potentialAction\":[{\"@type\":\"CommentAction\",\"name\":\"Comment\",\"target\":[\"https:\\\/\\\/informelitoral.com.ar\\\/fortalecen-la-seguridad-en-diamante-la-jefatura-departamental-incorporo-una-nueva-unidad-0-km\\\/#respond\"]}]},{\"@type\":\"WebPage\",\"@id\":\"https:\\\/\\\/informelitoral.com.ar\\\/fortalecen-la-seguridad-en-diamante-la-jefatura-departamental-incorporo-una-nueva-unidad-0-km\\\/\",\"url\":\"https:\\\/\\\/informelitoral.com.ar\\\/fortalecen-la-seguridad-en-diamante-la-jefatura-departamental-incorporo-una-nueva-unidad-0-km\\\/\",\"name\":\"La Jefatura Departamental de Diamante incorpor\u00f3 una nueva unidad 0 km - Informe Litoral\",\"isPartOf\":{\"@id\":\"https:\\\/\\\/informelitoral.com.ar\\\/#website\"},\"primaryImageOfPage\":{\"@id\":\"https:\\\/\\\/informelitoral.com.ar\\\/fortalecen-la-seguridad-en-diamante-la-jefatura-departamental-incorporo-una-nueva-unidad-0-km\\\/#primaryimage\"},\"image\":{\"@id\":\"https:\\\/\\\/informelitoral.com.ar\\\/fortalecen-la-seguridad-en-diamante-la-jefatura-departamental-incorporo-una-nueva-unidad-0-km\\\/#primaryimage\"},\"thumbnailUrl\":\"https:\\\/\\\/drive.google.com\\\/thumbnail?id=1A719k7rBwhONoNMAEB7raNLWj7U1TXu1&sz=w2048\",\"datePublished\":\"2025-12-19T12:08:53+00:00\",\"dateModified\":\"2025-12-20T12:54:41+00:00\",\"breadcrumb\":{\"@id\":\"https:\\\/\\\/informelitoral.com.ar\\\/fortalecen-la-seguridad-en-diamante-la-jefatura-departamental-incorporo-una-nueva-unidad-0-km\\\/#breadcrumb\"},\"inLanguage\":\"es\",\"potentialAction\":[{\"@type\":\"ReadAction\",\"target\":[\"https:\\\/\\\/informelitoral.com.ar\\\/fortalecen-la-seguridad-en-diamante-la-jefatura-departamental-incorporo-una-nueva-unidad-0-km\\\/\"]}]},{\"@type\":\"ImageObject\",\"inLanguage\":\"es\",\"@id\":\"https:\\\/\\\/informelitoral.com.ar\\\/fortalecen-la-seguridad-en-diamante-la-jefatura-departamental-incorporo-una-nueva-unidad-0-km\\\/#primaryimage\",\"url\":\"https:\\\/\\\/drive.google.com\\\/thumbnail?id=1A719k7rBwhONoNMAEB7raNLWj7U1TXu1&sz=w2048\",\"contentUrl\":\"https:\\\/\\\/drive.google.com\\\/thumbnail?id=1A719k7rBwhONoNMAEB7raNLWj7U1TXu1&sz=w2048\",\"width\":938,\"height\":657},{\"@type\":\"BreadcrumbList\",\"@id\":\"https:\\\/\\\/informelitoral.com.ar\\\/fortalecen-la-seguridad-en-diamante-la-jefatura-departamental-incorporo-una-nueva-unidad-0-km\\\/#breadcrumb\",\"itemListElement\":[{\"@type\":\"ListItem\",\"position\":1,\"name\":\"Portada\",\"item\":\"https:\\\/\\\/informelitoral.com.ar\\\/\"},{\"@type\":\"ListItem\",\"position\":2,\"name\":\"La Jefatura Departamental de Diamante incorpor\u00f3 una nueva unidad 0 km\"}]},{\"@type\":\"WebSite\",\"@id\":\"https:\\\/\\\/informelitoral.com.ar\\\/#website\",\"url\":\"https:\\\/\\\/informelitoral.com.ar\\\/\",\"name\":\"Informe Litoral\",\"description\":\"&quot;Nos informamos&quot; \",\"publisher\":{\"@id\":\"https:\\\/\\\/informelitoral.com.ar\\\/#organization\"},\"potentialAction\":[{\"@type\":\"SearchAction\",\"target\":{\"@type\":\"EntryPoint\",\"urlTemplate\":\"https:\\\/\\\/informelitoral.com.ar\\\/?s={search_term_string}\"},\"query-input\":{\"@type\":\"PropertyValueSpecification\",\"valueRequired\":true,\"valueName\":\"search_term_string\"}}],\"inLanguage\":\"es\"},{\"@type\":\"Organization\",\"@id\":\"https:\\\/\\\/informelitoral.com.ar\\\/#organization\",\"name\":\"Informe Litoral\",\"url\":\"https:\\\/\\\/informelitoral.com.ar\\\/\",\"logo\":{\"@type\":\"ImageObject\",\"inLanguage\":\"es\",\"@id\":\"https:\\\/\\\/informelitoral.com.ar\\\/#\\\/schema\\\/logo\\\/image\\\/\",\"url\":\"https:\\\/\\\/informelitoral.com.ar\\\/%77%70%2d%63%6f%6e%74%65%6e%74\\\/uploads\\\/2021\\\/01\\\/circulo.png\",\"contentUrl\":\"https:\\\/\\\/informelitoral.com.ar\\\/%77%70%2d%63%6f%6e%74%65%6e%74\\\/uploads\\\/2021\\\/01\\\/circulo.png\",\"width\":723,\"height\":731,\"caption\":\"Informe Litoral\"},\"image\":{\"@id\":\"https:\\\/\\\/informelitoral.com.ar\\\/#\\\/schema\\\/logo\\\/image\\\/\"},\"sameAs\":[\"https:\\\/\\\/www.facebook.com\\\/informelitoral\\\/\",\"https:\\\/\\\/x.com\\\/InformeLitoral\",\"https:\\\/\\\/www.instagram.com\\\/informelitoral\\\/\",\"https:\\\/\\\/www.youtube.com\\\/channel\\\/UCua4Qvz8Icb6MYqhoq9xLXw\"]},{\"@type\":\"Person\",\"@id\":\"https:\\\/\\\/informelitoral.com.ar\\\/#\\\/schema\\\/person\\\/f05f9f461677119578717524b127d6d5\",\"name\":\"Sebastian\",\"image\":{\"@type\":\"ImageObject\",\"inLanguage\":\"es\",\"@id\":\"https:\\\/\\\/secure.gravatar.com\\\/avatar\\\/b71bf7481d447dfb9583c7f2798e7cc64de6efb9067b74633ed8c31059a3bd82?s=96&d=mm&r=g\",\"url\":\"https:\\\/\\\/secure.gravatar.com\\\/avatar\\\/b71bf7481d447dfb9583c7f2798e7cc64de6efb9067b74633ed8c31059a3bd82?s=96&d=mm&r=g\",\"contentUrl\":\"https:\\\/\\\/secure.gravatar.com\\\/avatar\\\/b71bf7481d447dfb9583c7f2798e7cc64de6efb9067b74633ed8c31059a3bd82?s=96&d=mm&r=g\",\"caption\":\"Sebastian\"},\"url\":\"https:\\\/\\\/informelitoral.com.ar\\\/author\\\/sebastian\\\/\"}]}<\/script>","yoast_head_json":{"title":"La Jefatura Departamental de Diamante incorpor\u00f3 una nueva unidad 0 km - Informe Litoral","robots":{"index":"index","follow":"follow","max-snippet":"max-snippet:-1","max-image-preview":"max-image-preview:large","max-video-preview":"max-video-preview:-1"},"canonical":"https:\/\/informelitoral.com.ar\/fortalecen-la-seguridad-en-diamante-la-jefatura-departamental-incorporo-una-nueva-unidad-0-km\/","og_locale":"es_ES","og_type":"article","og_title":"La Jefatura Departamental de Diamante incorpor\u00f3 una nueva unidad 0 km - Informe Litoral","og_description":"Se trata de una camioneta de \u00faltima generaci\u00f3n destinada al Grupo Especial. El veh\u00edculo fue entregado por el Gobierno de Entre R\u00edos frente a la Casa Gris y se suma a otras dos unidades recibidas recientemente.","og_url":"https:\/\/informelitoral.com.ar\/fortalecen-la-seguridad-en-diamante-la-jefatura-departamental-incorporo-una-nueva-unidad-0-km\/","og_site_name":"Informe Litoral","article_publisher":"https:\/\/www.facebook.com\/informelitoral\/","article_published_time":"2025-12-19T12:08:53+00:00","article_modified_time":"2025-12-20T12:54:41+00:00","og_image":[{"width":938,"height":657,"url":"https:\/\/drive.google.com\/thumbnail?id=1A719k7rBwhONoNMAEB7raNLWj7U1TXu1&sz=w2048","type":"image\/jpeg"}],"author":"Sebastian","twitter_card":"summary_large_image","twitter_creator":"@InformeLitoral","twitter_site":"@InformeLitoral","twitter_misc":{"Escrito por":"Sebastian","Tiempo de lectura":"2 minutos"},"schema":{"@context":"https:\/\/schema.org","@graph":[{"@type":"Article","@id":"https:\/\/informelitoral.com.ar\/fortalecen-la-seguridad-en-diamante-la-jefatura-departamental-incorporo-una-nueva-unidad-0-km\/#article","isPartOf":{"@id":"https:\/\/informelitoral.com.ar\/fortalecen-la-seguridad-en-diamante-la-jefatura-departamental-incorporo-una-nueva-unidad-0-km\/"},"author":{"name":"Sebastian","@id":"https:\/\/informelitoral.com.ar\/#\/schema\/person\/f05f9f461677119578717524b127d6d5"},"headline":"La Jefatura Departamental de Diamante incorpor\u00f3 una nueva unidad 0 km","datePublished":"2025-12-19T12:08:53+00:00","dateModified":"2025-12-20T12:54:41+00:00","mainEntityOfPage":{"@id":"https:\/\/informelitoral.com.ar\/fortalecen-la-seguridad-en-diamante-la-jefatura-departamental-incorporo-una-nueva-unidad-0-km\/"},"wordCount":279,"commentCount":0,"publisher":{"@id":"https:\/\/informelitoral.com.ar\/#organization"},"image":{"@id":"https:\/\/informelitoral.com.ar\/fortalecen-la-seguridad-en-diamante-la-jefatura-departamental-incorporo-una-nueva-unidad-0-km\/#primaryimage"},"thumbnailUrl":"https:\/\/drive.google.com\/thumbnail?id=1A719k7rBwhONoNMAEB7raNLWj7U1TXu1&sz=w2048","keywords":["Camioneta 0 km","Diamante","Jefatura Departamental de Diamante"],"articleSection":["Policiales"],"inLanguage":"es","potentialAction":[{"@type":"CommentAction","name":"Comment","target":["https:\/\/informelitoral.com.ar\/fortalecen-la-seguridad-en-diamante-la-jefatura-departamental-incorporo-una-nueva-unidad-0-km\/#respond"]}]},{"@type":"WebPage","@id":"https:\/\/informelitoral.com.ar\/fortalecen-la-seguridad-en-diamante-la-jefatura-departamental-incorporo-una-nueva-unidad-0-km\/","url":"https:\/\/informelitoral.com.ar\/fortalecen-la-seguridad-en-diamante-la-jefatura-departamental-incorporo-una-nueva-unidad-0-km\/","name":"La Jefatura Departamental de Diamante incorpor\u00f3 una nueva unidad 0 km - Informe Litoral","isPartOf":{"@id":"https:\/\/informelitoral.com.ar\/#website"},"primaryImageOfPage":{"@id":"https:\/\/informelitoral.com.ar\/fortalecen-la-seguridad-en-diamante-la-jefatura-departamental-incorporo-una-nueva-unidad-0-km\/#primaryimage"},"image":{"@id":"https:\/\/informelitoral.com.ar\/fortalecen-la-seguridad-en-diamante-la-jefatura-departamental-incorporo-una-nueva-unidad-0-km\/#primaryimage"},"thumbnailUrl":"https:\/\/drive.google.com\/thumbnail?id=1A719k7rBwhONoNMAEB7raNLWj7U1TXu1&sz=w2048","datePublished":"2025-12-19T12:08:53+00:00","dateModified":"2025-12-20T12:54:41+00:00","breadcrumb":{"@id":"https:\/\/informelitoral.com.ar\/fortalecen-la-seguridad-en-diamante-la-jefatura-departamental-incorporo-una-nueva-unidad-0-km\/#breadcrumb"},"inLanguage":"es","potentialAction":[{"@type":"ReadAction","target":["https:\/\/informelitoral.com.ar\/fortalecen-la-seguridad-en-diamante-la-jefatura-departamental-incorporo-una-nueva-unidad-0-km\/"]}]},{"@type":"ImageObject","inLanguage":"es","@id":"https:\/\/informelitoral.com.ar\/fortalecen-la-seguridad-en-diamante-la-jefatura-departamental-incorporo-una-nueva-unidad-0-km\/#primaryimage","url":"https:\/\/drive.google.com\/thumbnail?id=1A719k7rBwhONoNMAEB7raNLWj7U1TXu1&sz=w2048","contentUrl":"https:\/\/drive.google.com\/thumbnail?id=1A719k7rBwhONoNMAEB7raNLWj7U1TXu1&sz=w2048","width":938,"height":657},{"@type":"BreadcrumbList","@id":"https:\/\/informelitoral.com.ar\/fortalecen-la-seguridad-en-diamante-la-jefatura-departamental-incorporo-una-nueva-unidad-0-km\/#breadcrumb","itemListElement":[{"@type":"ListItem","position":1,"name":"Portada","item":"https:\/\/informelitoral.com.ar\/"},{"@type":"ListItem","position":2,"name":"La Jefatura Departamental de Diamante incorpor\u00f3 una nueva unidad 0 km"}]},{"@type":"WebSite","@id":"https:\/\/informelitoral.com.ar\/#website","url":"https:\/\/informelitoral.com.ar\/","name":"Informe Litoral","description":"&quot;Nos informamos&quot; ","publisher":{"@id":"https:\/\/informelitoral.com.ar\/#organization"},"potentialAction":[{"@type":"SearchAction","target":{"@type":"EntryPoint","urlTemplate":"https:\/\/informelitoral.com.ar\/?s={search_term_string}"},"query-input":{"@type":"PropertyValueSpecification","valueRequired":true,"valueName":"search_term_string"}}],"inLanguage":"es"},{"@type":"Organization","@id":"https:\/\/informelitoral.com.ar\/#organization","name":"Informe Litoral","url":"https:\/\/informelitoral.com.ar\/","logo":{"@type":"ImageObject","inLanguage":"es","@id":"https:\/\/informelitoral.com.ar\/#\/schema\/logo\/image\/","url":"https:\/\/informelitoral.com.ar\/%77%70%2d%63%6f%6e%74%65%6e%74\/uploads\/2021\/01\/circulo.png","contentUrl":"https:\/\/informelitoral.com.ar\/%77%70%2d%63%6f%6e%74%65%6e%74\/uploads\/2021\/01\/circulo.png","width":723,"height":731,"caption":"Informe Litoral"},"image":{"@id":"https:\/\/informelitoral.com.ar\/#\/schema\/logo\/image\/"},"sameAs":["https:\/\/www.facebook.com\/informelitoral\/","https:\/\/x.com\/InformeLitoral","https:\/\/www.instagram.com\/informelitoral\/","https:\/\/www.youtube.com\/channel\/UCua4Qvz8Icb6MYqhoq9xLXw"]},{"@type":"Person","@id":"https:\/\/informelitoral.com.ar\/#\/schema\/person\/f05f9f461677119578717524b127d6d5","name":"Sebastian","image":{"@type":"ImageObject","inLanguage":"es","@id":"https:\/\/secure.gravatar.com\/avatar\/b71bf7481d447dfb9583c7f2798e7cc64de6efb9067b74633ed8c31059a3bd82?s=96&d=mm&r=g","url":"https:\/\/secure.gravatar.com\/avatar\/b71bf7481d447dfb9583c7f2798e7cc64de6efb9067b74633ed8c31059a3bd82?s=96&d=mm&r=g","contentUrl":"https:\/\/secure.gravatar.com\/avatar\/b71bf7481d447dfb9583c7f2798e7cc64de6efb9067b74633ed8c31059a3bd82?s=96&d=mm&r=g","caption":"Sebastian"},"url":"https:\/\/informelitoral.com.ar\/author\/sebastian\/"}]}},"_links":{"self":[{"href":"https:\/\/informelitoral.com.ar\/%77%70%2d%6a%73%6f%6e\/wp\/v2\/posts\/244276","targetHints":{"allow":["GET"]}}],"collection":[{"href":"https:\/\/informelitoral.com.ar\/%77%70%2d%6a%73%6f%6e\/wp\/v2\/posts"}],"about":[{"href":"https:\/\/informelitoral.com.ar\/%77%70%2d%6a%73%6f%6e\/wp\/v2\/types\/post"}],"author":[{"embeddable":true,"href":"https:\/\/informelitoral.com.ar\/%77%70%2d%6a%73%6f%6e\/wp\/v2\/users\/8"}],"replies":[{"embeddable":true,"href":"https:\/\/informelitoral.com.ar\/%77%70%2d%6a%73%6f%6e\/wp\/v2\/comments?post=244276"}],"version-history":[{"count":4,"href":"https:\/\/informelitoral.com.ar\/%77%70%2d%6a%73%6f%6e\/wp\/v2\/posts\/244276\/revisions"}],"predecessor-version":[{"id":244437,"href":"https:\/\/informelitoral.com.ar\/%77%70%2d%6a%73%6f%6e\/wp\/v2\/posts\/244276\/revisions\/244437"}],"wp:featuredmedia":[{"embeddable":true,"href":"https:\/\/informelitoral.com.ar\/%77%70%2d%6a%73%6f%6e\/wp\/v2\/media\/244340"}],"wp:attachment":[{"href":"https:\/\/informelitoral.com.ar\/%77%70%2d%6a%73%6f%6e\/wp\/v2\/media?parent=244276"}],"wp:term":[{"taxonomy":"category","embeddable":true,"href":"https:\/\/informelitoral.com.ar\/%77%70%2d%6a%73%6f%6e\/wp\/v2\/categories?post=244276"},{"taxonomy":"post_tag","embeddable":true,"href":"https:\/\/informelitoral.com.ar\/%77%70%2d%6a%73%6f%6e\/wp\/v2\/tags?post=244276"}],"curies":[{"name":"wp","href":"https:\/\/api.w.org\/{rel}","templated":true}]}}