{"id":244256,"date":"2025-12-19T08:25:39","date_gmt":"2025-12-19T11:25:39","guid":{"rendered":"https:\/\/informelitoral.com.ar\/?p=244256"},"modified":"2025-12-19T08:27:54","modified_gmt":"2025-12-19T11:27:54","slug":"alerta-en-el-mercado-ganadero-proyectan-una-fuerte-caida-en-la-produccion-mundial-de-carne-para-2026","status":"publish","type":"post","link":"https:\/\/informelitoral.com.ar\/alerta-en-el-mercado-ganadero-proyectan-una-fuerte-caida-en-la-produccion-mundial-de-carne-para-2026\/","title":{"rendered":"Alerta en el mercado ganadero: proyectan una fuerte ca\u00edda en la producci\u00f3n mundial de carne para 2026"},"content":{"rendered":"<p data-path-to-node=\"4\">El escenario para la ganader\u00eda global est\u00e1 sufriendo un cambio de tendencia hist\u00f3rico. Tras un lustro de crecimiento sostenido, los principales organismos internacionales confirman que la producci\u00f3n mundial de carne vacuna comenzar\u00e1 a contraerse. Mientras <b data-path-to-node=\"4\" data-index-in-node=\"256\">Rabobank<\/b> proyecta una ca\u00edda dr\u00e1stica del <b data-path-to-node=\"4\" data-index-in-node=\"297\">3% interanual<\/b> para el pr\u00f3ximo ciclo, el <b data-path-to-node=\"4\" data-index-in-node=\"337\">Departamento de Agricultura de los Estados Unidos (USDA)<\/b> es m\u00e1s conservador pero coincide en la tendencia, estimando una reducci\u00f3n de 1 mill\u00f3n de toneladas a nivel global.<\/p>\n<h2 data-path-to-node=\"5\"><img decoding=\"async\" class=\"aligncenter\" src=\"https:\/\/www.infocampo.com.ar\/%77%70%2d%63%6f%6e%74%65%6e%74\/uploads\/2025\/03\/vacas-patagonia.png\" \/><\/h2>\n<p data-path-to-node=\"6\">El informe <i data-path-to-node=\"6\" data-index-in-node=\"11\">Global Beef Quarterly<\/i> de Rabobank encendi\u00f3 las alarmas al se\u00f1alar que la contracci\u00f3n del 0,8% registrada este a\u00f1o es solo el comienzo. Esta ca\u00edda se profundizar\u00eda en 2026 debido a los procesos de retenci\u00f3n de hacienda en pa\u00edses clave. El an\u00e1lisis del <b data-path-to-node=\"6\" data-index-in-node=\"262\">Rosgan<\/b> destaca que este ajuste marca el cierre de un ciclo expansivo que hab\u00eda mantenido la oferta en niveles altos durante la \u00faltima media d\u00e9cada.<\/p>\n<p data-path-to-node=\"7\">A pesar de las diferencias en las cifras (el USDA proyecta una producci\u00f3n global de <b data-path-to-node=\"7\" data-index-in-node=\"84\">61 millones de toneladas<\/b>), la coincidencia en el diagn\u00f3stico es total: habr\u00e1 menos carne disponible en las g\u00f3ndolas del mundo.<\/p>\n<h2 data-path-to-node=\"8\"><strong>Argentina y el desaf\u00edo de producir con menos cabezas<\/strong><\/h2>\n<p data-path-to-node=\"9\">En el plano local, Argentina cerrar\u00eda el 2025 con una faena cercana a las <b data-path-to-node=\"9\" data-index-in-node=\"74\">13,6 millones de cabezas<\/b>, un volumen ligeramente inferior al del a\u00f1o pasado. Sin embargo, gracias a una mejora en el peso medio de los animales, la producci\u00f3n de carne solo caer\u00eda un <b data-path-to-node=\"9\" data-index-in-node=\"257\">1%<\/b>, situ\u00e1ndose en torno a las <b data-path-to-node=\"9\" data-index-in-node=\"287\">3.150.000 toneladas<\/b>.<\/p>\n<p data-path-to-node=\"10\">De cara a 2026, el informe proyecta una paradoja:<\/p>\n<ul data-path-to-node=\"11\">\n<li>\n<p data-path-to-node=\"11,0,0\"><b data-path-to-node=\"11,0,0\" data-index-in-node=\"0\">Menor faena:<\/b> Se espera que contin\u00fae la retenci\u00f3n de hacienda (especialmente hembras) para reconstruir el stock ganadero.<\/p>\n<\/li>\n<li>\n<p data-path-to-node=\"11,1,0\"><b data-path-to-node=\"11,1,0\" data-index-in-node=\"0\">M\u00e1s exportaci\u00f3n:<\/b> El USDA prev\u00e9 que Argentina incremente su saldo exportable un <b data-path-to-node=\"11,1,0\" data-index-in-node=\"79\">6,5%<\/b>, alcanzando las <b data-path-to-node=\"11,1,0\" data-index-in-node=\"100\">960.000 toneladas<\/b>.<\/p>\n<\/li>\n<\/ul>\n<p data-path-to-node=\"12\">Este crecimiento de las ventas al exterior, en un contexto de producci\u00f3n estancada o en leve baja, podr\u00eda presionar sobre el <b data-path-to-node=\"12\" data-index-in-node=\"125\">consumo interno<\/b>, que ver\u00eda reducida su participaci\u00f3n en el reparto de la res.<\/p>\n<p data-path-to-node=\"14\">Brasil, el principal exportador del planeta, transita un camino similar. Aunque este a\u00f1o alcanzar\u00e1 r\u00e9cords hist\u00f3ricos de venta (superando las 2,8 millones de toneladas a noviembre), la <b data-path-to-node=\"14\" data-index-in-node=\"185\">CONAB<\/b> anticipa una ca\u00edda del <b data-path-to-node=\"14\" data-index-in-node=\"214\">4,6% en su producci\u00f3n<\/b> para 2026. Al igual que en Argentina, la causa principal es la retenci\u00f3n de vientres.<\/p>\n<table style=\"width: 89.7989%; height: 197px;\" data-path-to-node=\"15\">\n<thead>\n<tr>\n<td><strong>Indicador (Proyecci\u00f3n 2026)<\/strong><\/td>\n<td><strong>Argentina<\/strong><\/td>\n<td><strong>Brasil<\/strong><\/td>\n<\/tr>\n<\/thead>\n<tbody>\n<tr>\n<td><span data-path-to-node=\"15,1,0,0\"><b data-path-to-node=\"15,1,0,0\" data-index-in-node=\"0\">Tendencia Producci\u00f3n<\/b><\/span><\/td>\n<td><span data-path-to-node=\"15,1,1,0\">Estable \/ Leve baja<\/span><\/td>\n<td><span data-path-to-node=\"15,1,2,0\">Baja (-4,6% a -5%)<\/span><\/td>\n<\/tr>\n<tr>\n<td><span data-path-to-node=\"15,2,0,0\"><b data-path-to-node=\"15,2,0,0\" data-index-in-node=\"0\">Tendencia Exportaci\u00f3n<\/b><\/span><\/td>\n<td><span data-path-to-node=\"15,2,1,0\">Alza (est. 960k tn)<\/span><\/td>\n<td><span data-path-to-node=\"15,2,2,0\">R\u00e9cord o leve baja (seg\u00fan fuente)<\/span><\/td>\n<\/tr>\n<tr>\n<td><span data-path-to-node=\"15,3,0,0\"><b data-path-to-node=\"15,3,0,0\" data-index-in-node=\"0\">Causa principal<\/b><\/span><\/td>\n<td><span data-path-to-node=\"15,3,1,0\">Mayor peso de faena<\/span><\/td>\n<td><span data-path-to-node=\"15,3,2,0\">Retenci\u00f3n de hembras<\/span><\/td>\n<\/tr>\n<\/tbody>\n<\/table>\n<p data-path-to-node=\"16\">En conclusi\u00f3n, el Mercosur se prepara para un 2026 donde la <b data-path-to-node=\"16\" data-index-in-node=\"60\">escasez de oferta global<\/b> mantendr\u00e1 los precios internacionales firmes. Tanto Argentina como Brasil buscar\u00e1n aprovechar la s\u00f3lida demanda externa para fortalecer sus ingresos de divisas, mientras intentan equilibrar sus mercados dom\u00e9sticos en un a\u00f1o de transici\u00f3n productiva.<\/p>\n<h6 data-path-to-node=\"16\"><em><strong>Del archivo:\u00a0<a href=\"https:\/\/informelitoral.com.ar\/se-amplian-las-opciones-para-el-manejo-y-prevencion-de-la-brucelosis-bovina\/\" target=\"_blank\" rel=\"noopener\">Se ampl\u00edan las opciones para el manejo y prevenci\u00f3n de la brucelosis bovina<\/a><\/strong><\/em><\/h6>\n","protected":false},"excerpt":{"rendered":"<p>Seg\u00fan informes de Rabobank y el USDA, el mundo entrar\u00e1 en un ciclo de oferta restringida. En la regi\u00f3n, Argentina y Brasil podr\u00edan aumentar sus exportaciones pese a producir menos, priorizando el mercado externo.<\/p>\n","protected":false},"author":8,"featured_media":192526,"comment_status":"open","ping_status":"open","sticky":false,"template":"","format":"standard","meta":{"fifu_image_url":"","fifu_image_alt":"","footnotes":""},"categories":[10],"tags":[162,1140,120],"class_list":{"0":"post-244256","1":"post","2":"type-post","3":"status-publish","4":"format-standard","5":"has-post-thumbnail","7":"category-campo","8":"tag-ganaderia","9":"tag-mercado","10":"tag-produccion"},"yoast_head":"<title>Alerta en el mercado ganadero: proyectan una fuerte ca\u00edda en la producci\u00f3n mundial de carne para 2026 - Informe Litoral<\/title>\n<meta name=\"robots\" content=\"index, follow, max-snippet:-1, max-image-preview:large, max-video-preview:-1\" \/>\n<link rel=\"canonical\" href=\"https:\/\/informelitoral.com.ar\/alerta-en-el-mercado-ganadero-proyectan-una-fuerte-caida-en-la-produccion-mundial-de-carne-para-2026\/\" \/>\n<meta property=\"og:locale\" content=\"es_ES\" \/>\n<meta property=\"og:type\" content=\"article\" \/>\n<meta property=\"og:title\" content=\"Alerta en el mercado ganadero: proyectan una fuerte ca\u00edda en la producci\u00f3n mundial de carne para 2026 - Informe Litoral\" \/>\n<meta property=\"og:description\" content=\"Seg\u00fan informes de Rabobank y el USDA, el mundo entrar\u00e1 en un ciclo de oferta restringida. En la regi\u00f3n, Argentina y Brasil podr\u00edan aumentar sus exportaciones pese a producir menos, priorizando el mercado externo.\" \/>\n<meta property=\"og:url\" content=\"https:\/\/informelitoral.com.ar\/alerta-en-el-mercado-ganadero-proyectan-una-fuerte-caida-en-la-produccion-mundial-de-carne-para-2026\/\" \/>\n<meta property=\"og:site_name\" content=\"Informe Litoral\" \/>\n<meta property=\"article:publisher\" content=\"https:\/\/www.facebook.com\/informelitoral\/\" \/>\n<meta property=\"article:published_time\" content=\"2025-12-19T11:25:39+00:00\" \/>\n<meta property=\"article:modified_time\" content=\"2025-12-19T11:27:54+00:00\" \/>\n<meta property=\"og:image\" content=\"https:\/\/informelitoral.com.ar\/%77%70%2d%63%6f%6e%74%65%6e%74\/uploads\/2024\/07\/nuevo-protocolo-bienestar-animal-feedlots.webp\" \/>\n\t<meta property=\"og:image:width\" content=\"700\" \/>\n\t<meta property=\"og:image:height\" content=\"360\" \/>\n\t<meta property=\"og:image:type\" content=\"image\/webp\" \/>\n<meta name=\"author\" content=\"Sebastian\" \/>\n<meta name=\"twitter:card\" content=\"summary_large_image\" \/>\n<meta name=\"twitter:creator\" content=\"@InformeLitoral\" \/>\n<meta name=\"twitter:site\" content=\"@InformeLitoral\" \/>\n<meta name=\"twitter:label1\" content=\"Escrito por\" \/>\n\t<meta name=\"twitter:data1\" content=\"Sebastian\" \/>\n\t<meta name=\"twitter:label2\" content=\"Tiempo de lectura\" \/>\n\t<meta name=\"twitter:data2\" content=\"3 minutos\" \/>\n<script type=\"application\/ld+json\" class=\"yoast-schema-graph\">{\"@context\":\"https:\\\/\\\/schema.org\",\"@graph\":[{\"@type\":\"Article\",\"@id\":\"https:\\\/\\\/informelitoral.com.ar\\\/alerta-en-el-mercado-ganadero-proyectan-una-fuerte-caida-en-la-produccion-mundial-de-carne-para-2026\\\/#article\",\"isPartOf\":{\"@id\":\"https:\\\/\\\/informelitoral.com.ar\\\/alerta-en-el-mercado-ganadero-proyectan-una-fuerte-caida-en-la-produccion-mundial-de-carne-para-2026\\\/\"},\"author\":{\"name\":\"Sebastian\",\"@id\":\"https:\\\/\\\/informelitoral.com.ar\\\/#\\\/schema\\\/person\\\/f05f9f461677119578717524b127d6d5\"},\"headline\":\"Alerta en el mercado ganadero: proyectan una fuerte ca\u00edda en la producci\u00f3n mundial de carne para 2026\",\"datePublished\":\"2025-12-19T11:25:39+00:00\",\"dateModified\":\"2025-12-19T11:27:54+00:00\",\"mainEntityOfPage\":{\"@id\":\"https:\\\/\\\/informelitoral.com.ar\\\/alerta-en-el-mercado-ganadero-proyectan-una-fuerte-caida-en-la-produccion-mundial-de-carne-para-2026\\\/\"},\"wordCount\":525,\"commentCount\":0,\"publisher\":{\"@id\":\"https:\\\/\\\/informelitoral.com.ar\\\/#organization\"},\"image\":{\"@id\":\"https:\\\/\\\/informelitoral.com.ar\\\/alerta-en-el-mercado-ganadero-proyectan-una-fuerte-caida-en-la-produccion-mundial-de-carne-para-2026\\\/#primaryimage\"},\"thumbnailUrl\":\"https:\\\/\\\/informelitoral.com.ar\\\/%77%70%2d%63%6f%6e%74%65%6e%74\\\/uploads\\\/2024\\\/07\\\/nuevo-protocolo-bienestar-animal-feedlots.webp\",\"keywords\":[\"Ganader\u00eda\",\"Mercado\",\"Producci\u00f3n\"],\"articleSection\":[\"Campo\"],\"inLanguage\":\"es\",\"potentialAction\":[{\"@type\":\"CommentAction\",\"name\":\"Comment\",\"target\":[\"https:\\\/\\\/informelitoral.com.ar\\\/alerta-en-el-mercado-ganadero-proyectan-una-fuerte-caida-en-la-produccion-mundial-de-carne-para-2026\\\/#respond\"]}]},{\"@type\":\"WebPage\",\"@id\":\"https:\\\/\\\/informelitoral.com.ar\\\/alerta-en-el-mercado-ganadero-proyectan-una-fuerte-caida-en-la-produccion-mundial-de-carne-para-2026\\\/\",\"url\":\"https:\\\/\\\/informelitoral.com.ar\\\/alerta-en-el-mercado-ganadero-proyectan-una-fuerte-caida-en-la-produccion-mundial-de-carne-para-2026\\\/\",\"name\":\"Alerta en el mercado ganadero: proyectan una fuerte ca\u00edda en la producci\u00f3n mundial de carne para 2026 - Informe Litoral\",\"isPartOf\":{\"@id\":\"https:\\\/\\\/informelitoral.com.ar\\\/#website\"},\"primaryImageOfPage\":{\"@id\":\"https:\\\/\\\/informelitoral.com.ar\\\/alerta-en-el-mercado-ganadero-proyectan-una-fuerte-caida-en-la-produccion-mundial-de-carne-para-2026\\\/#primaryimage\"},\"image\":{\"@id\":\"https:\\\/\\\/informelitoral.com.ar\\\/alerta-en-el-mercado-ganadero-proyectan-una-fuerte-caida-en-la-produccion-mundial-de-carne-para-2026\\\/#primaryimage\"},\"thumbnailUrl\":\"https:\\\/\\\/informelitoral.com.ar\\\/%77%70%2d%63%6f%6e%74%65%6e%74\\\/uploads\\\/2024\\\/07\\\/nuevo-protocolo-bienestar-animal-feedlots.webp\",\"datePublished\":\"2025-12-19T11:25:39+00:00\",\"dateModified\":\"2025-12-19T11:27:54+00:00\",\"breadcrumb\":{\"@id\":\"https:\\\/\\\/informelitoral.com.ar\\\/alerta-en-el-mercado-ganadero-proyectan-una-fuerte-caida-en-la-produccion-mundial-de-carne-para-2026\\\/#breadcrumb\"},\"inLanguage\":\"es\",\"potentialAction\":[{\"@type\":\"ReadAction\",\"target\":[\"https:\\\/\\\/informelitoral.com.ar\\\/alerta-en-el-mercado-ganadero-proyectan-una-fuerte-caida-en-la-produccion-mundial-de-carne-para-2026\\\/\"]}]},{\"@type\":\"ImageObject\",\"inLanguage\":\"es\",\"@id\":\"https:\\\/\\\/informelitoral.com.ar\\\/alerta-en-el-mercado-ganadero-proyectan-una-fuerte-caida-en-la-produccion-mundial-de-carne-para-2026\\\/#primaryimage\",\"url\":\"https:\\\/\\\/informelitoral.com.ar\\\/%77%70%2d%63%6f%6e%74%65%6e%74\\\/uploads\\\/2024\\\/07\\\/nuevo-protocolo-bienestar-animal-feedlots.webp\",\"contentUrl\":\"https:\\\/\\\/informelitoral.com.ar\\\/%77%70%2d%63%6f%6e%74%65%6e%74\\\/uploads\\\/2024\\\/07\\\/nuevo-protocolo-bienestar-animal-feedlots.webp\",\"width\":700,\"height\":360},{\"@type\":\"BreadcrumbList\",\"@id\":\"https:\\\/\\\/informelitoral.com.ar\\\/alerta-en-el-mercado-ganadero-proyectan-una-fuerte-caida-en-la-produccion-mundial-de-carne-para-2026\\\/#breadcrumb\",\"itemListElement\":[{\"@type\":\"ListItem\",\"position\":1,\"name\":\"Portada\",\"item\":\"https:\\\/\\\/informelitoral.com.ar\\\/\"},{\"@type\":\"ListItem\",\"position\":2,\"name\":\"Alerta en el mercado ganadero: proyectan una fuerte ca\u00edda en la producci\u00f3n mundial de carne para 2026\"}]},{\"@type\":\"WebSite\",\"@id\":\"https:\\\/\\\/informelitoral.com.ar\\\/#website\",\"url\":\"https:\\\/\\\/informelitoral.com.ar\\\/\",\"name\":\"Informe Litoral\",\"description\":\"&quot;Nos informamos&quot; \",\"publisher\":{\"@id\":\"https:\\\/\\\/informelitoral.com.ar\\\/#organization\"},\"potentialAction\":[{\"@type\":\"SearchAction\",\"target\":{\"@type\":\"EntryPoint\",\"urlTemplate\":\"https:\\\/\\\/informelitoral.com.ar\\\/?s={search_term_string}\"},\"query-input\":{\"@type\":\"PropertyValueSpecification\",\"valueRequired\":true,\"valueName\":\"search_term_string\"}}],\"inLanguage\":\"es\"},{\"@type\":\"Organization\",\"@id\":\"https:\\\/\\\/informelitoral.com.ar\\\/#organization\",\"name\":\"Informe Litoral\",\"url\":\"https:\\\/\\\/informelitoral.com.ar\\\/\",\"logo\":{\"@type\":\"ImageObject\",\"inLanguage\":\"es\",\"@id\":\"https:\\\/\\\/informelitoral.com.ar\\\/#\\\/schema\\\/logo\\\/image\\\/\",\"url\":\"https:\\\/\\\/informelitoral.com.ar\\\/%77%70%2d%63%6f%6e%74%65%6e%74\\\/uploads\\\/2021\\\/01\\\/circulo.png\",\"contentUrl\":\"https:\\\/\\\/informelitoral.com.ar\\\/%77%70%2d%63%6f%6e%74%65%6e%74\\\/uploads\\\/2021\\\/01\\\/circulo.png\",\"width\":723,\"height\":731,\"caption\":\"Informe Litoral\"},\"image\":{\"@id\":\"https:\\\/\\\/informelitoral.com.ar\\\/#\\\/schema\\\/logo\\\/image\\\/\"},\"sameAs\":[\"https:\\\/\\\/www.facebook.com\\\/informelitoral\\\/\",\"https:\\\/\\\/x.com\\\/InformeLitoral\",\"https:\\\/\\\/www.instagram.com\\\/informelitoral\\\/\",\"https:\\\/\\\/www.youtube.com\\\/channel\\\/UCua4Qvz8Icb6MYqhoq9xLXw\"]},{\"@type\":\"Person\",\"@id\":\"https:\\\/\\\/informelitoral.com.ar\\\/#\\\/schema\\\/person\\\/f05f9f461677119578717524b127d6d5\",\"name\":\"Sebastian\",\"image\":{\"@type\":\"ImageObject\",\"inLanguage\":\"es\",\"@id\":\"https:\\\/\\\/secure.gravatar.com\\\/avatar\\\/b71bf7481d447dfb9583c7f2798e7cc64de6efb9067b74633ed8c31059a3bd82?s=96&d=mm&r=g\",\"url\":\"https:\\\/\\\/secure.gravatar.com\\\/avatar\\\/b71bf7481d447dfb9583c7f2798e7cc64de6efb9067b74633ed8c31059a3bd82?s=96&d=mm&r=g\",\"contentUrl\":\"https:\\\/\\\/secure.gravatar.com\\\/avatar\\\/b71bf7481d447dfb9583c7f2798e7cc64de6efb9067b74633ed8c31059a3bd82?s=96&d=mm&r=g\",\"caption\":\"Sebastian\"},\"url\":\"https:\\\/\\\/informelitoral.com.ar\\\/author\\\/sebastian\\\/\"}]}<\/script>","yoast_head_json":{"title":"Alerta en el mercado ganadero: proyectan una fuerte ca\u00edda en la producci\u00f3n mundial de carne para 2026 - Informe Litoral","robots":{"index":"index","follow":"follow","max-snippet":"max-snippet:-1","max-image-preview":"max-image-preview:large","max-video-preview":"max-video-preview:-1"},"canonical":"https:\/\/informelitoral.com.ar\/alerta-en-el-mercado-ganadero-proyectan-una-fuerte-caida-en-la-produccion-mundial-de-carne-para-2026\/","og_locale":"es_ES","og_type":"article","og_title":"Alerta en el mercado ganadero: proyectan una fuerte ca\u00edda en la producci\u00f3n mundial de carne para 2026 - Informe Litoral","og_description":"Seg\u00fan informes de Rabobank y el USDA, el mundo entrar\u00e1 en un ciclo de oferta restringida. En la regi\u00f3n, Argentina y Brasil podr\u00edan aumentar sus exportaciones pese a producir menos, priorizando el mercado externo.","og_url":"https:\/\/informelitoral.com.ar\/alerta-en-el-mercado-ganadero-proyectan-una-fuerte-caida-en-la-produccion-mundial-de-carne-para-2026\/","og_site_name":"Informe Litoral","article_publisher":"https:\/\/www.facebook.com\/informelitoral\/","article_published_time":"2025-12-19T11:25:39+00:00","article_modified_time":"2025-12-19T11:27:54+00:00","og_image":[{"width":700,"height":360,"url":"https:\/\/informelitoral.com.ar\/%77%70%2d%63%6f%6e%74%65%6e%74\/uploads\/2024\/07\/nuevo-protocolo-bienestar-animal-feedlots.webp","type":"image\/webp"}],"author":"Sebastian","twitter_card":"summary_large_image","twitter_creator":"@InformeLitoral","twitter_site":"@InformeLitoral","twitter_misc":{"Escrito por":"Sebastian","Tiempo de lectura":"3 minutos"},"schema":{"@context":"https:\/\/schema.org","@graph":[{"@type":"Article","@id":"https:\/\/informelitoral.com.ar\/alerta-en-el-mercado-ganadero-proyectan-una-fuerte-caida-en-la-produccion-mundial-de-carne-para-2026\/#article","isPartOf":{"@id":"https:\/\/informelitoral.com.ar\/alerta-en-el-mercado-ganadero-proyectan-una-fuerte-caida-en-la-produccion-mundial-de-carne-para-2026\/"},"author":{"name":"Sebastian","@id":"https:\/\/informelitoral.com.ar\/#\/schema\/person\/f05f9f461677119578717524b127d6d5"},"headline":"Alerta en el mercado ganadero: proyectan una fuerte ca\u00edda en la producci\u00f3n mundial de carne para 2026","datePublished":"2025-12-19T11:25:39+00:00","dateModified":"2025-12-19T11:27:54+00:00","mainEntityOfPage":{"@id":"https:\/\/informelitoral.com.ar\/alerta-en-el-mercado-ganadero-proyectan-una-fuerte-caida-en-la-produccion-mundial-de-carne-para-2026\/"},"wordCount":525,"commentCount":0,"publisher":{"@id":"https:\/\/informelitoral.com.ar\/#organization"},"image":{"@id":"https:\/\/informelitoral.com.ar\/alerta-en-el-mercado-ganadero-proyectan-una-fuerte-caida-en-la-produccion-mundial-de-carne-para-2026\/#primaryimage"},"thumbnailUrl":"https:\/\/informelitoral.com.ar\/%77%70%2d%63%6f%6e%74%65%6e%74\/uploads\/2024\/07\/nuevo-protocolo-bienestar-animal-feedlots.webp","keywords":["Ganader\u00eda","Mercado","Producci\u00f3n"],"articleSection":["Campo"],"inLanguage":"es","potentialAction":[{"@type":"CommentAction","name":"Comment","target":["https:\/\/informelitoral.com.ar\/alerta-en-el-mercado-ganadero-proyectan-una-fuerte-caida-en-la-produccion-mundial-de-carne-para-2026\/#respond"]}]},{"@type":"WebPage","@id":"https:\/\/informelitoral.com.ar\/alerta-en-el-mercado-ganadero-proyectan-una-fuerte-caida-en-la-produccion-mundial-de-carne-para-2026\/","url":"https:\/\/informelitoral.com.ar\/alerta-en-el-mercado-ganadero-proyectan-una-fuerte-caida-en-la-produccion-mundial-de-carne-para-2026\/","name":"Alerta en el mercado ganadero: proyectan una fuerte ca\u00edda en la producci\u00f3n mundial de carne para 2026 - Informe Litoral","isPartOf":{"@id":"https:\/\/informelitoral.com.ar\/#website"},"primaryImageOfPage":{"@id":"https:\/\/informelitoral.com.ar\/alerta-en-el-mercado-ganadero-proyectan-una-fuerte-caida-en-la-produccion-mundial-de-carne-para-2026\/#primaryimage"},"image":{"@id":"https:\/\/informelitoral.com.ar\/alerta-en-el-mercado-ganadero-proyectan-una-fuerte-caida-en-la-produccion-mundial-de-carne-para-2026\/#primaryimage"},"thumbnailUrl":"https:\/\/informelitoral.com.ar\/%77%70%2d%63%6f%6e%74%65%6e%74\/uploads\/2024\/07\/nuevo-protocolo-bienestar-animal-feedlots.webp","datePublished":"2025-12-19T11:25:39+00:00","dateModified":"2025-12-19T11:27:54+00:00","breadcrumb":{"@id":"https:\/\/informelitoral.com.ar\/alerta-en-el-mercado-ganadero-proyectan-una-fuerte-caida-en-la-produccion-mundial-de-carne-para-2026\/#breadcrumb"},"inLanguage":"es","potentialAction":[{"@type":"ReadAction","target":["https:\/\/informelitoral.com.ar\/alerta-en-el-mercado-ganadero-proyectan-una-fuerte-caida-en-la-produccion-mundial-de-carne-para-2026\/"]}]},{"@type":"ImageObject","inLanguage":"es","@id":"https:\/\/informelitoral.com.ar\/alerta-en-el-mercado-ganadero-proyectan-una-fuerte-caida-en-la-produccion-mundial-de-carne-para-2026\/#primaryimage","url":"https:\/\/informelitoral.com.ar\/%77%70%2d%63%6f%6e%74%65%6e%74\/uploads\/2024\/07\/nuevo-protocolo-bienestar-animal-feedlots.webp","contentUrl":"https:\/\/informelitoral.com.ar\/%77%70%2d%63%6f%6e%74%65%6e%74\/uploads\/2024\/07\/nuevo-protocolo-bienestar-animal-feedlots.webp","width":700,"height":360},{"@type":"BreadcrumbList","@id":"https:\/\/informelitoral.com.ar\/alerta-en-el-mercado-ganadero-proyectan-una-fuerte-caida-en-la-produccion-mundial-de-carne-para-2026\/#breadcrumb","itemListElement":[{"@type":"ListItem","position":1,"name":"Portada","item":"https:\/\/informelitoral.com.ar\/"},{"@type":"ListItem","position":2,"name":"Alerta en el mercado ganadero: proyectan una fuerte ca\u00edda en la producci\u00f3n mundial de carne para 2026"}]},{"@type":"WebSite","@id":"https:\/\/informelitoral.com.ar\/#website","url":"https:\/\/informelitoral.com.ar\/","name":"Informe Litoral","description":"&quot;Nos informamos&quot; ","publisher":{"@id":"https:\/\/informelitoral.com.ar\/#organization"},"potentialAction":[{"@type":"SearchAction","target":{"@type":"EntryPoint","urlTemplate":"https:\/\/informelitoral.com.ar\/?s={search_term_string}"},"query-input":{"@type":"PropertyValueSpecification","valueRequired":true,"valueName":"search_term_string"}}],"inLanguage":"es"},{"@type":"Organization","@id":"https:\/\/informelitoral.com.ar\/#organization","name":"Informe Litoral","url":"https:\/\/informelitoral.com.ar\/","logo":{"@type":"ImageObject","inLanguage":"es","@id":"https:\/\/informelitoral.com.ar\/#\/schema\/logo\/image\/","url":"https:\/\/informelitoral.com.ar\/%77%70%2d%63%6f%6e%74%65%6e%74\/uploads\/2021\/01\/circulo.png","contentUrl":"https:\/\/informelitoral.com.ar\/%77%70%2d%63%6f%6e%74%65%6e%74\/uploads\/2021\/01\/circulo.png","width":723,"height":731,"caption":"Informe Litoral"},"image":{"@id":"https:\/\/informelitoral.com.ar\/#\/schema\/logo\/image\/"},"sameAs":["https:\/\/www.facebook.com\/informelitoral\/","https:\/\/x.com\/InformeLitoral","https:\/\/www.instagram.com\/informelitoral\/","https:\/\/www.youtube.com\/channel\/UCua4Qvz8Icb6MYqhoq9xLXw"]},{"@type":"Person","@id":"https:\/\/informelitoral.com.ar\/#\/schema\/person\/f05f9f461677119578717524b127d6d5","name":"Sebastian","image":{"@type":"ImageObject","inLanguage":"es","@id":"https:\/\/secure.gravatar.com\/avatar\/b71bf7481d447dfb9583c7f2798e7cc64de6efb9067b74633ed8c31059a3bd82?s=96&d=mm&r=g","url":"https:\/\/secure.gravatar.com\/avatar\/b71bf7481d447dfb9583c7f2798e7cc64de6efb9067b74633ed8c31059a3bd82?s=96&d=mm&r=g","contentUrl":"https:\/\/secure.gravatar.com\/avatar\/b71bf7481d447dfb9583c7f2798e7cc64de6efb9067b74633ed8c31059a3bd82?s=96&d=mm&r=g","caption":"Sebastian"},"url":"https:\/\/informelitoral.com.ar\/author\/sebastian\/"}]}},"_links":{"self":[{"href":"https:\/\/informelitoral.com.ar\/%77%70%2d%6a%73%6f%6e\/wp\/v2\/posts\/244256","targetHints":{"allow":["GET"]}}],"collection":[{"href":"https:\/\/informelitoral.com.ar\/%77%70%2d%6a%73%6f%6e\/wp\/v2\/posts"}],"about":[{"href":"https:\/\/informelitoral.com.ar\/%77%70%2d%6a%73%6f%6e\/wp\/v2\/types\/post"}],"author":[{"embeddable":true,"href":"https:\/\/informelitoral.com.ar\/%77%70%2d%6a%73%6f%6e\/wp\/v2\/users\/8"}],"replies":[{"embeddable":true,"href":"https:\/\/informelitoral.com.ar\/%77%70%2d%6a%73%6f%6e\/wp\/v2\/comments?post=244256"}],"version-history":[{"count":3,"href":"https:\/\/informelitoral.com.ar\/%77%70%2d%6a%73%6f%6e\/wp\/v2\/posts\/244256\/revisions"}],"predecessor-version":[{"id":244259,"href":"https:\/\/informelitoral.com.ar\/%77%70%2d%6a%73%6f%6e\/wp\/v2\/posts\/244256\/revisions\/244259"}],"wp:featuredmedia":[{"embeddable":true,"href":"https:\/\/informelitoral.com.ar\/%77%70%2d%6a%73%6f%6e\/wp\/v2\/media\/192526"}],"wp:attachment":[{"href":"https:\/\/informelitoral.com.ar\/%77%70%2d%6a%73%6f%6e\/wp\/v2\/media?parent=244256"}],"wp:term":[{"taxonomy":"category","embeddable":true,"href":"https:\/\/informelitoral.com.ar\/%77%70%2d%6a%73%6f%6e\/wp\/v2\/categories?post=244256"},{"taxonomy":"post_tag","embeddable":true,"href":"https:\/\/informelitoral.com.ar\/%77%70%2d%6a%73%6f%6e\/wp\/v2\/tags?post=244256"}],"curies":[{"name":"wp","href":"https:\/\/api.w.org\/{rel}","templated":true}]}}