{"id":244250,"date":"2025-12-19T08:18:29","date_gmt":"2025-12-19T11:18:29","guid":{"rendered":"https:\/\/informelitoral.com.ar\/?p=244250"},"modified":"2025-12-19T08:18:29","modified_gmt":"2025-12-19T11:18:29","slug":"tragedia-en-parana-un-hombre-de-57-anos-murio-tras-descompensarse-al-volante","status":"publish","type":"post","link":"https:\/\/informelitoral.com.ar\/tragedia-en-parana-un-hombre-de-57-anos-murio-tras-descompensarse-al-volante\/","title":{"rendered":"Tragedia en Paran\u00e1: un hombre de 57 a\u00f1os muri\u00f3 tras descompensarse al volante"},"content":{"rendered":"<p data-path-to-node=\"4\">Una jornada de luto se vivi\u00f3 este jueves en la zona c\u00e9ntrica de <b data-path-to-node=\"4\" data-index-in-node=\"64\">Paran\u00e1<\/b> tras confirmarse el fallecimiento de un hombre de 57 a\u00f1os, quien protagoniz\u00f3 un accidente de tr\u00e1nsito derivado de una crisis de salud mientras conduc\u00eda. El hecho tuvo lugar en la intersecci\u00f3n de las calles <b data-path-to-node=\"4\" data-index-in-node=\"277\">Villaguay y Alsina<\/b>, provocando conmoci\u00f3n entre los vecinos y transe\u00fantes del \u00e1rea.<\/p>\n<p data-path-to-node=\"6\">Seg\u00fan los datos recabados en el lugar, el hombre circulaba a bordo de una <b data-path-to-node=\"6\" data-index-in-node=\"74\">Renault Kangoo<\/b> blanca cuando sufri\u00f3 una repentina descompensaci\u00f3n. Debido al cuadro cl\u00ednico, perdi\u00f3 el dominio del veh\u00edculo, el cual se desvi\u00f3 de la calzada y termin\u00f3 impactando contra la vereda de calle Villaguay.<\/p>\n<h6 data-path-to-node=\"6\"><em><strong>Del archivo:\u00a0<a href=\"https:\/\/informelitoral.com.ar\/diamante-recuperaron-una-moto-robada-tras-un-operativo-cerrojo-que-termino-en-parana\/\" target=\"_blank\" rel=\"noopener\">Diamante: recuperaron una moto robada tras un operativo cerrojo que termin\u00f3 en Paran\u00e1<\/a><\/strong><\/em><\/h6>\n<p data-path-to-node=\"7\">De inmediato, testigos dieron aviso a los servicios de emergencia. Una ambulancia lleg\u00f3 al sitio y el personal de salud inici\u00f3 r\u00e1pidamente las <b data-path-to-node=\"7\" data-index-in-node=\"143\">maniobras de reanimaci\u00f3n cardiopulmonar (RCP)<\/b>, procedimiento que continu\u00f3 durante el traslado de urgencia hacia el <b data-path-to-node=\"7\" data-index-in-node=\"258\">Hospital San Mart\u00edn<\/b>.<\/p>\n<p data-path-to-node=\"9\">Al ingresar al nosocomio local, el equipo m\u00e9dico de guardia redobl\u00f3 los esfuerzos por estabilizar al paciente. Sin embargo, minutos m\u00e1s tarde se inform\u00f3 oficialmente su deceso. De acuerdo a los primeros informes m\u00e9dicos, la causa de muerte habr\u00eda sido un <b data-path-to-node=\"9\" data-index-in-node=\"255\">paro cardiorrespiratorio<\/b>.<\/p>\n<p data-path-to-node=\"10\">En el lugar del siniestro trabaj\u00f3 personal policial para labrar las actuaciones correspondientes y peritos que buscaron determinar con exactitud la mec\u00e1nica del accidente, aunque todo indica que el choque fue la consecuencia directa del problema de salud previo del conductor.(<em>Elonce<\/em>)<\/p>\n","protected":false},"excerpt":{"rendered":"<p>El conductor perdi\u00f3 el control de su utilitario en la intersecci\u00f3n de calles Villaguay y Alsina. A pesar de las maniobras de RCP realizadas por el personal de salud, falleci\u00f3 en el Hospital San Mart\u00edn.<\/p>\n","protected":false},"author":8,"featured_media":244033,"comment_status":"open","ping_status":"open","sticky":false,"template":"","format":"standard","meta":{"fifu_image_url":"","fifu_image_alt":"","footnotes":""},"categories":[14],"tags":[3305,45],"class_list":{"0":"post-244250","1":"post","2":"type-post","3":"status-publish","4":"format-standard","5":"has-post-thumbnail","7":"category-policiales","8":"tag-fallecido","9":"tag-parana"},"yoast_head":"<title>Tragedia en Paran\u00e1: un hombre de 57 a\u00f1os muri\u00f3 tras descompensarse al volante - Informe Litoral<\/title>\n<meta name=\"robots\" content=\"index, follow, max-snippet:-1, max-image-preview:large, max-video-preview:-1\" \/>\n<link rel=\"canonical\" href=\"https:\/\/informelitoral.com.ar\/tragedia-en-parana-un-hombre-de-57-anos-murio-tras-descompensarse-al-volante\/\" \/>\n<meta property=\"og:locale\" content=\"es_ES\" \/>\n<meta property=\"og:type\" content=\"article\" \/>\n<meta property=\"og:title\" content=\"Tragedia en Paran\u00e1: un hombre de 57 a\u00f1os muri\u00f3 tras descompensarse al volante - Informe Litoral\" \/>\n<meta property=\"og:description\" content=\"El conductor perdi\u00f3 el control de su utilitario en la intersecci\u00f3n de calles Villaguay y Alsina. A pesar de las maniobras de RCP realizadas por el personal de salud, falleci\u00f3 en el Hospital San Mart\u00edn.\" \/>\n<meta property=\"og:url\" content=\"https:\/\/informelitoral.com.ar\/tragedia-en-parana-un-hombre-de-57-anos-murio-tras-descompensarse-al-volante\/\" \/>\n<meta property=\"og:site_name\" content=\"Informe Litoral\" \/>\n<meta property=\"article:publisher\" content=\"https:\/\/www.facebook.com\/informelitoral\/\" \/>\n<meta property=\"article:published_time\" content=\"2025-12-19T11:18:29+00:00\" \/>\n<meta property=\"og:image\" content=\"https:\/\/drive.google.com\/thumbnail?id=11mnElf14C51jAf3aeSM5WOLaaU6h8Xya&sz=w2048\" \/>\n\t<meta property=\"og:image:width\" content=\"718\" \/>\n\t<meta property=\"og:image:height\" content=\"569\" \/>\n\t<meta property=\"og:image:type\" content=\"image\/jpeg\" \/>\n<meta name=\"author\" content=\"Sebastian\" \/>\n<meta name=\"twitter:card\" content=\"summary_large_image\" \/>\n<meta name=\"twitter:creator\" content=\"@InformeLitoral\" \/>\n<meta name=\"twitter:site\" content=\"@InformeLitoral\" \/>\n<meta name=\"twitter:label1\" content=\"Escrito por\" \/>\n\t<meta name=\"twitter:data1\" content=\"Sebastian\" \/>\n\t<meta name=\"twitter:label2\" content=\"Tiempo de lectura\" \/>\n\t<meta name=\"twitter:data2\" content=\"2 minutos\" \/>\n<script type=\"application\/ld+json\" class=\"yoast-schema-graph\">{\"@context\":\"https:\\\/\\\/schema.org\",\"@graph\":[{\"@type\":\"Article\",\"@id\":\"https:\\\/\\\/informelitoral.com.ar\\\/tragedia-en-parana-un-hombre-de-57-anos-murio-tras-descompensarse-al-volante\\\/#article\",\"isPartOf\":{\"@id\":\"https:\\\/\\\/informelitoral.com.ar\\\/tragedia-en-parana-un-hombre-de-57-anos-murio-tras-descompensarse-al-volante\\\/\"},\"author\":{\"name\":\"Sebastian\",\"@id\":\"https:\\\/\\\/informelitoral.com.ar\\\/#\\\/schema\\\/person\\\/f05f9f461677119578717524b127d6d5\"},\"headline\":\"Tragedia en Paran\u00e1: un hombre de 57 a\u00f1os muri\u00f3 tras descompensarse al volante\",\"datePublished\":\"2025-12-19T11:18:29+00:00\",\"mainEntityOfPage\":{\"@id\":\"https:\\\/\\\/informelitoral.com.ar\\\/tragedia-en-parana-un-hombre-de-57-anos-murio-tras-descompensarse-al-volante\\\/\"},\"wordCount\":279,\"commentCount\":0,\"publisher\":{\"@id\":\"https:\\\/\\\/informelitoral.com.ar\\\/#organization\"},\"image\":{\"@id\":\"https:\\\/\\\/informelitoral.com.ar\\\/tragedia-en-parana-un-hombre-de-57-anos-murio-tras-descompensarse-al-volante\\\/#primaryimage\"},\"thumbnailUrl\":\"https:\\\/\\\/drive.google.com\\\/thumbnail?id=11mnElf14C51jAf3aeSM5WOLaaU6h8Xya&sz=w2048\",\"keywords\":[\"Fallecido\",\"Paran\u00e1\"],\"articleSection\":[\"Policiales\"],\"inLanguage\":\"es\",\"potentialAction\":[{\"@type\":\"CommentAction\",\"name\":\"Comment\",\"target\":[\"https:\\\/\\\/informelitoral.com.ar\\\/tragedia-en-parana-un-hombre-de-57-anos-murio-tras-descompensarse-al-volante\\\/#respond\"]}]},{\"@type\":\"WebPage\",\"@id\":\"https:\\\/\\\/informelitoral.com.ar\\\/tragedia-en-parana-un-hombre-de-57-anos-murio-tras-descompensarse-al-volante\\\/\",\"url\":\"https:\\\/\\\/informelitoral.com.ar\\\/tragedia-en-parana-un-hombre-de-57-anos-murio-tras-descompensarse-al-volante\\\/\",\"name\":\"Tragedia en Paran\u00e1: un hombre de 57 a\u00f1os muri\u00f3 tras descompensarse al volante - Informe Litoral\",\"isPartOf\":{\"@id\":\"https:\\\/\\\/informelitoral.com.ar\\\/#website\"},\"primaryImageOfPage\":{\"@id\":\"https:\\\/\\\/informelitoral.com.ar\\\/tragedia-en-parana-un-hombre-de-57-anos-murio-tras-descompensarse-al-volante\\\/#primaryimage\"},\"image\":{\"@id\":\"https:\\\/\\\/informelitoral.com.ar\\\/tragedia-en-parana-un-hombre-de-57-anos-murio-tras-descompensarse-al-volante\\\/#primaryimage\"},\"thumbnailUrl\":\"https:\\\/\\\/drive.google.com\\\/thumbnail?id=11mnElf14C51jAf3aeSM5WOLaaU6h8Xya&sz=w2048\",\"datePublished\":\"2025-12-19T11:18:29+00:00\",\"breadcrumb\":{\"@id\":\"https:\\\/\\\/informelitoral.com.ar\\\/tragedia-en-parana-un-hombre-de-57-anos-murio-tras-descompensarse-al-volante\\\/#breadcrumb\"},\"inLanguage\":\"es\",\"potentialAction\":[{\"@type\":\"ReadAction\",\"target\":[\"https:\\\/\\\/informelitoral.com.ar\\\/tragedia-en-parana-un-hombre-de-57-anos-murio-tras-descompensarse-al-volante\\\/\"]}]},{\"@type\":\"ImageObject\",\"inLanguage\":\"es\",\"@id\":\"https:\\\/\\\/informelitoral.com.ar\\\/tragedia-en-parana-un-hombre-de-57-anos-murio-tras-descompensarse-al-volante\\\/#primaryimage\",\"url\":\"https:\\\/\\\/drive.google.com\\\/thumbnail?id=11mnElf14C51jAf3aeSM5WOLaaU6h8Xya&sz=w2048\",\"contentUrl\":\"https:\\\/\\\/drive.google.com\\\/thumbnail?id=11mnElf14C51jAf3aeSM5WOLaaU6h8Xya&sz=w2048\",\"width\":718,\"height\":569,\"caption\":\"Imagen ilustrativa\"},{\"@type\":\"BreadcrumbList\",\"@id\":\"https:\\\/\\\/informelitoral.com.ar\\\/tragedia-en-parana-un-hombre-de-57-anos-murio-tras-descompensarse-al-volante\\\/#breadcrumb\",\"itemListElement\":[{\"@type\":\"ListItem\",\"position\":1,\"name\":\"Portada\",\"item\":\"https:\\\/\\\/informelitoral.com.ar\\\/\"},{\"@type\":\"ListItem\",\"position\":2,\"name\":\"Tragedia en Paran\u00e1: un hombre de 57 a\u00f1os muri\u00f3 tras descompensarse al volante\"}]},{\"@type\":\"WebSite\",\"@id\":\"https:\\\/\\\/informelitoral.com.ar\\\/#website\",\"url\":\"https:\\\/\\\/informelitoral.com.ar\\\/\",\"name\":\"Informe Litoral\",\"description\":\"&quot;Nos informamos&quot; \",\"publisher\":{\"@id\":\"https:\\\/\\\/informelitoral.com.ar\\\/#organization\"},\"potentialAction\":[{\"@type\":\"SearchAction\",\"target\":{\"@type\":\"EntryPoint\",\"urlTemplate\":\"https:\\\/\\\/informelitoral.com.ar\\\/?s={search_term_string}\"},\"query-input\":{\"@type\":\"PropertyValueSpecification\",\"valueRequired\":true,\"valueName\":\"search_term_string\"}}],\"inLanguage\":\"es\"},{\"@type\":\"Organization\",\"@id\":\"https:\\\/\\\/informelitoral.com.ar\\\/#organization\",\"name\":\"Informe Litoral\",\"url\":\"https:\\\/\\\/informelitoral.com.ar\\\/\",\"logo\":{\"@type\":\"ImageObject\",\"inLanguage\":\"es\",\"@id\":\"https:\\\/\\\/informelitoral.com.ar\\\/#\\\/schema\\\/logo\\\/image\\\/\",\"url\":\"https:\\\/\\\/informelitoral.com.ar\\\/%77%70%2d%63%6f%6e%74%65%6e%74\\\/uploads\\\/2021\\\/01\\\/circulo.png\",\"contentUrl\":\"https:\\\/\\\/informelitoral.com.ar\\\/%77%70%2d%63%6f%6e%74%65%6e%74\\\/uploads\\\/2021\\\/01\\\/circulo.png\",\"width\":723,\"height\":731,\"caption\":\"Informe Litoral\"},\"image\":{\"@id\":\"https:\\\/\\\/informelitoral.com.ar\\\/#\\\/schema\\\/logo\\\/image\\\/\"},\"sameAs\":[\"https:\\\/\\\/www.facebook.com\\\/informelitoral\\\/\",\"https:\\\/\\\/x.com\\\/InformeLitoral\",\"https:\\\/\\\/www.instagram.com\\\/informelitoral\\\/\",\"https:\\\/\\\/www.youtube.com\\\/channel\\\/UCua4Qvz8Icb6MYqhoq9xLXw\"]},{\"@type\":\"Person\",\"@id\":\"https:\\\/\\\/informelitoral.com.ar\\\/#\\\/schema\\\/person\\\/f05f9f461677119578717524b127d6d5\",\"name\":\"Sebastian\",\"image\":{\"@type\":\"ImageObject\",\"inLanguage\":\"es\",\"@id\":\"https:\\\/\\\/secure.gravatar.com\\\/avatar\\\/b71bf7481d447dfb9583c7f2798e7cc64de6efb9067b74633ed8c31059a3bd82?s=96&d=mm&r=g\",\"url\":\"https:\\\/\\\/secure.gravatar.com\\\/avatar\\\/b71bf7481d447dfb9583c7f2798e7cc64de6efb9067b74633ed8c31059a3bd82?s=96&d=mm&r=g\",\"contentUrl\":\"https:\\\/\\\/secure.gravatar.com\\\/avatar\\\/b71bf7481d447dfb9583c7f2798e7cc64de6efb9067b74633ed8c31059a3bd82?s=96&d=mm&r=g\",\"caption\":\"Sebastian\"},\"url\":\"https:\\\/\\\/informelitoral.com.ar\\\/author\\\/sebastian\\\/\"}]}<\/script>","yoast_head_json":{"title":"Tragedia en Paran\u00e1: un hombre de 57 a\u00f1os muri\u00f3 tras descompensarse al volante - Informe Litoral","robots":{"index":"index","follow":"follow","max-snippet":"max-snippet:-1","max-image-preview":"max-image-preview:large","max-video-preview":"max-video-preview:-1"},"canonical":"https:\/\/informelitoral.com.ar\/tragedia-en-parana-un-hombre-de-57-anos-murio-tras-descompensarse-al-volante\/","og_locale":"es_ES","og_type":"article","og_title":"Tragedia en Paran\u00e1: un hombre de 57 a\u00f1os muri\u00f3 tras descompensarse al volante - Informe Litoral","og_description":"El conductor perdi\u00f3 el control de su utilitario en la intersecci\u00f3n de calles Villaguay y Alsina. A pesar de las maniobras de RCP realizadas por el personal de salud, falleci\u00f3 en el Hospital San Mart\u00edn.","og_url":"https:\/\/informelitoral.com.ar\/tragedia-en-parana-un-hombre-de-57-anos-murio-tras-descompensarse-al-volante\/","og_site_name":"Informe Litoral","article_publisher":"https:\/\/www.facebook.com\/informelitoral\/","article_published_time":"2025-12-19T11:18:29+00:00","og_image":[{"width":718,"height":569,"url":"https:\/\/drive.google.com\/thumbnail?id=11mnElf14C51jAf3aeSM5WOLaaU6h8Xya&sz=w2048","type":"image\/jpeg"}],"author":"Sebastian","twitter_card":"summary_large_image","twitter_creator":"@InformeLitoral","twitter_site":"@InformeLitoral","twitter_misc":{"Escrito por":"Sebastian","Tiempo de lectura":"2 minutos"},"schema":{"@context":"https:\/\/schema.org","@graph":[{"@type":"Article","@id":"https:\/\/informelitoral.com.ar\/tragedia-en-parana-un-hombre-de-57-anos-murio-tras-descompensarse-al-volante\/#article","isPartOf":{"@id":"https:\/\/informelitoral.com.ar\/tragedia-en-parana-un-hombre-de-57-anos-murio-tras-descompensarse-al-volante\/"},"author":{"name":"Sebastian","@id":"https:\/\/informelitoral.com.ar\/#\/schema\/person\/f05f9f461677119578717524b127d6d5"},"headline":"Tragedia en Paran\u00e1: un hombre de 57 a\u00f1os muri\u00f3 tras descompensarse al volante","datePublished":"2025-12-19T11:18:29+00:00","mainEntityOfPage":{"@id":"https:\/\/informelitoral.com.ar\/tragedia-en-parana-un-hombre-de-57-anos-murio-tras-descompensarse-al-volante\/"},"wordCount":279,"commentCount":0,"publisher":{"@id":"https:\/\/informelitoral.com.ar\/#organization"},"image":{"@id":"https:\/\/informelitoral.com.ar\/tragedia-en-parana-un-hombre-de-57-anos-murio-tras-descompensarse-al-volante\/#primaryimage"},"thumbnailUrl":"https:\/\/drive.google.com\/thumbnail?id=11mnElf14C51jAf3aeSM5WOLaaU6h8Xya&sz=w2048","keywords":["Fallecido","Paran\u00e1"],"articleSection":["Policiales"],"inLanguage":"es","potentialAction":[{"@type":"CommentAction","name":"Comment","target":["https:\/\/informelitoral.com.ar\/tragedia-en-parana-un-hombre-de-57-anos-murio-tras-descompensarse-al-volante\/#respond"]}]},{"@type":"WebPage","@id":"https:\/\/informelitoral.com.ar\/tragedia-en-parana-un-hombre-de-57-anos-murio-tras-descompensarse-al-volante\/","url":"https:\/\/informelitoral.com.ar\/tragedia-en-parana-un-hombre-de-57-anos-murio-tras-descompensarse-al-volante\/","name":"Tragedia en Paran\u00e1: un hombre de 57 a\u00f1os muri\u00f3 tras descompensarse al volante - Informe Litoral","isPartOf":{"@id":"https:\/\/informelitoral.com.ar\/#website"},"primaryImageOfPage":{"@id":"https:\/\/informelitoral.com.ar\/tragedia-en-parana-un-hombre-de-57-anos-murio-tras-descompensarse-al-volante\/#primaryimage"},"image":{"@id":"https:\/\/informelitoral.com.ar\/tragedia-en-parana-un-hombre-de-57-anos-murio-tras-descompensarse-al-volante\/#primaryimage"},"thumbnailUrl":"https:\/\/drive.google.com\/thumbnail?id=11mnElf14C51jAf3aeSM5WOLaaU6h8Xya&sz=w2048","datePublished":"2025-12-19T11:18:29+00:00","breadcrumb":{"@id":"https:\/\/informelitoral.com.ar\/tragedia-en-parana-un-hombre-de-57-anos-murio-tras-descompensarse-al-volante\/#breadcrumb"},"inLanguage":"es","potentialAction":[{"@type":"ReadAction","target":["https:\/\/informelitoral.com.ar\/tragedia-en-parana-un-hombre-de-57-anos-murio-tras-descompensarse-al-volante\/"]}]},{"@type":"ImageObject","inLanguage":"es","@id":"https:\/\/informelitoral.com.ar\/tragedia-en-parana-un-hombre-de-57-anos-murio-tras-descompensarse-al-volante\/#primaryimage","url":"https:\/\/drive.google.com\/thumbnail?id=11mnElf14C51jAf3aeSM5WOLaaU6h8Xya&sz=w2048","contentUrl":"https:\/\/drive.google.com\/thumbnail?id=11mnElf14C51jAf3aeSM5WOLaaU6h8Xya&sz=w2048","width":718,"height":569,"caption":"Imagen ilustrativa"},{"@type":"BreadcrumbList","@id":"https:\/\/informelitoral.com.ar\/tragedia-en-parana-un-hombre-de-57-anos-murio-tras-descompensarse-al-volante\/#breadcrumb","itemListElement":[{"@type":"ListItem","position":1,"name":"Portada","item":"https:\/\/informelitoral.com.ar\/"},{"@type":"ListItem","position":2,"name":"Tragedia en Paran\u00e1: un hombre de 57 a\u00f1os muri\u00f3 tras descompensarse al volante"}]},{"@type":"WebSite","@id":"https:\/\/informelitoral.com.ar\/#website","url":"https:\/\/informelitoral.com.ar\/","name":"Informe Litoral","description":"&quot;Nos informamos&quot; ","publisher":{"@id":"https:\/\/informelitoral.com.ar\/#organization"},"potentialAction":[{"@type":"SearchAction","target":{"@type":"EntryPoint","urlTemplate":"https:\/\/informelitoral.com.ar\/?s={search_term_string}"},"query-input":{"@type":"PropertyValueSpecification","valueRequired":true,"valueName":"search_term_string"}}],"inLanguage":"es"},{"@type":"Organization","@id":"https:\/\/informelitoral.com.ar\/#organization","name":"Informe Litoral","url":"https:\/\/informelitoral.com.ar\/","logo":{"@type":"ImageObject","inLanguage":"es","@id":"https:\/\/informelitoral.com.ar\/#\/schema\/logo\/image\/","url":"https:\/\/informelitoral.com.ar\/%77%70%2d%63%6f%6e%74%65%6e%74\/uploads\/2021\/01\/circulo.png","contentUrl":"https:\/\/informelitoral.com.ar\/%77%70%2d%63%6f%6e%74%65%6e%74\/uploads\/2021\/01\/circulo.png","width":723,"height":731,"caption":"Informe Litoral"},"image":{"@id":"https:\/\/informelitoral.com.ar\/#\/schema\/logo\/image\/"},"sameAs":["https:\/\/www.facebook.com\/informelitoral\/","https:\/\/x.com\/InformeLitoral","https:\/\/www.instagram.com\/informelitoral\/","https:\/\/www.youtube.com\/channel\/UCua4Qvz8Icb6MYqhoq9xLXw"]},{"@type":"Person","@id":"https:\/\/informelitoral.com.ar\/#\/schema\/person\/f05f9f461677119578717524b127d6d5","name":"Sebastian","image":{"@type":"ImageObject","inLanguage":"es","@id":"https:\/\/secure.gravatar.com\/avatar\/b71bf7481d447dfb9583c7f2798e7cc64de6efb9067b74633ed8c31059a3bd82?s=96&d=mm&r=g","url":"https:\/\/secure.gravatar.com\/avatar\/b71bf7481d447dfb9583c7f2798e7cc64de6efb9067b74633ed8c31059a3bd82?s=96&d=mm&r=g","contentUrl":"https:\/\/secure.gravatar.com\/avatar\/b71bf7481d447dfb9583c7f2798e7cc64de6efb9067b74633ed8c31059a3bd82?s=96&d=mm&r=g","caption":"Sebastian"},"url":"https:\/\/informelitoral.com.ar\/author\/sebastian\/"}]}},"_links":{"self":[{"href":"https:\/\/informelitoral.com.ar\/%77%70%2d%6a%73%6f%6e\/wp\/v2\/posts\/244250","targetHints":{"allow":["GET"]}}],"collection":[{"href":"https:\/\/informelitoral.com.ar\/%77%70%2d%6a%73%6f%6e\/wp\/v2\/posts"}],"about":[{"href":"https:\/\/informelitoral.com.ar\/%77%70%2d%6a%73%6f%6e\/wp\/v2\/types\/post"}],"author":[{"embeddable":true,"href":"https:\/\/informelitoral.com.ar\/%77%70%2d%6a%73%6f%6e\/wp\/v2\/users\/8"}],"replies":[{"embeddable":true,"href":"https:\/\/informelitoral.com.ar\/%77%70%2d%6a%73%6f%6e\/wp\/v2\/comments?post=244250"}],"version-history":[{"count":1,"href":"https:\/\/informelitoral.com.ar\/%77%70%2d%6a%73%6f%6e\/wp\/v2\/posts\/244250\/revisions"}],"predecessor-version":[{"id":244251,"href":"https:\/\/informelitoral.com.ar\/%77%70%2d%6a%73%6f%6e\/wp\/v2\/posts\/244250\/revisions\/244251"}],"wp:featuredmedia":[{"embeddable":true,"href":"https:\/\/informelitoral.com.ar\/%77%70%2d%6a%73%6f%6e\/wp\/v2\/media\/244033"}],"wp:attachment":[{"href":"https:\/\/informelitoral.com.ar\/%77%70%2d%6a%73%6f%6e\/wp\/v2\/media?parent=244250"}],"wp:term":[{"taxonomy":"category","embeddable":true,"href":"https:\/\/informelitoral.com.ar\/%77%70%2d%6a%73%6f%6e\/wp\/v2\/categories?post=244250"},{"taxonomy":"post_tag","embeddable":true,"href":"https:\/\/informelitoral.com.ar\/%77%70%2d%6a%73%6f%6e\/wp\/v2\/tags?post=244250"}],"curies":[{"name":"wp","href":"https:\/\/api.w.org\/{rel}","templated":true}]}}