{"id":244227,"date":"2025-12-19T07:13:48","date_gmt":"2025-12-19T10:13:48","guid":{"rendered":"https:\/\/informelitoral.com.ar\/?p=244227"},"modified":"2025-12-19T07:16:56","modified_gmt":"2025-12-19T10:16:56","slug":"invitan-a-la-feria-navidena-para-este-martes-23-de-diciembre","status":"publish","type":"post","link":"https:\/\/informelitoral.com.ar\/invitan-a-la-feria-navidena-para-este-martes-23-de-diciembre\/","title":{"rendered":"Invitan a la Feria Navide\u00f1a para este martes 23 de diciembre"},"content":{"rendered":"<p>El Ministerio de Desarrollo Humano en colaboraci\u00f3n con la Municipalidad de Paran\u00e1, Vicegobernaci\u00f3n, Enersa, la Secretar\u00eda de Cultura y el Museo de Casa de Gobierno, impulsan esta propuesta ideal para adquirir los obsequios navide\u00f1os para toda la familia.<\/p>\n<p>En <a href=\"https:\/\/informelitoral.com.ar\/la-hora-del-6-por-canal-6-ertv-donde-volver-a-ver-las-entrevistas\/\" target=\"_blank\" rel=\"noopener\"><em><strong>La Hora del 6<\/strong> <\/em><\/a>por <em>Canal 6 ERTV,<\/em> <strong>Sebasti\u00e1n Bress\u00e1n<\/strong>, coordinador de Manos Entrerrianas y la emprendedora <strong>Viviana \u00c1lvarez<\/strong>, adelantaron que los asistentes se encontrar\u00e1n en la Feria Navide\u00f1a con una amplia gama de propuestas de distintos rubros: <strong>marroquiner\u00eda, indumentaria, accesorios, objetos decorativos y funcionales, juguetes, sahumerios artesanales, accesorios para mascotas, productos de aromaterapia, aromatizantes de ambientes, porcelanas, cuadros y sublimados, tejidos, bijou de dise\u00f1o, bordados, blanquer\u00eda, elementos de eco cuero, madera, alimentos agroecol\u00f3gicos.<\/strong> Contar\u00e1 con un amplio <strong>espacio gastron\u00f3mico y m\u00fasica en vivo.<\/strong><\/p>\n<p>Adem\u00e1s, estar\u00e1n exponiendo emprendedores de Manos Entrerrianas, estrenando la nueva imagen de la marca resultado de un proceso participativo con la comunidad.<\/p>\n<p>\u00abEsta feria constituye un espacio de encuentro que permite fortalecer la comercializaci\u00f3n de productos elaborados por emprendedores entrerrianos, promoviendo el consumo local y la generaci\u00f3n de oportunidades para el sector\u00bb, destac\u00f3 Bress\u00e1n.<\/p>\n<h2><strong>La importancia de Manos Entrerrianas\u00a0<\/strong><\/h2>\n<p>La emprendedora <strong>Viviana \u00c1lvarez<\/strong> cont\u00f3 que se dedica a la vitrofusi\u00f3n, que es una t\u00e9cnica art\u00edstica que utiliza altas temperaturas (600\u00b0C &#8211; 950\u00b0C) en un horno para fusionar o unir piezas de vidrio, creando objetos \u00fanicos con texturas, colores y formas diversas, utilizada en decoraci\u00f3n, joyer\u00eda y arte, mediante la superposici\u00f3n de vidrios, esmaltes y pigmentos, logrando resultados como vidrieras, platos, apliques o accesorios.<\/p>\n<p>En relaci\u00f3n al programa Manos Entrerrianas destac\u00f3 que forma parte del mismo desde el 2023. <strong>\u00abSiempre he participado de capacitaciones, de ferias y es importante el apoyo que brindan porque uno aprende a presentar y realzar el producto\u00bb, <\/strong>asegur\u00f3.<\/p>\n<p>En tanto, <strong>Sebasti\u00e1n Bress\u00e1n <\/strong>aclar\u00f3 que \u00abpor un lado est\u00e1 la marca Manos Entrerrianas y por el otro el programa. La marca busca visualizar los emprendimientos en la provincia y el pa\u00eds y por el otro lado, el programa, realiza aportes no reintegrables para mejoras comerciales a emprendimientos que forman parte de manos entrerrianas\u00bb, detall\u00f3.<\/p>\n<p>Para m\u00e1s informaci\u00f3n sobre los requisitos para ser parte del programa, pueden ingresar al sitio web:<strong> <a href=\"https:\/\/www.entrerios.gov.ar\/manosentrerrianas\/emprendimientos\">https:\/\/www.entrerios.gov.ar\/manosentrerrianas\/emprendimientos<\/a>.<\/strong><\/p>\n<h2><strong>Ver la entrevista completa:<\/strong><\/h2>\n<div class=\"youtube-embed\" data-video_id=\"ZbE0yZ-UmHc\"><iframe loading=\"lazy\" title=\"Feria Navide\u00f1a en Paran\u00e1 I Invitaci\u00f3n para el 23 de diciembre\" width=\"696\" height=\"392\" src=\"https:\/\/www.youtube.com\/embed\/ZbE0yZ-UmHc?feature=oembed&#038;enablejsapi=1\" frameborder=\"0\" allow=\"accelerometer; autoplay; clipboard-write; encrypted-media; gyroscope; picture-in-picture; web-share\" referrerpolicy=\"strict-origin-when-cross-origin\" allowfullscreen><\/iframe><\/div>\n<h6><em><strong>Del archivo:\u00a0<a href=\"https:\/\/informelitoral.com.ar\/alejandro-carrere-invito-a-estudiar-en-la-utn-facultad-regional-parana-en-2026\/\" target=\"_blank\" rel=\"noopener\">Alejandro Carrere invit\u00f3 a estudiar en la UTN \u2013 Facultad Regional Paran\u00e1 en 2026<\/a><\/strong><\/em><\/h6>\n","protected":false},"excerpt":{"rendered":"<p>Ser\u00e1 a partir de las 18 en la plaza Gobernador Enrique Carb\u00f3 de Paran\u00e1. En La Hora del 6 adelantaron  que participar\u00e1n m\u00e1s de 100 emprendimientos, m\u00fasica en vivo y espacio gastron\u00f3mico. <\/p>\n","protected":false},"author":2,"featured_media":244228,"comment_status":"open","ping_status":"open","sticky":false,"template":"","format":"standard","meta":{"fifu_image_url":"","fifu_image_alt":"","footnotes":""},"categories":[1597],"tags":[552,2375,6324,1266,45],"class_list":{"0":"post-244227","1":"post","2":"type-post","3":"status-publish","4":"format-standard","5":"has-post-thumbnail","7":"category-parana","8":"tag-emprendedores","9":"tag-feria-de-emprendedores","10":"tag-manos-entrerrianas","11":"tag-navidad","12":"tag-parana"},"yoast_head":"<title>Invitan a la Feria Navide\u00f1a para este martes 23 de diciembre - Informe Litoral<\/title>\n<meta name=\"robots\" content=\"index, follow, max-snippet:-1, max-image-preview:large, max-video-preview:-1\" \/>\n<link rel=\"canonical\" href=\"https:\/\/informelitoral.com.ar\/invitan-a-la-feria-navidena-para-este-martes-23-de-diciembre\/\" \/>\n<meta property=\"og:locale\" content=\"es_ES\" \/>\n<meta property=\"og:type\" content=\"article\" \/>\n<meta property=\"og:title\" content=\"Invitan a la Feria Navide\u00f1a para este martes 23 de diciembre - Informe Litoral\" \/>\n<meta property=\"og:description\" content=\"Ser\u00e1 a partir de las 18 en la plaza Gobernador Enrique Carb\u00f3 de Paran\u00e1. En La Hora del 6 adelantaron que participar\u00e1n m\u00e1s de 100 emprendimientos, m\u00fasica en vivo y espacio gastron\u00f3mico.\" \/>\n<meta property=\"og:url\" content=\"https:\/\/informelitoral.com.ar\/invitan-a-la-feria-navidena-para-este-martes-23-de-diciembre\/\" \/>\n<meta property=\"og:site_name\" content=\"Informe Litoral\" \/>\n<meta property=\"article:publisher\" content=\"https:\/\/www.facebook.com\/informelitoral\/\" \/>\n<meta property=\"article:published_time\" content=\"2025-12-19T10:13:48+00:00\" \/>\n<meta property=\"article:modified_time\" content=\"2025-12-19T10:16:56+00:00\" \/>\n<meta property=\"og:image\" content=\"https:\/\/drive.google.com\/thumbnail?id=1MHYFmcF2c_Kw7pJuqYgUdp1Snx9wGKu9&sz=w2048\" \/>\n\t<meta property=\"og:image:width\" content=\"1600\" \/>\n\t<meta property=\"og:image:height\" content=\"894\" \/>\n\t<meta property=\"og:image:type\" content=\"image\/jpeg\" \/>\n<meta name=\"author\" content=\"Gonzalo Schmidt\" \/>\n<meta name=\"twitter:card\" content=\"summary_large_image\" \/>\n<meta name=\"twitter:creator\" content=\"@InformeLitoral\" \/>\n<meta name=\"twitter:site\" content=\"@InformeLitoral\" \/>\n<meta name=\"twitter:label1\" content=\"Escrito por\" \/>\n\t<meta name=\"twitter:data1\" content=\"Gonzalo Schmidt\" \/>\n\t<meta name=\"twitter:label2\" content=\"Tiempo de lectura\" \/>\n\t<meta name=\"twitter:data2\" content=\"2 minutos\" \/>\n<script type=\"application\/ld+json\" class=\"yoast-schema-graph\">{\"@context\":\"https:\\\/\\\/schema.org\",\"@graph\":[{\"@type\":\"Article\",\"@id\":\"https:\\\/\\\/informelitoral.com.ar\\\/invitan-a-la-feria-navidena-para-este-martes-23-de-diciembre\\\/#article\",\"isPartOf\":{\"@id\":\"https:\\\/\\\/informelitoral.com.ar\\\/invitan-a-la-feria-navidena-para-este-martes-23-de-diciembre\\\/\"},\"author\":{\"name\":\"Gonzalo Schmidt\",\"@id\":\"https:\\\/\\\/informelitoral.com.ar\\\/#\\\/schema\\\/person\\\/b9d00407c836482871ef1d57bf8e3180\"},\"headline\":\"Invitan a la Feria Navide\u00f1a para este martes 23 de diciembre\",\"datePublished\":\"2025-12-19T10:13:48+00:00\",\"dateModified\":\"2025-12-19T10:16:56+00:00\",\"mainEntityOfPage\":{\"@id\":\"https:\\\/\\\/informelitoral.com.ar\\\/invitan-a-la-feria-navidena-para-este-martes-23-de-diciembre\\\/\"},\"wordCount\":428,\"commentCount\":0,\"publisher\":{\"@id\":\"https:\\\/\\\/informelitoral.com.ar\\\/#organization\"},\"image\":{\"@id\":\"https:\\\/\\\/informelitoral.com.ar\\\/invitan-a-la-feria-navidena-para-este-martes-23-de-diciembre\\\/#primaryimage\"},\"thumbnailUrl\":\"https:\\\/\\\/drive.google.com\\\/thumbnail?id=1MHYFmcF2c_Kw7pJuqYgUdp1Snx9wGKu9&sz=w2048\",\"keywords\":[\"Emprendedores\",\"Feria de emprendedores\",\"Manos entrerrianas\",\"Navidad\",\"Paran\u00e1\"],\"articleSection\":[\"Paran\u00e1\"],\"inLanguage\":\"es\",\"potentialAction\":[{\"@type\":\"CommentAction\",\"name\":\"Comment\",\"target\":[\"https:\\\/\\\/informelitoral.com.ar\\\/invitan-a-la-feria-navidena-para-este-martes-23-de-diciembre\\\/#respond\"]}]},{\"@type\":\"WebPage\",\"@id\":\"https:\\\/\\\/informelitoral.com.ar\\\/invitan-a-la-feria-navidena-para-este-martes-23-de-diciembre\\\/\",\"url\":\"https:\\\/\\\/informelitoral.com.ar\\\/invitan-a-la-feria-navidena-para-este-martes-23-de-diciembre\\\/\",\"name\":\"Invitan a la Feria Navide\u00f1a para este martes 23 de diciembre - Informe Litoral\",\"isPartOf\":{\"@id\":\"https:\\\/\\\/informelitoral.com.ar\\\/#website\"},\"primaryImageOfPage\":{\"@id\":\"https:\\\/\\\/informelitoral.com.ar\\\/invitan-a-la-feria-navidena-para-este-martes-23-de-diciembre\\\/#primaryimage\"},\"image\":{\"@id\":\"https:\\\/\\\/informelitoral.com.ar\\\/invitan-a-la-feria-navidena-para-este-martes-23-de-diciembre\\\/#primaryimage\"},\"thumbnailUrl\":\"https:\\\/\\\/drive.google.com\\\/thumbnail?id=1MHYFmcF2c_Kw7pJuqYgUdp1Snx9wGKu9&sz=w2048\",\"datePublished\":\"2025-12-19T10:13:48+00:00\",\"dateModified\":\"2025-12-19T10:16:56+00:00\",\"breadcrumb\":{\"@id\":\"https:\\\/\\\/informelitoral.com.ar\\\/invitan-a-la-feria-navidena-para-este-martes-23-de-diciembre\\\/#breadcrumb\"},\"inLanguage\":\"es\",\"potentialAction\":[{\"@type\":\"ReadAction\",\"target\":[\"https:\\\/\\\/informelitoral.com.ar\\\/invitan-a-la-feria-navidena-para-este-martes-23-de-diciembre\\\/\"]}]},{\"@type\":\"ImageObject\",\"inLanguage\":\"es\",\"@id\":\"https:\\\/\\\/informelitoral.com.ar\\\/invitan-a-la-feria-navidena-para-este-martes-23-de-diciembre\\\/#primaryimage\",\"url\":\"https:\\\/\\\/drive.google.com\\\/thumbnail?id=1MHYFmcF2c_Kw7pJuqYgUdp1Snx9wGKu9&sz=w2048\",\"contentUrl\":\"https:\\\/\\\/drive.google.com\\\/thumbnail?id=1MHYFmcF2c_Kw7pJuqYgUdp1Snx9wGKu9&sz=w2048\",\"width\":1600,\"height\":894,\"caption\":\"Sebasti\u00e1n Bress\u00e1n, coordinador de Manos Entrerrianas y Viviana \u00c1lvarez, emprendedora en La Hora del 6 por Canal 6 ERTV.\"},{\"@type\":\"BreadcrumbList\",\"@id\":\"https:\\\/\\\/informelitoral.com.ar\\\/invitan-a-la-feria-navidena-para-este-martes-23-de-diciembre\\\/#breadcrumb\",\"itemListElement\":[{\"@type\":\"ListItem\",\"position\":1,\"name\":\"Portada\",\"item\":\"https:\\\/\\\/informelitoral.com.ar\\\/\"},{\"@type\":\"ListItem\",\"position\":2,\"name\":\"Invitan a la Feria Navide\u00f1a para este martes 23 de diciembre\"}]},{\"@type\":\"WebSite\",\"@id\":\"https:\\\/\\\/informelitoral.com.ar\\\/#website\",\"url\":\"https:\\\/\\\/informelitoral.com.ar\\\/\",\"name\":\"Informe Litoral\",\"description\":\"&quot;Nos informamos&quot; \",\"publisher\":{\"@id\":\"https:\\\/\\\/informelitoral.com.ar\\\/#organization\"},\"potentialAction\":[{\"@type\":\"SearchAction\",\"target\":{\"@type\":\"EntryPoint\",\"urlTemplate\":\"https:\\\/\\\/informelitoral.com.ar\\\/?s={search_term_string}\"},\"query-input\":{\"@type\":\"PropertyValueSpecification\",\"valueRequired\":true,\"valueName\":\"search_term_string\"}}],\"inLanguage\":\"es\"},{\"@type\":\"Organization\",\"@id\":\"https:\\\/\\\/informelitoral.com.ar\\\/#organization\",\"name\":\"Informe Litoral\",\"url\":\"https:\\\/\\\/informelitoral.com.ar\\\/\",\"logo\":{\"@type\":\"ImageObject\",\"inLanguage\":\"es\",\"@id\":\"https:\\\/\\\/informelitoral.com.ar\\\/#\\\/schema\\\/logo\\\/image\\\/\",\"url\":\"https:\\\/\\\/informelitoral.com.ar\\\/%77%70%2d%63%6f%6e%74%65%6e%74\\\/uploads\\\/2021\\\/01\\\/circulo.png\",\"contentUrl\":\"https:\\\/\\\/informelitoral.com.ar\\\/%77%70%2d%63%6f%6e%74%65%6e%74\\\/uploads\\\/2021\\\/01\\\/circulo.png\",\"width\":723,\"height\":731,\"caption\":\"Informe Litoral\"},\"image\":{\"@id\":\"https:\\\/\\\/informelitoral.com.ar\\\/#\\\/schema\\\/logo\\\/image\\\/\"},\"sameAs\":[\"https:\\\/\\\/www.facebook.com\\\/informelitoral\\\/\",\"https:\\\/\\\/x.com\\\/InformeLitoral\",\"https:\\\/\\\/www.instagram.com\\\/informelitoral\\\/\",\"https:\\\/\\\/www.youtube.com\\\/channel\\\/UCua4Qvz8Icb6MYqhoq9xLXw\"]},{\"@type\":\"Person\",\"@id\":\"https:\\\/\\\/informelitoral.com.ar\\\/#\\\/schema\\\/person\\\/b9d00407c836482871ef1d57bf8e3180\",\"name\":\"Gonzalo Schmidt\",\"image\":{\"@type\":\"ImageObject\",\"inLanguage\":\"es\",\"@id\":\"https:\\\/\\\/secure.gravatar.com\\\/avatar\\\/31a1a7b66ff2de83bd0e9fd79d026630d2d99e55e8bfe501287647b4fd9743de?s=96&d=mm&r=g\",\"url\":\"https:\\\/\\\/secure.gravatar.com\\\/avatar\\\/31a1a7b66ff2de83bd0e9fd79d026630d2d99e55e8bfe501287647b4fd9743de?s=96&d=mm&r=g\",\"contentUrl\":\"https:\\\/\\\/secure.gravatar.com\\\/avatar\\\/31a1a7b66ff2de83bd0e9fd79d026630d2d99e55e8bfe501287647b4fd9743de?s=96&d=mm&r=g\",\"caption\":\"Gonzalo Schmidt\"},\"description\":\"Sitio web de noticias de la provincia de Entre R\u00edos, Argentina. Informaci\u00f3n y entretenimiento. Informe Litoral, nos informamos.\",\"sameAs\":[\"http:\\\/\\\/www.isletasnoticias.com.ar\"],\"url\":\"https:\\\/\\\/informelitoral.com.ar\\\/author\\\/gonzalo\\\/\"}]}<\/script>","yoast_head_json":{"title":"Invitan a la Feria Navide\u00f1a para este martes 23 de diciembre - Informe Litoral","robots":{"index":"index","follow":"follow","max-snippet":"max-snippet:-1","max-image-preview":"max-image-preview:large","max-video-preview":"max-video-preview:-1"},"canonical":"https:\/\/informelitoral.com.ar\/invitan-a-la-feria-navidena-para-este-martes-23-de-diciembre\/","og_locale":"es_ES","og_type":"article","og_title":"Invitan a la Feria Navide\u00f1a para este martes 23 de diciembre - Informe Litoral","og_description":"Ser\u00e1 a partir de las 18 en la plaza Gobernador Enrique Carb\u00f3 de Paran\u00e1. En La Hora del 6 adelantaron que participar\u00e1n m\u00e1s de 100 emprendimientos, m\u00fasica en vivo y espacio gastron\u00f3mico.","og_url":"https:\/\/informelitoral.com.ar\/invitan-a-la-feria-navidena-para-este-martes-23-de-diciembre\/","og_site_name":"Informe Litoral","article_publisher":"https:\/\/www.facebook.com\/informelitoral\/","article_published_time":"2025-12-19T10:13:48+00:00","article_modified_time":"2025-12-19T10:16:56+00:00","og_image":[{"width":1600,"height":894,"url":"https:\/\/drive.google.com\/thumbnail?id=1MHYFmcF2c_Kw7pJuqYgUdp1Snx9wGKu9&sz=w2048","type":"image\/jpeg"}],"author":"Gonzalo Schmidt","twitter_card":"summary_large_image","twitter_creator":"@InformeLitoral","twitter_site":"@InformeLitoral","twitter_misc":{"Escrito por":"Gonzalo Schmidt","Tiempo de lectura":"2 minutos"},"schema":{"@context":"https:\/\/schema.org","@graph":[{"@type":"Article","@id":"https:\/\/informelitoral.com.ar\/invitan-a-la-feria-navidena-para-este-martes-23-de-diciembre\/#article","isPartOf":{"@id":"https:\/\/informelitoral.com.ar\/invitan-a-la-feria-navidena-para-este-martes-23-de-diciembre\/"},"author":{"name":"Gonzalo Schmidt","@id":"https:\/\/informelitoral.com.ar\/#\/schema\/person\/b9d00407c836482871ef1d57bf8e3180"},"headline":"Invitan a la Feria Navide\u00f1a para este martes 23 de diciembre","datePublished":"2025-12-19T10:13:48+00:00","dateModified":"2025-12-19T10:16:56+00:00","mainEntityOfPage":{"@id":"https:\/\/informelitoral.com.ar\/invitan-a-la-feria-navidena-para-este-martes-23-de-diciembre\/"},"wordCount":428,"commentCount":0,"publisher":{"@id":"https:\/\/informelitoral.com.ar\/#organization"},"image":{"@id":"https:\/\/informelitoral.com.ar\/invitan-a-la-feria-navidena-para-este-martes-23-de-diciembre\/#primaryimage"},"thumbnailUrl":"https:\/\/drive.google.com\/thumbnail?id=1MHYFmcF2c_Kw7pJuqYgUdp1Snx9wGKu9&sz=w2048","keywords":["Emprendedores","Feria de emprendedores","Manos entrerrianas","Navidad","Paran\u00e1"],"articleSection":["Paran\u00e1"],"inLanguage":"es","potentialAction":[{"@type":"CommentAction","name":"Comment","target":["https:\/\/informelitoral.com.ar\/invitan-a-la-feria-navidena-para-este-martes-23-de-diciembre\/#respond"]}]},{"@type":"WebPage","@id":"https:\/\/informelitoral.com.ar\/invitan-a-la-feria-navidena-para-este-martes-23-de-diciembre\/","url":"https:\/\/informelitoral.com.ar\/invitan-a-la-feria-navidena-para-este-martes-23-de-diciembre\/","name":"Invitan a la Feria Navide\u00f1a para este martes 23 de diciembre - Informe Litoral","isPartOf":{"@id":"https:\/\/informelitoral.com.ar\/#website"},"primaryImageOfPage":{"@id":"https:\/\/informelitoral.com.ar\/invitan-a-la-feria-navidena-para-este-martes-23-de-diciembre\/#primaryimage"},"image":{"@id":"https:\/\/informelitoral.com.ar\/invitan-a-la-feria-navidena-para-este-martes-23-de-diciembre\/#primaryimage"},"thumbnailUrl":"https:\/\/drive.google.com\/thumbnail?id=1MHYFmcF2c_Kw7pJuqYgUdp1Snx9wGKu9&sz=w2048","datePublished":"2025-12-19T10:13:48+00:00","dateModified":"2025-12-19T10:16:56+00:00","breadcrumb":{"@id":"https:\/\/informelitoral.com.ar\/invitan-a-la-feria-navidena-para-este-martes-23-de-diciembre\/#breadcrumb"},"inLanguage":"es","potentialAction":[{"@type":"ReadAction","target":["https:\/\/informelitoral.com.ar\/invitan-a-la-feria-navidena-para-este-martes-23-de-diciembre\/"]}]},{"@type":"ImageObject","inLanguage":"es","@id":"https:\/\/informelitoral.com.ar\/invitan-a-la-feria-navidena-para-este-martes-23-de-diciembre\/#primaryimage","url":"https:\/\/drive.google.com\/thumbnail?id=1MHYFmcF2c_Kw7pJuqYgUdp1Snx9wGKu9&sz=w2048","contentUrl":"https:\/\/drive.google.com\/thumbnail?id=1MHYFmcF2c_Kw7pJuqYgUdp1Snx9wGKu9&sz=w2048","width":1600,"height":894,"caption":"Sebasti\u00e1n Bress\u00e1n, coordinador de Manos Entrerrianas y Viviana \u00c1lvarez, emprendedora en La Hora del 6 por Canal 6 ERTV."},{"@type":"BreadcrumbList","@id":"https:\/\/informelitoral.com.ar\/invitan-a-la-feria-navidena-para-este-martes-23-de-diciembre\/#breadcrumb","itemListElement":[{"@type":"ListItem","position":1,"name":"Portada","item":"https:\/\/informelitoral.com.ar\/"},{"@type":"ListItem","position":2,"name":"Invitan a la Feria Navide\u00f1a para este martes 23 de diciembre"}]},{"@type":"WebSite","@id":"https:\/\/informelitoral.com.ar\/#website","url":"https:\/\/informelitoral.com.ar\/","name":"Informe Litoral","description":"&quot;Nos informamos&quot; ","publisher":{"@id":"https:\/\/informelitoral.com.ar\/#organization"},"potentialAction":[{"@type":"SearchAction","target":{"@type":"EntryPoint","urlTemplate":"https:\/\/informelitoral.com.ar\/?s={search_term_string}"},"query-input":{"@type":"PropertyValueSpecification","valueRequired":true,"valueName":"search_term_string"}}],"inLanguage":"es"},{"@type":"Organization","@id":"https:\/\/informelitoral.com.ar\/#organization","name":"Informe Litoral","url":"https:\/\/informelitoral.com.ar\/","logo":{"@type":"ImageObject","inLanguage":"es","@id":"https:\/\/informelitoral.com.ar\/#\/schema\/logo\/image\/","url":"https:\/\/informelitoral.com.ar\/%77%70%2d%63%6f%6e%74%65%6e%74\/uploads\/2021\/01\/circulo.png","contentUrl":"https:\/\/informelitoral.com.ar\/%77%70%2d%63%6f%6e%74%65%6e%74\/uploads\/2021\/01\/circulo.png","width":723,"height":731,"caption":"Informe Litoral"},"image":{"@id":"https:\/\/informelitoral.com.ar\/#\/schema\/logo\/image\/"},"sameAs":["https:\/\/www.facebook.com\/informelitoral\/","https:\/\/x.com\/InformeLitoral","https:\/\/www.instagram.com\/informelitoral\/","https:\/\/www.youtube.com\/channel\/UCua4Qvz8Icb6MYqhoq9xLXw"]},{"@type":"Person","@id":"https:\/\/informelitoral.com.ar\/#\/schema\/person\/b9d00407c836482871ef1d57bf8e3180","name":"Gonzalo Schmidt","image":{"@type":"ImageObject","inLanguage":"es","@id":"https:\/\/secure.gravatar.com\/avatar\/31a1a7b66ff2de83bd0e9fd79d026630d2d99e55e8bfe501287647b4fd9743de?s=96&d=mm&r=g","url":"https:\/\/secure.gravatar.com\/avatar\/31a1a7b66ff2de83bd0e9fd79d026630d2d99e55e8bfe501287647b4fd9743de?s=96&d=mm&r=g","contentUrl":"https:\/\/secure.gravatar.com\/avatar\/31a1a7b66ff2de83bd0e9fd79d026630d2d99e55e8bfe501287647b4fd9743de?s=96&d=mm&r=g","caption":"Gonzalo Schmidt"},"description":"Sitio web de noticias de la provincia de Entre R\u00edos, Argentina. Informaci\u00f3n y entretenimiento. Informe Litoral, nos informamos.","sameAs":["http:\/\/www.isletasnoticias.com.ar"],"url":"https:\/\/informelitoral.com.ar\/author\/gonzalo\/"}]}},"_links":{"self":[{"href":"https:\/\/informelitoral.com.ar\/%77%70%2d%6a%73%6f%6e\/wp\/v2\/posts\/244227","targetHints":{"allow":["GET"]}}],"collection":[{"href":"https:\/\/informelitoral.com.ar\/%77%70%2d%6a%73%6f%6e\/wp\/v2\/posts"}],"about":[{"href":"https:\/\/informelitoral.com.ar\/%77%70%2d%6a%73%6f%6e\/wp\/v2\/types\/post"}],"author":[{"embeddable":true,"href":"https:\/\/informelitoral.com.ar\/%77%70%2d%6a%73%6f%6e\/wp\/v2\/users\/2"}],"replies":[{"embeddable":true,"href":"https:\/\/informelitoral.com.ar\/%77%70%2d%6a%73%6f%6e\/wp\/v2\/comments?post=244227"}],"version-history":[{"count":4,"href":"https:\/\/informelitoral.com.ar\/%77%70%2d%6a%73%6f%6e\/wp\/v2\/posts\/244227\/revisions"}],"predecessor-version":[{"id":244232,"href":"https:\/\/informelitoral.com.ar\/%77%70%2d%6a%73%6f%6e\/wp\/v2\/posts\/244227\/revisions\/244232"}],"wp:featuredmedia":[{"embeddable":true,"href":"https:\/\/informelitoral.com.ar\/%77%70%2d%6a%73%6f%6e\/wp\/v2\/media\/244228"}],"wp:attachment":[{"href":"https:\/\/informelitoral.com.ar\/%77%70%2d%6a%73%6f%6e\/wp\/v2\/media?parent=244227"}],"wp:term":[{"taxonomy":"category","embeddable":true,"href":"https:\/\/informelitoral.com.ar\/%77%70%2d%6a%73%6f%6e\/wp\/v2\/categories?post=244227"},{"taxonomy":"post_tag","embeddable":true,"href":"https:\/\/informelitoral.com.ar\/%77%70%2d%6a%73%6f%6e\/wp\/v2\/tags?post=244227"}],"curies":[{"name":"wp","href":"https:\/\/api.w.org\/{rel}","templated":true}]}}