{"id":244218,"date":"2025-12-19T06:22:46","date_gmt":"2025-12-19T09:22:46","guid":{"rendered":"https:\/\/informelitoral.com.ar\/?p=244218"},"modified":"2025-12-19T06:32:33","modified_gmt":"2025-12-19T09:32:33","slug":"este-viernes-sera-el-dia-mas-caluroso-de-la-semana","status":"publish","type":"post","link":"https:\/\/informelitoral.com.ar\/este-viernes-sera-el-dia-mas-caluroso-de-la-semana\/","title":{"rendered":"Este viernes ser\u00e1 el d\u00eda m\u00e1s caluroso de la semana"},"content":{"rendered":"<p>El Servicio Meteorol\u00f3gico Nacional \u2013<strong>SMN<\/strong>\u2013 informa que la semana finalizar\u00e1 con\u00a0<strong>buenas condiciones del tiempo en Entre R\u00edos<\/strong>. Las temperaturas ser\u00e1n muy elevadas con m\u00e1ximas de 35\u00b0C.<\/p>\n<p>Se pronostican\u00a0<strong>lluvias y tormentas fundamentalmente para el s\u00e1bado<\/strong>\u00a0que podr\u00edan continuar el domingo.<\/p>\n<h2 class=\"wp-block-heading\"><strong>As\u00ed estar\u00e1 el tiempo este viernes<\/strong><\/h2>\n<p>En\u00a0<strong>Paran\u00e1, La Paz, Villaguay, Diamante y Nogoy\u00e1<\/strong>\u00a0la\u00a0m\u00ednima ser\u00e1 de 23 grados y la m\u00e1xima alcanzar\u00e1 los 35 grados. En la capital y alrededores se espera una jornada con cielo algo nublado.<\/p>\n<p>En\u00a0<strong>Concordia, Federal, Feliciano, Federaci\u00f3n y San Salvador<\/strong>, en tanto, se aguarda una\u00a0m\u00ednima de 23 grados y una m\u00e1xima de 35 grados. All\u00ed tambi\u00e9n se prev\u00e9 un viernes algo nublado.<\/p>\n<p>En\u00a0<strong>Gualeguaych\u00fa, Col\u00f3n, Uruguay, Tala e Islas<\/strong>, se espera\u00a0una m\u00ednima de 20 grados y una m\u00e1xima de 35 grados. Al igual que en las otras localidades, se espera un d\u00eda ligeramente nublado.<\/p>\n<h6><em><strong>Del archivo:\u00a0<a href=\"https:\/\/informelitoral.com.ar\/verano-2026-brasil-se-consolida-como-el-destino-preferido-de-los-argentinos-por-precio-y-conectividad\/\" target=\"_blank\" rel=\"noopener\">Verano 2026: Brasil se consolida como el destino preferido de los argentinos por precio y conectividad<\/a><\/strong><\/em><\/h6>\n","protected":false},"excerpt":{"rendered":"<p>Las temperaturas llegar\u00e1n hasta los 35 grados y el cielo estar\u00e1 mayormente despajado. El fin de semana el tiempo desmejorar\u00e1. <\/p>\n","protected":false},"author":2,"featured_media":69617,"comment_status":"open","ping_status":"open","sticky":false,"template":"","format":"standard","meta":{"fifu_image_url":"","fifu_image_alt":"","footnotes":""},"categories":[6],"tags":[889,38,2759,113],"class_list":{"0":"post-244218","1":"post","2":"type-post","3":"status-publish","4":"format-standard","5":"has-post-thumbnail","7":"category-entre-rios","8":"tag-calor","9":"tag-el-tiempo","10":"tag-pronostico-del-tiempo","11":"tag-smn"},"yoast_head":"<title>Este viernes ser\u00e1 el d\u00eda m\u00e1s caluroso de la semana - Informe Litoral<\/title>\n<meta name=\"robots\" content=\"index, follow, max-snippet:-1, max-image-preview:large, max-video-preview:-1\" \/>\n<link rel=\"canonical\" href=\"https:\/\/informelitoral.com.ar\/este-viernes-sera-el-dia-mas-caluroso-de-la-semana\/\" \/>\n<meta property=\"og:locale\" content=\"es_ES\" \/>\n<meta property=\"og:type\" content=\"article\" \/>\n<meta property=\"og:title\" content=\"Este viernes ser\u00e1 el d\u00eda m\u00e1s caluroso de la semana - Informe Litoral\" \/>\n<meta property=\"og:description\" content=\"Las temperaturas llegar\u00e1n hasta los 35 grados y el cielo estar\u00e1 mayormente despajado. El fin de semana el tiempo desmejorar\u00e1.\" \/>\n<meta property=\"og:url\" content=\"https:\/\/informelitoral.com.ar\/este-viernes-sera-el-dia-mas-caluroso-de-la-semana\/\" \/>\n<meta property=\"og:site_name\" content=\"Informe Litoral\" \/>\n<meta property=\"article:publisher\" content=\"https:\/\/www.facebook.com\/informelitoral\/\" \/>\n<meta property=\"article:published_time\" content=\"2025-12-19T09:22:46+00:00\" \/>\n<meta property=\"article:modified_time\" content=\"2025-12-19T09:32:33+00:00\" \/>\n<meta property=\"og:image\" content=\"https:\/\/informelitoral.com.ar\/%77%70%2d%63%6f%6e%74%65%6e%74\/uploads\/2021\/12\/calor-persona-sol-botella-de-agua-verano-696x392.x41509.jpg\" \/>\n\t<meta property=\"og:image:width\" content=\"696\" \/>\n\t<meta property=\"og:image:height\" content=\"392\" \/>\n\t<meta property=\"og:image:type\" content=\"image\/jpeg\" \/>\n<meta name=\"author\" content=\"Gonzalo Schmidt\" \/>\n<meta name=\"twitter:card\" content=\"summary_large_image\" \/>\n<meta name=\"twitter:creator\" content=\"@InformeLitoral\" \/>\n<meta name=\"twitter:site\" content=\"@InformeLitoral\" \/>\n<meta name=\"twitter:label1\" content=\"Escrito por\" \/>\n\t<meta name=\"twitter:data1\" content=\"Gonzalo Schmidt\" \/>\n\t<meta name=\"twitter:label2\" content=\"Tiempo de lectura\" \/>\n\t<meta name=\"twitter:data2\" content=\"1 minuto\" \/>\n<script type=\"application\/ld+json\" class=\"yoast-schema-graph\">{\"@context\":\"https:\\\/\\\/schema.org\",\"@graph\":[{\"@type\":\"Article\",\"@id\":\"https:\\\/\\\/informelitoral.com.ar\\\/este-viernes-sera-el-dia-mas-caluroso-de-la-semana\\\/#article\",\"isPartOf\":{\"@id\":\"https:\\\/\\\/informelitoral.com.ar\\\/este-viernes-sera-el-dia-mas-caluroso-de-la-semana\\\/\"},\"author\":{\"name\":\"Gonzalo Schmidt\",\"@id\":\"https:\\\/\\\/informelitoral.com.ar\\\/#\\\/schema\\\/person\\\/b9d00407c836482871ef1d57bf8e3180\"},\"headline\":\"Este viernes ser\u00e1 el d\u00eda m\u00e1s caluroso de la semana\",\"datePublished\":\"2025-12-19T09:22:46+00:00\",\"dateModified\":\"2025-12-19T09:32:33+00:00\",\"mainEntityOfPage\":{\"@id\":\"https:\\\/\\\/informelitoral.com.ar\\\/este-viernes-sera-el-dia-mas-caluroso-de-la-semana\\\/\"},\"wordCount\":184,\"commentCount\":0,\"publisher\":{\"@id\":\"https:\\\/\\\/informelitoral.com.ar\\\/#organization\"},\"image\":{\"@id\":\"https:\\\/\\\/informelitoral.com.ar\\\/este-viernes-sera-el-dia-mas-caluroso-de-la-semana\\\/#primaryimage\"},\"thumbnailUrl\":\"https:\\\/\\\/informelitoral.com.ar\\\/%77%70%2d%63%6f%6e%74%65%6e%74\\\/uploads\\\/2021\\\/12\\\/calor-persona-sol-botella-de-agua-verano-696x392.x41509.jpg\",\"keywords\":[\"Calor\",\"El tiempo\",\"Pron\u00f3stico del tiempo\",\"SMN\"],\"articleSection\":[\"Entre R\u00edos\"],\"inLanguage\":\"es\",\"potentialAction\":[{\"@type\":\"CommentAction\",\"name\":\"Comment\",\"target\":[\"https:\\\/\\\/informelitoral.com.ar\\\/este-viernes-sera-el-dia-mas-caluroso-de-la-semana\\\/#respond\"]}]},{\"@type\":\"WebPage\",\"@id\":\"https:\\\/\\\/informelitoral.com.ar\\\/este-viernes-sera-el-dia-mas-caluroso-de-la-semana\\\/\",\"url\":\"https:\\\/\\\/informelitoral.com.ar\\\/este-viernes-sera-el-dia-mas-caluroso-de-la-semana\\\/\",\"name\":\"Este viernes ser\u00e1 el d\u00eda m\u00e1s caluroso de la semana - Informe Litoral\",\"isPartOf\":{\"@id\":\"https:\\\/\\\/informelitoral.com.ar\\\/#website\"},\"primaryImageOfPage\":{\"@id\":\"https:\\\/\\\/informelitoral.com.ar\\\/este-viernes-sera-el-dia-mas-caluroso-de-la-semana\\\/#primaryimage\"},\"image\":{\"@id\":\"https:\\\/\\\/informelitoral.com.ar\\\/este-viernes-sera-el-dia-mas-caluroso-de-la-semana\\\/#primaryimage\"},\"thumbnailUrl\":\"https:\\\/\\\/informelitoral.com.ar\\\/%77%70%2d%63%6f%6e%74%65%6e%74\\\/uploads\\\/2021\\\/12\\\/calor-persona-sol-botella-de-agua-verano-696x392.x41509.jpg\",\"datePublished\":\"2025-12-19T09:22:46+00:00\",\"dateModified\":\"2025-12-19T09:32:33+00:00\",\"breadcrumb\":{\"@id\":\"https:\\\/\\\/informelitoral.com.ar\\\/este-viernes-sera-el-dia-mas-caluroso-de-la-semana\\\/#breadcrumb\"},\"inLanguage\":\"es\",\"potentialAction\":[{\"@type\":\"ReadAction\",\"target\":[\"https:\\\/\\\/informelitoral.com.ar\\\/este-viernes-sera-el-dia-mas-caluroso-de-la-semana\\\/\"]}]},{\"@type\":\"ImageObject\",\"inLanguage\":\"es\",\"@id\":\"https:\\\/\\\/informelitoral.com.ar\\\/este-viernes-sera-el-dia-mas-caluroso-de-la-semana\\\/#primaryimage\",\"url\":\"https:\\\/\\\/informelitoral.com.ar\\\/%77%70%2d%63%6f%6e%74%65%6e%74\\\/uploads\\\/2021\\\/12\\\/calor-persona-sol-botella-de-agua-verano-696x392.x41509.jpg\",\"contentUrl\":\"https:\\\/\\\/informelitoral.com.ar\\\/%77%70%2d%63%6f%6e%74%65%6e%74\\\/uploads\\\/2021\\\/12\\\/calor-persona-sol-botella-de-agua-verano-696x392.x41509.jpg\",\"width\":696,\"height\":392},{\"@type\":\"BreadcrumbList\",\"@id\":\"https:\\\/\\\/informelitoral.com.ar\\\/este-viernes-sera-el-dia-mas-caluroso-de-la-semana\\\/#breadcrumb\",\"itemListElement\":[{\"@type\":\"ListItem\",\"position\":1,\"name\":\"Portada\",\"item\":\"https:\\\/\\\/informelitoral.com.ar\\\/\"},{\"@type\":\"ListItem\",\"position\":2,\"name\":\"Este viernes ser\u00e1 el d\u00eda m\u00e1s caluroso de la semana\"}]},{\"@type\":\"WebSite\",\"@id\":\"https:\\\/\\\/informelitoral.com.ar\\\/#website\",\"url\":\"https:\\\/\\\/informelitoral.com.ar\\\/\",\"name\":\"Informe Litoral\",\"description\":\"&quot;Nos informamos&quot; \",\"publisher\":{\"@id\":\"https:\\\/\\\/informelitoral.com.ar\\\/#organization\"},\"potentialAction\":[{\"@type\":\"SearchAction\",\"target\":{\"@type\":\"EntryPoint\",\"urlTemplate\":\"https:\\\/\\\/informelitoral.com.ar\\\/?s={search_term_string}\"},\"query-input\":{\"@type\":\"PropertyValueSpecification\",\"valueRequired\":true,\"valueName\":\"search_term_string\"}}],\"inLanguage\":\"es\"},{\"@type\":\"Organization\",\"@id\":\"https:\\\/\\\/informelitoral.com.ar\\\/#organization\",\"name\":\"Informe Litoral\",\"url\":\"https:\\\/\\\/informelitoral.com.ar\\\/\",\"logo\":{\"@type\":\"ImageObject\",\"inLanguage\":\"es\",\"@id\":\"https:\\\/\\\/informelitoral.com.ar\\\/#\\\/schema\\\/logo\\\/image\\\/\",\"url\":\"https:\\\/\\\/informelitoral.com.ar\\\/%77%70%2d%63%6f%6e%74%65%6e%74\\\/uploads\\\/2021\\\/01\\\/circulo.png\",\"contentUrl\":\"https:\\\/\\\/informelitoral.com.ar\\\/%77%70%2d%63%6f%6e%74%65%6e%74\\\/uploads\\\/2021\\\/01\\\/circulo.png\",\"width\":723,\"height\":731,\"caption\":\"Informe Litoral\"},\"image\":{\"@id\":\"https:\\\/\\\/informelitoral.com.ar\\\/#\\\/schema\\\/logo\\\/image\\\/\"},\"sameAs\":[\"https:\\\/\\\/www.facebook.com\\\/informelitoral\\\/\",\"https:\\\/\\\/x.com\\\/InformeLitoral\",\"https:\\\/\\\/www.instagram.com\\\/informelitoral\\\/\",\"https:\\\/\\\/www.youtube.com\\\/channel\\\/UCua4Qvz8Icb6MYqhoq9xLXw\"]},{\"@type\":\"Person\",\"@id\":\"https:\\\/\\\/informelitoral.com.ar\\\/#\\\/schema\\\/person\\\/b9d00407c836482871ef1d57bf8e3180\",\"name\":\"Gonzalo Schmidt\",\"image\":{\"@type\":\"ImageObject\",\"inLanguage\":\"es\",\"@id\":\"https:\\\/\\\/secure.gravatar.com\\\/avatar\\\/31a1a7b66ff2de83bd0e9fd79d026630d2d99e55e8bfe501287647b4fd9743de?s=96&d=mm&r=g\",\"url\":\"https:\\\/\\\/secure.gravatar.com\\\/avatar\\\/31a1a7b66ff2de83bd0e9fd79d026630d2d99e55e8bfe501287647b4fd9743de?s=96&d=mm&r=g\",\"contentUrl\":\"https:\\\/\\\/secure.gravatar.com\\\/avatar\\\/31a1a7b66ff2de83bd0e9fd79d026630d2d99e55e8bfe501287647b4fd9743de?s=96&d=mm&r=g\",\"caption\":\"Gonzalo Schmidt\"},\"description\":\"Sitio web de noticias de la provincia de Entre R\u00edos, Argentina. Informaci\u00f3n y entretenimiento. Informe Litoral, nos informamos.\",\"sameAs\":[\"http:\\\/\\\/www.isletasnoticias.com.ar\"],\"url\":\"https:\\\/\\\/informelitoral.com.ar\\\/author\\\/gonzalo\\\/\"}]}<\/script>","yoast_head_json":{"title":"Este viernes ser\u00e1 el d\u00eda m\u00e1s caluroso de la semana - Informe Litoral","robots":{"index":"index","follow":"follow","max-snippet":"max-snippet:-1","max-image-preview":"max-image-preview:large","max-video-preview":"max-video-preview:-1"},"canonical":"https:\/\/informelitoral.com.ar\/este-viernes-sera-el-dia-mas-caluroso-de-la-semana\/","og_locale":"es_ES","og_type":"article","og_title":"Este viernes ser\u00e1 el d\u00eda m\u00e1s caluroso de la semana - Informe Litoral","og_description":"Las temperaturas llegar\u00e1n hasta los 35 grados y el cielo estar\u00e1 mayormente despajado. El fin de semana el tiempo desmejorar\u00e1.","og_url":"https:\/\/informelitoral.com.ar\/este-viernes-sera-el-dia-mas-caluroso-de-la-semana\/","og_site_name":"Informe Litoral","article_publisher":"https:\/\/www.facebook.com\/informelitoral\/","article_published_time":"2025-12-19T09:22:46+00:00","article_modified_time":"2025-12-19T09:32:33+00:00","og_image":[{"width":696,"height":392,"url":"https:\/\/informelitoral.com.ar\/%77%70%2d%63%6f%6e%74%65%6e%74\/uploads\/2021\/12\/calor-persona-sol-botella-de-agua-verano-696x392.x41509.jpg","type":"image\/jpeg"}],"author":"Gonzalo Schmidt","twitter_card":"summary_large_image","twitter_creator":"@InformeLitoral","twitter_site":"@InformeLitoral","twitter_misc":{"Escrito por":"Gonzalo Schmidt","Tiempo de lectura":"1 minuto"},"schema":{"@context":"https:\/\/schema.org","@graph":[{"@type":"Article","@id":"https:\/\/informelitoral.com.ar\/este-viernes-sera-el-dia-mas-caluroso-de-la-semana\/#article","isPartOf":{"@id":"https:\/\/informelitoral.com.ar\/este-viernes-sera-el-dia-mas-caluroso-de-la-semana\/"},"author":{"name":"Gonzalo Schmidt","@id":"https:\/\/informelitoral.com.ar\/#\/schema\/person\/b9d00407c836482871ef1d57bf8e3180"},"headline":"Este viernes ser\u00e1 el d\u00eda m\u00e1s caluroso de la semana","datePublished":"2025-12-19T09:22:46+00:00","dateModified":"2025-12-19T09:32:33+00:00","mainEntityOfPage":{"@id":"https:\/\/informelitoral.com.ar\/este-viernes-sera-el-dia-mas-caluroso-de-la-semana\/"},"wordCount":184,"commentCount":0,"publisher":{"@id":"https:\/\/informelitoral.com.ar\/#organization"},"image":{"@id":"https:\/\/informelitoral.com.ar\/este-viernes-sera-el-dia-mas-caluroso-de-la-semana\/#primaryimage"},"thumbnailUrl":"https:\/\/informelitoral.com.ar\/%77%70%2d%63%6f%6e%74%65%6e%74\/uploads\/2021\/12\/calor-persona-sol-botella-de-agua-verano-696x392.x41509.jpg","keywords":["Calor","El tiempo","Pron\u00f3stico del tiempo","SMN"],"articleSection":["Entre R\u00edos"],"inLanguage":"es","potentialAction":[{"@type":"CommentAction","name":"Comment","target":["https:\/\/informelitoral.com.ar\/este-viernes-sera-el-dia-mas-caluroso-de-la-semana\/#respond"]}]},{"@type":"WebPage","@id":"https:\/\/informelitoral.com.ar\/este-viernes-sera-el-dia-mas-caluroso-de-la-semana\/","url":"https:\/\/informelitoral.com.ar\/este-viernes-sera-el-dia-mas-caluroso-de-la-semana\/","name":"Este viernes ser\u00e1 el d\u00eda m\u00e1s caluroso de la semana - Informe Litoral","isPartOf":{"@id":"https:\/\/informelitoral.com.ar\/#website"},"primaryImageOfPage":{"@id":"https:\/\/informelitoral.com.ar\/este-viernes-sera-el-dia-mas-caluroso-de-la-semana\/#primaryimage"},"image":{"@id":"https:\/\/informelitoral.com.ar\/este-viernes-sera-el-dia-mas-caluroso-de-la-semana\/#primaryimage"},"thumbnailUrl":"https:\/\/informelitoral.com.ar\/%77%70%2d%63%6f%6e%74%65%6e%74\/uploads\/2021\/12\/calor-persona-sol-botella-de-agua-verano-696x392.x41509.jpg","datePublished":"2025-12-19T09:22:46+00:00","dateModified":"2025-12-19T09:32:33+00:00","breadcrumb":{"@id":"https:\/\/informelitoral.com.ar\/este-viernes-sera-el-dia-mas-caluroso-de-la-semana\/#breadcrumb"},"inLanguage":"es","potentialAction":[{"@type":"ReadAction","target":["https:\/\/informelitoral.com.ar\/este-viernes-sera-el-dia-mas-caluroso-de-la-semana\/"]}]},{"@type":"ImageObject","inLanguage":"es","@id":"https:\/\/informelitoral.com.ar\/este-viernes-sera-el-dia-mas-caluroso-de-la-semana\/#primaryimage","url":"https:\/\/informelitoral.com.ar\/%77%70%2d%63%6f%6e%74%65%6e%74\/uploads\/2021\/12\/calor-persona-sol-botella-de-agua-verano-696x392.x41509.jpg","contentUrl":"https:\/\/informelitoral.com.ar\/%77%70%2d%63%6f%6e%74%65%6e%74\/uploads\/2021\/12\/calor-persona-sol-botella-de-agua-verano-696x392.x41509.jpg","width":696,"height":392},{"@type":"BreadcrumbList","@id":"https:\/\/informelitoral.com.ar\/este-viernes-sera-el-dia-mas-caluroso-de-la-semana\/#breadcrumb","itemListElement":[{"@type":"ListItem","position":1,"name":"Portada","item":"https:\/\/informelitoral.com.ar\/"},{"@type":"ListItem","position":2,"name":"Este viernes ser\u00e1 el d\u00eda m\u00e1s caluroso de la semana"}]},{"@type":"WebSite","@id":"https:\/\/informelitoral.com.ar\/#website","url":"https:\/\/informelitoral.com.ar\/","name":"Informe Litoral","description":"&quot;Nos informamos&quot; ","publisher":{"@id":"https:\/\/informelitoral.com.ar\/#organization"},"potentialAction":[{"@type":"SearchAction","target":{"@type":"EntryPoint","urlTemplate":"https:\/\/informelitoral.com.ar\/?s={search_term_string}"},"query-input":{"@type":"PropertyValueSpecification","valueRequired":true,"valueName":"search_term_string"}}],"inLanguage":"es"},{"@type":"Organization","@id":"https:\/\/informelitoral.com.ar\/#organization","name":"Informe Litoral","url":"https:\/\/informelitoral.com.ar\/","logo":{"@type":"ImageObject","inLanguage":"es","@id":"https:\/\/informelitoral.com.ar\/#\/schema\/logo\/image\/","url":"https:\/\/informelitoral.com.ar\/%77%70%2d%63%6f%6e%74%65%6e%74\/uploads\/2021\/01\/circulo.png","contentUrl":"https:\/\/informelitoral.com.ar\/%77%70%2d%63%6f%6e%74%65%6e%74\/uploads\/2021\/01\/circulo.png","width":723,"height":731,"caption":"Informe Litoral"},"image":{"@id":"https:\/\/informelitoral.com.ar\/#\/schema\/logo\/image\/"},"sameAs":["https:\/\/www.facebook.com\/informelitoral\/","https:\/\/x.com\/InformeLitoral","https:\/\/www.instagram.com\/informelitoral\/","https:\/\/www.youtube.com\/channel\/UCua4Qvz8Icb6MYqhoq9xLXw"]},{"@type":"Person","@id":"https:\/\/informelitoral.com.ar\/#\/schema\/person\/b9d00407c836482871ef1d57bf8e3180","name":"Gonzalo Schmidt","image":{"@type":"ImageObject","inLanguage":"es","@id":"https:\/\/secure.gravatar.com\/avatar\/31a1a7b66ff2de83bd0e9fd79d026630d2d99e55e8bfe501287647b4fd9743de?s=96&d=mm&r=g","url":"https:\/\/secure.gravatar.com\/avatar\/31a1a7b66ff2de83bd0e9fd79d026630d2d99e55e8bfe501287647b4fd9743de?s=96&d=mm&r=g","contentUrl":"https:\/\/secure.gravatar.com\/avatar\/31a1a7b66ff2de83bd0e9fd79d026630d2d99e55e8bfe501287647b4fd9743de?s=96&d=mm&r=g","caption":"Gonzalo Schmidt"},"description":"Sitio web de noticias de la provincia de Entre R\u00edos, Argentina. Informaci\u00f3n y entretenimiento. Informe Litoral, nos informamos.","sameAs":["http:\/\/www.isletasnoticias.com.ar"],"url":"https:\/\/informelitoral.com.ar\/author\/gonzalo\/"}]}},"_links":{"self":[{"href":"https:\/\/informelitoral.com.ar\/%77%70%2d%6a%73%6f%6e\/wp\/v2\/posts\/244218","targetHints":{"allow":["GET"]}}],"collection":[{"href":"https:\/\/informelitoral.com.ar\/%77%70%2d%6a%73%6f%6e\/wp\/v2\/posts"}],"about":[{"href":"https:\/\/informelitoral.com.ar\/%77%70%2d%6a%73%6f%6e\/wp\/v2\/types\/post"}],"author":[{"embeddable":true,"href":"https:\/\/informelitoral.com.ar\/%77%70%2d%6a%73%6f%6e\/wp\/v2\/users\/2"}],"replies":[{"embeddable":true,"href":"https:\/\/informelitoral.com.ar\/%77%70%2d%6a%73%6f%6e\/wp\/v2\/comments?post=244218"}],"version-history":[{"count":2,"href":"https:\/\/informelitoral.com.ar\/%77%70%2d%6a%73%6f%6e\/wp\/v2\/posts\/244218\/revisions"}],"predecessor-version":[{"id":244220,"href":"https:\/\/informelitoral.com.ar\/%77%70%2d%6a%73%6f%6e\/wp\/v2\/posts\/244218\/revisions\/244220"}],"wp:featuredmedia":[{"embeddable":true,"href":"https:\/\/informelitoral.com.ar\/%77%70%2d%6a%73%6f%6e\/wp\/v2\/media\/69617"}],"wp:attachment":[{"href":"https:\/\/informelitoral.com.ar\/%77%70%2d%6a%73%6f%6e\/wp\/v2\/media?parent=244218"}],"wp:term":[{"taxonomy":"category","embeddable":true,"href":"https:\/\/informelitoral.com.ar\/%77%70%2d%6a%73%6f%6e\/wp\/v2\/categories?post=244218"},{"taxonomy":"post_tag","embeddable":true,"href":"https:\/\/informelitoral.com.ar\/%77%70%2d%6a%73%6f%6e\/wp\/v2\/tags?post=244218"}],"curies":[{"name":"wp","href":"https:\/\/api.w.org\/{rel}","templated":true}]}}