{"id":244146,"date":"2025-12-18T15:22:58","date_gmt":"2025-12-18T18:22:58","guid":{"rendered":"https:\/\/informelitoral.com.ar\/?p=244146"},"modified":"2025-12-18T15:27:01","modified_gmt":"2025-12-18T18:27:01","slug":"verano-2026-brasil-se-consolida-como-el-destino-preferido-de-los-argentinos-por-precio-y-conectividad","status":"publish","type":"post","link":"https:\/\/informelitoral.com.ar\/verano-2026-brasil-se-consolida-como-el-destino-preferido-de-los-argentinos-por-precio-y-conectividad\/","title":{"rendered":"Verano 2026: Brasil se consolida como el destino preferido de los argentinos por precio y conectividad"},"content":{"rendered":"<p data-path-to-node=\"4\">El inter\u00e9s de los turistas argentinos por las <b data-path-to-node=\"4\" data-index-in-node=\"46\">playas de Brasil<\/b> para la temporada de <b data-path-to-node=\"4\" data-index-in-node=\"84\">verano 2026<\/b> ha registrado un incremento exponencial. Seg\u00fan datos del sector tur\u00edstico, las b\u00fasquedas para viajar entre enero y febrero crecieron un <b data-path-to-node=\"4\" data-index-in-node=\"232\">35%<\/b> en comparaci\u00f3n con el ciclo anterior, mientras que las reservas totales ya muestran una suba del <b data-path-to-node=\"4\" data-index-in-node=\"333\">150%<\/b>. Esta tendencia se explica por una ecuaci\u00f3n econ\u00f3mica favorable: la estad\u00eda en el pa\u00eds vecino proyecta valores m\u00e1s accesibles para el bolsillo argentino que muchos destinos locales, impulsada por la <b data-path-to-node=\"4\" data-index-in-node=\"537\">competitividad en alojamiento<\/b>, el valor del real y una oferta de consumo en supermercados y restaurantes muy atractiva.<\/p>\n<p data-path-to-node=\"4\"><img decoding=\"async\" class=\"aligncenter\" src=\"https:\/\/buzios.com\/%77%70%2d%63%6f%6e%74%65%6e%74\/uploads\/arraial-do-cabo-rj.jpg\" alt=\"Ciudades cercanas - Buzios - Gu\u00eda Tur\u00edstica de Buzios, Brasil\" \/><\/p>\n<p data-path-to-node=\"5\">La <b data-path-to-node=\"5\" data-index-in-node=\"3\">conectividad a\u00e9rea<\/b> juega un rol fundamental en este fen\u00f3meno. Para la pr\u00f3xima temporada, se destaca una fuerte expansi\u00f3n de <b data-path-to-node=\"5\" data-index-in-node=\"127\">vuelos directos desde el interior de Argentina<\/b>, facilitando el acceso a destinos como <b data-path-to-node=\"5\" data-index-in-node=\"213\">Macei\u00f3, Florian\u00f3polis, R\u00edo de Janeiro y Salvador<\/b>. Desde Rosario se sumar\u00e1n conexiones a B\u00fazios y Cabo Fr\u00edo, mientras que ciudades como C\u00f3rdoba, Mendoza, Salta y Tucum\u00e1n tambi\u00e9n contar\u00e1n con rutas estacionales hacia distintos puntos del pa\u00eds del \u00abjogo bonito\u00bb, operadas por aerol\u00edneas como Aerol\u00edneas Argentinas, Flybondi, JetSmart y Gol.<\/p>\n<p data-path-to-node=\"6\">Entre los destinos m\u00e1s solicitados, <b data-path-to-node=\"6\" data-index-in-node=\"36\">Macei\u00f3<\/b> se perfila como el gran \u00abboom\u00bb del Nordeste con un crecimiento de demanda del <b data-path-to-node=\"6\" data-index-in-node=\"121\">75%<\/b>, gracias a la posibilidad de llegar sin escalas desde Buenos Aires. Por su parte, <b data-path-to-node=\"6\" data-index-in-node=\"207\">Florian\u00f3polis<\/b> contin\u00faa encabezando el ranking de los m\u00e1s buscados, proyectando un verano r\u00e9cord con una agenda que incluye eventos de gran magnitud como el <b data-path-to-node=\"6\" data-index-in-node=\"363\">Cosqu\u00edn Rock Brasil<\/b>. Otros cl\u00e1sicos que mantienen su vigencia son <b data-path-to-node=\"6\" data-index-in-node=\"429\">R\u00edo de Janeiro<\/b>, con su inagotable oferta cultural y gastron\u00f3mica, y <b data-path-to-node=\"6\" data-index-in-node=\"497\">B\u00fazios<\/b>, que refuerza su atractivo gracias a la intensificaci\u00f3n de vuelos directos al aeropuerto de Cabo Fr\u00edo.<\/p>\n<p data-path-to-node=\"6\"><img decoding=\"async\" src=\"https:\/\/i0.wp.com\/www.centralbuzios.com\/blog\/%77%70%2d%63%6f%6e%74%65%6e%74\/uploads\/2016\/01\/Buzios-Brasil-Viajes_CLAIMA20150604_0113_29.jpg?resize=850%2C567&amp;ssl=1\" alt=\"B\u00fazios: de aldea de pescadores a balneario de fama mundial\" \/><\/p>\n<p data-path-to-node=\"7\">Finalmente, el comportamiento del consumidor muestra una fuerte inclinaci\u00f3n hacia la compra de <b data-path-to-node=\"7\" data-index-in-node=\"95\">paquetes tur\u00edsticos<\/b>, que permiten ahorrar hasta un <b data-path-to-node=\"7\" data-index-in-node=\"146\">30%<\/b> en comparaci\u00f3n con la compra de servicios por separado. Adem\u00e1s, la <b data-path-to-node=\"7\" data-index-in-node=\"217\">financiaci\u00f3n en cuotas<\/b> sigue siendo la herramienta clave para los argentinos que deciden planificar sus vacaciones con anticipaci\u00f3n. Con estad\u00edas promedio de <b data-path-to-node=\"7\" data-index-in-node=\"375\">9 d\u00edas<\/b>, el mercado tur\u00edstico prev\u00e9 una temporada auspiciosa donde la combinaci\u00f3n de sol, mar y precios competitivos vuelve a inclinar la balanza hacia las costas brasile\u00f1as.<\/p>\n<h2 data-path-to-node=\"3\"><b data-path-to-node=\"3\" data-index-in-node=\"0\">Costos de transporte y servicios en Brasil (estimados):<\/b><\/h2>\n<ul data-path-to-node=\"4\">\n<li>\n<p data-path-to-node=\"4,0,0\"><b data-path-to-node=\"4,0,0\" data-index-in-node=\"0\">Pasajes a\u00e9reos:<\/b> los vuelos a R\u00edo de Janeiro o Florian\u00f3polis para enero promedian entre <b data-path-to-node=\"4,0,0\" data-index-in-node=\"87\">U<span class=\"math-inline\" data-math=\"S 500 y U\" data-index-in-node=\"88\">$S 500 y U$<\/span>S 700<\/b>, variando seg\u00fan la anticipaci\u00f3n.<\/p>\n<\/li>\n<li>\n<p data-path-to-node=\"4,1,0\"><b data-path-to-node=\"4,1,0\" data-index-in-node=\"0\">Alquileres en la playa:<\/b> sombrilla a <b data-path-to-node=\"4,1,0\" data-index-in-node=\"36\">R$30<\/b> y silla de playa a <b data-path-to-node=\"4,1,0\" data-index-in-node=\"60\">R$20<\/b>.<\/p>\n<\/li>\n<li>\n<p data-path-to-node=\"4,2,0\"><b data-path-to-node=\"4,2,0\" data-index-in-node=\"0\">Gastronom\u00eda y bebidas:<\/b> cerveza a <b data-path-to-node=\"4,2,0\" data-index-in-node=\"33\">R$15<\/b> y almuerzo por persona desde <b data-path-to-node=\"4,2,0\" data-index-in-node=\"67\">R$50<\/b>.<\/p>\n<\/li>\n<li>\n<p data-path-to-node=\"4,3,0\"><b data-path-to-node=\"4,3,0\" data-index-in-node=\"0\">Atracciones en R\u00edo:<\/b> tren del Corcovado a <b data-path-to-node=\"4,3,0\" data-index-in-node=\"41\">R$128<\/b> (adultos), entrada al Jard\u00edn Bot\u00e1nico <b data-path-to-node=\"4,3,0\" data-index-in-node=\"85\">R$80<\/b> y experiencia de Carnaval <b data-path-to-node=\"4,3,0\" data-index-in-node=\"116\">R$110<\/b>.<\/p>\n<\/li>\n<\/ul>\n<h2 data-path-to-node=\"5\"><b data-path-to-node=\"5\" data-index-in-node=\"0\">Ofertas de paquetes tur\u00edsticos (por persona en base doble):<\/b><\/h2>\n<ul data-path-to-node=\"6\">\n<li>\n<p data-path-to-node=\"6,0,0\"><b data-path-to-node=\"6,0,0\" data-index-in-node=\"0\">Florian\u00f3polis:<\/b> 7 noches en febrero con vuelo directo y alojamiento 4 estrellas por <b data-path-to-node=\"6,0,0\" data-index-in-node=\"83\">$1.497.800<\/b>.<\/p>\n<\/li>\n<li>\n<p data-path-to-node=\"6,1,0\"><b data-path-to-node=\"6,1,0\" data-index-in-node=\"0\">R\u00edo de Janeiro:<\/b> 7 noches en febrero con vuelo (una escala) y alojamiento 3 estrellas con desayuno por <b data-path-to-node=\"6,1,0\" data-index-in-node=\"102\">$1.574.500<\/b>.<\/p>\n<\/li>\n<li>\n<p data-path-to-node=\"6,2,0\"><b data-path-to-node=\"6,2,0\" data-index-in-node=\"0\">Macei\u00f3:<\/b> 7 noches en febrero con vuelo (una escala) y alojamiento 4 estrellas por <b data-path-to-node=\"6,2,0\" data-index-in-node=\"81\">$1.664.800<\/b>.<\/p>\n<\/li>\n<li>\n<p data-path-to-node=\"6,3,0\"><b data-path-to-node=\"6,3,0\" data-index-in-node=\"0\">B\u00fazios:<\/b> 7 noches en enero con a\u00e9reos, traslados y alojamiento con desayuno desde <b data-path-to-node=\"6,3,0\" data-index-in-node=\"81\">$1.819.000<\/b>.<\/p>\n<\/li>\n<li>\n<p data-path-to-node=\"6,4,0\"><b data-path-to-node=\"6,4,0\" data-index-in-node=\"0\">Angra dos Reis:<\/b> 7 noches en enero con a\u00e9reos, traslados y alojamiento con desayuno desde <b data-path-to-node=\"6,4,0\" data-index-in-node=\"89\">$1.235.000<\/b>.<\/p>\n<\/li>\n<li>\n<p data-path-to-node=\"6,5,0\"><b data-path-to-node=\"6,5,0\" data-index-in-node=\"0\">Porto de Galinhas:<\/b> 7 noches con a\u00e9reos, traslados y r\u00e9gimen <i data-path-to-node=\"6,5,0\" data-index-in-node=\"60\">all inclusive<\/i> desde <b data-path-to-node=\"6,5,0\" data-index-in-node=\"80\">$3.404.000<\/b>.<\/p>\n<\/li>\n<\/ul>\n<h2 data-path-to-node=\"7\"><b data-path-to-node=\"7\" data-index-in-node=\"0\">Financiaci\u00f3n y modalidades de pago:<\/b><\/h2>\n<ul data-path-to-node=\"8\">\n<li>\n<p data-path-to-node=\"8,0,0\"><b data-path-to-node=\"8,0,0\" data-index-in-node=\"0\">Venta en cuotas:<\/b> pepresentan el <b data-path-to-node=\"8,0,0\" data-index-in-node=\"32\">17% del total<\/b> de las operaciones.<\/p>\n<\/li>\n<li>\n<p data-path-to-node=\"8,1,0\"><b data-path-to-node=\"8,1,0\" data-index-in-node=\"0\">Moneda de pago:<\/b> el <b data-path-to-node=\"8,1,0\" data-index-in-node=\"19\">65%<\/b> de los viajeros elige pagar en pesos y el <b data-path-to-node=\"8,1,0\" data-index-in-node=\"65\">35%<\/b> opta por el d\u00f3lar.<\/p>\n<\/li>\n<li>\n<p data-path-to-node=\"8,2,0\"><b data-path-to-node=\"8,2,0\" data-index-in-node=\"0\">Condici\u00f3n:<\/b> para acceder a cuotas en plataformas como Despegar, el pago total debe realizarse al menos <b data-path-to-node=\"8,2,0\" data-index-in-node=\"102\">7 d\u00edas antes<\/b> de la salida.<\/p>\n<\/li>\n<\/ul>\n","protected":false},"excerpt":{"rendered":"<p>Con un crecimiento del 150% en reservas respecto al a\u00f1o anterior, las playas brasile\u00f1as superan en competitividad a los destinos nacionales. Macei\u00f3, Florian\u00f3polis y R\u00edo de Janeiro lideran las b\u00fasquedas.<\/p>\n","protected":false},"author":8,"featured_media":244149,"comment_status":"open","ping_status":"open","sticky":false,"template":"","format":"standard","meta":{"fifu_image_url":"https:\/\/humanidades.com\/wp-content\/uploads\/2017\/04\/brasil-1-e1566159463813-800x400.jpg","fifu_image_alt":"","footnotes":""},"categories":[1378],"tags":[118,32,104],"class_list":{"0":"post-244146","1":"post","2":"type-post","3":"status-publish","4":"format-standard","5":"has-post-thumbnail","7":"category-turismo","8":"tag-brasil","9":"tag-precios","10":"tag-turismo"},"yoast_head":"<title>Verano 2026: Brasil se consolida como el destino preferido de los argentinos por precio y conectividad - Informe Litoral<\/title>\n<meta name=\"robots\" content=\"index, follow, max-snippet:-1, max-image-preview:large, max-video-preview:-1\" \/>\n<link rel=\"canonical\" href=\"https:\/\/informelitoral.com.ar\/verano-2026-brasil-se-consolida-como-el-destino-preferido-de-los-argentinos-por-precio-y-conectividad\/\" \/>\n<meta property=\"og:locale\" content=\"es_ES\" \/>\n<meta property=\"og:type\" content=\"article\" \/>\n<meta property=\"og:title\" content=\"Verano 2026: Brasil se consolida como el destino preferido de los argentinos por precio y conectividad - Informe Litoral\" \/>\n<meta property=\"og:description\" content=\"Con un crecimiento del 150% en reservas respecto al a\u00f1o anterior, las playas brasile\u00f1as superan en competitividad a los destinos nacionales. Macei\u00f3, Florian\u00f3polis y R\u00edo de Janeiro lideran las b\u00fasquedas.\" \/>\n<meta property=\"og:url\" content=\"https:\/\/informelitoral.com.ar\/verano-2026-brasil-se-consolida-como-el-destino-preferido-de-los-argentinos-por-precio-y-conectividad\/\" \/>\n<meta property=\"og:site_name\" content=\"Informe Litoral\" \/>\n<meta property=\"article:publisher\" content=\"https:\/\/www.facebook.com\/informelitoral\/\" \/>\n<meta property=\"article:published_time\" content=\"2025-12-18T18:22:58+00:00\" \/>\n<meta property=\"article:modified_time\" content=\"2025-12-18T18:27:01+00:00\" \/>\n<meta property=\"og:image\" content=\"https:\/\/humanidades.com\/%77%70%2d%63%6f%6e%74%65%6e%74\/uploads\/2017\/04\/brasil-1-e1566159463813-800x400.jpg\" \/>\n<meta name=\"author\" content=\"Sebastian\" \/>\n<meta name=\"twitter:card\" content=\"summary_large_image\" \/>\n<meta name=\"twitter:image\" content=\"https:\/\/humanidades.com\/%77%70%2d%63%6f%6e%74%65%6e%74\/uploads\/2017\/04\/brasil-1-e1566159463813-800x400.jpg\" \/>\n<meta name=\"twitter:creator\" content=\"@InformeLitoral\" \/>\n<meta name=\"twitter:site\" content=\"@InformeLitoral\" \/>\n<meta name=\"twitter:label1\" content=\"Escrito por\" \/>\n\t<meta name=\"twitter:data1\" content=\"Sebastian\" \/>\n\t<meta name=\"twitter:label2\" content=\"Tiempo de lectura\" \/>\n\t<meta name=\"twitter:data2\" content=\"4 minutos\" \/>\n<script type=\"application\/ld+json\" class=\"yoast-schema-graph\">{\"@context\":\"https:\\\/\\\/schema.org\",\"@graph\":[{\"@type\":\"Article\",\"@id\":\"https:\\\/\\\/informelitoral.com.ar\\\/verano-2026-brasil-se-consolida-como-el-destino-preferido-de-los-argentinos-por-precio-y-conectividad\\\/#article\",\"isPartOf\":{\"@id\":\"https:\\\/\\\/informelitoral.com.ar\\\/verano-2026-brasil-se-consolida-como-el-destino-preferido-de-los-argentinos-por-precio-y-conectividad\\\/\"},\"author\":{\"name\":\"Sebastian\",\"@id\":\"https:\\\/\\\/informelitoral.com.ar\\\/#\\\/schema\\\/person\\\/f05f9f461677119578717524b127d6d5\"},\"headline\":\"Verano 2026: Brasil se consolida como el destino preferido de los argentinos por precio y conectividad\",\"datePublished\":\"2025-12-18T18:22:58+00:00\",\"dateModified\":\"2025-12-18T18:27:01+00:00\",\"mainEntityOfPage\":{\"@id\":\"https:\\\/\\\/informelitoral.com.ar\\\/verano-2026-brasil-se-consolida-como-el-destino-preferido-de-los-argentinos-por-precio-y-conectividad\\\/\"},\"wordCount\":656,\"commentCount\":0,\"publisher\":{\"@id\":\"https:\\\/\\\/informelitoral.com.ar\\\/#organization\"},\"image\":{\"@id\":\"https:\\\/\\\/informelitoral.com.ar\\\/verano-2026-brasil-se-consolida-como-el-destino-preferido-de-los-argentinos-por-precio-y-conectividad\\\/#primaryimage\"},\"thumbnailUrl\":\"https:\\\/\\\/humanidades.com\\\/%77%70%2d%63%6f%6e%74%65%6e%74\\\/uploads\\\/2017\\\/04\\\/brasil-1-e1566159463813-800x400.jpg\",\"keywords\":[\"Brasil\",\"precios\",\"Turismo\"],\"articleSection\":[\"Turismo\"],\"inLanguage\":\"es\",\"potentialAction\":[{\"@type\":\"CommentAction\",\"name\":\"Comment\",\"target\":[\"https:\\\/\\\/informelitoral.com.ar\\\/verano-2026-brasil-se-consolida-como-el-destino-preferido-de-los-argentinos-por-precio-y-conectividad\\\/#respond\"]}]},{\"@type\":\"WebPage\",\"@id\":\"https:\\\/\\\/informelitoral.com.ar\\\/verano-2026-brasil-se-consolida-como-el-destino-preferido-de-los-argentinos-por-precio-y-conectividad\\\/\",\"url\":\"https:\\\/\\\/informelitoral.com.ar\\\/verano-2026-brasil-se-consolida-como-el-destino-preferido-de-los-argentinos-por-precio-y-conectividad\\\/\",\"name\":\"Verano 2026: Brasil se consolida como el destino preferido de los argentinos por precio y conectividad - Informe Litoral\",\"isPartOf\":{\"@id\":\"https:\\\/\\\/informelitoral.com.ar\\\/#website\"},\"primaryImageOfPage\":{\"@id\":\"https:\\\/\\\/informelitoral.com.ar\\\/verano-2026-brasil-se-consolida-como-el-destino-preferido-de-los-argentinos-por-precio-y-conectividad\\\/#primaryimage\"},\"image\":{\"@id\":\"https:\\\/\\\/informelitoral.com.ar\\\/verano-2026-brasil-se-consolida-como-el-destino-preferido-de-los-argentinos-por-precio-y-conectividad\\\/#primaryimage\"},\"thumbnailUrl\":\"https:\\\/\\\/humanidades.com\\\/%77%70%2d%63%6f%6e%74%65%6e%74\\\/uploads\\\/2017\\\/04\\\/brasil-1-e1566159463813-800x400.jpg\",\"datePublished\":\"2025-12-18T18:22:58+00:00\",\"dateModified\":\"2025-12-18T18:27:01+00:00\",\"breadcrumb\":{\"@id\":\"https:\\\/\\\/informelitoral.com.ar\\\/verano-2026-brasil-se-consolida-como-el-destino-preferido-de-los-argentinos-por-precio-y-conectividad\\\/#breadcrumb\"},\"inLanguage\":\"es\",\"potentialAction\":[{\"@type\":\"ReadAction\",\"target\":[\"https:\\\/\\\/informelitoral.com.ar\\\/verano-2026-brasil-se-consolida-como-el-destino-preferido-de-los-argentinos-por-precio-y-conectividad\\\/\"]}]},{\"@type\":\"ImageObject\",\"inLanguage\":\"es\",\"@id\":\"https:\\\/\\\/informelitoral.com.ar\\\/verano-2026-brasil-se-consolida-como-el-destino-preferido-de-los-argentinos-por-precio-y-conectividad\\\/#primaryimage\",\"url\":\"https:\\\/\\\/humanidades.com\\\/%77%70%2d%63%6f%6e%74%65%6e%74\\\/uploads\\\/2017\\\/04\\\/brasil-1-e1566159463813-800x400.jpg\",\"contentUrl\":\"https:\\\/\\\/humanidades.com\\\/%77%70%2d%63%6f%6e%74%65%6e%74\\\/uploads\\\/2017\\\/04\\\/brasil-1-e1566159463813-800x400.jpg\",\"width\":\"800\",\"height\":\"400\"},{\"@type\":\"BreadcrumbList\",\"@id\":\"https:\\\/\\\/informelitoral.com.ar\\\/verano-2026-brasil-se-consolida-como-el-destino-preferido-de-los-argentinos-por-precio-y-conectividad\\\/#breadcrumb\",\"itemListElement\":[{\"@type\":\"ListItem\",\"position\":1,\"name\":\"Portada\",\"item\":\"https:\\\/\\\/informelitoral.com.ar\\\/\"},{\"@type\":\"ListItem\",\"position\":2,\"name\":\"Verano 2026: Brasil se consolida como el destino preferido de los argentinos por precio y conectividad\"}]},{\"@type\":\"WebSite\",\"@id\":\"https:\\\/\\\/informelitoral.com.ar\\\/#website\",\"url\":\"https:\\\/\\\/informelitoral.com.ar\\\/\",\"name\":\"Informe Litoral\",\"description\":\"&quot;Nos informamos&quot; \",\"publisher\":{\"@id\":\"https:\\\/\\\/informelitoral.com.ar\\\/#organization\"},\"potentialAction\":[{\"@type\":\"SearchAction\",\"target\":{\"@type\":\"EntryPoint\",\"urlTemplate\":\"https:\\\/\\\/informelitoral.com.ar\\\/?s={search_term_string}\"},\"query-input\":{\"@type\":\"PropertyValueSpecification\",\"valueRequired\":true,\"valueName\":\"search_term_string\"}}],\"inLanguage\":\"es\"},{\"@type\":\"Organization\",\"@id\":\"https:\\\/\\\/informelitoral.com.ar\\\/#organization\",\"name\":\"Informe Litoral\",\"url\":\"https:\\\/\\\/informelitoral.com.ar\\\/\",\"logo\":{\"@type\":\"ImageObject\",\"inLanguage\":\"es\",\"@id\":\"https:\\\/\\\/informelitoral.com.ar\\\/#\\\/schema\\\/logo\\\/image\\\/\",\"url\":\"https:\\\/\\\/informelitoral.com.ar\\\/%77%70%2d%63%6f%6e%74%65%6e%74\\\/uploads\\\/2021\\\/01\\\/circulo.png\",\"contentUrl\":\"https:\\\/\\\/informelitoral.com.ar\\\/%77%70%2d%63%6f%6e%74%65%6e%74\\\/uploads\\\/2021\\\/01\\\/circulo.png\",\"width\":723,\"height\":731,\"caption\":\"Informe Litoral\"},\"image\":{\"@id\":\"https:\\\/\\\/informelitoral.com.ar\\\/#\\\/schema\\\/logo\\\/image\\\/\"},\"sameAs\":[\"https:\\\/\\\/www.facebook.com\\\/informelitoral\\\/\",\"https:\\\/\\\/x.com\\\/InformeLitoral\",\"https:\\\/\\\/www.instagram.com\\\/informelitoral\\\/\",\"https:\\\/\\\/www.youtube.com\\\/channel\\\/UCua4Qvz8Icb6MYqhoq9xLXw\"]},{\"@type\":\"Person\",\"@id\":\"https:\\\/\\\/informelitoral.com.ar\\\/#\\\/schema\\\/person\\\/f05f9f461677119578717524b127d6d5\",\"name\":\"Sebastian\",\"image\":{\"@type\":\"ImageObject\",\"inLanguage\":\"es\",\"@id\":\"https:\\\/\\\/secure.gravatar.com\\\/avatar\\\/b71bf7481d447dfb9583c7f2798e7cc64de6efb9067b74633ed8c31059a3bd82?s=96&d=mm&r=g\",\"url\":\"https:\\\/\\\/secure.gravatar.com\\\/avatar\\\/b71bf7481d447dfb9583c7f2798e7cc64de6efb9067b74633ed8c31059a3bd82?s=96&d=mm&r=g\",\"contentUrl\":\"https:\\\/\\\/secure.gravatar.com\\\/avatar\\\/b71bf7481d447dfb9583c7f2798e7cc64de6efb9067b74633ed8c31059a3bd82?s=96&d=mm&r=g\",\"caption\":\"Sebastian\"},\"url\":\"https:\\\/\\\/informelitoral.com.ar\\\/author\\\/sebastian\\\/\"}]}<\/script>","yoast_head_json":{"title":"Verano 2026: Brasil se consolida como el destino preferido de los argentinos por precio y conectividad - Informe Litoral","robots":{"index":"index","follow":"follow","max-snippet":"max-snippet:-1","max-image-preview":"max-image-preview:large","max-video-preview":"max-video-preview:-1"},"canonical":"https:\/\/informelitoral.com.ar\/verano-2026-brasil-se-consolida-como-el-destino-preferido-de-los-argentinos-por-precio-y-conectividad\/","og_locale":"es_ES","og_type":"article","og_title":"Verano 2026: Brasil se consolida como el destino preferido de los argentinos por precio y conectividad - Informe Litoral","og_description":"Con un crecimiento del 150% en reservas respecto al a\u00f1o anterior, las playas brasile\u00f1as superan en competitividad a los destinos nacionales. Macei\u00f3, Florian\u00f3polis y R\u00edo de Janeiro lideran las b\u00fasquedas.","og_url":"https:\/\/informelitoral.com.ar\/verano-2026-brasil-se-consolida-como-el-destino-preferido-de-los-argentinos-por-precio-y-conectividad\/","og_site_name":"Informe Litoral","article_publisher":"https:\/\/www.facebook.com\/informelitoral\/","article_published_time":"2025-12-18T18:22:58+00:00","article_modified_time":"2025-12-18T18:27:01+00:00","og_image":[{"url":"https:\/\/humanidades.com\/wp-content\/uploads\/2017\/04\/brasil-1-e1566159463813-800x400.jpg","type":"","width":"","height":""}],"author":"Sebastian","twitter_card":"summary_large_image","twitter_image":"https:\/\/humanidades.com\/wp-content\/uploads\/2017\/04\/brasil-1-e1566159463813-800x400.jpg","twitter_creator":"@InformeLitoral","twitter_site":"@InformeLitoral","twitter_misc":{"Escrito por":"Sebastian","Tiempo de lectura":"4 minutos"},"schema":{"@context":"https:\/\/schema.org","@graph":[{"@type":"Article","@id":"https:\/\/informelitoral.com.ar\/verano-2026-brasil-se-consolida-como-el-destino-preferido-de-los-argentinos-por-precio-y-conectividad\/#article","isPartOf":{"@id":"https:\/\/informelitoral.com.ar\/verano-2026-brasil-se-consolida-como-el-destino-preferido-de-los-argentinos-por-precio-y-conectividad\/"},"author":{"name":"Sebastian","@id":"https:\/\/informelitoral.com.ar\/#\/schema\/person\/f05f9f461677119578717524b127d6d5"},"headline":"Verano 2026: Brasil se consolida como el destino preferido de los argentinos por precio y conectividad","datePublished":"2025-12-18T18:22:58+00:00","dateModified":"2025-12-18T18:27:01+00:00","mainEntityOfPage":{"@id":"https:\/\/informelitoral.com.ar\/verano-2026-brasil-se-consolida-como-el-destino-preferido-de-los-argentinos-por-precio-y-conectividad\/"},"wordCount":656,"commentCount":0,"publisher":{"@id":"https:\/\/informelitoral.com.ar\/#organization"},"image":{"@id":"https:\/\/informelitoral.com.ar\/verano-2026-brasil-se-consolida-como-el-destino-preferido-de-los-argentinos-por-precio-y-conectividad\/#primaryimage"},"thumbnailUrl":"https:\/\/humanidades.com\/%77%70%2d%63%6f%6e%74%65%6e%74\/uploads\/2017\/04\/brasil-1-e1566159463813-800x400.jpg","keywords":["Brasil","precios","Turismo"],"articleSection":["Turismo"],"inLanguage":"es","potentialAction":[{"@type":"CommentAction","name":"Comment","target":["https:\/\/informelitoral.com.ar\/verano-2026-brasil-se-consolida-como-el-destino-preferido-de-los-argentinos-por-precio-y-conectividad\/#respond"]}]},{"@type":"WebPage","@id":"https:\/\/informelitoral.com.ar\/verano-2026-brasil-se-consolida-como-el-destino-preferido-de-los-argentinos-por-precio-y-conectividad\/","url":"https:\/\/informelitoral.com.ar\/verano-2026-brasil-se-consolida-como-el-destino-preferido-de-los-argentinos-por-precio-y-conectividad\/","name":"Verano 2026: Brasil se consolida como el destino preferido de los argentinos por precio y conectividad - Informe Litoral","isPartOf":{"@id":"https:\/\/informelitoral.com.ar\/#website"},"primaryImageOfPage":{"@id":"https:\/\/informelitoral.com.ar\/verano-2026-brasil-se-consolida-como-el-destino-preferido-de-los-argentinos-por-precio-y-conectividad\/#primaryimage"},"image":{"@id":"https:\/\/informelitoral.com.ar\/verano-2026-brasil-se-consolida-como-el-destino-preferido-de-los-argentinos-por-precio-y-conectividad\/#primaryimage"},"thumbnailUrl":"https:\/\/humanidades.com\/%77%70%2d%63%6f%6e%74%65%6e%74\/uploads\/2017\/04\/brasil-1-e1566159463813-800x400.jpg","datePublished":"2025-12-18T18:22:58+00:00","dateModified":"2025-12-18T18:27:01+00:00","breadcrumb":{"@id":"https:\/\/informelitoral.com.ar\/verano-2026-brasil-se-consolida-como-el-destino-preferido-de-los-argentinos-por-precio-y-conectividad\/#breadcrumb"},"inLanguage":"es","potentialAction":[{"@type":"ReadAction","target":["https:\/\/informelitoral.com.ar\/verano-2026-brasil-se-consolida-como-el-destino-preferido-de-los-argentinos-por-precio-y-conectividad\/"]}]},{"@type":"ImageObject","inLanguage":"es","@id":"https:\/\/informelitoral.com.ar\/verano-2026-brasil-se-consolida-como-el-destino-preferido-de-los-argentinos-por-precio-y-conectividad\/#primaryimage","url":"https:\/\/humanidades.com\/%77%70%2d%63%6f%6e%74%65%6e%74\/uploads\/2017\/04\/brasil-1-e1566159463813-800x400.jpg","contentUrl":"https:\/\/humanidades.com\/%77%70%2d%63%6f%6e%74%65%6e%74\/uploads\/2017\/04\/brasil-1-e1566159463813-800x400.jpg","width":"800","height":"400"},{"@type":"BreadcrumbList","@id":"https:\/\/informelitoral.com.ar\/verano-2026-brasil-se-consolida-como-el-destino-preferido-de-los-argentinos-por-precio-y-conectividad\/#breadcrumb","itemListElement":[{"@type":"ListItem","position":1,"name":"Portada","item":"https:\/\/informelitoral.com.ar\/"},{"@type":"ListItem","position":2,"name":"Verano 2026: Brasil se consolida como el destino preferido de los argentinos por precio y conectividad"}]},{"@type":"WebSite","@id":"https:\/\/informelitoral.com.ar\/#website","url":"https:\/\/informelitoral.com.ar\/","name":"Informe Litoral","description":"&quot;Nos informamos&quot; ","publisher":{"@id":"https:\/\/informelitoral.com.ar\/#organization"},"potentialAction":[{"@type":"SearchAction","target":{"@type":"EntryPoint","urlTemplate":"https:\/\/informelitoral.com.ar\/?s={search_term_string}"},"query-input":{"@type":"PropertyValueSpecification","valueRequired":true,"valueName":"search_term_string"}}],"inLanguage":"es"},{"@type":"Organization","@id":"https:\/\/informelitoral.com.ar\/#organization","name":"Informe Litoral","url":"https:\/\/informelitoral.com.ar\/","logo":{"@type":"ImageObject","inLanguage":"es","@id":"https:\/\/informelitoral.com.ar\/#\/schema\/logo\/image\/","url":"https:\/\/informelitoral.com.ar\/%77%70%2d%63%6f%6e%74%65%6e%74\/uploads\/2021\/01\/circulo.png","contentUrl":"https:\/\/informelitoral.com.ar\/%77%70%2d%63%6f%6e%74%65%6e%74\/uploads\/2021\/01\/circulo.png","width":723,"height":731,"caption":"Informe Litoral"},"image":{"@id":"https:\/\/informelitoral.com.ar\/#\/schema\/logo\/image\/"},"sameAs":["https:\/\/www.facebook.com\/informelitoral\/","https:\/\/x.com\/InformeLitoral","https:\/\/www.instagram.com\/informelitoral\/","https:\/\/www.youtube.com\/channel\/UCua4Qvz8Icb6MYqhoq9xLXw"]},{"@type":"Person","@id":"https:\/\/informelitoral.com.ar\/#\/schema\/person\/f05f9f461677119578717524b127d6d5","name":"Sebastian","image":{"@type":"ImageObject","inLanguage":"es","@id":"https:\/\/secure.gravatar.com\/avatar\/b71bf7481d447dfb9583c7f2798e7cc64de6efb9067b74633ed8c31059a3bd82?s=96&d=mm&r=g","url":"https:\/\/secure.gravatar.com\/avatar\/b71bf7481d447dfb9583c7f2798e7cc64de6efb9067b74633ed8c31059a3bd82?s=96&d=mm&r=g","contentUrl":"https:\/\/secure.gravatar.com\/avatar\/b71bf7481d447dfb9583c7f2798e7cc64de6efb9067b74633ed8c31059a3bd82?s=96&d=mm&r=g","caption":"Sebastian"},"url":"https:\/\/informelitoral.com.ar\/author\/sebastian\/"}]}},"fifu_image_url":"https:\/\/humanidades.com\/wp-content\/uploads\/2017\/04\/brasil-1-e1566159463813-800x400.jpg","_links":{"self":[{"href":"https:\/\/informelitoral.com.ar\/%77%70%2d%6a%73%6f%6e\/wp\/v2\/posts\/244146","targetHints":{"allow":["GET"]}}],"collection":[{"href":"https:\/\/informelitoral.com.ar\/%77%70%2d%6a%73%6f%6e\/wp\/v2\/posts"}],"about":[{"href":"https:\/\/informelitoral.com.ar\/%77%70%2d%6a%73%6f%6e\/wp\/v2\/types\/post"}],"author":[{"embeddable":true,"href":"https:\/\/informelitoral.com.ar\/%77%70%2d%6a%73%6f%6e\/wp\/v2\/users\/8"}],"replies":[{"embeddable":true,"href":"https:\/\/informelitoral.com.ar\/%77%70%2d%6a%73%6f%6e\/wp\/v2\/comments?post=244146"}],"version-history":[{"count":4,"href":"https:\/\/informelitoral.com.ar\/%77%70%2d%6a%73%6f%6e\/wp\/v2\/posts\/244146\/revisions"}],"predecessor-version":[{"id":244151,"href":"https:\/\/informelitoral.com.ar\/%77%70%2d%6a%73%6f%6e\/wp\/v2\/posts\/244146\/revisions\/244151"}],"wp:featuredmedia":[{"embeddable":true,"href":"https:\/\/informelitoral.com.ar\/%77%70%2d%6a%73%6f%6e\/wp\/v2\/media\/244149"}],"wp:attachment":[{"href":"https:\/\/informelitoral.com.ar\/%77%70%2d%6a%73%6f%6e\/wp\/v2\/media?parent=244146"}],"wp:term":[{"taxonomy":"category","embeddable":true,"href":"https:\/\/informelitoral.com.ar\/%77%70%2d%6a%73%6f%6e\/wp\/v2\/categories?post=244146"},{"taxonomy":"post_tag","embeddable":true,"href":"https:\/\/informelitoral.com.ar\/%77%70%2d%6a%73%6f%6e\/wp\/v2\/tags?post=244146"}],"curies":[{"name":"wp","href":"https:\/\/api.w.org\/{rel}","templated":true}]}}