{"id":244018,"date":"2025-12-18T07:58:41","date_gmt":"2025-12-18T10:58:41","guid":{"rendered":"https:\/\/informelitoral.com.ar\/?p=244018"},"modified":"2025-12-18T07:58:41","modified_gmt":"2025-12-18T10:58:41","slug":"el-centro-de-jubilados-acompano-la-presentacion-del-programa-parana-amigable-mas-anos-mas-derechos","status":"publish","type":"post","link":"https:\/\/informelitoral.com.ar\/el-centro-de-jubilados-acompano-la-presentacion-del-programa-parana-amigable-mas-anos-mas-derechos\/","title":{"rendered":"El Centro de Jubilados acompa\u00f1\u00f3 la presentaci\u00f3n del programa \u201cParan\u00e1 Amigable: M\u00e1s A\u00f1os, M\u00e1s Derechos\u201d"},"content":{"rendered":"<p>El Centro de Jubilados y Pensionados Provinciales del Departamento Paran\u00e1, acompa\u00f1\u00f3 la presentaci\u00f3n del proyecto de ordenanza <em>\u201cParan\u00e1 Amigable: M\u00e1s A\u00f1os, M\u00e1s Derechos\u201d,<\/em> impulsado por el concejal del Bloque M\u00e1s Para Entre R\u00edos, <strong>M\u00e1ximo Miguez.<\/strong> El lanzamiento del programa tuvo lugar este jueves en el Sal\u00f3n Mariano Moreno, del Concejo Deliberante de Paran\u00e1, con la participaci\u00f3n de representantes de distintos colectivos de adultos mayores, funcionarios municipales, del \u00e1mbito acad\u00e9mico, organizaciones sociales y gremiales, entre otros actores sociales.<\/p>\n<p>La iniciativa promueve el trato digno a las personas mayores y el avance hacia una ciudad m\u00e1s amigable, segura y participativa para quienes transitan la vejez. En este contexto, la comisi\u00f3n directiva del Centro expres\u00f3 su acompa\u00f1amiento a la iniciativa en el marco de un encuentro de trabajo con el concejal M\u00e1ximo Miguez.<\/p>\n<p>La propuesta surge a trav\u00e9s de un proyecto de ordenanza presentado por el concejal Miguez en octubre de 2025, el cual cuenta con el aporte de diferentes instituciones y organizaciones vinculadas con la realidad de las personas mayores en Paran\u00e1. En efecto la norma, estipula como eje central capacitaciones obligatorias en trato digno y perspectiva de derechos de las personas mayores, dirigidas a todos los agentes, funcionarios y responsables que se desempe\u00f1en en la funci\u00f3n p\u00fablica municipal, cualquiera sea su jerarqu\u00eda.<\/p>\n<p>El proyecto, ingresado en el Honorable Concejo Deliberante por el concejal M\u00e1ximo Miguez (Bloque M\u00e1s para Entre R\u00edos), es el resultado de un exhaustivo trabajo colaborativo y articulado con diversos sectores de la sociedad, incluyendo a representantes del colectivo de adultos mayores, centros de jubilados, profesionales especializados en la tem\u00e1tica, la Defensor\u00eda de Adultos Mayores y diversas instituciones universitarias. Se trata de establecer una pol\u00edtica p\u00fablica transversal y permanente.<\/p>\n<p>El Centro de Jubilados, representado por el vicepresidente <strong>Mario Huss<\/strong> y la vocal <strong>Ana Mar\u00eda Milessi,<\/strong> participaron del acto del lanzamiento del programa municipal. Huss valor\u00f3 el proyecto del concejal Miguez y del Estado municipal. \u201cEstamos muy contentos y queremos que se apruebe este proyecto porque contempla la defensa de los intereses de los adultos mayores de la ciudad de Paran\u00e1\u201d, se\u00f1al\u00f3.<\/p>\n<p>\u201cDe esta manera reconocemos que el Estado no est\u00e1 pensado para el buen transitar de las personas, que no tienen veredas en los espacios p\u00fablicos, sus oficinas de atenci\u00f3n al p\u00fablico. Por eso fuimos trabajando en conjunto con todos los \u00e1mbitos de participaci\u00f3n de las personas mayores, para poder pensar un programa que capacite y forme de manera transversal a toda la estructura de trabajadores y trabajadoras, junto a los funcionarios. El trato digno y emp\u00e1tico hacia las personas mayores debe ser una pol\u00edtica p\u00fablica\u201d, reflexion\u00f3 el concejal Miguez.<\/p>\n<h6><em><strong>Del archivo:\u00a0<a href=\"https:\/\/informelitoral.com.ar\/cuatro-ofertas-economicas-para-construir-19-nuevas-viviendas-en-nogoya\/\" target=\"_blank\" rel=\"noopener\">Cuatro ofertas econ\u00f3micas para construir 19 nuevas viviendas en Nogoy\u00e1<\/a><\/strong><\/em><\/h6>\n","protected":false},"excerpt":{"rendered":"<p>La iniciativa, promovida por el concejal paranaense M\u00e1ximo Miguez, se present\u00f3 en el Sal\u00f3n Mariano Moreno del Concejo Deliberante. Se trata de un programa integral que busca transformar las pr\u00e1cticas institucionales y avanzar hacia una ciudad m\u00e1s accesible, segura y participativa.<\/p>\n","protected":false},"author":2,"featured_media":244019,"comment_status":"open","ping_status":"open","sticky":false,"template":"","format":"standard","meta":{"fifu_image_url":"","fifu_image_alt":"","footnotes":""},"categories":[1597],"tags":[914,3770,102,45],"class_list":{"0":"post-244018","1":"post","2":"type-post","3":"status-publish","4":"format-standard","5":"has-post-thumbnail","7":"category-parana","8":"tag-adultos-mayores","9":"tag-centro-de-jubilados","10":"tag-jubilados","11":"tag-parana"},"yoast_head":"<title>El Centro de Jubilados acompa\u00f1\u00f3 la presentaci\u00f3n del programa \u201cParan\u00e1 Amigable: M\u00e1s A\u00f1os, M\u00e1s Derechos\u201d - Informe Litoral<\/title>\n<meta name=\"robots\" content=\"index, follow, max-snippet:-1, max-image-preview:large, max-video-preview:-1\" \/>\n<link rel=\"canonical\" href=\"https:\/\/informelitoral.com.ar\/el-centro-de-jubilados-acompano-la-presentacion-del-programa-parana-amigable-mas-anos-mas-derechos\/\" \/>\n<meta property=\"og:locale\" content=\"es_ES\" \/>\n<meta property=\"og:type\" content=\"article\" \/>\n<meta property=\"og:title\" content=\"El Centro de Jubilados acompa\u00f1\u00f3 la presentaci\u00f3n del programa \u201cParan\u00e1 Amigable: M\u00e1s A\u00f1os, M\u00e1s Derechos\u201d - Informe Litoral\" \/>\n<meta property=\"og:description\" content=\"La iniciativa, promovida por el concejal paranaense M\u00e1ximo Miguez, se present\u00f3 en el Sal\u00f3n Mariano Moreno del Concejo Deliberante. Se trata de un programa integral que busca transformar las pr\u00e1cticas institucionales y avanzar hacia una ciudad m\u00e1s accesible, segura y participativa.\" \/>\n<meta property=\"og:url\" content=\"https:\/\/informelitoral.com.ar\/el-centro-de-jubilados-acompano-la-presentacion-del-programa-parana-amigable-mas-anos-mas-derechos\/\" \/>\n<meta property=\"og:site_name\" content=\"Informe Litoral\" \/>\n<meta property=\"article:publisher\" content=\"https:\/\/www.facebook.com\/informelitoral\/\" \/>\n<meta property=\"article:published_time\" content=\"2025-12-18T10:58:41+00:00\" \/>\n<meta property=\"og:image\" content=\"https:\/\/drive.google.com\/thumbnail?id=1Jwu_Hej2W2MYQ7g95rZBoAgyTTUV82re&sz=w2048\" \/>\n\t<meta property=\"og:image:width\" content=\"1080\" \/>\n\t<meta property=\"og:image:height\" content=\"1080\" \/>\n\t<meta property=\"og:image:type\" content=\"image\/png\" \/>\n<meta name=\"author\" content=\"Gonzalo Schmidt\" \/>\n<meta name=\"twitter:card\" content=\"summary_large_image\" \/>\n<meta name=\"twitter:creator\" content=\"@InformeLitoral\" \/>\n<meta name=\"twitter:site\" content=\"@InformeLitoral\" \/>\n<meta name=\"twitter:label1\" content=\"Escrito por\" \/>\n\t<meta name=\"twitter:data1\" content=\"Gonzalo Schmidt\" \/>\n\t<meta name=\"twitter:label2\" content=\"Tiempo de lectura\" \/>\n\t<meta name=\"twitter:data2\" content=\"3 minutos\" \/>\n<script type=\"application\/ld+json\" class=\"yoast-schema-graph\">{\"@context\":\"https:\\\/\\\/schema.org\",\"@graph\":[{\"@type\":\"Article\",\"@id\":\"https:\\\/\\\/informelitoral.com.ar\\\/el-centro-de-jubilados-acompano-la-presentacion-del-programa-parana-amigable-mas-anos-mas-derechos\\\/#article\",\"isPartOf\":{\"@id\":\"https:\\\/\\\/informelitoral.com.ar\\\/el-centro-de-jubilados-acompano-la-presentacion-del-programa-parana-amigable-mas-anos-mas-derechos\\\/\"},\"author\":{\"name\":\"Gonzalo Schmidt\",\"@id\":\"https:\\\/\\\/informelitoral.com.ar\\\/#\\\/schema\\\/person\\\/b9d00407c836482871ef1d57bf8e3180\"},\"headline\":\"El Centro de Jubilados acompa\u00f1\u00f3 la presentaci\u00f3n del programa \u201cParan\u00e1 Amigable: M\u00e1s A\u00f1os, M\u00e1s Derechos\u201d\",\"datePublished\":\"2025-12-18T10:58:41+00:00\",\"mainEntityOfPage\":{\"@id\":\"https:\\\/\\\/informelitoral.com.ar\\\/el-centro-de-jubilados-acompano-la-presentacion-del-programa-parana-amigable-mas-anos-mas-derechos\\\/\"},\"wordCount\":496,\"commentCount\":0,\"publisher\":{\"@id\":\"https:\\\/\\\/informelitoral.com.ar\\\/#organization\"},\"image\":{\"@id\":\"https:\\\/\\\/informelitoral.com.ar\\\/el-centro-de-jubilados-acompano-la-presentacion-del-programa-parana-amigable-mas-anos-mas-derechos\\\/#primaryimage\"},\"thumbnailUrl\":\"https:\\\/\\\/drive.google.com\\\/thumbnail?id=1Jwu_Hej2W2MYQ7g95rZBoAgyTTUV82re&sz=w2048\",\"keywords\":[\"Adultos mayores\",\"Centro de jubilados\",\"Jubilados\",\"Paran\u00e1\"],\"articleSection\":[\"Paran\u00e1\"],\"inLanguage\":\"es\",\"potentialAction\":[{\"@type\":\"CommentAction\",\"name\":\"Comment\",\"target\":[\"https:\\\/\\\/informelitoral.com.ar\\\/el-centro-de-jubilados-acompano-la-presentacion-del-programa-parana-amigable-mas-anos-mas-derechos\\\/#respond\"]}]},{\"@type\":\"WebPage\",\"@id\":\"https:\\\/\\\/informelitoral.com.ar\\\/el-centro-de-jubilados-acompano-la-presentacion-del-programa-parana-amigable-mas-anos-mas-derechos\\\/\",\"url\":\"https:\\\/\\\/informelitoral.com.ar\\\/el-centro-de-jubilados-acompano-la-presentacion-del-programa-parana-amigable-mas-anos-mas-derechos\\\/\",\"name\":\"El Centro de Jubilados acompa\u00f1\u00f3 la presentaci\u00f3n del programa \u201cParan\u00e1 Amigable: M\u00e1s A\u00f1os, M\u00e1s Derechos\u201d - Informe Litoral\",\"isPartOf\":{\"@id\":\"https:\\\/\\\/informelitoral.com.ar\\\/#website\"},\"primaryImageOfPage\":{\"@id\":\"https:\\\/\\\/informelitoral.com.ar\\\/el-centro-de-jubilados-acompano-la-presentacion-del-programa-parana-amigable-mas-anos-mas-derechos\\\/#primaryimage\"},\"image\":{\"@id\":\"https:\\\/\\\/informelitoral.com.ar\\\/el-centro-de-jubilados-acompano-la-presentacion-del-programa-parana-amigable-mas-anos-mas-derechos\\\/#primaryimage\"},\"thumbnailUrl\":\"https:\\\/\\\/drive.google.com\\\/thumbnail?id=1Jwu_Hej2W2MYQ7g95rZBoAgyTTUV82re&sz=w2048\",\"datePublished\":\"2025-12-18T10:58:41+00:00\",\"breadcrumb\":{\"@id\":\"https:\\\/\\\/informelitoral.com.ar\\\/el-centro-de-jubilados-acompano-la-presentacion-del-programa-parana-amigable-mas-anos-mas-derechos\\\/#breadcrumb\"},\"inLanguage\":\"es\",\"potentialAction\":[{\"@type\":\"ReadAction\",\"target\":[\"https:\\\/\\\/informelitoral.com.ar\\\/el-centro-de-jubilados-acompano-la-presentacion-del-programa-parana-amigable-mas-anos-mas-derechos\\\/\"]}]},{\"@type\":\"ImageObject\",\"inLanguage\":\"es\",\"@id\":\"https:\\\/\\\/informelitoral.com.ar\\\/el-centro-de-jubilados-acompano-la-presentacion-del-programa-parana-amigable-mas-anos-mas-derechos\\\/#primaryimage\",\"url\":\"https:\\\/\\\/drive.google.com\\\/thumbnail?id=1Jwu_Hej2W2MYQ7g95rZBoAgyTTUV82re&sz=w2048\",\"contentUrl\":\"https:\\\/\\\/drive.google.com\\\/thumbnail?id=1Jwu_Hej2W2MYQ7g95rZBoAgyTTUV82re&sz=w2048\",\"width\":1080,\"height\":1080},{\"@type\":\"BreadcrumbList\",\"@id\":\"https:\\\/\\\/informelitoral.com.ar\\\/el-centro-de-jubilados-acompano-la-presentacion-del-programa-parana-amigable-mas-anos-mas-derechos\\\/#breadcrumb\",\"itemListElement\":[{\"@type\":\"ListItem\",\"position\":1,\"name\":\"Portada\",\"item\":\"https:\\\/\\\/informelitoral.com.ar\\\/\"},{\"@type\":\"ListItem\",\"position\":2,\"name\":\"El Centro de Jubilados acompa\u00f1\u00f3 la presentaci\u00f3n del programa \u201cParan\u00e1 Amigable: M\u00e1s A\u00f1os, M\u00e1s Derechos\u201d\"}]},{\"@type\":\"WebSite\",\"@id\":\"https:\\\/\\\/informelitoral.com.ar\\\/#website\",\"url\":\"https:\\\/\\\/informelitoral.com.ar\\\/\",\"name\":\"Informe Litoral\",\"description\":\"&quot;Nos informamos&quot; \",\"publisher\":{\"@id\":\"https:\\\/\\\/informelitoral.com.ar\\\/#organization\"},\"potentialAction\":[{\"@type\":\"SearchAction\",\"target\":{\"@type\":\"EntryPoint\",\"urlTemplate\":\"https:\\\/\\\/informelitoral.com.ar\\\/?s={search_term_string}\"},\"query-input\":{\"@type\":\"PropertyValueSpecification\",\"valueRequired\":true,\"valueName\":\"search_term_string\"}}],\"inLanguage\":\"es\"},{\"@type\":\"Organization\",\"@id\":\"https:\\\/\\\/informelitoral.com.ar\\\/#organization\",\"name\":\"Informe Litoral\",\"url\":\"https:\\\/\\\/informelitoral.com.ar\\\/\",\"logo\":{\"@type\":\"ImageObject\",\"inLanguage\":\"es\",\"@id\":\"https:\\\/\\\/informelitoral.com.ar\\\/#\\\/schema\\\/logo\\\/image\\\/\",\"url\":\"https:\\\/\\\/informelitoral.com.ar\\\/%77%70%2d%63%6f%6e%74%65%6e%74\\\/uploads\\\/2021\\\/01\\\/circulo.png\",\"contentUrl\":\"https:\\\/\\\/informelitoral.com.ar\\\/%77%70%2d%63%6f%6e%74%65%6e%74\\\/uploads\\\/2021\\\/01\\\/circulo.png\",\"width\":723,\"height\":731,\"caption\":\"Informe Litoral\"},\"image\":{\"@id\":\"https:\\\/\\\/informelitoral.com.ar\\\/#\\\/schema\\\/logo\\\/image\\\/\"},\"sameAs\":[\"https:\\\/\\\/www.facebook.com\\\/informelitoral\\\/\",\"https:\\\/\\\/x.com\\\/InformeLitoral\",\"https:\\\/\\\/www.instagram.com\\\/informelitoral\\\/\",\"https:\\\/\\\/www.youtube.com\\\/channel\\\/UCua4Qvz8Icb6MYqhoq9xLXw\"]},{\"@type\":\"Person\",\"@id\":\"https:\\\/\\\/informelitoral.com.ar\\\/#\\\/schema\\\/person\\\/b9d00407c836482871ef1d57bf8e3180\",\"name\":\"Gonzalo Schmidt\",\"image\":{\"@type\":\"ImageObject\",\"inLanguage\":\"es\",\"@id\":\"https:\\\/\\\/secure.gravatar.com\\\/avatar\\\/31a1a7b66ff2de83bd0e9fd79d026630d2d99e55e8bfe501287647b4fd9743de?s=96&d=mm&r=g\",\"url\":\"https:\\\/\\\/secure.gravatar.com\\\/avatar\\\/31a1a7b66ff2de83bd0e9fd79d026630d2d99e55e8bfe501287647b4fd9743de?s=96&d=mm&r=g\",\"contentUrl\":\"https:\\\/\\\/secure.gravatar.com\\\/avatar\\\/31a1a7b66ff2de83bd0e9fd79d026630d2d99e55e8bfe501287647b4fd9743de?s=96&d=mm&r=g\",\"caption\":\"Gonzalo Schmidt\"},\"description\":\"Sitio web de noticias de la provincia de Entre R\u00edos, Argentina. Informaci\u00f3n y entretenimiento. Informe Litoral, nos informamos.\",\"sameAs\":[\"http:\\\/\\\/www.isletasnoticias.com.ar\"],\"url\":\"https:\\\/\\\/informelitoral.com.ar\\\/author\\\/gonzalo\\\/\"}]}<\/script>","yoast_head_json":{"title":"El Centro de Jubilados acompa\u00f1\u00f3 la presentaci\u00f3n del programa \u201cParan\u00e1 Amigable: M\u00e1s A\u00f1os, M\u00e1s Derechos\u201d - Informe Litoral","robots":{"index":"index","follow":"follow","max-snippet":"max-snippet:-1","max-image-preview":"max-image-preview:large","max-video-preview":"max-video-preview:-1"},"canonical":"https:\/\/informelitoral.com.ar\/el-centro-de-jubilados-acompano-la-presentacion-del-programa-parana-amigable-mas-anos-mas-derechos\/","og_locale":"es_ES","og_type":"article","og_title":"El Centro de Jubilados acompa\u00f1\u00f3 la presentaci\u00f3n del programa \u201cParan\u00e1 Amigable: M\u00e1s A\u00f1os, M\u00e1s Derechos\u201d - Informe Litoral","og_description":"La iniciativa, promovida por el concejal paranaense M\u00e1ximo Miguez, se present\u00f3 en el Sal\u00f3n Mariano Moreno del Concejo Deliberante. Se trata de un programa integral que busca transformar las pr\u00e1cticas institucionales y avanzar hacia una ciudad m\u00e1s accesible, segura y participativa.","og_url":"https:\/\/informelitoral.com.ar\/el-centro-de-jubilados-acompano-la-presentacion-del-programa-parana-amigable-mas-anos-mas-derechos\/","og_site_name":"Informe Litoral","article_publisher":"https:\/\/www.facebook.com\/informelitoral\/","article_published_time":"2025-12-18T10:58:41+00:00","og_image":[{"width":1080,"height":1080,"url":"https:\/\/drive.google.com\/thumbnail?id=1Jwu_Hej2W2MYQ7g95rZBoAgyTTUV82re&sz=w2048","type":"image\/png"}],"author":"Gonzalo Schmidt","twitter_card":"summary_large_image","twitter_creator":"@InformeLitoral","twitter_site":"@InformeLitoral","twitter_misc":{"Escrito por":"Gonzalo Schmidt","Tiempo de lectura":"3 minutos"},"schema":{"@context":"https:\/\/schema.org","@graph":[{"@type":"Article","@id":"https:\/\/informelitoral.com.ar\/el-centro-de-jubilados-acompano-la-presentacion-del-programa-parana-amigable-mas-anos-mas-derechos\/#article","isPartOf":{"@id":"https:\/\/informelitoral.com.ar\/el-centro-de-jubilados-acompano-la-presentacion-del-programa-parana-amigable-mas-anos-mas-derechos\/"},"author":{"name":"Gonzalo Schmidt","@id":"https:\/\/informelitoral.com.ar\/#\/schema\/person\/b9d00407c836482871ef1d57bf8e3180"},"headline":"El Centro de Jubilados acompa\u00f1\u00f3 la presentaci\u00f3n del programa \u201cParan\u00e1 Amigable: M\u00e1s A\u00f1os, M\u00e1s Derechos\u201d","datePublished":"2025-12-18T10:58:41+00:00","mainEntityOfPage":{"@id":"https:\/\/informelitoral.com.ar\/el-centro-de-jubilados-acompano-la-presentacion-del-programa-parana-amigable-mas-anos-mas-derechos\/"},"wordCount":496,"commentCount":0,"publisher":{"@id":"https:\/\/informelitoral.com.ar\/#organization"},"image":{"@id":"https:\/\/informelitoral.com.ar\/el-centro-de-jubilados-acompano-la-presentacion-del-programa-parana-amigable-mas-anos-mas-derechos\/#primaryimage"},"thumbnailUrl":"https:\/\/drive.google.com\/thumbnail?id=1Jwu_Hej2W2MYQ7g95rZBoAgyTTUV82re&sz=w2048","keywords":["Adultos mayores","Centro de jubilados","Jubilados","Paran\u00e1"],"articleSection":["Paran\u00e1"],"inLanguage":"es","potentialAction":[{"@type":"CommentAction","name":"Comment","target":["https:\/\/informelitoral.com.ar\/el-centro-de-jubilados-acompano-la-presentacion-del-programa-parana-amigable-mas-anos-mas-derechos\/#respond"]}]},{"@type":"WebPage","@id":"https:\/\/informelitoral.com.ar\/el-centro-de-jubilados-acompano-la-presentacion-del-programa-parana-amigable-mas-anos-mas-derechos\/","url":"https:\/\/informelitoral.com.ar\/el-centro-de-jubilados-acompano-la-presentacion-del-programa-parana-amigable-mas-anos-mas-derechos\/","name":"El Centro de Jubilados acompa\u00f1\u00f3 la presentaci\u00f3n del programa \u201cParan\u00e1 Amigable: M\u00e1s A\u00f1os, M\u00e1s Derechos\u201d - Informe Litoral","isPartOf":{"@id":"https:\/\/informelitoral.com.ar\/#website"},"primaryImageOfPage":{"@id":"https:\/\/informelitoral.com.ar\/el-centro-de-jubilados-acompano-la-presentacion-del-programa-parana-amigable-mas-anos-mas-derechos\/#primaryimage"},"image":{"@id":"https:\/\/informelitoral.com.ar\/el-centro-de-jubilados-acompano-la-presentacion-del-programa-parana-amigable-mas-anos-mas-derechos\/#primaryimage"},"thumbnailUrl":"https:\/\/drive.google.com\/thumbnail?id=1Jwu_Hej2W2MYQ7g95rZBoAgyTTUV82re&sz=w2048","datePublished":"2025-12-18T10:58:41+00:00","breadcrumb":{"@id":"https:\/\/informelitoral.com.ar\/el-centro-de-jubilados-acompano-la-presentacion-del-programa-parana-amigable-mas-anos-mas-derechos\/#breadcrumb"},"inLanguage":"es","potentialAction":[{"@type":"ReadAction","target":["https:\/\/informelitoral.com.ar\/el-centro-de-jubilados-acompano-la-presentacion-del-programa-parana-amigable-mas-anos-mas-derechos\/"]}]},{"@type":"ImageObject","inLanguage":"es","@id":"https:\/\/informelitoral.com.ar\/el-centro-de-jubilados-acompano-la-presentacion-del-programa-parana-amigable-mas-anos-mas-derechos\/#primaryimage","url":"https:\/\/drive.google.com\/thumbnail?id=1Jwu_Hej2W2MYQ7g95rZBoAgyTTUV82re&sz=w2048","contentUrl":"https:\/\/drive.google.com\/thumbnail?id=1Jwu_Hej2W2MYQ7g95rZBoAgyTTUV82re&sz=w2048","width":1080,"height":1080},{"@type":"BreadcrumbList","@id":"https:\/\/informelitoral.com.ar\/el-centro-de-jubilados-acompano-la-presentacion-del-programa-parana-amigable-mas-anos-mas-derechos\/#breadcrumb","itemListElement":[{"@type":"ListItem","position":1,"name":"Portada","item":"https:\/\/informelitoral.com.ar\/"},{"@type":"ListItem","position":2,"name":"El Centro de Jubilados acompa\u00f1\u00f3 la presentaci\u00f3n del programa \u201cParan\u00e1 Amigable: M\u00e1s A\u00f1os, M\u00e1s Derechos\u201d"}]},{"@type":"WebSite","@id":"https:\/\/informelitoral.com.ar\/#website","url":"https:\/\/informelitoral.com.ar\/","name":"Informe Litoral","description":"&quot;Nos informamos&quot; ","publisher":{"@id":"https:\/\/informelitoral.com.ar\/#organization"},"potentialAction":[{"@type":"SearchAction","target":{"@type":"EntryPoint","urlTemplate":"https:\/\/informelitoral.com.ar\/?s={search_term_string}"},"query-input":{"@type":"PropertyValueSpecification","valueRequired":true,"valueName":"search_term_string"}}],"inLanguage":"es"},{"@type":"Organization","@id":"https:\/\/informelitoral.com.ar\/#organization","name":"Informe Litoral","url":"https:\/\/informelitoral.com.ar\/","logo":{"@type":"ImageObject","inLanguage":"es","@id":"https:\/\/informelitoral.com.ar\/#\/schema\/logo\/image\/","url":"https:\/\/informelitoral.com.ar\/%77%70%2d%63%6f%6e%74%65%6e%74\/uploads\/2021\/01\/circulo.png","contentUrl":"https:\/\/informelitoral.com.ar\/%77%70%2d%63%6f%6e%74%65%6e%74\/uploads\/2021\/01\/circulo.png","width":723,"height":731,"caption":"Informe Litoral"},"image":{"@id":"https:\/\/informelitoral.com.ar\/#\/schema\/logo\/image\/"},"sameAs":["https:\/\/www.facebook.com\/informelitoral\/","https:\/\/x.com\/InformeLitoral","https:\/\/www.instagram.com\/informelitoral\/","https:\/\/www.youtube.com\/channel\/UCua4Qvz8Icb6MYqhoq9xLXw"]},{"@type":"Person","@id":"https:\/\/informelitoral.com.ar\/#\/schema\/person\/b9d00407c836482871ef1d57bf8e3180","name":"Gonzalo Schmidt","image":{"@type":"ImageObject","inLanguage":"es","@id":"https:\/\/secure.gravatar.com\/avatar\/31a1a7b66ff2de83bd0e9fd79d026630d2d99e55e8bfe501287647b4fd9743de?s=96&d=mm&r=g","url":"https:\/\/secure.gravatar.com\/avatar\/31a1a7b66ff2de83bd0e9fd79d026630d2d99e55e8bfe501287647b4fd9743de?s=96&d=mm&r=g","contentUrl":"https:\/\/secure.gravatar.com\/avatar\/31a1a7b66ff2de83bd0e9fd79d026630d2d99e55e8bfe501287647b4fd9743de?s=96&d=mm&r=g","caption":"Gonzalo Schmidt"},"description":"Sitio web de noticias de la provincia de Entre R\u00edos, Argentina. Informaci\u00f3n y entretenimiento. Informe Litoral, nos informamos.","sameAs":["http:\/\/www.isletasnoticias.com.ar"],"url":"https:\/\/informelitoral.com.ar\/author\/gonzalo\/"}]}},"_links":{"self":[{"href":"https:\/\/informelitoral.com.ar\/%77%70%2d%6a%73%6f%6e\/wp\/v2\/posts\/244018","targetHints":{"allow":["GET"]}}],"collection":[{"href":"https:\/\/informelitoral.com.ar\/%77%70%2d%6a%73%6f%6e\/wp\/v2\/posts"}],"about":[{"href":"https:\/\/informelitoral.com.ar\/%77%70%2d%6a%73%6f%6e\/wp\/v2\/types\/post"}],"author":[{"embeddable":true,"href":"https:\/\/informelitoral.com.ar\/%77%70%2d%6a%73%6f%6e\/wp\/v2\/users\/2"}],"replies":[{"embeddable":true,"href":"https:\/\/informelitoral.com.ar\/%77%70%2d%6a%73%6f%6e\/wp\/v2\/comments?post=244018"}],"version-history":[{"count":1,"href":"https:\/\/informelitoral.com.ar\/%77%70%2d%6a%73%6f%6e\/wp\/v2\/posts\/244018\/revisions"}],"predecessor-version":[{"id":244020,"href":"https:\/\/informelitoral.com.ar\/%77%70%2d%6a%73%6f%6e\/wp\/v2\/posts\/244018\/revisions\/244020"}],"wp:featuredmedia":[{"embeddable":true,"href":"https:\/\/informelitoral.com.ar\/%77%70%2d%6a%73%6f%6e\/wp\/v2\/media\/244019"}],"wp:attachment":[{"href":"https:\/\/informelitoral.com.ar\/%77%70%2d%6a%73%6f%6e\/wp\/v2\/media?parent=244018"}],"wp:term":[{"taxonomy":"category","embeddable":true,"href":"https:\/\/informelitoral.com.ar\/%77%70%2d%6a%73%6f%6e\/wp\/v2\/categories?post=244018"},{"taxonomy":"post_tag","embeddable":true,"href":"https:\/\/informelitoral.com.ar\/%77%70%2d%6a%73%6f%6e\/wp\/v2\/tags?post=244018"}],"curies":[{"name":"wp","href":"https:\/\/api.w.org\/{rel}","templated":true}]}}