{"id":243954,"date":"2025-12-17T10:19:59","date_gmt":"2025-12-17T13:19:59","guid":{"rendered":"https:\/\/informelitoral.com.ar\/?p=243954"},"modified":"2025-12-17T10:25:39","modified_gmt":"2025-12-17T13:25:39","slug":"santa-elena-fue-el-epicentro-del-deporte-regional-con-el-triatlon-arenas-del-rio","status":"publish","type":"post","link":"https:\/\/informelitoral.com.ar\/santa-elena-fue-el-epicentro-del-deporte-regional-con-el-triatlon-arenas-del-rio\/","title":{"rendered":"Santa Elena fue el epicentro del deporte regional con el Triatl\u00f3n \u201cArenas del R\u00edo\u201d"},"content":{"rendered":"<p data-path-to-node=\"4\">El pasado domingo, la ciudad de Santa Elena se convirti\u00f3 en el epicentro del deporte regional al recibir a atletas de diversos puntos de la provincia y la zona para la disputa de la segunda fecha del Triatl\u00f3n \u201cArenas del R\u00edo\u201d. La competencia, que combin\u00f3 las disciplinas de nataci\u00f3n, ciclismo y pedestrismo, consolid\u00f3 a la localidad como un escenario destacado para el desarrollo del deporte de alto rendimiento y el fomento del turismo deportivo.<\/p>\n<p data-path-to-node=\"4\"><img decoding=\"async\" src=\"https:\/\/scontent.fpra1-1.fna.fbcdn.net\/v\/t39.30808-6\/601057534_1293949806110105_8556454150284112850_n.jpg?_nc_cat=110&amp;ccb=1-7&amp;_nc_sid=127cfc&amp;_nc_eui2=AeH6S6ilYhx_A-08suhYNBnUd1QAQZ7xG853VABBnvEbziuIPFwbFQFD1D9pGoEO1vl_15hLgxHW_THVkEHGhi5p&amp;_nc_ohc=QofFwtb2K2AQ7kNvwEWKyM8&amp;_nc_oc=AdmexTWnHxXvz-fDwtoKkXDVDNaxfe4-lqt9qJj1n-hg96lTrPde3LT-fqzMZjanw9o&amp;_nc_zt=23&amp;_nc_ht=scontent.fpra1-1.fna&amp;_nc_gid=AhiWd2GL0EwyuKfgrict8w&amp;oh=00_AfkXJ0NfyBJ0ckXBlQ5ZLCkXS9W4rtBsGtnXsfINcpw8hw&amp;oe=694887C0\" alt=\"Puede ser una imagen de bicicleta, calle y texto\" \/><\/p>\n<p data-path-to-node=\"5\">La jornada inici\u00f3 en las primeras horas del domingo, aprovechando las condiciones naturales que ofrece la zona ribere\u00f1a y el r\u00edo Paran\u00e1. Los participantes destacaron el alto nivel de organizaci\u00f3n y la exigencia del circuito, el cual permiti\u00f3 lucir los paisajes locales y los atractivos tur\u00edsticos de la ciudad mientras se desarrollaba la prueba atl\u00e9tica en sus diferentes etapas.<\/p>\n<p data-path-to-node=\"5\"><img decoding=\"async\" src=\"https:\/\/scontent.fpra1-1.fna.fbcdn.net\/v\/t39.30808-6\/600939418_1293950626110023_4421051691778814750_n.jpg?_nc_cat=100&amp;ccb=1-7&amp;_nc_sid=127cfc&amp;_nc_eui2=AeE_JKdMOwXB_7XMTUtUEaNncpctqalMJn1yly2pqUwmfZ4ppQG6w21ZpvaDT-L1PSONt3lOQdqLO5P96xV5I5sZ&amp;_nc_ohc=mY0wElJ_TGQQ7kNvwE4dCMn&amp;_nc_oc=AdmlvU1oTE5K7CTmEzpjb3JzA8tJ_1zzQJ6HfnL6U9je4qmob67brUSiNM0MieiC8Tw&amp;_nc_zt=23&amp;_nc_ht=scontent.fpra1-1.fna&amp;_nc_gid=9ls6mr43-dWOGtxSh5opTA&amp;oh=00_AfmPRD3hkrTnKBGbBzk6rkdIEJXQB-oFht6A1gtFddnJig&amp;oe=69488DAC\" alt=\"Puede ser una imagen de bicicleta y texto\" \/><\/p>\n<p data-path-to-node=\"6\">Con el objetivo de garantizar la integridad f\u00edsica de los corredores y el normal flujo del evento, el municipio dispuso un operativo de tr\u00e1nsito especial que se extendi\u00f3 desde las 09:30 hasta las 14:00. Durante este periodo, se realizaron cortes parciales y desv\u00edos en arterias clave de la ciudad, fundamentalmente en la Avenida Presidente Per\u00f3n y la Avenida San Mart\u00edn.<\/p>\n<p data-path-to-node=\"6\"><img decoding=\"async\" src=\"https:\/\/scontent.fpra1-1.fna.fbcdn.net\/v\/t39.30808-6\/601012628_1293950826110003_2611210095013959677_n.jpg?_nc_cat=103&amp;ccb=1-7&amp;_nc_sid=127cfc&amp;_nc_eui2=AeEVid-pA7hgH9xLDte2CC5g4qA80q7EniTioDzSrsSeJMAjIAk1I4NHVhNN-5fwOjqYqK9H2aSsz9EHMSbIpfJz&amp;_nc_ohc=tmx_rs3IAxQQ7kNvwH5JG6w&amp;_nc_oc=AdkNP9Ru4lry9G7B03axGS16LiVrIvyFGnL_G0GCK-6KXfPSz9X69NZ0dp8cvCewd5c&amp;_nc_zt=23&amp;_nc_ht=scontent.fpra1-1.fna&amp;_nc_gid=8VaV_2ONNMTmnmuA7gVZOg&amp;oh=00_Afk_brnyhOYOILHL6AY-i5XWLphnM7EUsbZOIvUAb4k59Q&amp;oe=69488D9E\" alt=\"Puede ser una imagen de una o varias personas, personas nadando y texto\" \/><\/p>\n<p data-path-to-node=\"7\">El personal de seguridad y tr\u00e1nsito trabaj\u00f3 activamente en la zona para dirigir a los conductores hacia v\u00edas alternativas, solicitando en todo momento circular con precauci\u00f3n. Al finalizar la jornada, desde la organizaci\u00f3n expresaron un especial agradecimiento por la comprensi\u00f3n y el respeto de la comunidad santaelenense, cuyo acompa\u00f1amiento fue considerado fundamental para el \u00e9xito y la seguridad del evento.(<em>Informe Litoral<\/em>)<\/p>\n<h6 data-path-to-node=\"7\"><strong><em>Del archivo:\u00a0<a href=\"https:\/\/informelitoral.com.ar\/fin-de-semana-largo-santa-elena-registro-una-ocupacion-turistica-del-88\/\" target=\"_blank\" rel=\"noopener\">Fin de semana largo: Santa Elena registr\u00f3 una ocupaci\u00f3n tur\u00edstica del 88%<\/a>\u00a0<\/em><\/strong><\/h6>\n","protected":false},"excerpt":{"rendered":"<p>La segunda fecha del calendario se disput\u00f3 con \u00e9xito este domingo. La competencia incluy\u00f3 un importante operativo de seguridad en las principales avenidas de la ciudad para proteger a los atletas.<\/p>\n","protected":false},"author":8,"featured_media":243956,"comment_status":"open","ping_status":"open","sticky":false,"template":"","format":"standard","meta":{"fifu_image_url":"","fifu_image_alt":"","footnotes":""},"categories":[6],"tags":[1363,6317],"class_list":{"0":"post-243954","1":"post","2":"type-post","3":"status-publish","4":"format-standard","5":"has-post-thumbnail","7":"category-entre-rios","8":"tag-santa-elena","9":"tag-triatlon-arenas-del-rio"},"yoast_head":"<title>Santa Elena fue el epicentro del deporte regional con el Triatl\u00f3n \u201cArenas del R\u00edo\u201d - Informe Litoral<\/title>\n<meta name=\"robots\" content=\"index, follow, max-snippet:-1, max-image-preview:large, max-video-preview:-1\" \/>\n<link rel=\"canonical\" href=\"https:\/\/informelitoral.com.ar\/santa-elena-fue-el-epicentro-del-deporte-regional-con-el-triatlon-arenas-del-rio\/\" \/>\n<meta property=\"og:locale\" content=\"es_ES\" \/>\n<meta property=\"og:type\" content=\"article\" \/>\n<meta property=\"og:title\" content=\"Santa Elena fue el epicentro del deporte regional con el Triatl\u00f3n \u201cArenas del R\u00edo\u201d - Informe Litoral\" \/>\n<meta property=\"og:description\" content=\"La segunda fecha del calendario se disput\u00f3 con \u00e9xito este domingo. La competencia incluy\u00f3 un importante operativo de seguridad en las principales avenidas de la ciudad para proteger a los atletas.\" \/>\n<meta property=\"og:url\" content=\"https:\/\/informelitoral.com.ar\/santa-elena-fue-el-epicentro-del-deporte-regional-con-el-triatlon-arenas-del-rio\/\" \/>\n<meta property=\"og:site_name\" content=\"Informe Litoral\" \/>\n<meta property=\"article:publisher\" content=\"https:\/\/www.facebook.com\/informelitoral\/\" \/>\n<meta property=\"article:published_time\" content=\"2025-12-17T13:19:59+00:00\" \/>\n<meta property=\"article:modified_time\" content=\"2025-12-17T13:25:39+00:00\" \/>\n<meta property=\"og:image\" content=\"https:\/\/drive.google.com\/thumbnail?id=1Quzf88wZSCawo5_HKSW9Bwx2VNLVIK8j&sz=w2048\" \/>\n\t<meta property=\"og:image:width\" content=\"1600\" \/>\n\t<meta property=\"og:image:height\" content=\"1066\" \/>\n\t<meta property=\"og:image:type\" content=\"image\/jpeg\" \/>\n<meta name=\"author\" content=\"Sebastian\" \/>\n<meta name=\"twitter:card\" content=\"summary_large_image\" \/>\n<meta name=\"twitter:creator\" content=\"@InformeLitoral\" \/>\n<meta name=\"twitter:site\" content=\"@InformeLitoral\" \/>\n<meta name=\"twitter:label1\" content=\"Escrito por\" \/>\n\t<meta name=\"twitter:data1\" content=\"Sebastian\" \/>\n\t<meta name=\"twitter:label2\" content=\"Tiempo de lectura\" \/>\n\t<meta name=\"twitter:data2\" content=\"3 minutos\" \/>\n<script type=\"application\/ld+json\" class=\"yoast-schema-graph\">{\"@context\":\"https:\\\/\\\/schema.org\",\"@graph\":[{\"@type\":\"Article\",\"@id\":\"https:\\\/\\\/informelitoral.com.ar\\\/santa-elena-fue-el-epicentro-del-deporte-regional-con-el-triatlon-arenas-del-rio\\\/#article\",\"isPartOf\":{\"@id\":\"https:\\\/\\\/informelitoral.com.ar\\\/santa-elena-fue-el-epicentro-del-deporte-regional-con-el-triatlon-arenas-del-rio\\\/\"},\"author\":{\"name\":\"Sebastian\",\"@id\":\"https:\\\/\\\/informelitoral.com.ar\\\/#\\\/schema\\\/person\\\/f05f9f461677119578717524b127d6d5\"},\"headline\":\"Santa Elena fue el epicentro del deporte regional con el Triatl\u00f3n \u201cArenas del R\u00edo\u201d\",\"datePublished\":\"2025-12-17T13:19:59+00:00\",\"dateModified\":\"2025-12-17T13:25:39+00:00\",\"mainEntityOfPage\":{\"@id\":\"https:\\\/\\\/informelitoral.com.ar\\\/santa-elena-fue-el-epicentro-del-deporte-regional-con-el-triatlon-arenas-del-rio\\\/\"},\"wordCount\":303,\"commentCount\":0,\"publisher\":{\"@id\":\"https:\\\/\\\/informelitoral.com.ar\\\/#organization\"},\"image\":{\"@id\":\"https:\\\/\\\/informelitoral.com.ar\\\/santa-elena-fue-el-epicentro-del-deporte-regional-con-el-triatlon-arenas-del-rio\\\/#primaryimage\"},\"thumbnailUrl\":\"https:\\\/\\\/drive.google.com\\\/thumbnail?id=1Quzf88wZSCawo5_HKSW9Bwx2VNLVIK8j&sz=w2048\",\"keywords\":[\"Santa Elena\",\"Triatl\u00f3n \u201cArenas del R\u00edo\u201d\"],\"articleSection\":[\"Entre R\u00edos\"],\"inLanguage\":\"es\",\"potentialAction\":[{\"@type\":\"CommentAction\",\"name\":\"Comment\",\"target\":[\"https:\\\/\\\/informelitoral.com.ar\\\/santa-elena-fue-el-epicentro-del-deporte-regional-con-el-triatlon-arenas-del-rio\\\/#respond\"]}]},{\"@type\":\"WebPage\",\"@id\":\"https:\\\/\\\/informelitoral.com.ar\\\/santa-elena-fue-el-epicentro-del-deporte-regional-con-el-triatlon-arenas-del-rio\\\/\",\"url\":\"https:\\\/\\\/informelitoral.com.ar\\\/santa-elena-fue-el-epicentro-del-deporte-regional-con-el-triatlon-arenas-del-rio\\\/\",\"name\":\"Santa Elena fue el epicentro del deporte regional con el Triatl\u00f3n \u201cArenas del R\u00edo\u201d - Informe Litoral\",\"isPartOf\":{\"@id\":\"https:\\\/\\\/informelitoral.com.ar\\\/#website\"},\"primaryImageOfPage\":{\"@id\":\"https:\\\/\\\/informelitoral.com.ar\\\/santa-elena-fue-el-epicentro-del-deporte-regional-con-el-triatlon-arenas-del-rio\\\/#primaryimage\"},\"image\":{\"@id\":\"https:\\\/\\\/informelitoral.com.ar\\\/santa-elena-fue-el-epicentro-del-deporte-regional-con-el-triatlon-arenas-del-rio\\\/#primaryimage\"},\"thumbnailUrl\":\"https:\\\/\\\/drive.google.com\\\/thumbnail?id=1Quzf88wZSCawo5_HKSW9Bwx2VNLVIK8j&sz=w2048\",\"datePublished\":\"2025-12-17T13:19:59+00:00\",\"dateModified\":\"2025-12-17T13:25:39+00:00\",\"breadcrumb\":{\"@id\":\"https:\\\/\\\/informelitoral.com.ar\\\/santa-elena-fue-el-epicentro-del-deporte-regional-con-el-triatlon-arenas-del-rio\\\/#breadcrumb\"},\"inLanguage\":\"es\",\"potentialAction\":[{\"@type\":\"ReadAction\",\"target\":[\"https:\\\/\\\/informelitoral.com.ar\\\/santa-elena-fue-el-epicentro-del-deporte-regional-con-el-triatlon-arenas-del-rio\\\/\"]}]},{\"@type\":\"ImageObject\",\"inLanguage\":\"es\",\"@id\":\"https:\\\/\\\/informelitoral.com.ar\\\/santa-elena-fue-el-epicentro-del-deporte-regional-con-el-triatlon-arenas-del-rio\\\/#primaryimage\",\"url\":\"https:\\\/\\\/drive.google.com\\\/thumbnail?id=1Quzf88wZSCawo5_HKSW9Bwx2VNLVIK8j&sz=w2048\",\"contentUrl\":\"https:\\\/\\\/drive.google.com\\\/thumbnail?id=1Quzf88wZSCawo5_HKSW9Bwx2VNLVIK8j&sz=w2048\",\"width\":1600,\"height\":1066},{\"@type\":\"BreadcrumbList\",\"@id\":\"https:\\\/\\\/informelitoral.com.ar\\\/santa-elena-fue-el-epicentro-del-deporte-regional-con-el-triatlon-arenas-del-rio\\\/#breadcrumb\",\"itemListElement\":[{\"@type\":\"ListItem\",\"position\":1,\"name\":\"Portada\",\"item\":\"https:\\\/\\\/informelitoral.com.ar\\\/\"},{\"@type\":\"ListItem\",\"position\":2,\"name\":\"Santa Elena fue el epicentro del deporte regional con el Triatl\u00f3n \u201cArenas del R\u00edo\u201d\"}]},{\"@type\":\"WebSite\",\"@id\":\"https:\\\/\\\/informelitoral.com.ar\\\/#website\",\"url\":\"https:\\\/\\\/informelitoral.com.ar\\\/\",\"name\":\"Informe Litoral\",\"description\":\"&quot;Nos informamos&quot; \",\"publisher\":{\"@id\":\"https:\\\/\\\/informelitoral.com.ar\\\/#organization\"},\"potentialAction\":[{\"@type\":\"SearchAction\",\"target\":{\"@type\":\"EntryPoint\",\"urlTemplate\":\"https:\\\/\\\/informelitoral.com.ar\\\/?s={search_term_string}\"},\"query-input\":{\"@type\":\"PropertyValueSpecification\",\"valueRequired\":true,\"valueName\":\"search_term_string\"}}],\"inLanguage\":\"es\"},{\"@type\":\"Organization\",\"@id\":\"https:\\\/\\\/informelitoral.com.ar\\\/#organization\",\"name\":\"Informe Litoral\",\"url\":\"https:\\\/\\\/informelitoral.com.ar\\\/\",\"logo\":{\"@type\":\"ImageObject\",\"inLanguage\":\"es\",\"@id\":\"https:\\\/\\\/informelitoral.com.ar\\\/#\\\/schema\\\/logo\\\/image\\\/\",\"url\":\"https:\\\/\\\/informelitoral.com.ar\\\/%77%70%2d%63%6f%6e%74%65%6e%74\\\/uploads\\\/2021\\\/01\\\/circulo.png\",\"contentUrl\":\"https:\\\/\\\/informelitoral.com.ar\\\/%77%70%2d%63%6f%6e%74%65%6e%74\\\/uploads\\\/2021\\\/01\\\/circulo.png\",\"width\":723,\"height\":731,\"caption\":\"Informe Litoral\"},\"image\":{\"@id\":\"https:\\\/\\\/informelitoral.com.ar\\\/#\\\/schema\\\/logo\\\/image\\\/\"},\"sameAs\":[\"https:\\\/\\\/www.facebook.com\\\/informelitoral\\\/\",\"https:\\\/\\\/x.com\\\/InformeLitoral\",\"https:\\\/\\\/www.instagram.com\\\/informelitoral\\\/\",\"https:\\\/\\\/www.youtube.com\\\/channel\\\/UCua4Qvz8Icb6MYqhoq9xLXw\"]},{\"@type\":\"Person\",\"@id\":\"https:\\\/\\\/informelitoral.com.ar\\\/#\\\/schema\\\/person\\\/f05f9f461677119578717524b127d6d5\",\"name\":\"Sebastian\",\"image\":{\"@type\":\"ImageObject\",\"inLanguage\":\"es\",\"@id\":\"https:\\\/\\\/secure.gravatar.com\\\/avatar\\\/b71bf7481d447dfb9583c7f2798e7cc64de6efb9067b74633ed8c31059a3bd82?s=96&d=mm&r=g\",\"url\":\"https:\\\/\\\/secure.gravatar.com\\\/avatar\\\/b71bf7481d447dfb9583c7f2798e7cc64de6efb9067b74633ed8c31059a3bd82?s=96&d=mm&r=g\",\"contentUrl\":\"https:\\\/\\\/secure.gravatar.com\\\/avatar\\\/b71bf7481d447dfb9583c7f2798e7cc64de6efb9067b74633ed8c31059a3bd82?s=96&d=mm&r=g\",\"caption\":\"Sebastian\"},\"url\":\"https:\\\/\\\/informelitoral.com.ar\\\/author\\\/sebastian\\\/\"}]}<\/script>","yoast_head_json":{"title":"Santa Elena fue el epicentro del deporte regional con el Triatl\u00f3n \u201cArenas del R\u00edo\u201d - Informe Litoral","robots":{"index":"index","follow":"follow","max-snippet":"max-snippet:-1","max-image-preview":"max-image-preview:large","max-video-preview":"max-video-preview:-1"},"canonical":"https:\/\/informelitoral.com.ar\/santa-elena-fue-el-epicentro-del-deporte-regional-con-el-triatlon-arenas-del-rio\/","og_locale":"es_ES","og_type":"article","og_title":"Santa Elena fue el epicentro del deporte regional con el Triatl\u00f3n \u201cArenas del R\u00edo\u201d - Informe Litoral","og_description":"La segunda fecha del calendario se disput\u00f3 con \u00e9xito este domingo. La competencia incluy\u00f3 un importante operativo de seguridad en las principales avenidas de la ciudad para proteger a los atletas.","og_url":"https:\/\/informelitoral.com.ar\/santa-elena-fue-el-epicentro-del-deporte-regional-con-el-triatlon-arenas-del-rio\/","og_site_name":"Informe Litoral","article_publisher":"https:\/\/www.facebook.com\/informelitoral\/","article_published_time":"2025-12-17T13:19:59+00:00","article_modified_time":"2025-12-17T13:25:39+00:00","og_image":[{"width":1600,"height":1066,"url":"https:\/\/drive.google.com\/thumbnail?id=1Quzf88wZSCawo5_HKSW9Bwx2VNLVIK8j&sz=w2048","type":"image\/jpeg"}],"author":"Sebastian","twitter_card":"summary_large_image","twitter_creator":"@InformeLitoral","twitter_site":"@InformeLitoral","twitter_misc":{"Escrito por":"Sebastian","Tiempo de lectura":"3 minutos"},"schema":{"@context":"https:\/\/schema.org","@graph":[{"@type":"Article","@id":"https:\/\/informelitoral.com.ar\/santa-elena-fue-el-epicentro-del-deporte-regional-con-el-triatlon-arenas-del-rio\/#article","isPartOf":{"@id":"https:\/\/informelitoral.com.ar\/santa-elena-fue-el-epicentro-del-deporte-regional-con-el-triatlon-arenas-del-rio\/"},"author":{"name":"Sebastian","@id":"https:\/\/informelitoral.com.ar\/#\/schema\/person\/f05f9f461677119578717524b127d6d5"},"headline":"Santa Elena fue el epicentro del deporte regional con el Triatl\u00f3n \u201cArenas del R\u00edo\u201d","datePublished":"2025-12-17T13:19:59+00:00","dateModified":"2025-12-17T13:25:39+00:00","mainEntityOfPage":{"@id":"https:\/\/informelitoral.com.ar\/santa-elena-fue-el-epicentro-del-deporte-regional-con-el-triatlon-arenas-del-rio\/"},"wordCount":303,"commentCount":0,"publisher":{"@id":"https:\/\/informelitoral.com.ar\/#organization"},"image":{"@id":"https:\/\/informelitoral.com.ar\/santa-elena-fue-el-epicentro-del-deporte-regional-con-el-triatlon-arenas-del-rio\/#primaryimage"},"thumbnailUrl":"https:\/\/drive.google.com\/thumbnail?id=1Quzf88wZSCawo5_HKSW9Bwx2VNLVIK8j&sz=w2048","keywords":["Santa Elena","Triatl\u00f3n \u201cArenas del R\u00edo\u201d"],"articleSection":["Entre R\u00edos"],"inLanguage":"es","potentialAction":[{"@type":"CommentAction","name":"Comment","target":["https:\/\/informelitoral.com.ar\/santa-elena-fue-el-epicentro-del-deporte-regional-con-el-triatlon-arenas-del-rio\/#respond"]}]},{"@type":"WebPage","@id":"https:\/\/informelitoral.com.ar\/santa-elena-fue-el-epicentro-del-deporte-regional-con-el-triatlon-arenas-del-rio\/","url":"https:\/\/informelitoral.com.ar\/santa-elena-fue-el-epicentro-del-deporte-regional-con-el-triatlon-arenas-del-rio\/","name":"Santa Elena fue el epicentro del deporte regional con el Triatl\u00f3n \u201cArenas del R\u00edo\u201d - Informe Litoral","isPartOf":{"@id":"https:\/\/informelitoral.com.ar\/#website"},"primaryImageOfPage":{"@id":"https:\/\/informelitoral.com.ar\/santa-elena-fue-el-epicentro-del-deporte-regional-con-el-triatlon-arenas-del-rio\/#primaryimage"},"image":{"@id":"https:\/\/informelitoral.com.ar\/santa-elena-fue-el-epicentro-del-deporte-regional-con-el-triatlon-arenas-del-rio\/#primaryimage"},"thumbnailUrl":"https:\/\/drive.google.com\/thumbnail?id=1Quzf88wZSCawo5_HKSW9Bwx2VNLVIK8j&sz=w2048","datePublished":"2025-12-17T13:19:59+00:00","dateModified":"2025-12-17T13:25:39+00:00","breadcrumb":{"@id":"https:\/\/informelitoral.com.ar\/santa-elena-fue-el-epicentro-del-deporte-regional-con-el-triatlon-arenas-del-rio\/#breadcrumb"},"inLanguage":"es","potentialAction":[{"@type":"ReadAction","target":["https:\/\/informelitoral.com.ar\/santa-elena-fue-el-epicentro-del-deporte-regional-con-el-triatlon-arenas-del-rio\/"]}]},{"@type":"ImageObject","inLanguage":"es","@id":"https:\/\/informelitoral.com.ar\/santa-elena-fue-el-epicentro-del-deporte-regional-con-el-triatlon-arenas-del-rio\/#primaryimage","url":"https:\/\/drive.google.com\/thumbnail?id=1Quzf88wZSCawo5_HKSW9Bwx2VNLVIK8j&sz=w2048","contentUrl":"https:\/\/drive.google.com\/thumbnail?id=1Quzf88wZSCawo5_HKSW9Bwx2VNLVIK8j&sz=w2048","width":1600,"height":1066},{"@type":"BreadcrumbList","@id":"https:\/\/informelitoral.com.ar\/santa-elena-fue-el-epicentro-del-deporte-regional-con-el-triatlon-arenas-del-rio\/#breadcrumb","itemListElement":[{"@type":"ListItem","position":1,"name":"Portada","item":"https:\/\/informelitoral.com.ar\/"},{"@type":"ListItem","position":2,"name":"Santa Elena fue el epicentro del deporte regional con el Triatl\u00f3n \u201cArenas del R\u00edo\u201d"}]},{"@type":"WebSite","@id":"https:\/\/informelitoral.com.ar\/#website","url":"https:\/\/informelitoral.com.ar\/","name":"Informe Litoral","description":"&quot;Nos informamos&quot; ","publisher":{"@id":"https:\/\/informelitoral.com.ar\/#organization"},"potentialAction":[{"@type":"SearchAction","target":{"@type":"EntryPoint","urlTemplate":"https:\/\/informelitoral.com.ar\/?s={search_term_string}"},"query-input":{"@type":"PropertyValueSpecification","valueRequired":true,"valueName":"search_term_string"}}],"inLanguage":"es"},{"@type":"Organization","@id":"https:\/\/informelitoral.com.ar\/#organization","name":"Informe Litoral","url":"https:\/\/informelitoral.com.ar\/","logo":{"@type":"ImageObject","inLanguage":"es","@id":"https:\/\/informelitoral.com.ar\/#\/schema\/logo\/image\/","url":"https:\/\/informelitoral.com.ar\/%77%70%2d%63%6f%6e%74%65%6e%74\/uploads\/2021\/01\/circulo.png","contentUrl":"https:\/\/informelitoral.com.ar\/%77%70%2d%63%6f%6e%74%65%6e%74\/uploads\/2021\/01\/circulo.png","width":723,"height":731,"caption":"Informe Litoral"},"image":{"@id":"https:\/\/informelitoral.com.ar\/#\/schema\/logo\/image\/"},"sameAs":["https:\/\/www.facebook.com\/informelitoral\/","https:\/\/x.com\/InformeLitoral","https:\/\/www.instagram.com\/informelitoral\/","https:\/\/www.youtube.com\/channel\/UCua4Qvz8Icb6MYqhoq9xLXw"]},{"@type":"Person","@id":"https:\/\/informelitoral.com.ar\/#\/schema\/person\/f05f9f461677119578717524b127d6d5","name":"Sebastian","image":{"@type":"ImageObject","inLanguage":"es","@id":"https:\/\/secure.gravatar.com\/avatar\/b71bf7481d447dfb9583c7f2798e7cc64de6efb9067b74633ed8c31059a3bd82?s=96&d=mm&r=g","url":"https:\/\/secure.gravatar.com\/avatar\/b71bf7481d447dfb9583c7f2798e7cc64de6efb9067b74633ed8c31059a3bd82?s=96&d=mm&r=g","contentUrl":"https:\/\/secure.gravatar.com\/avatar\/b71bf7481d447dfb9583c7f2798e7cc64de6efb9067b74633ed8c31059a3bd82?s=96&d=mm&r=g","caption":"Sebastian"},"url":"https:\/\/informelitoral.com.ar\/author\/sebastian\/"}]}},"_links":{"self":[{"href":"https:\/\/informelitoral.com.ar\/%77%70%2d%6a%73%6f%6e\/wp\/v2\/posts\/243954","targetHints":{"allow":["GET"]}}],"collection":[{"href":"https:\/\/informelitoral.com.ar\/%77%70%2d%6a%73%6f%6e\/wp\/v2\/posts"}],"about":[{"href":"https:\/\/informelitoral.com.ar\/%77%70%2d%6a%73%6f%6e\/wp\/v2\/types\/post"}],"author":[{"embeddable":true,"href":"https:\/\/informelitoral.com.ar\/%77%70%2d%6a%73%6f%6e\/wp\/v2\/users\/8"}],"replies":[{"embeddable":true,"href":"https:\/\/informelitoral.com.ar\/%77%70%2d%6a%73%6f%6e\/wp\/v2\/comments?post=243954"}],"version-history":[{"count":4,"href":"https:\/\/informelitoral.com.ar\/%77%70%2d%6a%73%6f%6e\/wp\/v2\/posts\/243954\/revisions"}],"predecessor-version":[{"id":243959,"href":"https:\/\/informelitoral.com.ar\/%77%70%2d%6a%73%6f%6e\/wp\/v2\/posts\/243954\/revisions\/243959"}],"wp:featuredmedia":[{"embeddable":true,"href":"https:\/\/informelitoral.com.ar\/%77%70%2d%6a%73%6f%6e\/wp\/v2\/media\/243956"}],"wp:attachment":[{"href":"https:\/\/informelitoral.com.ar\/%77%70%2d%6a%73%6f%6e\/wp\/v2\/media?parent=243954"}],"wp:term":[{"taxonomy":"category","embeddable":true,"href":"https:\/\/informelitoral.com.ar\/%77%70%2d%6a%73%6f%6e\/wp\/v2\/categories?post=243954"},{"taxonomy":"post_tag","embeddable":true,"href":"https:\/\/informelitoral.com.ar\/%77%70%2d%6a%73%6f%6e\/wp\/v2\/tags?post=243954"}],"curies":[{"name":"wp","href":"https:\/\/api.w.org\/{rel}","templated":true}]}}