{"id":243945,"date":"2025-12-17T09:54:44","date_gmt":"2025-12-17T12:54:44","guid":{"rendered":"https:\/\/informelitoral.com.ar\/?p=243945"},"modified":"2025-12-18T06:38:35","modified_gmt":"2025-12-18T09:38:35","slug":"video-el-impactante-momento-en-que-una-avioneta-se-estrella-en-mexico-y-deja-diez-muertos","status":"publish","type":"post","link":"https:\/\/informelitoral.com.ar\/video-el-impactante-momento-en-que-una-avioneta-se-estrella-en-mexico-y-deja-diez-muertos\/","title":{"rendered":"Video: el impactante momento en que una avioneta se estrell\u00f3 en M\u00e9xico y dej\u00f3 diez muertos"},"content":{"rendered":"<p data-path-to-node=\"4\">Una tragedia a\u00e9rea conmociona al Estado de M\u00e9xico. Un jet privado de tama\u00f1o mediano, que hab\u00eda partido desde Acapulco con destino a Toluca, se estrell\u00f3 este mi\u00e9rcoles en una zona industrial de San Mateo Atenco. El accidente, que fue captado por c\u00e1maras de seguridad, provoc\u00f3 la muerte de las diez personas que viajaban a bordo.<\/p>\n<p data-path-to-node=\"6\">De acuerdo a los informes de Protecci\u00f3n Civil, la aeronave experiment\u00f3 fallas t\u00e9cnicas por causas que a\u00fan se investigan. En un intento desesperado por salvar a los ocupantes, el piloto busc\u00f3 aterrizar en una cancha de f\u00fatbol cercana. Sin embargo, no logr\u00f3 completar la maniobra e impact\u00f3 contra el techo de una empresa de transportes pesados.<\/p>\n<p data-path-to-node=\"9\">El choque gener\u00f3 una fuerte explosi\u00f3n y un incendio de grandes proporciones, agravado por la presencia de tanques de gas y combustible en el dep\u00f3sito afectado. Ante el peligro inminente de una tragedia mayor, las autoridades locales evacuaron a unas 130 personas de las viviendas y comercios linderos.<\/p>\n<h2 data-path-to-node=\"10\"><strong>Las v\u00edctimas<\/strong><\/h2>\n<p data-path-to-node=\"11\">El saldo fatal es de diez personas: el piloto, el copiloto y ocho pasajeros. Entre los fallecidos se encuentran tres menores de edad, lo que ha generado una profunda consternaci\u00f3n en la comunidad.<\/p>\n<p data-path-to-node=\"12\">La Fiscal\u00eda General de la Rep\u00fablica ya tom\u00f3 el control de la escena para realizar los peritajes correspondientes y determinar qu\u00e9 provoc\u00f3 el desperfecto t\u00e9cnico en una aeronave que, hasta minutos antes del impacto, reportaba un vuelo con normalidad.<\/p>\n<blockquote class=\"twitter-tweet\">\n<p dir=\"ltr\" lang=\"es\">Internacionales \ud83c\uddf2\ud83c\uddfd, M\u00e9xico, una avioneta con 10 personas a bordo se estrell\u00f3 contra un edificio en Toluca al oeste de la Ciudad de M\u00e9xico.<\/p>\n<p>Todos sus ocupantes perdieron la vida. <a href=\"https:\/\/t.co\/Bj8un6xc34\">pic.twitter.com\/Bj8un6xc34<\/a><\/p>\n<p>\u2014 We News (@wenewsec) <a href=\"https:\/\/twitter.com\/wenewsec\/status\/2000670244264649180?ref_src=twsrc%5Etfw\">December 15, 2025<\/a><\/p><\/blockquote>\n<p><script async src=\"https:\/\/platform.twitter.com\/widgets.js\" charset=\"utf-8\"><\/script><\/p>\n","protected":false},"excerpt":{"rendered":"<p>El jet privado intent\u00f3 aterrizar de emergencia en una cancha de f\u00fatbol en San Mateo Atenco, pero choc\u00f3 contra una estructura industrial. Entre los fallecidos hay tres menores.<\/p>\n","protected":false},"author":8,"featured_media":243948,"comment_status":"open","ping_status":"open","sticky":false,"template":"","format":"standard","meta":{"fifu_image_url":"","fifu_image_alt":"","footnotes":""},"categories":[8],"tags":[4149,608],"class_list":{"0":"post-243945","1":"post","2":"type-post","3":"status-publish","4":"format-standard","5":"has-post-thumbnail","7":"category-internacionales","8":"tag-accidente-aereo","9":"tag-mexico"},"yoast_head":"<title>Video: el impactante momento en que una avioneta se estrell\u00f3 en M\u00e9xico y dej\u00f3 diez muertos - Informe Litoral<\/title>\n<meta name=\"robots\" content=\"index, follow, max-snippet:-1, max-image-preview:large, max-video-preview:-1\" \/>\n<link rel=\"canonical\" href=\"https:\/\/informelitoral.com.ar\/video-el-impactante-momento-en-que-una-avioneta-se-estrella-en-mexico-y-deja-diez-muertos\/\" \/>\n<meta property=\"og:locale\" content=\"es_ES\" \/>\n<meta property=\"og:type\" content=\"article\" \/>\n<meta property=\"og:title\" content=\"Video: el impactante momento en que una avioneta se estrell\u00f3 en M\u00e9xico y dej\u00f3 diez muertos - Informe Litoral\" \/>\n<meta property=\"og:description\" content=\"El jet privado intent\u00f3 aterrizar de emergencia en una cancha de f\u00fatbol en San Mateo Atenco, pero choc\u00f3 contra una estructura industrial. Entre los fallecidos hay tres menores.\" \/>\n<meta property=\"og:url\" content=\"https:\/\/informelitoral.com.ar\/video-el-impactante-momento-en-que-una-avioneta-se-estrella-en-mexico-y-deja-diez-muertos\/\" \/>\n<meta property=\"og:site_name\" content=\"Informe Litoral\" \/>\n<meta property=\"article:publisher\" content=\"https:\/\/www.facebook.com\/informelitoral\/\" \/>\n<meta property=\"article:published_time\" content=\"2025-12-17T12:54:44+00:00\" \/>\n<meta property=\"article:modified_time\" content=\"2025-12-18T09:38:35+00:00\" \/>\n<meta property=\"og:image\" content=\"https:\/\/drive.google.com\/thumbnail?id=1E5k5muACDHaFgJt695JIvWqZClwTcXfg&sz=w2048\" \/>\n\t<meta property=\"og:image:width\" content=\"1136\" \/>\n\t<meta property=\"og:image:height\" content=\"503\" \/>\n\t<meta property=\"og:image:type\" content=\"image\/png\" \/>\n<meta name=\"author\" content=\"Sebastian\" \/>\n<meta name=\"twitter:card\" content=\"summary_large_image\" \/>\n<meta name=\"twitter:creator\" content=\"@InformeLitoral\" \/>\n<meta name=\"twitter:site\" content=\"@InformeLitoral\" \/>\n<meta name=\"twitter:label1\" content=\"Escrito por\" \/>\n\t<meta name=\"twitter:data1\" content=\"Sebastian\" \/>\n\t<meta name=\"twitter:label2\" content=\"Tiempo de lectura\" \/>\n\t<meta name=\"twitter:data2\" content=\"2 minutos\" \/>\n<script type=\"application\/ld+json\" class=\"yoast-schema-graph\">{\"@context\":\"https:\\\/\\\/schema.org\",\"@graph\":[{\"@type\":\"Article\",\"@id\":\"https:\\\/\\\/informelitoral.com.ar\\\/video-el-impactante-momento-en-que-una-avioneta-se-estrella-en-mexico-y-deja-diez-muertos\\\/#article\",\"isPartOf\":{\"@id\":\"https:\\\/\\\/informelitoral.com.ar\\\/video-el-impactante-momento-en-que-una-avioneta-se-estrella-en-mexico-y-deja-diez-muertos\\\/\"},\"author\":{\"name\":\"Sebastian\",\"@id\":\"https:\\\/\\\/informelitoral.com.ar\\\/#\\\/schema\\\/person\\\/f05f9f461677119578717524b127d6d5\"},\"headline\":\"Video: el impactante momento en que una avioneta se estrell\u00f3 en M\u00e9xico y dej\u00f3 diez muertos\",\"datePublished\":\"2025-12-17T12:54:44+00:00\",\"dateModified\":\"2025-12-18T09:38:35+00:00\",\"mainEntityOfPage\":{\"@id\":\"https:\\\/\\\/informelitoral.com.ar\\\/video-el-impactante-momento-en-que-una-avioneta-se-estrella-en-mexico-y-deja-diez-muertos\\\/\"},\"wordCount\":306,\"commentCount\":0,\"publisher\":{\"@id\":\"https:\\\/\\\/informelitoral.com.ar\\\/#organization\"},\"image\":{\"@id\":\"https:\\\/\\\/informelitoral.com.ar\\\/video-el-impactante-momento-en-que-una-avioneta-se-estrella-en-mexico-y-deja-diez-muertos\\\/#primaryimage\"},\"thumbnailUrl\":\"https:\\\/\\\/drive.google.com\\\/thumbnail?id=1E5k5muACDHaFgJt695JIvWqZClwTcXfg&sz=w2048\",\"keywords\":[\"Accidente a\u00e9reo\",\"M\u00e9xico\"],\"articleSection\":[\"Internacionales\"],\"inLanguage\":\"es\",\"potentialAction\":[{\"@type\":\"CommentAction\",\"name\":\"Comment\",\"target\":[\"https:\\\/\\\/informelitoral.com.ar\\\/video-el-impactante-momento-en-que-una-avioneta-se-estrella-en-mexico-y-deja-diez-muertos\\\/#respond\"]}]},{\"@type\":\"WebPage\",\"@id\":\"https:\\\/\\\/informelitoral.com.ar\\\/video-el-impactante-momento-en-que-una-avioneta-se-estrella-en-mexico-y-deja-diez-muertos\\\/\",\"url\":\"https:\\\/\\\/informelitoral.com.ar\\\/video-el-impactante-momento-en-que-una-avioneta-se-estrella-en-mexico-y-deja-diez-muertos\\\/\",\"name\":\"Video: el impactante momento en que una avioneta se estrell\u00f3 en M\u00e9xico y dej\u00f3 diez muertos - Informe Litoral\",\"isPartOf\":{\"@id\":\"https:\\\/\\\/informelitoral.com.ar\\\/#website\"},\"primaryImageOfPage\":{\"@id\":\"https:\\\/\\\/informelitoral.com.ar\\\/video-el-impactante-momento-en-que-una-avioneta-se-estrella-en-mexico-y-deja-diez-muertos\\\/#primaryimage\"},\"image\":{\"@id\":\"https:\\\/\\\/informelitoral.com.ar\\\/video-el-impactante-momento-en-que-una-avioneta-se-estrella-en-mexico-y-deja-diez-muertos\\\/#primaryimage\"},\"thumbnailUrl\":\"https:\\\/\\\/drive.google.com\\\/thumbnail?id=1E5k5muACDHaFgJt695JIvWqZClwTcXfg&sz=w2048\",\"datePublished\":\"2025-12-17T12:54:44+00:00\",\"dateModified\":\"2025-12-18T09:38:35+00:00\",\"breadcrumb\":{\"@id\":\"https:\\\/\\\/informelitoral.com.ar\\\/video-el-impactante-momento-en-que-una-avioneta-se-estrella-en-mexico-y-deja-diez-muertos\\\/#breadcrumb\"},\"inLanguage\":\"es\",\"potentialAction\":[{\"@type\":\"ReadAction\",\"target\":[\"https:\\\/\\\/informelitoral.com.ar\\\/video-el-impactante-momento-en-que-una-avioneta-se-estrella-en-mexico-y-deja-diez-muertos\\\/\"]}]},{\"@type\":\"ImageObject\",\"inLanguage\":\"es\",\"@id\":\"https:\\\/\\\/informelitoral.com.ar\\\/video-el-impactante-momento-en-que-una-avioneta-se-estrella-en-mexico-y-deja-diez-muertos\\\/#primaryimage\",\"url\":\"https:\\\/\\\/drive.google.com\\\/thumbnail?id=1E5k5muACDHaFgJt695JIvWqZClwTcXfg&sz=w2048\",\"contentUrl\":\"https:\\\/\\\/drive.google.com\\\/thumbnail?id=1E5k5muACDHaFgJt695JIvWqZClwTcXfg&sz=w2048\",\"width\":1136,\"height\":503},{\"@type\":\"BreadcrumbList\",\"@id\":\"https:\\\/\\\/informelitoral.com.ar\\\/video-el-impactante-momento-en-que-una-avioneta-se-estrella-en-mexico-y-deja-diez-muertos\\\/#breadcrumb\",\"itemListElement\":[{\"@type\":\"ListItem\",\"position\":1,\"name\":\"Portada\",\"item\":\"https:\\\/\\\/informelitoral.com.ar\\\/\"},{\"@type\":\"ListItem\",\"position\":2,\"name\":\"Video: el impactante momento en que una avioneta se estrell\u00f3 en M\u00e9xico y dej\u00f3 diez muertos\"}]},{\"@type\":\"WebSite\",\"@id\":\"https:\\\/\\\/informelitoral.com.ar\\\/#website\",\"url\":\"https:\\\/\\\/informelitoral.com.ar\\\/\",\"name\":\"Informe Litoral\",\"description\":\"&quot;Nos informamos&quot; \",\"publisher\":{\"@id\":\"https:\\\/\\\/informelitoral.com.ar\\\/#organization\"},\"potentialAction\":[{\"@type\":\"SearchAction\",\"target\":{\"@type\":\"EntryPoint\",\"urlTemplate\":\"https:\\\/\\\/informelitoral.com.ar\\\/?s={search_term_string}\"},\"query-input\":{\"@type\":\"PropertyValueSpecification\",\"valueRequired\":true,\"valueName\":\"search_term_string\"}}],\"inLanguage\":\"es\"},{\"@type\":\"Organization\",\"@id\":\"https:\\\/\\\/informelitoral.com.ar\\\/#organization\",\"name\":\"Informe Litoral\",\"url\":\"https:\\\/\\\/informelitoral.com.ar\\\/\",\"logo\":{\"@type\":\"ImageObject\",\"inLanguage\":\"es\",\"@id\":\"https:\\\/\\\/informelitoral.com.ar\\\/#\\\/schema\\\/logo\\\/image\\\/\",\"url\":\"https:\\\/\\\/informelitoral.com.ar\\\/%77%70%2d%63%6f%6e%74%65%6e%74\\\/uploads\\\/2021\\\/01\\\/circulo.png\",\"contentUrl\":\"https:\\\/\\\/informelitoral.com.ar\\\/%77%70%2d%63%6f%6e%74%65%6e%74\\\/uploads\\\/2021\\\/01\\\/circulo.png\",\"width\":723,\"height\":731,\"caption\":\"Informe Litoral\"},\"image\":{\"@id\":\"https:\\\/\\\/informelitoral.com.ar\\\/#\\\/schema\\\/logo\\\/image\\\/\"},\"sameAs\":[\"https:\\\/\\\/www.facebook.com\\\/informelitoral\\\/\",\"https:\\\/\\\/x.com\\\/InformeLitoral\",\"https:\\\/\\\/www.instagram.com\\\/informelitoral\\\/\",\"https:\\\/\\\/www.youtube.com\\\/channel\\\/UCua4Qvz8Icb6MYqhoq9xLXw\"]},{\"@type\":\"Person\",\"@id\":\"https:\\\/\\\/informelitoral.com.ar\\\/#\\\/schema\\\/person\\\/f05f9f461677119578717524b127d6d5\",\"name\":\"Sebastian\",\"image\":{\"@type\":\"ImageObject\",\"inLanguage\":\"es\",\"@id\":\"https:\\\/\\\/secure.gravatar.com\\\/avatar\\\/b71bf7481d447dfb9583c7f2798e7cc64de6efb9067b74633ed8c31059a3bd82?s=96&d=mm&r=g\",\"url\":\"https:\\\/\\\/secure.gravatar.com\\\/avatar\\\/b71bf7481d447dfb9583c7f2798e7cc64de6efb9067b74633ed8c31059a3bd82?s=96&d=mm&r=g\",\"contentUrl\":\"https:\\\/\\\/secure.gravatar.com\\\/avatar\\\/b71bf7481d447dfb9583c7f2798e7cc64de6efb9067b74633ed8c31059a3bd82?s=96&d=mm&r=g\",\"caption\":\"Sebastian\"},\"url\":\"https:\\\/\\\/informelitoral.com.ar\\\/author\\\/sebastian\\\/\"}]}<\/script>","yoast_head_json":{"title":"Video: el impactante momento en que una avioneta se estrell\u00f3 en M\u00e9xico y dej\u00f3 diez muertos - Informe Litoral","robots":{"index":"index","follow":"follow","max-snippet":"max-snippet:-1","max-image-preview":"max-image-preview:large","max-video-preview":"max-video-preview:-1"},"canonical":"https:\/\/informelitoral.com.ar\/video-el-impactante-momento-en-que-una-avioneta-se-estrella-en-mexico-y-deja-diez-muertos\/","og_locale":"es_ES","og_type":"article","og_title":"Video: el impactante momento en que una avioneta se estrell\u00f3 en M\u00e9xico y dej\u00f3 diez muertos - Informe Litoral","og_description":"El jet privado intent\u00f3 aterrizar de emergencia en una cancha de f\u00fatbol en San Mateo Atenco, pero choc\u00f3 contra una estructura industrial. Entre los fallecidos hay tres menores.","og_url":"https:\/\/informelitoral.com.ar\/video-el-impactante-momento-en-que-una-avioneta-se-estrella-en-mexico-y-deja-diez-muertos\/","og_site_name":"Informe Litoral","article_publisher":"https:\/\/www.facebook.com\/informelitoral\/","article_published_time":"2025-12-17T12:54:44+00:00","article_modified_time":"2025-12-18T09:38:35+00:00","og_image":[{"width":1136,"height":503,"url":"https:\/\/drive.google.com\/thumbnail?id=1E5k5muACDHaFgJt695JIvWqZClwTcXfg&sz=w2048","type":"image\/png"}],"author":"Sebastian","twitter_card":"summary_large_image","twitter_creator":"@InformeLitoral","twitter_site":"@InformeLitoral","twitter_misc":{"Escrito por":"Sebastian","Tiempo de lectura":"2 minutos"},"schema":{"@context":"https:\/\/schema.org","@graph":[{"@type":"Article","@id":"https:\/\/informelitoral.com.ar\/video-el-impactante-momento-en-que-una-avioneta-se-estrella-en-mexico-y-deja-diez-muertos\/#article","isPartOf":{"@id":"https:\/\/informelitoral.com.ar\/video-el-impactante-momento-en-que-una-avioneta-se-estrella-en-mexico-y-deja-diez-muertos\/"},"author":{"name":"Sebastian","@id":"https:\/\/informelitoral.com.ar\/#\/schema\/person\/f05f9f461677119578717524b127d6d5"},"headline":"Video: el impactante momento en que una avioneta se estrell\u00f3 en M\u00e9xico y dej\u00f3 diez muertos","datePublished":"2025-12-17T12:54:44+00:00","dateModified":"2025-12-18T09:38:35+00:00","mainEntityOfPage":{"@id":"https:\/\/informelitoral.com.ar\/video-el-impactante-momento-en-que-una-avioneta-se-estrella-en-mexico-y-deja-diez-muertos\/"},"wordCount":306,"commentCount":0,"publisher":{"@id":"https:\/\/informelitoral.com.ar\/#organization"},"image":{"@id":"https:\/\/informelitoral.com.ar\/video-el-impactante-momento-en-que-una-avioneta-se-estrella-en-mexico-y-deja-diez-muertos\/#primaryimage"},"thumbnailUrl":"https:\/\/drive.google.com\/thumbnail?id=1E5k5muACDHaFgJt695JIvWqZClwTcXfg&sz=w2048","keywords":["Accidente a\u00e9reo","M\u00e9xico"],"articleSection":["Internacionales"],"inLanguage":"es","potentialAction":[{"@type":"CommentAction","name":"Comment","target":["https:\/\/informelitoral.com.ar\/video-el-impactante-momento-en-que-una-avioneta-se-estrella-en-mexico-y-deja-diez-muertos\/#respond"]}]},{"@type":"WebPage","@id":"https:\/\/informelitoral.com.ar\/video-el-impactante-momento-en-que-una-avioneta-se-estrella-en-mexico-y-deja-diez-muertos\/","url":"https:\/\/informelitoral.com.ar\/video-el-impactante-momento-en-que-una-avioneta-se-estrella-en-mexico-y-deja-diez-muertos\/","name":"Video: el impactante momento en que una avioneta se estrell\u00f3 en M\u00e9xico y dej\u00f3 diez muertos - Informe Litoral","isPartOf":{"@id":"https:\/\/informelitoral.com.ar\/#website"},"primaryImageOfPage":{"@id":"https:\/\/informelitoral.com.ar\/video-el-impactante-momento-en-que-una-avioneta-se-estrella-en-mexico-y-deja-diez-muertos\/#primaryimage"},"image":{"@id":"https:\/\/informelitoral.com.ar\/video-el-impactante-momento-en-que-una-avioneta-se-estrella-en-mexico-y-deja-diez-muertos\/#primaryimage"},"thumbnailUrl":"https:\/\/drive.google.com\/thumbnail?id=1E5k5muACDHaFgJt695JIvWqZClwTcXfg&sz=w2048","datePublished":"2025-12-17T12:54:44+00:00","dateModified":"2025-12-18T09:38:35+00:00","breadcrumb":{"@id":"https:\/\/informelitoral.com.ar\/video-el-impactante-momento-en-que-una-avioneta-se-estrella-en-mexico-y-deja-diez-muertos\/#breadcrumb"},"inLanguage":"es","potentialAction":[{"@type":"ReadAction","target":["https:\/\/informelitoral.com.ar\/video-el-impactante-momento-en-que-una-avioneta-se-estrella-en-mexico-y-deja-diez-muertos\/"]}]},{"@type":"ImageObject","inLanguage":"es","@id":"https:\/\/informelitoral.com.ar\/video-el-impactante-momento-en-que-una-avioneta-se-estrella-en-mexico-y-deja-diez-muertos\/#primaryimage","url":"https:\/\/drive.google.com\/thumbnail?id=1E5k5muACDHaFgJt695JIvWqZClwTcXfg&sz=w2048","contentUrl":"https:\/\/drive.google.com\/thumbnail?id=1E5k5muACDHaFgJt695JIvWqZClwTcXfg&sz=w2048","width":1136,"height":503},{"@type":"BreadcrumbList","@id":"https:\/\/informelitoral.com.ar\/video-el-impactante-momento-en-que-una-avioneta-se-estrella-en-mexico-y-deja-diez-muertos\/#breadcrumb","itemListElement":[{"@type":"ListItem","position":1,"name":"Portada","item":"https:\/\/informelitoral.com.ar\/"},{"@type":"ListItem","position":2,"name":"Video: el impactante momento en que una avioneta se estrell\u00f3 en M\u00e9xico y dej\u00f3 diez muertos"}]},{"@type":"WebSite","@id":"https:\/\/informelitoral.com.ar\/#website","url":"https:\/\/informelitoral.com.ar\/","name":"Informe Litoral","description":"&quot;Nos informamos&quot; ","publisher":{"@id":"https:\/\/informelitoral.com.ar\/#organization"},"potentialAction":[{"@type":"SearchAction","target":{"@type":"EntryPoint","urlTemplate":"https:\/\/informelitoral.com.ar\/?s={search_term_string}"},"query-input":{"@type":"PropertyValueSpecification","valueRequired":true,"valueName":"search_term_string"}}],"inLanguage":"es"},{"@type":"Organization","@id":"https:\/\/informelitoral.com.ar\/#organization","name":"Informe Litoral","url":"https:\/\/informelitoral.com.ar\/","logo":{"@type":"ImageObject","inLanguage":"es","@id":"https:\/\/informelitoral.com.ar\/#\/schema\/logo\/image\/","url":"https:\/\/informelitoral.com.ar\/%77%70%2d%63%6f%6e%74%65%6e%74\/uploads\/2021\/01\/circulo.png","contentUrl":"https:\/\/informelitoral.com.ar\/%77%70%2d%63%6f%6e%74%65%6e%74\/uploads\/2021\/01\/circulo.png","width":723,"height":731,"caption":"Informe Litoral"},"image":{"@id":"https:\/\/informelitoral.com.ar\/#\/schema\/logo\/image\/"},"sameAs":["https:\/\/www.facebook.com\/informelitoral\/","https:\/\/x.com\/InformeLitoral","https:\/\/www.instagram.com\/informelitoral\/","https:\/\/www.youtube.com\/channel\/UCua4Qvz8Icb6MYqhoq9xLXw"]},{"@type":"Person","@id":"https:\/\/informelitoral.com.ar\/#\/schema\/person\/f05f9f461677119578717524b127d6d5","name":"Sebastian","image":{"@type":"ImageObject","inLanguage":"es","@id":"https:\/\/secure.gravatar.com\/avatar\/b71bf7481d447dfb9583c7f2798e7cc64de6efb9067b74633ed8c31059a3bd82?s=96&d=mm&r=g","url":"https:\/\/secure.gravatar.com\/avatar\/b71bf7481d447dfb9583c7f2798e7cc64de6efb9067b74633ed8c31059a3bd82?s=96&d=mm&r=g","contentUrl":"https:\/\/secure.gravatar.com\/avatar\/b71bf7481d447dfb9583c7f2798e7cc64de6efb9067b74633ed8c31059a3bd82?s=96&d=mm&r=g","caption":"Sebastian"},"url":"https:\/\/informelitoral.com.ar\/author\/sebastian\/"}]}},"_links":{"self":[{"href":"https:\/\/informelitoral.com.ar\/%77%70%2d%6a%73%6f%6e\/wp\/v2\/posts\/243945","targetHints":{"allow":["GET"]}}],"collection":[{"href":"https:\/\/informelitoral.com.ar\/%77%70%2d%6a%73%6f%6e\/wp\/v2\/posts"}],"about":[{"href":"https:\/\/informelitoral.com.ar\/%77%70%2d%6a%73%6f%6e\/wp\/v2\/types\/post"}],"author":[{"embeddable":true,"href":"https:\/\/informelitoral.com.ar\/%77%70%2d%6a%73%6f%6e\/wp\/v2\/users\/8"}],"replies":[{"embeddable":true,"href":"https:\/\/informelitoral.com.ar\/%77%70%2d%6a%73%6f%6e\/wp\/v2\/comments?post=243945"}],"version-history":[{"count":3,"href":"https:\/\/informelitoral.com.ar\/%77%70%2d%6a%73%6f%6e\/wp\/v2\/posts\/243945\/revisions"}],"predecessor-version":[{"id":243950,"href":"https:\/\/informelitoral.com.ar\/%77%70%2d%6a%73%6f%6e\/wp\/v2\/posts\/243945\/revisions\/243950"}],"wp:featuredmedia":[{"embeddable":true,"href":"https:\/\/informelitoral.com.ar\/%77%70%2d%6a%73%6f%6e\/wp\/v2\/media\/243948"}],"wp:attachment":[{"href":"https:\/\/informelitoral.com.ar\/%77%70%2d%6a%73%6f%6e\/wp\/v2\/media?parent=243945"}],"wp:term":[{"taxonomy":"category","embeddable":true,"href":"https:\/\/informelitoral.com.ar\/%77%70%2d%6a%73%6f%6e\/wp\/v2\/categories?post=243945"},{"taxonomy":"post_tag","embeddable":true,"href":"https:\/\/informelitoral.com.ar\/%77%70%2d%6a%73%6f%6e\/wp\/v2\/tags?post=243945"}],"curies":[{"name":"wp","href":"https:\/\/api.w.org\/{rel}","templated":true}]}}