{"id":243892,"date":"2025-12-17T09:11:24","date_gmt":"2025-12-17T12:11:24","guid":{"rendered":"https:\/\/informelitoral.com.ar\/?p=243892"},"modified":"2025-12-17T09:14:36","modified_gmt":"2025-12-17T12:14:36","slug":"siniestro-vial-en-strobel-una-falla-mecanica-provoco-el-vuelco-de-una-camioneta","status":"publish","type":"post","link":"https:\/\/informelitoral.com.ar\/siniestro-vial-en-strobel-una-falla-mecanica-provoco-el-vuelco-de-una-camioneta\/","title":{"rendered":"Siniestro vial en Strobel: una falla mec\u00e1nica provoc\u00f3 el vuelco de una camioneta"},"content":{"rendered":"<p data-path-to-node=\"4\">En la tarde de este martes, un accidente de tr\u00e1nsito alter\u00f3 la calma de los vecinos de la Avenida San Mart\u00edn. Una camioneta <b>Chevrolet C-10<\/b>, en la que se trasladaba un hombre junto a su hija menor de edad, protagoniz\u00f3 un vuelco tras sufrir un desperfecto t\u00e9cnico mientras circulaba entre las calles P\u00fablicas 2 y 3.<\/p>\n<p data-path-to-node=\"6\">Personal policial de la <b>Comisar\u00eda Strobel<\/b>, que realizaba operativos de prevenci\u00f3n p\u00fablica en las inmediaciones, arrib\u00f3 r\u00e1pidamente al lugar del siniestro para asistir a los damnificados. Ante la magnitud del impacto, se solicit\u00f3 el traslado de ambos ocupantes al hospital local para una evaluaci\u00f3n m\u00e9dica preventiva.<\/p>\n<p data-path-to-node=\"7\">Tras los estudios de rigor, los profesionales de salud confirmaron que, afortunadamente, <b>no presentaban lesiones de consideraci\u00f3n<\/b>, recibiendo el alta poco despu\u00e9s.<\/p>\n<p data-path-to-node=\"9\">De acuerdo con los relatos obtenidos en el lugar del hecho, el veh\u00edculo sufri\u00f3 una <b>falla mec\u00e1nica en el sistema de suspensi\u00f3n<\/b>. Este desperfecto provoc\u00f3 que el conductor perdiera el control del rodado, derivando en el vuelco y el posterior choque contra la cerca perimetral de una vivienda adyacente.<\/p>\n<p data-path-to-node=\"11\">Adem\u00e1s del personal policial, en el sitio trabaj\u00f3 una dotaci\u00f3n del <b>Cuartel de Bomberos Voluntarios de Diamante<\/b>, quienes realizaron las maniobras necesarias para estabilizar y retirar el rodado de la zona afectada, permitiendo as\u00ed normalizar el tr\u00e1nsito y asegurar la propiedad da\u00f1ada.(<em>Informe Litoral<\/em>)<\/p>\n","protected":false},"excerpt":{"rendered":"<p>El accidente ocurri\u00f3 el martes por la tarde en la Av. San Mart\u00edn. Los ocupantes, un hombre y su hija menor de edad, resultaron ilesos tras el fuerte impacto contra el cerco de una vivienda.<\/p>\n","protected":false},"author":8,"featured_media":243893,"comment_status":"open","ping_status":"open","sticky":false,"template":"","format":"standard","meta":{"fifu_image_url":"","fifu_image_alt":"","footnotes":""},"categories":[14],"tags":[304,1437],"class_list":{"0":"post-243892","1":"post","2":"type-post","3":"status-publish","4":"format-standard","5":"has-post-thumbnail","7":"category-policiales","8":"tag-accidente-vial","9":"tag-strobel"},"yoast_head":"<title>Siniestro vial en Strobel: una falla mec\u00e1nica provoc\u00f3 el vuelco de una camioneta - Informe Litoral<\/title>\n<meta name=\"robots\" content=\"index, follow, max-snippet:-1, max-image-preview:large, max-video-preview:-1\" \/>\n<link rel=\"canonical\" href=\"https:\/\/informelitoral.com.ar\/siniestro-vial-en-strobel-una-falla-mecanica-provoco-el-vuelco-de-una-camioneta\/\" \/>\n<meta property=\"og:locale\" content=\"es_ES\" \/>\n<meta property=\"og:type\" content=\"article\" \/>\n<meta property=\"og:title\" content=\"Siniestro vial en Strobel: una falla mec\u00e1nica provoc\u00f3 el vuelco de una camioneta - Informe Litoral\" \/>\n<meta property=\"og:description\" content=\"El accidente ocurri\u00f3 el martes por la tarde en la Av. San Mart\u00edn. Los ocupantes, un hombre y su hija menor de edad, resultaron ilesos tras el fuerte impacto contra el cerco de una vivienda.\" \/>\n<meta property=\"og:url\" content=\"https:\/\/informelitoral.com.ar\/siniestro-vial-en-strobel-una-falla-mecanica-provoco-el-vuelco-de-una-camioneta\/\" \/>\n<meta property=\"og:site_name\" content=\"Informe Litoral\" \/>\n<meta property=\"article:publisher\" content=\"https:\/\/www.facebook.com\/informelitoral\/\" \/>\n<meta property=\"article:published_time\" content=\"2025-12-17T12:11:24+00:00\" \/>\n<meta property=\"article:modified_time\" content=\"2025-12-17T12:14:36+00:00\" \/>\n<meta property=\"og:image\" content=\"https:\/\/drive.google.com\/thumbnail?id=1htV5tOQtgTZ5ikzU1m6csuvZqWYf0-Zy&sz=w2048\" \/>\n\t<meta property=\"og:image:width\" content=\"679\" \/>\n\t<meta property=\"og:image:height\" content=\"623\" \/>\n\t<meta property=\"og:image:type\" content=\"image\/jpeg\" \/>\n<meta name=\"author\" content=\"Sebastian\" \/>\n<meta name=\"twitter:card\" content=\"summary_large_image\" \/>\n<meta name=\"twitter:creator\" content=\"@InformeLitoral\" \/>\n<meta name=\"twitter:site\" content=\"@InformeLitoral\" \/>\n<meta name=\"twitter:label1\" content=\"Escrito por\" \/>\n\t<meta name=\"twitter:data1\" content=\"Sebastian\" \/>\n\t<meta name=\"twitter:label2\" content=\"Tiempo de lectura\" \/>\n\t<meta name=\"twitter:data2\" content=\"2 minutos\" \/>\n<script type=\"application\/ld+json\" class=\"yoast-schema-graph\">{\"@context\":\"https:\\\/\\\/schema.org\",\"@graph\":[{\"@type\":\"Article\",\"@id\":\"https:\\\/\\\/informelitoral.com.ar\\\/siniestro-vial-en-strobel-una-falla-mecanica-provoco-el-vuelco-de-una-camioneta\\\/#article\",\"isPartOf\":{\"@id\":\"https:\\\/\\\/informelitoral.com.ar\\\/siniestro-vial-en-strobel-una-falla-mecanica-provoco-el-vuelco-de-una-camioneta\\\/\"},\"author\":{\"name\":\"Sebastian\",\"@id\":\"https:\\\/\\\/informelitoral.com.ar\\\/#\\\/schema\\\/person\\\/f05f9f461677119578717524b127d6d5\"},\"headline\":\"Siniestro vial en Strobel: una falla mec\u00e1nica provoc\u00f3 el vuelco de una camioneta\",\"datePublished\":\"2025-12-17T12:11:24+00:00\",\"dateModified\":\"2025-12-17T12:14:36+00:00\",\"mainEntityOfPage\":{\"@id\":\"https:\\\/\\\/informelitoral.com.ar\\\/siniestro-vial-en-strobel-una-falla-mecanica-provoco-el-vuelco-de-una-camioneta\\\/\"},\"wordCount\":248,\"commentCount\":0,\"publisher\":{\"@id\":\"https:\\\/\\\/informelitoral.com.ar\\\/#organization\"},\"image\":{\"@id\":\"https:\\\/\\\/informelitoral.com.ar\\\/siniestro-vial-en-strobel-una-falla-mecanica-provoco-el-vuelco-de-una-camioneta\\\/#primaryimage\"},\"thumbnailUrl\":\"https:\\\/\\\/drive.google.com\\\/thumbnail?id=1htV5tOQtgTZ5ikzU1m6csuvZqWYf0-Zy&sz=w2048\",\"keywords\":[\"Accidente vial\",\"Strobel\"],\"articleSection\":[\"Policiales\"],\"inLanguage\":\"es\",\"potentialAction\":[{\"@type\":\"CommentAction\",\"name\":\"Comment\",\"target\":[\"https:\\\/\\\/informelitoral.com.ar\\\/siniestro-vial-en-strobel-una-falla-mecanica-provoco-el-vuelco-de-una-camioneta\\\/#respond\"]}]},{\"@type\":\"WebPage\",\"@id\":\"https:\\\/\\\/informelitoral.com.ar\\\/siniestro-vial-en-strobel-una-falla-mecanica-provoco-el-vuelco-de-una-camioneta\\\/\",\"url\":\"https:\\\/\\\/informelitoral.com.ar\\\/siniestro-vial-en-strobel-una-falla-mecanica-provoco-el-vuelco-de-una-camioneta\\\/\",\"name\":\"Siniestro vial en Strobel: una falla mec\u00e1nica provoc\u00f3 el vuelco de una camioneta - Informe Litoral\",\"isPartOf\":{\"@id\":\"https:\\\/\\\/informelitoral.com.ar\\\/#website\"},\"primaryImageOfPage\":{\"@id\":\"https:\\\/\\\/informelitoral.com.ar\\\/siniestro-vial-en-strobel-una-falla-mecanica-provoco-el-vuelco-de-una-camioneta\\\/#primaryimage\"},\"image\":{\"@id\":\"https:\\\/\\\/informelitoral.com.ar\\\/siniestro-vial-en-strobel-una-falla-mecanica-provoco-el-vuelco-de-una-camioneta\\\/#primaryimage\"},\"thumbnailUrl\":\"https:\\\/\\\/drive.google.com\\\/thumbnail?id=1htV5tOQtgTZ5ikzU1m6csuvZqWYf0-Zy&sz=w2048\",\"datePublished\":\"2025-12-17T12:11:24+00:00\",\"dateModified\":\"2025-12-17T12:14:36+00:00\",\"breadcrumb\":{\"@id\":\"https:\\\/\\\/informelitoral.com.ar\\\/siniestro-vial-en-strobel-una-falla-mecanica-provoco-el-vuelco-de-una-camioneta\\\/#breadcrumb\"},\"inLanguage\":\"es\",\"potentialAction\":[{\"@type\":\"ReadAction\",\"target\":[\"https:\\\/\\\/informelitoral.com.ar\\\/siniestro-vial-en-strobel-una-falla-mecanica-provoco-el-vuelco-de-una-camioneta\\\/\"]}]},{\"@type\":\"ImageObject\",\"inLanguage\":\"es\",\"@id\":\"https:\\\/\\\/informelitoral.com.ar\\\/siniestro-vial-en-strobel-una-falla-mecanica-provoco-el-vuelco-de-una-camioneta\\\/#primaryimage\",\"url\":\"https:\\\/\\\/drive.google.com\\\/thumbnail?id=1htV5tOQtgTZ5ikzU1m6csuvZqWYf0-Zy&sz=w2048\",\"contentUrl\":\"https:\\\/\\\/drive.google.com\\\/thumbnail?id=1htV5tOQtgTZ5ikzU1m6csuvZqWYf0-Zy&sz=w2048\",\"width\":679,\"height\":623},{\"@type\":\"BreadcrumbList\",\"@id\":\"https:\\\/\\\/informelitoral.com.ar\\\/siniestro-vial-en-strobel-una-falla-mecanica-provoco-el-vuelco-de-una-camioneta\\\/#breadcrumb\",\"itemListElement\":[{\"@type\":\"ListItem\",\"position\":1,\"name\":\"Portada\",\"item\":\"https:\\\/\\\/informelitoral.com.ar\\\/\"},{\"@type\":\"ListItem\",\"position\":2,\"name\":\"Siniestro vial en Strobel: una falla mec\u00e1nica provoc\u00f3 el vuelco de una camioneta\"}]},{\"@type\":\"WebSite\",\"@id\":\"https:\\\/\\\/informelitoral.com.ar\\\/#website\",\"url\":\"https:\\\/\\\/informelitoral.com.ar\\\/\",\"name\":\"Informe Litoral\",\"description\":\"&quot;Nos informamos&quot; \",\"publisher\":{\"@id\":\"https:\\\/\\\/informelitoral.com.ar\\\/#organization\"},\"potentialAction\":[{\"@type\":\"SearchAction\",\"target\":{\"@type\":\"EntryPoint\",\"urlTemplate\":\"https:\\\/\\\/informelitoral.com.ar\\\/?s={search_term_string}\"},\"query-input\":{\"@type\":\"PropertyValueSpecification\",\"valueRequired\":true,\"valueName\":\"search_term_string\"}}],\"inLanguage\":\"es\"},{\"@type\":\"Organization\",\"@id\":\"https:\\\/\\\/informelitoral.com.ar\\\/#organization\",\"name\":\"Informe Litoral\",\"url\":\"https:\\\/\\\/informelitoral.com.ar\\\/\",\"logo\":{\"@type\":\"ImageObject\",\"inLanguage\":\"es\",\"@id\":\"https:\\\/\\\/informelitoral.com.ar\\\/#\\\/schema\\\/logo\\\/image\\\/\",\"url\":\"https:\\\/\\\/informelitoral.com.ar\\\/%77%70%2d%63%6f%6e%74%65%6e%74\\\/uploads\\\/2021\\\/01\\\/circulo.png\",\"contentUrl\":\"https:\\\/\\\/informelitoral.com.ar\\\/%77%70%2d%63%6f%6e%74%65%6e%74\\\/uploads\\\/2021\\\/01\\\/circulo.png\",\"width\":723,\"height\":731,\"caption\":\"Informe Litoral\"},\"image\":{\"@id\":\"https:\\\/\\\/informelitoral.com.ar\\\/#\\\/schema\\\/logo\\\/image\\\/\"},\"sameAs\":[\"https:\\\/\\\/www.facebook.com\\\/informelitoral\\\/\",\"https:\\\/\\\/x.com\\\/InformeLitoral\",\"https:\\\/\\\/www.instagram.com\\\/informelitoral\\\/\",\"https:\\\/\\\/www.youtube.com\\\/channel\\\/UCua4Qvz8Icb6MYqhoq9xLXw\"]},{\"@type\":\"Person\",\"@id\":\"https:\\\/\\\/informelitoral.com.ar\\\/#\\\/schema\\\/person\\\/f05f9f461677119578717524b127d6d5\",\"name\":\"Sebastian\",\"image\":{\"@type\":\"ImageObject\",\"inLanguage\":\"es\",\"@id\":\"https:\\\/\\\/secure.gravatar.com\\\/avatar\\\/b71bf7481d447dfb9583c7f2798e7cc64de6efb9067b74633ed8c31059a3bd82?s=96&d=mm&r=g\",\"url\":\"https:\\\/\\\/secure.gravatar.com\\\/avatar\\\/b71bf7481d447dfb9583c7f2798e7cc64de6efb9067b74633ed8c31059a3bd82?s=96&d=mm&r=g\",\"contentUrl\":\"https:\\\/\\\/secure.gravatar.com\\\/avatar\\\/b71bf7481d447dfb9583c7f2798e7cc64de6efb9067b74633ed8c31059a3bd82?s=96&d=mm&r=g\",\"caption\":\"Sebastian\"},\"url\":\"https:\\\/\\\/informelitoral.com.ar\\\/author\\\/sebastian\\\/\"}]}<\/script>","yoast_head_json":{"title":"Siniestro vial en Strobel: una falla mec\u00e1nica provoc\u00f3 el vuelco de una camioneta - Informe Litoral","robots":{"index":"index","follow":"follow","max-snippet":"max-snippet:-1","max-image-preview":"max-image-preview:large","max-video-preview":"max-video-preview:-1"},"canonical":"https:\/\/informelitoral.com.ar\/siniestro-vial-en-strobel-una-falla-mecanica-provoco-el-vuelco-de-una-camioneta\/","og_locale":"es_ES","og_type":"article","og_title":"Siniestro vial en Strobel: una falla mec\u00e1nica provoc\u00f3 el vuelco de una camioneta - Informe Litoral","og_description":"El accidente ocurri\u00f3 el martes por la tarde en la Av. San Mart\u00edn. Los ocupantes, un hombre y su hija menor de edad, resultaron ilesos tras el fuerte impacto contra el cerco de una vivienda.","og_url":"https:\/\/informelitoral.com.ar\/siniestro-vial-en-strobel-una-falla-mecanica-provoco-el-vuelco-de-una-camioneta\/","og_site_name":"Informe Litoral","article_publisher":"https:\/\/www.facebook.com\/informelitoral\/","article_published_time":"2025-12-17T12:11:24+00:00","article_modified_time":"2025-12-17T12:14:36+00:00","og_image":[{"width":679,"height":623,"url":"https:\/\/drive.google.com\/thumbnail?id=1htV5tOQtgTZ5ikzU1m6csuvZqWYf0-Zy&sz=w2048","type":"image\/jpeg"}],"author":"Sebastian","twitter_card":"summary_large_image","twitter_creator":"@InformeLitoral","twitter_site":"@InformeLitoral","twitter_misc":{"Escrito por":"Sebastian","Tiempo de lectura":"2 minutos"},"schema":{"@context":"https:\/\/schema.org","@graph":[{"@type":"Article","@id":"https:\/\/informelitoral.com.ar\/siniestro-vial-en-strobel-una-falla-mecanica-provoco-el-vuelco-de-una-camioneta\/#article","isPartOf":{"@id":"https:\/\/informelitoral.com.ar\/siniestro-vial-en-strobel-una-falla-mecanica-provoco-el-vuelco-de-una-camioneta\/"},"author":{"name":"Sebastian","@id":"https:\/\/informelitoral.com.ar\/#\/schema\/person\/f05f9f461677119578717524b127d6d5"},"headline":"Siniestro vial en Strobel: una falla mec\u00e1nica provoc\u00f3 el vuelco de una camioneta","datePublished":"2025-12-17T12:11:24+00:00","dateModified":"2025-12-17T12:14:36+00:00","mainEntityOfPage":{"@id":"https:\/\/informelitoral.com.ar\/siniestro-vial-en-strobel-una-falla-mecanica-provoco-el-vuelco-de-una-camioneta\/"},"wordCount":248,"commentCount":0,"publisher":{"@id":"https:\/\/informelitoral.com.ar\/#organization"},"image":{"@id":"https:\/\/informelitoral.com.ar\/siniestro-vial-en-strobel-una-falla-mecanica-provoco-el-vuelco-de-una-camioneta\/#primaryimage"},"thumbnailUrl":"https:\/\/drive.google.com\/thumbnail?id=1htV5tOQtgTZ5ikzU1m6csuvZqWYf0-Zy&sz=w2048","keywords":["Accidente vial","Strobel"],"articleSection":["Policiales"],"inLanguage":"es","potentialAction":[{"@type":"CommentAction","name":"Comment","target":["https:\/\/informelitoral.com.ar\/siniestro-vial-en-strobel-una-falla-mecanica-provoco-el-vuelco-de-una-camioneta\/#respond"]}]},{"@type":"WebPage","@id":"https:\/\/informelitoral.com.ar\/siniestro-vial-en-strobel-una-falla-mecanica-provoco-el-vuelco-de-una-camioneta\/","url":"https:\/\/informelitoral.com.ar\/siniestro-vial-en-strobel-una-falla-mecanica-provoco-el-vuelco-de-una-camioneta\/","name":"Siniestro vial en Strobel: una falla mec\u00e1nica provoc\u00f3 el vuelco de una camioneta - Informe Litoral","isPartOf":{"@id":"https:\/\/informelitoral.com.ar\/#website"},"primaryImageOfPage":{"@id":"https:\/\/informelitoral.com.ar\/siniestro-vial-en-strobel-una-falla-mecanica-provoco-el-vuelco-de-una-camioneta\/#primaryimage"},"image":{"@id":"https:\/\/informelitoral.com.ar\/siniestro-vial-en-strobel-una-falla-mecanica-provoco-el-vuelco-de-una-camioneta\/#primaryimage"},"thumbnailUrl":"https:\/\/drive.google.com\/thumbnail?id=1htV5tOQtgTZ5ikzU1m6csuvZqWYf0-Zy&sz=w2048","datePublished":"2025-12-17T12:11:24+00:00","dateModified":"2025-12-17T12:14:36+00:00","breadcrumb":{"@id":"https:\/\/informelitoral.com.ar\/siniestro-vial-en-strobel-una-falla-mecanica-provoco-el-vuelco-de-una-camioneta\/#breadcrumb"},"inLanguage":"es","potentialAction":[{"@type":"ReadAction","target":["https:\/\/informelitoral.com.ar\/siniestro-vial-en-strobel-una-falla-mecanica-provoco-el-vuelco-de-una-camioneta\/"]}]},{"@type":"ImageObject","inLanguage":"es","@id":"https:\/\/informelitoral.com.ar\/siniestro-vial-en-strobel-una-falla-mecanica-provoco-el-vuelco-de-una-camioneta\/#primaryimage","url":"https:\/\/drive.google.com\/thumbnail?id=1htV5tOQtgTZ5ikzU1m6csuvZqWYf0-Zy&sz=w2048","contentUrl":"https:\/\/drive.google.com\/thumbnail?id=1htV5tOQtgTZ5ikzU1m6csuvZqWYf0-Zy&sz=w2048","width":679,"height":623},{"@type":"BreadcrumbList","@id":"https:\/\/informelitoral.com.ar\/siniestro-vial-en-strobel-una-falla-mecanica-provoco-el-vuelco-de-una-camioneta\/#breadcrumb","itemListElement":[{"@type":"ListItem","position":1,"name":"Portada","item":"https:\/\/informelitoral.com.ar\/"},{"@type":"ListItem","position":2,"name":"Siniestro vial en Strobel: una falla mec\u00e1nica provoc\u00f3 el vuelco de una camioneta"}]},{"@type":"WebSite","@id":"https:\/\/informelitoral.com.ar\/#website","url":"https:\/\/informelitoral.com.ar\/","name":"Informe Litoral","description":"&quot;Nos informamos&quot; ","publisher":{"@id":"https:\/\/informelitoral.com.ar\/#organization"},"potentialAction":[{"@type":"SearchAction","target":{"@type":"EntryPoint","urlTemplate":"https:\/\/informelitoral.com.ar\/?s={search_term_string}"},"query-input":{"@type":"PropertyValueSpecification","valueRequired":true,"valueName":"search_term_string"}}],"inLanguage":"es"},{"@type":"Organization","@id":"https:\/\/informelitoral.com.ar\/#organization","name":"Informe Litoral","url":"https:\/\/informelitoral.com.ar\/","logo":{"@type":"ImageObject","inLanguage":"es","@id":"https:\/\/informelitoral.com.ar\/#\/schema\/logo\/image\/","url":"https:\/\/informelitoral.com.ar\/%77%70%2d%63%6f%6e%74%65%6e%74\/uploads\/2021\/01\/circulo.png","contentUrl":"https:\/\/informelitoral.com.ar\/%77%70%2d%63%6f%6e%74%65%6e%74\/uploads\/2021\/01\/circulo.png","width":723,"height":731,"caption":"Informe Litoral"},"image":{"@id":"https:\/\/informelitoral.com.ar\/#\/schema\/logo\/image\/"},"sameAs":["https:\/\/www.facebook.com\/informelitoral\/","https:\/\/x.com\/InformeLitoral","https:\/\/www.instagram.com\/informelitoral\/","https:\/\/www.youtube.com\/channel\/UCua4Qvz8Icb6MYqhoq9xLXw"]},{"@type":"Person","@id":"https:\/\/informelitoral.com.ar\/#\/schema\/person\/f05f9f461677119578717524b127d6d5","name":"Sebastian","image":{"@type":"ImageObject","inLanguage":"es","@id":"https:\/\/secure.gravatar.com\/avatar\/b71bf7481d447dfb9583c7f2798e7cc64de6efb9067b74633ed8c31059a3bd82?s=96&d=mm&r=g","url":"https:\/\/secure.gravatar.com\/avatar\/b71bf7481d447dfb9583c7f2798e7cc64de6efb9067b74633ed8c31059a3bd82?s=96&d=mm&r=g","contentUrl":"https:\/\/secure.gravatar.com\/avatar\/b71bf7481d447dfb9583c7f2798e7cc64de6efb9067b74633ed8c31059a3bd82?s=96&d=mm&r=g","caption":"Sebastian"},"url":"https:\/\/informelitoral.com.ar\/author\/sebastian\/"}]}},"_links":{"self":[{"href":"https:\/\/informelitoral.com.ar\/%77%70%2d%6a%73%6f%6e\/wp\/v2\/posts\/243892","targetHints":{"allow":["GET"]}}],"collection":[{"href":"https:\/\/informelitoral.com.ar\/%77%70%2d%6a%73%6f%6e\/wp\/v2\/posts"}],"about":[{"href":"https:\/\/informelitoral.com.ar\/%77%70%2d%6a%73%6f%6e\/wp\/v2\/types\/post"}],"author":[{"embeddable":true,"href":"https:\/\/informelitoral.com.ar\/%77%70%2d%6a%73%6f%6e\/wp\/v2\/users\/8"}],"replies":[{"embeddable":true,"href":"https:\/\/informelitoral.com.ar\/%77%70%2d%6a%73%6f%6e\/wp\/v2\/comments?post=243892"}],"version-history":[{"count":3,"href":"https:\/\/informelitoral.com.ar\/%77%70%2d%6a%73%6f%6e\/wp\/v2\/posts\/243892\/revisions"}],"predecessor-version":[{"id":243896,"href":"https:\/\/informelitoral.com.ar\/%77%70%2d%6a%73%6f%6e\/wp\/v2\/posts\/243892\/revisions\/243896"}],"wp:featuredmedia":[{"embeddable":true,"href":"https:\/\/informelitoral.com.ar\/%77%70%2d%6a%73%6f%6e\/wp\/v2\/media\/243893"}],"wp:attachment":[{"href":"https:\/\/informelitoral.com.ar\/%77%70%2d%6a%73%6f%6e\/wp\/v2\/media?parent=243892"}],"wp:term":[{"taxonomy":"category","embeddable":true,"href":"https:\/\/informelitoral.com.ar\/%77%70%2d%6a%73%6f%6e\/wp\/v2\/categories?post=243892"},{"taxonomy":"post_tag","embeddable":true,"href":"https:\/\/informelitoral.com.ar\/%77%70%2d%6a%73%6f%6e\/wp\/v2\/tags?post=243892"}],"curies":[{"name":"wp","href":"https:\/\/api.w.org\/{rel}","templated":true}]}}