{"id":243160,"date":"2025-12-11T07:52:55","date_gmt":"2025-12-11T10:52:55","guid":{"rendered":"https:\/\/informelitoral.com.ar\/?p=243160"},"modified":"2025-12-11T07:52:55","modified_gmt":"2025-12-11T10:52:55","slug":"isletas-y-costa-grande-seran-comunas-desde-2026","status":"publish","type":"post","link":"https:\/\/informelitoral.com.ar\/isletas-y-costa-grande-seran-comunas-desde-2026\/","title":{"rendered":"Isletas y Costa Grande ser\u00e1n Comunas desde 2026"},"content":{"rendered":"<p><strong>Las actuales juntas de Gobierno de Isletas y Costa Grande, departamento Diamante, pasar\u00e1n a ser comunas de segunda categor\u00eda desde el 1\u00ba de enero de 2026.<\/strong><\/p>\n<p>La novedad se conoci\u00f3 el 28 de octubre a trav\u00e9s del<strong> Decreto 2025-2967<\/strong> del Poder Ejecutivo entrerriano. En el mismo se dispone la <strong>creaci\u00f3n de tres nuevas Comunas de Primera Categor\u00eda y 17 de Segunda Categor\u00eda,<\/strong> entre las que se encuentran las mencionadas localidades diamantinas.<\/p>\n<p>Si bien en lo inmediato no se aplicar\u00e1n todos los cambios, la medida sin dudas representa un antes y un despu\u00e9s para esa zona rural, ya que habr\u00e1 otro ordenamiento en cuanto a autoridades e ingresar\u00e1n m\u00e1s recursos para volcarlos en obras, lo cual tambi\u00e9n representa una mayor responsabilidad.<\/p>\n<p>Por el momento los actuales presidentes de esas juntas de Gobierno, <strong>Lucas Eichmann<\/strong> y <strong>Jos\u00e9 Mar\u00eda Trossero<\/strong> a\u00fan no emitieron declaraciones p\u00fablicas al respecto ya que esperan que primero se haga el anuncio oficial por parte del Ejecutivo, lo cual probablemente ocurra este jueves en Sauce Montrull, cuya Comuna pasa a ser Municipio y en el acto estar\u00e1 presente Frigerio.<\/p>\n<h2><strong>Qu\u00e9 localidades pasar\u00e1n a ser Comunas desde 2026<\/strong><\/h2>\n<ul>\n<li><strong>Primera categor\u00eda: La Providencia,<\/strong> departamento La Paz y <strong>Lucas Sud 2\u00aa<\/strong>\u00a0y <strong>Mojones Sud Los Algarrobos,<\/strong> Villaguay.<\/li>\n<li><strong>Segunda categor\u00eda:<\/strong> <strong>Mar\u00eda Grande Segunda<\/strong>, departamento Paran\u00e1; <strong>Yeso Oeste,<\/strong> La Paz;<strong> Costa Grande<\/strong> e <strong>Isletas,<\/strong> en el departamento Diamante; <strong>Crucesitas Octava, Distrito Sauce, Justo Jos\u00e9 de Urquiza <\/strong>y<strong> Crucesitas terceras,<\/strong> todas en el departamento Nogoy\u00e1. Tambi\u00e9n el cambio se dar\u00e1 para <strong>Quinto Distrito,<\/strong> Gualeguay; <strong>Colonia Alemana <\/strong>y <strong>Santa Mar\u00eda<\/strong> <strong>y Las Margaritas<\/strong> en Federaci\u00f3n; <strong>Laguna Ben\u00edtez,<\/strong> Feliciano;<strong> San Miguel,<\/strong> Col\u00f3n; <strong>Paso Duarte<\/strong> y <strong>Santa Luc\u00eda<\/strong> en Federal y<strong> Lucas Sud 1\u00ba<\/strong> y <strong>Mojones Norte<\/strong> en Villaguay. <em>(Informe Litoral)<\/em><\/li>\n<\/ul>\n<h6><em><strong>Del archivo:\u00a0<a href=\"https:\/\/informelitoral.com.ar\/buscan-que-las-comunas-entrerrianas-puedan-contraer-credito-publico\/\" target=\"_blank\" rel=\"noopener\">Buscan que las comunas entrerrianas puedan contraer cr\u00e9dito p\u00fablico<\/a><\/strong><\/em><\/h6>\n","protected":false},"excerpt":{"rendered":"<p>Si bien el decreto se public\u00f3 el 28 de octubre, la novedad a\u00fan no se comunic\u00f3 oficialmente. Se trata de un hecho hist\u00f3rico y largamente esperado por vecinos y autoridades locales. <\/p>\n","protected":false},"author":2,"featured_media":243161,"comment_status":"open","ping_status":"open","sticky":false,"template":"","format":"standard","meta":{"fifu_image_url":"","fifu_image_alt":"","footnotes":""},"categories":[4587,5,4],"tags":[230,1569,1526,200],"class_list":{"0":"post-243160","1":"post","2":"type-post","3":"status-publish","4":"format-standard","5":"has-post-thumbnail","7":"category-costa-grande","8":"category-zonales","9":"category-locales","10":"tag-comunas","11":"tag-junta-de-gobierno-de-costa-grande","12":"tag-junta-de-gobierno-de-isletas","13":"tag-juntas-de-gobierno"},"yoast_head":"<title>Isletas y Costa Grande ser\u00e1n Comunas desde 2026 - Informe Litoral<\/title>\n<meta name=\"robots\" content=\"index, follow, max-snippet:-1, max-image-preview:large, max-video-preview:-1\" \/>\n<link rel=\"canonical\" href=\"https:\/\/informelitoral.com.ar\/isletas-y-costa-grande-seran-comunas-desde-2026\/\" \/>\n<meta property=\"og:locale\" content=\"es_ES\" \/>\n<meta property=\"og:type\" content=\"article\" \/>\n<meta property=\"og:title\" content=\"Isletas y Costa Grande ser\u00e1n Comunas desde 2026 - Informe Litoral\" \/>\n<meta property=\"og:description\" content=\"Si bien el decreto se public\u00f3 el 28 de octubre, la novedad a\u00fan no se comunic\u00f3 oficialmente. Se trata de un hecho hist\u00f3rico y largamente esperado por vecinos y autoridades locales.\" \/>\n<meta property=\"og:url\" content=\"https:\/\/informelitoral.com.ar\/isletas-y-costa-grande-seran-comunas-desde-2026\/\" \/>\n<meta property=\"og:site_name\" content=\"Informe Litoral\" \/>\n<meta property=\"article:publisher\" content=\"https:\/\/www.facebook.com\/informelitoral\/\" \/>\n<meta property=\"article:published_time\" content=\"2025-12-11T10:52:55+00:00\" \/>\n<meta property=\"og:image\" content=\"https:\/\/drive.google.com\/thumbnail?id=1Fa3OekzsCbwS4R-4aiap-pWW771Hd56Z&sz=w2048\" \/>\n\t<meta property=\"og:image:width\" content=\"1080\" \/>\n\t<meta property=\"og:image:height\" content=\"1080\" \/>\n\t<meta property=\"og:image:type\" content=\"image\/png\" \/>\n<meta name=\"author\" content=\"Gonzalo Schmidt\" \/>\n<meta name=\"twitter:card\" content=\"summary_large_image\" \/>\n<meta name=\"twitter:creator\" content=\"@InformeLitoral\" \/>\n<meta name=\"twitter:site\" content=\"@InformeLitoral\" \/>\n<meta name=\"twitter:label1\" content=\"Escrito por\" \/>\n\t<meta name=\"twitter:data1\" content=\"Gonzalo Schmidt\" \/>\n\t<meta name=\"twitter:label2\" content=\"Tiempo de lectura\" \/>\n\t<meta name=\"twitter:data2\" content=\"2 minutos\" \/>\n<script type=\"application\/ld+json\" class=\"yoast-schema-graph\">{\"@context\":\"https:\\\/\\\/schema.org\",\"@graph\":[{\"@type\":\"Article\",\"@id\":\"https:\\\/\\\/informelitoral.com.ar\\\/isletas-y-costa-grande-seran-comunas-desde-2026\\\/#article\",\"isPartOf\":{\"@id\":\"https:\\\/\\\/informelitoral.com.ar\\\/isletas-y-costa-grande-seran-comunas-desde-2026\\\/\"},\"author\":{\"name\":\"Gonzalo Schmidt\",\"@id\":\"https:\\\/\\\/informelitoral.com.ar\\\/#\\\/schema\\\/person\\\/b9d00407c836482871ef1d57bf8e3180\"},\"headline\":\"Isletas y Costa Grande ser\u00e1n Comunas desde 2026\",\"datePublished\":\"2025-12-11T10:52:55+00:00\",\"mainEntityOfPage\":{\"@id\":\"https:\\\/\\\/informelitoral.com.ar\\\/isletas-y-costa-grande-seran-comunas-desde-2026\\\/\"},\"wordCount\":321,\"commentCount\":0,\"publisher\":{\"@id\":\"https:\\\/\\\/informelitoral.com.ar\\\/#organization\"},\"image\":{\"@id\":\"https:\\\/\\\/informelitoral.com.ar\\\/isletas-y-costa-grande-seran-comunas-desde-2026\\\/#primaryimage\"},\"thumbnailUrl\":\"https:\\\/\\\/drive.google.com\\\/thumbnail?id=1Fa3OekzsCbwS4R-4aiap-pWW771Hd56Z&sz=w2048\",\"keywords\":[\"Comunas\",\"Junta de Gobierno de Costa Grande\",\"Junta de Gobierno de Isletas\",\"Juntas de Gobierno\"],\"articleSection\":[\"Costa Grande\",\"Departamento Diamante\",\"Isletas\"],\"inLanguage\":\"es\",\"potentialAction\":[{\"@type\":\"CommentAction\",\"name\":\"Comment\",\"target\":[\"https:\\\/\\\/informelitoral.com.ar\\\/isletas-y-costa-grande-seran-comunas-desde-2026\\\/#respond\"]}]},{\"@type\":\"WebPage\",\"@id\":\"https:\\\/\\\/informelitoral.com.ar\\\/isletas-y-costa-grande-seran-comunas-desde-2026\\\/\",\"url\":\"https:\\\/\\\/informelitoral.com.ar\\\/isletas-y-costa-grande-seran-comunas-desde-2026\\\/\",\"name\":\"Isletas y Costa Grande ser\u00e1n Comunas desde 2026 - Informe Litoral\",\"isPartOf\":{\"@id\":\"https:\\\/\\\/informelitoral.com.ar\\\/#website\"},\"primaryImageOfPage\":{\"@id\":\"https:\\\/\\\/informelitoral.com.ar\\\/isletas-y-costa-grande-seran-comunas-desde-2026\\\/#primaryimage\"},\"image\":{\"@id\":\"https:\\\/\\\/informelitoral.com.ar\\\/isletas-y-costa-grande-seran-comunas-desde-2026\\\/#primaryimage\"},\"thumbnailUrl\":\"https:\\\/\\\/drive.google.com\\\/thumbnail?id=1Fa3OekzsCbwS4R-4aiap-pWW771Hd56Z&sz=w2048\",\"datePublished\":\"2025-12-11T10:52:55+00:00\",\"breadcrumb\":{\"@id\":\"https:\\\/\\\/informelitoral.com.ar\\\/isletas-y-costa-grande-seran-comunas-desde-2026\\\/#breadcrumb\"},\"inLanguage\":\"es\",\"potentialAction\":[{\"@type\":\"ReadAction\",\"target\":[\"https:\\\/\\\/informelitoral.com.ar\\\/isletas-y-costa-grande-seran-comunas-desde-2026\\\/\"]}]},{\"@type\":\"ImageObject\",\"inLanguage\":\"es\",\"@id\":\"https:\\\/\\\/informelitoral.com.ar\\\/isletas-y-costa-grande-seran-comunas-desde-2026\\\/#primaryimage\",\"url\":\"https:\\\/\\\/drive.google.com\\\/thumbnail?id=1Fa3OekzsCbwS4R-4aiap-pWW771Hd56Z&sz=w2048\",\"contentUrl\":\"https:\\\/\\\/drive.google.com\\\/thumbnail?id=1Fa3OekzsCbwS4R-4aiap-pWW771Hd56Z&sz=w2048\",\"width\":1080,\"height\":1080,\"caption\":\"Desde 2026 Isletas y Costa Grande ser\u00e1n comunas.\"},{\"@type\":\"BreadcrumbList\",\"@id\":\"https:\\\/\\\/informelitoral.com.ar\\\/isletas-y-costa-grande-seran-comunas-desde-2026\\\/#breadcrumb\",\"itemListElement\":[{\"@type\":\"ListItem\",\"position\":1,\"name\":\"Portada\",\"item\":\"https:\\\/\\\/informelitoral.com.ar\\\/\"},{\"@type\":\"ListItem\",\"position\":2,\"name\":\"Isletas y Costa Grande ser\u00e1n Comunas desde 2026\"}]},{\"@type\":\"WebSite\",\"@id\":\"https:\\\/\\\/informelitoral.com.ar\\\/#website\",\"url\":\"https:\\\/\\\/informelitoral.com.ar\\\/\",\"name\":\"Informe Litoral\",\"description\":\"&quot;Nos informamos&quot; \",\"publisher\":{\"@id\":\"https:\\\/\\\/informelitoral.com.ar\\\/#organization\"},\"potentialAction\":[{\"@type\":\"SearchAction\",\"target\":{\"@type\":\"EntryPoint\",\"urlTemplate\":\"https:\\\/\\\/informelitoral.com.ar\\\/?s={search_term_string}\"},\"query-input\":{\"@type\":\"PropertyValueSpecification\",\"valueRequired\":true,\"valueName\":\"search_term_string\"}}],\"inLanguage\":\"es\"},{\"@type\":\"Organization\",\"@id\":\"https:\\\/\\\/informelitoral.com.ar\\\/#organization\",\"name\":\"Informe Litoral\",\"url\":\"https:\\\/\\\/informelitoral.com.ar\\\/\",\"logo\":{\"@type\":\"ImageObject\",\"inLanguage\":\"es\",\"@id\":\"https:\\\/\\\/informelitoral.com.ar\\\/#\\\/schema\\\/logo\\\/image\\\/\",\"url\":\"https:\\\/\\\/informelitoral.com.ar\\\/%77%70%2d%63%6f%6e%74%65%6e%74\\\/uploads\\\/2021\\\/01\\\/circulo.png\",\"contentUrl\":\"https:\\\/\\\/informelitoral.com.ar\\\/%77%70%2d%63%6f%6e%74%65%6e%74\\\/uploads\\\/2021\\\/01\\\/circulo.png\",\"width\":723,\"height\":731,\"caption\":\"Informe Litoral\"},\"image\":{\"@id\":\"https:\\\/\\\/informelitoral.com.ar\\\/#\\\/schema\\\/logo\\\/image\\\/\"},\"sameAs\":[\"https:\\\/\\\/www.facebook.com\\\/informelitoral\\\/\",\"https:\\\/\\\/x.com\\\/InformeLitoral\",\"https:\\\/\\\/www.instagram.com\\\/informelitoral\\\/\",\"https:\\\/\\\/www.youtube.com\\\/channel\\\/UCua4Qvz8Icb6MYqhoq9xLXw\"]},{\"@type\":\"Person\",\"@id\":\"https:\\\/\\\/informelitoral.com.ar\\\/#\\\/schema\\\/person\\\/b9d00407c836482871ef1d57bf8e3180\",\"name\":\"Gonzalo Schmidt\",\"image\":{\"@type\":\"ImageObject\",\"inLanguage\":\"es\",\"@id\":\"https:\\\/\\\/secure.gravatar.com\\\/avatar\\\/31a1a7b66ff2de83bd0e9fd79d026630d2d99e55e8bfe501287647b4fd9743de?s=96&d=mm&r=g\",\"url\":\"https:\\\/\\\/secure.gravatar.com\\\/avatar\\\/31a1a7b66ff2de83bd0e9fd79d026630d2d99e55e8bfe501287647b4fd9743de?s=96&d=mm&r=g\",\"contentUrl\":\"https:\\\/\\\/secure.gravatar.com\\\/avatar\\\/31a1a7b66ff2de83bd0e9fd79d026630d2d99e55e8bfe501287647b4fd9743de?s=96&d=mm&r=g\",\"caption\":\"Gonzalo Schmidt\"},\"description\":\"Sitio web de noticias de la provincia de Entre R\u00edos, Argentina. Informaci\u00f3n y entretenimiento. Informe Litoral, nos informamos.\",\"sameAs\":[\"http:\\\/\\\/www.isletasnoticias.com.ar\"],\"url\":\"https:\\\/\\\/informelitoral.com.ar\\\/author\\\/gonzalo\\\/\"}]}<\/script>","yoast_head_json":{"title":"Isletas y Costa Grande ser\u00e1n Comunas desde 2026 - Informe Litoral","robots":{"index":"index","follow":"follow","max-snippet":"max-snippet:-1","max-image-preview":"max-image-preview:large","max-video-preview":"max-video-preview:-1"},"canonical":"https:\/\/informelitoral.com.ar\/isletas-y-costa-grande-seran-comunas-desde-2026\/","og_locale":"es_ES","og_type":"article","og_title":"Isletas y Costa Grande ser\u00e1n Comunas desde 2026 - Informe Litoral","og_description":"Si bien el decreto se public\u00f3 el 28 de octubre, la novedad a\u00fan no se comunic\u00f3 oficialmente. Se trata de un hecho hist\u00f3rico y largamente esperado por vecinos y autoridades locales.","og_url":"https:\/\/informelitoral.com.ar\/isletas-y-costa-grande-seran-comunas-desde-2026\/","og_site_name":"Informe Litoral","article_publisher":"https:\/\/www.facebook.com\/informelitoral\/","article_published_time":"2025-12-11T10:52:55+00:00","og_image":[{"width":1080,"height":1080,"url":"https:\/\/drive.google.com\/thumbnail?id=1Fa3OekzsCbwS4R-4aiap-pWW771Hd56Z&sz=w2048","type":"image\/png"}],"author":"Gonzalo Schmidt","twitter_card":"summary_large_image","twitter_creator":"@InformeLitoral","twitter_site":"@InformeLitoral","twitter_misc":{"Escrito por":"Gonzalo Schmidt","Tiempo de lectura":"2 minutos"},"schema":{"@context":"https:\/\/schema.org","@graph":[{"@type":"Article","@id":"https:\/\/informelitoral.com.ar\/isletas-y-costa-grande-seran-comunas-desde-2026\/#article","isPartOf":{"@id":"https:\/\/informelitoral.com.ar\/isletas-y-costa-grande-seran-comunas-desde-2026\/"},"author":{"name":"Gonzalo Schmidt","@id":"https:\/\/informelitoral.com.ar\/#\/schema\/person\/b9d00407c836482871ef1d57bf8e3180"},"headline":"Isletas y Costa Grande ser\u00e1n Comunas desde 2026","datePublished":"2025-12-11T10:52:55+00:00","mainEntityOfPage":{"@id":"https:\/\/informelitoral.com.ar\/isletas-y-costa-grande-seran-comunas-desde-2026\/"},"wordCount":321,"commentCount":0,"publisher":{"@id":"https:\/\/informelitoral.com.ar\/#organization"},"image":{"@id":"https:\/\/informelitoral.com.ar\/isletas-y-costa-grande-seran-comunas-desde-2026\/#primaryimage"},"thumbnailUrl":"https:\/\/drive.google.com\/thumbnail?id=1Fa3OekzsCbwS4R-4aiap-pWW771Hd56Z&sz=w2048","keywords":["Comunas","Junta de Gobierno de Costa Grande","Junta de Gobierno de Isletas","Juntas de Gobierno"],"articleSection":["Costa Grande","Departamento Diamante","Isletas"],"inLanguage":"es","potentialAction":[{"@type":"CommentAction","name":"Comment","target":["https:\/\/informelitoral.com.ar\/isletas-y-costa-grande-seran-comunas-desde-2026\/#respond"]}]},{"@type":"WebPage","@id":"https:\/\/informelitoral.com.ar\/isletas-y-costa-grande-seran-comunas-desde-2026\/","url":"https:\/\/informelitoral.com.ar\/isletas-y-costa-grande-seran-comunas-desde-2026\/","name":"Isletas y Costa Grande ser\u00e1n Comunas desde 2026 - Informe Litoral","isPartOf":{"@id":"https:\/\/informelitoral.com.ar\/#website"},"primaryImageOfPage":{"@id":"https:\/\/informelitoral.com.ar\/isletas-y-costa-grande-seran-comunas-desde-2026\/#primaryimage"},"image":{"@id":"https:\/\/informelitoral.com.ar\/isletas-y-costa-grande-seran-comunas-desde-2026\/#primaryimage"},"thumbnailUrl":"https:\/\/drive.google.com\/thumbnail?id=1Fa3OekzsCbwS4R-4aiap-pWW771Hd56Z&sz=w2048","datePublished":"2025-12-11T10:52:55+00:00","breadcrumb":{"@id":"https:\/\/informelitoral.com.ar\/isletas-y-costa-grande-seran-comunas-desde-2026\/#breadcrumb"},"inLanguage":"es","potentialAction":[{"@type":"ReadAction","target":["https:\/\/informelitoral.com.ar\/isletas-y-costa-grande-seran-comunas-desde-2026\/"]}]},{"@type":"ImageObject","inLanguage":"es","@id":"https:\/\/informelitoral.com.ar\/isletas-y-costa-grande-seran-comunas-desde-2026\/#primaryimage","url":"https:\/\/drive.google.com\/thumbnail?id=1Fa3OekzsCbwS4R-4aiap-pWW771Hd56Z&sz=w2048","contentUrl":"https:\/\/drive.google.com\/thumbnail?id=1Fa3OekzsCbwS4R-4aiap-pWW771Hd56Z&sz=w2048","width":1080,"height":1080,"caption":"Desde 2026 Isletas y Costa Grande ser\u00e1n comunas."},{"@type":"BreadcrumbList","@id":"https:\/\/informelitoral.com.ar\/isletas-y-costa-grande-seran-comunas-desde-2026\/#breadcrumb","itemListElement":[{"@type":"ListItem","position":1,"name":"Portada","item":"https:\/\/informelitoral.com.ar\/"},{"@type":"ListItem","position":2,"name":"Isletas y Costa Grande ser\u00e1n Comunas desde 2026"}]},{"@type":"WebSite","@id":"https:\/\/informelitoral.com.ar\/#website","url":"https:\/\/informelitoral.com.ar\/","name":"Informe Litoral","description":"&quot;Nos informamos&quot; ","publisher":{"@id":"https:\/\/informelitoral.com.ar\/#organization"},"potentialAction":[{"@type":"SearchAction","target":{"@type":"EntryPoint","urlTemplate":"https:\/\/informelitoral.com.ar\/?s={search_term_string}"},"query-input":{"@type":"PropertyValueSpecification","valueRequired":true,"valueName":"search_term_string"}}],"inLanguage":"es"},{"@type":"Organization","@id":"https:\/\/informelitoral.com.ar\/#organization","name":"Informe Litoral","url":"https:\/\/informelitoral.com.ar\/","logo":{"@type":"ImageObject","inLanguage":"es","@id":"https:\/\/informelitoral.com.ar\/#\/schema\/logo\/image\/","url":"https:\/\/informelitoral.com.ar\/%77%70%2d%63%6f%6e%74%65%6e%74\/uploads\/2021\/01\/circulo.png","contentUrl":"https:\/\/informelitoral.com.ar\/%77%70%2d%63%6f%6e%74%65%6e%74\/uploads\/2021\/01\/circulo.png","width":723,"height":731,"caption":"Informe Litoral"},"image":{"@id":"https:\/\/informelitoral.com.ar\/#\/schema\/logo\/image\/"},"sameAs":["https:\/\/www.facebook.com\/informelitoral\/","https:\/\/x.com\/InformeLitoral","https:\/\/www.instagram.com\/informelitoral\/","https:\/\/www.youtube.com\/channel\/UCua4Qvz8Icb6MYqhoq9xLXw"]},{"@type":"Person","@id":"https:\/\/informelitoral.com.ar\/#\/schema\/person\/b9d00407c836482871ef1d57bf8e3180","name":"Gonzalo Schmidt","image":{"@type":"ImageObject","inLanguage":"es","@id":"https:\/\/secure.gravatar.com\/avatar\/31a1a7b66ff2de83bd0e9fd79d026630d2d99e55e8bfe501287647b4fd9743de?s=96&d=mm&r=g","url":"https:\/\/secure.gravatar.com\/avatar\/31a1a7b66ff2de83bd0e9fd79d026630d2d99e55e8bfe501287647b4fd9743de?s=96&d=mm&r=g","contentUrl":"https:\/\/secure.gravatar.com\/avatar\/31a1a7b66ff2de83bd0e9fd79d026630d2d99e55e8bfe501287647b4fd9743de?s=96&d=mm&r=g","caption":"Gonzalo Schmidt"},"description":"Sitio web de noticias de la provincia de Entre R\u00edos, Argentina. Informaci\u00f3n y entretenimiento. Informe Litoral, nos informamos.","sameAs":["http:\/\/www.isletasnoticias.com.ar"],"url":"https:\/\/informelitoral.com.ar\/author\/gonzalo\/"}]}},"_links":{"self":[{"href":"https:\/\/informelitoral.com.ar\/%77%70%2d%6a%73%6f%6e\/wp\/v2\/posts\/243160","targetHints":{"allow":["GET"]}}],"collection":[{"href":"https:\/\/informelitoral.com.ar\/%77%70%2d%6a%73%6f%6e\/wp\/v2\/posts"}],"about":[{"href":"https:\/\/informelitoral.com.ar\/%77%70%2d%6a%73%6f%6e\/wp\/v2\/types\/post"}],"author":[{"embeddable":true,"href":"https:\/\/informelitoral.com.ar\/%77%70%2d%6a%73%6f%6e\/wp\/v2\/users\/2"}],"replies":[{"embeddable":true,"href":"https:\/\/informelitoral.com.ar\/%77%70%2d%6a%73%6f%6e\/wp\/v2\/comments?post=243160"}],"version-history":[{"count":3,"href":"https:\/\/informelitoral.com.ar\/%77%70%2d%6a%73%6f%6e\/wp\/v2\/posts\/243160\/revisions"}],"predecessor-version":[{"id":243164,"href":"https:\/\/informelitoral.com.ar\/%77%70%2d%6a%73%6f%6e\/wp\/v2\/posts\/243160\/revisions\/243164"}],"wp:featuredmedia":[{"embeddable":true,"href":"https:\/\/informelitoral.com.ar\/%77%70%2d%6a%73%6f%6e\/wp\/v2\/media\/243161"}],"wp:attachment":[{"href":"https:\/\/informelitoral.com.ar\/%77%70%2d%6a%73%6f%6e\/wp\/v2\/media?parent=243160"}],"wp:term":[{"taxonomy":"category","embeddable":true,"href":"https:\/\/informelitoral.com.ar\/%77%70%2d%6a%73%6f%6e\/wp\/v2\/categories?post=243160"},{"taxonomy":"post_tag","embeddable":true,"href":"https:\/\/informelitoral.com.ar\/%77%70%2d%6a%73%6f%6e\/wp\/v2\/tags?post=243160"}],"curies":[{"name":"wp","href":"https:\/\/api.w.org\/{rel}","templated":true}]}}