{"id":243070,"date":"2025-12-10T10:08:00","date_gmt":"2025-12-10T13:08:00","guid":{"rendered":"https:\/\/informelitoral.com.ar\/?p=243070"},"modified":"2025-12-10T14:49:56","modified_gmt":"2025-12-10T17:49:56","slug":"descartaron-la-salida-de-merentiel-el-delantero-ratifico-su-deseo-de-seguir-en-boca","status":"publish","type":"post","link":"https:\/\/informelitoral.com.ar\/descartaron-la-salida-de-merentiel-el-delantero-ratifico-su-deseo-de-seguir-en-boca\/","title":{"rendered":"Descartaron la salida de Merentiel: el delantero ratific\u00f3 su deseo de seguir en Boca"},"content":{"rendered":"<p data-path-to-node=\"3\">La reciente derrota de Boca Juniors ante Racing en las semifinales del Torneo Clausura gener\u00f3 un clima de tensi\u00f3n interna y activ\u00f3 una serie de cuestionamientos, entre ellos, un rumor que r\u00e1pidamente se propag\u00f3 en medios y redes sociales: la supuesta solicitud de salida del delantero uruguayo <b>Miguel Merentiel<\/b>.<\/p>\n<p data-path-to-node=\"4\">Sin embargo, esa posibilidad fue <b>completamente descartada<\/b>. Fuentes cercanas al jugador confirmaron que Merentiel <b>no ha pedido dejar el club<\/b> y, por el contrario, su deseo es firme: quiere continuar en el Xeneize.<\/p>\n<p data-path-to-node=\"4\"><img decoding=\"async\" src=\"https:\/\/lanumero12.com.ar\/%77%70%2d%63%6f%6e%74%65%6e%74\/uploads\/2025\/10\/Miguel-Merentiel-Boca-211025.jpg\" alt=\"Miguel Merentiel se quiere ir de Boca? la respuesta de su entorno\" \/><\/p>\n<p data-path-to-node=\"6\">El ambiente en Boca se agit\u00f3 tras la eliminaci\u00f3n, poniendo bajo la lupa incluso la continuidad del entrenador Claudio \u00dabeda. En ese marco de incertidumbre, la figura del atacante qued\u00f3 envuelta en especulaciones sin sustento.<\/p>\n<h6 data-path-to-node=\"6\"><em><strong>Del archivo:\u00a0<a href=\"https:\/\/informelitoral.com.ar\/accidente-y-fuga-en-canning-investigan-a-jugador-de-boca-tras-revelarse-un-siniestro-vial-oculto\/\" target=\"_blank\" rel=\"noopener\">Accidente y fuga en Canning: investigan a jugador de Boca tras revelarse un siniestro vial oculto<\/a><\/strong><\/em><\/h6>\n<p data-path-to-node=\"7\">El uruguayo, de 29 a\u00f1os, tiene un <b>contrato vigente hasta diciembre de 2027<\/b> y nunca solicit\u00f3 que le abrieran la puerta de salida. Su postura ya hab\u00eda sido manifestada p\u00fablicamente d\u00edas antes del Supercl\u00e1sico con River Plate.<\/p>\n<p data-path-to-node=\"8,0\">\u00abYo soy muy feliz. Siempre se lo transmito a todos los que me preguntan c\u00f3mo la paso. La paso muy bien y mi deseo es quedarme ac\u00e1\u00bb, declar\u00f3 Merentiel ante los medios.<\/p>\n<p data-path-to-node=\"10\">Actualmente, el delantero no est\u00e1 evaluando una salida inmediata, y <b>no existe ninguna oferta formal<\/b> que pudiera activar esa posibilidad. No obstante, se aclar\u00f3 que en caso de que llegue una propuesta importante, tanto el jugador como la dirigencia la analizar\u00e1n, un procedimiento habitual en el f\u00fatbol.<\/p>\n<p data-path-to-node=\"11\">El v\u00ednculo de Merentiel con Boca incluye una cl\u00e1usula de rescisi\u00f3n fijada en <b>18 millones de d\u00f3lares<\/b>, cifra que el club exigir\u00eda si una instituci\u00f3n extranjera pretende quedarse con uno de sus jugadores m\u00e1s importantes. Por el momento, la postura es clara: el delantero est\u00e1 c\u00f3modo, su continuidad no est\u00e1 en duda y desea seguir vistiendo la camiseta azul y oro.<\/p>\n","protected":false},"excerpt":{"rendered":"<p>Tras los rumores generados por la derrota en semifinales, el futbolista uruguayo de 29 a\u00f1os confirm\u00f3 que quiere cumplir su contrato, fijado hasta 2027.<\/p>\n","protected":false},"author":8,"featured_media":243072,"comment_status":"open","ping_status":"open","sticky":false,"template":"","format":"standard","meta":{"fifu_image_url":"https:\/\/lanumero12.com.ar\/wp-content\/uploads\/2025\/12\/Miguel-Merentiel-Boca-91225.jpg","fifu_image_alt":"","footnotes":""},"categories":[13],"tags":[384,6285],"class_list":{"0":"post-243070","1":"post","2":"type-post","3":"status-publish","4":"format-standard","5":"has-post-thumbnail","7":"category-deportes","8":"tag-boca-juniors","9":"tag-miguel-morentiel"},"yoast_head":"<title>Descartaron la salida de Merentiel: el delantero ratific\u00f3 su deseo de seguir en Boca - Informe Litoral<\/title>\n<meta name=\"robots\" content=\"index, follow, max-snippet:-1, max-image-preview:large, max-video-preview:-1\" \/>\n<link rel=\"canonical\" href=\"https:\/\/informelitoral.com.ar\/descartaron-la-salida-de-merentiel-el-delantero-ratifico-su-deseo-de-seguir-en-boca\/\" \/>\n<meta property=\"og:locale\" content=\"es_ES\" \/>\n<meta property=\"og:type\" content=\"article\" \/>\n<meta property=\"og:title\" content=\"Descartaron la salida de Merentiel: el delantero ratific\u00f3 su deseo de seguir en Boca - Informe Litoral\" \/>\n<meta property=\"og:description\" content=\"Tras los rumores generados por la derrota en semifinales, el futbolista uruguayo de 29 a\u00f1os confirm\u00f3 que quiere cumplir su contrato, fijado hasta 2027.\" \/>\n<meta property=\"og:url\" content=\"https:\/\/informelitoral.com.ar\/descartaron-la-salida-de-merentiel-el-delantero-ratifico-su-deseo-de-seguir-en-boca\/\" \/>\n<meta property=\"og:site_name\" content=\"Informe Litoral\" \/>\n<meta property=\"article:publisher\" content=\"https:\/\/www.facebook.com\/informelitoral\/\" \/>\n<meta property=\"article:published_time\" content=\"2025-12-10T13:08:00+00:00\" \/>\n<meta property=\"article:modified_time\" content=\"2025-12-10T17:49:56+00:00\" \/>\n<meta property=\"og:image\" content=\"https:\/\/lanumero12.com.ar\/%77%70%2d%63%6f%6e%74%65%6e%74\/uploads\/2025\/12\/Miguel-Merentiel-Boca-91225.jpg\" \/>\n<meta name=\"author\" content=\"Sebastian\" \/>\n<meta name=\"twitter:card\" content=\"summary_large_image\" \/>\n<meta name=\"twitter:image\" content=\"https:\/\/lanumero12.com.ar\/%77%70%2d%63%6f%6e%74%65%6e%74\/uploads\/2025\/12\/Miguel-Merentiel-Boca-91225.jpg\" \/>\n<meta name=\"twitter:creator\" content=\"@InformeLitoral\" \/>\n<meta name=\"twitter:site\" content=\"@InformeLitoral\" \/>\n<meta name=\"twitter:label1\" content=\"Escrito por\" \/>\n\t<meta name=\"twitter:data1\" content=\"Sebastian\" \/>\n\t<meta name=\"twitter:label2\" content=\"Tiempo de lectura\" \/>\n\t<meta name=\"twitter:data2\" content=\"2 minutos\" \/>\n<script type=\"application\/ld+json\" class=\"yoast-schema-graph\">{\"@context\":\"https:\\\/\\\/schema.org\",\"@graph\":[{\"@type\":\"Article\",\"@id\":\"https:\\\/\\\/informelitoral.com.ar\\\/descartaron-la-salida-de-merentiel-el-delantero-ratifico-su-deseo-de-seguir-en-boca\\\/#article\",\"isPartOf\":{\"@id\":\"https:\\\/\\\/informelitoral.com.ar\\\/descartaron-la-salida-de-merentiel-el-delantero-ratifico-su-deseo-de-seguir-en-boca\\\/\"},\"author\":{\"name\":\"Sebastian\",\"@id\":\"https:\\\/\\\/informelitoral.com.ar\\\/#\\\/schema\\\/person\\\/f05f9f461677119578717524b127d6d5\"},\"headline\":\"Descartaron la salida de Merentiel: el delantero ratific\u00f3 su deseo de seguir en Boca\",\"datePublished\":\"2025-12-10T13:08:00+00:00\",\"dateModified\":\"2025-12-10T17:49:56+00:00\",\"mainEntityOfPage\":{\"@id\":\"https:\\\/\\\/informelitoral.com.ar\\\/descartaron-la-salida-de-merentiel-el-delantero-ratifico-su-deseo-de-seguir-en-boca\\\/\"},\"wordCount\":342,\"commentCount\":0,\"publisher\":{\"@id\":\"https:\\\/\\\/informelitoral.com.ar\\\/#organization\"},\"image\":{\"@id\":\"https:\\\/\\\/informelitoral.com.ar\\\/descartaron-la-salida-de-merentiel-el-delantero-ratifico-su-deseo-de-seguir-en-boca\\\/#primaryimage\"},\"thumbnailUrl\":\"https:\\\/\\\/lanumero12.com.ar\\\/%77%70%2d%63%6f%6e%74%65%6e%74\\\/uploads\\\/2025\\\/12\\\/Miguel-Merentiel-Boca-91225.jpg\",\"keywords\":[\"Boca Juniors\",\"Miguel Morentiel\"],\"articleSection\":[\"Deportes\"],\"inLanguage\":\"es\",\"potentialAction\":[{\"@type\":\"CommentAction\",\"name\":\"Comment\",\"target\":[\"https:\\\/\\\/informelitoral.com.ar\\\/descartaron-la-salida-de-merentiel-el-delantero-ratifico-su-deseo-de-seguir-en-boca\\\/#respond\"]}]},{\"@type\":\"WebPage\",\"@id\":\"https:\\\/\\\/informelitoral.com.ar\\\/descartaron-la-salida-de-merentiel-el-delantero-ratifico-su-deseo-de-seguir-en-boca\\\/\",\"url\":\"https:\\\/\\\/informelitoral.com.ar\\\/descartaron-la-salida-de-merentiel-el-delantero-ratifico-su-deseo-de-seguir-en-boca\\\/\",\"name\":\"Descartaron la salida de Merentiel: el delantero ratific\u00f3 su deseo de seguir en Boca - Informe Litoral\",\"isPartOf\":{\"@id\":\"https:\\\/\\\/informelitoral.com.ar\\\/#website\"},\"primaryImageOfPage\":{\"@id\":\"https:\\\/\\\/informelitoral.com.ar\\\/descartaron-la-salida-de-merentiel-el-delantero-ratifico-su-deseo-de-seguir-en-boca\\\/#primaryimage\"},\"image\":{\"@id\":\"https:\\\/\\\/informelitoral.com.ar\\\/descartaron-la-salida-de-merentiel-el-delantero-ratifico-su-deseo-de-seguir-en-boca\\\/#primaryimage\"},\"thumbnailUrl\":\"https:\\\/\\\/lanumero12.com.ar\\\/%77%70%2d%63%6f%6e%74%65%6e%74\\\/uploads\\\/2025\\\/12\\\/Miguel-Merentiel-Boca-91225.jpg\",\"datePublished\":\"2025-12-10T13:08:00+00:00\",\"dateModified\":\"2025-12-10T17:49:56+00:00\",\"breadcrumb\":{\"@id\":\"https:\\\/\\\/informelitoral.com.ar\\\/descartaron-la-salida-de-merentiel-el-delantero-ratifico-su-deseo-de-seguir-en-boca\\\/#breadcrumb\"},\"inLanguage\":\"es\",\"potentialAction\":[{\"@type\":\"ReadAction\",\"target\":[\"https:\\\/\\\/informelitoral.com.ar\\\/descartaron-la-salida-de-merentiel-el-delantero-ratifico-su-deseo-de-seguir-en-boca\\\/\"]}]},{\"@type\":\"ImageObject\",\"inLanguage\":\"es\",\"@id\":\"https:\\\/\\\/informelitoral.com.ar\\\/descartaron-la-salida-de-merentiel-el-delantero-ratifico-su-deseo-de-seguir-en-boca\\\/#primaryimage\",\"url\":\"https:\\\/\\\/lanumero12.com.ar\\\/%77%70%2d%63%6f%6e%74%65%6e%74\\\/uploads\\\/2025\\\/12\\\/Miguel-Merentiel-Boca-91225.jpg\",\"contentUrl\":\"https:\\\/\\\/lanumero12.com.ar\\\/%77%70%2d%63%6f%6e%74%65%6e%74\\\/uploads\\\/2025\\\/12\\\/Miguel-Merentiel-Boca-91225.jpg\",\"width\":\"1500\",\"height\":\"900\"},{\"@type\":\"BreadcrumbList\",\"@id\":\"https:\\\/\\\/informelitoral.com.ar\\\/descartaron-la-salida-de-merentiel-el-delantero-ratifico-su-deseo-de-seguir-en-boca\\\/#breadcrumb\",\"itemListElement\":[{\"@type\":\"ListItem\",\"position\":1,\"name\":\"Portada\",\"item\":\"https:\\\/\\\/informelitoral.com.ar\\\/\"},{\"@type\":\"ListItem\",\"position\":2,\"name\":\"Descartaron la salida de Merentiel: el delantero ratific\u00f3 su deseo de seguir en Boca\"}]},{\"@type\":\"WebSite\",\"@id\":\"https:\\\/\\\/informelitoral.com.ar\\\/#website\",\"url\":\"https:\\\/\\\/informelitoral.com.ar\\\/\",\"name\":\"Informe Litoral\",\"description\":\"&quot;Nos informamos&quot; \",\"publisher\":{\"@id\":\"https:\\\/\\\/informelitoral.com.ar\\\/#organization\"},\"potentialAction\":[{\"@type\":\"SearchAction\",\"target\":{\"@type\":\"EntryPoint\",\"urlTemplate\":\"https:\\\/\\\/informelitoral.com.ar\\\/?s={search_term_string}\"},\"query-input\":{\"@type\":\"PropertyValueSpecification\",\"valueRequired\":true,\"valueName\":\"search_term_string\"}}],\"inLanguage\":\"es\"},{\"@type\":\"Organization\",\"@id\":\"https:\\\/\\\/informelitoral.com.ar\\\/#organization\",\"name\":\"Informe Litoral\",\"url\":\"https:\\\/\\\/informelitoral.com.ar\\\/\",\"logo\":{\"@type\":\"ImageObject\",\"inLanguage\":\"es\",\"@id\":\"https:\\\/\\\/informelitoral.com.ar\\\/#\\\/schema\\\/logo\\\/image\\\/\",\"url\":\"https:\\\/\\\/informelitoral.com.ar\\\/%77%70%2d%63%6f%6e%74%65%6e%74\\\/uploads\\\/2021\\\/01\\\/circulo.png\",\"contentUrl\":\"https:\\\/\\\/informelitoral.com.ar\\\/%77%70%2d%63%6f%6e%74%65%6e%74\\\/uploads\\\/2021\\\/01\\\/circulo.png\",\"width\":723,\"height\":731,\"caption\":\"Informe Litoral\"},\"image\":{\"@id\":\"https:\\\/\\\/informelitoral.com.ar\\\/#\\\/schema\\\/logo\\\/image\\\/\"},\"sameAs\":[\"https:\\\/\\\/www.facebook.com\\\/informelitoral\\\/\",\"https:\\\/\\\/x.com\\\/InformeLitoral\",\"https:\\\/\\\/www.instagram.com\\\/informelitoral\\\/\",\"https:\\\/\\\/www.youtube.com\\\/channel\\\/UCua4Qvz8Icb6MYqhoq9xLXw\"]},{\"@type\":\"Person\",\"@id\":\"https:\\\/\\\/informelitoral.com.ar\\\/#\\\/schema\\\/person\\\/f05f9f461677119578717524b127d6d5\",\"name\":\"Sebastian\",\"image\":{\"@type\":\"ImageObject\",\"inLanguage\":\"es\",\"@id\":\"https:\\\/\\\/secure.gravatar.com\\\/avatar\\\/b71bf7481d447dfb9583c7f2798e7cc64de6efb9067b74633ed8c31059a3bd82?s=96&d=mm&r=g\",\"url\":\"https:\\\/\\\/secure.gravatar.com\\\/avatar\\\/b71bf7481d447dfb9583c7f2798e7cc64de6efb9067b74633ed8c31059a3bd82?s=96&d=mm&r=g\",\"contentUrl\":\"https:\\\/\\\/secure.gravatar.com\\\/avatar\\\/b71bf7481d447dfb9583c7f2798e7cc64de6efb9067b74633ed8c31059a3bd82?s=96&d=mm&r=g\",\"caption\":\"Sebastian\"},\"url\":\"https:\\\/\\\/informelitoral.com.ar\\\/author\\\/sebastian\\\/\"}]}<\/script>","yoast_head_json":{"title":"Descartaron la salida de Merentiel: el delantero ratific\u00f3 su deseo de seguir en Boca - Informe Litoral","robots":{"index":"index","follow":"follow","max-snippet":"max-snippet:-1","max-image-preview":"max-image-preview:large","max-video-preview":"max-video-preview:-1"},"canonical":"https:\/\/informelitoral.com.ar\/descartaron-la-salida-de-merentiel-el-delantero-ratifico-su-deseo-de-seguir-en-boca\/","og_locale":"es_ES","og_type":"article","og_title":"Descartaron la salida de Merentiel: el delantero ratific\u00f3 su deseo de seguir en Boca - Informe Litoral","og_description":"Tras los rumores generados por la derrota en semifinales, el futbolista uruguayo de 29 a\u00f1os confirm\u00f3 que quiere cumplir su contrato, fijado hasta 2027.","og_url":"https:\/\/informelitoral.com.ar\/descartaron-la-salida-de-merentiel-el-delantero-ratifico-su-deseo-de-seguir-en-boca\/","og_site_name":"Informe Litoral","article_publisher":"https:\/\/www.facebook.com\/informelitoral\/","article_published_time":"2025-12-10T13:08:00+00:00","article_modified_time":"2025-12-10T17:49:56+00:00","og_image":[{"url":"https:\/\/lanumero12.com.ar\/wp-content\/uploads\/2025\/12\/Miguel-Merentiel-Boca-91225.jpg","type":"","width":"","height":""}],"author":"Sebastian","twitter_card":"summary_large_image","twitter_image":"https:\/\/lanumero12.com.ar\/wp-content\/uploads\/2025\/12\/Miguel-Merentiel-Boca-91225.jpg","twitter_creator":"@InformeLitoral","twitter_site":"@InformeLitoral","twitter_misc":{"Escrito por":"Sebastian","Tiempo de lectura":"2 minutos"},"schema":{"@context":"https:\/\/schema.org","@graph":[{"@type":"Article","@id":"https:\/\/informelitoral.com.ar\/descartaron-la-salida-de-merentiel-el-delantero-ratifico-su-deseo-de-seguir-en-boca\/#article","isPartOf":{"@id":"https:\/\/informelitoral.com.ar\/descartaron-la-salida-de-merentiel-el-delantero-ratifico-su-deseo-de-seguir-en-boca\/"},"author":{"name":"Sebastian","@id":"https:\/\/informelitoral.com.ar\/#\/schema\/person\/f05f9f461677119578717524b127d6d5"},"headline":"Descartaron la salida de Merentiel: el delantero ratific\u00f3 su deseo de seguir en Boca","datePublished":"2025-12-10T13:08:00+00:00","dateModified":"2025-12-10T17:49:56+00:00","mainEntityOfPage":{"@id":"https:\/\/informelitoral.com.ar\/descartaron-la-salida-de-merentiel-el-delantero-ratifico-su-deseo-de-seguir-en-boca\/"},"wordCount":342,"commentCount":0,"publisher":{"@id":"https:\/\/informelitoral.com.ar\/#organization"},"image":{"@id":"https:\/\/informelitoral.com.ar\/descartaron-la-salida-de-merentiel-el-delantero-ratifico-su-deseo-de-seguir-en-boca\/#primaryimage"},"thumbnailUrl":"https:\/\/lanumero12.com.ar\/%77%70%2d%63%6f%6e%74%65%6e%74\/uploads\/2025\/12\/Miguel-Merentiel-Boca-91225.jpg","keywords":["Boca Juniors","Miguel Morentiel"],"articleSection":["Deportes"],"inLanguage":"es","potentialAction":[{"@type":"CommentAction","name":"Comment","target":["https:\/\/informelitoral.com.ar\/descartaron-la-salida-de-merentiel-el-delantero-ratifico-su-deseo-de-seguir-en-boca\/#respond"]}]},{"@type":"WebPage","@id":"https:\/\/informelitoral.com.ar\/descartaron-la-salida-de-merentiel-el-delantero-ratifico-su-deseo-de-seguir-en-boca\/","url":"https:\/\/informelitoral.com.ar\/descartaron-la-salida-de-merentiel-el-delantero-ratifico-su-deseo-de-seguir-en-boca\/","name":"Descartaron la salida de Merentiel: el delantero ratific\u00f3 su deseo de seguir en Boca - Informe Litoral","isPartOf":{"@id":"https:\/\/informelitoral.com.ar\/#website"},"primaryImageOfPage":{"@id":"https:\/\/informelitoral.com.ar\/descartaron-la-salida-de-merentiel-el-delantero-ratifico-su-deseo-de-seguir-en-boca\/#primaryimage"},"image":{"@id":"https:\/\/informelitoral.com.ar\/descartaron-la-salida-de-merentiel-el-delantero-ratifico-su-deseo-de-seguir-en-boca\/#primaryimage"},"thumbnailUrl":"https:\/\/lanumero12.com.ar\/%77%70%2d%63%6f%6e%74%65%6e%74\/uploads\/2025\/12\/Miguel-Merentiel-Boca-91225.jpg","datePublished":"2025-12-10T13:08:00+00:00","dateModified":"2025-12-10T17:49:56+00:00","breadcrumb":{"@id":"https:\/\/informelitoral.com.ar\/descartaron-la-salida-de-merentiel-el-delantero-ratifico-su-deseo-de-seguir-en-boca\/#breadcrumb"},"inLanguage":"es","potentialAction":[{"@type":"ReadAction","target":["https:\/\/informelitoral.com.ar\/descartaron-la-salida-de-merentiel-el-delantero-ratifico-su-deseo-de-seguir-en-boca\/"]}]},{"@type":"ImageObject","inLanguage":"es","@id":"https:\/\/informelitoral.com.ar\/descartaron-la-salida-de-merentiel-el-delantero-ratifico-su-deseo-de-seguir-en-boca\/#primaryimage","url":"https:\/\/lanumero12.com.ar\/%77%70%2d%63%6f%6e%74%65%6e%74\/uploads\/2025\/12\/Miguel-Merentiel-Boca-91225.jpg","contentUrl":"https:\/\/lanumero12.com.ar\/%77%70%2d%63%6f%6e%74%65%6e%74\/uploads\/2025\/12\/Miguel-Merentiel-Boca-91225.jpg","width":"1500","height":"900"},{"@type":"BreadcrumbList","@id":"https:\/\/informelitoral.com.ar\/descartaron-la-salida-de-merentiel-el-delantero-ratifico-su-deseo-de-seguir-en-boca\/#breadcrumb","itemListElement":[{"@type":"ListItem","position":1,"name":"Portada","item":"https:\/\/informelitoral.com.ar\/"},{"@type":"ListItem","position":2,"name":"Descartaron la salida de Merentiel: el delantero ratific\u00f3 su deseo de seguir en Boca"}]},{"@type":"WebSite","@id":"https:\/\/informelitoral.com.ar\/#website","url":"https:\/\/informelitoral.com.ar\/","name":"Informe Litoral","description":"&quot;Nos informamos&quot; ","publisher":{"@id":"https:\/\/informelitoral.com.ar\/#organization"},"potentialAction":[{"@type":"SearchAction","target":{"@type":"EntryPoint","urlTemplate":"https:\/\/informelitoral.com.ar\/?s={search_term_string}"},"query-input":{"@type":"PropertyValueSpecification","valueRequired":true,"valueName":"search_term_string"}}],"inLanguage":"es"},{"@type":"Organization","@id":"https:\/\/informelitoral.com.ar\/#organization","name":"Informe Litoral","url":"https:\/\/informelitoral.com.ar\/","logo":{"@type":"ImageObject","inLanguage":"es","@id":"https:\/\/informelitoral.com.ar\/#\/schema\/logo\/image\/","url":"https:\/\/informelitoral.com.ar\/%77%70%2d%63%6f%6e%74%65%6e%74\/uploads\/2021\/01\/circulo.png","contentUrl":"https:\/\/informelitoral.com.ar\/%77%70%2d%63%6f%6e%74%65%6e%74\/uploads\/2021\/01\/circulo.png","width":723,"height":731,"caption":"Informe Litoral"},"image":{"@id":"https:\/\/informelitoral.com.ar\/#\/schema\/logo\/image\/"},"sameAs":["https:\/\/www.facebook.com\/informelitoral\/","https:\/\/x.com\/InformeLitoral","https:\/\/www.instagram.com\/informelitoral\/","https:\/\/www.youtube.com\/channel\/UCua4Qvz8Icb6MYqhoq9xLXw"]},{"@type":"Person","@id":"https:\/\/informelitoral.com.ar\/#\/schema\/person\/f05f9f461677119578717524b127d6d5","name":"Sebastian","image":{"@type":"ImageObject","inLanguage":"es","@id":"https:\/\/secure.gravatar.com\/avatar\/b71bf7481d447dfb9583c7f2798e7cc64de6efb9067b74633ed8c31059a3bd82?s=96&d=mm&r=g","url":"https:\/\/secure.gravatar.com\/avatar\/b71bf7481d447dfb9583c7f2798e7cc64de6efb9067b74633ed8c31059a3bd82?s=96&d=mm&r=g","contentUrl":"https:\/\/secure.gravatar.com\/avatar\/b71bf7481d447dfb9583c7f2798e7cc64de6efb9067b74633ed8c31059a3bd82?s=96&d=mm&r=g","caption":"Sebastian"},"url":"https:\/\/informelitoral.com.ar\/author\/sebastian\/"}]}},"fifu_image_url":"https:\/\/lanumero12.com.ar\/wp-content\/uploads\/2025\/12\/Miguel-Merentiel-Boca-91225.jpg","_links":{"self":[{"href":"https:\/\/informelitoral.com.ar\/%77%70%2d%6a%73%6f%6e\/wp\/v2\/posts\/243070","targetHints":{"allow":["GET"]}}],"collection":[{"href":"https:\/\/informelitoral.com.ar\/%77%70%2d%6a%73%6f%6e\/wp\/v2\/posts"}],"about":[{"href":"https:\/\/informelitoral.com.ar\/%77%70%2d%6a%73%6f%6e\/wp\/v2\/types\/post"}],"author":[{"embeddable":true,"href":"https:\/\/informelitoral.com.ar\/%77%70%2d%6a%73%6f%6e\/wp\/v2\/users\/8"}],"replies":[{"embeddable":true,"href":"https:\/\/informelitoral.com.ar\/%77%70%2d%6a%73%6f%6e\/wp\/v2\/comments?post=243070"}],"version-history":[{"count":3,"href":"https:\/\/informelitoral.com.ar\/%77%70%2d%6a%73%6f%6e\/wp\/v2\/posts\/243070\/revisions"}],"predecessor-version":[{"id":243123,"href":"https:\/\/informelitoral.com.ar\/%77%70%2d%6a%73%6f%6e\/wp\/v2\/posts\/243070\/revisions\/243123"}],"wp:featuredmedia":[{"embeddable":true,"href":"https:\/\/informelitoral.com.ar\/%77%70%2d%6a%73%6f%6e\/wp\/v2\/media\/243072"}],"wp:attachment":[{"href":"https:\/\/informelitoral.com.ar\/%77%70%2d%6a%73%6f%6e\/wp\/v2\/media?parent=243070"}],"wp:term":[{"taxonomy":"category","embeddable":true,"href":"https:\/\/informelitoral.com.ar\/%77%70%2d%6a%73%6f%6e\/wp\/v2\/categories?post=243070"},{"taxonomy":"post_tag","embeddable":true,"href":"https:\/\/informelitoral.com.ar\/%77%70%2d%6a%73%6f%6e\/wp\/v2\/tags?post=243070"}],"curies":[{"name":"wp","href":"https:\/\/api.w.org\/{rel}","templated":true}]}}