{"id":242873,"date":"2025-12-09T09:07:04","date_gmt":"2025-12-09T12:07:04","guid":{"rendered":"https:\/\/informelitoral.com.ar\/?p=242873"},"modified":"2025-12-09T09:08:53","modified_gmt":"2025-12-09T12:08:53","slug":"con-mano-de-obra-local-concretan-mejoras-a-la-infraestructura-del-parque-islas-y-canales-verdes","status":"publish","type":"post","link":"https:\/\/informelitoral.com.ar\/con-mano-de-obra-local-concretan-mejoras-a-la-infraestructura-del-parque-islas-y-canales-verdes\/","title":{"rendered":"Con mano de obra local concretan mejoras a la infraestructura del Parque Islas y Canales Verdes"},"content":{"rendered":"<p>La propuesta se impulsa a trav\u00e9s de un convenio firmado por la secretaria de Ambiente, Rosa Hojman y Alicia Fregonese, titular del Consejo General de Educaci\u00f3n.<\/p>\n<p>El plan se orienta a la refuncionalizaci\u00f3n estrat\u00e9gica del edificio de la Escuela Primaria N\u00b0 105 \u00abAlmirante Brown\u00bb, cuya administraci\u00f3n fue transferida a la Secretar\u00eda. El inmueble se destinar\u00e1 al desarrollo de un espacio de usos m\u00faltiples para el parque, con perfil de centro de interpretaci\u00f3n y \u00e1mbito de educaci\u00f3n ambiental. La disponibilidad del edificio facilita su r\u00e1pida adecuaci\u00f3n como punto de encuentro e informaci\u00f3n, en plena sinton\u00eda con los objetivos de conservaci\u00f3n establecidos por la ley.<\/p>\n<p>Las tareas de refacci\u00f3n y adecuaci\u00f3n buscan mejorar la experiencia de la comunidad y de los visitantes del parque, y ser\u00e1n realizadas mediante mano de obra local. El dise\u00f1o y ejecuci\u00f3n de las tareas est\u00e1n a cargo de los equipos t\u00e9cnicos de WCS y Banco de Bosques, aliados estrat\u00e9gicos que concibieron el espacio como la \u00abcarta de presentaci\u00f3n\u00bb del \u00e1rea natural protegida, integrando contenido museogr\u00e1fico y operativo esencial.<\/p>\n<p><a href=\"https:\/\/drive.google.com\/thumbnail?id=1-DUPOAnN--6cGe2BraQT9GP1pNMJ0zwe&amp;sz=w2048\"><img loading=\"lazy\" decoding=\"async\" class=\"aligncenter wp-image-242876 size-large\" src=\"https:\/\/drive.google.com\/thumbnail?id=1-DUPOAnN--6cGe2BraQT9GP1pNMJ0zwe&amp;sz=w2048-h2048\" alt=\"\" width=\"1024\" height=\"1024\" \/><\/a><\/p>\n<p>Hojman destac\u00f3: \u00abEsta sinergia nos permite transformar un espacio actualmente ocioso en un activo estrat\u00e9gico para la conservaci\u00f3n y la educaci\u00f3n ambiental. La puesta en valor de este predio educativo refuerza el esp\u00edritu de la Ley N\u00b0 10.871 y le otorga un nuevo prop\u00f3sito al patrimonio p\u00fablico.\u00bb<\/p>\n<p>Por su parte, Fregonese, subray\u00f3: \u00abDesde el Consejo impulsamos que el patrimonio edilicio de la provincia contribuya activamente al fortalecimiento de la gesti\u00f3n integral del Parque y a la promoci\u00f3n de la cultura ambiental. Es un compromiso que sostenemos con firmeza\u00bb. Adem\u00e1s, record\u00f3 que \u00abjunto a la Fundaci\u00f3n Banco de Bosques ya hemos celebrado un convenio centrado en la educaci\u00f3n ambiental, creando un Espacio Educativo al Aire Libre en el \u00c1rea Natural Protegida Islas y Canales Verdes del R\u00edo Uruguay, donde ofrecemos actividades gratuitas como kayak y senderismo para estudiantes, as\u00ed como integramos el programa `Entre R\u00edos Acampa\u00bf para acercar la naturaleza a las escuelas de la provincia\u00bb.<\/p>\n<p>Cabe destacar tambi\u00e9n que la mejora en la infraestructura permitir\u00e1 optimizar las tareas de fiscalizaci\u00f3n y proveer un \u00e1mbito adecuado para el personal que cumple funciones de guardaparques.<\/p>\n<h6><em><strong>Del archivo:\u00a0<a href=\"https:\/\/informelitoral.com.ar\/entre-rios-y-santa-fe-coordinaron-normativas-para-proteger-la-pesca-en-el-rio-parana\/\" target=\"_blank\" rel=\"noopener\">Entre R\u00edos y Santa Fe coordinaron normativas para proteger la pesca en el r\u00edo Paran\u00e1<\/a><\/strong><\/em><\/h6>\n","protected":false},"excerpt":{"rendered":"<p>El gobierno avanza en la gesti\u00f3n y conservaci\u00f3n del Parque Provincial Islas y Canales Verdes del R\u00edo Uruguay, creado por la Ley N\u00b0 10.871. Se trata de una iniciativa destinada a poner en valor un edificio educativo actualmente sin uso activo, que ser\u00e1 transformado en la principal infraestructura de recepci\u00f3n y contacto con la ciudadan\u00eda del \u00e1rea natural protegida.<\/p>\n","protected":false},"author":8,"featured_media":242874,"comment_status":"open","ping_status":"open","sticky":false,"template":"","format":"standard","meta":{"fifu_image_url":"","fifu_image_alt":"","footnotes":""},"categories":[6],"tags":[845,6281,1758,4737,6280],"class_list":{"0":"post-242873","1":"post","2":"type-post","3":"status-publish","4":"format-standard","5":"has-post-thumbnail","7":"category-entre-rios","8":"tag-alicia-fregonese","9":"tag-canales-verdes","10":"tag-consejo-general-de-educacion","11":"tag-guardaparques","12":"tag-parque-islas"},"yoast_head":"<title>Con mano de obra local concretan mejoras a la infraestructura del Parque Islas y Canales Verdes - Informe Litoral<\/title>\n<meta name=\"robots\" content=\"index, follow, max-snippet:-1, max-image-preview:large, max-video-preview:-1\" \/>\n<link rel=\"canonical\" href=\"https:\/\/informelitoral.com.ar\/con-mano-de-obra-local-concretan-mejoras-a-la-infraestructura-del-parque-islas-y-canales-verdes\/\" \/>\n<meta property=\"og:locale\" content=\"es_ES\" \/>\n<meta property=\"og:type\" content=\"article\" \/>\n<meta property=\"og:title\" content=\"Con mano de obra local concretan mejoras a la infraestructura del Parque Islas y Canales Verdes - Informe Litoral\" \/>\n<meta property=\"og:description\" content=\"El gobierno avanza en la gesti\u00f3n y conservaci\u00f3n del Parque Provincial Islas y Canales Verdes del R\u00edo Uruguay, creado por la Ley N\u00b0 10.871. Se trata de una iniciativa destinada a poner en valor un edificio educativo actualmente sin uso activo, que ser\u00e1 transformado en la principal infraestructura de recepci\u00f3n y contacto con la ciudadan\u00eda del \u00e1rea natural protegida.\" \/>\n<meta property=\"og:url\" content=\"https:\/\/informelitoral.com.ar\/con-mano-de-obra-local-concretan-mejoras-a-la-infraestructura-del-parque-islas-y-canales-verdes\/\" \/>\n<meta property=\"og:site_name\" content=\"Informe Litoral\" \/>\n<meta property=\"article:publisher\" content=\"https:\/\/www.facebook.com\/informelitoral\/\" \/>\n<meta property=\"article:published_time\" content=\"2025-12-09T12:07:04+00:00\" \/>\n<meta property=\"article:modified_time\" content=\"2025-12-09T12:08:53+00:00\" \/>\n<meta property=\"og:image\" content=\"https:\/\/drive.google.com\/thumbnail?id=1sAPIS5w2AWYytdHTiNU0Ebku43Y0E-mG&sz=w2048\" \/>\n\t<meta property=\"og:image:width\" content=\"1600\" \/>\n\t<meta property=\"og:image:height\" content=\"1067\" \/>\n\t<meta property=\"og:image:type\" content=\"image\/jpeg\" \/>\n<meta name=\"author\" content=\"Sebastian\" \/>\n<meta name=\"twitter:card\" content=\"summary_large_image\" \/>\n<meta name=\"twitter:creator\" content=\"@InformeLitoral\" \/>\n<meta name=\"twitter:site\" content=\"@InformeLitoral\" \/>\n<meta name=\"twitter:label1\" content=\"Escrito por\" \/>\n\t<meta name=\"twitter:data1\" content=\"Sebastian\" \/>\n\t<meta name=\"twitter:label2\" content=\"Tiempo de lectura\" \/>\n\t<meta name=\"twitter:data2\" content=\"3 minutos\" \/>\n<script type=\"application\/ld+json\" class=\"yoast-schema-graph\">{\"@context\":\"https:\\\/\\\/schema.org\",\"@graph\":[{\"@type\":\"Article\",\"@id\":\"https:\\\/\\\/informelitoral.com.ar\\\/con-mano-de-obra-local-concretan-mejoras-a-la-infraestructura-del-parque-islas-y-canales-verdes\\\/#article\",\"isPartOf\":{\"@id\":\"https:\\\/\\\/informelitoral.com.ar\\\/con-mano-de-obra-local-concretan-mejoras-a-la-infraestructura-del-parque-islas-y-canales-verdes\\\/\"},\"author\":{\"name\":\"Sebastian\",\"@id\":\"https:\\\/\\\/informelitoral.com.ar\\\/#\\\/schema\\\/person\\\/f05f9f461677119578717524b127d6d5\"},\"headline\":\"Con mano de obra local concretan mejoras a la infraestructura del Parque Islas y Canales Verdes\",\"datePublished\":\"2025-12-09T12:07:04+00:00\",\"dateModified\":\"2025-12-09T12:08:53+00:00\",\"mainEntityOfPage\":{\"@id\":\"https:\\\/\\\/informelitoral.com.ar\\\/con-mano-de-obra-local-concretan-mejoras-a-la-infraestructura-del-parque-islas-y-canales-verdes\\\/\"},\"wordCount\":426,\"commentCount\":0,\"publisher\":{\"@id\":\"https:\\\/\\\/informelitoral.com.ar\\\/#organization\"},\"image\":{\"@id\":\"https:\\\/\\\/informelitoral.com.ar\\\/con-mano-de-obra-local-concretan-mejoras-a-la-infraestructura-del-parque-islas-y-canales-verdes\\\/#primaryimage\"},\"thumbnailUrl\":\"https:\\\/\\\/drive.google.com\\\/thumbnail?id=1sAPIS5w2AWYytdHTiNU0Ebku43Y0E-mG&sz=w2048\",\"keywords\":[\"Alicia Fregonese\",\"Canales Verdes\",\"Consejo General de Educaci\u00f3n\",\"Guardaparques\",\"Parque Islas\"],\"articleSection\":[\"Entre R\u00edos\"],\"inLanguage\":\"es\",\"potentialAction\":[{\"@type\":\"CommentAction\",\"name\":\"Comment\",\"target\":[\"https:\\\/\\\/informelitoral.com.ar\\\/con-mano-de-obra-local-concretan-mejoras-a-la-infraestructura-del-parque-islas-y-canales-verdes\\\/#respond\"]}]},{\"@type\":\"WebPage\",\"@id\":\"https:\\\/\\\/informelitoral.com.ar\\\/con-mano-de-obra-local-concretan-mejoras-a-la-infraestructura-del-parque-islas-y-canales-verdes\\\/\",\"url\":\"https:\\\/\\\/informelitoral.com.ar\\\/con-mano-de-obra-local-concretan-mejoras-a-la-infraestructura-del-parque-islas-y-canales-verdes\\\/\",\"name\":\"Con mano de obra local concretan mejoras a la infraestructura del Parque Islas y Canales Verdes - Informe Litoral\",\"isPartOf\":{\"@id\":\"https:\\\/\\\/informelitoral.com.ar\\\/#website\"},\"primaryImageOfPage\":{\"@id\":\"https:\\\/\\\/informelitoral.com.ar\\\/con-mano-de-obra-local-concretan-mejoras-a-la-infraestructura-del-parque-islas-y-canales-verdes\\\/#primaryimage\"},\"image\":{\"@id\":\"https:\\\/\\\/informelitoral.com.ar\\\/con-mano-de-obra-local-concretan-mejoras-a-la-infraestructura-del-parque-islas-y-canales-verdes\\\/#primaryimage\"},\"thumbnailUrl\":\"https:\\\/\\\/drive.google.com\\\/thumbnail?id=1sAPIS5w2AWYytdHTiNU0Ebku43Y0E-mG&sz=w2048\",\"datePublished\":\"2025-12-09T12:07:04+00:00\",\"dateModified\":\"2025-12-09T12:08:53+00:00\",\"breadcrumb\":{\"@id\":\"https:\\\/\\\/informelitoral.com.ar\\\/con-mano-de-obra-local-concretan-mejoras-a-la-infraestructura-del-parque-islas-y-canales-verdes\\\/#breadcrumb\"},\"inLanguage\":\"es\",\"potentialAction\":[{\"@type\":\"ReadAction\",\"target\":[\"https:\\\/\\\/informelitoral.com.ar\\\/con-mano-de-obra-local-concretan-mejoras-a-la-infraestructura-del-parque-islas-y-canales-verdes\\\/\"]}]},{\"@type\":\"ImageObject\",\"inLanguage\":\"es\",\"@id\":\"https:\\\/\\\/informelitoral.com.ar\\\/con-mano-de-obra-local-concretan-mejoras-a-la-infraestructura-del-parque-islas-y-canales-verdes\\\/#primaryimage\",\"url\":\"https:\\\/\\\/drive.google.com\\\/thumbnail?id=1sAPIS5w2AWYytdHTiNU0Ebku43Y0E-mG&sz=w2048\",\"contentUrl\":\"https:\\\/\\\/drive.google.com\\\/thumbnail?id=1sAPIS5w2AWYytdHTiNU0Ebku43Y0E-mG&sz=w2048\",\"width\":1600,\"height\":1067},{\"@type\":\"BreadcrumbList\",\"@id\":\"https:\\\/\\\/informelitoral.com.ar\\\/con-mano-de-obra-local-concretan-mejoras-a-la-infraestructura-del-parque-islas-y-canales-verdes\\\/#breadcrumb\",\"itemListElement\":[{\"@type\":\"ListItem\",\"position\":1,\"name\":\"Portada\",\"item\":\"https:\\\/\\\/informelitoral.com.ar\\\/\"},{\"@type\":\"ListItem\",\"position\":2,\"name\":\"Con mano de obra local concretan mejoras a la infraestructura del Parque Islas y Canales Verdes\"}]},{\"@type\":\"WebSite\",\"@id\":\"https:\\\/\\\/informelitoral.com.ar\\\/#website\",\"url\":\"https:\\\/\\\/informelitoral.com.ar\\\/\",\"name\":\"Informe Litoral\",\"description\":\"&quot;Nos informamos&quot; \",\"publisher\":{\"@id\":\"https:\\\/\\\/informelitoral.com.ar\\\/#organization\"},\"potentialAction\":[{\"@type\":\"SearchAction\",\"target\":{\"@type\":\"EntryPoint\",\"urlTemplate\":\"https:\\\/\\\/informelitoral.com.ar\\\/?s={search_term_string}\"},\"query-input\":{\"@type\":\"PropertyValueSpecification\",\"valueRequired\":true,\"valueName\":\"search_term_string\"}}],\"inLanguage\":\"es\"},{\"@type\":\"Organization\",\"@id\":\"https:\\\/\\\/informelitoral.com.ar\\\/#organization\",\"name\":\"Informe Litoral\",\"url\":\"https:\\\/\\\/informelitoral.com.ar\\\/\",\"logo\":{\"@type\":\"ImageObject\",\"inLanguage\":\"es\",\"@id\":\"https:\\\/\\\/informelitoral.com.ar\\\/#\\\/schema\\\/logo\\\/image\\\/\",\"url\":\"https:\\\/\\\/informelitoral.com.ar\\\/%77%70%2d%63%6f%6e%74%65%6e%74\\\/uploads\\\/2021\\\/01\\\/circulo.png\",\"contentUrl\":\"https:\\\/\\\/informelitoral.com.ar\\\/%77%70%2d%63%6f%6e%74%65%6e%74\\\/uploads\\\/2021\\\/01\\\/circulo.png\",\"width\":723,\"height\":731,\"caption\":\"Informe Litoral\"},\"image\":{\"@id\":\"https:\\\/\\\/informelitoral.com.ar\\\/#\\\/schema\\\/logo\\\/image\\\/\"},\"sameAs\":[\"https:\\\/\\\/www.facebook.com\\\/informelitoral\\\/\",\"https:\\\/\\\/x.com\\\/InformeLitoral\",\"https:\\\/\\\/www.instagram.com\\\/informelitoral\\\/\",\"https:\\\/\\\/www.youtube.com\\\/channel\\\/UCua4Qvz8Icb6MYqhoq9xLXw\"]},{\"@type\":\"Person\",\"@id\":\"https:\\\/\\\/informelitoral.com.ar\\\/#\\\/schema\\\/person\\\/f05f9f461677119578717524b127d6d5\",\"name\":\"Sebastian\",\"image\":{\"@type\":\"ImageObject\",\"inLanguage\":\"es\",\"@id\":\"https:\\\/\\\/secure.gravatar.com\\\/avatar\\\/b71bf7481d447dfb9583c7f2798e7cc64de6efb9067b74633ed8c31059a3bd82?s=96&d=mm&r=g\",\"url\":\"https:\\\/\\\/secure.gravatar.com\\\/avatar\\\/b71bf7481d447dfb9583c7f2798e7cc64de6efb9067b74633ed8c31059a3bd82?s=96&d=mm&r=g\",\"contentUrl\":\"https:\\\/\\\/secure.gravatar.com\\\/avatar\\\/b71bf7481d447dfb9583c7f2798e7cc64de6efb9067b74633ed8c31059a3bd82?s=96&d=mm&r=g\",\"caption\":\"Sebastian\"},\"url\":\"https:\\\/\\\/informelitoral.com.ar\\\/author\\\/sebastian\\\/\"}]}<\/script>","yoast_head_json":{"title":"Con mano de obra local concretan mejoras a la infraestructura del Parque Islas y Canales Verdes - Informe Litoral","robots":{"index":"index","follow":"follow","max-snippet":"max-snippet:-1","max-image-preview":"max-image-preview:large","max-video-preview":"max-video-preview:-1"},"canonical":"https:\/\/informelitoral.com.ar\/con-mano-de-obra-local-concretan-mejoras-a-la-infraestructura-del-parque-islas-y-canales-verdes\/","og_locale":"es_ES","og_type":"article","og_title":"Con mano de obra local concretan mejoras a la infraestructura del Parque Islas y Canales Verdes - Informe Litoral","og_description":"El gobierno avanza en la gesti\u00f3n y conservaci\u00f3n del Parque Provincial Islas y Canales Verdes del R\u00edo Uruguay, creado por la Ley N\u00b0 10.871. Se trata de una iniciativa destinada a poner en valor un edificio educativo actualmente sin uso activo, que ser\u00e1 transformado en la principal infraestructura de recepci\u00f3n y contacto con la ciudadan\u00eda del \u00e1rea natural protegida.","og_url":"https:\/\/informelitoral.com.ar\/con-mano-de-obra-local-concretan-mejoras-a-la-infraestructura-del-parque-islas-y-canales-verdes\/","og_site_name":"Informe Litoral","article_publisher":"https:\/\/www.facebook.com\/informelitoral\/","article_published_time":"2025-12-09T12:07:04+00:00","article_modified_time":"2025-12-09T12:08:53+00:00","og_image":[{"width":1600,"height":1067,"url":"https:\/\/drive.google.com\/thumbnail?id=1sAPIS5w2AWYytdHTiNU0Ebku43Y0E-mG&sz=w2048","type":"image\/jpeg"}],"author":"Sebastian","twitter_card":"summary_large_image","twitter_creator":"@InformeLitoral","twitter_site":"@InformeLitoral","twitter_misc":{"Escrito por":"Sebastian","Tiempo de lectura":"3 minutos"},"schema":{"@context":"https:\/\/schema.org","@graph":[{"@type":"Article","@id":"https:\/\/informelitoral.com.ar\/con-mano-de-obra-local-concretan-mejoras-a-la-infraestructura-del-parque-islas-y-canales-verdes\/#article","isPartOf":{"@id":"https:\/\/informelitoral.com.ar\/con-mano-de-obra-local-concretan-mejoras-a-la-infraestructura-del-parque-islas-y-canales-verdes\/"},"author":{"name":"Sebastian","@id":"https:\/\/informelitoral.com.ar\/#\/schema\/person\/f05f9f461677119578717524b127d6d5"},"headline":"Con mano de obra local concretan mejoras a la infraestructura del Parque Islas y Canales Verdes","datePublished":"2025-12-09T12:07:04+00:00","dateModified":"2025-12-09T12:08:53+00:00","mainEntityOfPage":{"@id":"https:\/\/informelitoral.com.ar\/con-mano-de-obra-local-concretan-mejoras-a-la-infraestructura-del-parque-islas-y-canales-verdes\/"},"wordCount":426,"commentCount":0,"publisher":{"@id":"https:\/\/informelitoral.com.ar\/#organization"},"image":{"@id":"https:\/\/informelitoral.com.ar\/con-mano-de-obra-local-concretan-mejoras-a-la-infraestructura-del-parque-islas-y-canales-verdes\/#primaryimage"},"thumbnailUrl":"https:\/\/drive.google.com\/thumbnail?id=1sAPIS5w2AWYytdHTiNU0Ebku43Y0E-mG&sz=w2048","keywords":["Alicia Fregonese","Canales Verdes","Consejo General de Educaci\u00f3n","Guardaparques","Parque Islas"],"articleSection":["Entre R\u00edos"],"inLanguage":"es","potentialAction":[{"@type":"CommentAction","name":"Comment","target":["https:\/\/informelitoral.com.ar\/con-mano-de-obra-local-concretan-mejoras-a-la-infraestructura-del-parque-islas-y-canales-verdes\/#respond"]}]},{"@type":"WebPage","@id":"https:\/\/informelitoral.com.ar\/con-mano-de-obra-local-concretan-mejoras-a-la-infraestructura-del-parque-islas-y-canales-verdes\/","url":"https:\/\/informelitoral.com.ar\/con-mano-de-obra-local-concretan-mejoras-a-la-infraestructura-del-parque-islas-y-canales-verdes\/","name":"Con mano de obra local concretan mejoras a la infraestructura del Parque Islas y Canales Verdes - Informe Litoral","isPartOf":{"@id":"https:\/\/informelitoral.com.ar\/#website"},"primaryImageOfPage":{"@id":"https:\/\/informelitoral.com.ar\/con-mano-de-obra-local-concretan-mejoras-a-la-infraestructura-del-parque-islas-y-canales-verdes\/#primaryimage"},"image":{"@id":"https:\/\/informelitoral.com.ar\/con-mano-de-obra-local-concretan-mejoras-a-la-infraestructura-del-parque-islas-y-canales-verdes\/#primaryimage"},"thumbnailUrl":"https:\/\/drive.google.com\/thumbnail?id=1sAPIS5w2AWYytdHTiNU0Ebku43Y0E-mG&sz=w2048","datePublished":"2025-12-09T12:07:04+00:00","dateModified":"2025-12-09T12:08:53+00:00","breadcrumb":{"@id":"https:\/\/informelitoral.com.ar\/con-mano-de-obra-local-concretan-mejoras-a-la-infraestructura-del-parque-islas-y-canales-verdes\/#breadcrumb"},"inLanguage":"es","potentialAction":[{"@type":"ReadAction","target":["https:\/\/informelitoral.com.ar\/con-mano-de-obra-local-concretan-mejoras-a-la-infraestructura-del-parque-islas-y-canales-verdes\/"]}]},{"@type":"ImageObject","inLanguage":"es","@id":"https:\/\/informelitoral.com.ar\/con-mano-de-obra-local-concretan-mejoras-a-la-infraestructura-del-parque-islas-y-canales-verdes\/#primaryimage","url":"https:\/\/drive.google.com\/thumbnail?id=1sAPIS5w2AWYytdHTiNU0Ebku43Y0E-mG&sz=w2048","contentUrl":"https:\/\/drive.google.com\/thumbnail?id=1sAPIS5w2AWYytdHTiNU0Ebku43Y0E-mG&sz=w2048","width":1600,"height":1067},{"@type":"BreadcrumbList","@id":"https:\/\/informelitoral.com.ar\/con-mano-de-obra-local-concretan-mejoras-a-la-infraestructura-del-parque-islas-y-canales-verdes\/#breadcrumb","itemListElement":[{"@type":"ListItem","position":1,"name":"Portada","item":"https:\/\/informelitoral.com.ar\/"},{"@type":"ListItem","position":2,"name":"Con mano de obra local concretan mejoras a la infraestructura del Parque Islas y Canales Verdes"}]},{"@type":"WebSite","@id":"https:\/\/informelitoral.com.ar\/#website","url":"https:\/\/informelitoral.com.ar\/","name":"Informe Litoral","description":"&quot;Nos informamos&quot; ","publisher":{"@id":"https:\/\/informelitoral.com.ar\/#organization"},"potentialAction":[{"@type":"SearchAction","target":{"@type":"EntryPoint","urlTemplate":"https:\/\/informelitoral.com.ar\/?s={search_term_string}"},"query-input":{"@type":"PropertyValueSpecification","valueRequired":true,"valueName":"search_term_string"}}],"inLanguage":"es"},{"@type":"Organization","@id":"https:\/\/informelitoral.com.ar\/#organization","name":"Informe Litoral","url":"https:\/\/informelitoral.com.ar\/","logo":{"@type":"ImageObject","inLanguage":"es","@id":"https:\/\/informelitoral.com.ar\/#\/schema\/logo\/image\/","url":"https:\/\/informelitoral.com.ar\/%77%70%2d%63%6f%6e%74%65%6e%74\/uploads\/2021\/01\/circulo.png","contentUrl":"https:\/\/informelitoral.com.ar\/%77%70%2d%63%6f%6e%74%65%6e%74\/uploads\/2021\/01\/circulo.png","width":723,"height":731,"caption":"Informe Litoral"},"image":{"@id":"https:\/\/informelitoral.com.ar\/#\/schema\/logo\/image\/"},"sameAs":["https:\/\/www.facebook.com\/informelitoral\/","https:\/\/x.com\/InformeLitoral","https:\/\/www.instagram.com\/informelitoral\/","https:\/\/www.youtube.com\/channel\/UCua4Qvz8Icb6MYqhoq9xLXw"]},{"@type":"Person","@id":"https:\/\/informelitoral.com.ar\/#\/schema\/person\/f05f9f461677119578717524b127d6d5","name":"Sebastian","image":{"@type":"ImageObject","inLanguage":"es","@id":"https:\/\/secure.gravatar.com\/avatar\/b71bf7481d447dfb9583c7f2798e7cc64de6efb9067b74633ed8c31059a3bd82?s=96&d=mm&r=g","url":"https:\/\/secure.gravatar.com\/avatar\/b71bf7481d447dfb9583c7f2798e7cc64de6efb9067b74633ed8c31059a3bd82?s=96&d=mm&r=g","contentUrl":"https:\/\/secure.gravatar.com\/avatar\/b71bf7481d447dfb9583c7f2798e7cc64de6efb9067b74633ed8c31059a3bd82?s=96&d=mm&r=g","caption":"Sebastian"},"url":"https:\/\/informelitoral.com.ar\/author\/sebastian\/"}]}},"_links":{"self":[{"href":"https:\/\/informelitoral.com.ar\/%77%70%2d%6a%73%6f%6e\/wp\/v2\/posts\/242873","targetHints":{"allow":["GET"]}}],"collection":[{"href":"https:\/\/informelitoral.com.ar\/%77%70%2d%6a%73%6f%6e\/wp\/v2\/posts"}],"about":[{"href":"https:\/\/informelitoral.com.ar\/%77%70%2d%6a%73%6f%6e\/wp\/v2\/types\/post"}],"author":[{"embeddable":true,"href":"https:\/\/informelitoral.com.ar\/%77%70%2d%6a%73%6f%6e\/wp\/v2\/users\/8"}],"replies":[{"embeddable":true,"href":"https:\/\/informelitoral.com.ar\/%77%70%2d%6a%73%6f%6e\/wp\/v2\/comments?post=242873"}],"version-history":[{"count":3,"href":"https:\/\/informelitoral.com.ar\/%77%70%2d%6a%73%6f%6e\/wp\/v2\/posts\/242873\/revisions"}],"predecessor-version":[{"id":242878,"href":"https:\/\/informelitoral.com.ar\/%77%70%2d%6a%73%6f%6e\/wp\/v2\/posts\/242873\/revisions\/242878"}],"wp:featuredmedia":[{"embeddable":true,"href":"https:\/\/informelitoral.com.ar\/%77%70%2d%6a%73%6f%6e\/wp\/v2\/media\/242874"}],"wp:attachment":[{"href":"https:\/\/informelitoral.com.ar\/%77%70%2d%6a%73%6f%6e\/wp\/v2\/media?parent=242873"}],"wp:term":[{"taxonomy":"category","embeddable":true,"href":"https:\/\/informelitoral.com.ar\/%77%70%2d%6a%73%6f%6e\/wp\/v2\/categories?post=242873"},{"taxonomy":"post_tag","embeddable":true,"href":"https:\/\/informelitoral.com.ar\/%77%70%2d%6a%73%6f%6e\/wp\/v2\/tags?post=242873"}],"curies":[{"name":"wp","href":"https:\/\/api.w.org\/{rel}","templated":true}]}}