{"id":242789,"date":"2025-12-07T18:19:35","date_gmt":"2025-12-07T21:19:35","guid":{"rendered":"https:\/\/informelitoral.com.ar\/?p=242789"},"modified":"2025-12-07T18:32:01","modified_gmt":"2025-12-07T21:32:01","slug":"crespo-empleados-redujeron-a-un-hombre-que-intentaba-robar-en-una-granja","status":"publish","type":"post","link":"https:\/\/informelitoral.com.ar\/crespo-empleados-redujeron-a-un-hombre-que-intentaba-robar-en-una-granja\/","title":{"rendered":"Crespo: empleados de una granja redujeron a un hombre que intentaba robar"},"content":{"rendered":"<p data-path-to-node=\"5\">La Comisar\u00eda de Crespo inform\u00f3 sobre la detenci\u00f3n de un hombre mayor de edad por el presunto delito de <b>Hurto en Flagrancia<\/b>, ocurrido el pasado s\u00e1bado.<\/p>\n<p data-path-to-node=\"7\">El suceso comenz\u00f3 cuando la oficina de guardia de la polic\u00eda recibi\u00f3 un llamado telef\u00f3nico que alertaba sobre la presencia de una persona en el interior de una granja, ubicada en la zona de 1 de mayo y Ruta 12. El individuo se encontraba <b>robando elementos de un veh\u00edculo<\/b> que estaba estacionado en el lugar.<\/p>\n<p data-path-to-node=\"8\">Antes de la llegada de las autoridades, el hombre hab\u00eda sido <b>reducido e inmovilizado por dos empleados<\/b> de la granja, quienes lo sorprendieron en el acto.<\/p>\n<p data-path-to-node=\"9\">Al llegar la presencia policial, los agentes procedieron a la <b>aprehensi\u00f3n inmediata<\/b> del individuo y a su posterior traslado a la dependencia. En el lugar, la polic\u00eda <b>secuestr\u00f3 la suma de $16.000,00 pesos<\/b>.<\/p>\n<p data-path-to-node=\"11\">Tras tomar conocimiento de lo ocurrido, se estableci\u00f3 comunicaci\u00f3n con la Fiscal de la Unidad de Investigaci\u00f3n y Litigaci\u00f3n en turno, la <b>Dra. Mercedes Nin<\/b>. La magistrada, una vez interiorizada de los detalles del hecho, orden\u00f3 que el masculino sea <b>trasladado a Tribunales<\/b> para responder por el supuesto delito de Hurto en Flagrancia.(<em>Informe Litoral<\/em>)<\/p>\n","protected":false},"excerpt":{"rendered":"<p>El hecho ocurri\u00f3 el s\u00e1bado en la zona de Ruta 12.<\/p>\n","protected":false},"author":8,"featured_media":242791,"comment_status":"open","ping_status":"open","sticky":false,"template":"","format":"standard","meta":{"fifu_image_url":"","fifu_image_alt":"","footnotes":""},"categories":[14],"tags":[208,3463],"class_list":{"0":"post-242789","1":"post","2":"type-post","3":"status-publish","4":"format-standard","5":"has-post-thumbnail","7":"category-policiales","8":"tag-crespo","9":"tag-intento-de-robo"},"yoast_head":"<title>Crespo: empleados de una granja redujeron a un hombre que intentaba robar - Informe Litoral<\/title>\n<meta name=\"robots\" content=\"index, follow, max-snippet:-1, max-image-preview:large, max-video-preview:-1\" \/>\n<link rel=\"canonical\" href=\"https:\/\/informelitoral.com.ar\/crespo-empleados-redujeron-a-un-hombre-que-intentaba-robar-en-una-granja\/\" \/>\n<meta property=\"og:locale\" content=\"es_ES\" \/>\n<meta property=\"og:type\" content=\"article\" \/>\n<meta property=\"og:title\" content=\"Crespo: empleados de una granja redujeron a un hombre que intentaba robar - Informe Litoral\" \/>\n<meta property=\"og:description\" content=\"El hecho ocurri\u00f3 el s\u00e1bado en la zona de Ruta 12.\" \/>\n<meta property=\"og:url\" content=\"https:\/\/informelitoral.com.ar\/crespo-empleados-redujeron-a-un-hombre-que-intentaba-robar-en-una-granja\/\" \/>\n<meta property=\"og:site_name\" content=\"Informe Litoral\" \/>\n<meta property=\"article:publisher\" content=\"https:\/\/www.facebook.com\/informelitoral\/\" \/>\n<meta property=\"article:published_time\" content=\"2025-12-07T21:19:35+00:00\" \/>\n<meta property=\"article:modified_time\" content=\"2025-12-07T21:32:01+00:00\" \/>\n<meta property=\"og:image\" content=\"https:\/\/drive.google.com\/thumbnail?id=1JjbEE-KUADObdFGSC2_EGXeSa9isKU-O&sz=w2048\" \/>\n\t<meta property=\"og:image:width\" content=\"1549\" \/>\n\t<meta property=\"og:image:height\" content=\"753\" \/>\n\t<meta property=\"og:image:type\" content=\"image\/jpeg\" \/>\n<meta name=\"author\" content=\"Sebastian\" \/>\n<meta name=\"twitter:card\" content=\"summary_large_image\" \/>\n<meta name=\"twitter:creator\" content=\"@InformeLitoral\" \/>\n<meta name=\"twitter:site\" content=\"@InformeLitoral\" \/>\n<meta name=\"twitter:label1\" content=\"Escrito por\" \/>\n\t<meta name=\"twitter:data1\" content=\"Sebastian\" \/>\n\t<meta name=\"twitter:label2\" content=\"Tiempo de lectura\" \/>\n\t<meta name=\"twitter:data2\" content=\"2 minutos\" \/>\n<script type=\"application\/ld+json\" class=\"yoast-schema-graph\">{\"@context\":\"https:\\\/\\\/schema.org\",\"@graph\":[{\"@type\":\"Article\",\"@id\":\"https:\\\/\\\/informelitoral.com.ar\\\/crespo-empleados-redujeron-a-un-hombre-que-intentaba-robar-en-una-granja\\\/#article\",\"isPartOf\":{\"@id\":\"https:\\\/\\\/informelitoral.com.ar\\\/crespo-empleados-redujeron-a-un-hombre-que-intentaba-robar-en-una-granja\\\/\"},\"author\":{\"name\":\"Sebastian\",\"@id\":\"https:\\\/\\\/informelitoral.com.ar\\\/#\\\/schema\\\/person\\\/f05f9f461677119578717524b127d6d5\"},\"headline\":\"Crespo: empleados de una granja redujeron a un hombre que intentaba robar\",\"datePublished\":\"2025-12-07T21:19:35+00:00\",\"dateModified\":\"2025-12-07T21:32:01+00:00\",\"mainEntityOfPage\":{\"@id\":\"https:\\\/\\\/informelitoral.com.ar\\\/crespo-empleados-redujeron-a-un-hombre-que-intentaba-robar-en-una-granja\\\/\"},\"wordCount\":216,\"commentCount\":0,\"publisher\":{\"@id\":\"https:\\\/\\\/informelitoral.com.ar\\\/#organization\"},\"image\":{\"@id\":\"https:\\\/\\\/informelitoral.com.ar\\\/crespo-empleados-redujeron-a-un-hombre-que-intentaba-robar-en-una-granja\\\/#primaryimage\"},\"thumbnailUrl\":\"https:\\\/\\\/drive.google.com\\\/thumbnail?id=1JjbEE-KUADObdFGSC2_EGXeSa9isKU-O&sz=w2048\",\"keywords\":[\"Crespo\",\"Intento de robo\"],\"articleSection\":[\"Policiales\"],\"inLanguage\":\"es\",\"potentialAction\":[{\"@type\":\"CommentAction\",\"name\":\"Comment\",\"target\":[\"https:\\\/\\\/informelitoral.com.ar\\\/crespo-empleados-redujeron-a-un-hombre-que-intentaba-robar-en-una-granja\\\/#respond\"]}]},{\"@type\":\"WebPage\",\"@id\":\"https:\\\/\\\/informelitoral.com.ar\\\/crespo-empleados-redujeron-a-un-hombre-que-intentaba-robar-en-una-granja\\\/\",\"url\":\"https:\\\/\\\/informelitoral.com.ar\\\/crespo-empleados-redujeron-a-un-hombre-que-intentaba-robar-en-una-granja\\\/\",\"name\":\"Crespo: empleados de una granja redujeron a un hombre que intentaba robar - Informe Litoral\",\"isPartOf\":{\"@id\":\"https:\\\/\\\/informelitoral.com.ar\\\/#website\"},\"primaryImageOfPage\":{\"@id\":\"https:\\\/\\\/informelitoral.com.ar\\\/crespo-empleados-redujeron-a-un-hombre-que-intentaba-robar-en-una-granja\\\/#primaryimage\"},\"image\":{\"@id\":\"https:\\\/\\\/informelitoral.com.ar\\\/crespo-empleados-redujeron-a-un-hombre-que-intentaba-robar-en-una-granja\\\/#primaryimage\"},\"thumbnailUrl\":\"https:\\\/\\\/drive.google.com\\\/thumbnail?id=1JjbEE-KUADObdFGSC2_EGXeSa9isKU-O&sz=w2048\",\"datePublished\":\"2025-12-07T21:19:35+00:00\",\"dateModified\":\"2025-12-07T21:32:01+00:00\",\"breadcrumb\":{\"@id\":\"https:\\\/\\\/informelitoral.com.ar\\\/crespo-empleados-redujeron-a-un-hombre-que-intentaba-robar-en-una-granja\\\/#breadcrumb\"},\"inLanguage\":\"es\",\"potentialAction\":[{\"@type\":\"ReadAction\",\"target\":[\"https:\\\/\\\/informelitoral.com.ar\\\/crespo-empleados-redujeron-a-un-hombre-que-intentaba-robar-en-una-granja\\\/\"]}]},{\"@type\":\"ImageObject\",\"inLanguage\":\"es\",\"@id\":\"https:\\\/\\\/informelitoral.com.ar\\\/crespo-empleados-redujeron-a-un-hombre-que-intentaba-robar-en-una-granja\\\/#primaryimage\",\"url\":\"https:\\\/\\\/drive.google.com\\\/thumbnail?id=1JjbEE-KUADObdFGSC2_EGXeSa9isKU-O&sz=w2048\",\"contentUrl\":\"https:\\\/\\\/drive.google.com\\\/thumbnail?id=1JjbEE-KUADObdFGSC2_EGXeSa9isKU-O&sz=w2048\",\"width\":1549,\"height\":753},{\"@type\":\"BreadcrumbList\",\"@id\":\"https:\\\/\\\/informelitoral.com.ar\\\/crespo-empleados-redujeron-a-un-hombre-que-intentaba-robar-en-una-granja\\\/#breadcrumb\",\"itemListElement\":[{\"@type\":\"ListItem\",\"position\":1,\"name\":\"Portada\",\"item\":\"https:\\\/\\\/informelitoral.com.ar\\\/\"},{\"@type\":\"ListItem\",\"position\":2,\"name\":\"Crespo: empleados de una granja redujeron a un hombre que intentaba robar\"}]},{\"@type\":\"WebSite\",\"@id\":\"https:\\\/\\\/informelitoral.com.ar\\\/#website\",\"url\":\"https:\\\/\\\/informelitoral.com.ar\\\/\",\"name\":\"Informe Litoral\",\"description\":\"&quot;Nos informamos&quot; \",\"publisher\":{\"@id\":\"https:\\\/\\\/informelitoral.com.ar\\\/#organization\"},\"potentialAction\":[{\"@type\":\"SearchAction\",\"target\":{\"@type\":\"EntryPoint\",\"urlTemplate\":\"https:\\\/\\\/informelitoral.com.ar\\\/?s={search_term_string}\"},\"query-input\":{\"@type\":\"PropertyValueSpecification\",\"valueRequired\":true,\"valueName\":\"search_term_string\"}}],\"inLanguage\":\"es\"},{\"@type\":\"Organization\",\"@id\":\"https:\\\/\\\/informelitoral.com.ar\\\/#organization\",\"name\":\"Informe Litoral\",\"url\":\"https:\\\/\\\/informelitoral.com.ar\\\/\",\"logo\":{\"@type\":\"ImageObject\",\"inLanguage\":\"es\",\"@id\":\"https:\\\/\\\/informelitoral.com.ar\\\/#\\\/schema\\\/logo\\\/image\\\/\",\"url\":\"https:\\\/\\\/informelitoral.com.ar\\\/%77%70%2d%63%6f%6e%74%65%6e%74\\\/uploads\\\/2021\\\/01\\\/circulo.png\",\"contentUrl\":\"https:\\\/\\\/informelitoral.com.ar\\\/%77%70%2d%63%6f%6e%74%65%6e%74\\\/uploads\\\/2021\\\/01\\\/circulo.png\",\"width\":723,\"height\":731,\"caption\":\"Informe Litoral\"},\"image\":{\"@id\":\"https:\\\/\\\/informelitoral.com.ar\\\/#\\\/schema\\\/logo\\\/image\\\/\"},\"sameAs\":[\"https:\\\/\\\/www.facebook.com\\\/informelitoral\\\/\",\"https:\\\/\\\/x.com\\\/InformeLitoral\",\"https:\\\/\\\/www.instagram.com\\\/informelitoral\\\/\",\"https:\\\/\\\/www.youtube.com\\\/channel\\\/UCua4Qvz8Icb6MYqhoq9xLXw\"]},{\"@type\":\"Person\",\"@id\":\"https:\\\/\\\/informelitoral.com.ar\\\/#\\\/schema\\\/person\\\/f05f9f461677119578717524b127d6d5\",\"name\":\"Sebastian\",\"image\":{\"@type\":\"ImageObject\",\"inLanguage\":\"es\",\"@id\":\"https:\\\/\\\/secure.gravatar.com\\\/avatar\\\/b71bf7481d447dfb9583c7f2798e7cc64de6efb9067b74633ed8c31059a3bd82?s=96&d=mm&r=g\",\"url\":\"https:\\\/\\\/secure.gravatar.com\\\/avatar\\\/b71bf7481d447dfb9583c7f2798e7cc64de6efb9067b74633ed8c31059a3bd82?s=96&d=mm&r=g\",\"contentUrl\":\"https:\\\/\\\/secure.gravatar.com\\\/avatar\\\/b71bf7481d447dfb9583c7f2798e7cc64de6efb9067b74633ed8c31059a3bd82?s=96&d=mm&r=g\",\"caption\":\"Sebastian\"},\"url\":\"https:\\\/\\\/informelitoral.com.ar\\\/author\\\/sebastian\\\/\"}]}<\/script>","yoast_head_json":{"title":"Crespo: empleados de una granja redujeron a un hombre que intentaba robar - Informe Litoral","robots":{"index":"index","follow":"follow","max-snippet":"max-snippet:-1","max-image-preview":"max-image-preview:large","max-video-preview":"max-video-preview:-1"},"canonical":"https:\/\/informelitoral.com.ar\/crespo-empleados-redujeron-a-un-hombre-que-intentaba-robar-en-una-granja\/","og_locale":"es_ES","og_type":"article","og_title":"Crespo: empleados de una granja redujeron a un hombre que intentaba robar - Informe Litoral","og_description":"El hecho ocurri\u00f3 el s\u00e1bado en la zona de Ruta 12.","og_url":"https:\/\/informelitoral.com.ar\/crespo-empleados-redujeron-a-un-hombre-que-intentaba-robar-en-una-granja\/","og_site_name":"Informe Litoral","article_publisher":"https:\/\/www.facebook.com\/informelitoral\/","article_published_time":"2025-12-07T21:19:35+00:00","article_modified_time":"2025-12-07T21:32:01+00:00","og_image":[{"width":1549,"height":753,"url":"https:\/\/drive.google.com\/thumbnail?id=1JjbEE-KUADObdFGSC2_EGXeSa9isKU-O&sz=w2048","type":"image\/jpeg"}],"author":"Sebastian","twitter_card":"summary_large_image","twitter_creator":"@InformeLitoral","twitter_site":"@InformeLitoral","twitter_misc":{"Escrito por":"Sebastian","Tiempo de lectura":"2 minutos"},"schema":{"@context":"https:\/\/schema.org","@graph":[{"@type":"Article","@id":"https:\/\/informelitoral.com.ar\/crespo-empleados-redujeron-a-un-hombre-que-intentaba-robar-en-una-granja\/#article","isPartOf":{"@id":"https:\/\/informelitoral.com.ar\/crespo-empleados-redujeron-a-un-hombre-que-intentaba-robar-en-una-granja\/"},"author":{"name":"Sebastian","@id":"https:\/\/informelitoral.com.ar\/#\/schema\/person\/f05f9f461677119578717524b127d6d5"},"headline":"Crespo: empleados de una granja redujeron a un hombre que intentaba robar","datePublished":"2025-12-07T21:19:35+00:00","dateModified":"2025-12-07T21:32:01+00:00","mainEntityOfPage":{"@id":"https:\/\/informelitoral.com.ar\/crespo-empleados-redujeron-a-un-hombre-que-intentaba-robar-en-una-granja\/"},"wordCount":216,"commentCount":0,"publisher":{"@id":"https:\/\/informelitoral.com.ar\/#organization"},"image":{"@id":"https:\/\/informelitoral.com.ar\/crespo-empleados-redujeron-a-un-hombre-que-intentaba-robar-en-una-granja\/#primaryimage"},"thumbnailUrl":"https:\/\/drive.google.com\/thumbnail?id=1JjbEE-KUADObdFGSC2_EGXeSa9isKU-O&sz=w2048","keywords":["Crespo","Intento de robo"],"articleSection":["Policiales"],"inLanguage":"es","potentialAction":[{"@type":"CommentAction","name":"Comment","target":["https:\/\/informelitoral.com.ar\/crespo-empleados-redujeron-a-un-hombre-que-intentaba-robar-en-una-granja\/#respond"]}]},{"@type":"WebPage","@id":"https:\/\/informelitoral.com.ar\/crespo-empleados-redujeron-a-un-hombre-que-intentaba-robar-en-una-granja\/","url":"https:\/\/informelitoral.com.ar\/crespo-empleados-redujeron-a-un-hombre-que-intentaba-robar-en-una-granja\/","name":"Crespo: empleados de una granja redujeron a un hombre que intentaba robar - Informe Litoral","isPartOf":{"@id":"https:\/\/informelitoral.com.ar\/#website"},"primaryImageOfPage":{"@id":"https:\/\/informelitoral.com.ar\/crespo-empleados-redujeron-a-un-hombre-que-intentaba-robar-en-una-granja\/#primaryimage"},"image":{"@id":"https:\/\/informelitoral.com.ar\/crespo-empleados-redujeron-a-un-hombre-que-intentaba-robar-en-una-granja\/#primaryimage"},"thumbnailUrl":"https:\/\/drive.google.com\/thumbnail?id=1JjbEE-KUADObdFGSC2_EGXeSa9isKU-O&sz=w2048","datePublished":"2025-12-07T21:19:35+00:00","dateModified":"2025-12-07T21:32:01+00:00","breadcrumb":{"@id":"https:\/\/informelitoral.com.ar\/crespo-empleados-redujeron-a-un-hombre-que-intentaba-robar-en-una-granja\/#breadcrumb"},"inLanguage":"es","potentialAction":[{"@type":"ReadAction","target":["https:\/\/informelitoral.com.ar\/crespo-empleados-redujeron-a-un-hombre-que-intentaba-robar-en-una-granja\/"]}]},{"@type":"ImageObject","inLanguage":"es","@id":"https:\/\/informelitoral.com.ar\/crespo-empleados-redujeron-a-un-hombre-que-intentaba-robar-en-una-granja\/#primaryimage","url":"https:\/\/drive.google.com\/thumbnail?id=1JjbEE-KUADObdFGSC2_EGXeSa9isKU-O&sz=w2048","contentUrl":"https:\/\/drive.google.com\/thumbnail?id=1JjbEE-KUADObdFGSC2_EGXeSa9isKU-O&sz=w2048","width":1549,"height":753},{"@type":"BreadcrumbList","@id":"https:\/\/informelitoral.com.ar\/crespo-empleados-redujeron-a-un-hombre-que-intentaba-robar-en-una-granja\/#breadcrumb","itemListElement":[{"@type":"ListItem","position":1,"name":"Portada","item":"https:\/\/informelitoral.com.ar\/"},{"@type":"ListItem","position":2,"name":"Crespo: empleados de una granja redujeron a un hombre que intentaba robar"}]},{"@type":"WebSite","@id":"https:\/\/informelitoral.com.ar\/#website","url":"https:\/\/informelitoral.com.ar\/","name":"Informe Litoral","description":"&quot;Nos informamos&quot; ","publisher":{"@id":"https:\/\/informelitoral.com.ar\/#organization"},"potentialAction":[{"@type":"SearchAction","target":{"@type":"EntryPoint","urlTemplate":"https:\/\/informelitoral.com.ar\/?s={search_term_string}"},"query-input":{"@type":"PropertyValueSpecification","valueRequired":true,"valueName":"search_term_string"}}],"inLanguage":"es"},{"@type":"Organization","@id":"https:\/\/informelitoral.com.ar\/#organization","name":"Informe Litoral","url":"https:\/\/informelitoral.com.ar\/","logo":{"@type":"ImageObject","inLanguage":"es","@id":"https:\/\/informelitoral.com.ar\/#\/schema\/logo\/image\/","url":"https:\/\/informelitoral.com.ar\/%77%70%2d%63%6f%6e%74%65%6e%74\/uploads\/2021\/01\/circulo.png","contentUrl":"https:\/\/informelitoral.com.ar\/%77%70%2d%63%6f%6e%74%65%6e%74\/uploads\/2021\/01\/circulo.png","width":723,"height":731,"caption":"Informe Litoral"},"image":{"@id":"https:\/\/informelitoral.com.ar\/#\/schema\/logo\/image\/"},"sameAs":["https:\/\/www.facebook.com\/informelitoral\/","https:\/\/x.com\/InformeLitoral","https:\/\/www.instagram.com\/informelitoral\/","https:\/\/www.youtube.com\/channel\/UCua4Qvz8Icb6MYqhoq9xLXw"]},{"@type":"Person","@id":"https:\/\/informelitoral.com.ar\/#\/schema\/person\/f05f9f461677119578717524b127d6d5","name":"Sebastian","image":{"@type":"ImageObject","inLanguage":"es","@id":"https:\/\/secure.gravatar.com\/avatar\/b71bf7481d447dfb9583c7f2798e7cc64de6efb9067b74633ed8c31059a3bd82?s=96&d=mm&r=g","url":"https:\/\/secure.gravatar.com\/avatar\/b71bf7481d447dfb9583c7f2798e7cc64de6efb9067b74633ed8c31059a3bd82?s=96&d=mm&r=g","contentUrl":"https:\/\/secure.gravatar.com\/avatar\/b71bf7481d447dfb9583c7f2798e7cc64de6efb9067b74633ed8c31059a3bd82?s=96&d=mm&r=g","caption":"Sebastian"},"url":"https:\/\/informelitoral.com.ar\/author\/sebastian\/"}]}},"_links":{"self":[{"href":"https:\/\/informelitoral.com.ar\/%77%70%2d%6a%73%6f%6e\/wp\/v2\/posts\/242789","targetHints":{"allow":["GET"]}}],"collection":[{"href":"https:\/\/informelitoral.com.ar\/%77%70%2d%6a%73%6f%6e\/wp\/v2\/posts"}],"about":[{"href":"https:\/\/informelitoral.com.ar\/%77%70%2d%6a%73%6f%6e\/wp\/v2\/types\/post"}],"author":[{"embeddable":true,"href":"https:\/\/informelitoral.com.ar\/%77%70%2d%6a%73%6f%6e\/wp\/v2\/users\/8"}],"replies":[{"embeddable":true,"href":"https:\/\/informelitoral.com.ar\/%77%70%2d%6a%73%6f%6e\/wp\/v2\/comments?post=242789"}],"version-history":[{"count":4,"href":"https:\/\/informelitoral.com.ar\/%77%70%2d%6a%73%6f%6e\/wp\/v2\/posts\/242789\/revisions"}],"predecessor-version":[{"id":242794,"href":"https:\/\/informelitoral.com.ar\/%77%70%2d%6a%73%6f%6e\/wp\/v2\/posts\/242789\/revisions\/242794"}],"wp:featuredmedia":[{"embeddable":true,"href":"https:\/\/informelitoral.com.ar\/%77%70%2d%6a%73%6f%6e\/wp\/v2\/media\/242791"}],"wp:attachment":[{"href":"https:\/\/informelitoral.com.ar\/%77%70%2d%6a%73%6f%6e\/wp\/v2\/media?parent=242789"}],"wp:term":[{"taxonomy":"category","embeddable":true,"href":"https:\/\/informelitoral.com.ar\/%77%70%2d%6a%73%6f%6e\/wp\/v2\/categories?post=242789"},{"taxonomy":"post_tag","embeddable":true,"href":"https:\/\/informelitoral.com.ar\/%77%70%2d%6a%73%6f%6e\/wp\/v2\/tags?post=242789"}],"curies":[{"name":"wp","href":"https:\/\/api.w.org\/{rel}","templated":true}]}}