{"id":242765,"date":"2025-12-07T11:35:15","date_gmt":"2025-12-07T14:35:15","guid":{"rendered":"https:\/\/informelitoral.com.ar\/?p=242765"},"modified":"2025-12-07T11:35:15","modified_gmt":"2025-12-07T14:35:15","slug":"la-camara-de-diputados-desarrollo-su-capacitacion-anual-en-ley-micaela","status":"publish","type":"post","link":"https:\/\/informelitoral.com.ar\/la-camara-de-diputados-desarrollo-su-capacitacion-anual-en-ley-micaela\/","title":{"rendered":"La C\u00e1mara de Diputados desarroll\u00f3 su capacitaci\u00f3n anual en Ley Micaela"},"content":{"rendered":"<p>La presidente de la comisi\u00f3n de Banca de la Mujer, G\u00e9nero y Diversidad, diputada<strong> Susana P\u00e9rez,<\/strong> fue la encargada de abrir la jornada que anualmente la C\u00e1mara de Diputados dispone para legisladores, asesores y personal permanente y transitorio de todas sus \u00e1reas de acuerdo a la Ley N\u00ba 10.768 de adhesi\u00f3n a \u2018Ley Micaela\u2019. La legisladora valor\u00f3 como \u201cfundamental que se trabaje permanentemente por reconocer los derechos de la mujer y trabajar por la igualdad\u201d.<\/p>\n<p>En la oportunidad, el tema espec\u00edfico de la jornada trabaj\u00f3 en torno de Masculinidades, para lo que se recurri\u00f3 al abordaje profesional de Gonzalo Molina, de la Facultad de Trabajo Social de la Universidad Nacional de Entre R\u00edos. La \u2018Ley Micaela\u2019 plantea la capacitaci\u00f3n permanente en temas de g\u00e9nero, por lo que el especialista entendi\u00f3 que trabajar tema de masculinidades es fundamental. \u201cIngresar a temas espec\u00edficos como estos son importantes para bregar por la igualdad real\u201d, dijo, y agreg\u00f3 que \u201clos varones tambi\u00e9n reciben mandatos de masculinidad que generan da\u00f1os a nivel personal, institucional y social, esto es algo de lo que tratamos en esta capacitaci\u00f3n\u201d.<\/p>\n<h2><strong>Dos d\u00edas de formaci\u00f3n<\/strong><\/h2>\n<p>La instancia de capacitaci\u00f3n de la C\u00e1mara de Diputados atiende a lo dispuesto por Ley N\u00ba 10.768 por la que la provincia adhiere a la Ley Nacional N\u00ba 27.499, llamada \u2018Ley Micaela\u2019, de capacitaci\u00f3n en g\u00e9nero para todas las personas que integran los tres poderes del Estado.<\/p>\n<p>La jornada se desarroll\u00f3 durante dos d\u00edas en los que diputados, asesores y agentes de planta permanente y transitoria de todas sus dependencias se formaron en perspectiva de g\u00e9nero en la funci\u00f3n p\u00fablica y prevenci\u00f3n de la violencia contra las mujeres, as\u00ed como prevenir la desigualdad.<\/p>\n<h6><em><strong>Del archivo:\u00a0<a href=\"https:\/\/informelitoral.com.ar\/llamativa-denuncia-de-robo-en-una-estancia-entrerriana\/\" target=\"_blank\" rel=\"noopener\">Llamativa denuncia de robo en una conocida estancia entrerriana<\/a><\/strong><\/em><\/h6>\n","protected":false},"excerpt":{"rendered":"<p>Organizada en conjunto por el \u00e1rea de Capacitaci\u00f3n Permanente y la Banca de la Mujer, la c\u00e1mara baja convoc\u00f3 a sus legisladores, asesores y personal con el objetivo de participar de una instancia de formaci\u00f3n en perspectiva de g\u00e9nero y prevenci\u00f3n de violencia contra la mujer. En esta oportunidad, el eje tem\u00e1tico de discusi\u00f3n fue \u2018Masculinidades\u2019.<\/p>\n","protected":false},"author":2,"featured_media":242766,"comment_status":"open","ping_status":"open","sticky":false,"template":"","format":"standard","meta":{"fifu_image_url":"https:\/\/www.hcder.gov.ar\/archivosDownload\/fotosNoticias\/1918_4931.jpg","fifu_image_alt":"","footnotes":""},"categories":[16],"tags":[3627,196,287,2393],"class_list":{"0":"post-242765","1":"post","2":"type-post","3":"status-publish","4":"format-standard","5":"has-post-thumbnail","7":"category-politi","8":"tag-camara-de-diputados","9":"tag-diputados","10":"tag-legislativas","11":"tag-ley-micaela"},"yoast_head":"<title>La C\u00e1mara de Diputados desarroll\u00f3 su capacitaci\u00f3n anual en Ley Micaela - Informe Litoral<\/title>\n<meta name=\"robots\" content=\"index, follow, max-snippet:-1, max-image-preview:large, max-video-preview:-1\" \/>\n<link rel=\"canonical\" href=\"https:\/\/informelitoral.com.ar\/la-camara-de-diputados-desarrollo-su-capacitacion-anual-en-ley-micaela\/\" \/>\n<meta property=\"og:locale\" content=\"es_ES\" \/>\n<meta property=\"og:type\" content=\"article\" \/>\n<meta property=\"og:title\" content=\"La C\u00e1mara de Diputados desarroll\u00f3 su capacitaci\u00f3n anual en Ley Micaela - Informe Litoral\" \/>\n<meta property=\"og:description\" content=\"Organizada en conjunto por el \u00e1rea de Capacitaci\u00f3n Permanente y la Banca de la Mujer, la c\u00e1mara baja convoc\u00f3 a sus legisladores, asesores y personal con el objetivo de participar de una instancia de formaci\u00f3n en perspectiva de g\u00e9nero y prevenci\u00f3n de violencia contra la mujer. En esta oportunidad, el eje tem\u00e1tico de discusi\u00f3n fue \u2018Masculinidades\u2019.\" \/>\n<meta property=\"og:url\" content=\"https:\/\/informelitoral.com.ar\/la-camara-de-diputados-desarrollo-su-capacitacion-anual-en-ley-micaela\/\" \/>\n<meta property=\"og:site_name\" content=\"Informe Litoral\" \/>\n<meta property=\"article:publisher\" content=\"https:\/\/www.facebook.com\/informelitoral\/\" \/>\n<meta property=\"article:published_time\" content=\"2025-12-07T14:35:15+00:00\" \/>\n<meta property=\"og:image\" content=\"https:\/\/www.hcder.gov.ar\/archivosDownload\/fotosNoticias\/1918_4931.jpg\" \/>\n<meta name=\"author\" content=\"Gonzalo Schmidt\" \/>\n<meta name=\"twitter:card\" content=\"summary_large_image\" \/>\n<meta name=\"twitter:image\" content=\"https:\/\/www.hcder.gov.ar\/archivosDownload\/fotosNoticias\/1918_4931.jpg\" \/>\n<meta name=\"twitter:creator\" content=\"@InformeLitoral\" \/>\n<meta name=\"twitter:site\" content=\"@InformeLitoral\" \/>\n<meta name=\"twitter:label1\" content=\"Escrito por\" \/>\n\t<meta name=\"twitter:data1\" content=\"Gonzalo Schmidt\" \/>\n\t<meta name=\"twitter:label2\" content=\"Tiempo de lectura\" \/>\n\t<meta name=\"twitter:data2\" content=\"2 minutos\" \/>\n<script type=\"application\/ld+json\" class=\"yoast-schema-graph\">{\"@context\":\"https:\\\/\\\/schema.org\",\"@graph\":[{\"@type\":\"Article\",\"@id\":\"https:\\\/\\\/informelitoral.com.ar\\\/la-camara-de-diputados-desarrollo-su-capacitacion-anual-en-ley-micaela\\\/#article\",\"isPartOf\":{\"@id\":\"https:\\\/\\\/informelitoral.com.ar\\\/la-camara-de-diputados-desarrollo-su-capacitacion-anual-en-ley-micaela\\\/\"},\"author\":{\"name\":\"Gonzalo Schmidt\",\"@id\":\"https:\\\/\\\/informelitoral.com.ar\\\/#\\\/schema\\\/person\\\/b9d00407c836482871ef1d57bf8e3180\"},\"headline\":\"La C\u00e1mara de Diputados desarroll\u00f3 su capacitaci\u00f3n anual en Ley Micaela\",\"datePublished\":\"2025-12-07T14:35:15+00:00\",\"mainEntityOfPage\":{\"@id\":\"https:\\\/\\\/informelitoral.com.ar\\\/la-camara-de-diputados-desarrollo-su-capacitacion-anual-en-ley-micaela\\\/\"},\"wordCount\":323,\"commentCount\":0,\"publisher\":{\"@id\":\"https:\\\/\\\/informelitoral.com.ar\\\/#organization\"},\"image\":{\"@id\":\"https:\\\/\\\/informelitoral.com.ar\\\/la-camara-de-diputados-desarrollo-su-capacitacion-anual-en-ley-micaela\\\/#primaryimage\"},\"thumbnailUrl\":\"https:\\\/\\\/www.hcder.gov.ar\\\/archivosDownload\\\/fotosNoticias\\\/1918_4931.jpg\",\"keywords\":[\"C\u00e1mara de Diputados\",\"Diputados\",\"Legislativas\",\"Ley Micaela\"],\"articleSection\":[\"Politica\"],\"inLanguage\":\"es\",\"potentialAction\":[{\"@type\":\"CommentAction\",\"name\":\"Comment\",\"target\":[\"https:\\\/\\\/informelitoral.com.ar\\\/la-camara-de-diputados-desarrollo-su-capacitacion-anual-en-ley-micaela\\\/#respond\"]}]},{\"@type\":\"WebPage\",\"@id\":\"https:\\\/\\\/informelitoral.com.ar\\\/la-camara-de-diputados-desarrollo-su-capacitacion-anual-en-ley-micaela\\\/\",\"url\":\"https:\\\/\\\/informelitoral.com.ar\\\/la-camara-de-diputados-desarrollo-su-capacitacion-anual-en-ley-micaela\\\/\",\"name\":\"La C\u00e1mara de Diputados desarroll\u00f3 su capacitaci\u00f3n anual en Ley Micaela - Informe Litoral\",\"isPartOf\":{\"@id\":\"https:\\\/\\\/informelitoral.com.ar\\\/#website\"},\"primaryImageOfPage\":{\"@id\":\"https:\\\/\\\/informelitoral.com.ar\\\/la-camara-de-diputados-desarrollo-su-capacitacion-anual-en-ley-micaela\\\/#primaryimage\"},\"image\":{\"@id\":\"https:\\\/\\\/informelitoral.com.ar\\\/la-camara-de-diputados-desarrollo-su-capacitacion-anual-en-ley-micaela\\\/#primaryimage\"},\"thumbnailUrl\":\"https:\\\/\\\/www.hcder.gov.ar\\\/archivosDownload\\\/fotosNoticias\\\/1918_4931.jpg\",\"datePublished\":\"2025-12-07T14:35:15+00:00\",\"breadcrumb\":{\"@id\":\"https:\\\/\\\/informelitoral.com.ar\\\/la-camara-de-diputados-desarrollo-su-capacitacion-anual-en-ley-micaela\\\/#breadcrumb\"},\"inLanguage\":\"es\",\"potentialAction\":[{\"@type\":\"ReadAction\",\"target\":[\"https:\\\/\\\/informelitoral.com.ar\\\/la-camara-de-diputados-desarrollo-su-capacitacion-anual-en-ley-micaela\\\/\"]}]},{\"@type\":\"ImageObject\",\"inLanguage\":\"es\",\"@id\":\"https:\\\/\\\/informelitoral.com.ar\\\/la-camara-de-diputados-desarrollo-su-capacitacion-anual-en-ley-micaela\\\/#primaryimage\",\"url\":\"https:\\\/\\\/www.hcder.gov.ar\\\/archivosDownload\\\/fotosNoticias\\\/1918_4931.jpg\",\"contentUrl\":\"https:\\\/\\\/www.hcder.gov.ar\\\/archivosDownload\\\/fotosNoticias\\\/1918_4931.jpg\",\"width\":\"1024\",\"height\":\"682\"},{\"@type\":\"BreadcrumbList\",\"@id\":\"https:\\\/\\\/informelitoral.com.ar\\\/la-camara-de-diputados-desarrollo-su-capacitacion-anual-en-ley-micaela\\\/#breadcrumb\",\"itemListElement\":[{\"@type\":\"ListItem\",\"position\":1,\"name\":\"Portada\",\"item\":\"https:\\\/\\\/informelitoral.com.ar\\\/\"},{\"@type\":\"ListItem\",\"position\":2,\"name\":\"La C\u00e1mara de Diputados desarroll\u00f3 su capacitaci\u00f3n anual en Ley Micaela\"}]},{\"@type\":\"WebSite\",\"@id\":\"https:\\\/\\\/informelitoral.com.ar\\\/#website\",\"url\":\"https:\\\/\\\/informelitoral.com.ar\\\/\",\"name\":\"Informe Litoral\",\"description\":\"&quot;Nos informamos&quot; \",\"publisher\":{\"@id\":\"https:\\\/\\\/informelitoral.com.ar\\\/#organization\"},\"potentialAction\":[{\"@type\":\"SearchAction\",\"target\":{\"@type\":\"EntryPoint\",\"urlTemplate\":\"https:\\\/\\\/informelitoral.com.ar\\\/?s={search_term_string}\"},\"query-input\":{\"@type\":\"PropertyValueSpecification\",\"valueRequired\":true,\"valueName\":\"search_term_string\"}}],\"inLanguage\":\"es\"},{\"@type\":\"Organization\",\"@id\":\"https:\\\/\\\/informelitoral.com.ar\\\/#organization\",\"name\":\"Informe Litoral\",\"url\":\"https:\\\/\\\/informelitoral.com.ar\\\/\",\"logo\":{\"@type\":\"ImageObject\",\"inLanguage\":\"es\",\"@id\":\"https:\\\/\\\/informelitoral.com.ar\\\/#\\\/schema\\\/logo\\\/image\\\/\",\"url\":\"https:\\\/\\\/informelitoral.com.ar\\\/%77%70%2d%63%6f%6e%74%65%6e%74\\\/uploads\\\/2021\\\/01\\\/circulo.png\",\"contentUrl\":\"https:\\\/\\\/informelitoral.com.ar\\\/%77%70%2d%63%6f%6e%74%65%6e%74\\\/uploads\\\/2021\\\/01\\\/circulo.png\",\"width\":723,\"height\":731,\"caption\":\"Informe Litoral\"},\"image\":{\"@id\":\"https:\\\/\\\/informelitoral.com.ar\\\/#\\\/schema\\\/logo\\\/image\\\/\"},\"sameAs\":[\"https:\\\/\\\/www.facebook.com\\\/informelitoral\\\/\",\"https:\\\/\\\/x.com\\\/InformeLitoral\",\"https:\\\/\\\/www.instagram.com\\\/informelitoral\\\/\",\"https:\\\/\\\/www.youtube.com\\\/channel\\\/UCua4Qvz8Icb6MYqhoq9xLXw\"]},{\"@type\":\"Person\",\"@id\":\"https:\\\/\\\/informelitoral.com.ar\\\/#\\\/schema\\\/person\\\/b9d00407c836482871ef1d57bf8e3180\",\"name\":\"Gonzalo Schmidt\",\"image\":{\"@type\":\"ImageObject\",\"inLanguage\":\"es\",\"@id\":\"https:\\\/\\\/secure.gravatar.com\\\/avatar\\\/31a1a7b66ff2de83bd0e9fd79d026630d2d99e55e8bfe501287647b4fd9743de?s=96&d=mm&r=g\",\"url\":\"https:\\\/\\\/secure.gravatar.com\\\/avatar\\\/31a1a7b66ff2de83bd0e9fd79d026630d2d99e55e8bfe501287647b4fd9743de?s=96&d=mm&r=g\",\"contentUrl\":\"https:\\\/\\\/secure.gravatar.com\\\/avatar\\\/31a1a7b66ff2de83bd0e9fd79d026630d2d99e55e8bfe501287647b4fd9743de?s=96&d=mm&r=g\",\"caption\":\"Gonzalo Schmidt\"},\"description\":\"Sitio web de noticias de la provincia de Entre R\u00edos, Argentina. Informaci\u00f3n y entretenimiento. Informe Litoral, nos informamos.\",\"sameAs\":[\"http:\\\/\\\/www.isletasnoticias.com.ar\"],\"url\":\"https:\\\/\\\/informelitoral.com.ar\\\/author\\\/gonzalo\\\/\"}]}<\/script>","yoast_head_json":{"title":"La C\u00e1mara de Diputados desarroll\u00f3 su capacitaci\u00f3n anual en Ley Micaela - Informe Litoral","robots":{"index":"index","follow":"follow","max-snippet":"max-snippet:-1","max-image-preview":"max-image-preview:large","max-video-preview":"max-video-preview:-1"},"canonical":"https:\/\/informelitoral.com.ar\/la-camara-de-diputados-desarrollo-su-capacitacion-anual-en-ley-micaela\/","og_locale":"es_ES","og_type":"article","og_title":"La C\u00e1mara de Diputados desarroll\u00f3 su capacitaci\u00f3n anual en Ley Micaela - Informe Litoral","og_description":"Organizada en conjunto por el \u00e1rea de Capacitaci\u00f3n Permanente y la Banca de la Mujer, la c\u00e1mara baja convoc\u00f3 a sus legisladores, asesores y personal con el objetivo de participar de una instancia de formaci\u00f3n en perspectiva de g\u00e9nero y prevenci\u00f3n de violencia contra la mujer. En esta oportunidad, el eje tem\u00e1tico de discusi\u00f3n fue \u2018Masculinidades\u2019.","og_url":"https:\/\/informelitoral.com.ar\/la-camara-de-diputados-desarrollo-su-capacitacion-anual-en-ley-micaela\/","og_site_name":"Informe Litoral","article_publisher":"https:\/\/www.facebook.com\/informelitoral\/","article_published_time":"2025-12-07T14:35:15+00:00","og_image":[{"url":"https:\/\/www.hcder.gov.ar\/archivosDownload\/fotosNoticias\/1918_4931.jpg","type":"","width":"","height":""}],"author":"Gonzalo Schmidt","twitter_card":"summary_large_image","twitter_image":"https:\/\/www.hcder.gov.ar\/archivosDownload\/fotosNoticias\/1918_4931.jpg","twitter_creator":"@InformeLitoral","twitter_site":"@InformeLitoral","twitter_misc":{"Escrito por":"Gonzalo Schmidt","Tiempo de lectura":"2 minutos"},"schema":{"@context":"https:\/\/schema.org","@graph":[{"@type":"Article","@id":"https:\/\/informelitoral.com.ar\/la-camara-de-diputados-desarrollo-su-capacitacion-anual-en-ley-micaela\/#article","isPartOf":{"@id":"https:\/\/informelitoral.com.ar\/la-camara-de-diputados-desarrollo-su-capacitacion-anual-en-ley-micaela\/"},"author":{"name":"Gonzalo Schmidt","@id":"https:\/\/informelitoral.com.ar\/#\/schema\/person\/b9d00407c836482871ef1d57bf8e3180"},"headline":"La C\u00e1mara de Diputados desarroll\u00f3 su capacitaci\u00f3n anual en Ley Micaela","datePublished":"2025-12-07T14:35:15+00:00","mainEntityOfPage":{"@id":"https:\/\/informelitoral.com.ar\/la-camara-de-diputados-desarrollo-su-capacitacion-anual-en-ley-micaela\/"},"wordCount":323,"commentCount":0,"publisher":{"@id":"https:\/\/informelitoral.com.ar\/#organization"},"image":{"@id":"https:\/\/informelitoral.com.ar\/la-camara-de-diputados-desarrollo-su-capacitacion-anual-en-ley-micaela\/#primaryimage"},"thumbnailUrl":"https:\/\/www.hcder.gov.ar\/archivosDownload\/fotosNoticias\/1918_4931.jpg","keywords":["C\u00e1mara de Diputados","Diputados","Legislativas","Ley Micaela"],"articleSection":["Politica"],"inLanguage":"es","potentialAction":[{"@type":"CommentAction","name":"Comment","target":["https:\/\/informelitoral.com.ar\/la-camara-de-diputados-desarrollo-su-capacitacion-anual-en-ley-micaela\/#respond"]}]},{"@type":"WebPage","@id":"https:\/\/informelitoral.com.ar\/la-camara-de-diputados-desarrollo-su-capacitacion-anual-en-ley-micaela\/","url":"https:\/\/informelitoral.com.ar\/la-camara-de-diputados-desarrollo-su-capacitacion-anual-en-ley-micaela\/","name":"La C\u00e1mara de Diputados desarroll\u00f3 su capacitaci\u00f3n anual en Ley Micaela - Informe Litoral","isPartOf":{"@id":"https:\/\/informelitoral.com.ar\/#website"},"primaryImageOfPage":{"@id":"https:\/\/informelitoral.com.ar\/la-camara-de-diputados-desarrollo-su-capacitacion-anual-en-ley-micaela\/#primaryimage"},"image":{"@id":"https:\/\/informelitoral.com.ar\/la-camara-de-diputados-desarrollo-su-capacitacion-anual-en-ley-micaela\/#primaryimage"},"thumbnailUrl":"https:\/\/www.hcder.gov.ar\/archivosDownload\/fotosNoticias\/1918_4931.jpg","datePublished":"2025-12-07T14:35:15+00:00","breadcrumb":{"@id":"https:\/\/informelitoral.com.ar\/la-camara-de-diputados-desarrollo-su-capacitacion-anual-en-ley-micaela\/#breadcrumb"},"inLanguage":"es","potentialAction":[{"@type":"ReadAction","target":["https:\/\/informelitoral.com.ar\/la-camara-de-diputados-desarrollo-su-capacitacion-anual-en-ley-micaela\/"]}]},{"@type":"ImageObject","inLanguage":"es","@id":"https:\/\/informelitoral.com.ar\/la-camara-de-diputados-desarrollo-su-capacitacion-anual-en-ley-micaela\/#primaryimage","url":"https:\/\/www.hcder.gov.ar\/archivosDownload\/fotosNoticias\/1918_4931.jpg","contentUrl":"https:\/\/www.hcder.gov.ar\/archivosDownload\/fotosNoticias\/1918_4931.jpg","width":"1024","height":"682"},{"@type":"BreadcrumbList","@id":"https:\/\/informelitoral.com.ar\/la-camara-de-diputados-desarrollo-su-capacitacion-anual-en-ley-micaela\/#breadcrumb","itemListElement":[{"@type":"ListItem","position":1,"name":"Portada","item":"https:\/\/informelitoral.com.ar\/"},{"@type":"ListItem","position":2,"name":"La C\u00e1mara de Diputados desarroll\u00f3 su capacitaci\u00f3n anual en Ley Micaela"}]},{"@type":"WebSite","@id":"https:\/\/informelitoral.com.ar\/#website","url":"https:\/\/informelitoral.com.ar\/","name":"Informe Litoral","description":"&quot;Nos informamos&quot; ","publisher":{"@id":"https:\/\/informelitoral.com.ar\/#organization"},"potentialAction":[{"@type":"SearchAction","target":{"@type":"EntryPoint","urlTemplate":"https:\/\/informelitoral.com.ar\/?s={search_term_string}"},"query-input":{"@type":"PropertyValueSpecification","valueRequired":true,"valueName":"search_term_string"}}],"inLanguage":"es"},{"@type":"Organization","@id":"https:\/\/informelitoral.com.ar\/#organization","name":"Informe Litoral","url":"https:\/\/informelitoral.com.ar\/","logo":{"@type":"ImageObject","inLanguage":"es","@id":"https:\/\/informelitoral.com.ar\/#\/schema\/logo\/image\/","url":"https:\/\/informelitoral.com.ar\/%77%70%2d%63%6f%6e%74%65%6e%74\/uploads\/2021\/01\/circulo.png","contentUrl":"https:\/\/informelitoral.com.ar\/%77%70%2d%63%6f%6e%74%65%6e%74\/uploads\/2021\/01\/circulo.png","width":723,"height":731,"caption":"Informe Litoral"},"image":{"@id":"https:\/\/informelitoral.com.ar\/#\/schema\/logo\/image\/"},"sameAs":["https:\/\/www.facebook.com\/informelitoral\/","https:\/\/x.com\/InformeLitoral","https:\/\/www.instagram.com\/informelitoral\/","https:\/\/www.youtube.com\/channel\/UCua4Qvz8Icb6MYqhoq9xLXw"]},{"@type":"Person","@id":"https:\/\/informelitoral.com.ar\/#\/schema\/person\/b9d00407c836482871ef1d57bf8e3180","name":"Gonzalo Schmidt","image":{"@type":"ImageObject","inLanguage":"es","@id":"https:\/\/secure.gravatar.com\/avatar\/31a1a7b66ff2de83bd0e9fd79d026630d2d99e55e8bfe501287647b4fd9743de?s=96&d=mm&r=g","url":"https:\/\/secure.gravatar.com\/avatar\/31a1a7b66ff2de83bd0e9fd79d026630d2d99e55e8bfe501287647b4fd9743de?s=96&d=mm&r=g","contentUrl":"https:\/\/secure.gravatar.com\/avatar\/31a1a7b66ff2de83bd0e9fd79d026630d2d99e55e8bfe501287647b4fd9743de?s=96&d=mm&r=g","caption":"Gonzalo Schmidt"},"description":"Sitio web de noticias de la provincia de Entre R\u00edos, Argentina. Informaci\u00f3n y entretenimiento. Informe Litoral, nos informamos.","sameAs":["http:\/\/www.isletasnoticias.com.ar"],"url":"https:\/\/informelitoral.com.ar\/author\/gonzalo\/"}]}},"fifu_image_url":"https:\/\/www.hcder.gov.ar\/archivosDownload\/fotosNoticias\/1918_4931.jpg","_links":{"self":[{"href":"https:\/\/informelitoral.com.ar\/%77%70%2d%6a%73%6f%6e\/wp\/v2\/posts\/242765","targetHints":{"allow":["GET"]}}],"collection":[{"href":"https:\/\/informelitoral.com.ar\/%77%70%2d%6a%73%6f%6e\/wp\/v2\/posts"}],"about":[{"href":"https:\/\/informelitoral.com.ar\/%77%70%2d%6a%73%6f%6e\/wp\/v2\/types\/post"}],"author":[{"embeddable":true,"href":"https:\/\/informelitoral.com.ar\/%77%70%2d%6a%73%6f%6e\/wp\/v2\/users\/2"}],"replies":[{"embeddable":true,"href":"https:\/\/informelitoral.com.ar\/%77%70%2d%6a%73%6f%6e\/wp\/v2\/comments?post=242765"}],"version-history":[{"count":1,"href":"https:\/\/informelitoral.com.ar\/%77%70%2d%6a%73%6f%6e\/wp\/v2\/posts\/242765\/revisions"}],"predecessor-version":[{"id":242767,"href":"https:\/\/informelitoral.com.ar\/%77%70%2d%6a%73%6f%6e\/wp\/v2\/posts\/242765\/revisions\/242767"}],"wp:featuredmedia":[{"embeddable":true,"href":"https:\/\/informelitoral.com.ar\/%77%70%2d%6a%73%6f%6e\/wp\/v2\/media\/242766"}],"wp:attachment":[{"href":"https:\/\/informelitoral.com.ar\/%77%70%2d%6a%73%6f%6e\/wp\/v2\/media?parent=242765"}],"wp:term":[{"taxonomy":"category","embeddable":true,"href":"https:\/\/informelitoral.com.ar\/%77%70%2d%6a%73%6f%6e\/wp\/v2\/categories?post=242765"},{"taxonomy":"post_tag","embeddable":true,"href":"https:\/\/informelitoral.com.ar\/%77%70%2d%6a%73%6f%6e\/wp\/v2\/tags?post=242765"}],"curies":[{"name":"wp","href":"https:\/\/api.w.org\/{rel}","templated":true}]}}