{"id":242762,"date":"2025-12-07T11:28:35","date_gmt":"2025-12-07T14:28:35","guid":{"rendered":"https:\/\/informelitoral.com.ar\/?p=242762"},"modified":"2025-12-07T11:28:35","modified_gmt":"2025-12-07T14:28:35","slug":"ni-las-oreo-se-venden-una-multinacional-suspendio-a-mas-de-2-300-empleados","status":"publish","type":"post","link":"https:\/\/informelitoral.com.ar\/ni-las-oreo-se-venden-una-multinacional-suspendio-a-mas-de-2-300-empleados\/","title":{"rendered":"Ni las Oreo se venden: una multinacional suspendi\u00f3 a m\u00e1s de 2.300 empleados"},"content":{"rendered":"<p>La crisis del consumo sigue golpeando fuerte a las industrias. Ahora la multinacional Mondelez paraliz\u00f3 su planta de Pacheco hasta enero y suspendi\u00f3 a m\u00e1s de 2.300 trabajadores.<\/p>\n<p>Aunque en la empresa hablan de una\u00a0\u00abadecuaci\u00f3n operativa\u00bb de la planta y sostienen que el parate esta planificado, entre los trabajadores dicen que la medida fue sorpresiva y responde a un sobrestock de mercader\u00eda por la ca\u00edda del consumo.<\/p>\n<p>Se trata de una foto salvaje de la situaci\u00f3n econ\u00f3mica y revela hasta qu\u00e9 punto se retrajo el consumo: en esa planta Mondelez elabora productos muy populares y masivos como las galletitas Oreo y Pepitos o las golosinas Milka y Terrabusi. Otras marcas que se producen en Pacheco son Cadbury, Halls, Beldent, Cerealitas y Clight.<\/p>\n<p>La paralizaci\u00f3n de la f\u00e1brica se extender\u00e1 hasta el 5 de enero, aunque en sector del personal podr\u00eda retomar antes. En la patronal sostienen que las licencias fueron acordadas con el sindicato, el portal InfoGremiales revel\u00f3 que a los trabajadores les otorgaron una semana de vacaciones forzadas.<\/p>\n<blockquote>\n<p class=\"authorquote\">\u00abSe trata de una foto salvaje de la situaci\u00f3n econ\u00f3mica y revela hasta qu\u00e9 punto se retrajo el consumo: en esa planta Mondelez elabora productos muy populares y masivos como las galletitas Oreo y Pepitos o las golosinas Milka y Terrabusi\u00bb<\/p>\n<\/blockquote>\n<p>En el gremio de la alimentaci\u00f3n dicen que la paralizaci\u00f3n de la planta es algo que no ocurre desde la crisis de 2001, aunque en esa ocasi\u00f3n fue por motivos de seguridad. Agregan que nunca pas\u00f3 que frenen la producci\u00f3n por la ca\u00edda del consumo.<\/p>\n<p>\u00abPasamos varias crisis dentro de la f\u00e1brica. Hace 30 a\u00f1os que estoy en la compa\u00f1\u00eda y en 2001 nos licenciaron por fuerza mayor, por los saqueos y caos que hab\u00eda afuera de la f\u00e1brica. Ah\u00ed nos licenciaron una semana a todos. Ahora es otra situaci\u00f3n, es por el consumo. Las marcas que produce la empresa son las que consume la clase media\u00bb, declar\u00f3\u00a0Jorge Penayo, delegado de la empresa a radio Led FM.<\/p>\n<p>El delegado explic\u00f3 que\u00a0la producci\u00f3n cay\u00f3 13 mil toneladas pese a que se sumaron nuevos productos.\u00a0La empresa esperaba producir\u00a072 mil toneladas, pero qued\u00f3 lejos.<\/p>\n<p>La ca\u00edda del consumo viene afectando a diversos empresas vinculadas a la alimentaci\u00f3n. Esta semana Mart\u00edn Cabrales dijo que la ca\u00edda del consumo es\u00a0peor que la del 2001 y la pandemia. <em>(Fuente: LPO)<\/em><\/p>\n<h6><em><strong>Del archivo:\u00a0<a href=\"https:\/\/informelitoral.com.ar\/shell-volvio-a-subir-sus-precios-por-segunda-vez-en-el-mes-en-parana\/\" target=\"_blank\" rel=\"noopener\">Shell volvi\u00f3 a subir sus precios por segunda vez en el mes en Paran\u00e1<\/a><\/strong><\/em><\/h6>\n","protected":false},"excerpt":{"rendered":"<p>Mondelez paraliz\u00f3 su planta de Pacheco por la ca\u00edda del consumo. Se trata de una foto salvaje de la situaci\u00f3n econ\u00f3mica ya que en esa plante se producen productos muy populares, m\u00e1s a\u00fan en \u00e9poca de fiestas. <\/p>\n","protected":false},"author":2,"featured_media":242763,"comment_status":"open","ping_status":"open","sticky":false,"template":"","format":"standard","meta":{"fifu_image_url":"https:\/\/upload.wikimedia.org\/wikipedia\/commons\/thumb\/3\/3e\/Oreo-Two-Cookies.jpg\/960px-Oreo-Two-Cookies.jpg","fifu_image_alt":"","footnotes":""},"categories":[1594],"tags":[4951,393,631,486],"class_list":{"0":"post-242762","1":"post","2":"type-post","3":"status-publish","4":"format-standard","5":"has-post-thumbnail","7":"category-economia","8":"tag-bajo-consumo","9":"tag-consumo","10":"tag-crisis","11":"tag-empresas"},"yoast_head":"<title>Ni las Oreo se venden: una multinacional suspendi\u00f3 a m\u00e1s de 2.300 empleados - Informe Litoral<\/title>\n<meta name=\"robots\" content=\"index, follow, max-snippet:-1, max-image-preview:large, max-video-preview:-1\" \/>\n<link rel=\"canonical\" href=\"https:\/\/informelitoral.com.ar\/ni-las-oreo-se-venden-una-multinacional-suspendio-a-mas-de-2-300-empleados\/\" \/>\n<meta property=\"og:locale\" content=\"es_ES\" \/>\n<meta property=\"og:type\" content=\"article\" \/>\n<meta property=\"og:title\" content=\"Ni las Oreo se venden: una multinacional suspendi\u00f3 a m\u00e1s de 2.300 empleados - Informe Litoral\" \/>\n<meta property=\"og:description\" content=\"Mondelez paraliz\u00f3 su planta de Pacheco por la ca\u00edda del consumo. Se trata de una foto salvaje de la situaci\u00f3n econ\u00f3mica ya que en esa plante se producen productos muy populares, m\u00e1s a\u00fan en \u00e9poca de fiestas.\" \/>\n<meta property=\"og:url\" content=\"https:\/\/informelitoral.com.ar\/ni-las-oreo-se-venden-una-multinacional-suspendio-a-mas-de-2-300-empleados\/\" \/>\n<meta property=\"og:site_name\" content=\"Informe Litoral\" \/>\n<meta property=\"article:publisher\" content=\"https:\/\/www.facebook.com\/informelitoral\/\" \/>\n<meta property=\"article:published_time\" content=\"2025-12-07T14:28:35+00:00\" \/>\n<meta property=\"og:image\" content=\"https:\/\/upload.wikimedia.org\/wikipedia\/commons\/thumb\/3\/3e\/Oreo-Two-Cookies.jpg\/960px-Oreo-Two-Cookies.jpg\" \/>\n<meta name=\"author\" content=\"Gonzalo Schmidt\" \/>\n<meta name=\"twitter:card\" content=\"summary_large_image\" \/>\n<meta name=\"twitter:image\" content=\"https:\/\/upload.wikimedia.org\/wikipedia\/commons\/thumb\/3\/3e\/Oreo-Two-Cookies.jpg\/960px-Oreo-Two-Cookies.jpg\" \/>\n<meta name=\"twitter:creator\" content=\"@InformeLitoral\" \/>\n<meta name=\"twitter:site\" content=\"@InformeLitoral\" \/>\n<meta name=\"twitter:label1\" content=\"Escrito por\" \/>\n\t<meta name=\"twitter:data1\" content=\"Gonzalo Schmidt\" \/>\n\t<meta name=\"twitter:label2\" content=\"Tiempo de lectura\" \/>\n\t<meta name=\"twitter:data2\" content=\"2 minutos\" \/>\n<script type=\"application\/ld+json\" class=\"yoast-schema-graph\">{\"@context\":\"https:\\\/\\\/schema.org\",\"@graph\":[{\"@type\":\"Article\",\"@id\":\"https:\\\/\\\/informelitoral.com.ar\\\/ni-las-oreo-se-venden-una-multinacional-suspendio-a-mas-de-2-300-empleados\\\/#article\",\"isPartOf\":{\"@id\":\"https:\\\/\\\/informelitoral.com.ar\\\/ni-las-oreo-se-venden-una-multinacional-suspendio-a-mas-de-2-300-empleados\\\/\"},\"author\":{\"name\":\"Gonzalo Schmidt\",\"@id\":\"https:\\\/\\\/informelitoral.com.ar\\\/#\\\/schema\\\/person\\\/b9d00407c836482871ef1d57bf8e3180\"},\"headline\":\"Ni las Oreo se venden: una multinacional suspendi\u00f3 a m\u00e1s de 2.300 empleados\",\"datePublished\":\"2025-12-07T14:28:35+00:00\",\"mainEntityOfPage\":{\"@id\":\"https:\\\/\\\/informelitoral.com.ar\\\/ni-las-oreo-se-venden-una-multinacional-suspendio-a-mas-de-2-300-empleados\\\/\"},\"wordCount\":438,\"commentCount\":0,\"publisher\":{\"@id\":\"https:\\\/\\\/informelitoral.com.ar\\\/#organization\"},\"image\":{\"@id\":\"https:\\\/\\\/informelitoral.com.ar\\\/ni-las-oreo-se-venden-una-multinacional-suspendio-a-mas-de-2-300-empleados\\\/#primaryimage\"},\"thumbnailUrl\":\"https:\\\/\\\/upload.wikimedia.org\\\/wikipedia\\\/commons\\\/thumb\\\/3\\\/3e\\\/Oreo-Two-Cookies.jpg\\\/960px-Oreo-Two-Cookies.jpg\",\"keywords\":[\"Bajo consumo\",\"Consumo\",\"Cr\u00edsis\",\"Empresas\"],\"articleSection\":[\"Econom\u00eda\"],\"inLanguage\":\"es\",\"potentialAction\":[{\"@type\":\"CommentAction\",\"name\":\"Comment\",\"target\":[\"https:\\\/\\\/informelitoral.com.ar\\\/ni-las-oreo-se-venden-una-multinacional-suspendio-a-mas-de-2-300-empleados\\\/#respond\"]}]},{\"@type\":\"WebPage\",\"@id\":\"https:\\\/\\\/informelitoral.com.ar\\\/ni-las-oreo-se-venden-una-multinacional-suspendio-a-mas-de-2-300-empleados\\\/\",\"url\":\"https:\\\/\\\/informelitoral.com.ar\\\/ni-las-oreo-se-venden-una-multinacional-suspendio-a-mas-de-2-300-empleados\\\/\",\"name\":\"Ni las Oreo se venden: una multinacional suspendi\u00f3 a m\u00e1s de 2.300 empleados - Informe Litoral\",\"isPartOf\":{\"@id\":\"https:\\\/\\\/informelitoral.com.ar\\\/#website\"},\"primaryImageOfPage\":{\"@id\":\"https:\\\/\\\/informelitoral.com.ar\\\/ni-las-oreo-se-venden-una-multinacional-suspendio-a-mas-de-2-300-empleados\\\/#primaryimage\"},\"image\":{\"@id\":\"https:\\\/\\\/informelitoral.com.ar\\\/ni-las-oreo-se-venden-una-multinacional-suspendio-a-mas-de-2-300-empleados\\\/#primaryimage\"},\"thumbnailUrl\":\"https:\\\/\\\/upload.wikimedia.org\\\/wikipedia\\\/commons\\\/thumb\\\/3\\\/3e\\\/Oreo-Two-Cookies.jpg\\\/960px-Oreo-Two-Cookies.jpg\",\"datePublished\":\"2025-12-07T14:28:35+00:00\",\"breadcrumb\":{\"@id\":\"https:\\\/\\\/informelitoral.com.ar\\\/ni-las-oreo-se-venden-una-multinacional-suspendio-a-mas-de-2-300-empleados\\\/#breadcrumb\"},\"inLanguage\":\"es\",\"potentialAction\":[{\"@type\":\"ReadAction\",\"target\":[\"https:\\\/\\\/informelitoral.com.ar\\\/ni-las-oreo-se-venden-una-multinacional-suspendio-a-mas-de-2-300-empleados\\\/\"]}]},{\"@type\":\"ImageObject\",\"inLanguage\":\"es\",\"@id\":\"https:\\\/\\\/informelitoral.com.ar\\\/ni-las-oreo-se-venden-una-multinacional-suspendio-a-mas-de-2-300-empleados\\\/#primaryimage\",\"url\":\"https:\\\/\\\/upload.wikimedia.org\\\/wikipedia\\\/commons\\\/thumb\\\/3\\\/3e\\\/Oreo-Two-Cookies.jpg\\\/960px-Oreo-Two-Cookies.jpg\",\"contentUrl\":\"https:\\\/\\\/upload.wikimedia.org\\\/wikipedia\\\/commons\\\/thumb\\\/3\\\/3e\\\/Oreo-Two-Cookies.jpg\\\/960px-Oreo-Two-Cookies.jpg\",\"width\":\"960\",\"height\":\"584\"},{\"@type\":\"BreadcrumbList\",\"@id\":\"https:\\\/\\\/informelitoral.com.ar\\\/ni-las-oreo-se-venden-una-multinacional-suspendio-a-mas-de-2-300-empleados\\\/#breadcrumb\",\"itemListElement\":[{\"@type\":\"ListItem\",\"position\":1,\"name\":\"Portada\",\"item\":\"https:\\\/\\\/informelitoral.com.ar\\\/\"},{\"@type\":\"ListItem\",\"position\":2,\"name\":\"Ni las Oreo se venden: una multinacional suspendi\u00f3 a m\u00e1s de 2.300 empleados\"}]},{\"@type\":\"WebSite\",\"@id\":\"https:\\\/\\\/informelitoral.com.ar\\\/#website\",\"url\":\"https:\\\/\\\/informelitoral.com.ar\\\/\",\"name\":\"Informe Litoral\",\"description\":\"&quot;Nos informamos&quot; \",\"publisher\":{\"@id\":\"https:\\\/\\\/informelitoral.com.ar\\\/#organization\"},\"potentialAction\":[{\"@type\":\"SearchAction\",\"target\":{\"@type\":\"EntryPoint\",\"urlTemplate\":\"https:\\\/\\\/informelitoral.com.ar\\\/?s={search_term_string}\"},\"query-input\":{\"@type\":\"PropertyValueSpecification\",\"valueRequired\":true,\"valueName\":\"search_term_string\"}}],\"inLanguage\":\"es\"},{\"@type\":\"Organization\",\"@id\":\"https:\\\/\\\/informelitoral.com.ar\\\/#organization\",\"name\":\"Informe Litoral\",\"url\":\"https:\\\/\\\/informelitoral.com.ar\\\/\",\"logo\":{\"@type\":\"ImageObject\",\"inLanguage\":\"es\",\"@id\":\"https:\\\/\\\/informelitoral.com.ar\\\/#\\\/schema\\\/logo\\\/image\\\/\",\"url\":\"https:\\\/\\\/informelitoral.com.ar\\\/%77%70%2d%63%6f%6e%74%65%6e%74\\\/uploads\\\/2021\\\/01\\\/circulo.png\",\"contentUrl\":\"https:\\\/\\\/informelitoral.com.ar\\\/%77%70%2d%63%6f%6e%74%65%6e%74\\\/uploads\\\/2021\\\/01\\\/circulo.png\",\"width\":723,\"height\":731,\"caption\":\"Informe Litoral\"},\"image\":{\"@id\":\"https:\\\/\\\/informelitoral.com.ar\\\/#\\\/schema\\\/logo\\\/image\\\/\"},\"sameAs\":[\"https:\\\/\\\/www.facebook.com\\\/informelitoral\\\/\",\"https:\\\/\\\/x.com\\\/InformeLitoral\",\"https:\\\/\\\/www.instagram.com\\\/informelitoral\\\/\",\"https:\\\/\\\/www.youtube.com\\\/channel\\\/UCua4Qvz8Icb6MYqhoq9xLXw\"]},{\"@type\":\"Person\",\"@id\":\"https:\\\/\\\/informelitoral.com.ar\\\/#\\\/schema\\\/person\\\/b9d00407c836482871ef1d57bf8e3180\",\"name\":\"Gonzalo Schmidt\",\"image\":{\"@type\":\"ImageObject\",\"inLanguage\":\"es\",\"@id\":\"https:\\\/\\\/secure.gravatar.com\\\/avatar\\\/31a1a7b66ff2de83bd0e9fd79d026630d2d99e55e8bfe501287647b4fd9743de?s=96&d=mm&r=g\",\"url\":\"https:\\\/\\\/secure.gravatar.com\\\/avatar\\\/31a1a7b66ff2de83bd0e9fd79d026630d2d99e55e8bfe501287647b4fd9743de?s=96&d=mm&r=g\",\"contentUrl\":\"https:\\\/\\\/secure.gravatar.com\\\/avatar\\\/31a1a7b66ff2de83bd0e9fd79d026630d2d99e55e8bfe501287647b4fd9743de?s=96&d=mm&r=g\",\"caption\":\"Gonzalo Schmidt\"},\"description\":\"Sitio web de noticias de la provincia de Entre R\u00edos, Argentina. Informaci\u00f3n y entretenimiento. Informe Litoral, nos informamos.\",\"sameAs\":[\"http:\\\/\\\/www.isletasnoticias.com.ar\"],\"url\":\"https:\\\/\\\/informelitoral.com.ar\\\/author\\\/gonzalo\\\/\"}]}<\/script>","yoast_head_json":{"title":"Ni las Oreo se venden: una multinacional suspendi\u00f3 a m\u00e1s de 2.300 empleados - Informe Litoral","robots":{"index":"index","follow":"follow","max-snippet":"max-snippet:-1","max-image-preview":"max-image-preview:large","max-video-preview":"max-video-preview:-1"},"canonical":"https:\/\/informelitoral.com.ar\/ni-las-oreo-se-venden-una-multinacional-suspendio-a-mas-de-2-300-empleados\/","og_locale":"es_ES","og_type":"article","og_title":"Ni las Oreo se venden: una multinacional suspendi\u00f3 a m\u00e1s de 2.300 empleados - Informe Litoral","og_description":"Mondelez paraliz\u00f3 su planta de Pacheco por la ca\u00edda del consumo. Se trata de una foto salvaje de la situaci\u00f3n econ\u00f3mica ya que en esa plante se producen productos muy populares, m\u00e1s a\u00fan en \u00e9poca de fiestas.","og_url":"https:\/\/informelitoral.com.ar\/ni-las-oreo-se-venden-una-multinacional-suspendio-a-mas-de-2-300-empleados\/","og_site_name":"Informe Litoral","article_publisher":"https:\/\/www.facebook.com\/informelitoral\/","article_published_time":"2025-12-07T14:28:35+00:00","og_image":[{"url":"https:\/\/upload.wikimedia.org\/wikipedia\/commons\/thumb\/3\/3e\/Oreo-Two-Cookies.jpg\/960px-Oreo-Two-Cookies.jpg","type":"","width":"","height":""}],"author":"Gonzalo Schmidt","twitter_card":"summary_large_image","twitter_image":"https:\/\/upload.wikimedia.org\/wikipedia\/commons\/thumb\/3\/3e\/Oreo-Two-Cookies.jpg\/960px-Oreo-Two-Cookies.jpg","twitter_creator":"@InformeLitoral","twitter_site":"@InformeLitoral","twitter_misc":{"Escrito por":"Gonzalo Schmidt","Tiempo de lectura":"2 minutos"},"schema":{"@context":"https:\/\/schema.org","@graph":[{"@type":"Article","@id":"https:\/\/informelitoral.com.ar\/ni-las-oreo-se-venden-una-multinacional-suspendio-a-mas-de-2-300-empleados\/#article","isPartOf":{"@id":"https:\/\/informelitoral.com.ar\/ni-las-oreo-se-venden-una-multinacional-suspendio-a-mas-de-2-300-empleados\/"},"author":{"name":"Gonzalo Schmidt","@id":"https:\/\/informelitoral.com.ar\/#\/schema\/person\/b9d00407c836482871ef1d57bf8e3180"},"headline":"Ni las Oreo se venden: una multinacional suspendi\u00f3 a m\u00e1s de 2.300 empleados","datePublished":"2025-12-07T14:28:35+00:00","mainEntityOfPage":{"@id":"https:\/\/informelitoral.com.ar\/ni-las-oreo-se-venden-una-multinacional-suspendio-a-mas-de-2-300-empleados\/"},"wordCount":438,"commentCount":0,"publisher":{"@id":"https:\/\/informelitoral.com.ar\/#organization"},"image":{"@id":"https:\/\/informelitoral.com.ar\/ni-las-oreo-se-venden-una-multinacional-suspendio-a-mas-de-2-300-empleados\/#primaryimage"},"thumbnailUrl":"https:\/\/upload.wikimedia.org\/wikipedia\/commons\/thumb\/3\/3e\/Oreo-Two-Cookies.jpg\/960px-Oreo-Two-Cookies.jpg","keywords":["Bajo consumo","Consumo","Cr\u00edsis","Empresas"],"articleSection":["Econom\u00eda"],"inLanguage":"es","potentialAction":[{"@type":"CommentAction","name":"Comment","target":["https:\/\/informelitoral.com.ar\/ni-las-oreo-se-venden-una-multinacional-suspendio-a-mas-de-2-300-empleados\/#respond"]}]},{"@type":"WebPage","@id":"https:\/\/informelitoral.com.ar\/ni-las-oreo-se-venden-una-multinacional-suspendio-a-mas-de-2-300-empleados\/","url":"https:\/\/informelitoral.com.ar\/ni-las-oreo-se-venden-una-multinacional-suspendio-a-mas-de-2-300-empleados\/","name":"Ni las Oreo se venden: una multinacional suspendi\u00f3 a m\u00e1s de 2.300 empleados - Informe Litoral","isPartOf":{"@id":"https:\/\/informelitoral.com.ar\/#website"},"primaryImageOfPage":{"@id":"https:\/\/informelitoral.com.ar\/ni-las-oreo-se-venden-una-multinacional-suspendio-a-mas-de-2-300-empleados\/#primaryimage"},"image":{"@id":"https:\/\/informelitoral.com.ar\/ni-las-oreo-se-venden-una-multinacional-suspendio-a-mas-de-2-300-empleados\/#primaryimage"},"thumbnailUrl":"https:\/\/upload.wikimedia.org\/wikipedia\/commons\/thumb\/3\/3e\/Oreo-Two-Cookies.jpg\/960px-Oreo-Two-Cookies.jpg","datePublished":"2025-12-07T14:28:35+00:00","breadcrumb":{"@id":"https:\/\/informelitoral.com.ar\/ni-las-oreo-se-venden-una-multinacional-suspendio-a-mas-de-2-300-empleados\/#breadcrumb"},"inLanguage":"es","potentialAction":[{"@type":"ReadAction","target":["https:\/\/informelitoral.com.ar\/ni-las-oreo-se-venden-una-multinacional-suspendio-a-mas-de-2-300-empleados\/"]}]},{"@type":"ImageObject","inLanguage":"es","@id":"https:\/\/informelitoral.com.ar\/ni-las-oreo-se-venden-una-multinacional-suspendio-a-mas-de-2-300-empleados\/#primaryimage","url":"https:\/\/upload.wikimedia.org\/wikipedia\/commons\/thumb\/3\/3e\/Oreo-Two-Cookies.jpg\/960px-Oreo-Two-Cookies.jpg","contentUrl":"https:\/\/upload.wikimedia.org\/wikipedia\/commons\/thumb\/3\/3e\/Oreo-Two-Cookies.jpg\/960px-Oreo-Two-Cookies.jpg","width":"960","height":"584"},{"@type":"BreadcrumbList","@id":"https:\/\/informelitoral.com.ar\/ni-las-oreo-se-venden-una-multinacional-suspendio-a-mas-de-2-300-empleados\/#breadcrumb","itemListElement":[{"@type":"ListItem","position":1,"name":"Portada","item":"https:\/\/informelitoral.com.ar\/"},{"@type":"ListItem","position":2,"name":"Ni las Oreo se venden: una multinacional suspendi\u00f3 a m\u00e1s de 2.300 empleados"}]},{"@type":"WebSite","@id":"https:\/\/informelitoral.com.ar\/#website","url":"https:\/\/informelitoral.com.ar\/","name":"Informe Litoral","description":"&quot;Nos informamos&quot; ","publisher":{"@id":"https:\/\/informelitoral.com.ar\/#organization"},"potentialAction":[{"@type":"SearchAction","target":{"@type":"EntryPoint","urlTemplate":"https:\/\/informelitoral.com.ar\/?s={search_term_string}"},"query-input":{"@type":"PropertyValueSpecification","valueRequired":true,"valueName":"search_term_string"}}],"inLanguage":"es"},{"@type":"Organization","@id":"https:\/\/informelitoral.com.ar\/#organization","name":"Informe Litoral","url":"https:\/\/informelitoral.com.ar\/","logo":{"@type":"ImageObject","inLanguage":"es","@id":"https:\/\/informelitoral.com.ar\/#\/schema\/logo\/image\/","url":"https:\/\/informelitoral.com.ar\/%77%70%2d%63%6f%6e%74%65%6e%74\/uploads\/2021\/01\/circulo.png","contentUrl":"https:\/\/informelitoral.com.ar\/%77%70%2d%63%6f%6e%74%65%6e%74\/uploads\/2021\/01\/circulo.png","width":723,"height":731,"caption":"Informe Litoral"},"image":{"@id":"https:\/\/informelitoral.com.ar\/#\/schema\/logo\/image\/"},"sameAs":["https:\/\/www.facebook.com\/informelitoral\/","https:\/\/x.com\/InformeLitoral","https:\/\/www.instagram.com\/informelitoral\/","https:\/\/www.youtube.com\/channel\/UCua4Qvz8Icb6MYqhoq9xLXw"]},{"@type":"Person","@id":"https:\/\/informelitoral.com.ar\/#\/schema\/person\/b9d00407c836482871ef1d57bf8e3180","name":"Gonzalo Schmidt","image":{"@type":"ImageObject","inLanguage":"es","@id":"https:\/\/secure.gravatar.com\/avatar\/31a1a7b66ff2de83bd0e9fd79d026630d2d99e55e8bfe501287647b4fd9743de?s=96&d=mm&r=g","url":"https:\/\/secure.gravatar.com\/avatar\/31a1a7b66ff2de83bd0e9fd79d026630d2d99e55e8bfe501287647b4fd9743de?s=96&d=mm&r=g","contentUrl":"https:\/\/secure.gravatar.com\/avatar\/31a1a7b66ff2de83bd0e9fd79d026630d2d99e55e8bfe501287647b4fd9743de?s=96&d=mm&r=g","caption":"Gonzalo Schmidt"},"description":"Sitio web de noticias de la provincia de Entre R\u00edos, Argentina. Informaci\u00f3n y entretenimiento. Informe Litoral, nos informamos.","sameAs":["http:\/\/www.isletasnoticias.com.ar"],"url":"https:\/\/informelitoral.com.ar\/author\/gonzalo\/"}]}},"fifu_image_url":"https:\/\/upload.wikimedia.org\/wikipedia\/commons\/thumb\/3\/3e\/Oreo-Two-Cookies.jpg\/960px-Oreo-Two-Cookies.jpg","_links":{"self":[{"href":"https:\/\/informelitoral.com.ar\/%77%70%2d%6a%73%6f%6e\/wp\/v2\/posts\/242762","targetHints":{"allow":["GET"]}}],"collection":[{"href":"https:\/\/informelitoral.com.ar\/%77%70%2d%6a%73%6f%6e\/wp\/v2\/posts"}],"about":[{"href":"https:\/\/informelitoral.com.ar\/%77%70%2d%6a%73%6f%6e\/wp\/v2\/types\/post"}],"author":[{"embeddable":true,"href":"https:\/\/informelitoral.com.ar\/%77%70%2d%6a%73%6f%6e\/wp\/v2\/users\/2"}],"replies":[{"embeddable":true,"href":"https:\/\/informelitoral.com.ar\/%77%70%2d%6a%73%6f%6e\/wp\/v2\/comments?post=242762"}],"version-history":[{"count":1,"href":"https:\/\/informelitoral.com.ar\/%77%70%2d%6a%73%6f%6e\/wp\/v2\/posts\/242762\/revisions"}],"predecessor-version":[{"id":242764,"href":"https:\/\/informelitoral.com.ar\/%77%70%2d%6a%73%6f%6e\/wp\/v2\/posts\/242762\/revisions\/242764"}],"wp:featuredmedia":[{"embeddable":true,"href":"https:\/\/informelitoral.com.ar\/%77%70%2d%6a%73%6f%6e\/wp\/v2\/media\/242763"}],"wp:attachment":[{"href":"https:\/\/informelitoral.com.ar\/%77%70%2d%6a%73%6f%6e\/wp\/v2\/media?parent=242762"}],"wp:term":[{"taxonomy":"category","embeddable":true,"href":"https:\/\/informelitoral.com.ar\/%77%70%2d%6a%73%6f%6e\/wp\/v2\/categories?post=242762"},{"taxonomy":"post_tag","embeddable":true,"href":"https:\/\/informelitoral.com.ar\/%77%70%2d%6a%73%6f%6e\/wp\/v2\/tags?post=242762"}],"curies":[{"name":"wp","href":"https:\/\/api.w.org\/{rel}","templated":true}]}}