{"id":242760,"date":"2025-12-07T10:53:16","date_gmt":"2025-12-07T13:53:16","guid":{"rendered":"https:\/\/informelitoral.com.ar\/?p=242760"},"modified":"2025-12-07T10:53:16","modified_gmt":"2025-12-07T13:53:16","slug":"ser-voluntario-la-magia-de-involucrarse","status":"publish","type":"post","link":"https:\/\/informelitoral.com.ar\/ser-voluntario-la-magia-de-involucrarse\/","title":{"rendered":"Ser voluntario: la magia de involucrarse"},"content":{"rendered":"<ul>\n<li><em>Por <a href=\"http:\/\/instagram.com\/curu.er\/\" target=\"_blank\" rel=\"noopener\"><strong>Agust\u00edn Curuchet<\/strong><\/a> \u2013 Director de Vinculaci\u00f3n Ciudadana, Gobierno de Entre R\u00edos<\/em><\/li>\n<\/ul>\n<p>Cada 5 de diciembre, se recuerda el D\u00eda Internacional del Voluntariado. Una buena excusa para agradecer el compromiso, pero sobre todo para mirar de cerca algo que pasa todos los d\u00edas, en silencio: personas que deciden dar un poco de su tiempo para que otra est\u00e9 mejor. Sin obligaci\u00f3n, sin beneficio, sin esperar aplausos. Solo por convicci\u00f3n.<\/p>\n<p>En Entre R\u00edos, este d\u00eda nos encuentra con el programa Voluntarios ER creciendo a pasos agigantados. Un espacio donde el Estado y la comunidad se encuentran de verdad. Donde la participaci\u00f3n deja de ser discurso y se vuelve acci\u00f3n concreta.<\/p>\n<p>Lo vemos en cada jornada: gente limpiando arroyos, colectas hechas por cientos de estudiantes, j\u00f3venes en hospitales trabajando por la sonrisa de unos gurises. Nada extraordinario, y sin embargo, profundamente transformador.<\/p>\n<p>El voluntariado tiene un rasgo potente: nadie est\u00e1 obligado a participar. Cada persona decide dar un rato de su tiempo, su energ\u00eda, su oficio o simplemente su presencia. Y esas decisiones, peque\u00f1as, cotidianas, generosas, son las que construyen comunidad.<\/p>\n<p>Nuestro gobernador, Rogelio Frigerio, plante\u00f3 desde el inicio de su gesti\u00f3n una idea clara: tener un gobierno m\u00e1s cercano. Una cercan\u00eda que no es solo estar, sino hacerse cargo. Escuchar, involucrarse, poner el cuerpo, acompa\u00f1ar procesos y facilitar que las buenas voluntades se conviertan en transformaciones concretas. Voluntarios ER naci\u00f3 con esa l\u00f3gica: tender puentes donde antes hab\u00eda distancias, convertir la participaci\u00f3n en un h\u00e1bito y darle un sentido comunitario a cada intervenci\u00f3n del Estado.<\/p>\n<p>Por eso, las actividades de estos meses nos mostraron algo claro, los entrerrianos no necesitan \u00e9pica para comprometerse. Necesitan oportunidades reales, pr\u00e1cticas, concretas. Un espacio donde su aporte tenga impacto.<\/p>\n<p>Y tambi\u00e9n aprendimos algo m\u00e1s: participar es una manera de reparar un v\u00ednculo que estuvo golpeado durante muchos a\u00f1os. Participar es volver a confiar. Volver a mirar al otro. Volver a sentir que hay algo que nos une. Que el Estado puede, y debe, estar cerca, no como un espectador, sino como un facilitador de lo que la comunidad ya es capaz de hacer.<br \/>\nVoluntarios ER va a seguir creciendo, porque naci\u00f3 de una necesidad real, la de volver a sentirnos parte de algo m\u00e1s grande que nuestra agenda personal. Porque necesitamos de un Estado que acompa\u00f1e y una ciudadan\u00eda que quiera involucrarse. Y hoy eso est\u00e1 pasando.<\/p>\n<p>Y quiz\u00e1 ah\u00ed est\u00e9 la verdadera magia de involucrarse: descubrir que cuando uno se pone al servicio del otro, algo cambia tambi\u00e9n dentro nuestro. Que el tiempo que damos vuelve en forma de v\u00ednculo, de sentido, de comunidad. Que lo peque\u00f1o, cuando se hace entre muchos, deja de ser peque\u00f1o para volverse grande. Esa magia existe, la vemos todos los d\u00edas y nos empuja a seguir.<\/p>\n<h2><strong>Una invitaci\u00f3n para seguir encontr\u00e1ndonos<\/strong><\/h2>\n<p>El pr\u00f3ximo 10 de diciembre, desde las 9 a las 13 hs, realizaremos la Jornada Integral Participativa en la Escuela Pablo de Tarso, en Paran\u00e1, junto a la comunidad educativa y distintas \u00e1reas del Gobierno Provincial. Habr\u00e1 talleres, acciones comunitarias, arte, aprendizaje pr\u00e1ctico y un cierre cultural para compartir entre todos.<br \/>\nTe invit\u00f3 a sumarte, anotate ac\u00e1:<br \/>\nhttps:<a href=\"https:\/\/forms.comunicacionentrerios.com\/f\/295\/diadelvoluntario\" target=\"_blank\" rel=\"noopener\"><strong>\/\/forms.comunicacionentrerios.com\/f\/295\/diadelvoluntario<\/strong><\/a><br \/>\n\u00a1Nos vemos ah\u00ed!<\/p>\n","protected":false},"excerpt":{"rendered":"<p>Por Agust&iacute;n Curuchet &ndash; Director de Vinculaci&oacute;n Ciudadana, Gobierno de Entre R&iacute;os Cada 5 de diciembre, se recuerda el D&iacute;a Internacional del Voluntariado. Una buena excusa para agradecer el compromiso, pero sobre todo para mirar de cerca algo que pasa todos los d&iacute;as, en silencio: personas que deciden dar un poco de su tiempo para [&hellip;]<\/p>\n","protected":false},"author":2,"featured_media":242752,"comment_status":"open","ping_status":"open","sticky":false,"template":"","format":"standard","meta":{"fifu_image_url":"","fifu_image_alt":"","footnotes":""},"categories":[11],"tags":[6276],"class_list":{"0":"post-242760","1":"post","2":"type-post","3":"status-publish","4":"format-standard","5":"has-post-thumbnail","7":"category-opinion","8":"tag-voluntarios"},"yoast_head":"<title>Ser voluntario: la magia de involucrarse - Informe Litoral<\/title>\n<meta name=\"robots\" content=\"index, follow, max-snippet:-1, max-image-preview:large, max-video-preview:-1\" \/>\n<link rel=\"canonical\" href=\"https:\/\/informelitoral.com.ar\/ser-voluntario-la-magia-de-involucrarse\/\" \/>\n<meta property=\"og:locale\" content=\"es_ES\" \/>\n<meta property=\"og:type\" content=\"article\" \/>\n<meta property=\"og:title\" content=\"Ser voluntario: la magia de involucrarse - Informe Litoral\" \/>\n<meta property=\"og:description\" content=\"Por Agust&iacute;n Curuchet &ndash; Director de Vinculaci&oacute;n Ciudadana, Gobierno de Entre R&iacute;os Cada 5 de diciembre, se recuerda el D&iacute;a Internacional del Voluntariado. Una buena excusa para agradecer el compromiso, pero sobre todo para mirar de cerca algo que pasa todos los d&iacute;as, en silencio: personas que deciden dar un poco de su tiempo para [&hellip;]\" \/>\n<meta property=\"og:url\" content=\"https:\/\/informelitoral.com.ar\/ser-voluntario-la-magia-de-involucrarse\/\" \/>\n<meta property=\"og:site_name\" content=\"Informe Litoral\" \/>\n<meta property=\"article:publisher\" content=\"https:\/\/www.facebook.com\/informelitoral\/\" \/>\n<meta property=\"article:published_time\" content=\"2025-12-07T13:53:16+00:00\" \/>\n<meta property=\"og:image\" content=\"https:\/\/drive.google.com\/thumbnail?id=1emUbcKU1O3yJOLtmDf1I3SM_3kQmqzSF&sz=w2048\" \/>\n\t<meta property=\"og:image:width\" content=\"1600\" \/>\n\t<meta property=\"og:image:height\" content=\"1280\" \/>\n\t<meta property=\"og:image:type\" content=\"image\/jpeg\" \/>\n<meta name=\"author\" content=\"Gonzalo Schmidt\" \/>\n<meta name=\"twitter:card\" content=\"summary_large_image\" \/>\n<meta name=\"twitter:creator\" content=\"@InformeLitoral\" \/>\n<meta name=\"twitter:site\" content=\"@InformeLitoral\" \/>\n<meta name=\"twitter:label1\" content=\"Escrito por\" \/>\n\t<meta name=\"twitter:data1\" content=\"Gonzalo Schmidt\" \/>\n\t<meta name=\"twitter:label2\" content=\"Tiempo de lectura\" \/>\n\t<meta name=\"twitter:data2\" content=\"3 minutos\" \/>\n<script type=\"application\/ld+json\" class=\"yoast-schema-graph\">{\"@context\":\"https:\\\/\\\/schema.org\",\"@graph\":[{\"@type\":\"Article\",\"@id\":\"https:\\\/\\\/informelitoral.com.ar\\\/ser-voluntario-la-magia-de-involucrarse\\\/#article\",\"isPartOf\":{\"@id\":\"https:\\\/\\\/informelitoral.com.ar\\\/ser-voluntario-la-magia-de-involucrarse\\\/\"},\"author\":{\"name\":\"Gonzalo Schmidt\",\"@id\":\"https:\\\/\\\/informelitoral.com.ar\\\/#\\\/schema\\\/person\\\/b9d00407c836482871ef1d57bf8e3180\"},\"headline\":\"Ser voluntario: la magia de involucrarse\",\"datePublished\":\"2025-12-07T13:53:16+00:00\",\"mainEntityOfPage\":{\"@id\":\"https:\\\/\\\/informelitoral.com.ar\\\/ser-voluntario-la-magia-de-involucrarse\\\/\"},\"wordCount\":570,\"commentCount\":0,\"publisher\":{\"@id\":\"https:\\\/\\\/informelitoral.com.ar\\\/#organization\"},\"image\":{\"@id\":\"https:\\\/\\\/informelitoral.com.ar\\\/ser-voluntario-la-magia-de-involucrarse\\\/#primaryimage\"},\"thumbnailUrl\":\"https:\\\/\\\/drive.google.com\\\/thumbnail?id=1emUbcKU1O3yJOLtmDf1I3SM_3kQmqzSF&sz=w2048\",\"keywords\":[\"voluntarios\"],\"articleSection\":[\"Opini\u00f3n\"],\"inLanguage\":\"es\",\"potentialAction\":[{\"@type\":\"CommentAction\",\"name\":\"Comment\",\"target\":[\"https:\\\/\\\/informelitoral.com.ar\\\/ser-voluntario-la-magia-de-involucrarse\\\/#respond\"]}]},{\"@type\":\"WebPage\",\"@id\":\"https:\\\/\\\/informelitoral.com.ar\\\/ser-voluntario-la-magia-de-involucrarse\\\/\",\"url\":\"https:\\\/\\\/informelitoral.com.ar\\\/ser-voluntario-la-magia-de-involucrarse\\\/\",\"name\":\"Ser voluntario: la magia de involucrarse - Informe Litoral\",\"isPartOf\":{\"@id\":\"https:\\\/\\\/informelitoral.com.ar\\\/#website\"},\"primaryImageOfPage\":{\"@id\":\"https:\\\/\\\/informelitoral.com.ar\\\/ser-voluntario-la-magia-de-involucrarse\\\/#primaryimage\"},\"image\":{\"@id\":\"https:\\\/\\\/informelitoral.com.ar\\\/ser-voluntario-la-magia-de-involucrarse\\\/#primaryimage\"},\"thumbnailUrl\":\"https:\\\/\\\/drive.google.com\\\/thumbnail?id=1emUbcKU1O3yJOLtmDf1I3SM_3kQmqzSF&sz=w2048\",\"datePublished\":\"2025-12-07T13:53:16+00:00\",\"breadcrumb\":{\"@id\":\"https:\\\/\\\/informelitoral.com.ar\\\/ser-voluntario-la-magia-de-involucrarse\\\/#breadcrumb\"},\"inLanguage\":\"es\",\"potentialAction\":[{\"@type\":\"ReadAction\",\"target\":[\"https:\\\/\\\/informelitoral.com.ar\\\/ser-voluntario-la-magia-de-involucrarse\\\/\"]}]},{\"@type\":\"ImageObject\",\"inLanguage\":\"es\",\"@id\":\"https:\\\/\\\/informelitoral.com.ar\\\/ser-voluntario-la-magia-de-involucrarse\\\/#primaryimage\",\"url\":\"https:\\\/\\\/drive.google.com\\\/thumbnail?id=1emUbcKU1O3yJOLtmDf1I3SM_3kQmqzSF&sz=w2048\",\"contentUrl\":\"https:\\\/\\\/drive.google.com\\\/thumbnail?id=1emUbcKU1O3yJOLtmDf1I3SM_3kQmqzSF&sz=w2048\",\"width\":1600,\"height\":1280},{\"@type\":\"BreadcrumbList\",\"@id\":\"https:\\\/\\\/informelitoral.com.ar\\\/ser-voluntario-la-magia-de-involucrarse\\\/#breadcrumb\",\"itemListElement\":[{\"@type\":\"ListItem\",\"position\":1,\"name\":\"Portada\",\"item\":\"https:\\\/\\\/informelitoral.com.ar\\\/\"},{\"@type\":\"ListItem\",\"position\":2,\"name\":\"Ser voluntario: la magia de involucrarse\"}]},{\"@type\":\"WebSite\",\"@id\":\"https:\\\/\\\/informelitoral.com.ar\\\/#website\",\"url\":\"https:\\\/\\\/informelitoral.com.ar\\\/\",\"name\":\"Informe Litoral\",\"description\":\"&quot;Nos informamos&quot; \",\"publisher\":{\"@id\":\"https:\\\/\\\/informelitoral.com.ar\\\/#organization\"},\"potentialAction\":[{\"@type\":\"SearchAction\",\"target\":{\"@type\":\"EntryPoint\",\"urlTemplate\":\"https:\\\/\\\/informelitoral.com.ar\\\/?s={search_term_string}\"},\"query-input\":{\"@type\":\"PropertyValueSpecification\",\"valueRequired\":true,\"valueName\":\"search_term_string\"}}],\"inLanguage\":\"es\"},{\"@type\":\"Organization\",\"@id\":\"https:\\\/\\\/informelitoral.com.ar\\\/#organization\",\"name\":\"Informe Litoral\",\"url\":\"https:\\\/\\\/informelitoral.com.ar\\\/\",\"logo\":{\"@type\":\"ImageObject\",\"inLanguage\":\"es\",\"@id\":\"https:\\\/\\\/informelitoral.com.ar\\\/#\\\/schema\\\/logo\\\/image\\\/\",\"url\":\"https:\\\/\\\/informelitoral.com.ar\\\/%77%70%2d%63%6f%6e%74%65%6e%74\\\/uploads\\\/2021\\\/01\\\/circulo.png\",\"contentUrl\":\"https:\\\/\\\/informelitoral.com.ar\\\/%77%70%2d%63%6f%6e%74%65%6e%74\\\/uploads\\\/2021\\\/01\\\/circulo.png\",\"width\":723,\"height\":731,\"caption\":\"Informe Litoral\"},\"image\":{\"@id\":\"https:\\\/\\\/informelitoral.com.ar\\\/#\\\/schema\\\/logo\\\/image\\\/\"},\"sameAs\":[\"https:\\\/\\\/www.facebook.com\\\/informelitoral\\\/\",\"https:\\\/\\\/x.com\\\/InformeLitoral\",\"https:\\\/\\\/www.instagram.com\\\/informelitoral\\\/\",\"https:\\\/\\\/www.youtube.com\\\/channel\\\/UCua4Qvz8Icb6MYqhoq9xLXw\"]},{\"@type\":\"Person\",\"@id\":\"https:\\\/\\\/informelitoral.com.ar\\\/#\\\/schema\\\/person\\\/b9d00407c836482871ef1d57bf8e3180\",\"name\":\"Gonzalo Schmidt\",\"image\":{\"@type\":\"ImageObject\",\"inLanguage\":\"es\",\"@id\":\"https:\\\/\\\/secure.gravatar.com\\\/avatar\\\/31a1a7b66ff2de83bd0e9fd79d026630d2d99e55e8bfe501287647b4fd9743de?s=96&d=mm&r=g\",\"url\":\"https:\\\/\\\/secure.gravatar.com\\\/avatar\\\/31a1a7b66ff2de83bd0e9fd79d026630d2d99e55e8bfe501287647b4fd9743de?s=96&d=mm&r=g\",\"contentUrl\":\"https:\\\/\\\/secure.gravatar.com\\\/avatar\\\/31a1a7b66ff2de83bd0e9fd79d026630d2d99e55e8bfe501287647b4fd9743de?s=96&d=mm&r=g\",\"caption\":\"Gonzalo Schmidt\"},\"description\":\"Sitio web de noticias de la provincia de Entre R\u00edos, Argentina. Informaci\u00f3n y entretenimiento. Informe Litoral, nos informamos.\",\"sameAs\":[\"http:\\\/\\\/www.isletasnoticias.com.ar\"],\"url\":\"https:\\\/\\\/informelitoral.com.ar\\\/author\\\/gonzalo\\\/\"}]}<\/script>","yoast_head_json":{"title":"Ser voluntario: la magia de involucrarse - Informe Litoral","robots":{"index":"index","follow":"follow","max-snippet":"max-snippet:-1","max-image-preview":"max-image-preview:large","max-video-preview":"max-video-preview:-1"},"canonical":"https:\/\/informelitoral.com.ar\/ser-voluntario-la-magia-de-involucrarse\/","og_locale":"es_ES","og_type":"article","og_title":"Ser voluntario: la magia de involucrarse - Informe Litoral","og_description":"Por Agust&iacute;n Curuchet &ndash; Director de Vinculaci&oacute;n Ciudadana, Gobierno de Entre R&iacute;os Cada 5 de diciembre, se recuerda el D&iacute;a Internacional del Voluntariado. Una buena excusa para agradecer el compromiso, pero sobre todo para mirar de cerca algo que pasa todos los d&iacute;as, en silencio: personas que deciden dar un poco de su tiempo para [&hellip;]","og_url":"https:\/\/informelitoral.com.ar\/ser-voluntario-la-magia-de-involucrarse\/","og_site_name":"Informe Litoral","article_publisher":"https:\/\/www.facebook.com\/informelitoral\/","article_published_time":"2025-12-07T13:53:16+00:00","og_image":[{"width":1600,"height":1280,"url":"https:\/\/drive.google.com\/thumbnail?id=1emUbcKU1O3yJOLtmDf1I3SM_3kQmqzSF&sz=w2048","type":"image\/jpeg"}],"author":"Gonzalo Schmidt","twitter_card":"summary_large_image","twitter_creator":"@InformeLitoral","twitter_site":"@InformeLitoral","twitter_misc":{"Escrito por":"Gonzalo Schmidt","Tiempo de lectura":"3 minutos"},"schema":{"@context":"https:\/\/schema.org","@graph":[{"@type":"Article","@id":"https:\/\/informelitoral.com.ar\/ser-voluntario-la-magia-de-involucrarse\/#article","isPartOf":{"@id":"https:\/\/informelitoral.com.ar\/ser-voluntario-la-magia-de-involucrarse\/"},"author":{"name":"Gonzalo Schmidt","@id":"https:\/\/informelitoral.com.ar\/#\/schema\/person\/b9d00407c836482871ef1d57bf8e3180"},"headline":"Ser voluntario: la magia de involucrarse","datePublished":"2025-12-07T13:53:16+00:00","mainEntityOfPage":{"@id":"https:\/\/informelitoral.com.ar\/ser-voluntario-la-magia-de-involucrarse\/"},"wordCount":570,"commentCount":0,"publisher":{"@id":"https:\/\/informelitoral.com.ar\/#organization"},"image":{"@id":"https:\/\/informelitoral.com.ar\/ser-voluntario-la-magia-de-involucrarse\/#primaryimage"},"thumbnailUrl":"https:\/\/drive.google.com\/thumbnail?id=1emUbcKU1O3yJOLtmDf1I3SM_3kQmqzSF&sz=w2048","keywords":["voluntarios"],"articleSection":["Opini\u00f3n"],"inLanguage":"es","potentialAction":[{"@type":"CommentAction","name":"Comment","target":["https:\/\/informelitoral.com.ar\/ser-voluntario-la-magia-de-involucrarse\/#respond"]}]},{"@type":"WebPage","@id":"https:\/\/informelitoral.com.ar\/ser-voluntario-la-magia-de-involucrarse\/","url":"https:\/\/informelitoral.com.ar\/ser-voluntario-la-magia-de-involucrarse\/","name":"Ser voluntario: la magia de involucrarse - Informe Litoral","isPartOf":{"@id":"https:\/\/informelitoral.com.ar\/#website"},"primaryImageOfPage":{"@id":"https:\/\/informelitoral.com.ar\/ser-voluntario-la-magia-de-involucrarse\/#primaryimage"},"image":{"@id":"https:\/\/informelitoral.com.ar\/ser-voluntario-la-magia-de-involucrarse\/#primaryimage"},"thumbnailUrl":"https:\/\/drive.google.com\/thumbnail?id=1emUbcKU1O3yJOLtmDf1I3SM_3kQmqzSF&sz=w2048","datePublished":"2025-12-07T13:53:16+00:00","breadcrumb":{"@id":"https:\/\/informelitoral.com.ar\/ser-voluntario-la-magia-de-involucrarse\/#breadcrumb"},"inLanguage":"es","potentialAction":[{"@type":"ReadAction","target":["https:\/\/informelitoral.com.ar\/ser-voluntario-la-magia-de-involucrarse\/"]}]},{"@type":"ImageObject","inLanguage":"es","@id":"https:\/\/informelitoral.com.ar\/ser-voluntario-la-magia-de-involucrarse\/#primaryimage","url":"https:\/\/drive.google.com\/thumbnail?id=1emUbcKU1O3yJOLtmDf1I3SM_3kQmqzSF&sz=w2048","contentUrl":"https:\/\/drive.google.com\/thumbnail?id=1emUbcKU1O3yJOLtmDf1I3SM_3kQmqzSF&sz=w2048","width":1600,"height":1280},{"@type":"BreadcrumbList","@id":"https:\/\/informelitoral.com.ar\/ser-voluntario-la-magia-de-involucrarse\/#breadcrumb","itemListElement":[{"@type":"ListItem","position":1,"name":"Portada","item":"https:\/\/informelitoral.com.ar\/"},{"@type":"ListItem","position":2,"name":"Ser voluntario: la magia de involucrarse"}]},{"@type":"WebSite","@id":"https:\/\/informelitoral.com.ar\/#website","url":"https:\/\/informelitoral.com.ar\/","name":"Informe Litoral","description":"&quot;Nos informamos&quot; ","publisher":{"@id":"https:\/\/informelitoral.com.ar\/#organization"},"potentialAction":[{"@type":"SearchAction","target":{"@type":"EntryPoint","urlTemplate":"https:\/\/informelitoral.com.ar\/?s={search_term_string}"},"query-input":{"@type":"PropertyValueSpecification","valueRequired":true,"valueName":"search_term_string"}}],"inLanguage":"es"},{"@type":"Organization","@id":"https:\/\/informelitoral.com.ar\/#organization","name":"Informe Litoral","url":"https:\/\/informelitoral.com.ar\/","logo":{"@type":"ImageObject","inLanguage":"es","@id":"https:\/\/informelitoral.com.ar\/#\/schema\/logo\/image\/","url":"https:\/\/informelitoral.com.ar\/%77%70%2d%63%6f%6e%74%65%6e%74\/uploads\/2021\/01\/circulo.png","contentUrl":"https:\/\/informelitoral.com.ar\/%77%70%2d%63%6f%6e%74%65%6e%74\/uploads\/2021\/01\/circulo.png","width":723,"height":731,"caption":"Informe Litoral"},"image":{"@id":"https:\/\/informelitoral.com.ar\/#\/schema\/logo\/image\/"},"sameAs":["https:\/\/www.facebook.com\/informelitoral\/","https:\/\/x.com\/InformeLitoral","https:\/\/www.instagram.com\/informelitoral\/","https:\/\/www.youtube.com\/channel\/UCua4Qvz8Icb6MYqhoq9xLXw"]},{"@type":"Person","@id":"https:\/\/informelitoral.com.ar\/#\/schema\/person\/b9d00407c836482871ef1d57bf8e3180","name":"Gonzalo Schmidt","image":{"@type":"ImageObject","inLanguage":"es","@id":"https:\/\/secure.gravatar.com\/avatar\/31a1a7b66ff2de83bd0e9fd79d026630d2d99e55e8bfe501287647b4fd9743de?s=96&d=mm&r=g","url":"https:\/\/secure.gravatar.com\/avatar\/31a1a7b66ff2de83bd0e9fd79d026630d2d99e55e8bfe501287647b4fd9743de?s=96&d=mm&r=g","contentUrl":"https:\/\/secure.gravatar.com\/avatar\/31a1a7b66ff2de83bd0e9fd79d026630d2d99e55e8bfe501287647b4fd9743de?s=96&d=mm&r=g","caption":"Gonzalo Schmidt"},"description":"Sitio web de noticias de la provincia de Entre R\u00edos, Argentina. Informaci\u00f3n y entretenimiento. Informe Litoral, nos informamos.","sameAs":["http:\/\/www.isletasnoticias.com.ar"],"url":"https:\/\/informelitoral.com.ar\/author\/gonzalo\/"}]}},"_links":{"self":[{"href":"https:\/\/informelitoral.com.ar\/%77%70%2d%6a%73%6f%6e\/wp\/v2\/posts\/242760","targetHints":{"allow":["GET"]}}],"collection":[{"href":"https:\/\/informelitoral.com.ar\/%77%70%2d%6a%73%6f%6e\/wp\/v2\/posts"}],"about":[{"href":"https:\/\/informelitoral.com.ar\/%77%70%2d%6a%73%6f%6e\/wp\/v2\/types\/post"}],"author":[{"embeddable":true,"href":"https:\/\/informelitoral.com.ar\/%77%70%2d%6a%73%6f%6e\/wp\/v2\/users\/2"}],"replies":[{"embeddable":true,"href":"https:\/\/informelitoral.com.ar\/%77%70%2d%6a%73%6f%6e\/wp\/v2\/comments?post=242760"}],"version-history":[{"count":1,"href":"https:\/\/informelitoral.com.ar\/%77%70%2d%6a%73%6f%6e\/wp\/v2\/posts\/242760\/revisions"}],"predecessor-version":[{"id":242761,"href":"https:\/\/informelitoral.com.ar\/%77%70%2d%6a%73%6f%6e\/wp\/v2\/posts\/242760\/revisions\/242761"}],"wp:featuredmedia":[{"embeddable":true,"href":"https:\/\/informelitoral.com.ar\/%77%70%2d%6a%73%6f%6e\/wp\/v2\/media\/242752"}],"wp:attachment":[{"href":"https:\/\/informelitoral.com.ar\/%77%70%2d%6a%73%6f%6e\/wp\/v2\/media?parent=242760"}],"wp:term":[{"taxonomy":"category","embeddable":true,"href":"https:\/\/informelitoral.com.ar\/%77%70%2d%6a%73%6f%6e\/wp\/v2\/categories?post=242760"},{"taxonomy":"post_tag","embeddable":true,"href":"https:\/\/informelitoral.com.ar\/%77%70%2d%6a%73%6f%6e\/wp\/v2\/tags?post=242760"}],"curies":[{"name":"wp","href":"https:\/\/api.w.org\/{rel}","templated":true}]}}