{"id":242747,"date":"2025-12-07T09:52:33","date_gmt":"2025-12-07T12:52:33","guid":{"rendered":"https:\/\/informelitoral.com.ar\/?p=242747"},"modified":"2025-12-07T10:29:00","modified_gmt":"2025-12-07T13:29:00","slug":"zafamos-la-primera-fase","status":"publish","type":"post","link":"https:\/\/informelitoral.com.ar\/zafamos-la-primera-fase\/","title":{"rendered":"Zafamos la primera fase"},"content":{"rendered":"<ul>\n<li><em>Por <strong><a href=\"https:\/\/x.com\/carlosfara?lang=es\" target=\"_blank\" rel=\"noopener\">Carlos Fara\u00a0<\/a><\/strong><\/em><\/li>\n<\/ul>\n<p>Primer acto: Toto dice que puede comprar hasta 20.000 millones de d\u00f3lares de reservas, dependiendo de las circunstancias. Segundo acto: el FMI le recuerda al gobierno que debe acumular reservas. Tercer acto: Toto anuncia la emisi\u00f3n de deuda para pagar los compromisos de enero, y de esa forma no tocar reservas. \u00bfC\u00f3mo se llama la obra? \u201cNo contaban con mi astucia\u201d. De este modo, la administraci\u00f3n libertaria patea el compromiso para adelante. Est\u00e1 agrandado: viene de ganar las elecciones por una diferencia no esperada, se convirti\u00f3 en la primera minor\u00eda no peronista en Diputados despu\u00e9s de 8 a\u00f1os, y cuenta con el respaldo americano (aunque esta semana hubo alg\u00fan ruido).<\/p>\n<p>As\u00ed va terminando el a\u00f1o el gobierno, entusiasmado con poder aprobar la reforma laboral durante el verano porte\u00f1o. Pero, al margen de la estabilidad cambiaria y el retorno al mercado de cr\u00e9dito (local), no cesa el debate sobre el valor de la divisa y las amenazas que se pueden cernir sobre la econom\u00eda vern\u00e1cula. Esta semana se lo volvieron a marcar dos \u201ckirchneristas\u201d como Cavallo y Redrado, y tambi\u00e9n lo desliz\u00f3 el tan mentado presidente del Banco Central peruano: sin reservas no hay para\u00edso. Solo una prueba: tenemos r\u00e9cord de turismo al exterior, el cual m\u00e1s que duplicar\u00e1 al de 2024. Parece que los campeones siguen comprando porque les parece barato (o porque en un futuro no muy lejano, puede encarecerse mucho).<\/p>\n<p>Otros detalles de la semana: 1) la OCDE corrigi\u00f3 la proyecci\u00f3n de crecimiento del PBI argentino 2026, desde el 4,3 al 3 %; 2) si quitamos a la intermediaci\u00f3n financiera, el EMAE de septiembre del INDEC dar\u00eda negativo; 3) se cae la producci\u00f3n y exportaci\u00f3n de veh\u00edculos; 4) baj\u00f3 la coparticipaci\u00f3n a las provincias en noviembre porque se cae la recaudaci\u00f3n nacional por cuarto mes consecutivo (las provincias ajustan hacia abajo, lo cual le est\u00e1 trayendo dolores de cabeza a los municipios); y 5) la multinacional Mondelez que fabrica golosinas muy populares dej\u00f3 de producir hasta enero (la calle sigue fr\u00eda).<\/p>\n<p>Pese a todo lo comentado, como dijimos hace 2 semanas, existen suficientes datos pol\u00edticos y econ\u00f3micos positivos como para prever que el le\u00f3n deber\u00eda tener cierta paz hasta que empiece la segunda parte del a\u00f1o, cuando el flujo de divisas por exportaci\u00f3n merme estacionalmente. Los dialoguistas en el Congreso mantienen su buena onda con el oficialismo, no por convencimiento, sino por necesidad. Con el ajuste de hecho que est\u00e1n sufriendo las finanzas provinciales, y despu\u00e9s del shock del resultado electoral, no les queda otra que bajar la cabeza y pedirle a \u201cTata Dios\u201d que les abra alguna canilla, ya sea propia -dif\u00edcil con el exigente objetivo de super\u00e1vit fiscal para los pr\u00f3ximos dos a\u00f1os- o ajena -la autorizaci\u00f3n a tomar empr\u00e9stitos en el extranjero.<\/p>\n<p>El presupuesto va a ser el primer test: \u00bfse cumplir\u00e1n algunos pedidos de los caudillos provinciales al \u201ccolo\u201d Santilli? Algunos gestos de desagrado se empiezan a manifestar por estas horas. Es dif\u00edcil conformar a todos los actores, sobre todo en un contexto de escasez, y en un marco de fragmentaci\u00f3n pol\u00edtica in\u00e9dito, lo cual vuelve m\u00e1s complejas las negociaciones. Sin embargo, por ejemplo, LLA va a extraordinarias con un texto de reforma laboral que no fue ni siquiera consensuado en el Consejo de Mayo y, m\u00e1s all\u00e1 del desagrado sindical, tampoco termin\u00f3 de conformar al empresariado industrial, uno de los afectados \/ necesitados de dicha ley. Uno de los industriales m\u00e1s poderosos del pa\u00eds dej\u00f3 trascender cierto malestar con algunos art\u00edculos, adem\u00e1s de estar fastidiado por la apertura a las importaciones chinas (que le pegan de lleno en su core business).<\/p>\n<p>A partir de este 10 de diciembre el gobierno estar\u00e1 en una mejor situaci\u00f3n pol\u00edtica \u2013 parlamentaria, lo cual eleva la vara respecto a lo que pueda lograr. Recordemos que arranc\u00f3 como el oficialismo m\u00e1s d\u00e9bil desde 1983 y la actitud \u201cperdonavidas\u201d de los dialoguistas le permiti\u00f3 sortear los obst\u00e1culos. Despu\u00e9s del fracaso de la Ley \u00d3mnibus, que enmend\u00f3 a mitad de 2024 con la m\u00e1s modesta Ley Bases, la mayor parte de este a\u00f1o LLA perdi\u00f3 casi todas las votaciones en el Congreso. \u00bfHabr\u00e1 aprendido Chacarita? Si ahora la reforma laboral no sale, o sale escueta, \u00bfde qui\u00e9n ser\u00e1 la culpa? Si tuviste los votos de la gente, ten\u00e9s much\u00edsimos m\u00e1s legisladores y adem\u00e1s ten\u00e9s el voto de oro de Trump, \u00bfqu\u00e9 te estar\u00eda faltando para que La Libertad Avance?<\/p>\n<p>Cap\u00edtulo aparte fue la conformaci\u00f3n de los inter &#8211; bloques en el Congreso, particularmente en Diputados, lo cual ha tra\u00eddo varias novedades inestables (porque no sabe si la foto pre10 de diciembre se mantendr\u00e1 en el tiempo, siendo lo m\u00e1s probable que haya idas y venidas). El gran Ignacio Zuleta dijo hace unas semanas que el resultado electoral del 26-O se iba a saber reci\u00e9n cuando se supiera c\u00f3mo quedar\u00edan conformados los bloques. Tal cual, porque ahora tenemos un impensado \u201creentr\u00e9\u201d de Cambiemos, adem\u00e1s de un Provincias Unidas con m\u00e1s poder de fuego del imaginado la noche del comicio. Los federales del norte est\u00e1n haciendo su parte, y un personaje de bajo perfil como el gobernador sanjuanino Orrego decidi\u00f3 ser equidistante y quedarse con una estrat\u00e9gica minor\u00eda de 2 soldados.<\/p>\n<p>Axel dej\u00f3 jirones en la negociaci\u00f3n por la toma de deuda, sin la cual estar\u00eda ahogado. Ahora hay que ver si el gobierno se lo autoriza o lo hace parir. Dentro del peronismo bonaerense se profundiza la percepci\u00f3n de que el personaje no tiene u\u00f1as de guitarrero para encabezar una renovaci\u00f3n interna. El p\u00fablico propio, y mucho menos el ajeno, no lo ve como una figura distinta de Cristina. Por eso los adversarios internos lo aprietan: porque saben que en cualquier momento lo tienen entre la espada y la pared. La jefa sigue siendo lo m\u00e1s importante para el tercio pero-kirchnerista.<\/p>\n<p>Gracias a las fuerzas del cielo (\u00bfel Chiqui?) a Argentina le toc\u00f3 una fase inicial facilonga en el Mundial, pero que se puede complicar r\u00e1pidamente en los 16avos de final. \u00bfAcaso es una analog\u00eda de lo que le podr\u00eda esperar a la econom\u00eda local?<\/p>\n","protected":false},"excerpt":{"rendered":"<p>Por Carlos Fara&nbsp; Primer acto: Toto dice que puede comprar hasta 20.000 millones de d&oacute;lares de reservas, dependiendo de las circunstancias. Segundo acto: el FMI le recuerda al gobierno que debe acumular reservas. Tercer acto: Toto anuncia la emisi&oacute;n de deuda para pagar los compromisos de enero, y de esa forma no tocar reservas. &iquest;C&oacute;mo [&hellip;]<\/p>\n","protected":false},"author":2,"featured_media":242748,"comment_status":"open","ping_status":"open","sticky":false,"template":"","format":"standard","meta":{"fifu_image_url":"","fifu_image_alt":"","footnotes":""},"categories":[11],"tags":[4789],"class_list":{"0":"post-242747","1":"post","2":"type-post","3":"status-publish","4":"format-standard","5":"has-post-thumbnail","7":"category-opinion","8":"tag-carlos-fara"},"yoast_head":"<title>Zafamos la primera fase - Informe Litoral<\/title>\n<meta name=\"robots\" content=\"index, follow, max-snippet:-1, max-image-preview:large, max-video-preview:-1\" \/>\n<link rel=\"canonical\" href=\"https:\/\/informelitoral.com.ar\/zafamos-la-primera-fase\/\" \/>\n<meta property=\"og:locale\" content=\"es_ES\" \/>\n<meta property=\"og:type\" content=\"article\" \/>\n<meta property=\"og:title\" content=\"Zafamos la primera fase - Informe Litoral\" \/>\n<meta property=\"og:description\" content=\"Por Carlos Fara&nbsp; Primer acto: Toto dice que puede comprar hasta 20.000 millones de d&oacute;lares de reservas, dependiendo de las circunstancias. Segundo acto: el FMI le recuerda al gobierno que debe acumular reservas. Tercer acto: Toto anuncia la emisi&oacute;n de deuda para pagar los compromisos de enero, y de esa forma no tocar reservas. &iquest;C&oacute;mo [&hellip;]\" \/>\n<meta property=\"og:url\" content=\"https:\/\/informelitoral.com.ar\/zafamos-la-primera-fase\/\" \/>\n<meta property=\"og:site_name\" content=\"Informe Litoral\" \/>\n<meta property=\"article:publisher\" content=\"https:\/\/www.facebook.com\/informelitoral\/\" \/>\n<meta property=\"article:published_time\" content=\"2025-12-07T12:52:33+00:00\" \/>\n<meta property=\"article:modified_time\" content=\"2025-12-07T13:29:00+00:00\" \/>\n<meta property=\"og:image\" content=\"https:\/\/drive.google.com\/thumbnail?id=1KQAeLpVcORYLvkuqxMbZ-_h_Z41dqD-L&sz=w2048\" \/>\n\t<meta property=\"og:image:width\" content=\"773\" \/>\n\t<meta property=\"og:image:height\" content=\"773\" \/>\n\t<meta property=\"og:image:type\" content=\"image\/jpeg\" \/>\n<meta name=\"author\" content=\"Gonzalo Schmidt\" \/>\n<meta name=\"twitter:card\" content=\"summary_large_image\" \/>\n<meta name=\"twitter:creator\" content=\"@InformeLitoral\" \/>\n<meta name=\"twitter:site\" content=\"@InformeLitoral\" \/>\n<meta name=\"twitter:label1\" content=\"Escrito por\" \/>\n\t<meta name=\"twitter:data1\" content=\"Gonzalo Schmidt\" \/>\n\t<meta name=\"twitter:label2\" content=\"Tiempo de lectura\" \/>\n\t<meta name=\"twitter:data2\" content=\"5 minutos\" \/>\n<script type=\"application\/ld+json\" class=\"yoast-schema-graph\">{\"@context\":\"https:\\\/\\\/schema.org\",\"@graph\":[{\"@type\":\"Article\",\"@id\":\"https:\\\/\\\/informelitoral.com.ar\\\/zafamos-la-primera-fase\\\/#article\",\"isPartOf\":{\"@id\":\"https:\\\/\\\/informelitoral.com.ar\\\/zafamos-la-primera-fase\\\/\"},\"author\":{\"name\":\"Gonzalo Schmidt\",\"@id\":\"https:\\\/\\\/informelitoral.com.ar\\\/#\\\/schema\\\/person\\\/b9d00407c836482871ef1d57bf8e3180\"},\"headline\":\"Zafamos la primera fase\",\"datePublished\":\"2025-12-07T12:52:33+00:00\",\"dateModified\":\"2025-12-07T13:29:00+00:00\",\"mainEntityOfPage\":{\"@id\":\"https:\\\/\\\/informelitoral.com.ar\\\/zafamos-la-primera-fase\\\/\"},\"wordCount\":1081,\"commentCount\":0,\"publisher\":{\"@id\":\"https:\\\/\\\/informelitoral.com.ar\\\/#organization\"},\"image\":{\"@id\":\"https:\\\/\\\/informelitoral.com.ar\\\/zafamos-la-primera-fase\\\/#primaryimage\"},\"thumbnailUrl\":\"https:\\\/\\\/drive.google.com\\\/thumbnail?id=1KQAeLpVcORYLvkuqxMbZ-_h_Z41dqD-L&sz=w2048\",\"keywords\":[\"Carlos Fara\"],\"articleSection\":[\"Opini\u00f3n\"],\"inLanguage\":\"es\",\"potentialAction\":[{\"@type\":\"CommentAction\",\"name\":\"Comment\",\"target\":[\"https:\\\/\\\/informelitoral.com.ar\\\/zafamos-la-primera-fase\\\/#respond\"]}]},{\"@type\":\"WebPage\",\"@id\":\"https:\\\/\\\/informelitoral.com.ar\\\/zafamos-la-primera-fase\\\/\",\"url\":\"https:\\\/\\\/informelitoral.com.ar\\\/zafamos-la-primera-fase\\\/\",\"name\":\"Zafamos la primera fase - Informe Litoral\",\"isPartOf\":{\"@id\":\"https:\\\/\\\/informelitoral.com.ar\\\/#website\"},\"primaryImageOfPage\":{\"@id\":\"https:\\\/\\\/informelitoral.com.ar\\\/zafamos-la-primera-fase\\\/#primaryimage\"},\"image\":{\"@id\":\"https:\\\/\\\/informelitoral.com.ar\\\/zafamos-la-primera-fase\\\/#primaryimage\"},\"thumbnailUrl\":\"https:\\\/\\\/drive.google.com\\\/thumbnail?id=1KQAeLpVcORYLvkuqxMbZ-_h_Z41dqD-L&sz=w2048\",\"datePublished\":\"2025-12-07T12:52:33+00:00\",\"dateModified\":\"2025-12-07T13:29:00+00:00\",\"breadcrumb\":{\"@id\":\"https:\\\/\\\/informelitoral.com.ar\\\/zafamos-la-primera-fase\\\/#breadcrumb\"},\"inLanguage\":\"es\",\"potentialAction\":[{\"@type\":\"ReadAction\",\"target\":[\"https:\\\/\\\/informelitoral.com.ar\\\/zafamos-la-primera-fase\\\/\"]}]},{\"@type\":\"ImageObject\",\"inLanguage\":\"es\",\"@id\":\"https:\\\/\\\/informelitoral.com.ar\\\/zafamos-la-primera-fase\\\/#primaryimage\",\"url\":\"https:\\\/\\\/drive.google.com\\\/thumbnail?id=1KQAeLpVcORYLvkuqxMbZ-_h_Z41dqD-L&sz=w2048\",\"contentUrl\":\"https:\\\/\\\/drive.google.com\\\/thumbnail?id=1KQAeLpVcORYLvkuqxMbZ-_h_Z41dqD-L&sz=w2048\",\"width\":773,\"height\":773},{\"@type\":\"BreadcrumbList\",\"@id\":\"https:\\\/\\\/informelitoral.com.ar\\\/zafamos-la-primera-fase\\\/#breadcrumb\",\"itemListElement\":[{\"@type\":\"ListItem\",\"position\":1,\"name\":\"Portada\",\"item\":\"https:\\\/\\\/informelitoral.com.ar\\\/\"},{\"@type\":\"ListItem\",\"position\":2,\"name\":\"Zafamos la primera fase\"}]},{\"@type\":\"WebSite\",\"@id\":\"https:\\\/\\\/informelitoral.com.ar\\\/#website\",\"url\":\"https:\\\/\\\/informelitoral.com.ar\\\/\",\"name\":\"Informe Litoral\",\"description\":\"&quot;Nos informamos&quot; \",\"publisher\":{\"@id\":\"https:\\\/\\\/informelitoral.com.ar\\\/#organization\"},\"potentialAction\":[{\"@type\":\"SearchAction\",\"target\":{\"@type\":\"EntryPoint\",\"urlTemplate\":\"https:\\\/\\\/informelitoral.com.ar\\\/?s={search_term_string}\"},\"query-input\":{\"@type\":\"PropertyValueSpecification\",\"valueRequired\":true,\"valueName\":\"search_term_string\"}}],\"inLanguage\":\"es\"},{\"@type\":\"Organization\",\"@id\":\"https:\\\/\\\/informelitoral.com.ar\\\/#organization\",\"name\":\"Informe Litoral\",\"url\":\"https:\\\/\\\/informelitoral.com.ar\\\/\",\"logo\":{\"@type\":\"ImageObject\",\"inLanguage\":\"es\",\"@id\":\"https:\\\/\\\/informelitoral.com.ar\\\/#\\\/schema\\\/logo\\\/image\\\/\",\"url\":\"https:\\\/\\\/informelitoral.com.ar\\\/%77%70%2d%63%6f%6e%74%65%6e%74\\\/uploads\\\/2021\\\/01\\\/circulo.png\",\"contentUrl\":\"https:\\\/\\\/informelitoral.com.ar\\\/%77%70%2d%63%6f%6e%74%65%6e%74\\\/uploads\\\/2021\\\/01\\\/circulo.png\",\"width\":723,\"height\":731,\"caption\":\"Informe Litoral\"},\"image\":{\"@id\":\"https:\\\/\\\/informelitoral.com.ar\\\/#\\\/schema\\\/logo\\\/image\\\/\"},\"sameAs\":[\"https:\\\/\\\/www.facebook.com\\\/informelitoral\\\/\",\"https:\\\/\\\/x.com\\\/InformeLitoral\",\"https:\\\/\\\/www.instagram.com\\\/informelitoral\\\/\",\"https:\\\/\\\/www.youtube.com\\\/channel\\\/UCua4Qvz8Icb6MYqhoq9xLXw\"]},{\"@type\":\"Person\",\"@id\":\"https:\\\/\\\/informelitoral.com.ar\\\/#\\\/schema\\\/person\\\/b9d00407c836482871ef1d57bf8e3180\",\"name\":\"Gonzalo Schmidt\",\"image\":{\"@type\":\"ImageObject\",\"inLanguage\":\"es\",\"@id\":\"https:\\\/\\\/secure.gravatar.com\\\/avatar\\\/31a1a7b66ff2de83bd0e9fd79d026630d2d99e55e8bfe501287647b4fd9743de?s=96&d=mm&r=g\",\"url\":\"https:\\\/\\\/secure.gravatar.com\\\/avatar\\\/31a1a7b66ff2de83bd0e9fd79d026630d2d99e55e8bfe501287647b4fd9743de?s=96&d=mm&r=g\",\"contentUrl\":\"https:\\\/\\\/secure.gravatar.com\\\/avatar\\\/31a1a7b66ff2de83bd0e9fd79d026630d2d99e55e8bfe501287647b4fd9743de?s=96&d=mm&r=g\",\"caption\":\"Gonzalo Schmidt\"},\"description\":\"Sitio web de noticias de la provincia de Entre R\u00edos, Argentina. Informaci\u00f3n y entretenimiento. Informe Litoral, nos informamos.\",\"sameAs\":[\"http:\\\/\\\/www.isletasnoticias.com.ar\"],\"url\":\"https:\\\/\\\/informelitoral.com.ar\\\/author\\\/gonzalo\\\/\"}]}<\/script>","yoast_head_json":{"title":"Zafamos la primera fase - Informe Litoral","robots":{"index":"index","follow":"follow","max-snippet":"max-snippet:-1","max-image-preview":"max-image-preview:large","max-video-preview":"max-video-preview:-1"},"canonical":"https:\/\/informelitoral.com.ar\/zafamos-la-primera-fase\/","og_locale":"es_ES","og_type":"article","og_title":"Zafamos la primera fase - Informe Litoral","og_description":"Por Carlos Fara&nbsp; Primer acto: Toto dice que puede comprar hasta 20.000 millones de d&oacute;lares de reservas, dependiendo de las circunstancias. Segundo acto: el FMI le recuerda al gobierno que debe acumular reservas. Tercer acto: Toto anuncia la emisi&oacute;n de deuda para pagar los compromisos de enero, y de esa forma no tocar reservas. &iquest;C&oacute;mo [&hellip;]","og_url":"https:\/\/informelitoral.com.ar\/zafamos-la-primera-fase\/","og_site_name":"Informe Litoral","article_publisher":"https:\/\/www.facebook.com\/informelitoral\/","article_published_time":"2025-12-07T12:52:33+00:00","article_modified_time":"2025-12-07T13:29:00+00:00","og_image":[{"width":773,"height":773,"url":"https:\/\/drive.google.com\/thumbnail?id=1KQAeLpVcORYLvkuqxMbZ-_h_Z41dqD-L&sz=w2048","type":"image\/jpeg"}],"author":"Gonzalo Schmidt","twitter_card":"summary_large_image","twitter_creator":"@InformeLitoral","twitter_site":"@InformeLitoral","twitter_misc":{"Escrito por":"Gonzalo Schmidt","Tiempo de lectura":"5 minutos"},"schema":{"@context":"https:\/\/schema.org","@graph":[{"@type":"Article","@id":"https:\/\/informelitoral.com.ar\/zafamos-la-primera-fase\/#article","isPartOf":{"@id":"https:\/\/informelitoral.com.ar\/zafamos-la-primera-fase\/"},"author":{"name":"Gonzalo Schmidt","@id":"https:\/\/informelitoral.com.ar\/#\/schema\/person\/b9d00407c836482871ef1d57bf8e3180"},"headline":"Zafamos la primera fase","datePublished":"2025-12-07T12:52:33+00:00","dateModified":"2025-12-07T13:29:00+00:00","mainEntityOfPage":{"@id":"https:\/\/informelitoral.com.ar\/zafamos-la-primera-fase\/"},"wordCount":1081,"commentCount":0,"publisher":{"@id":"https:\/\/informelitoral.com.ar\/#organization"},"image":{"@id":"https:\/\/informelitoral.com.ar\/zafamos-la-primera-fase\/#primaryimage"},"thumbnailUrl":"https:\/\/drive.google.com\/thumbnail?id=1KQAeLpVcORYLvkuqxMbZ-_h_Z41dqD-L&sz=w2048","keywords":["Carlos Fara"],"articleSection":["Opini\u00f3n"],"inLanguage":"es","potentialAction":[{"@type":"CommentAction","name":"Comment","target":["https:\/\/informelitoral.com.ar\/zafamos-la-primera-fase\/#respond"]}]},{"@type":"WebPage","@id":"https:\/\/informelitoral.com.ar\/zafamos-la-primera-fase\/","url":"https:\/\/informelitoral.com.ar\/zafamos-la-primera-fase\/","name":"Zafamos la primera fase - Informe Litoral","isPartOf":{"@id":"https:\/\/informelitoral.com.ar\/#website"},"primaryImageOfPage":{"@id":"https:\/\/informelitoral.com.ar\/zafamos-la-primera-fase\/#primaryimage"},"image":{"@id":"https:\/\/informelitoral.com.ar\/zafamos-la-primera-fase\/#primaryimage"},"thumbnailUrl":"https:\/\/drive.google.com\/thumbnail?id=1KQAeLpVcORYLvkuqxMbZ-_h_Z41dqD-L&sz=w2048","datePublished":"2025-12-07T12:52:33+00:00","dateModified":"2025-12-07T13:29:00+00:00","breadcrumb":{"@id":"https:\/\/informelitoral.com.ar\/zafamos-la-primera-fase\/#breadcrumb"},"inLanguage":"es","potentialAction":[{"@type":"ReadAction","target":["https:\/\/informelitoral.com.ar\/zafamos-la-primera-fase\/"]}]},{"@type":"ImageObject","inLanguage":"es","@id":"https:\/\/informelitoral.com.ar\/zafamos-la-primera-fase\/#primaryimage","url":"https:\/\/drive.google.com\/thumbnail?id=1KQAeLpVcORYLvkuqxMbZ-_h_Z41dqD-L&sz=w2048","contentUrl":"https:\/\/drive.google.com\/thumbnail?id=1KQAeLpVcORYLvkuqxMbZ-_h_Z41dqD-L&sz=w2048","width":773,"height":773},{"@type":"BreadcrumbList","@id":"https:\/\/informelitoral.com.ar\/zafamos-la-primera-fase\/#breadcrumb","itemListElement":[{"@type":"ListItem","position":1,"name":"Portada","item":"https:\/\/informelitoral.com.ar\/"},{"@type":"ListItem","position":2,"name":"Zafamos la primera fase"}]},{"@type":"WebSite","@id":"https:\/\/informelitoral.com.ar\/#website","url":"https:\/\/informelitoral.com.ar\/","name":"Informe Litoral","description":"&quot;Nos informamos&quot; ","publisher":{"@id":"https:\/\/informelitoral.com.ar\/#organization"},"potentialAction":[{"@type":"SearchAction","target":{"@type":"EntryPoint","urlTemplate":"https:\/\/informelitoral.com.ar\/?s={search_term_string}"},"query-input":{"@type":"PropertyValueSpecification","valueRequired":true,"valueName":"search_term_string"}}],"inLanguage":"es"},{"@type":"Organization","@id":"https:\/\/informelitoral.com.ar\/#organization","name":"Informe Litoral","url":"https:\/\/informelitoral.com.ar\/","logo":{"@type":"ImageObject","inLanguage":"es","@id":"https:\/\/informelitoral.com.ar\/#\/schema\/logo\/image\/","url":"https:\/\/informelitoral.com.ar\/%77%70%2d%63%6f%6e%74%65%6e%74\/uploads\/2021\/01\/circulo.png","contentUrl":"https:\/\/informelitoral.com.ar\/%77%70%2d%63%6f%6e%74%65%6e%74\/uploads\/2021\/01\/circulo.png","width":723,"height":731,"caption":"Informe Litoral"},"image":{"@id":"https:\/\/informelitoral.com.ar\/#\/schema\/logo\/image\/"},"sameAs":["https:\/\/www.facebook.com\/informelitoral\/","https:\/\/x.com\/InformeLitoral","https:\/\/www.instagram.com\/informelitoral\/","https:\/\/www.youtube.com\/channel\/UCua4Qvz8Icb6MYqhoq9xLXw"]},{"@type":"Person","@id":"https:\/\/informelitoral.com.ar\/#\/schema\/person\/b9d00407c836482871ef1d57bf8e3180","name":"Gonzalo Schmidt","image":{"@type":"ImageObject","inLanguage":"es","@id":"https:\/\/secure.gravatar.com\/avatar\/31a1a7b66ff2de83bd0e9fd79d026630d2d99e55e8bfe501287647b4fd9743de?s=96&d=mm&r=g","url":"https:\/\/secure.gravatar.com\/avatar\/31a1a7b66ff2de83bd0e9fd79d026630d2d99e55e8bfe501287647b4fd9743de?s=96&d=mm&r=g","contentUrl":"https:\/\/secure.gravatar.com\/avatar\/31a1a7b66ff2de83bd0e9fd79d026630d2d99e55e8bfe501287647b4fd9743de?s=96&d=mm&r=g","caption":"Gonzalo Schmidt"},"description":"Sitio web de noticias de la provincia de Entre R\u00edos, Argentina. Informaci\u00f3n y entretenimiento. Informe Litoral, nos informamos.","sameAs":["http:\/\/www.isletasnoticias.com.ar"],"url":"https:\/\/informelitoral.com.ar\/author\/gonzalo\/"}]}},"_links":{"self":[{"href":"https:\/\/informelitoral.com.ar\/%77%70%2d%6a%73%6f%6e\/wp\/v2\/posts\/242747","targetHints":{"allow":["GET"]}}],"collection":[{"href":"https:\/\/informelitoral.com.ar\/%77%70%2d%6a%73%6f%6e\/wp\/v2\/posts"}],"about":[{"href":"https:\/\/informelitoral.com.ar\/%77%70%2d%6a%73%6f%6e\/wp\/v2\/types\/post"}],"author":[{"embeddable":true,"href":"https:\/\/informelitoral.com.ar\/%77%70%2d%6a%73%6f%6e\/wp\/v2\/users\/2"}],"replies":[{"embeddable":true,"href":"https:\/\/informelitoral.com.ar\/%77%70%2d%6a%73%6f%6e\/wp\/v2\/comments?post=242747"}],"version-history":[{"count":1,"href":"https:\/\/informelitoral.com.ar\/%77%70%2d%6a%73%6f%6e\/wp\/v2\/posts\/242747\/revisions"}],"predecessor-version":[{"id":242749,"href":"https:\/\/informelitoral.com.ar\/%77%70%2d%6a%73%6f%6e\/wp\/v2\/posts\/242747\/revisions\/242749"}],"wp:featuredmedia":[{"embeddable":true,"href":"https:\/\/informelitoral.com.ar\/%77%70%2d%6a%73%6f%6e\/wp\/v2\/media\/242748"}],"wp:attachment":[{"href":"https:\/\/informelitoral.com.ar\/%77%70%2d%6a%73%6f%6e\/wp\/v2\/media?parent=242747"}],"wp:term":[{"taxonomy":"category","embeddable":true,"href":"https:\/\/informelitoral.com.ar\/%77%70%2d%6a%73%6f%6e\/wp\/v2\/categories?post=242747"},{"taxonomy":"post_tag","embeddable":true,"href":"https:\/\/informelitoral.com.ar\/%77%70%2d%6a%73%6f%6e\/wp\/v2\/tags?post=242747"}],"curies":[{"name":"wp","href":"https:\/\/api.w.org\/{rel}","templated":true}]}}