{"id":242712,"date":"2025-12-06T12:22:23","date_gmt":"2025-12-06T15:22:23","guid":{"rendered":"https:\/\/informelitoral.com.ar\/?p=242712"},"modified":"2025-12-06T12:22:23","modified_gmt":"2025-12-06T15:22:23","slug":"presentaron-la-2a-fiesta-del-adobe-en-nogoya","status":"publish","type":"post","link":"https:\/\/informelitoral.com.ar\/presentaron-la-2a-fiesta-del-adobe-en-nogoya\/","title":{"rendered":"Presentaron la 2\u00aa Fiesta del Adobe en Nogoy\u00e1"},"content":{"rendered":"<p>En el horno de ladrillo de la familia Moreira, el viernes por la tarde, se present\u00f3 oficialmente la segunda edici\u00f3n de la <strong>Fiesta del Adobe<\/strong>, a celebrarse el<strong> s\u00e1bado 13 de diciembre en el Club Deportivo Libertad de Nogoy\u00e1.<\/strong> El objetivo es rescatar las tradiciones y costumbres vinculadas al trabajo artesanal de los ladrilleros, promoviendo el turismo en la regi\u00f3n.<\/p>\n<h6><em><strong>Te puede interesar:\u00a0<a href=\"https:\/\/informelitoral.com.ar\/senado-comisiones-audiencias-publicas-y-convocatoria-a-sesion\/\" target=\"_blank\" rel=\"noopener\">Senado: comisiones, audiencias p\u00fablicas, y convocatoria a sesi\u00f3n<\/a><\/strong><\/em><\/h6>\n<p>En la oportunidad, la vicegobernadora de la provincia, <strong>Alicia Aluani<\/strong>, valor\u00f3 las tradiciones y costumbres de la zona arraigadas al oficio de los ladrilleros. \u201cEsta fiesta nos llena de orgullo porque no solamente es parte de nuestra identidad, sino tambi\u00e9n del sentido de pertenencia\u201d, expres\u00f3 la mandataria tras resaltar la importancia que tiene esta celebraci\u00f3n en el rescate de nuestra cultura.<\/p>\n<p>\u201cDesde el Gobierno de Entre R\u00edos queremos estar presentes y acompa\u00f1ar las celebraciones que ponen en valor son nuestras tradiciones. Y en este caso, la Fiesta del Adobe es muy importante porque los actores principales son los ladrilleros, quienes hacen un trabajo artesanal que requiere de mucho esfuerzo\u201d, resalt\u00f3. Y agreg\u00f3: \u201cQueremos que esta fiesta se visibilice en nuestra provincia, en toda la Argentina y que trascienda\u201d.<\/p>\n<p>En tanto, el intendente <strong>Bernardo Schneider<\/strong> destac\u00f3 el \u201cesfuerzo conjunto\u201d y la importancia de la fiesta que \u201cpone en valor lo que hacen los amigos ladrilleros que hoy est\u00e1n acompa\u00f1ando\u201d. Y a\u00f1adi\u00f3: \u201cLa noble tarea de los ladrilleros dan los fundamentos y el origen de esta gran fiesta\u201d.<\/p>\n<p>En este sentido, el jefe comunal consider\u00f3 que se trata de un evento de relevancia para la ciudad y los vecinos. \u201cLos invitamos a todos que se acerquen a la fiesta que, a ser bien recibidos, porque Nogoy\u00e1 tiene esa caracter\u00edstica, la de ser buenos anfitriones\u201d, asever\u00f3.<\/p>\n<p>Por su parte, el presidente del Club Deportivo Libertad, <strong>Daniel Koch<\/strong>, agradeci\u00f3 la presencia y el acompa\u00f1amiento de la vicegobernadora Aluani, del intendente de Nogoy\u00e1 y de todos los que colaboran y hacen posible esta fiesta. \u201cSon desaf\u00edos que se llevan adelante desde una instituci\u00f3n, pero sin este acompa\u00f1amiento ser\u00eda pr\u00e1cticamente imposible\u201d, aclar\u00f3.<\/p>\n<p>\u201cCuando llegamos al Cha\u00f1ar, siempre dijimos que quer\u00edamos visualizar este trabajo ancestral y artesanal. Nosotros quer\u00edamos hacer una fiesta que sea \u00fanica y Nogoy\u00e1 va en camino a la segunda edici\u00f3n y la idea es seguir potenciando esta celebraci\u00f3n\u201d, manifest\u00f3 Koch tras dar detalles de la fiesta prevista para el s\u00e1bado 13 de diciembre en el barrio El Cha\u00f1ar.<\/p>\n<h2><strong>Declaraci\u00f3n<\/strong><\/h2>\n<p>Durante la presentaci\u00f3n de la fiesta, la vicegobernadora Aluani le entreg\u00f3 a Daniel Koch la Declaraci\u00f3n de Inter\u00e9s Legislativo de la C\u00e1mara de Senadores de Entre R\u00edos, a la realizaci\u00f3n de la Segunda Fiesta del Adobe, a realizarse el 13 de diciembre de 2025 en la ciudad de Nogoy\u00e1. (Expediente N\u00ba15.542).<\/p>\n<h2><strong>Presencias<\/strong><\/h2>\n<p>Participaron de la actividad, la vicegobernadora<strong> Alicia Aluani<\/strong>, intendente de Nogoy\u00e1, <strong>Bernardo Schneider<\/strong>; la coordinadora de la Honorable C\u00e1mara de Senadores de Entre R\u00edos,<strong> Julieta Sosa;<\/strong> el presidente del Club Deportivo Libertad,<strong> Daniel Koch;<\/strong> <strong>Jos\u00e9 Mouli\u00e1,<\/strong> represente del Gobierno de Entre R\u00edos en la Casa de Entre R\u00edos; <strong>Karina Clementin,<\/strong> coordinadora de Cultura; entre otras autoridades locales.<\/p>\n<h6><em><strong>Del archivo:\u00a0<a href=\"https:\/\/informelitoral.com.ar\/costa-grande-y-lar-invitan-a-una-charla-sobre-caravanas-electronicas-senasa\/\" target=\"_blank\" rel=\"noopener\">Costa Grande y LAR invitan a una charla sobre Caravanas Electr\u00f3nicas<\/a><\/strong><\/em><\/h6>\n","protected":false},"excerpt":{"rendered":"<p>La vicegobernadora Alicia Aluani particip\u00f3 de la presentaci\u00f3n oficial de la celebraci\u00f3n, declarada de Inter\u00e9s por la Honorable C\u00e1mara de Senadores de Entre R\u00edos. El acontecimiento rinde homenaje a los ladrilleros de la ciudad y la regi\u00f3n.<\/p>\n","protected":false},"author":2,"featured_media":242713,"comment_status":"open","ping_status":"open","sticky":false,"template":"","format":"standard","meta":{"fifu_image_url":"","fifu_image_alt":"","footnotes":""},"categories":[4592,16],"tags":[4462,5281,74],"class_list":{"0":"post-242712","1":"post","2":"type-post","3":"status-publish","4":"format-standard","5":"has-post-thumbnail","7":"category-departamento-nogoya","8":"category-politi","9":"tag-alicia-aluani","10":"tag-fiesta-del-adobe","11":"tag-nogoya"},"yoast_head":"<title>Presentaron la 2\u00aa Fiesta del Adobe en Nogoy\u00e1 - Informe Litoral<\/title>\n<meta name=\"robots\" content=\"index, follow, max-snippet:-1, max-image-preview:large, max-video-preview:-1\" \/>\n<link rel=\"canonical\" href=\"https:\/\/informelitoral.com.ar\/presentaron-la-2a-fiesta-del-adobe-en-nogoya\/\" \/>\n<meta property=\"og:locale\" content=\"es_ES\" \/>\n<meta property=\"og:type\" content=\"article\" \/>\n<meta property=\"og:title\" content=\"Presentaron la 2\u00aa Fiesta del Adobe en Nogoy\u00e1 - Informe Litoral\" \/>\n<meta property=\"og:description\" content=\"La vicegobernadora Alicia Aluani particip\u00f3 de la presentaci\u00f3n oficial de la celebraci\u00f3n, declarada de Inter\u00e9s por la Honorable C\u00e1mara de Senadores de Entre R\u00edos. El acontecimiento rinde homenaje a los ladrilleros de la ciudad y la regi\u00f3n.\" \/>\n<meta property=\"og:url\" content=\"https:\/\/informelitoral.com.ar\/presentaron-la-2a-fiesta-del-adobe-en-nogoya\/\" \/>\n<meta property=\"og:site_name\" content=\"Informe Litoral\" \/>\n<meta property=\"article:publisher\" content=\"https:\/\/www.facebook.com\/informelitoral\/\" \/>\n<meta property=\"article:published_time\" content=\"2025-12-06T15:22:23+00:00\" \/>\n<meta property=\"og:image\" content=\"https:\/\/drive.google.com\/thumbnail?id=1v3l9XJtzEWNp8N8OWqw_aHbPlTC7fVP1&sz=w2048\" \/>\n\t<meta property=\"og:image:width\" content=\"860\" \/>\n\t<meta property=\"og:image:height\" content=\"573\" \/>\n\t<meta property=\"og:image:type\" content=\"image\/jpeg\" \/>\n<meta name=\"author\" content=\"Gonzalo Schmidt\" \/>\n<meta name=\"twitter:card\" content=\"summary_large_image\" \/>\n<meta name=\"twitter:creator\" content=\"@InformeLitoral\" \/>\n<meta name=\"twitter:site\" content=\"@InformeLitoral\" \/>\n<meta name=\"twitter:label1\" content=\"Escrito por\" \/>\n\t<meta name=\"twitter:data1\" content=\"Gonzalo Schmidt\" \/>\n\t<meta name=\"twitter:label2\" content=\"Tiempo de lectura\" \/>\n\t<meta name=\"twitter:data2\" content=\"3 minutos\" \/>\n<script type=\"application\/ld+json\" class=\"yoast-schema-graph\">{\"@context\":\"https:\\\/\\\/schema.org\",\"@graph\":[{\"@type\":\"Article\",\"@id\":\"https:\\\/\\\/informelitoral.com.ar\\\/presentaron-la-2a-fiesta-del-adobe-en-nogoya\\\/#article\",\"isPartOf\":{\"@id\":\"https:\\\/\\\/informelitoral.com.ar\\\/presentaron-la-2a-fiesta-del-adobe-en-nogoya\\\/\"},\"author\":{\"name\":\"Gonzalo Schmidt\",\"@id\":\"https:\\\/\\\/informelitoral.com.ar\\\/#\\\/schema\\\/person\\\/b9d00407c836482871ef1d57bf8e3180\"},\"headline\":\"Presentaron la 2\u00aa Fiesta del Adobe en Nogoy\u00e1\",\"datePublished\":\"2025-12-06T15:22:23+00:00\",\"mainEntityOfPage\":{\"@id\":\"https:\\\/\\\/informelitoral.com.ar\\\/presentaron-la-2a-fiesta-del-adobe-en-nogoya\\\/\"},\"wordCount\":570,\"commentCount\":0,\"publisher\":{\"@id\":\"https:\\\/\\\/informelitoral.com.ar\\\/#organization\"},\"image\":{\"@id\":\"https:\\\/\\\/informelitoral.com.ar\\\/presentaron-la-2a-fiesta-del-adobe-en-nogoya\\\/#primaryimage\"},\"thumbnailUrl\":\"https:\\\/\\\/drive.google.com\\\/thumbnail?id=1v3l9XJtzEWNp8N8OWqw_aHbPlTC7fVP1&sz=w2048\",\"keywords\":[\"Alicia Aluani\",\"Fiesta del Adobe\",\"Nogoy\u00e1\"],\"articleSection\":[\"Departamento Nogoy\u00e1\",\"Politica\"],\"inLanguage\":\"es\",\"potentialAction\":[{\"@type\":\"CommentAction\",\"name\":\"Comment\",\"target\":[\"https:\\\/\\\/informelitoral.com.ar\\\/presentaron-la-2a-fiesta-del-adobe-en-nogoya\\\/#respond\"]}]},{\"@type\":\"WebPage\",\"@id\":\"https:\\\/\\\/informelitoral.com.ar\\\/presentaron-la-2a-fiesta-del-adobe-en-nogoya\\\/\",\"url\":\"https:\\\/\\\/informelitoral.com.ar\\\/presentaron-la-2a-fiesta-del-adobe-en-nogoya\\\/\",\"name\":\"Presentaron la 2\u00aa Fiesta del Adobe en Nogoy\u00e1 - Informe Litoral\",\"isPartOf\":{\"@id\":\"https:\\\/\\\/informelitoral.com.ar\\\/#website\"},\"primaryImageOfPage\":{\"@id\":\"https:\\\/\\\/informelitoral.com.ar\\\/presentaron-la-2a-fiesta-del-adobe-en-nogoya\\\/#primaryimage\"},\"image\":{\"@id\":\"https:\\\/\\\/informelitoral.com.ar\\\/presentaron-la-2a-fiesta-del-adobe-en-nogoya\\\/#primaryimage\"},\"thumbnailUrl\":\"https:\\\/\\\/drive.google.com\\\/thumbnail?id=1v3l9XJtzEWNp8N8OWqw_aHbPlTC7fVP1&sz=w2048\",\"datePublished\":\"2025-12-06T15:22:23+00:00\",\"breadcrumb\":{\"@id\":\"https:\\\/\\\/informelitoral.com.ar\\\/presentaron-la-2a-fiesta-del-adobe-en-nogoya\\\/#breadcrumb\"},\"inLanguage\":\"es\",\"potentialAction\":[{\"@type\":\"ReadAction\",\"target\":[\"https:\\\/\\\/informelitoral.com.ar\\\/presentaron-la-2a-fiesta-del-adobe-en-nogoya\\\/\"]}]},{\"@type\":\"ImageObject\",\"inLanguage\":\"es\",\"@id\":\"https:\\\/\\\/informelitoral.com.ar\\\/presentaron-la-2a-fiesta-del-adobe-en-nogoya\\\/#primaryimage\",\"url\":\"https:\\\/\\\/drive.google.com\\\/thumbnail?id=1v3l9XJtzEWNp8N8OWqw_aHbPlTC7fVP1&sz=w2048\",\"contentUrl\":\"https:\\\/\\\/drive.google.com\\\/thumbnail?id=1v3l9XJtzEWNp8N8OWqw_aHbPlTC7fVP1&sz=w2048\",\"width\":860,\"height\":573},{\"@type\":\"BreadcrumbList\",\"@id\":\"https:\\\/\\\/informelitoral.com.ar\\\/presentaron-la-2a-fiesta-del-adobe-en-nogoya\\\/#breadcrumb\",\"itemListElement\":[{\"@type\":\"ListItem\",\"position\":1,\"name\":\"Portada\",\"item\":\"https:\\\/\\\/informelitoral.com.ar\\\/\"},{\"@type\":\"ListItem\",\"position\":2,\"name\":\"Presentaron la 2\u00aa Fiesta del Adobe en Nogoy\u00e1\"}]},{\"@type\":\"WebSite\",\"@id\":\"https:\\\/\\\/informelitoral.com.ar\\\/#website\",\"url\":\"https:\\\/\\\/informelitoral.com.ar\\\/\",\"name\":\"Informe Litoral\",\"description\":\"&quot;Nos informamos&quot; \",\"publisher\":{\"@id\":\"https:\\\/\\\/informelitoral.com.ar\\\/#organization\"},\"potentialAction\":[{\"@type\":\"SearchAction\",\"target\":{\"@type\":\"EntryPoint\",\"urlTemplate\":\"https:\\\/\\\/informelitoral.com.ar\\\/?s={search_term_string}\"},\"query-input\":{\"@type\":\"PropertyValueSpecification\",\"valueRequired\":true,\"valueName\":\"search_term_string\"}}],\"inLanguage\":\"es\"},{\"@type\":\"Organization\",\"@id\":\"https:\\\/\\\/informelitoral.com.ar\\\/#organization\",\"name\":\"Informe Litoral\",\"url\":\"https:\\\/\\\/informelitoral.com.ar\\\/\",\"logo\":{\"@type\":\"ImageObject\",\"inLanguage\":\"es\",\"@id\":\"https:\\\/\\\/informelitoral.com.ar\\\/#\\\/schema\\\/logo\\\/image\\\/\",\"url\":\"https:\\\/\\\/informelitoral.com.ar\\\/%77%70%2d%63%6f%6e%74%65%6e%74\\\/uploads\\\/2021\\\/01\\\/circulo.png\",\"contentUrl\":\"https:\\\/\\\/informelitoral.com.ar\\\/%77%70%2d%63%6f%6e%74%65%6e%74\\\/uploads\\\/2021\\\/01\\\/circulo.png\",\"width\":723,\"height\":731,\"caption\":\"Informe Litoral\"},\"image\":{\"@id\":\"https:\\\/\\\/informelitoral.com.ar\\\/#\\\/schema\\\/logo\\\/image\\\/\"},\"sameAs\":[\"https:\\\/\\\/www.facebook.com\\\/informelitoral\\\/\",\"https:\\\/\\\/x.com\\\/InformeLitoral\",\"https:\\\/\\\/www.instagram.com\\\/informelitoral\\\/\",\"https:\\\/\\\/www.youtube.com\\\/channel\\\/UCua4Qvz8Icb6MYqhoq9xLXw\"]},{\"@type\":\"Person\",\"@id\":\"https:\\\/\\\/informelitoral.com.ar\\\/#\\\/schema\\\/person\\\/b9d00407c836482871ef1d57bf8e3180\",\"name\":\"Gonzalo Schmidt\",\"image\":{\"@type\":\"ImageObject\",\"inLanguage\":\"es\",\"@id\":\"https:\\\/\\\/secure.gravatar.com\\\/avatar\\\/31a1a7b66ff2de83bd0e9fd79d026630d2d99e55e8bfe501287647b4fd9743de?s=96&d=mm&r=g\",\"url\":\"https:\\\/\\\/secure.gravatar.com\\\/avatar\\\/31a1a7b66ff2de83bd0e9fd79d026630d2d99e55e8bfe501287647b4fd9743de?s=96&d=mm&r=g\",\"contentUrl\":\"https:\\\/\\\/secure.gravatar.com\\\/avatar\\\/31a1a7b66ff2de83bd0e9fd79d026630d2d99e55e8bfe501287647b4fd9743de?s=96&d=mm&r=g\",\"caption\":\"Gonzalo Schmidt\"},\"description\":\"Sitio web de noticias de la provincia de Entre R\u00edos, Argentina. Informaci\u00f3n y entretenimiento. Informe Litoral, nos informamos.\",\"sameAs\":[\"http:\\\/\\\/www.isletasnoticias.com.ar\"],\"url\":\"https:\\\/\\\/informelitoral.com.ar\\\/author\\\/gonzalo\\\/\"}]}<\/script>","yoast_head_json":{"title":"Presentaron la 2\u00aa Fiesta del Adobe en Nogoy\u00e1 - Informe Litoral","robots":{"index":"index","follow":"follow","max-snippet":"max-snippet:-1","max-image-preview":"max-image-preview:large","max-video-preview":"max-video-preview:-1"},"canonical":"https:\/\/informelitoral.com.ar\/presentaron-la-2a-fiesta-del-adobe-en-nogoya\/","og_locale":"es_ES","og_type":"article","og_title":"Presentaron la 2\u00aa Fiesta del Adobe en Nogoy\u00e1 - Informe Litoral","og_description":"La vicegobernadora Alicia Aluani particip\u00f3 de la presentaci\u00f3n oficial de la celebraci\u00f3n, declarada de Inter\u00e9s por la Honorable C\u00e1mara de Senadores de Entre R\u00edos. El acontecimiento rinde homenaje a los ladrilleros de la ciudad y la regi\u00f3n.","og_url":"https:\/\/informelitoral.com.ar\/presentaron-la-2a-fiesta-del-adobe-en-nogoya\/","og_site_name":"Informe Litoral","article_publisher":"https:\/\/www.facebook.com\/informelitoral\/","article_published_time":"2025-12-06T15:22:23+00:00","og_image":[{"width":860,"height":573,"url":"https:\/\/drive.google.com\/thumbnail?id=1v3l9XJtzEWNp8N8OWqw_aHbPlTC7fVP1&sz=w2048","type":"image\/jpeg"}],"author":"Gonzalo Schmidt","twitter_card":"summary_large_image","twitter_creator":"@InformeLitoral","twitter_site":"@InformeLitoral","twitter_misc":{"Escrito por":"Gonzalo Schmidt","Tiempo de lectura":"3 minutos"},"schema":{"@context":"https:\/\/schema.org","@graph":[{"@type":"Article","@id":"https:\/\/informelitoral.com.ar\/presentaron-la-2a-fiesta-del-adobe-en-nogoya\/#article","isPartOf":{"@id":"https:\/\/informelitoral.com.ar\/presentaron-la-2a-fiesta-del-adobe-en-nogoya\/"},"author":{"name":"Gonzalo Schmidt","@id":"https:\/\/informelitoral.com.ar\/#\/schema\/person\/b9d00407c836482871ef1d57bf8e3180"},"headline":"Presentaron la 2\u00aa Fiesta del Adobe en Nogoy\u00e1","datePublished":"2025-12-06T15:22:23+00:00","mainEntityOfPage":{"@id":"https:\/\/informelitoral.com.ar\/presentaron-la-2a-fiesta-del-adobe-en-nogoya\/"},"wordCount":570,"commentCount":0,"publisher":{"@id":"https:\/\/informelitoral.com.ar\/#organization"},"image":{"@id":"https:\/\/informelitoral.com.ar\/presentaron-la-2a-fiesta-del-adobe-en-nogoya\/#primaryimage"},"thumbnailUrl":"https:\/\/drive.google.com\/thumbnail?id=1v3l9XJtzEWNp8N8OWqw_aHbPlTC7fVP1&sz=w2048","keywords":["Alicia Aluani","Fiesta del Adobe","Nogoy\u00e1"],"articleSection":["Departamento Nogoy\u00e1","Politica"],"inLanguage":"es","potentialAction":[{"@type":"CommentAction","name":"Comment","target":["https:\/\/informelitoral.com.ar\/presentaron-la-2a-fiesta-del-adobe-en-nogoya\/#respond"]}]},{"@type":"WebPage","@id":"https:\/\/informelitoral.com.ar\/presentaron-la-2a-fiesta-del-adobe-en-nogoya\/","url":"https:\/\/informelitoral.com.ar\/presentaron-la-2a-fiesta-del-adobe-en-nogoya\/","name":"Presentaron la 2\u00aa Fiesta del Adobe en Nogoy\u00e1 - Informe Litoral","isPartOf":{"@id":"https:\/\/informelitoral.com.ar\/#website"},"primaryImageOfPage":{"@id":"https:\/\/informelitoral.com.ar\/presentaron-la-2a-fiesta-del-adobe-en-nogoya\/#primaryimage"},"image":{"@id":"https:\/\/informelitoral.com.ar\/presentaron-la-2a-fiesta-del-adobe-en-nogoya\/#primaryimage"},"thumbnailUrl":"https:\/\/drive.google.com\/thumbnail?id=1v3l9XJtzEWNp8N8OWqw_aHbPlTC7fVP1&sz=w2048","datePublished":"2025-12-06T15:22:23+00:00","breadcrumb":{"@id":"https:\/\/informelitoral.com.ar\/presentaron-la-2a-fiesta-del-adobe-en-nogoya\/#breadcrumb"},"inLanguage":"es","potentialAction":[{"@type":"ReadAction","target":["https:\/\/informelitoral.com.ar\/presentaron-la-2a-fiesta-del-adobe-en-nogoya\/"]}]},{"@type":"ImageObject","inLanguage":"es","@id":"https:\/\/informelitoral.com.ar\/presentaron-la-2a-fiesta-del-adobe-en-nogoya\/#primaryimage","url":"https:\/\/drive.google.com\/thumbnail?id=1v3l9XJtzEWNp8N8OWqw_aHbPlTC7fVP1&sz=w2048","contentUrl":"https:\/\/drive.google.com\/thumbnail?id=1v3l9XJtzEWNp8N8OWqw_aHbPlTC7fVP1&sz=w2048","width":860,"height":573},{"@type":"BreadcrumbList","@id":"https:\/\/informelitoral.com.ar\/presentaron-la-2a-fiesta-del-adobe-en-nogoya\/#breadcrumb","itemListElement":[{"@type":"ListItem","position":1,"name":"Portada","item":"https:\/\/informelitoral.com.ar\/"},{"@type":"ListItem","position":2,"name":"Presentaron la 2\u00aa Fiesta del Adobe en Nogoy\u00e1"}]},{"@type":"WebSite","@id":"https:\/\/informelitoral.com.ar\/#website","url":"https:\/\/informelitoral.com.ar\/","name":"Informe Litoral","description":"&quot;Nos informamos&quot; ","publisher":{"@id":"https:\/\/informelitoral.com.ar\/#organization"},"potentialAction":[{"@type":"SearchAction","target":{"@type":"EntryPoint","urlTemplate":"https:\/\/informelitoral.com.ar\/?s={search_term_string}"},"query-input":{"@type":"PropertyValueSpecification","valueRequired":true,"valueName":"search_term_string"}}],"inLanguage":"es"},{"@type":"Organization","@id":"https:\/\/informelitoral.com.ar\/#organization","name":"Informe Litoral","url":"https:\/\/informelitoral.com.ar\/","logo":{"@type":"ImageObject","inLanguage":"es","@id":"https:\/\/informelitoral.com.ar\/#\/schema\/logo\/image\/","url":"https:\/\/informelitoral.com.ar\/%77%70%2d%63%6f%6e%74%65%6e%74\/uploads\/2021\/01\/circulo.png","contentUrl":"https:\/\/informelitoral.com.ar\/%77%70%2d%63%6f%6e%74%65%6e%74\/uploads\/2021\/01\/circulo.png","width":723,"height":731,"caption":"Informe Litoral"},"image":{"@id":"https:\/\/informelitoral.com.ar\/#\/schema\/logo\/image\/"},"sameAs":["https:\/\/www.facebook.com\/informelitoral\/","https:\/\/x.com\/InformeLitoral","https:\/\/www.instagram.com\/informelitoral\/","https:\/\/www.youtube.com\/channel\/UCua4Qvz8Icb6MYqhoq9xLXw"]},{"@type":"Person","@id":"https:\/\/informelitoral.com.ar\/#\/schema\/person\/b9d00407c836482871ef1d57bf8e3180","name":"Gonzalo Schmidt","image":{"@type":"ImageObject","inLanguage":"es","@id":"https:\/\/secure.gravatar.com\/avatar\/31a1a7b66ff2de83bd0e9fd79d026630d2d99e55e8bfe501287647b4fd9743de?s=96&d=mm&r=g","url":"https:\/\/secure.gravatar.com\/avatar\/31a1a7b66ff2de83bd0e9fd79d026630d2d99e55e8bfe501287647b4fd9743de?s=96&d=mm&r=g","contentUrl":"https:\/\/secure.gravatar.com\/avatar\/31a1a7b66ff2de83bd0e9fd79d026630d2d99e55e8bfe501287647b4fd9743de?s=96&d=mm&r=g","caption":"Gonzalo Schmidt"},"description":"Sitio web de noticias de la provincia de Entre R\u00edos, Argentina. Informaci\u00f3n y entretenimiento. Informe Litoral, nos informamos.","sameAs":["http:\/\/www.isletasnoticias.com.ar"],"url":"https:\/\/informelitoral.com.ar\/author\/gonzalo\/"}]}},"_links":{"self":[{"href":"https:\/\/informelitoral.com.ar\/%77%70%2d%6a%73%6f%6e\/wp\/v2\/posts\/242712","targetHints":{"allow":["GET"]}}],"collection":[{"href":"https:\/\/informelitoral.com.ar\/%77%70%2d%6a%73%6f%6e\/wp\/v2\/posts"}],"about":[{"href":"https:\/\/informelitoral.com.ar\/%77%70%2d%6a%73%6f%6e\/wp\/v2\/types\/post"}],"author":[{"embeddable":true,"href":"https:\/\/informelitoral.com.ar\/%77%70%2d%6a%73%6f%6e\/wp\/v2\/users\/2"}],"replies":[{"embeddable":true,"href":"https:\/\/informelitoral.com.ar\/%77%70%2d%6a%73%6f%6e\/wp\/v2\/comments?post=242712"}],"version-history":[{"count":1,"href":"https:\/\/informelitoral.com.ar\/%77%70%2d%6a%73%6f%6e\/wp\/v2\/posts\/242712\/revisions"}],"predecessor-version":[{"id":242714,"href":"https:\/\/informelitoral.com.ar\/%77%70%2d%6a%73%6f%6e\/wp\/v2\/posts\/242712\/revisions\/242714"}],"wp:featuredmedia":[{"embeddable":true,"href":"https:\/\/informelitoral.com.ar\/%77%70%2d%6a%73%6f%6e\/wp\/v2\/media\/242713"}],"wp:attachment":[{"href":"https:\/\/informelitoral.com.ar\/%77%70%2d%6a%73%6f%6e\/wp\/v2\/media?parent=242712"}],"wp:term":[{"taxonomy":"category","embeddable":true,"href":"https:\/\/informelitoral.com.ar\/%77%70%2d%6a%73%6f%6e\/wp\/v2\/categories?post=242712"},{"taxonomy":"post_tag","embeddable":true,"href":"https:\/\/informelitoral.com.ar\/%77%70%2d%6a%73%6f%6e\/wp\/v2\/tags?post=242712"}],"curies":[{"name":"wp","href":"https:\/\/api.w.org\/{rel}","templated":true}]}}