{"id":242700,"date":"2025-12-06T10:02:53","date_gmt":"2025-12-06T13:02:53","guid":{"rendered":"https:\/\/informelitoral.com.ar\/?p=242700"},"modified":"2025-12-06T10:02:53","modified_gmt":"2025-12-06T13:02:53","slug":"javier-milei-sobre-la-llegada-de-los-aviones-f-16-a-la-argentina-es-un-dia-historico-para-el-pais","status":"publish","type":"post","link":"https:\/\/informelitoral.com.ar\/javier-milei-sobre-la-llegada-de-los-aviones-f-16-a-la-argentina-es-un-dia-historico-para-el-pais\/","title":{"rendered":"Javier Milei sobre la llegada de los aviones F-16 a la Argentina: \u201cEs un d\u00eda hist\u00f3rico para el pa\u00eds\u201d"},"content":{"rendered":"<p class=\"paragraph\" data-mrf-recirculation=\"Links inline\">La llegada de los\u00a0<b>primeros seis aviones de combate F-16<\/b>\u00a0marca un punto de inflexi\u00f3n para la defensa nacional, seg\u00fan el presidente\u00a0<b>Javier Milei<\/b>, quien present\u00f3 la nueva flota ante la ciudadan\u00eda y destac\u00f3 el impacto de esta adquisici\u00f3n en la seguridad del pa\u00eds. \u201cDespu\u00e9s de una ansiosa espera, tengo finalmente detr\u00e1s m\u00edo los primeros seis aviones de combate F-16. Con esta importante inversi\u00f3n en armamento militar, vamos a robustecer sustancialmente nuestra fuerza a\u00e9rea\u201d, afirm\u00f3 Milei durante el acto, subrayando la magnitud de la incorporaci\u00f3n.<\/p>\n<p class=\"paragraph\" data-mrf-recirculation=\"Links inline\">El mandatario relat\u00f3 la maniobra realizada por los pilotos de la Fuerza A\u00e9rea, quienes ejecutaron una demostraci\u00f3n que, en sus palabras, permiti\u00f3 que \u201ccientos de miles de argentinos pudieron levantar la mirada y ver por primera vez a sus \u00e1ngeles protectores surcando el cielo\u201d. Para Milei, estos F-16 representan \u201clos nuevos custodios del espacio a\u00e9reo argentino\u201d, y su llegada constituye un hito:<b>\u00a0\u201cHoy es un d\u00eda hist\u00f3rico para el pa\u00eds<\/b>, porque a partir de hoy todos y cada uno de nosotros estar\u00e1 un poco m\u00e1s seguro\u201d.<\/p>\n<p class=\"paragraph\" data-mrf-recirculation=\"Links inline\">El presidente vincul\u00f3 la adquisici\u00f3n de los F-16 con una pol\u00edtica de reparaci\u00f3n institucional hacia las Fuerzas Armadas, diferenciando su gesti\u00f3n de las anteriores: \u201cEsta incorporaci\u00f3n es fundamental porque los gobiernos anteriores nos hab\u00edan dejado sin defensas. Nuestro Gobierno, en cambio, est\u00e1 decidido a rectificar d\u00e9cadas de destrato hacia nuestras queridas Fuerzas Armadas, destrato que fue motivado por intereses ideol\u00f3gicos y partidarios\u201d. Milei insisti\u00f3 en que su administraci\u00f3n busca \u201cvolver a poner el rol de la defensa de la patria en el lugar que se merece\u201d.<\/p>\n<p class=\"paragraph\" data-mrf-recirculation=\"Links inline\">En el mismo acto, Milei agradeci\u00f3 al ministro Luis Petri por su gesti\u00f3n, y tambi\u00e9n aprovech\u00f3 para resaltar la figura de su sucesor, Carlos Presti. \u201cEl ministro Petri deja su cargo para ir a cumplir una tarea indispensable en la C\u00e1mara de Diputados, pero deja detr\u00e1s suyo un legado enorme, el cual estos aviones son su mayor testamento. La conducci\u00f3n del Ministerio de Defensa seguir\u00e1 en excelentes manos. Ahora, este \u00e1rea pasar\u00e1 al teniente general Presti, un militar de carrera\u201d.<\/p>\n<p class=\"paragraph\" data-mrf-recirculation=\"Links inline\">La designaci\u00f3n de Presti como nuevo ministro de Defensa gener\u00f3 controversia y cr\u00edticas desde sectores de la oposici\u00f3n, a lo que Milei respondi\u00f3: \u201cLa designaci\u00f3n del teniente general Presti como ministro de Defensa fue motivo de revuelo medi\u00e1tico los \u00faltimos d\u00edas,\u00a0<b>fogoneado por un sector de la pol\u00edtica que adopt\u00f3 una posici\u00f3n infantil<\/b>\u201d. El presidente atribuy\u00f3 las cr\u00edticas a una estrategia pol\u00edtica: \u201cEn un esfuerzo por hacer un usufructo pol\u00edtico de una tragedia nacional como fue la \u00faltima dictadura militar, en las \u00faltimas d\u00e9cadas el kirchnerismo se dedic\u00f3 a demonizar a nuestras Fuerzas Armadas y a resentir la relaci\u00f3n entre estas y la sociedad\u201d.<\/p>\n<p class=\"paragraph\" data-mrf-recirculation=\"Links inline\">Milei defendi\u00f3 la idoneidad de Presti para el cargo, argumentando: \u201cLa designaci\u00f3n del nuevo ministro se basa en su idoneidad para el cargo. Es decir, nosotros no buscamos poner a los que mejor miden en C\u00e1mara, sino que buscamos a los que m\u00e1s saben en la materia. Y l\u00f3gicamente, quien m\u00e1s sabe de defensa nacional es un militar\u201d. Adem\u00e1s, destac\u00f3 la integridad y valores del designado: \u201cSu larga trayectoria en el ej\u00e9rcito lo dota de una integridad moral y una serie de valores que la mayor\u00eda de los pol\u00edticos desconocen\u201d.<\/p>\n<p class=\"paragraph\" data-mrf-recirculation=\"Links inline\">El presidente tambi\u00e9n cuestion\u00f3 la visi\u00f3n de soberan\u00eda de los gobiernos anteriores: \u201cDurante estos veinte a\u00f1os hicieron diametralmente lo opuesto. Se llenaron la boca hablando de soberan\u00eda por d\u00e9cadas, pero nos entregaron un pa\u00eds pobre e indefenso.\u00a0<b>Desfinanciaron a nuestras Fuerzas Armadas e intentaron demonizarlas ante la sociedad para obtener un r\u00e9dito pol\u00edtico\u201d<\/b>. En contraste, Milei sostuvo que \u201cla \u00fanica forma de tener un pa\u00eds soberano es construyendo riqueza y construyendo las capacidades para defenderla\u201d.<\/p>\n<p class=\"paragraph\" data-mrf-recirculation=\"Links inline\">Al presentar los F-16, Milei los defini\u00f3 como \u201cun s\u00edmbolo de la Argentina que estamos construyendo, un pa\u00eds que se toma en serio a s\u00ed mismo y que pretende recuperar su merecido protagonismo en el concierto de las naciones\u201d. El presidente concluy\u00f3 su intervenci\u00f3n agradeciendo a los integrantes del poder ejecutivo y de la Fuerza A\u00e9rea, y expres\u00f3: \u201cHoy m\u00e1s que nunca podemos decir que las fuerzas del cielo nos est\u00e1n acompa\u00f1ando\u201d. <em>(Infobae)<\/em><\/p>\n<h6 data-mrf-recirculation=\"Links inline\"><em><strong>Del archivo:\u00a0<a href=\"https:\/\/informelitoral.com.ar\/costa-grande-y-lar-invitan-a-una-charla-sobre-caravanas-electronicas-senasa\/\" target=\"_blank\" rel=\"noopener\">Costa Grande y LAR invitan a una charla sobre Caravanas Electr\u00f3nicas<\/a><\/strong><\/em><\/h6>\n","protected":false},"excerpt":{"rendered":"<p>El presidente present\u00f3 en C\u00f3rdoba la nueva flota de las aeronaves de combate y resalt\u00f3 la importancia de esta adquisici\u00f3n para fortalecer la seguridad y la capacidad operativa de la Fuerza A\u00e9rea argentina. Critic\u00f3 al kirchnerismo y defendi\u00f3 la designaci\u00f3n del nuevo ministro de Defensa, Carlos Presti<\/p>\n","protected":false},"author":2,"featured_media":242701,"comment_status":"open","ping_status":"open","sticky":false,"template":"","format":"standard","meta":{"fifu_image_url":"https:\/\/www.cronista.com\/resizer\/v2\/milei-avion-f16-F4LHKPSBTNCERASQKDMGX3VP34.jpg?auth=72fa476c0ea023089fe9614a4ac0082a3eea09eb25203f4bcb4108d264608a8f&smart=true&width=800&height=450&quality=70","fifu_image_alt":"","footnotes":""},"categories":[16],"tags":[300,2603],"class_list":{"0":"post-242700","1":"post","2":"type-post","3":"status-publish","4":"format-standard","5":"has-post-thumbnail","7":"category-politi","8":"tag-aviones","9":"tag-javier-milei"},"yoast_head":"<title>Javier Milei sobre la llegada de los aviones F-16 a la Argentina: \u201cEs un d\u00eda hist\u00f3rico para el pa\u00eds\u201d - Informe Litoral<\/title>\n<meta name=\"robots\" content=\"index, follow, max-snippet:-1, max-image-preview:large, max-video-preview:-1\" \/>\n<link rel=\"canonical\" href=\"https:\/\/informelitoral.com.ar\/javier-milei-sobre-la-llegada-de-los-aviones-f-16-a-la-argentina-es-un-dia-historico-para-el-pais\/\" \/>\n<meta property=\"og:locale\" content=\"es_ES\" \/>\n<meta property=\"og:type\" content=\"article\" \/>\n<meta property=\"og:title\" content=\"Javier Milei sobre la llegada de los aviones F-16 a la Argentina: \u201cEs un d\u00eda hist\u00f3rico para el pa\u00eds\u201d - Informe Litoral\" \/>\n<meta property=\"og:description\" content=\"El presidente present\u00f3 en C\u00f3rdoba la nueva flota de las aeronaves de combate y resalt\u00f3 la importancia de esta adquisici\u00f3n para fortalecer la seguridad y la capacidad operativa de la Fuerza A\u00e9rea argentina. Critic\u00f3 al kirchnerismo y defendi\u00f3 la designaci\u00f3n del nuevo ministro de Defensa, Carlos Presti\" \/>\n<meta property=\"og:url\" content=\"https:\/\/informelitoral.com.ar\/javier-milei-sobre-la-llegada-de-los-aviones-f-16-a-la-argentina-es-un-dia-historico-para-el-pais\/\" \/>\n<meta property=\"og:site_name\" content=\"Informe Litoral\" \/>\n<meta property=\"article:publisher\" content=\"https:\/\/www.facebook.com\/informelitoral\/\" \/>\n<meta property=\"article:published_time\" content=\"2025-12-06T13:02:53+00:00\" \/>\n<meta property=\"og:image\" content=\"https:\/\/www.cronista.com\/resizer\/v2\/milei-avion-f16-F4LHKPSBTNCERASQKDMGX3VP34.jpg?auth=72fa476c0ea023089fe9614a4ac0082a3eea09eb25203f4bcb4108d264608a8f&smart=true&width=800&height=450&quality=70\" \/>\n<meta name=\"author\" content=\"Gonzalo Schmidt\" \/>\n<meta name=\"twitter:card\" content=\"summary_large_image\" \/>\n<meta name=\"twitter:image\" content=\"https:\/\/www.cronista.com\/resizer\/v2\/milei-avion-f16-F4LHKPSBTNCERASQKDMGX3VP34.jpg?auth=72fa476c0ea023089fe9614a4ac0082a3eea09eb25203f4bcb4108d264608a8f&smart=true&width=800&height=450&quality=70\" \/>\n<meta name=\"twitter:creator\" content=\"@InformeLitoral\" \/>\n<meta name=\"twitter:site\" content=\"@InformeLitoral\" \/>\n<meta name=\"twitter:label1\" content=\"Escrito por\" \/>\n\t<meta name=\"twitter:data1\" content=\"Gonzalo Schmidt\" \/>\n\t<meta name=\"twitter:label2\" content=\"Tiempo de lectura\" \/>\n\t<meta name=\"twitter:data2\" content=\"4 minutos\" \/>\n<script type=\"application\/ld+json\" class=\"yoast-schema-graph\">{\"@context\":\"https:\\\/\\\/schema.org\",\"@graph\":[{\"@type\":\"Article\",\"@id\":\"https:\\\/\\\/informelitoral.com.ar\\\/javier-milei-sobre-la-llegada-de-los-aviones-f-16-a-la-argentina-es-un-dia-historico-para-el-pais\\\/#article\",\"isPartOf\":{\"@id\":\"https:\\\/\\\/informelitoral.com.ar\\\/javier-milei-sobre-la-llegada-de-los-aviones-f-16-a-la-argentina-es-un-dia-historico-para-el-pais\\\/\"},\"author\":{\"name\":\"Gonzalo Schmidt\",\"@id\":\"https:\\\/\\\/informelitoral.com.ar\\\/#\\\/schema\\\/person\\\/b9d00407c836482871ef1d57bf8e3180\"},\"headline\":\"Javier Milei sobre la llegada de los aviones F-16 a la Argentina: \u201cEs un d\u00eda hist\u00f3rico para el pa\u00eds\u201d\",\"datePublished\":\"2025-12-06T13:02:53+00:00\",\"mainEntityOfPage\":{\"@id\":\"https:\\\/\\\/informelitoral.com.ar\\\/javier-milei-sobre-la-llegada-de-los-aviones-f-16-a-la-argentina-es-un-dia-historico-para-el-pais\\\/\"},\"wordCount\":786,\"commentCount\":0,\"publisher\":{\"@id\":\"https:\\\/\\\/informelitoral.com.ar\\\/#organization\"},\"image\":{\"@id\":\"https:\\\/\\\/informelitoral.com.ar\\\/javier-milei-sobre-la-llegada-de-los-aviones-f-16-a-la-argentina-es-un-dia-historico-para-el-pais\\\/#primaryimage\"},\"thumbnailUrl\":\"https:\\\/\\\/www.cronista.com\\\/resizer\\\/v2\\\/milei-avion-f16-F4LHKPSBTNCERASQKDMGX3VP34.jpg?auth=72fa476c0ea023089fe9614a4ac0082a3eea09eb25203f4bcb4108d264608a8f&smart=true&width=800&height=450&quality=70\",\"keywords\":[\"Aviones\",\"Javier Milei\"],\"articleSection\":[\"Politica\"],\"inLanguage\":\"es\",\"potentialAction\":[{\"@type\":\"CommentAction\",\"name\":\"Comment\",\"target\":[\"https:\\\/\\\/informelitoral.com.ar\\\/javier-milei-sobre-la-llegada-de-los-aviones-f-16-a-la-argentina-es-un-dia-historico-para-el-pais\\\/#respond\"]}]},{\"@type\":\"WebPage\",\"@id\":\"https:\\\/\\\/informelitoral.com.ar\\\/javier-milei-sobre-la-llegada-de-los-aviones-f-16-a-la-argentina-es-un-dia-historico-para-el-pais\\\/\",\"url\":\"https:\\\/\\\/informelitoral.com.ar\\\/javier-milei-sobre-la-llegada-de-los-aviones-f-16-a-la-argentina-es-un-dia-historico-para-el-pais\\\/\",\"name\":\"Javier Milei sobre la llegada de los aviones F-16 a la Argentina: \u201cEs un d\u00eda hist\u00f3rico para el pa\u00eds\u201d - Informe Litoral\",\"isPartOf\":{\"@id\":\"https:\\\/\\\/informelitoral.com.ar\\\/#website\"},\"primaryImageOfPage\":{\"@id\":\"https:\\\/\\\/informelitoral.com.ar\\\/javier-milei-sobre-la-llegada-de-los-aviones-f-16-a-la-argentina-es-un-dia-historico-para-el-pais\\\/#primaryimage\"},\"image\":{\"@id\":\"https:\\\/\\\/informelitoral.com.ar\\\/javier-milei-sobre-la-llegada-de-los-aviones-f-16-a-la-argentina-es-un-dia-historico-para-el-pais\\\/#primaryimage\"},\"thumbnailUrl\":\"https:\\\/\\\/www.cronista.com\\\/resizer\\\/v2\\\/milei-avion-f16-F4LHKPSBTNCERASQKDMGX3VP34.jpg?auth=72fa476c0ea023089fe9614a4ac0082a3eea09eb25203f4bcb4108d264608a8f&smart=true&width=800&height=450&quality=70\",\"datePublished\":\"2025-12-06T13:02:53+00:00\",\"breadcrumb\":{\"@id\":\"https:\\\/\\\/informelitoral.com.ar\\\/javier-milei-sobre-la-llegada-de-los-aviones-f-16-a-la-argentina-es-un-dia-historico-para-el-pais\\\/#breadcrumb\"},\"inLanguage\":\"es\",\"potentialAction\":[{\"@type\":\"ReadAction\",\"target\":[\"https:\\\/\\\/informelitoral.com.ar\\\/javier-milei-sobre-la-llegada-de-los-aviones-f-16-a-la-argentina-es-un-dia-historico-para-el-pais\\\/\"]}]},{\"@type\":\"ImageObject\",\"inLanguage\":\"es\",\"@id\":\"https:\\\/\\\/informelitoral.com.ar\\\/javier-milei-sobre-la-llegada-de-los-aviones-f-16-a-la-argentina-es-un-dia-historico-para-el-pais\\\/#primaryimage\",\"url\":\"https:\\\/\\\/www.cronista.com\\\/resizer\\\/v2\\\/milei-avion-f16-F4LHKPSBTNCERASQKDMGX3VP34.jpg?auth=72fa476c0ea023089fe9614a4ac0082a3eea09eb25203f4bcb4108d264608a8f&smart=true&width=800&height=450&quality=70\",\"contentUrl\":\"https:\\\/\\\/www.cronista.com\\\/resizer\\\/v2\\\/milei-avion-f16-F4LHKPSBTNCERASQKDMGX3VP34.jpg?auth=72fa476c0ea023089fe9614a4ac0082a3eea09eb25203f4bcb4108d264608a8f&smart=true&width=800&height=450&quality=70\",\"width\":\"800\",\"height\":\"450\"},{\"@type\":\"BreadcrumbList\",\"@id\":\"https:\\\/\\\/informelitoral.com.ar\\\/javier-milei-sobre-la-llegada-de-los-aviones-f-16-a-la-argentina-es-un-dia-historico-para-el-pais\\\/#breadcrumb\",\"itemListElement\":[{\"@type\":\"ListItem\",\"position\":1,\"name\":\"Portada\",\"item\":\"https:\\\/\\\/informelitoral.com.ar\\\/\"},{\"@type\":\"ListItem\",\"position\":2,\"name\":\"Javier Milei sobre la llegada de los aviones F-16 a la Argentina: \u201cEs un d\u00eda hist\u00f3rico para el pa\u00eds\u201d\"}]},{\"@type\":\"WebSite\",\"@id\":\"https:\\\/\\\/informelitoral.com.ar\\\/#website\",\"url\":\"https:\\\/\\\/informelitoral.com.ar\\\/\",\"name\":\"Informe Litoral\",\"description\":\"&quot;Nos informamos&quot; \",\"publisher\":{\"@id\":\"https:\\\/\\\/informelitoral.com.ar\\\/#organization\"},\"potentialAction\":[{\"@type\":\"SearchAction\",\"target\":{\"@type\":\"EntryPoint\",\"urlTemplate\":\"https:\\\/\\\/informelitoral.com.ar\\\/?s={search_term_string}\"},\"query-input\":{\"@type\":\"PropertyValueSpecification\",\"valueRequired\":true,\"valueName\":\"search_term_string\"}}],\"inLanguage\":\"es\"},{\"@type\":\"Organization\",\"@id\":\"https:\\\/\\\/informelitoral.com.ar\\\/#organization\",\"name\":\"Informe Litoral\",\"url\":\"https:\\\/\\\/informelitoral.com.ar\\\/\",\"logo\":{\"@type\":\"ImageObject\",\"inLanguage\":\"es\",\"@id\":\"https:\\\/\\\/informelitoral.com.ar\\\/#\\\/schema\\\/logo\\\/image\\\/\",\"url\":\"https:\\\/\\\/informelitoral.com.ar\\\/%77%70%2d%63%6f%6e%74%65%6e%74\\\/uploads\\\/2021\\\/01\\\/circulo.png\",\"contentUrl\":\"https:\\\/\\\/informelitoral.com.ar\\\/%77%70%2d%63%6f%6e%74%65%6e%74\\\/uploads\\\/2021\\\/01\\\/circulo.png\",\"width\":723,\"height\":731,\"caption\":\"Informe Litoral\"},\"image\":{\"@id\":\"https:\\\/\\\/informelitoral.com.ar\\\/#\\\/schema\\\/logo\\\/image\\\/\"},\"sameAs\":[\"https:\\\/\\\/www.facebook.com\\\/informelitoral\\\/\",\"https:\\\/\\\/x.com\\\/InformeLitoral\",\"https:\\\/\\\/www.instagram.com\\\/informelitoral\\\/\",\"https:\\\/\\\/www.youtube.com\\\/channel\\\/UCua4Qvz8Icb6MYqhoq9xLXw\"]},{\"@type\":\"Person\",\"@id\":\"https:\\\/\\\/informelitoral.com.ar\\\/#\\\/schema\\\/person\\\/b9d00407c836482871ef1d57bf8e3180\",\"name\":\"Gonzalo Schmidt\",\"image\":{\"@type\":\"ImageObject\",\"inLanguage\":\"es\",\"@id\":\"https:\\\/\\\/secure.gravatar.com\\\/avatar\\\/31a1a7b66ff2de83bd0e9fd79d026630d2d99e55e8bfe501287647b4fd9743de?s=96&d=mm&r=g\",\"url\":\"https:\\\/\\\/secure.gravatar.com\\\/avatar\\\/31a1a7b66ff2de83bd0e9fd79d026630d2d99e55e8bfe501287647b4fd9743de?s=96&d=mm&r=g\",\"contentUrl\":\"https:\\\/\\\/secure.gravatar.com\\\/avatar\\\/31a1a7b66ff2de83bd0e9fd79d026630d2d99e55e8bfe501287647b4fd9743de?s=96&d=mm&r=g\",\"caption\":\"Gonzalo Schmidt\"},\"description\":\"Sitio web de noticias de la provincia de Entre R\u00edos, Argentina. Informaci\u00f3n y entretenimiento. Informe Litoral, nos informamos.\",\"sameAs\":[\"http:\\\/\\\/www.isletasnoticias.com.ar\"],\"url\":\"https:\\\/\\\/informelitoral.com.ar\\\/author\\\/gonzalo\\\/\"}]}<\/script>","yoast_head_json":{"title":"Javier Milei sobre la llegada de los aviones F-16 a la Argentina: \u201cEs un d\u00eda hist\u00f3rico para el pa\u00eds\u201d - Informe Litoral","robots":{"index":"index","follow":"follow","max-snippet":"max-snippet:-1","max-image-preview":"max-image-preview:large","max-video-preview":"max-video-preview:-1"},"canonical":"https:\/\/informelitoral.com.ar\/javier-milei-sobre-la-llegada-de-los-aviones-f-16-a-la-argentina-es-un-dia-historico-para-el-pais\/","og_locale":"es_ES","og_type":"article","og_title":"Javier Milei sobre la llegada de los aviones F-16 a la Argentina: \u201cEs un d\u00eda hist\u00f3rico para el pa\u00eds\u201d - Informe Litoral","og_description":"El presidente present\u00f3 en C\u00f3rdoba la nueva flota de las aeronaves de combate y resalt\u00f3 la importancia de esta adquisici\u00f3n para fortalecer la seguridad y la capacidad operativa de la Fuerza A\u00e9rea argentina. Critic\u00f3 al kirchnerismo y defendi\u00f3 la designaci\u00f3n del nuevo ministro de Defensa, Carlos Presti","og_url":"https:\/\/informelitoral.com.ar\/javier-milei-sobre-la-llegada-de-los-aviones-f-16-a-la-argentina-es-un-dia-historico-para-el-pais\/","og_site_name":"Informe Litoral","article_publisher":"https:\/\/www.facebook.com\/informelitoral\/","article_published_time":"2025-12-06T13:02:53+00:00","og_image":[{"url":"https:\/\/www.cronista.com\/resizer\/v2\/milei-avion-f16-F4LHKPSBTNCERASQKDMGX3VP34.jpg?auth=72fa476c0ea023089fe9614a4ac0082a3eea09eb25203f4bcb4108d264608a8f&smart=true&width=800&height=450&quality=70","type":"","width":"","height":""}],"author":"Gonzalo Schmidt","twitter_card":"summary_large_image","twitter_image":"https:\/\/www.cronista.com\/resizer\/v2\/milei-avion-f16-F4LHKPSBTNCERASQKDMGX3VP34.jpg?auth=72fa476c0ea023089fe9614a4ac0082a3eea09eb25203f4bcb4108d264608a8f&smart=true&width=800&height=450&quality=70","twitter_creator":"@InformeLitoral","twitter_site":"@InformeLitoral","twitter_misc":{"Escrito por":"Gonzalo Schmidt","Tiempo de lectura":"4 minutos"},"schema":{"@context":"https:\/\/schema.org","@graph":[{"@type":"Article","@id":"https:\/\/informelitoral.com.ar\/javier-milei-sobre-la-llegada-de-los-aviones-f-16-a-la-argentina-es-un-dia-historico-para-el-pais\/#article","isPartOf":{"@id":"https:\/\/informelitoral.com.ar\/javier-milei-sobre-la-llegada-de-los-aviones-f-16-a-la-argentina-es-un-dia-historico-para-el-pais\/"},"author":{"name":"Gonzalo Schmidt","@id":"https:\/\/informelitoral.com.ar\/#\/schema\/person\/b9d00407c836482871ef1d57bf8e3180"},"headline":"Javier Milei sobre la llegada de los aviones F-16 a la Argentina: \u201cEs un d\u00eda hist\u00f3rico para el pa\u00eds\u201d","datePublished":"2025-12-06T13:02:53+00:00","mainEntityOfPage":{"@id":"https:\/\/informelitoral.com.ar\/javier-milei-sobre-la-llegada-de-los-aviones-f-16-a-la-argentina-es-un-dia-historico-para-el-pais\/"},"wordCount":786,"commentCount":0,"publisher":{"@id":"https:\/\/informelitoral.com.ar\/#organization"},"image":{"@id":"https:\/\/informelitoral.com.ar\/javier-milei-sobre-la-llegada-de-los-aviones-f-16-a-la-argentina-es-un-dia-historico-para-el-pais\/#primaryimage"},"thumbnailUrl":"https:\/\/www.cronista.com\/resizer\/v2\/milei-avion-f16-F4LHKPSBTNCERASQKDMGX3VP34.jpg?auth=72fa476c0ea023089fe9614a4ac0082a3eea09eb25203f4bcb4108d264608a8f&smart=true&width=800&height=450&quality=70","keywords":["Aviones","Javier Milei"],"articleSection":["Politica"],"inLanguage":"es","potentialAction":[{"@type":"CommentAction","name":"Comment","target":["https:\/\/informelitoral.com.ar\/javier-milei-sobre-la-llegada-de-los-aviones-f-16-a-la-argentina-es-un-dia-historico-para-el-pais\/#respond"]}]},{"@type":"WebPage","@id":"https:\/\/informelitoral.com.ar\/javier-milei-sobre-la-llegada-de-los-aviones-f-16-a-la-argentina-es-un-dia-historico-para-el-pais\/","url":"https:\/\/informelitoral.com.ar\/javier-milei-sobre-la-llegada-de-los-aviones-f-16-a-la-argentina-es-un-dia-historico-para-el-pais\/","name":"Javier Milei sobre la llegada de los aviones F-16 a la Argentina: \u201cEs un d\u00eda hist\u00f3rico para el pa\u00eds\u201d - Informe Litoral","isPartOf":{"@id":"https:\/\/informelitoral.com.ar\/#website"},"primaryImageOfPage":{"@id":"https:\/\/informelitoral.com.ar\/javier-milei-sobre-la-llegada-de-los-aviones-f-16-a-la-argentina-es-un-dia-historico-para-el-pais\/#primaryimage"},"image":{"@id":"https:\/\/informelitoral.com.ar\/javier-milei-sobre-la-llegada-de-los-aviones-f-16-a-la-argentina-es-un-dia-historico-para-el-pais\/#primaryimage"},"thumbnailUrl":"https:\/\/www.cronista.com\/resizer\/v2\/milei-avion-f16-F4LHKPSBTNCERASQKDMGX3VP34.jpg?auth=72fa476c0ea023089fe9614a4ac0082a3eea09eb25203f4bcb4108d264608a8f&smart=true&width=800&height=450&quality=70","datePublished":"2025-12-06T13:02:53+00:00","breadcrumb":{"@id":"https:\/\/informelitoral.com.ar\/javier-milei-sobre-la-llegada-de-los-aviones-f-16-a-la-argentina-es-un-dia-historico-para-el-pais\/#breadcrumb"},"inLanguage":"es","potentialAction":[{"@type":"ReadAction","target":["https:\/\/informelitoral.com.ar\/javier-milei-sobre-la-llegada-de-los-aviones-f-16-a-la-argentina-es-un-dia-historico-para-el-pais\/"]}]},{"@type":"ImageObject","inLanguage":"es","@id":"https:\/\/informelitoral.com.ar\/javier-milei-sobre-la-llegada-de-los-aviones-f-16-a-la-argentina-es-un-dia-historico-para-el-pais\/#primaryimage","url":"https:\/\/www.cronista.com\/resizer\/v2\/milei-avion-f16-F4LHKPSBTNCERASQKDMGX3VP34.jpg?auth=72fa476c0ea023089fe9614a4ac0082a3eea09eb25203f4bcb4108d264608a8f&smart=true&width=800&height=450&quality=70","contentUrl":"https:\/\/www.cronista.com\/resizer\/v2\/milei-avion-f16-F4LHKPSBTNCERASQKDMGX3VP34.jpg?auth=72fa476c0ea023089fe9614a4ac0082a3eea09eb25203f4bcb4108d264608a8f&smart=true&width=800&height=450&quality=70","width":"800","height":"450"},{"@type":"BreadcrumbList","@id":"https:\/\/informelitoral.com.ar\/javier-milei-sobre-la-llegada-de-los-aviones-f-16-a-la-argentina-es-un-dia-historico-para-el-pais\/#breadcrumb","itemListElement":[{"@type":"ListItem","position":1,"name":"Portada","item":"https:\/\/informelitoral.com.ar\/"},{"@type":"ListItem","position":2,"name":"Javier Milei sobre la llegada de los aviones F-16 a la Argentina: \u201cEs un d\u00eda hist\u00f3rico para el pa\u00eds\u201d"}]},{"@type":"WebSite","@id":"https:\/\/informelitoral.com.ar\/#website","url":"https:\/\/informelitoral.com.ar\/","name":"Informe Litoral","description":"&quot;Nos informamos&quot; ","publisher":{"@id":"https:\/\/informelitoral.com.ar\/#organization"},"potentialAction":[{"@type":"SearchAction","target":{"@type":"EntryPoint","urlTemplate":"https:\/\/informelitoral.com.ar\/?s={search_term_string}"},"query-input":{"@type":"PropertyValueSpecification","valueRequired":true,"valueName":"search_term_string"}}],"inLanguage":"es"},{"@type":"Organization","@id":"https:\/\/informelitoral.com.ar\/#organization","name":"Informe Litoral","url":"https:\/\/informelitoral.com.ar\/","logo":{"@type":"ImageObject","inLanguage":"es","@id":"https:\/\/informelitoral.com.ar\/#\/schema\/logo\/image\/","url":"https:\/\/informelitoral.com.ar\/%77%70%2d%63%6f%6e%74%65%6e%74\/uploads\/2021\/01\/circulo.png","contentUrl":"https:\/\/informelitoral.com.ar\/%77%70%2d%63%6f%6e%74%65%6e%74\/uploads\/2021\/01\/circulo.png","width":723,"height":731,"caption":"Informe Litoral"},"image":{"@id":"https:\/\/informelitoral.com.ar\/#\/schema\/logo\/image\/"},"sameAs":["https:\/\/www.facebook.com\/informelitoral\/","https:\/\/x.com\/InformeLitoral","https:\/\/www.instagram.com\/informelitoral\/","https:\/\/www.youtube.com\/channel\/UCua4Qvz8Icb6MYqhoq9xLXw"]},{"@type":"Person","@id":"https:\/\/informelitoral.com.ar\/#\/schema\/person\/b9d00407c836482871ef1d57bf8e3180","name":"Gonzalo Schmidt","image":{"@type":"ImageObject","inLanguage":"es","@id":"https:\/\/secure.gravatar.com\/avatar\/31a1a7b66ff2de83bd0e9fd79d026630d2d99e55e8bfe501287647b4fd9743de?s=96&d=mm&r=g","url":"https:\/\/secure.gravatar.com\/avatar\/31a1a7b66ff2de83bd0e9fd79d026630d2d99e55e8bfe501287647b4fd9743de?s=96&d=mm&r=g","contentUrl":"https:\/\/secure.gravatar.com\/avatar\/31a1a7b66ff2de83bd0e9fd79d026630d2d99e55e8bfe501287647b4fd9743de?s=96&d=mm&r=g","caption":"Gonzalo Schmidt"},"description":"Sitio web de noticias de la provincia de Entre R\u00edos, Argentina. Informaci\u00f3n y entretenimiento. Informe Litoral, nos informamos.","sameAs":["http:\/\/www.isletasnoticias.com.ar"],"url":"https:\/\/informelitoral.com.ar\/author\/gonzalo\/"}]}},"fifu_image_url":"https:\/\/www.cronista.com\/resizer\/v2\/milei-avion-f16-F4LHKPSBTNCERASQKDMGX3VP34.jpg?auth=72fa476c0ea023089fe9614a4ac0082a3eea09eb25203f4bcb4108d264608a8f&smart=true&width=800&height=450&quality=70","_links":{"self":[{"href":"https:\/\/informelitoral.com.ar\/%77%70%2d%6a%73%6f%6e\/wp\/v2\/posts\/242700","targetHints":{"allow":["GET"]}}],"collection":[{"href":"https:\/\/informelitoral.com.ar\/%77%70%2d%6a%73%6f%6e\/wp\/v2\/posts"}],"about":[{"href":"https:\/\/informelitoral.com.ar\/%77%70%2d%6a%73%6f%6e\/wp\/v2\/types\/post"}],"author":[{"embeddable":true,"href":"https:\/\/informelitoral.com.ar\/%77%70%2d%6a%73%6f%6e\/wp\/v2\/users\/2"}],"replies":[{"embeddable":true,"href":"https:\/\/informelitoral.com.ar\/%77%70%2d%6a%73%6f%6e\/wp\/v2\/comments?post=242700"}],"version-history":[{"count":1,"href":"https:\/\/informelitoral.com.ar\/%77%70%2d%6a%73%6f%6e\/wp\/v2\/posts\/242700\/revisions"}],"predecessor-version":[{"id":242702,"href":"https:\/\/informelitoral.com.ar\/%77%70%2d%6a%73%6f%6e\/wp\/v2\/posts\/242700\/revisions\/242702"}],"wp:featuredmedia":[{"embeddable":true,"href":"https:\/\/informelitoral.com.ar\/%77%70%2d%6a%73%6f%6e\/wp\/v2\/media\/242701"}],"wp:attachment":[{"href":"https:\/\/informelitoral.com.ar\/%77%70%2d%6a%73%6f%6e\/wp\/v2\/media?parent=242700"}],"wp:term":[{"taxonomy":"category","embeddable":true,"href":"https:\/\/informelitoral.com.ar\/%77%70%2d%6a%73%6f%6e\/wp\/v2\/categories?post=242700"},{"taxonomy":"post_tag","embeddable":true,"href":"https:\/\/informelitoral.com.ar\/%77%70%2d%6a%73%6f%6e\/wp\/v2\/tags?post=242700"}],"curies":[{"name":"wp","href":"https:\/\/api.w.org\/{rel}","templated":true}]}}