{"id":242607,"date":"2025-12-05T09:46:27","date_gmt":"2025-12-05T12:46:27","guid":{"rendered":"https:\/\/informelitoral.com.ar\/?p=242607"},"modified":"2025-12-05T09:46:27","modified_gmt":"2025-12-05T12:46:27","slug":"uta-entre-rios-define-pasos-a-seguir-ante-inminente-llegada-de-la-empresa-san-jose","status":"publish","type":"post","link":"https:\/\/informelitoral.com.ar\/uta-entre-rios-define-pasos-a-seguir-ante-inminente-llegada-de-la-empresa-san-jose\/","title":{"rendered":"UTA Entre R\u00edos define pasos a seguir ante inminente llegada de la empresa San Jos\u00e9"},"content":{"rendered":"<p><strong>La Uni\u00f3n Tranviarios Automotor -UTA- Seccional Entre R\u00edos realizar\u00e1n una asamblea este viernes en Paran\u00e1, entre las 10 y las 14 en el camping del gremio -Tilibetti y Mihura-. All\u00ed debatir\u00e1n \u201clos pasos a seguir\u201d antes de que San Jos\u00e9, la nueva empresa que tendr\u00e1 a su cargo la concesi\u00f3n del servicio, comience a operar en la capital<\/strong>\u00a0el domingo 7.<\/p>\n<p>La firma saldr\u00e1 a la calle el domingo con 70 nuevas unidades y el sindicato viene pujando para que \u201cabsorba\u201d el personal de Buses Paran\u00e1 con antig\u00fcedad, algo que ya ha sido rechazado en varias ocasiones.<\/p>\n<p><strong>Desde el gremio aseguran que la asamblea no afectar\u00e1 el servicio, ya que los choferes fueron convocados a contra turno de sus horarios laborales, por lo cual estiman que seguir\u00e1n circulando los colectivos entre las 10 y las 14.<\/strong><\/p>\n<p>Los trabajadores ir\u00e1n al camping del gremio para saber c\u00f3mo proceder, en medio de la incertidumbre por su futuro laboral. Desde Buses Paran\u00e1 ya han aclarado que no tienen intenci\u00f3n de pagar indemnizaciones, porque tambi\u00e9n consideran que existe una \u201ccontinuidad\u201d y por ende los choferes deben pasar de una empresa a la otra directamente.<\/p>\n<p>San Jos\u00e9 ya tiene al menos 100 conductores definidos, con carnet habilitante y en condiciones de salir a la calle. As\u00ed lo dejaron expresado tras la reuni\u00f3n en la Secretar\u00eda de Trabajo donde nuevamente se aclar\u00f3 taxativamente que los empleados que se tomen entrar\u00e1n con cero antig\u00fcedad. Siguen recibiendo curr\u00edculums y esperan incorporar unos 30 m\u00e1s en los pr\u00f3ximos d\u00edas.(<em>Ahora<\/em>)<\/p>\n","protected":false},"excerpt":{"rendered":"<p>Trabajadores de Mariano Moreno y ERSA se reunir\u00e1n durante cuatro horas. Desde el gremio aseguran que no afectar\u00e1 el servicio.<\/p>\n","protected":false},"author":8,"featured_media":242608,"comment_status":"open","ping_status":"open","sticky":false,"template":"","format":"standard","meta":{"fifu_image_url":"https:\/\/media.lacapital.com.ar\/p\/bcbe493a249c1266ad55d215cc5e35e4\/adjuntos\/205\/imagenes\/102\/659\/0102659399\/colectivos-transporte-parana.jpg","fifu_image_alt":"","footnotes":""},"categories":[1597],"tags":[3266,1031,1060],"class_list":{"0":"post-242607","1":"post","2":"type-post","3":"status-publish","4":"format-standard","5":"has-post-thumbnail","7":"category-parana","8":"tag-asamblea","9":"tag-empresa-san-jose","10":"tag-uta"},"yoast_head":"<title>UTA Entre R\u00edos define pasos a seguir ante inminente llegada de la empresa San Jos\u00e9 - Informe Litoral<\/title>\n<meta name=\"robots\" content=\"index, follow, max-snippet:-1, max-image-preview:large, max-video-preview:-1\" \/>\n<link rel=\"canonical\" href=\"https:\/\/informelitoral.com.ar\/uta-entre-rios-define-pasos-a-seguir-ante-inminente-llegada-de-la-empresa-san-jose\/\" \/>\n<meta property=\"og:locale\" content=\"es_ES\" \/>\n<meta property=\"og:type\" content=\"article\" \/>\n<meta property=\"og:title\" content=\"UTA Entre R\u00edos define pasos a seguir ante inminente llegada de la empresa San Jos\u00e9 - Informe Litoral\" \/>\n<meta property=\"og:description\" content=\"Trabajadores de Mariano Moreno y ERSA se reunir\u00e1n durante cuatro horas. Desde el gremio aseguran que no afectar\u00e1 el servicio.\" \/>\n<meta property=\"og:url\" content=\"https:\/\/informelitoral.com.ar\/uta-entre-rios-define-pasos-a-seguir-ante-inminente-llegada-de-la-empresa-san-jose\/\" \/>\n<meta property=\"og:site_name\" content=\"Informe Litoral\" \/>\n<meta property=\"article:publisher\" content=\"https:\/\/www.facebook.com\/informelitoral\/\" \/>\n<meta property=\"article:published_time\" content=\"2025-12-05T12:46:27+00:00\" \/>\n<meta property=\"og:image\" content=\"https:\/\/media.lacapital.com.ar\/p\/bcbe493a249c1266ad55d215cc5e35e4\/adjuntos\/205\/imagenes\/102\/659\/0102659399\/colectivos-transporte-parana.jpg\" \/>\n<meta name=\"author\" content=\"Sebastian\" \/>\n<meta name=\"twitter:card\" content=\"summary_large_image\" \/>\n<meta name=\"twitter:image\" content=\"https:\/\/media.lacapital.com.ar\/p\/bcbe493a249c1266ad55d215cc5e35e4\/adjuntos\/205\/imagenes\/102\/659\/0102659399\/colectivos-transporte-parana.jpg\" \/>\n<meta name=\"twitter:creator\" content=\"@InformeLitoral\" \/>\n<meta name=\"twitter:site\" content=\"@InformeLitoral\" \/>\n<meta name=\"twitter:label1\" content=\"Escrito por\" \/>\n\t<meta name=\"twitter:data1\" content=\"Sebastian\" \/>\n\t<meta name=\"twitter:label2\" content=\"Tiempo de lectura\" \/>\n\t<meta name=\"twitter:data2\" content=\"2 minutos\" \/>\n<script type=\"application\/ld+json\" class=\"yoast-schema-graph\">{\"@context\":\"https:\\\/\\\/schema.org\",\"@graph\":[{\"@type\":\"Article\",\"@id\":\"https:\\\/\\\/informelitoral.com.ar\\\/uta-entre-rios-define-pasos-a-seguir-ante-inminente-llegada-de-la-empresa-san-jose\\\/#article\",\"isPartOf\":{\"@id\":\"https:\\\/\\\/informelitoral.com.ar\\\/uta-entre-rios-define-pasos-a-seguir-ante-inminente-llegada-de-la-empresa-san-jose\\\/\"},\"author\":{\"name\":\"Sebastian\",\"@id\":\"https:\\\/\\\/informelitoral.com.ar\\\/#\\\/schema\\\/person\\\/f05f9f461677119578717524b127d6d5\"},\"headline\":\"UTA Entre R\u00edos define pasos a seguir ante inminente llegada de la empresa San Jos\u00e9\",\"datePublished\":\"2025-12-05T12:46:27+00:00\",\"mainEntityOfPage\":{\"@id\":\"https:\\\/\\\/informelitoral.com.ar\\\/uta-entre-rios-define-pasos-a-seguir-ante-inminente-llegada-de-la-empresa-san-jose\\\/\"},\"wordCount\":278,\"commentCount\":0,\"publisher\":{\"@id\":\"https:\\\/\\\/informelitoral.com.ar\\\/#organization\"},\"image\":{\"@id\":\"https:\\\/\\\/informelitoral.com.ar\\\/uta-entre-rios-define-pasos-a-seguir-ante-inminente-llegada-de-la-empresa-san-jose\\\/#primaryimage\"},\"thumbnailUrl\":\"https:\\\/\\\/media.lacapital.com.ar\\\/p\\\/bcbe493a249c1266ad55d215cc5e35e4\\\/adjuntos\\\/205\\\/imagenes\\\/102\\\/659\\\/0102659399\\\/colectivos-transporte-parana.jpg\",\"keywords\":[\"Asamblea\",\"Empresa San Jos\u00e9\",\"UTA\"],\"articleSection\":[\"Paran\u00e1\"],\"inLanguage\":\"es\",\"potentialAction\":[{\"@type\":\"CommentAction\",\"name\":\"Comment\",\"target\":[\"https:\\\/\\\/informelitoral.com.ar\\\/uta-entre-rios-define-pasos-a-seguir-ante-inminente-llegada-de-la-empresa-san-jose\\\/#respond\"]}]},{\"@type\":\"WebPage\",\"@id\":\"https:\\\/\\\/informelitoral.com.ar\\\/uta-entre-rios-define-pasos-a-seguir-ante-inminente-llegada-de-la-empresa-san-jose\\\/\",\"url\":\"https:\\\/\\\/informelitoral.com.ar\\\/uta-entre-rios-define-pasos-a-seguir-ante-inminente-llegada-de-la-empresa-san-jose\\\/\",\"name\":\"UTA Entre R\u00edos define pasos a seguir ante inminente llegada de la empresa San Jos\u00e9 - Informe Litoral\",\"isPartOf\":{\"@id\":\"https:\\\/\\\/informelitoral.com.ar\\\/#website\"},\"primaryImageOfPage\":{\"@id\":\"https:\\\/\\\/informelitoral.com.ar\\\/uta-entre-rios-define-pasos-a-seguir-ante-inminente-llegada-de-la-empresa-san-jose\\\/#primaryimage\"},\"image\":{\"@id\":\"https:\\\/\\\/informelitoral.com.ar\\\/uta-entre-rios-define-pasos-a-seguir-ante-inminente-llegada-de-la-empresa-san-jose\\\/#primaryimage\"},\"thumbnailUrl\":\"https:\\\/\\\/media.lacapital.com.ar\\\/p\\\/bcbe493a249c1266ad55d215cc5e35e4\\\/adjuntos\\\/205\\\/imagenes\\\/102\\\/659\\\/0102659399\\\/colectivos-transporte-parana.jpg\",\"datePublished\":\"2025-12-05T12:46:27+00:00\",\"breadcrumb\":{\"@id\":\"https:\\\/\\\/informelitoral.com.ar\\\/uta-entre-rios-define-pasos-a-seguir-ante-inminente-llegada-de-la-empresa-san-jose\\\/#breadcrumb\"},\"inLanguage\":\"es\",\"potentialAction\":[{\"@type\":\"ReadAction\",\"target\":[\"https:\\\/\\\/informelitoral.com.ar\\\/uta-entre-rios-define-pasos-a-seguir-ante-inminente-llegada-de-la-empresa-san-jose\\\/\"]}]},{\"@type\":\"ImageObject\",\"inLanguage\":\"es\",\"@id\":\"https:\\\/\\\/informelitoral.com.ar\\\/uta-entre-rios-define-pasos-a-seguir-ante-inminente-llegada-de-la-empresa-san-jose\\\/#primaryimage\",\"url\":\"https:\\\/\\\/media.lacapital.com.ar\\\/p\\\/bcbe493a249c1266ad55d215cc5e35e4\\\/adjuntos\\\/205\\\/imagenes\\\/102\\\/659\\\/0102659399\\\/colectivos-transporte-parana.jpg\",\"contentUrl\":\"https:\\\/\\\/media.lacapital.com.ar\\\/p\\\/bcbe493a249c1266ad55d215cc5e35e4\\\/adjuntos\\\/205\\\/imagenes\\\/102\\\/659\\\/0102659399\\\/colectivos-transporte-parana.jpg\",\"width\":\"642\",\"height\":\"361\"},{\"@type\":\"BreadcrumbList\",\"@id\":\"https:\\\/\\\/informelitoral.com.ar\\\/uta-entre-rios-define-pasos-a-seguir-ante-inminente-llegada-de-la-empresa-san-jose\\\/#breadcrumb\",\"itemListElement\":[{\"@type\":\"ListItem\",\"position\":1,\"name\":\"Portada\",\"item\":\"https:\\\/\\\/informelitoral.com.ar\\\/\"},{\"@type\":\"ListItem\",\"position\":2,\"name\":\"UTA Entre R\u00edos define pasos a seguir ante inminente llegada de la empresa San Jos\u00e9\"}]},{\"@type\":\"WebSite\",\"@id\":\"https:\\\/\\\/informelitoral.com.ar\\\/#website\",\"url\":\"https:\\\/\\\/informelitoral.com.ar\\\/\",\"name\":\"Informe Litoral\",\"description\":\"&quot;Nos informamos&quot; \",\"publisher\":{\"@id\":\"https:\\\/\\\/informelitoral.com.ar\\\/#organization\"},\"potentialAction\":[{\"@type\":\"SearchAction\",\"target\":{\"@type\":\"EntryPoint\",\"urlTemplate\":\"https:\\\/\\\/informelitoral.com.ar\\\/?s={search_term_string}\"},\"query-input\":{\"@type\":\"PropertyValueSpecification\",\"valueRequired\":true,\"valueName\":\"search_term_string\"}}],\"inLanguage\":\"es\"},{\"@type\":\"Organization\",\"@id\":\"https:\\\/\\\/informelitoral.com.ar\\\/#organization\",\"name\":\"Informe Litoral\",\"url\":\"https:\\\/\\\/informelitoral.com.ar\\\/\",\"logo\":{\"@type\":\"ImageObject\",\"inLanguage\":\"es\",\"@id\":\"https:\\\/\\\/informelitoral.com.ar\\\/#\\\/schema\\\/logo\\\/image\\\/\",\"url\":\"https:\\\/\\\/informelitoral.com.ar\\\/%77%70%2d%63%6f%6e%74%65%6e%74\\\/uploads\\\/2021\\\/01\\\/circulo.png\",\"contentUrl\":\"https:\\\/\\\/informelitoral.com.ar\\\/%77%70%2d%63%6f%6e%74%65%6e%74\\\/uploads\\\/2021\\\/01\\\/circulo.png\",\"width\":723,\"height\":731,\"caption\":\"Informe Litoral\"},\"image\":{\"@id\":\"https:\\\/\\\/informelitoral.com.ar\\\/#\\\/schema\\\/logo\\\/image\\\/\"},\"sameAs\":[\"https:\\\/\\\/www.facebook.com\\\/informelitoral\\\/\",\"https:\\\/\\\/x.com\\\/InformeLitoral\",\"https:\\\/\\\/www.instagram.com\\\/informelitoral\\\/\",\"https:\\\/\\\/www.youtube.com\\\/channel\\\/UCua4Qvz8Icb6MYqhoq9xLXw\"]},{\"@type\":\"Person\",\"@id\":\"https:\\\/\\\/informelitoral.com.ar\\\/#\\\/schema\\\/person\\\/f05f9f461677119578717524b127d6d5\",\"name\":\"Sebastian\",\"image\":{\"@type\":\"ImageObject\",\"inLanguage\":\"es\",\"@id\":\"https:\\\/\\\/secure.gravatar.com\\\/avatar\\\/b71bf7481d447dfb9583c7f2798e7cc64de6efb9067b74633ed8c31059a3bd82?s=96&d=mm&r=g\",\"url\":\"https:\\\/\\\/secure.gravatar.com\\\/avatar\\\/b71bf7481d447dfb9583c7f2798e7cc64de6efb9067b74633ed8c31059a3bd82?s=96&d=mm&r=g\",\"contentUrl\":\"https:\\\/\\\/secure.gravatar.com\\\/avatar\\\/b71bf7481d447dfb9583c7f2798e7cc64de6efb9067b74633ed8c31059a3bd82?s=96&d=mm&r=g\",\"caption\":\"Sebastian\"},\"url\":\"https:\\\/\\\/informelitoral.com.ar\\\/author\\\/sebastian\\\/\"}]}<\/script>","yoast_head_json":{"title":"UTA Entre R\u00edos define pasos a seguir ante inminente llegada de la empresa San Jos\u00e9 - Informe Litoral","robots":{"index":"index","follow":"follow","max-snippet":"max-snippet:-1","max-image-preview":"max-image-preview:large","max-video-preview":"max-video-preview:-1"},"canonical":"https:\/\/informelitoral.com.ar\/uta-entre-rios-define-pasos-a-seguir-ante-inminente-llegada-de-la-empresa-san-jose\/","og_locale":"es_ES","og_type":"article","og_title":"UTA Entre R\u00edos define pasos a seguir ante inminente llegada de la empresa San Jos\u00e9 - Informe Litoral","og_description":"Trabajadores de Mariano Moreno y ERSA se reunir\u00e1n durante cuatro horas. Desde el gremio aseguran que no afectar\u00e1 el servicio.","og_url":"https:\/\/informelitoral.com.ar\/uta-entre-rios-define-pasos-a-seguir-ante-inminente-llegada-de-la-empresa-san-jose\/","og_site_name":"Informe Litoral","article_publisher":"https:\/\/www.facebook.com\/informelitoral\/","article_published_time":"2025-12-05T12:46:27+00:00","og_image":[{"url":"https:\/\/media.lacapital.com.ar\/p\/bcbe493a249c1266ad55d215cc5e35e4\/adjuntos\/205\/imagenes\/102\/659\/0102659399\/colectivos-transporte-parana.jpg","type":"","width":"","height":""}],"author":"Sebastian","twitter_card":"summary_large_image","twitter_image":"https:\/\/media.lacapital.com.ar\/p\/bcbe493a249c1266ad55d215cc5e35e4\/adjuntos\/205\/imagenes\/102\/659\/0102659399\/colectivos-transporte-parana.jpg","twitter_creator":"@InformeLitoral","twitter_site":"@InformeLitoral","twitter_misc":{"Escrito por":"Sebastian","Tiempo de lectura":"2 minutos"},"schema":{"@context":"https:\/\/schema.org","@graph":[{"@type":"Article","@id":"https:\/\/informelitoral.com.ar\/uta-entre-rios-define-pasos-a-seguir-ante-inminente-llegada-de-la-empresa-san-jose\/#article","isPartOf":{"@id":"https:\/\/informelitoral.com.ar\/uta-entre-rios-define-pasos-a-seguir-ante-inminente-llegada-de-la-empresa-san-jose\/"},"author":{"name":"Sebastian","@id":"https:\/\/informelitoral.com.ar\/#\/schema\/person\/f05f9f461677119578717524b127d6d5"},"headline":"UTA Entre R\u00edos define pasos a seguir ante inminente llegada de la empresa San Jos\u00e9","datePublished":"2025-12-05T12:46:27+00:00","mainEntityOfPage":{"@id":"https:\/\/informelitoral.com.ar\/uta-entre-rios-define-pasos-a-seguir-ante-inminente-llegada-de-la-empresa-san-jose\/"},"wordCount":278,"commentCount":0,"publisher":{"@id":"https:\/\/informelitoral.com.ar\/#organization"},"image":{"@id":"https:\/\/informelitoral.com.ar\/uta-entre-rios-define-pasos-a-seguir-ante-inminente-llegada-de-la-empresa-san-jose\/#primaryimage"},"thumbnailUrl":"https:\/\/media.lacapital.com.ar\/p\/bcbe493a249c1266ad55d215cc5e35e4\/adjuntos\/205\/imagenes\/102\/659\/0102659399\/colectivos-transporte-parana.jpg","keywords":["Asamblea","Empresa San Jos\u00e9","UTA"],"articleSection":["Paran\u00e1"],"inLanguage":"es","potentialAction":[{"@type":"CommentAction","name":"Comment","target":["https:\/\/informelitoral.com.ar\/uta-entre-rios-define-pasos-a-seguir-ante-inminente-llegada-de-la-empresa-san-jose\/#respond"]}]},{"@type":"WebPage","@id":"https:\/\/informelitoral.com.ar\/uta-entre-rios-define-pasos-a-seguir-ante-inminente-llegada-de-la-empresa-san-jose\/","url":"https:\/\/informelitoral.com.ar\/uta-entre-rios-define-pasos-a-seguir-ante-inminente-llegada-de-la-empresa-san-jose\/","name":"UTA Entre R\u00edos define pasos a seguir ante inminente llegada de la empresa San Jos\u00e9 - Informe Litoral","isPartOf":{"@id":"https:\/\/informelitoral.com.ar\/#website"},"primaryImageOfPage":{"@id":"https:\/\/informelitoral.com.ar\/uta-entre-rios-define-pasos-a-seguir-ante-inminente-llegada-de-la-empresa-san-jose\/#primaryimage"},"image":{"@id":"https:\/\/informelitoral.com.ar\/uta-entre-rios-define-pasos-a-seguir-ante-inminente-llegada-de-la-empresa-san-jose\/#primaryimage"},"thumbnailUrl":"https:\/\/media.lacapital.com.ar\/p\/bcbe493a249c1266ad55d215cc5e35e4\/adjuntos\/205\/imagenes\/102\/659\/0102659399\/colectivos-transporte-parana.jpg","datePublished":"2025-12-05T12:46:27+00:00","breadcrumb":{"@id":"https:\/\/informelitoral.com.ar\/uta-entre-rios-define-pasos-a-seguir-ante-inminente-llegada-de-la-empresa-san-jose\/#breadcrumb"},"inLanguage":"es","potentialAction":[{"@type":"ReadAction","target":["https:\/\/informelitoral.com.ar\/uta-entre-rios-define-pasos-a-seguir-ante-inminente-llegada-de-la-empresa-san-jose\/"]}]},{"@type":"ImageObject","inLanguage":"es","@id":"https:\/\/informelitoral.com.ar\/uta-entre-rios-define-pasos-a-seguir-ante-inminente-llegada-de-la-empresa-san-jose\/#primaryimage","url":"https:\/\/media.lacapital.com.ar\/p\/bcbe493a249c1266ad55d215cc5e35e4\/adjuntos\/205\/imagenes\/102\/659\/0102659399\/colectivos-transporte-parana.jpg","contentUrl":"https:\/\/media.lacapital.com.ar\/p\/bcbe493a249c1266ad55d215cc5e35e4\/adjuntos\/205\/imagenes\/102\/659\/0102659399\/colectivos-transporte-parana.jpg","width":"642","height":"361"},{"@type":"BreadcrumbList","@id":"https:\/\/informelitoral.com.ar\/uta-entre-rios-define-pasos-a-seguir-ante-inminente-llegada-de-la-empresa-san-jose\/#breadcrumb","itemListElement":[{"@type":"ListItem","position":1,"name":"Portada","item":"https:\/\/informelitoral.com.ar\/"},{"@type":"ListItem","position":2,"name":"UTA Entre R\u00edos define pasos a seguir ante inminente llegada de la empresa San Jos\u00e9"}]},{"@type":"WebSite","@id":"https:\/\/informelitoral.com.ar\/#website","url":"https:\/\/informelitoral.com.ar\/","name":"Informe Litoral","description":"&quot;Nos informamos&quot; ","publisher":{"@id":"https:\/\/informelitoral.com.ar\/#organization"},"potentialAction":[{"@type":"SearchAction","target":{"@type":"EntryPoint","urlTemplate":"https:\/\/informelitoral.com.ar\/?s={search_term_string}"},"query-input":{"@type":"PropertyValueSpecification","valueRequired":true,"valueName":"search_term_string"}}],"inLanguage":"es"},{"@type":"Organization","@id":"https:\/\/informelitoral.com.ar\/#organization","name":"Informe Litoral","url":"https:\/\/informelitoral.com.ar\/","logo":{"@type":"ImageObject","inLanguage":"es","@id":"https:\/\/informelitoral.com.ar\/#\/schema\/logo\/image\/","url":"https:\/\/informelitoral.com.ar\/%77%70%2d%63%6f%6e%74%65%6e%74\/uploads\/2021\/01\/circulo.png","contentUrl":"https:\/\/informelitoral.com.ar\/%77%70%2d%63%6f%6e%74%65%6e%74\/uploads\/2021\/01\/circulo.png","width":723,"height":731,"caption":"Informe Litoral"},"image":{"@id":"https:\/\/informelitoral.com.ar\/#\/schema\/logo\/image\/"},"sameAs":["https:\/\/www.facebook.com\/informelitoral\/","https:\/\/x.com\/InformeLitoral","https:\/\/www.instagram.com\/informelitoral\/","https:\/\/www.youtube.com\/channel\/UCua4Qvz8Icb6MYqhoq9xLXw"]},{"@type":"Person","@id":"https:\/\/informelitoral.com.ar\/#\/schema\/person\/f05f9f461677119578717524b127d6d5","name":"Sebastian","image":{"@type":"ImageObject","inLanguage":"es","@id":"https:\/\/secure.gravatar.com\/avatar\/b71bf7481d447dfb9583c7f2798e7cc64de6efb9067b74633ed8c31059a3bd82?s=96&d=mm&r=g","url":"https:\/\/secure.gravatar.com\/avatar\/b71bf7481d447dfb9583c7f2798e7cc64de6efb9067b74633ed8c31059a3bd82?s=96&d=mm&r=g","contentUrl":"https:\/\/secure.gravatar.com\/avatar\/b71bf7481d447dfb9583c7f2798e7cc64de6efb9067b74633ed8c31059a3bd82?s=96&d=mm&r=g","caption":"Sebastian"},"url":"https:\/\/informelitoral.com.ar\/author\/sebastian\/"}]}},"fifu_image_url":"https:\/\/media.lacapital.com.ar\/p\/bcbe493a249c1266ad55d215cc5e35e4\/adjuntos\/205\/imagenes\/102\/659\/0102659399\/colectivos-transporte-parana.jpg","_links":{"self":[{"href":"https:\/\/informelitoral.com.ar\/%77%70%2d%6a%73%6f%6e\/wp\/v2\/posts\/242607","targetHints":{"allow":["GET"]}}],"collection":[{"href":"https:\/\/informelitoral.com.ar\/%77%70%2d%6a%73%6f%6e\/wp\/v2\/posts"}],"about":[{"href":"https:\/\/informelitoral.com.ar\/%77%70%2d%6a%73%6f%6e\/wp\/v2\/types\/post"}],"author":[{"embeddable":true,"href":"https:\/\/informelitoral.com.ar\/%77%70%2d%6a%73%6f%6e\/wp\/v2\/users\/8"}],"replies":[{"embeddable":true,"href":"https:\/\/informelitoral.com.ar\/%77%70%2d%6a%73%6f%6e\/wp\/v2\/comments?post=242607"}],"version-history":[{"count":1,"href":"https:\/\/informelitoral.com.ar\/%77%70%2d%6a%73%6f%6e\/wp\/v2\/posts\/242607\/revisions"}],"predecessor-version":[{"id":242609,"href":"https:\/\/informelitoral.com.ar\/%77%70%2d%6a%73%6f%6e\/wp\/v2\/posts\/242607\/revisions\/242609"}],"wp:featuredmedia":[{"embeddable":true,"href":"https:\/\/informelitoral.com.ar\/%77%70%2d%6a%73%6f%6e\/wp\/v2\/media\/242608"}],"wp:attachment":[{"href":"https:\/\/informelitoral.com.ar\/%77%70%2d%6a%73%6f%6e\/wp\/v2\/media?parent=242607"}],"wp:term":[{"taxonomy":"category","embeddable":true,"href":"https:\/\/informelitoral.com.ar\/%77%70%2d%6a%73%6f%6e\/wp\/v2\/categories?post=242607"},{"taxonomy":"post_tag","embeddable":true,"href":"https:\/\/informelitoral.com.ar\/%77%70%2d%6a%73%6f%6e\/wp\/v2\/tags?post=242607"}],"curies":[{"name":"wp","href":"https:\/\/api.w.org\/{rel}","templated":true}]}}