{"id":242575,"date":"2025-12-05T08:25:05","date_gmt":"2025-12-05T11:25:05","guid":{"rendered":"https:\/\/informelitoral.com.ar\/?p=242575"},"modified":"2025-12-05T08:32:01","modified_gmt":"2025-12-05T11:32:01","slug":"refuerzo-de-medidas-de-prevencion-ante-la-deteccion-de-peste-porcina-africana-en-espana","status":"publish","type":"post","link":"https:\/\/informelitoral.com.ar\/refuerzo-de-medidas-de-prevencion-ante-la-deteccion-de-peste-porcina-africana-en-espana\/","title":{"rendered":"Refuerzo de medidas de prevenci\u00f3n ante la detecci\u00f3n de peste porcina africana en Espa\u00f1a"},"content":{"rendered":"<p>Ante la\u00a0<strong>detecci\u00f3n de jabal\u00edes silvestres positivos a\u00a0peste porcina africana (PPA)\u00a0en Barcelona, Espa\u00f1a<\/strong>, el\u00a0<strong>Servicio Nacional de Sanidad y Calidad Agroalimentaria (SENASA) interrumpi\u00f3 temporalmente las importaciones de mercanc\u00edas porcinas provenientes del pa\u00eds europeo, capaces de vehiculizar el virus<\/strong>.<\/p>\n<p><img decoding=\"async\" src=\"https:\/\/static.costadelsolmalaga.org\/malaga\/subidas\/imagenes\/7\/5\/arc_306357_g.jpg\" alt=\"Jabal\u00ed (Sus scrofa) - La Provincia - Diputaci\u00f3n de M\u00e1laga\" \/><\/p>\n<p>La PPA es una<strong>enfermedad ex\u00f3tica en Argentina<\/strong>\u00a0y pa\u00edses de Sudam\u00e9rica, que\u00a0<strong>afecta a los cerdos dom\u00e9sticos y silvestres. No constituye un riesgo para las personas, ni altera la inocuidad de los productos de porcinos<\/strong>.<\/p>\n<p>La enfermedad\u00a0<strong>se trasmite entre suinos a trav\u00e9s del contacto directo o indirecto, causando alta mortalidad<\/strong>. El virus de la PPA puede persistir durante mucho tiempo en el medio ambiente, incluso en una alta variedad de productos porcinos.<\/p>\n<h6><em><strong>Del archivo:\u00a0<a href=\"https:\/\/informelitoral.com.ar\/trazabilidad-electronica-senasa-implementara-el-chip-para-el-ganado-bovino-y-bubalino\/\" target=\"_blank\" rel=\"noopener\">Trazabilidad electr\u00f3nica: Senasa implementar\u00e1 el chip para el ganado bovino y bubalino<\/a><\/strong><\/em><\/h6>\n<p>A partir de la confirmaci\u00f3n del hallazgo por parte del\u00a0<strong>Ministerio de Agricultura, Pesca y Alimentaci\u00f3n (MAPA) de Espa\u00f1a<\/strong>\u00a0y su comunicaci\u00f3n oficial a la\u00a0<strong>Organizaci\u00f3n Mundial de Sanidad Animal (OMSA)<\/strong>, el\u00a0<strong>SENASA reforz\u00f3 las medidas de prevenci\u00f3n sanitaria y los controles de cargas comerciales en puertos, aeropuertos y puestos fronterizos<\/strong>, a fin de prevenir el ingreso de mercanc\u00edas, productos y subproductos de origen porcino.<\/p>\n<p>En resguardo de la condici\u00f3n de libre de PPA que mantiene la Rep\u00fablica Argentina, en l\u00ednea con la alerta sanitaria &#8211;\u00a0<strong>Resoluci\u00f3n N\u00b0 564\/2021<\/strong>\u00a0&#8211; dispuesta por el organismo sanitario nacional y los requisitos de importaci\u00f3n vigentes,\u00a0<strong>solo se autorizar\u00e1 el ingreso de mercanc\u00edas porcinas comerciales cuyos procesos de elaboraci\u00f3n garanticen la inactivaci\u00f3n del virus de PPA<\/strong>. Entre los productos permitidos, se encuentran los jamones madurados durante al menos 6 meses, productos cocidos o tripas saladas (seg\u00fan tratamiento de inactivaci\u00f3n del pat\u00f3geno), alimentos para mascotas extrusados o enlatados.<\/p>\n<p><img decoding=\"async\" src=\"https:\/\/media.lmneuquen.com\/p\/985e4cf11070719b737f560830e51e7f\/adjuntos\/353\/imagenes\/008\/009\/0008009041\/730x0\/smart\/urshuayp.png\" alt=\"Encuesta revela el da\u00f1o que causan los jabal\u00edes en la agricultura argentina: cifras alarmantes\" \/><\/p>\n<p>Todos los dem\u00e1s productos porcinos, como\u00a0<strong>salazones, chorizos secos y jamones crudos de menos de 6 meses de maduraci\u00f3n, constituyen un riesgo sanitario, por lo que no podr\u00e1n ser ingresados<\/strong>. Asimismo, el\u00a0<strong>SENASA verifica exhaustivamente los residuos de aviones y buques transcontinentales provenientes de pa\u00edses donde la PPA es end\u00e9mica<\/strong>, ya que es una de las v\u00edas de diseminaci\u00f3n de la enfermedad.<\/p>\n<p>Cabe destacar que, conforme a la\u00a0<strong>Resoluci\u00f3n SENASA N\u00b0 295\/99<\/strong>, los viajeros no deben ingresar productos porcinos, indistintamente de la condici\u00f3n sanitaria del pa\u00eds de procedencia. Adem\u00e1s, deben tener en cuenta que:<\/p>\n<p><strong>La PPA no representa un peligro para la salud humana<\/strong>, ni afecta las condiciones de los productos alimenticios contaminados.<\/p>\n<p><strong>No es una enfermedad zoon\u00f3tica<\/strong>, es decir, la enfermedad no se trasmite a las personas.<\/p>\n<p><strong>Las personas que estuvieron con animales en pa\u00edses donde est\u00e1 presente el virus<\/strong>\u00a0no deben concurrir a establecimientos productivos en Argentina, ya que los objetos, la ropa y el calzado pueden vehiculizar el virus.<\/p>\n<h6><em><strong>Del archivo:\u00a0<a href=\"https:\/\/informelitoral.com.ar\/las-tecnicas-del-inta-para-el-manejo-ovino-con-perros-de-arreo\/\" target=\"_blank\" rel=\"noopener\">Las t\u00e9cnicas del INTA para el manejo ovino con perros de arreo<\/a><\/strong><\/em><\/h6>\n<p>Junto con la prevenci\u00f3n de ingreso en fronteras,\u00a0<strong>es fundamental el fortalecimiento de las medidas de bioseguridad que se aplican en las granjas porcinas, considerando el impacto productivo y comercial que generar\u00eda su ingreso y que no existe una vacuna para su control<\/strong>. Ante un eventual ingreso del virus, el SENASA cuenta con un plan de contingencia \u2014<strong>Resoluci\u00f3n N\u00b0 275\/23<\/strong>\u00a0&#8211; para aplicar las medidas sanitarias de contenci\u00f3n y erradicaci\u00f3n de la enfermedad requeridas.<\/p>\n<p>Se recuerda que\u00a0<strong>ante la sospecha de signos cl\u00ednicos o eventos sanitarios no habituales en porcinos se debe notificar inmediatamente al SENASA<\/strong>, particularmente si se observa aumento de la mortandad, manchas o enrojecimiento en la piel, fiebre alta y abatimiento.<\/p>\n<p>Los mismos signos pueden ser observados en los jabal\u00edes, por lo que tambi\u00e9n se debe alertar al Servicio Nacional este tipo de hallazgos.<\/p>\n<p>Las notificaciones de sospecha de enfermedad pueden comunicarse en la\u00a0<strong>oficina del SENASA m\u00e1s cercana<\/strong>, personalmente o por tel\u00e9fono; por WhatsApp, al\u00a0<strong>(11) 5700-5704<\/strong>; a trav\u00e9s del correo electr\u00f3nico\u00a0<strong>notificaciones@s<\/strong><strong>enasa.gob.ar<\/strong>; o en el apartado\u00a0<strong>Avis\u00e1 al Senasa<\/strong>, disponible en el sitio web oficial.<\/p>\n<h6><em><strong>Del archivo:\u00a0<a href=\"https:\/\/informelitoral.com.ar\/el-maiz-entrerriano-pierde-hasta-el-18-de-su-valor-por-distancia-al-puerto-de-rosario\/\" target=\"_blank\" rel=\"noopener\">El ma\u00edz entrerriano pierde hasta el 18% de su valor por distancia al puerto de Rosario<\/a><\/strong><\/em><\/h6>\n","protected":false},"excerpt":{"rendered":"<p>SENASA suspendi\u00f3 la importaci\u00f3n de mercanc\u00edas de riesgo provenientes del pa\u00eds europeo, en l\u00ednea con las recomendaciones internacionales.<\/p>\n","protected":false},"author":8,"featured_media":242576,"comment_status":"open","ping_status":"open","sticky":false,"template":"","format":"standard","meta":{"fifu_image_url":"https:\/\/www.fundacionaquae.org\/wp-content\/uploads\/2017\/11\/jabali-1-e1608813697632.jpg","fifu_image_alt":"","footnotes":""},"categories":[10],"tags":[5991,6272],"class_list":{"0":"post-242575","1":"post","2":"type-post","3":"status-publish","4":"format-standard","5":"has-post-thumbnail","7":"category-campo","8":"tag-jabalies","9":"tag-pesca-porcina"},"yoast_head":"<title>Refuerzo de medidas de prevenci\u00f3n ante la detecci\u00f3n de peste porcina africana en Espa\u00f1a - Informe Litoral<\/title>\n<meta name=\"robots\" content=\"index, follow, max-snippet:-1, max-image-preview:large, max-video-preview:-1\" \/>\n<link rel=\"canonical\" href=\"https:\/\/informelitoral.com.ar\/refuerzo-de-medidas-de-prevencion-ante-la-deteccion-de-peste-porcina-africana-en-espana\/\" \/>\n<meta property=\"og:locale\" content=\"es_ES\" \/>\n<meta property=\"og:type\" content=\"article\" \/>\n<meta property=\"og:title\" content=\"Refuerzo de medidas de prevenci\u00f3n ante la detecci\u00f3n de peste porcina africana en Espa\u00f1a - Informe Litoral\" \/>\n<meta property=\"og:description\" content=\"SENASA suspendi\u00f3 la importaci\u00f3n de mercanc\u00edas de riesgo provenientes del pa\u00eds europeo, en l\u00ednea con las recomendaciones internacionales.\" \/>\n<meta property=\"og:url\" content=\"https:\/\/informelitoral.com.ar\/refuerzo-de-medidas-de-prevencion-ante-la-deteccion-de-peste-porcina-africana-en-espana\/\" \/>\n<meta property=\"og:site_name\" content=\"Informe Litoral\" \/>\n<meta property=\"article:publisher\" content=\"https:\/\/www.facebook.com\/informelitoral\/\" \/>\n<meta property=\"article:published_time\" content=\"2025-12-05T11:25:05+00:00\" \/>\n<meta property=\"article:modified_time\" content=\"2025-12-05T11:32:01+00:00\" \/>\n<meta property=\"og:image\" content=\"https:\/\/www.fundacionaquae.org\/%77%70%2d%63%6f%6e%74%65%6e%74\/uploads\/2017\/11\/jabali-1-e1608813697632.jpg\" \/>\n<meta name=\"author\" content=\"Sebastian\" \/>\n<meta name=\"twitter:card\" content=\"summary_large_image\" \/>\n<meta name=\"twitter:image\" content=\"https:\/\/www.fundacionaquae.org\/%77%70%2d%63%6f%6e%74%65%6e%74\/uploads\/2017\/11\/jabali-1-e1608813697632.jpg\" \/>\n<meta name=\"twitter:creator\" content=\"@InformeLitoral\" \/>\n<meta name=\"twitter:site\" content=\"@InformeLitoral\" \/>\n<meta name=\"twitter:label1\" content=\"Escrito por\" \/>\n\t<meta name=\"twitter:data1\" content=\"Sebastian\" \/>\n\t<meta name=\"twitter:label2\" content=\"Tiempo de lectura\" \/>\n\t<meta name=\"twitter:data2\" content=\"4 minutos\" \/>\n<script type=\"application\/ld+json\" class=\"yoast-schema-graph\">{\"@context\":\"https:\\\/\\\/schema.org\",\"@graph\":[{\"@type\":\"Article\",\"@id\":\"https:\\\/\\\/informelitoral.com.ar\\\/refuerzo-de-medidas-de-prevencion-ante-la-deteccion-de-peste-porcina-africana-en-espana\\\/#article\",\"isPartOf\":{\"@id\":\"https:\\\/\\\/informelitoral.com.ar\\\/refuerzo-de-medidas-de-prevencion-ante-la-deteccion-de-peste-porcina-africana-en-espana\\\/\"},\"author\":{\"name\":\"Sebastian\",\"@id\":\"https:\\\/\\\/informelitoral.com.ar\\\/#\\\/schema\\\/person\\\/f05f9f461677119578717524b127d6d5\"},\"headline\":\"Refuerzo de medidas de prevenci\u00f3n ante la detecci\u00f3n de peste porcina africana en Espa\u00f1a\",\"datePublished\":\"2025-12-05T11:25:05+00:00\",\"dateModified\":\"2025-12-05T11:32:01+00:00\",\"mainEntityOfPage\":{\"@id\":\"https:\\\/\\\/informelitoral.com.ar\\\/refuerzo-de-medidas-de-prevencion-ante-la-deteccion-de-peste-porcina-africana-en-espana\\\/\"},\"wordCount\":724,\"commentCount\":0,\"publisher\":{\"@id\":\"https:\\\/\\\/informelitoral.com.ar\\\/#organization\"},\"image\":{\"@id\":\"https:\\\/\\\/informelitoral.com.ar\\\/refuerzo-de-medidas-de-prevencion-ante-la-deteccion-de-peste-porcina-africana-en-espana\\\/#primaryimage\"},\"thumbnailUrl\":\"https:\\\/\\\/www.fundacionaquae.org\\\/%77%70%2d%63%6f%6e%74%65%6e%74\\\/uploads\\\/2017\\\/11\\\/jabali-1-e1608813697632.jpg\",\"keywords\":[\"Jabalies\",\"Pesca Porcina\"],\"articleSection\":[\"Campo\"],\"inLanguage\":\"es\",\"potentialAction\":[{\"@type\":\"CommentAction\",\"name\":\"Comment\",\"target\":[\"https:\\\/\\\/informelitoral.com.ar\\\/refuerzo-de-medidas-de-prevencion-ante-la-deteccion-de-peste-porcina-africana-en-espana\\\/#respond\"]}]},{\"@type\":\"WebPage\",\"@id\":\"https:\\\/\\\/informelitoral.com.ar\\\/refuerzo-de-medidas-de-prevencion-ante-la-deteccion-de-peste-porcina-africana-en-espana\\\/\",\"url\":\"https:\\\/\\\/informelitoral.com.ar\\\/refuerzo-de-medidas-de-prevencion-ante-la-deteccion-de-peste-porcina-africana-en-espana\\\/\",\"name\":\"Refuerzo de medidas de prevenci\u00f3n ante la detecci\u00f3n de peste porcina africana en Espa\u00f1a - Informe Litoral\",\"isPartOf\":{\"@id\":\"https:\\\/\\\/informelitoral.com.ar\\\/#website\"},\"primaryImageOfPage\":{\"@id\":\"https:\\\/\\\/informelitoral.com.ar\\\/refuerzo-de-medidas-de-prevencion-ante-la-deteccion-de-peste-porcina-africana-en-espana\\\/#primaryimage\"},\"image\":{\"@id\":\"https:\\\/\\\/informelitoral.com.ar\\\/refuerzo-de-medidas-de-prevencion-ante-la-deteccion-de-peste-porcina-africana-en-espana\\\/#primaryimage\"},\"thumbnailUrl\":\"https:\\\/\\\/www.fundacionaquae.org\\\/%77%70%2d%63%6f%6e%74%65%6e%74\\\/uploads\\\/2017\\\/11\\\/jabali-1-e1608813697632.jpg\",\"datePublished\":\"2025-12-05T11:25:05+00:00\",\"dateModified\":\"2025-12-05T11:32:01+00:00\",\"breadcrumb\":{\"@id\":\"https:\\\/\\\/informelitoral.com.ar\\\/refuerzo-de-medidas-de-prevencion-ante-la-deteccion-de-peste-porcina-africana-en-espana\\\/#breadcrumb\"},\"inLanguage\":\"es\",\"potentialAction\":[{\"@type\":\"ReadAction\",\"target\":[\"https:\\\/\\\/informelitoral.com.ar\\\/refuerzo-de-medidas-de-prevencion-ante-la-deteccion-de-peste-porcina-africana-en-espana\\\/\"]}]},{\"@type\":\"ImageObject\",\"inLanguage\":\"es\",\"@id\":\"https:\\\/\\\/informelitoral.com.ar\\\/refuerzo-de-medidas-de-prevencion-ante-la-deteccion-de-peste-porcina-africana-en-espana\\\/#primaryimage\",\"url\":\"https:\\\/\\\/www.fundacionaquae.org\\\/%77%70%2d%63%6f%6e%74%65%6e%74\\\/uploads\\\/2017\\\/11\\\/jabali-1-e1608813697632.jpg\",\"contentUrl\":\"https:\\\/\\\/www.fundacionaquae.org\\\/%77%70%2d%63%6f%6e%74%65%6e%74\\\/uploads\\\/2017\\\/11\\\/jabali-1-e1608813697632.jpg\",\"width\":\"1080\",\"height\":\"604\"},{\"@type\":\"BreadcrumbList\",\"@id\":\"https:\\\/\\\/informelitoral.com.ar\\\/refuerzo-de-medidas-de-prevencion-ante-la-deteccion-de-peste-porcina-africana-en-espana\\\/#breadcrumb\",\"itemListElement\":[{\"@type\":\"ListItem\",\"position\":1,\"name\":\"Portada\",\"item\":\"https:\\\/\\\/informelitoral.com.ar\\\/\"},{\"@type\":\"ListItem\",\"position\":2,\"name\":\"Refuerzo de medidas de prevenci\u00f3n ante la detecci\u00f3n de peste porcina africana en Espa\u00f1a\"}]},{\"@type\":\"WebSite\",\"@id\":\"https:\\\/\\\/informelitoral.com.ar\\\/#website\",\"url\":\"https:\\\/\\\/informelitoral.com.ar\\\/\",\"name\":\"Informe Litoral\",\"description\":\"&quot;Nos informamos&quot; \",\"publisher\":{\"@id\":\"https:\\\/\\\/informelitoral.com.ar\\\/#organization\"},\"potentialAction\":[{\"@type\":\"SearchAction\",\"target\":{\"@type\":\"EntryPoint\",\"urlTemplate\":\"https:\\\/\\\/informelitoral.com.ar\\\/?s={search_term_string}\"},\"query-input\":{\"@type\":\"PropertyValueSpecification\",\"valueRequired\":true,\"valueName\":\"search_term_string\"}}],\"inLanguage\":\"es\"},{\"@type\":\"Organization\",\"@id\":\"https:\\\/\\\/informelitoral.com.ar\\\/#organization\",\"name\":\"Informe Litoral\",\"url\":\"https:\\\/\\\/informelitoral.com.ar\\\/\",\"logo\":{\"@type\":\"ImageObject\",\"inLanguage\":\"es\",\"@id\":\"https:\\\/\\\/informelitoral.com.ar\\\/#\\\/schema\\\/logo\\\/image\\\/\",\"url\":\"https:\\\/\\\/informelitoral.com.ar\\\/%77%70%2d%63%6f%6e%74%65%6e%74\\\/uploads\\\/2021\\\/01\\\/circulo.png\",\"contentUrl\":\"https:\\\/\\\/informelitoral.com.ar\\\/%77%70%2d%63%6f%6e%74%65%6e%74\\\/uploads\\\/2021\\\/01\\\/circulo.png\",\"width\":723,\"height\":731,\"caption\":\"Informe Litoral\"},\"image\":{\"@id\":\"https:\\\/\\\/informelitoral.com.ar\\\/#\\\/schema\\\/logo\\\/image\\\/\"},\"sameAs\":[\"https:\\\/\\\/www.facebook.com\\\/informelitoral\\\/\",\"https:\\\/\\\/x.com\\\/InformeLitoral\",\"https:\\\/\\\/www.instagram.com\\\/informelitoral\\\/\",\"https:\\\/\\\/www.youtube.com\\\/channel\\\/UCua4Qvz8Icb6MYqhoq9xLXw\"]},{\"@type\":\"Person\",\"@id\":\"https:\\\/\\\/informelitoral.com.ar\\\/#\\\/schema\\\/person\\\/f05f9f461677119578717524b127d6d5\",\"name\":\"Sebastian\",\"image\":{\"@type\":\"ImageObject\",\"inLanguage\":\"es\",\"@id\":\"https:\\\/\\\/secure.gravatar.com\\\/avatar\\\/b71bf7481d447dfb9583c7f2798e7cc64de6efb9067b74633ed8c31059a3bd82?s=96&d=mm&r=g\",\"url\":\"https:\\\/\\\/secure.gravatar.com\\\/avatar\\\/b71bf7481d447dfb9583c7f2798e7cc64de6efb9067b74633ed8c31059a3bd82?s=96&d=mm&r=g\",\"contentUrl\":\"https:\\\/\\\/secure.gravatar.com\\\/avatar\\\/b71bf7481d447dfb9583c7f2798e7cc64de6efb9067b74633ed8c31059a3bd82?s=96&d=mm&r=g\",\"caption\":\"Sebastian\"},\"url\":\"https:\\\/\\\/informelitoral.com.ar\\\/author\\\/sebastian\\\/\"}]}<\/script>","yoast_head_json":{"title":"Refuerzo de medidas de prevenci\u00f3n ante la detecci\u00f3n de peste porcina africana en Espa\u00f1a - Informe Litoral","robots":{"index":"index","follow":"follow","max-snippet":"max-snippet:-1","max-image-preview":"max-image-preview:large","max-video-preview":"max-video-preview:-1"},"canonical":"https:\/\/informelitoral.com.ar\/refuerzo-de-medidas-de-prevencion-ante-la-deteccion-de-peste-porcina-africana-en-espana\/","og_locale":"es_ES","og_type":"article","og_title":"Refuerzo de medidas de prevenci\u00f3n ante la detecci\u00f3n de peste porcina africana en Espa\u00f1a - Informe Litoral","og_description":"SENASA suspendi\u00f3 la importaci\u00f3n de mercanc\u00edas de riesgo provenientes del pa\u00eds europeo, en l\u00ednea con las recomendaciones internacionales.","og_url":"https:\/\/informelitoral.com.ar\/refuerzo-de-medidas-de-prevencion-ante-la-deteccion-de-peste-porcina-africana-en-espana\/","og_site_name":"Informe Litoral","article_publisher":"https:\/\/www.facebook.com\/informelitoral\/","article_published_time":"2025-12-05T11:25:05+00:00","article_modified_time":"2025-12-05T11:32:01+00:00","og_image":[{"url":"https:\/\/www.fundacionaquae.org\/wp-content\/uploads\/2017\/11\/jabali-1-e1608813697632.jpg","type":"","width":"","height":""}],"author":"Sebastian","twitter_card":"summary_large_image","twitter_image":"https:\/\/www.fundacionaquae.org\/wp-content\/uploads\/2017\/11\/jabali-1-e1608813697632.jpg","twitter_creator":"@InformeLitoral","twitter_site":"@InformeLitoral","twitter_misc":{"Escrito por":"Sebastian","Tiempo de lectura":"4 minutos"},"schema":{"@context":"https:\/\/schema.org","@graph":[{"@type":"Article","@id":"https:\/\/informelitoral.com.ar\/refuerzo-de-medidas-de-prevencion-ante-la-deteccion-de-peste-porcina-africana-en-espana\/#article","isPartOf":{"@id":"https:\/\/informelitoral.com.ar\/refuerzo-de-medidas-de-prevencion-ante-la-deteccion-de-peste-porcina-africana-en-espana\/"},"author":{"name":"Sebastian","@id":"https:\/\/informelitoral.com.ar\/#\/schema\/person\/f05f9f461677119578717524b127d6d5"},"headline":"Refuerzo de medidas de prevenci\u00f3n ante la detecci\u00f3n de peste porcina africana en Espa\u00f1a","datePublished":"2025-12-05T11:25:05+00:00","dateModified":"2025-12-05T11:32:01+00:00","mainEntityOfPage":{"@id":"https:\/\/informelitoral.com.ar\/refuerzo-de-medidas-de-prevencion-ante-la-deteccion-de-peste-porcina-africana-en-espana\/"},"wordCount":724,"commentCount":0,"publisher":{"@id":"https:\/\/informelitoral.com.ar\/#organization"},"image":{"@id":"https:\/\/informelitoral.com.ar\/refuerzo-de-medidas-de-prevencion-ante-la-deteccion-de-peste-porcina-africana-en-espana\/#primaryimage"},"thumbnailUrl":"https:\/\/www.fundacionaquae.org\/%77%70%2d%63%6f%6e%74%65%6e%74\/uploads\/2017\/11\/jabali-1-e1608813697632.jpg","keywords":["Jabalies","Pesca Porcina"],"articleSection":["Campo"],"inLanguage":"es","potentialAction":[{"@type":"CommentAction","name":"Comment","target":["https:\/\/informelitoral.com.ar\/refuerzo-de-medidas-de-prevencion-ante-la-deteccion-de-peste-porcina-africana-en-espana\/#respond"]}]},{"@type":"WebPage","@id":"https:\/\/informelitoral.com.ar\/refuerzo-de-medidas-de-prevencion-ante-la-deteccion-de-peste-porcina-africana-en-espana\/","url":"https:\/\/informelitoral.com.ar\/refuerzo-de-medidas-de-prevencion-ante-la-deteccion-de-peste-porcina-africana-en-espana\/","name":"Refuerzo de medidas de prevenci\u00f3n ante la detecci\u00f3n de peste porcina africana en Espa\u00f1a - Informe Litoral","isPartOf":{"@id":"https:\/\/informelitoral.com.ar\/#website"},"primaryImageOfPage":{"@id":"https:\/\/informelitoral.com.ar\/refuerzo-de-medidas-de-prevencion-ante-la-deteccion-de-peste-porcina-africana-en-espana\/#primaryimage"},"image":{"@id":"https:\/\/informelitoral.com.ar\/refuerzo-de-medidas-de-prevencion-ante-la-deteccion-de-peste-porcina-africana-en-espana\/#primaryimage"},"thumbnailUrl":"https:\/\/www.fundacionaquae.org\/%77%70%2d%63%6f%6e%74%65%6e%74\/uploads\/2017\/11\/jabali-1-e1608813697632.jpg","datePublished":"2025-12-05T11:25:05+00:00","dateModified":"2025-12-05T11:32:01+00:00","breadcrumb":{"@id":"https:\/\/informelitoral.com.ar\/refuerzo-de-medidas-de-prevencion-ante-la-deteccion-de-peste-porcina-africana-en-espana\/#breadcrumb"},"inLanguage":"es","potentialAction":[{"@type":"ReadAction","target":["https:\/\/informelitoral.com.ar\/refuerzo-de-medidas-de-prevencion-ante-la-deteccion-de-peste-porcina-africana-en-espana\/"]}]},{"@type":"ImageObject","inLanguage":"es","@id":"https:\/\/informelitoral.com.ar\/refuerzo-de-medidas-de-prevencion-ante-la-deteccion-de-peste-porcina-africana-en-espana\/#primaryimage","url":"https:\/\/www.fundacionaquae.org\/%77%70%2d%63%6f%6e%74%65%6e%74\/uploads\/2017\/11\/jabali-1-e1608813697632.jpg","contentUrl":"https:\/\/www.fundacionaquae.org\/%77%70%2d%63%6f%6e%74%65%6e%74\/uploads\/2017\/11\/jabali-1-e1608813697632.jpg","width":"1080","height":"604"},{"@type":"BreadcrumbList","@id":"https:\/\/informelitoral.com.ar\/refuerzo-de-medidas-de-prevencion-ante-la-deteccion-de-peste-porcina-africana-en-espana\/#breadcrumb","itemListElement":[{"@type":"ListItem","position":1,"name":"Portada","item":"https:\/\/informelitoral.com.ar\/"},{"@type":"ListItem","position":2,"name":"Refuerzo de medidas de prevenci\u00f3n ante la detecci\u00f3n de peste porcina africana en Espa\u00f1a"}]},{"@type":"WebSite","@id":"https:\/\/informelitoral.com.ar\/#website","url":"https:\/\/informelitoral.com.ar\/","name":"Informe Litoral","description":"&quot;Nos informamos&quot; ","publisher":{"@id":"https:\/\/informelitoral.com.ar\/#organization"},"potentialAction":[{"@type":"SearchAction","target":{"@type":"EntryPoint","urlTemplate":"https:\/\/informelitoral.com.ar\/?s={search_term_string}"},"query-input":{"@type":"PropertyValueSpecification","valueRequired":true,"valueName":"search_term_string"}}],"inLanguage":"es"},{"@type":"Organization","@id":"https:\/\/informelitoral.com.ar\/#organization","name":"Informe Litoral","url":"https:\/\/informelitoral.com.ar\/","logo":{"@type":"ImageObject","inLanguage":"es","@id":"https:\/\/informelitoral.com.ar\/#\/schema\/logo\/image\/","url":"https:\/\/informelitoral.com.ar\/%77%70%2d%63%6f%6e%74%65%6e%74\/uploads\/2021\/01\/circulo.png","contentUrl":"https:\/\/informelitoral.com.ar\/%77%70%2d%63%6f%6e%74%65%6e%74\/uploads\/2021\/01\/circulo.png","width":723,"height":731,"caption":"Informe Litoral"},"image":{"@id":"https:\/\/informelitoral.com.ar\/#\/schema\/logo\/image\/"},"sameAs":["https:\/\/www.facebook.com\/informelitoral\/","https:\/\/x.com\/InformeLitoral","https:\/\/www.instagram.com\/informelitoral\/","https:\/\/www.youtube.com\/channel\/UCua4Qvz8Icb6MYqhoq9xLXw"]},{"@type":"Person","@id":"https:\/\/informelitoral.com.ar\/#\/schema\/person\/f05f9f461677119578717524b127d6d5","name":"Sebastian","image":{"@type":"ImageObject","inLanguage":"es","@id":"https:\/\/secure.gravatar.com\/avatar\/b71bf7481d447dfb9583c7f2798e7cc64de6efb9067b74633ed8c31059a3bd82?s=96&d=mm&r=g","url":"https:\/\/secure.gravatar.com\/avatar\/b71bf7481d447dfb9583c7f2798e7cc64de6efb9067b74633ed8c31059a3bd82?s=96&d=mm&r=g","contentUrl":"https:\/\/secure.gravatar.com\/avatar\/b71bf7481d447dfb9583c7f2798e7cc64de6efb9067b74633ed8c31059a3bd82?s=96&d=mm&r=g","caption":"Sebastian"},"url":"https:\/\/informelitoral.com.ar\/author\/sebastian\/"}]}},"fifu_image_url":"https:\/\/www.fundacionaquae.org\/wp-content\/uploads\/2017\/11\/jabali-1-e1608813697632.jpg","_links":{"self":[{"href":"https:\/\/informelitoral.com.ar\/%77%70%2d%6a%73%6f%6e\/wp\/v2\/posts\/242575","targetHints":{"allow":["GET"]}}],"collection":[{"href":"https:\/\/informelitoral.com.ar\/%77%70%2d%6a%73%6f%6e\/wp\/v2\/posts"}],"about":[{"href":"https:\/\/informelitoral.com.ar\/%77%70%2d%6a%73%6f%6e\/wp\/v2\/types\/post"}],"author":[{"embeddable":true,"href":"https:\/\/informelitoral.com.ar\/%77%70%2d%6a%73%6f%6e\/wp\/v2\/users\/8"}],"replies":[{"embeddable":true,"href":"https:\/\/informelitoral.com.ar\/%77%70%2d%6a%73%6f%6e\/wp\/v2\/comments?post=242575"}],"version-history":[{"count":4,"href":"https:\/\/informelitoral.com.ar\/%77%70%2d%6a%73%6f%6e\/wp\/v2\/posts\/242575\/revisions"}],"predecessor-version":[{"id":242581,"href":"https:\/\/informelitoral.com.ar\/%77%70%2d%6a%73%6f%6e\/wp\/v2\/posts\/242575\/revisions\/242581"}],"wp:featuredmedia":[{"embeddable":true,"href":"https:\/\/informelitoral.com.ar\/%77%70%2d%6a%73%6f%6e\/wp\/v2\/media\/242576"}],"wp:attachment":[{"href":"https:\/\/informelitoral.com.ar\/%77%70%2d%6a%73%6f%6e\/wp\/v2\/media?parent=242575"}],"wp:term":[{"taxonomy":"category","embeddable":true,"href":"https:\/\/informelitoral.com.ar\/%77%70%2d%6a%73%6f%6e\/wp\/v2\/categories?post=242575"},{"taxonomy":"post_tag","embeddable":true,"href":"https:\/\/informelitoral.com.ar\/%77%70%2d%6a%73%6f%6e\/wp\/v2\/tags?post=242575"}],"curies":[{"name":"wp","href":"https:\/\/api.w.org\/{rel}","templated":true}]}}