{"id":242563,"date":"2025-12-05T07:54:21","date_gmt":"2025-12-05T10:54:21","guid":{"rendered":"https:\/\/informelitoral.com.ar\/?p=242563"},"modified":"2025-12-05T07:55:05","modified_gmt":"2025-12-05T10:55:05","slug":"beca-progresar-anses-confirmo-el-cronograma-de-diciembre-por-35-000","status":"publish","type":"post","link":"https:\/\/informelitoral.com.ar\/beca-progresar-anses-confirmo-el-cronograma-de-diciembre-por-35-000\/","title":{"rendered":"Beca Progresar: ANSES confirm\u00f3 el cronograma de diciembre por $35.000"},"content":{"rendered":"<p>La\u00a0<b>Administraci\u00f3n Nacional de la Seguridad Social<\/b>\u00a0(ANSES) ha dado a conocer el calendario de pago correspondiente a diciembre de 2025, el \u00faltimo mes del a\u00f1o en el que los beneficiarios recibir\u00e1n la beca.\u00a0<b>El Programa Progresar ya tiene definidas las fechas de pago<\/b>, y, como ocurre habitualmente, la organizaci\u00f3n de los pagos se ha hecho seg\u00fan la terminaci\u00f3n del DNI de cada beneficiario. El monto vigente sigue siendo de\u00a0<b>$35.000 mensuales<\/b>, destinado a estudiantes de diversos niveles educativos, que incluyen desde la escuela obligatoria hasta la universidad, adem\u00e1s de cursos de formaci\u00f3n profesional y la l\u00ednea espec\u00edfica para estudios en enfermer\u00eda.<\/p>\n<p><a href=\"https:\/\/informelitoral.com.ar\/%77%70%2d%63%6f%6e%74%65%6e%74\/uploads\/2024\/10\/becas-progresar-foto2jpg.webp\"><img loading=\"lazy\" decoding=\"async\" class=\"alignnone size-full wp-image-200074\" src=\"https:\/\/informelitoral.com.ar\/%77%70%2d%63%6f%6e%74%65%6e%74\/uploads\/2024\/10\/becas-progresar-foto2jpg.webp\" alt=\"\" width=\"1200\" height=\"675\" srcset=\"https:\/\/informelitoral.com.ar\/%77%70%2d%63%6f%6e%74%65%6e%74\/uploads\/2024\/10\/becas-progresar-foto2jpg.webp 1200w, https:\/\/informelitoral.com.ar\/%77%70%2d%63%6f%6e%74%65%6e%74\/uploads\/2024\/10\/becas-progresar-foto2jpg-300x169.webp 300w, https:\/\/informelitoral.com.ar\/%77%70%2d%63%6f%6e%74%65%6e%74\/uploads\/2024\/10\/becas-progresar-foto2jpg-1024x576.webp 1024w, https:\/\/informelitoral.com.ar\/%77%70%2d%63%6f%6e%74%65%6e%74\/uploads\/2024\/10\/becas-progresar-foto2jpg-768x432.webp 768w, https:\/\/informelitoral.com.ar\/%77%70%2d%63%6f%6e%74%65%6e%74\/uploads\/2024\/10\/becas-progresar-foto2jpg-747x420.webp 747w, https:\/\/informelitoral.com.ar\/%77%70%2d%63%6f%6e%74%65%6e%74\/uploads\/2024\/10\/becas-progresar-foto2jpg-696x392.webp 696w, https:\/\/informelitoral.com.ar\/%77%70%2d%63%6f%6e%74%65%6e%74\/uploads\/2024\/10\/becas-progresar-foto2jpg-1068x601.webp 1068w\" sizes=\"auto, (max-width: 1200px) 100vw, 1200px\" \/><\/a><\/p>\n<div class=\"embed nota-relacionada\">\n<div class=\"inner-art\">\n<article class=\" en-bandera\">\n<header class=\"en-bandera__header\">\n<h2 class=\"en-bandera__h2 titulo-sub \"><strong>Ayuda Escolar ANSES: qui\u00e9nes la cobran y cu\u00e1nto se paga en diciembre de 2025<\/strong><\/h2>\n<\/header>\n<\/article>\n<\/div>\n<\/div>\n<p>El calendario de pagos para diciembre ser\u00e1 el siguiente:<\/p>\n<p>\u00b7\u00a0<b>15 de diciembre:<\/b>\u00a0DNI terminados en 0 y 1<\/p>\n<p>\u00b7\u00a0<b>16 de diciembre:<\/b> DNI terminados en 2 y 3<\/p>\n<p>\u00b7\u00a0<b>17 de diciembre:<\/b>\u00a0DNI terminados en 4 y 5<\/p>\n<p>\u00b7\u00a0<b>18 de diciembre:<\/b>\u00a0DNI terminados en 6 y 7<\/p>\n<p>\u00b7\u00a0<b>19 de diciembre:<\/b>\u00a0DNI terminados en 8 y 9<\/p>\n<p><a href=\"https:\/\/informelitoral.com.ar\/%77%70%2d%63%6f%6e%74%65%6e%74\/uploads\/2022\/08\/anses-dinero-billetes-7-min-696x392-1.jpg\"><img loading=\"lazy\" decoding=\"async\" class=\"alignnone size-full wp-image-83719\" src=\"https:\/\/informelitoral.com.ar\/%77%70%2d%63%6f%6e%74%65%6e%74\/uploads\/2022\/08\/anses-dinero-billetes-7-min-696x392-1.jpg\" alt=\"\" width=\"696\" height=\"392\" srcset=\"https:\/\/informelitoral.com.ar\/%77%70%2d%63%6f%6e%74%65%6e%74\/uploads\/2022\/08\/anses-dinero-billetes-7-min-696x392-1.jpg 696w, https:\/\/informelitoral.com.ar\/%77%70%2d%63%6f%6e%74%65%6e%74\/uploads\/2022\/08\/anses-dinero-billetes-7-min-696x392-1-300x169.jpg 300w\" sizes=\"auto, (max-width: 696px) 100vw, 696px\" \/><\/a><\/p>\n<p>Este cronograma se aplica para todas las l\u00edneas del programa y el pago se depositar\u00e1 directamente en las cuentas bancarias habilitadas por cada estudiante, como es habitual.\u00a0<b>Quienes no hayan cobrado la beca en noviembre deben estar atentos a los plazos para realizar el reclamo correspondiente.<\/b><\/p>\n<h2><b>\u00bfQui\u00e9nes pueden acceder al Programa Progresar?<\/b><\/h2>\n<p>El Programa Progresar est\u00e1 destinado a j\u00f3venes y adultos que deseen continuar o finalizar sus estudios en distintos niveles educativos. Los beneficiarios pueden pertenecer a alguno de los siguientes grupos:<\/p>\n<p>\u00b7\u00a0<b>Estudiantes del nivel obligatorio<\/b> (primario y secundario).<\/p>\n<p>\u00b7\u00a0<b>Estudiantes terciarios y universitarios<\/b>.<\/p>\n<p>\u00b7\u00a0<b>Formaci\u00f3n profesional<\/b>, en oficios y cursos laborales.<\/p>\n<p>\u00b7\u00a0<b>Progresar Enfermer\u00eda<\/b>, una l\u00ednea especial para quienes estudian esta carrera de salud.<\/p>\n<p>Adem\u00e1s,\u00a0<b>la beca es compatible con la Asignaci\u00f3n Universal por Hijo (AUH)<\/b> y otros programas sociales, siempre y cuando el beneficiario cumpla con los requisitos acad\u00e9micos y socioecon\u00f3micos establecidos por el Ministerio de Capital Humano.<\/p>\n<h2><b>Lo que se espera para el ciclo 2026<\/b><\/h2>\n<p>De cara al ciclo lectivo 2026, el Gobierno anticip\u00f3 que los estudiantes que mantengan su regularidad acad\u00e9mica\u00a0<b>podr\u00e1n renovar la beca sin inconvenientes<\/b>. Tambi\u00e9n se espera que se realicen actualizaciones tanto en los montos como en los requisitos del programa. Estos detalles ser\u00e1n comunicados oficialmente por ANSES durante los primeros meses de 2026.<\/p>\n<p>Con la llegada de diciembre, esta ser\u00e1 la \u00faltima acreditaci\u00f3n de 2025, un mes clave para miles de estudiantes que dependen de la\u00a0<b>Beca Progresar<\/b>\u00a0para sostener su trayectoria educativa.<\/p>\n<h6><em><strong>Del archivo:\u00a0<a href=\"https:\/\/informelitoral.com.ar\/anses-ultima-oportunidad-para-cobrar-la-ayuda-escolar-de-85-000\/\" target=\"_blank\" rel=\"noopener\">Anses: \u00faltima oportunidad para cobrar la Ayuda Escolar de $85.000<\/a><\/strong><\/em><\/h6>\n","protected":false},"excerpt":{"rendered":"<p>Los beneficiarios recibir\u00e1n el \u00faltimo pago del a\u00f1o seg\u00fan la terminaci\u00f3n de su DNI.<\/p>\n","protected":false},"author":8,"featured_media":190521,"comment_status":"open","ping_status":"open","sticky":false,"template":"","format":"standard","meta":{"fifu_image_url":"","fifu_image_alt":"","footnotes":""},"categories":[1594],"tags":[2419,122,1130],"class_list":{"0":"post-242563","1":"post","2":"type-post","3":"status-publish","4":"format-standard","5":"has-post-thumbnail","7":"category-economia","8":"tag-becas-progresar","9":"tag-cronograma-de-pagos","10":"tag-pagos"},"yoast_head":"<title>Beca Progresar: ANSES confirm\u00f3 el cronograma de diciembre por $35.000 - Informe Litoral<\/title>\n<meta name=\"robots\" content=\"index, follow, max-snippet:-1, max-image-preview:large, max-video-preview:-1\" \/>\n<link rel=\"canonical\" href=\"https:\/\/informelitoral.com.ar\/beca-progresar-anses-confirmo-el-cronograma-de-diciembre-por-35-000\/\" \/>\n<meta property=\"og:locale\" content=\"es_ES\" \/>\n<meta property=\"og:type\" content=\"article\" \/>\n<meta property=\"og:title\" content=\"Beca Progresar: ANSES confirm\u00f3 el cronograma de diciembre por $35.000 - Informe Litoral\" \/>\n<meta property=\"og:description\" content=\"Los beneficiarios recibir\u00e1n el \u00faltimo pago del a\u00f1o seg\u00fan la terminaci\u00f3n de su DNI.\" \/>\n<meta property=\"og:url\" content=\"https:\/\/informelitoral.com.ar\/beca-progresar-anses-confirmo-el-cronograma-de-diciembre-por-35-000\/\" \/>\n<meta property=\"og:site_name\" content=\"Informe Litoral\" \/>\n<meta property=\"article:publisher\" content=\"https:\/\/www.facebook.com\/informelitoral\/\" \/>\n<meta property=\"article:published_time\" content=\"2025-12-05T10:54:21+00:00\" \/>\n<meta property=\"article:modified_time\" content=\"2025-12-05T10:55:05+00:00\" \/>\n<meta property=\"og:image\" content=\"https:\/\/informelitoral.com.ar\/%77%70%2d%63%6f%6e%74%65%6e%74\/uploads\/2024\/07\/becas-progresarjpg.webp\" \/>\n\t<meta property=\"og:image:width\" content=\"540\" \/>\n\t<meta property=\"og:image:height\" content=\"405\" \/>\n\t<meta property=\"og:image:type\" content=\"image\/webp\" \/>\n<meta name=\"author\" content=\"Sebastian\" \/>\n<meta name=\"twitter:card\" content=\"summary_large_image\" \/>\n<meta name=\"twitter:creator\" content=\"@InformeLitoral\" \/>\n<meta name=\"twitter:site\" content=\"@InformeLitoral\" \/>\n<meta name=\"twitter:label1\" content=\"Escrito por\" \/>\n\t<meta name=\"twitter:data1\" content=\"Sebastian\" \/>\n\t<meta name=\"twitter:label2\" content=\"Tiempo de lectura\" \/>\n\t<meta name=\"twitter:data2\" content=\"3 minutos\" \/>\n<script type=\"application\/ld+json\" class=\"yoast-schema-graph\">{\"@context\":\"https:\\\/\\\/schema.org\",\"@graph\":[{\"@type\":\"Article\",\"@id\":\"https:\\\/\\\/informelitoral.com.ar\\\/beca-progresar-anses-confirmo-el-cronograma-de-diciembre-por-35-000\\\/#article\",\"isPartOf\":{\"@id\":\"https:\\\/\\\/informelitoral.com.ar\\\/beca-progresar-anses-confirmo-el-cronograma-de-diciembre-por-35-000\\\/\"},\"author\":{\"name\":\"Sebastian\",\"@id\":\"https:\\\/\\\/informelitoral.com.ar\\\/#\\\/schema\\\/person\\\/f05f9f461677119578717524b127d6d5\"},\"headline\":\"Beca Progresar: ANSES confirm\u00f3 el cronograma de diciembre por $35.000\",\"datePublished\":\"2025-12-05T10:54:21+00:00\",\"dateModified\":\"2025-12-05T10:55:05+00:00\",\"mainEntityOfPage\":{\"@id\":\"https:\\\/\\\/informelitoral.com.ar\\\/beca-progresar-anses-confirmo-el-cronograma-de-diciembre-por-35-000\\\/\"},\"wordCount\":434,\"commentCount\":0,\"publisher\":{\"@id\":\"https:\\\/\\\/informelitoral.com.ar\\\/#organization\"},\"image\":{\"@id\":\"https:\\\/\\\/informelitoral.com.ar\\\/beca-progresar-anses-confirmo-el-cronograma-de-diciembre-por-35-000\\\/#primaryimage\"},\"thumbnailUrl\":\"https:\\\/\\\/informelitoral.com.ar\\\/%77%70%2d%63%6f%6e%74%65%6e%74\\\/uploads\\\/2024\\\/07\\\/becas-progresarjpg.webp\",\"keywords\":[\"Becas progresar\",\"Cronograma de pagos\",\"Pagos\"],\"articleSection\":[\"Econom\u00eda\"],\"inLanguage\":\"es\",\"potentialAction\":[{\"@type\":\"CommentAction\",\"name\":\"Comment\",\"target\":[\"https:\\\/\\\/informelitoral.com.ar\\\/beca-progresar-anses-confirmo-el-cronograma-de-diciembre-por-35-000\\\/#respond\"]}]},{\"@type\":\"WebPage\",\"@id\":\"https:\\\/\\\/informelitoral.com.ar\\\/beca-progresar-anses-confirmo-el-cronograma-de-diciembre-por-35-000\\\/\",\"url\":\"https:\\\/\\\/informelitoral.com.ar\\\/beca-progresar-anses-confirmo-el-cronograma-de-diciembre-por-35-000\\\/\",\"name\":\"Beca Progresar: ANSES confirm\u00f3 el cronograma de diciembre por $35.000 - Informe Litoral\",\"isPartOf\":{\"@id\":\"https:\\\/\\\/informelitoral.com.ar\\\/#website\"},\"primaryImageOfPage\":{\"@id\":\"https:\\\/\\\/informelitoral.com.ar\\\/beca-progresar-anses-confirmo-el-cronograma-de-diciembre-por-35-000\\\/#primaryimage\"},\"image\":{\"@id\":\"https:\\\/\\\/informelitoral.com.ar\\\/beca-progresar-anses-confirmo-el-cronograma-de-diciembre-por-35-000\\\/#primaryimage\"},\"thumbnailUrl\":\"https:\\\/\\\/informelitoral.com.ar\\\/%77%70%2d%63%6f%6e%74%65%6e%74\\\/uploads\\\/2024\\\/07\\\/becas-progresarjpg.webp\",\"datePublished\":\"2025-12-05T10:54:21+00:00\",\"dateModified\":\"2025-12-05T10:55:05+00:00\",\"breadcrumb\":{\"@id\":\"https:\\\/\\\/informelitoral.com.ar\\\/beca-progresar-anses-confirmo-el-cronograma-de-diciembre-por-35-000\\\/#breadcrumb\"},\"inLanguage\":\"es\",\"potentialAction\":[{\"@type\":\"ReadAction\",\"target\":[\"https:\\\/\\\/informelitoral.com.ar\\\/beca-progresar-anses-confirmo-el-cronograma-de-diciembre-por-35-000\\\/\"]}]},{\"@type\":\"ImageObject\",\"inLanguage\":\"es\",\"@id\":\"https:\\\/\\\/informelitoral.com.ar\\\/beca-progresar-anses-confirmo-el-cronograma-de-diciembre-por-35-000\\\/#primaryimage\",\"url\":\"https:\\\/\\\/informelitoral.com.ar\\\/%77%70%2d%63%6f%6e%74%65%6e%74\\\/uploads\\\/2024\\\/07\\\/becas-progresarjpg.webp\",\"contentUrl\":\"https:\\\/\\\/informelitoral.com.ar\\\/%77%70%2d%63%6f%6e%74%65%6e%74\\\/uploads\\\/2024\\\/07\\\/becas-progresarjpg.webp\",\"width\":540,\"height\":405},{\"@type\":\"BreadcrumbList\",\"@id\":\"https:\\\/\\\/informelitoral.com.ar\\\/beca-progresar-anses-confirmo-el-cronograma-de-diciembre-por-35-000\\\/#breadcrumb\",\"itemListElement\":[{\"@type\":\"ListItem\",\"position\":1,\"name\":\"Portada\",\"item\":\"https:\\\/\\\/informelitoral.com.ar\\\/\"},{\"@type\":\"ListItem\",\"position\":2,\"name\":\"Beca Progresar: ANSES confirm\u00f3 el cronograma de diciembre por $35.000\"}]},{\"@type\":\"WebSite\",\"@id\":\"https:\\\/\\\/informelitoral.com.ar\\\/#website\",\"url\":\"https:\\\/\\\/informelitoral.com.ar\\\/\",\"name\":\"Informe Litoral\",\"description\":\"&quot;Nos informamos&quot; \",\"publisher\":{\"@id\":\"https:\\\/\\\/informelitoral.com.ar\\\/#organization\"},\"potentialAction\":[{\"@type\":\"SearchAction\",\"target\":{\"@type\":\"EntryPoint\",\"urlTemplate\":\"https:\\\/\\\/informelitoral.com.ar\\\/?s={search_term_string}\"},\"query-input\":{\"@type\":\"PropertyValueSpecification\",\"valueRequired\":true,\"valueName\":\"search_term_string\"}}],\"inLanguage\":\"es\"},{\"@type\":\"Organization\",\"@id\":\"https:\\\/\\\/informelitoral.com.ar\\\/#organization\",\"name\":\"Informe Litoral\",\"url\":\"https:\\\/\\\/informelitoral.com.ar\\\/\",\"logo\":{\"@type\":\"ImageObject\",\"inLanguage\":\"es\",\"@id\":\"https:\\\/\\\/informelitoral.com.ar\\\/#\\\/schema\\\/logo\\\/image\\\/\",\"url\":\"https:\\\/\\\/informelitoral.com.ar\\\/%77%70%2d%63%6f%6e%74%65%6e%74\\\/uploads\\\/2021\\\/01\\\/circulo.png\",\"contentUrl\":\"https:\\\/\\\/informelitoral.com.ar\\\/%77%70%2d%63%6f%6e%74%65%6e%74\\\/uploads\\\/2021\\\/01\\\/circulo.png\",\"width\":723,\"height\":731,\"caption\":\"Informe Litoral\"},\"image\":{\"@id\":\"https:\\\/\\\/informelitoral.com.ar\\\/#\\\/schema\\\/logo\\\/image\\\/\"},\"sameAs\":[\"https:\\\/\\\/www.facebook.com\\\/informelitoral\\\/\",\"https:\\\/\\\/x.com\\\/InformeLitoral\",\"https:\\\/\\\/www.instagram.com\\\/informelitoral\\\/\",\"https:\\\/\\\/www.youtube.com\\\/channel\\\/UCua4Qvz8Icb6MYqhoq9xLXw\"]},{\"@type\":\"Person\",\"@id\":\"https:\\\/\\\/informelitoral.com.ar\\\/#\\\/schema\\\/person\\\/f05f9f461677119578717524b127d6d5\",\"name\":\"Sebastian\",\"image\":{\"@type\":\"ImageObject\",\"inLanguage\":\"es\",\"@id\":\"https:\\\/\\\/secure.gravatar.com\\\/avatar\\\/b71bf7481d447dfb9583c7f2798e7cc64de6efb9067b74633ed8c31059a3bd82?s=96&d=mm&r=g\",\"url\":\"https:\\\/\\\/secure.gravatar.com\\\/avatar\\\/b71bf7481d447dfb9583c7f2798e7cc64de6efb9067b74633ed8c31059a3bd82?s=96&d=mm&r=g\",\"contentUrl\":\"https:\\\/\\\/secure.gravatar.com\\\/avatar\\\/b71bf7481d447dfb9583c7f2798e7cc64de6efb9067b74633ed8c31059a3bd82?s=96&d=mm&r=g\",\"caption\":\"Sebastian\"},\"url\":\"https:\\\/\\\/informelitoral.com.ar\\\/author\\\/sebastian\\\/\"}]}<\/script>","yoast_head_json":{"title":"Beca Progresar: ANSES confirm\u00f3 el cronograma de diciembre por $35.000 - Informe Litoral","robots":{"index":"index","follow":"follow","max-snippet":"max-snippet:-1","max-image-preview":"max-image-preview:large","max-video-preview":"max-video-preview:-1"},"canonical":"https:\/\/informelitoral.com.ar\/beca-progresar-anses-confirmo-el-cronograma-de-diciembre-por-35-000\/","og_locale":"es_ES","og_type":"article","og_title":"Beca Progresar: ANSES confirm\u00f3 el cronograma de diciembre por $35.000 - Informe Litoral","og_description":"Los beneficiarios recibir\u00e1n el \u00faltimo pago del a\u00f1o seg\u00fan la terminaci\u00f3n de su DNI.","og_url":"https:\/\/informelitoral.com.ar\/beca-progresar-anses-confirmo-el-cronograma-de-diciembre-por-35-000\/","og_site_name":"Informe Litoral","article_publisher":"https:\/\/www.facebook.com\/informelitoral\/","article_published_time":"2025-12-05T10:54:21+00:00","article_modified_time":"2025-12-05T10:55:05+00:00","og_image":[{"width":540,"height":405,"url":"https:\/\/informelitoral.com.ar\/%77%70%2d%63%6f%6e%74%65%6e%74\/uploads\/2024\/07\/becas-progresarjpg.webp","type":"image\/webp"}],"author":"Sebastian","twitter_card":"summary_large_image","twitter_creator":"@InformeLitoral","twitter_site":"@InformeLitoral","twitter_misc":{"Escrito por":"Sebastian","Tiempo de lectura":"3 minutos"},"schema":{"@context":"https:\/\/schema.org","@graph":[{"@type":"Article","@id":"https:\/\/informelitoral.com.ar\/beca-progresar-anses-confirmo-el-cronograma-de-diciembre-por-35-000\/#article","isPartOf":{"@id":"https:\/\/informelitoral.com.ar\/beca-progresar-anses-confirmo-el-cronograma-de-diciembre-por-35-000\/"},"author":{"name":"Sebastian","@id":"https:\/\/informelitoral.com.ar\/#\/schema\/person\/f05f9f461677119578717524b127d6d5"},"headline":"Beca Progresar: ANSES confirm\u00f3 el cronograma de diciembre por $35.000","datePublished":"2025-12-05T10:54:21+00:00","dateModified":"2025-12-05T10:55:05+00:00","mainEntityOfPage":{"@id":"https:\/\/informelitoral.com.ar\/beca-progresar-anses-confirmo-el-cronograma-de-diciembre-por-35-000\/"},"wordCount":434,"commentCount":0,"publisher":{"@id":"https:\/\/informelitoral.com.ar\/#organization"},"image":{"@id":"https:\/\/informelitoral.com.ar\/beca-progresar-anses-confirmo-el-cronograma-de-diciembre-por-35-000\/#primaryimage"},"thumbnailUrl":"https:\/\/informelitoral.com.ar\/%77%70%2d%63%6f%6e%74%65%6e%74\/uploads\/2024\/07\/becas-progresarjpg.webp","keywords":["Becas progresar","Cronograma de pagos","Pagos"],"articleSection":["Econom\u00eda"],"inLanguage":"es","potentialAction":[{"@type":"CommentAction","name":"Comment","target":["https:\/\/informelitoral.com.ar\/beca-progresar-anses-confirmo-el-cronograma-de-diciembre-por-35-000\/#respond"]}]},{"@type":"WebPage","@id":"https:\/\/informelitoral.com.ar\/beca-progresar-anses-confirmo-el-cronograma-de-diciembre-por-35-000\/","url":"https:\/\/informelitoral.com.ar\/beca-progresar-anses-confirmo-el-cronograma-de-diciembre-por-35-000\/","name":"Beca Progresar: ANSES confirm\u00f3 el cronograma de diciembre por $35.000 - Informe Litoral","isPartOf":{"@id":"https:\/\/informelitoral.com.ar\/#website"},"primaryImageOfPage":{"@id":"https:\/\/informelitoral.com.ar\/beca-progresar-anses-confirmo-el-cronograma-de-diciembre-por-35-000\/#primaryimage"},"image":{"@id":"https:\/\/informelitoral.com.ar\/beca-progresar-anses-confirmo-el-cronograma-de-diciembre-por-35-000\/#primaryimage"},"thumbnailUrl":"https:\/\/informelitoral.com.ar\/%77%70%2d%63%6f%6e%74%65%6e%74\/uploads\/2024\/07\/becas-progresarjpg.webp","datePublished":"2025-12-05T10:54:21+00:00","dateModified":"2025-12-05T10:55:05+00:00","breadcrumb":{"@id":"https:\/\/informelitoral.com.ar\/beca-progresar-anses-confirmo-el-cronograma-de-diciembre-por-35-000\/#breadcrumb"},"inLanguage":"es","potentialAction":[{"@type":"ReadAction","target":["https:\/\/informelitoral.com.ar\/beca-progresar-anses-confirmo-el-cronograma-de-diciembre-por-35-000\/"]}]},{"@type":"ImageObject","inLanguage":"es","@id":"https:\/\/informelitoral.com.ar\/beca-progresar-anses-confirmo-el-cronograma-de-diciembre-por-35-000\/#primaryimage","url":"https:\/\/informelitoral.com.ar\/%77%70%2d%63%6f%6e%74%65%6e%74\/uploads\/2024\/07\/becas-progresarjpg.webp","contentUrl":"https:\/\/informelitoral.com.ar\/%77%70%2d%63%6f%6e%74%65%6e%74\/uploads\/2024\/07\/becas-progresarjpg.webp","width":540,"height":405},{"@type":"BreadcrumbList","@id":"https:\/\/informelitoral.com.ar\/beca-progresar-anses-confirmo-el-cronograma-de-diciembre-por-35-000\/#breadcrumb","itemListElement":[{"@type":"ListItem","position":1,"name":"Portada","item":"https:\/\/informelitoral.com.ar\/"},{"@type":"ListItem","position":2,"name":"Beca Progresar: ANSES confirm\u00f3 el cronograma de diciembre por $35.000"}]},{"@type":"WebSite","@id":"https:\/\/informelitoral.com.ar\/#website","url":"https:\/\/informelitoral.com.ar\/","name":"Informe Litoral","description":"&quot;Nos informamos&quot; ","publisher":{"@id":"https:\/\/informelitoral.com.ar\/#organization"},"potentialAction":[{"@type":"SearchAction","target":{"@type":"EntryPoint","urlTemplate":"https:\/\/informelitoral.com.ar\/?s={search_term_string}"},"query-input":{"@type":"PropertyValueSpecification","valueRequired":true,"valueName":"search_term_string"}}],"inLanguage":"es"},{"@type":"Organization","@id":"https:\/\/informelitoral.com.ar\/#organization","name":"Informe Litoral","url":"https:\/\/informelitoral.com.ar\/","logo":{"@type":"ImageObject","inLanguage":"es","@id":"https:\/\/informelitoral.com.ar\/#\/schema\/logo\/image\/","url":"https:\/\/informelitoral.com.ar\/%77%70%2d%63%6f%6e%74%65%6e%74\/uploads\/2021\/01\/circulo.png","contentUrl":"https:\/\/informelitoral.com.ar\/%77%70%2d%63%6f%6e%74%65%6e%74\/uploads\/2021\/01\/circulo.png","width":723,"height":731,"caption":"Informe Litoral"},"image":{"@id":"https:\/\/informelitoral.com.ar\/#\/schema\/logo\/image\/"},"sameAs":["https:\/\/www.facebook.com\/informelitoral\/","https:\/\/x.com\/InformeLitoral","https:\/\/www.instagram.com\/informelitoral\/","https:\/\/www.youtube.com\/channel\/UCua4Qvz8Icb6MYqhoq9xLXw"]},{"@type":"Person","@id":"https:\/\/informelitoral.com.ar\/#\/schema\/person\/f05f9f461677119578717524b127d6d5","name":"Sebastian","image":{"@type":"ImageObject","inLanguage":"es","@id":"https:\/\/secure.gravatar.com\/avatar\/b71bf7481d447dfb9583c7f2798e7cc64de6efb9067b74633ed8c31059a3bd82?s=96&d=mm&r=g","url":"https:\/\/secure.gravatar.com\/avatar\/b71bf7481d447dfb9583c7f2798e7cc64de6efb9067b74633ed8c31059a3bd82?s=96&d=mm&r=g","contentUrl":"https:\/\/secure.gravatar.com\/avatar\/b71bf7481d447dfb9583c7f2798e7cc64de6efb9067b74633ed8c31059a3bd82?s=96&d=mm&r=g","caption":"Sebastian"},"url":"https:\/\/informelitoral.com.ar\/author\/sebastian\/"}]}},"_links":{"self":[{"href":"https:\/\/informelitoral.com.ar\/%77%70%2d%6a%73%6f%6e\/wp\/v2\/posts\/242563","targetHints":{"allow":["GET"]}}],"collection":[{"href":"https:\/\/informelitoral.com.ar\/%77%70%2d%6a%73%6f%6e\/wp\/v2\/posts"}],"about":[{"href":"https:\/\/informelitoral.com.ar\/%77%70%2d%6a%73%6f%6e\/wp\/v2\/types\/post"}],"author":[{"embeddable":true,"href":"https:\/\/informelitoral.com.ar\/%77%70%2d%6a%73%6f%6e\/wp\/v2\/users\/8"}],"replies":[{"embeddable":true,"href":"https:\/\/informelitoral.com.ar\/%77%70%2d%6a%73%6f%6e\/wp\/v2\/comments?post=242563"}],"version-history":[{"count":2,"href":"https:\/\/informelitoral.com.ar\/%77%70%2d%6a%73%6f%6e\/wp\/v2\/posts\/242563\/revisions"}],"predecessor-version":[{"id":242565,"href":"https:\/\/informelitoral.com.ar\/%77%70%2d%6a%73%6f%6e\/wp\/v2\/posts\/242563\/revisions\/242565"}],"wp:featuredmedia":[{"embeddable":true,"href":"https:\/\/informelitoral.com.ar\/%77%70%2d%6a%73%6f%6e\/wp\/v2\/media\/190521"}],"wp:attachment":[{"href":"https:\/\/informelitoral.com.ar\/%77%70%2d%6a%73%6f%6e\/wp\/v2\/media?parent=242563"}],"wp:term":[{"taxonomy":"category","embeddable":true,"href":"https:\/\/informelitoral.com.ar\/%77%70%2d%6a%73%6f%6e\/wp\/v2\/categories?post=242563"},{"taxonomy":"post_tag","embeddable":true,"href":"https:\/\/informelitoral.com.ar\/%77%70%2d%6a%73%6f%6e\/wp\/v2\/tags?post=242563"}],"curies":[{"name":"wp","href":"https:\/\/api.w.org\/{rel}","templated":true}]}}