{"id":242481,"date":"2025-12-04T10:45:15","date_gmt":"2025-12-04T13:45:15","guid":{"rendered":"https:\/\/informelitoral.com.ar\/?p=242481"},"modified":"2025-12-05T07:00:15","modified_gmt":"2025-12-05T10:00:15","slug":"el-ministerio-de-desarrollo-humano-presento-su-presupuesto-2026-ante-la-camara-de-senadores","status":"publish","type":"post","link":"https:\/\/informelitoral.com.ar\/el-ministerio-de-desarrollo-humano-presento-su-presupuesto-2026-ante-la-camara-de-senadores\/","title":{"rendered":"El Ministerio de Desarrollo Humano present\u00f3 su presupuesto 2026 ante la C\u00e1mara de Senadores"},"content":{"rendered":"<p>El Ministerio de Desarrollo Humano present\u00f3 ante la Honorable C\u00e1mara de Senadores de la provincia el presupuesto 2026, reafirmando el compromiso del Gobierno con las pol\u00edticas sociales y el acompa\u00f1amiento a los sectores m\u00e1s vulnerables. El proyecto prev\u00e9 un incremento del 19 por ciento respecto al a\u00f1o anterior y destina m\u00e1s del 40 por ciento de los recursos a pol\u00edticas p\u00fablicas que promuevan el desarrollo humano en todo el territorio.<\/p>\n<p>La autonom\u00eda ser\u00e1 un eje troncal del a\u00f1o 2026, en el marco de una nueva forma de v\u00ednculo entre el Estado y la ciudadan\u00eda. Al respecto, la ministra Ver\u00f3nica Berisso remarc\u00f3 \u00abel Estado debe acompa\u00f1ar a crecer. Queremos que cada entrerriano pueda potenciar sus capacidades y lograr desarrollar su autonom\u00eda\u00bb.<\/p>\n<p>El presupuesto se organiza en seis ejes: alimentaci\u00f3n, autonom\u00eda, asistencias, inclusi\u00f3n, pol\u00edticas para la mujer y desarrollo comunitario.<\/p>\n<p>Berisso tambi\u00e9n subray\u00f3 que la partida destinada a la Alimentaci\u00f3n se mantiene con el incremento de 2.000 por ciento, m\u00e1s all\u00e1 de la continuidad o no de la Ley de Emergencia Alimentaria. Y destac\u00f3 el compromiso provincial con la primera infancia destinando un presupuesto etiquetado para fortalecer la protecci\u00f3n integral de ni\u00f1as y ni\u00f1os.<\/p>\n<p>Participaron en la presentaci\u00f3n el coordinador ministerial, Gustavo Ipoutcha y la directora general administrativo contable, Mar\u00eda In\u00e9s Galligo. El equipo ministerial acompa\u00f1\u00f3 las disertaciones.<\/p>\n<h6><em><strong>Del archivo: <a style=\"color: #4db2ec;\" href=\"https:\/\/informelitoral.com.ar\/se-realizo-el-primer-autotransplante-de-tejido-ovarico-asistido-por-robot-en-argentina\/\" target=\"_blank\" rel=\"noopener\">Se realiz\u00f3 el primer autotransplante de tejido ov\u00e1rico asistido por robot en Argentina<\/a><\/strong><\/em><\/h6>\n","protected":false},"excerpt":{"rendered":"<p>La ministra Ver\u00f3nica Berisso destac\u00f3 que con el incremento del 19 por ciento, refuerza la inversi\u00f3n en pol\u00edticas p\u00fablicas que se orientar\u00e1n a consolidar un Estado que acompa\u00f1a a crecer con equidad y sentido federal.<\/p>\n","protected":false},"author":8,"featured_media":242482,"comment_status":"open","ping_status":"open","sticky":false,"template":"","format":"standard","meta":{"fifu_image_url":"","fifu_image_alt":"","footnotes":""},"categories":[16],"tags":[2047,4891,468],"class_list":{"0":"post-242481","1":"post","2":"type-post","3":"status-publish","4":"format-standard","5":"has-post-thumbnail","7":"category-politi","8":"tag-camara-de-senadores","9":"tag-desarrollo-humano","10":"tag-senadores"},"yoast_head":"<title>El Ministerio de Desarrollo Humano present\u00f3 su presupuesto 2026 ante la C\u00e1mara de Senadores - Informe Litoral<\/title>\n<meta name=\"robots\" content=\"index, follow, max-snippet:-1, max-image-preview:large, max-video-preview:-1\" \/>\n<link rel=\"canonical\" href=\"https:\/\/informelitoral.com.ar\/el-ministerio-de-desarrollo-humano-presento-su-presupuesto-2026-ante-la-camara-de-senadores\/\" \/>\n<meta property=\"og:locale\" content=\"es_ES\" \/>\n<meta property=\"og:type\" content=\"article\" \/>\n<meta property=\"og:title\" content=\"El Ministerio de Desarrollo Humano present\u00f3 su presupuesto 2026 ante la C\u00e1mara de Senadores - Informe Litoral\" \/>\n<meta property=\"og:description\" content=\"La ministra Ver\u00f3nica Berisso destac\u00f3 que con el incremento del 19 por ciento, refuerza la inversi\u00f3n en pol\u00edticas p\u00fablicas que se orientar\u00e1n a consolidar un Estado que acompa\u00f1a a crecer con equidad y sentido federal.\" \/>\n<meta property=\"og:url\" content=\"https:\/\/informelitoral.com.ar\/el-ministerio-de-desarrollo-humano-presento-su-presupuesto-2026-ante-la-camara-de-senadores\/\" \/>\n<meta property=\"og:site_name\" content=\"Informe Litoral\" \/>\n<meta property=\"article:publisher\" content=\"https:\/\/www.facebook.com\/informelitoral\/\" \/>\n<meta property=\"article:published_time\" content=\"2025-12-04T13:45:15+00:00\" \/>\n<meta property=\"article:modified_time\" content=\"2025-12-05T10:00:15+00:00\" \/>\n<meta property=\"og:image\" content=\"https:\/\/drive.google.com\/thumbnail?id=1tSwPk_WleCV2t4EhwhCV5yxNPzNfPXi_&sz=w2048\" \/>\n\t<meta property=\"og:image:width\" content=\"1600\" \/>\n\t<meta property=\"og:image:height\" content=\"1067\" \/>\n\t<meta property=\"og:image:type\" content=\"image\/jpeg\" \/>\n<meta name=\"author\" content=\"Sebastian\" \/>\n<meta name=\"twitter:card\" content=\"summary_large_image\" \/>\n<meta name=\"twitter:creator\" content=\"@InformeLitoral\" \/>\n<meta name=\"twitter:site\" content=\"@InformeLitoral\" \/>\n<meta name=\"twitter:label1\" content=\"Escrito por\" \/>\n\t<meta name=\"twitter:data1\" content=\"Sebastian\" \/>\n\t<meta name=\"twitter:label2\" content=\"Tiempo de lectura\" \/>\n\t<meta name=\"twitter:data2\" content=\"2 minutos\" \/>\n<script type=\"application\/ld+json\" class=\"yoast-schema-graph\">{\"@context\":\"https:\\\/\\\/schema.org\",\"@graph\":[{\"@type\":\"Article\",\"@id\":\"https:\\\/\\\/informelitoral.com.ar\\\/el-ministerio-de-desarrollo-humano-presento-su-presupuesto-2026-ante-la-camara-de-senadores\\\/#article\",\"isPartOf\":{\"@id\":\"https:\\\/\\\/informelitoral.com.ar\\\/el-ministerio-de-desarrollo-humano-presento-su-presupuesto-2026-ante-la-camara-de-senadores\\\/\"},\"author\":{\"name\":\"Sebastian\",\"@id\":\"https:\\\/\\\/informelitoral.com.ar\\\/#\\\/schema\\\/person\\\/f05f9f461677119578717524b127d6d5\"},\"headline\":\"El Ministerio de Desarrollo Humano present\u00f3 su presupuesto 2026 ante la C\u00e1mara de Senadores\",\"datePublished\":\"2025-12-04T13:45:15+00:00\",\"dateModified\":\"2025-12-05T10:00:15+00:00\",\"mainEntityOfPage\":{\"@id\":\"https:\\\/\\\/informelitoral.com.ar\\\/el-ministerio-de-desarrollo-humano-presento-su-presupuesto-2026-ante-la-camara-de-senadores\\\/\"},\"wordCount\":269,\"commentCount\":0,\"publisher\":{\"@id\":\"https:\\\/\\\/informelitoral.com.ar\\\/#organization\"},\"image\":{\"@id\":\"https:\\\/\\\/informelitoral.com.ar\\\/el-ministerio-de-desarrollo-humano-presento-su-presupuesto-2026-ante-la-camara-de-senadores\\\/#primaryimage\"},\"thumbnailUrl\":\"https:\\\/\\\/drive.google.com\\\/thumbnail?id=1tSwPk_WleCV2t4EhwhCV5yxNPzNfPXi_&sz=w2048\",\"keywords\":[\"Camara de Senadores\",\"Desarrollo humano\",\"Senadores\"],\"articleSection\":[\"Politica\"],\"inLanguage\":\"es\",\"potentialAction\":[{\"@type\":\"CommentAction\",\"name\":\"Comment\",\"target\":[\"https:\\\/\\\/informelitoral.com.ar\\\/el-ministerio-de-desarrollo-humano-presento-su-presupuesto-2026-ante-la-camara-de-senadores\\\/#respond\"]}]},{\"@type\":\"WebPage\",\"@id\":\"https:\\\/\\\/informelitoral.com.ar\\\/el-ministerio-de-desarrollo-humano-presento-su-presupuesto-2026-ante-la-camara-de-senadores\\\/\",\"url\":\"https:\\\/\\\/informelitoral.com.ar\\\/el-ministerio-de-desarrollo-humano-presento-su-presupuesto-2026-ante-la-camara-de-senadores\\\/\",\"name\":\"El Ministerio de Desarrollo Humano present\u00f3 su presupuesto 2026 ante la C\u00e1mara de Senadores - Informe Litoral\",\"isPartOf\":{\"@id\":\"https:\\\/\\\/informelitoral.com.ar\\\/#website\"},\"primaryImageOfPage\":{\"@id\":\"https:\\\/\\\/informelitoral.com.ar\\\/el-ministerio-de-desarrollo-humano-presento-su-presupuesto-2026-ante-la-camara-de-senadores\\\/#primaryimage\"},\"image\":{\"@id\":\"https:\\\/\\\/informelitoral.com.ar\\\/el-ministerio-de-desarrollo-humano-presento-su-presupuesto-2026-ante-la-camara-de-senadores\\\/#primaryimage\"},\"thumbnailUrl\":\"https:\\\/\\\/drive.google.com\\\/thumbnail?id=1tSwPk_WleCV2t4EhwhCV5yxNPzNfPXi_&sz=w2048\",\"datePublished\":\"2025-12-04T13:45:15+00:00\",\"dateModified\":\"2025-12-05T10:00:15+00:00\",\"breadcrumb\":{\"@id\":\"https:\\\/\\\/informelitoral.com.ar\\\/el-ministerio-de-desarrollo-humano-presento-su-presupuesto-2026-ante-la-camara-de-senadores\\\/#breadcrumb\"},\"inLanguage\":\"es\",\"potentialAction\":[{\"@type\":\"ReadAction\",\"target\":[\"https:\\\/\\\/informelitoral.com.ar\\\/el-ministerio-de-desarrollo-humano-presento-su-presupuesto-2026-ante-la-camara-de-senadores\\\/\"]}]},{\"@type\":\"ImageObject\",\"inLanguage\":\"es\",\"@id\":\"https:\\\/\\\/informelitoral.com.ar\\\/el-ministerio-de-desarrollo-humano-presento-su-presupuesto-2026-ante-la-camara-de-senadores\\\/#primaryimage\",\"url\":\"https:\\\/\\\/drive.google.com\\\/thumbnail?id=1tSwPk_WleCV2t4EhwhCV5yxNPzNfPXi_&sz=w2048\",\"contentUrl\":\"https:\\\/\\\/drive.google.com\\\/thumbnail?id=1tSwPk_WleCV2t4EhwhCV5yxNPzNfPXi_&sz=w2048\",\"width\":1600,\"height\":1067},{\"@type\":\"BreadcrumbList\",\"@id\":\"https:\\\/\\\/informelitoral.com.ar\\\/el-ministerio-de-desarrollo-humano-presento-su-presupuesto-2026-ante-la-camara-de-senadores\\\/#breadcrumb\",\"itemListElement\":[{\"@type\":\"ListItem\",\"position\":1,\"name\":\"Portada\",\"item\":\"https:\\\/\\\/informelitoral.com.ar\\\/\"},{\"@type\":\"ListItem\",\"position\":2,\"name\":\"El Ministerio de Desarrollo Humano present\u00f3 su presupuesto 2026 ante la C\u00e1mara de Senadores\"}]},{\"@type\":\"WebSite\",\"@id\":\"https:\\\/\\\/informelitoral.com.ar\\\/#website\",\"url\":\"https:\\\/\\\/informelitoral.com.ar\\\/\",\"name\":\"Informe Litoral\",\"description\":\"&quot;Nos informamos&quot; \",\"publisher\":{\"@id\":\"https:\\\/\\\/informelitoral.com.ar\\\/#organization\"},\"potentialAction\":[{\"@type\":\"SearchAction\",\"target\":{\"@type\":\"EntryPoint\",\"urlTemplate\":\"https:\\\/\\\/informelitoral.com.ar\\\/?s={search_term_string}\"},\"query-input\":{\"@type\":\"PropertyValueSpecification\",\"valueRequired\":true,\"valueName\":\"search_term_string\"}}],\"inLanguage\":\"es\"},{\"@type\":\"Organization\",\"@id\":\"https:\\\/\\\/informelitoral.com.ar\\\/#organization\",\"name\":\"Informe Litoral\",\"url\":\"https:\\\/\\\/informelitoral.com.ar\\\/\",\"logo\":{\"@type\":\"ImageObject\",\"inLanguage\":\"es\",\"@id\":\"https:\\\/\\\/informelitoral.com.ar\\\/#\\\/schema\\\/logo\\\/image\\\/\",\"url\":\"https:\\\/\\\/informelitoral.com.ar\\\/%77%70%2d%63%6f%6e%74%65%6e%74\\\/uploads\\\/2021\\\/01\\\/circulo.png\",\"contentUrl\":\"https:\\\/\\\/informelitoral.com.ar\\\/%77%70%2d%63%6f%6e%74%65%6e%74\\\/uploads\\\/2021\\\/01\\\/circulo.png\",\"width\":723,\"height\":731,\"caption\":\"Informe Litoral\"},\"image\":{\"@id\":\"https:\\\/\\\/informelitoral.com.ar\\\/#\\\/schema\\\/logo\\\/image\\\/\"},\"sameAs\":[\"https:\\\/\\\/www.facebook.com\\\/informelitoral\\\/\",\"https:\\\/\\\/x.com\\\/InformeLitoral\",\"https:\\\/\\\/www.instagram.com\\\/informelitoral\\\/\",\"https:\\\/\\\/www.youtube.com\\\/channel\\\/UCua4Qvz8Icb6MYqhoq9xLXw\"]},{\"@type\":\"Person\",\"@id\":\"https:\\\/\\\/informelitoral.com.ar\\\/#\\\/schema\\\/person\\\/f05f9f461677119578717524b127d6d5\",\"name\":\"Sebastian\",\"image\":{\"@type\":\"ImageObject\",\"inLanguage\":\"es\",\"@id\":\"https:\\\/\\\/secure.gravatar.com\\\/avatar\\\/b71bf7481d447dfb9583c7f2798e7cc64de6efb9067b74633ed8c31059a3bd82?s=96&d=mm&r=g\",\"url\":\"https:\\\/\\\/secure.gravatar.com\\\/avatar\\\/b71bf7481d447dfb9583c7f2798e7cc64de6efb9067b74633ed8c31059a3bd82?s=96&d=mm&r=g\",\"contentUrl\":\"https:\\\/\\\/secure.gravatar.com\\\/avatar\\\/b71bf7481d447dfb9583c7f2798e7cc64de6efb9067b74633ed8c31059a3bd82?s=96&d=mm&r=g\",\"caption\":\"Sebastian\"},\"url\":\"https:\\\/\\\/informelitoral.com.ar\\\/author\\\/sebastian\\\/\"}]}<\/script>","yoast_head_json":{"title":"El Ministerio de Desarrollo Humano present\u00f3 su presupuesto 2026 ante la C\u00e1mara de Senadores - Informe Litoral","robots":{"index":"index","follow":"follow","max-snippet":"max-snippet:-1","max-image-preview":"max-image-preview:large","max-video-preview":"max-video-preview:-1"},"canonical":"https:\/\/informelitoral.com.ar\/el-ministerio-de-desarrollo-humano-presento-su-presupuesto-2026-ante-la-camara-de-senadores\/","og_locale":"es_ES","og_type":"article","og_title":"El Ministerio de Desarrollo Humano present\u00f3 su presupuesto 2026 ante la C\u00e1mara de Senadores - Informe Litoral","og_description":"La ministra Ver\u00f3nica Berisso destac\u00f3 que con el incremento del 19 por ciento, refuerza la inversi\u00f3n en pol\u00edticas p\u00fablicas que se orientar\u00e1n a consolidar un Estado que acompa\u00f1a a crecer con equidad y sentido federal.","og_url":"https:\/\/informelitoral.com.ar\/el-ministerio-de-desarrollo-humano-presento-su-presupuesto-2026-ante-la-camara-de-senadores\/","og_site_name":"Informe Litoral","article_publisher":"https:\/\/www.facebook.com\/informelitoral\/","article_published_time":"2025-12-04T13:45:15+00:00","article_modified_time":"2025-12-05T10:00:15+00:00","og_image":[{"width":1600,"height":1067,"url":"https:\/\/drive.google.com\/thumbnail?id=1tSwPk_WleCV2t4EhwhCV5yxNPzNfPXi_&sz=w2048","type":"image\/jpeg"}],"author":"Sebastian","twitter_card":"summary_large_image","twitter_creator":"@InformeLitoral","twitter_site":"@InformeLitoral","twitter_misc":{"Escrito por":"Sebastian","Tiempo de lectura":"2 minutos"},"schema":{"@context":"https:\/\/schema.org","@graph":[{"@type":"Article","@id":"https:\/\/informelitoral.com.ar\/el-ministerio-de-desarrollo-humano-presento-su-presupuesto-2026-ante-la-camara-de-senadores\/#article","isPartOf":{"@id":"https:\/\/informelitoral.com.ar\/el-ministerio-de-desarrollo-humano-presento-su-presupuesto-2026-ante-la-camara-de-senadores\/"},"author":{"name":"Sebastian","@id":"https:\/\/informelitoral.com.ar\/#\/schema\/person\/f05f9f461677119578717524b127d6d5"},"headline":"El Ministerio de Desarrollo Humano present\u00f3 su presupuesto 2026 ante la C\u00e1mara de Senadores","datePublished":"2025-12-04T13:45:15+00:00","dateModified":"2025-12-05T10:00:15+00:00","mainEntityOfPage":{"@id":"https:\/\/informelitoral.com.ar\/el-ministerio-de-desarrollo-humano-presento-su-presupuesto-2026-ante-la-camara-de-senadores\/"},"wordCount":269,"commentCount":0,"publisher":{"@id":"https:\/\/informelitoral.com.ar\/#organization"},"image":{"@id":"https:\/\/informelitoral.com.ar\/el-ministerio-de-desarrollo-humano-presento-su-presupuesto-2026-ante-la-camara-de-senadores\/#primaryimage"},"thumbnailUrl":"https:\/\/drive.google.com\/thumbnail?id=1tSwPk_WleCV2t4EhwhCV5yxNPzNfPXi_&sz=w2048","keywords":["Camara de Senadores","Desarrollo humano","Senadores"],"articleSection":["Politica"],"inLanguage":"es","potentialAction":[{"@type":"CommentAction","name":"Comment","target":["https:\/\/informelitoral.com.ar\/el-ministerio-de-desarrollo-humano-presento-su-presupuesto-2026-ante-la-camara-de-senadores\/#respond"]}]},{"@type":"WebPage","@id":"https:\/\/informelitoral.com.ar\/el-ministerio-de-desarrollo-humano-presento-su-presupuesto-2026-ante-la-camara-de-senadores\/","url":"https:\/\/informelitoral.com.ar\/el-ministerio-de-desarrollo-humano-presento-su-presupuesto-2026-ante-la-camara-de-senadores\/","name":"El Ministerio de Desarrollo Humano present\u00f3 su presupuesto 2026 ante la C\u00e1mara de Senadores - Informe Litoral","isPartOf":{"@id":"https:\/\/informelitoral.com.ar\/#website"},"primaryImageOfPage":{"@id":"https:\/\/informelitoral.com.ar\/el-ministerio-de-desarrollo-humano-presento-su-presupuesto-2026-ante-la-camara-de-senadores\/#primaryimage"},"image":{"@id":"https:\/\/informelitoral.com.ar\/el-ministerio-de-desarrollo-humano-presento-su-presupuesto-2026-ante-la-camara-de-senadores\/#primaryimage"},"thumbnailUrl":"https:\/\/drive.google.com\/thumbnail?id=1tSwPk_WleCV2t4EhwhCV5yxNPzNfPXi_&sz=w2048","datePublished":"2025-12-04T13:45:15+00:00","dateModified":"2025-12-05T10:00:15+00:00","breadcrumb":{"@id":"https:\/\/informelitoral.com.ar\/el-ministerio-de-desarrollo-humano-presento-su-presupuesto-2026-ante-la-camara-de-senadores\/#breadcrumb"},"inLanguage":"es","potentialAction":[{"@type":"ReadAction","target":["https:\/\/informelitoral.com.ar\/el-ministerio-de-desarrollo-humano-presento-su-presupuesto-2026-ante-la-camara-de-senadores\/"]}]},{"@type":"ImageObject","inLanguage":"es","@id":"https:\/\/informelitoral.com.ar\/el-ministerio-de-desarrollo-humano-presento-su-presupuesto-2026-ante-la-camara-de-senadores\/#primaryimage","url":"https:\/\/drive.google.com\/thumbnail?id=1tSwPk_WleCV2t4EhwhCV5yxNPzNfPXi_&sz=w2048","contentUrl":"https:\/\/drive.google.com\/thumbnail?id=1tSwPk_WleCV2t4EhwhCV5yxNPzNfPXi_&sz=w2048","width":1600,"height":1067},{"@type":"BreadcrumbList","@id":"https:\/\/informelitoral.com.ar\/el-ministerio-de-desarrollo-humano-presento-su-presupuesto-2026-ante-la-camara-de-senadores\/#breadcrumb","itemListElement":[{"@type":"ListItem","position":1,"name":"Portada","item":"https:\/\/informelitoral.com.ar\/"},{"@type":"ListItem","position":2,"name":"El Ministerio de Desarrollo Humano present\u00f3 su presupuesto 2026 ante la C\u00e1mara de Senadores"}]},{"@type":"WebSite","@id":"https:\/\/informelitoral.com.ar\/#website","url":"https:\/\/informelitoral.com.ar\/","name":"Informe Litoral","description":"&quot;Nos informamos&quot; ","publisher":{"@id":"https:\/\/informelitoral.com.ar\/#organization"},"potentialAction":[{"@type":"SearchAction","target":{"@type":"EntryPoint","urlTemplate":"https:\/\/informelitoral.com.ar\/?s={search_term_string}"},"query-input":{"@type":"PropertyValueSpecification","valueRequired":true,"valueName":"search_term_string"}}],"inLanguage":"es"},{"@type":"Organization","@id":"https:\/\/informelitoral.com.ar\/#organization","name":"Informe Litoral","url":"https:\/\/informelitoral.com.ar\/","logo":{"@type":"ImageObject","inLanguage":"es","@id":"https:\/\/informelitoral.com.ar\/#\/schema\/logo\/image\/","url":"https:\/\/informelitoral.com.ar\/%77%70%2d%63%6f%6e%74%65%6e%74\/uploads\/2021\/01\/circulo.png","contentUrl":"https:\/\/informelitoral.com.ar\/%77%70%2d%63%6f%6e%74%65%6e%74\/uploads\/2021\/01\/circulo.png","width":723,"height":731,"caption":"Informe Litoral"},"image":{"@id":"https:\/\/informelitoral.com.ar\/#\/schema\/logo\/image\/"},"sameAs":["https:\/\/www.facebook.com\/informelitoral\/","https:\/\/x.com\/InformeLitoral","https:\/\/www.instagram.com\/informelitoral\/","https:\/\/www.youtube.com\/channel\/UCua4Qvz8Icb6MYqhoq9xLXw"]},{"@type":"Person","@id":"https:\/\/informelitoral.com.ar\/#\/schema\/person\/f05f9f461677119578717524b127d6d5","name":"Sebastian","image":{"@type":"ImageObject","inLanguage":"es","@id":"https:\/\/secure.gravatar.com\/avatar\/b71bf7481d447dfb9583c7f2798e7cc64de6efb9067b74633ed8c31059a3bd82?s=96&d=mm&r=g","url":"https:\/\/secure.gravatar.com\/avatar\/b71bf7481d447dfb9583c7f2798e7cc64de6efb9067b74633ed8c31059a3bd82?s=96&d=mm&r=g","contentUrl":"https:\/\/secure.gravatar.com\/avatar\/b71bf7481d447dfb9583c7f2798e7cc64de6efb9067b74633ed8c31059a3bd82?s=96&d=mm&r=g","caption":"Sebastian"},"url":"https:\/\/informelitoral.com.ar\/author\/sebastian\/"}]}},"_links":{"self":[{"href":"https:\/\/informelitoral.com.ar\/%77%70%2d%6a%73%6f%6e\/wp\/v2\/posts\/242481","targetHints":{"allow":["GET"]}}],"collection":[{"href":"https:\/\/informelitoral.com.ar\/%77%70%2d%6a%73%6f%6e\/wp\/v2\/posts"}],"about":[{"href":"https:\/\/informelitoral.com.ar\/%77%70%2d%6a%73%6f%6e\/wp\/v2\/types\/post"}],"author":[{"embeddable":true,"href":"https:\/\/informelitoral.com.ar\/%77%70%2d%6a%73%6f%6e\/wp\/v2\/users\/8"}],"replies":[{"embeddable":true,"href":"https:\/\/informelitoral.com.ar\/%77%70%2d%6a%73%6f%6e\/wp\/v2\/comments?post=242481"}],"version-history":[{"count":3,"href":"https:\/\/informelitoral.com.ar\/%77%70%2d%6a%73%6f%6e\/wp\/v2\/posts\/242481\/revisions"}],"predecessor-version":[{"id":242558,"href":"https:\/\/informelitoral.com.ar\/%77%70%2d%6a%73%6f%6e\/wp\/v2\/posts\/242481\/revisions\/242558"}],"wp:featuredmedia":[{"embeddable":true,"href":"https:\/\/informelitoral.com.ar\/%77%70%2d%6a%73%6f%6e\/wp\/v2\/media\/242482"}],"wp:attachment":[{"href":"https:\/\/informelitoral.com.ar\/%77%70%2d%6a%73%6f%6e\/wp\/v2\/media?parent=242481"}],"wp:term":[{"taxonomy":"category","embeddable":true,"href":"https:\/\/informelitoral.com.ar\/%77%70%2d%6a%73%6f%6e\/wp\/v2\/categories?post=242481"},{"taxonomy":"post_tag","embeddable":true,"href":"https:\/\/informelitoral.com.ar\/%77%70%2d%6a%73%6f%6e\/wp\/v2\/tags?post=242481"}],"curies":[{"name":"wp","href":"https:\/\/api.w.org\/{rel}","templated":true}]}}