{"id":242474,"date":"2025-12-04T10:32:49","date_gmt":"2025-12-04T13:32:49","guid":{"rendered":"https:\/\/informelitoral.com.ar\/?p=242474"},"modified":"2025-12-04T10:39:35","modified_gmt":"2025-12-04T13:39:35","slug":"reforma-previsional-estos-son-los-cambios-que-se-vienen-en-jubilaciones-y-pensiones","status":"publish","type":"post","link":"https:\/\/informelitoral.com.ar\/reforma-previsional-estos-son-los-cambios-que-se-vienen-en-jubilaciones-y-pensiones\/","title":{"rendered":"Reforma previsional: estos son los cambios que se vienen en jubilaciones y pensiones"},"content":{"rendered":"<p>La propuesta que analiza el ministro de Econom\u00eda, Luis Caputo, plantea una reforma integral del sistema previsional que abarca la jubilaci\u00f3n por vejez, las pensiones por viudez, la edad de retiro y los reg\u00edmenes especiales y cajas profesionales. El proyecto, que contempla la eliminaci\u00f3n de estos esquemas diferenciales, tambi\u00e9n introduce cambios en las pensiones por fallecimiento, entre ellos una limitaci\u00f3n temporal para c\u00f3nyuges j\u00f3venes y una revisi\u00f3n general de estos beneficios.<\/p>\n<h2><b>Pensiones por viudez<\/b><\/h2>\n<p>Para las pensiones por fallecimiento, la reforma previsional\u00a0<b>plantear\u00eda<\/b>\u00a0la limitaci\u00f3n temporal de los beneficios para c\u00f3nyuges j\u00f3venes y\u00a0<b>propondr\u00eda<\/b>\u00a0la revisi\u00f3n del haber para pensionados que ya cobran una jubilaci\u00f3n.<\/p>\n<p><img decoding=\"async\" src=\"https:\/\/fotos.perfil.com\/2025\/06\/29\/trim\/987\/555\/jubilados-2052025.jpg\" alt=\"Cu\u00e1nto cobrar\u00e1n los jubilados con el aumento aprobado por el Senado | Perfil\" \/><\/p>\n<p>Los cambios\u00a0<b>se enfocar\u00edan<\/b>\u00a0en la elegibilidad, duraci\u00f3n y c\u00e1lculo de haberes jubilatorios:<\/p>\n<p><b>Elegibilidad universal:\u00a0<\/b>Se\u00a0<b>reemplazar\u00eda<\/b>\u00a0el esquema que exige regularidad en los aportes de los trabajadores activos por un modelo de acceso universal.<\/p>\n<p><b>Duraci\u00f3n limitada:\u00a0<\/b>La duraci\u00f3n del beneficio para c\u00f3nyuges j\u00f3venes\u00a0<b>dejar\u00eda<\/b>\u00a0de ser vitalicia.\u00a0<b>Tendr\u00eda<\/b>\u00a0un l\u00edmite temporal vinculado a la edad del sobreviviente (por ejemplo, dos a\u00f1os para menores de 30 a\u00f1os).<\/p>\n<p><b>Haberes para jubilados y pensionados:\u00a0<\/b>Si el c\u00f3nyuge pensionado tambi\u00e9n fuera beneficiario de una jubilaci\u00f3n, la regla sugerida\u00a0<b>ser\u00eda<\/b>\u00a0que solo la Prestaci\u00f3n Proporcional del fallecido\u00a0<b>genere<\/b>\u00a0pensi\u00f3n, manteni\u00e9ndose el cobro de una sola Prestaci\u00f3n B\u00e1sica.<\/p>\n<h2><b>C\u00f3mo se calcular\u00eda el haber inicial<\/b><\/h2>\n<p>La reforma\u00a0<b>propondr\u00eda<\/b>\u00a0un esquema compuesto por Prestaci\u00f3n B\u00e1sica (PB) + Prestaci\u00f3n Proporcional (PP),\u00a0<b>eliminando<\/b>\u00a0el requisito de 30 a\u00f1os de aportes para que el acceso al sistema sea universal.<a href=\"https:\/\/informelitoral.com.ar\/%77%70%2d%63%6f%6e%74%65%6e%74\/uploads\/2022\/03\/billetes_862x485.jpg\"><img loading=\"lazy\" decoding=\"async\" class=\"size-full wp-image-73274 aligncenter\" src=\"https:\/\/informelitoral.com.ar\/%77%70%2d%63%6f%6e%74%65%6e%74\/uploads\/2022\/03\/billetes_862x485.jpg\" alt=\"\" width=\"862\" height=\"485\" srcset=\"https:\/\/informelitoral.com.ar\/%77%70%2d%63%6f%6e%74%65%6e%74\/uploads\/2022\/03\/billetes_862x485.jpg 862w, https:\/\/informelitoral.com.ar\/%77%70%2d%63%6f%6e%74%65%6e%74\/uploads\/2022\/03\/billetes_862x485-300x169.jpg 300w, https:\/\/informelitoral.com.ar\/%77%70%2d%63%6f%6e%74%65%6e%74\/uploads\/2022\/03\/billetes_862x485-768x432.jpg 768w, https:\/\/informelitoral.com.ar\/%77%70%2d%63%6f%6e%74%65%6e%74\/uploads\/2022\/03\/billetes_862x485-696x392.jpg 696w, https:\/\/informelitoral.com.ar\/%77%70%2d%63%6f%6e%74%65%6e%74\/uploads\/2022\/03\/billetes_862x485-746x420.jpg 746w\" sizes=\"auto, (max-width: 862px) 100vw, 862px\" \/><\/a><\/p>\n<p><b>Prestaci\u00f3n B\u00e1sica (PB):\u00a0<\/b>Se\u00a0<b>definir\u00eda<\/b>\u00a0con el valor vigente de la Pensi\u00f3n Universal para el Adulto Mayor (PUAM). En marzo de 2025, ese monto\u00a0<b>era<\/b>\u00a0de $223.297. Actuar\u00eda como el nuevo valor m\u00ednimo, reemplazando la figura del haber m\u00ednimo actual.<\/p>\n<p><b>Prestaci\u00f3n Proporcional (PP):\u00a0<\/b>Se\u00a0<b>calcular\u00eda<\/b>\u00a0sobre la base de la historia completa de aportes \u2014incluyendo trabajadores en relaci\u00f3n de dependencia, monotributistas y aut\u00f3nomos\u2014 mediante un c\u00e1lculo actuarial. Esta metodolog\u00eda\u00a0<b>sustituir\u00eda<\/b>\u00a0la f\u00f3rmula que utiliza el promedio actualizado de salarios de los \u00faltimos diez a\u00f1os.<\/p>\n<h2><b>Cu\u00e1l ser\u00eda la nueva edad de retiro<\/b><\/h2>\n<p>La propuesta\u00a0<b>incluir\u00eda<\/b>\u00a0dos cambios graduales respecto de la edad m\u00ednima:\u00a0<b>Equiparaci\u00f3n de g\u00e9nero:\u00a0<\/b>Se\u00a0<b>plantear\u00eda<\/b>\u00a0un aumento gradual de la edad m\u00ednima de retiro de las mujeres de 60 a 65 a\u00f1os, equipar\u00e1ndola con la de los varones. La transici\u00f3n\u00a0<b>se implementar\u00eda<\/b>\u00a0elevando la edad seis meses por a\u00f1o durante una d\u00e9cada. Seg\u00fan el documento, la brecha actual no\u00a0<b>tendr\u00eda<\/b>\u00a0fundamentos en criterios de salud o capacidad laboral.<\/p>\n<p><b>Actualizaci\u00f3n por expectativa de vida:\u00a0<\/b>Se\u00a0<b>establecer\u00eda<\/b>\u00a0un aumento de un mes por a\u00f1o para toda la poblaci\u00f3n, acompa\u00f1ando la evoluci\u00f3n de la expectativa de vida.<\/p>\n<p>Adem\u00e1s, el c\u00e1lculo actuarial de la Prestaci\u00f3n Proporcional\u00a0<b>generar\u00eda<\/b>\u00a0un incentivo para extender la vida laboral m\u00e1s all\u00e1 de la edad m\u00ednima, dado que el haber\u00a0<b>aumentar\u00eda<\/b>\u00a0en funci\u00f3n de la expectativa de vida restante al momento de jubilarse.<\/p>\n<h2><b>Qu\u00e9 pasar\u00eda con las jubilaciones y pensiones por invalidez<\/b><\/h2>\n<p>Se\u00a0<b>propondr\u00eda<\/b>\u00a0unificar los esquemas de protecci\u00f3n por invalidez, absorbiendo en el r\u00e9gimen contributivo a las pensiones no contributivas por esa condici\u00f3n.<\/p>\n<p>Las reglas del esquema contributivo \u2014que requieren evaluaci\u00f3n de una comisi\u00f3n m\u00e9dica basada en un Baremo\u2014\u00a0<b>se aplicar\u00edan<\/b>\u00a0a la totalidad de los casos, con el objetivo de lograr mayor transparencia y equidad.<\/p>\n<p>En cuanto al c\u00e1lculo del haber, se\u00a0<b>buscar\u00eda<\/b>\u00a0replicar el esquema de los beneficios por vejez (PB + PP), estimando el monto que el beneficiario\u00a0<b>habr\u00eda alcanzado<\/b>\u00a0si hubiera llegado a la edad de retiro.<i>\u00a0(IProfesional)<\/i><\/p>\n<h6><em><strong>Del archivo:\u00a0<a href=\"https:\/\/informelitoral.com.ar\/las-prepagas-comenzaron-a-informar-los-nuevos-aumentos-para-las-cuotas-de-diciembre\/\" target=\"_blank\" rel=\"noopener\">Las prepagas comenzaron a informar los nuevos aumentos para las cuotas de diciembre<\/a><\/strong><\/em><\/h6>\n","protected":false},"excerpt":{"rendered":"<p>La propuesta del Ministro Caputo incluye la eliminaci\u00f3n de reg\u00edmenes especiales, el aumento de la edad de retiro para mujeres y la limitaci\u00f3n temporal de pensiones por viudez.<\/p>\n","protected":false},"author":8,"featured_media":242477,"comment_status":"open","ping_status":"open","sticky":false,"template":"","format":"standard","meta":{"fifu_image_url":"https:\/\/entremediosweb.com\/wp-content\/uploads\/2025\/12\/reforma-previsional-generica-valida-1200-.webp","fifu_image_alt":"","footnotes":""},"categories":[9],"tags":[5076,6267],"class_list":{"0":"post-242474","1":"post","2":"type-post","3":"status-publish","4":"format-standard","5":"has-post-thumbnail","7":"category-sociedad","8":"tag-cambios","9":"tag-reforma-previsional"},"yoast_head":"<title>Reforma previsional: estos son los cambios que se vienen en jubilaciones y pensiones - Informe Litoral<\/title>\n<meta name=\"robots\" content=\"index, follow, max-snippet:-1, max-image-preview:large, max-video-preview:-1\" \/>\n<link rel=\"canonical\" href=\"https:\/\/informelitoral.com.ar\/reforma-previsional-estos-son-los-cambios-que-se-vienen-en-jubilaciones-y-pensiones\/\" \/>\n<meta property=\"og:locale\" content=\"es_ES\" \/>\n<meta property=\"og:type\" content=\"article\" \/>\n<meta property=\"og:title\" content=\"Reforma previsional: estos son los cambios que se vienen en jubilaciones y pensiones - Informe Litoral\" \/>\n<meta property=\"og:description\" content=\"La propuesta del Ministro Caputo incluye la eliminaci\u00f3n de reg\u00edmenes especiales, el aumento de la edad de retiro para mujeres y la limitaci\u00f3n temporal de pensiones por viudez.\" \/>\n<meta property=\"og:url\" content=\"https:\/\/informelitoral.com.ar\/reforma-previsional-estos-son-los-cambios-que-se-vienen-en-jubilaciones-y-pensiones\/\" \/>\n<meta property=\"og:site_name\" content=\"Informe Litoral\" \/>\n<meta property=\"article:publisher\" content=\"https:\/\/www.facebook.com\/informelitoral\/\" \/>\n<meta property=\"article:published_time\" content=\"2025-12-04T13:32:49+00:00\" \/>\n<meta property=\"article:modified_time\" content=\"2025-12-04T13:39:35+00:00\" \/>\n<meta property=\"og:image\" content=\"https:\/\/entremediosweb.com\/%77%70%2d%63%6f%6e%74%65%6e%74\/uploads\/2025\/12\/reforma-previsional-generica-valida-1200-.webp\" \/>\n<meta name=\"author\" content=\"Sebastian\" \/>\n<meta name=\"twitter:card\" content=\"summary_large_image\" \/>\n<meta name=\"twitter:image\" content=\"https:\/\/entremediosweb.com\/%77%70%2d%63%6f%6e%74%65%6e%74\/uploads\/2025\/12\/reforma-previsional-generica-valida-1200-.webp\" \/>\n<meta name=\"twitter:creator\" content=\"@InformeLitoral\" \/>\n<meta name=\"twitter:site\" content=\"@InformeLitoral\" \/>\n<meta name=\"twitter:label1\" content=\"Escrito por\" \/>\n\t<meta name=\"twitter:data1\" content=\"Sebastian\" \/>\n\t<meta name=\"twitter:label2\" content=\"Tiempo de lectura\" \/>\n\t<meta name=\"twitter:data2\" content=\"4 minutos\" \/>\n<script type=\"application\/ld+json\" class=\"yoast-schema-graph\">{\"@context\":\"https:\\\/\\\/schema.org\",\"@graph\":[{\"@type\":\"Article\",\"@id\":\"https:\\\/\\\/informelitoral.com.ar\\\/reforma-previsional-estos-son-los-cambios-que-se-vienen-en-jubilaciones-y-pensiones\\\/#article\",\"isPartOf\":{\"@id\":\"https:\\\/\\\/informelitoral.com.ar\\\/reforma-previsional-estos-son-los-cambios-que-se-vienen-en-jubilaciones-y-pensiones\\\/\"},\"author\":{\"name\":\"Sebastian\",\"@id\":\"https:\\\/\\\/informelitoral.com.ar\\\/#\\\/schema\\\/person\\\/f05f9f461677119578717524b127d6d5\"},\"headline\":\"Reforma previsional: estos son los cambios que se vienen en jubilaciones y pensiones\",\"datePublished\":\"2025-12-04T13:32:49+00:00\",\"dateModified\":\"2025-12-04T13:39:35+00:00\",\"mainEntityOfPage\":{\"@id\":\"https:\\\/\\\/informelitoral.com.ar\\\/reforma-previsional-estos-son-los-cambios-que-se-vienen-en-jubilaciones-y-pensiones\\\/\"},\"wordCount\":692,\"commentCount\":0,\"publisher\":{\"@id\":\"https:\\\/\\\/informelitoral.com.ar\\\/#organization\"},\"image\":{\"@id\":\"https:\\\/\\\/informelitoral.com.ar\\\/reforma-previsional-estos-son-los-cambios-que-se-vienen-en-jubilaciones-y-pensiones\\\/#primaryimage\"},\"thumbnailUrl\":\"https:\\\/\\\/entremediosweb.com\\\/%77%70%2d%63%6f%6e%74%65%6e%74\\\/uploads\\\/2025\\\/12\\\/reforma-previsional-generica-valida-1200-.webp\",\"keywords\":[\"Cambios\",\"Reforma Previsional\"],\"articleSection\":[\"Sociedad\"],\"inLanguage\":\"es\",\"potentialAction\":[{\"@type\":\"CommentAction\",\"name\":\"Comment\",\"target\":[\"https:\\\/\\\/informelitoral.com.ar\\\/reforma-previsional-estos-son-los-cambios-que-se-vienen-en-jubilaciones-y-pensiones\\\/#respond\"]}]},{\"@type\":\"WebPage\",\"@id\":\"https:\\\/\\\/informelitoral.com.ar\\\/reforma-previsional-estos-son-los-cambios-que-se-vienen-en-jubilaciones-y-pensiones\\\/\",\"url\":\"https:\\\/\\\/informelitoral.com.ar\\\/reforma-previsional-estos-son-los-cambios-que-se-vienen-en-jubilaciones-y-pensiones\\\/\",\"name\":\"Reforma previsional: estos son los cambios que se vienen en jubilaciones y pensiones - Informe Litoral\",\"isPartOf\":{\"@id\":\"https:\\\/\\\/informelitoral.com.ar\\\/#website\"},\"primaryImageOfPage\":{\"@id\":\"https:\\\/\\\/informelitoral.com.ar\\\/reforma-previsional-estos-son-los-cambios-que-se-vienen-en-jubilaciones-y-pensiones\\\/#primaryimage\"},\"image\":{\"@id\":\"https:\\\/\\\/informelitoral.com.ar\\\/reforma-previsional-estos-son-los-cambios-que-se-vienen-en-jubilaciones-y-pensiones\\\/#primaryimage\"},\"thumbnailUrl\":\"https:\\\/\\\/entremediosweb.com\\\/%77%70%2d%63%6f%6e%74%65%6e%74\\\/uploads\\\/2025\\\/12\\\/reforma-previsional-generica-valida-1200-.webp\",\"datePublished\":\"2025-12-04T13:32:49+00:00\",\"dateModified\":\"2025-12-04T13:39:35+00:00\",\"breadcrumb\":{\"@id\":\"https:\\\/\\\/informelitoral.com.ar\\\/reforma-previsional-estos-son-los-cambios-que-se-vienen-en-jubilaciones-y-pensiones\\\/#breadcrumb\"},\"inLanguage\":\"es\",\"potentialAction\":[{\"@type\":\"ReadAction\",\"target\":[\"https:\\\/\\\/informelitoral.com.ar\\\/reforma-previsional-estos-son-los-cambios-que-se-vienen-en-jubilaciones-y-pensiones\\\/\"]}]},{\"@type\":\"ImageObject\",\"inLanguage\":\"es\",\"@id\":\"https:\\\/\\\/informelitoral.com.ar\\\/reforma-previsional-estos-son-los-cambios-que-se-vienen-en-jubilaciones-y-pensiones\\\/#primaryimage\",\"url\":\"https:\\\/\\\/entremediosweb.com\\\/%77%70%2d%63%6f%6e%74%65%6e%74\\\/uploads\\\/2025\\\/12\\\/reforma-previsional-generica-valida-1200-.webp\",\"contentUrl\":\"https:\\\/\\\/entremediosweb.com\\\/%77%70%2d%63%6f%6e%74%65%6e%74\\\/uploads\\\/2025\\\/12\\\/reforma-previsional-generica-valida-1200-.webp\",\"width\":\"770\",\"height\":\"435\"},{\"@type\":\"BreadcrumbList\",\"@id\":\"https:\\\/\\\/informelitoral.com.ar\\\/reforma-previsional-estos-son-los-cambios-que-se-vienen-en-jubilaciones-y-pensiones\\\/#breadcrumb\",\"itemListElement\":[{\"@type\":\"ListItem\",\"position\":1,\"name\":\"Portada\",\"item\":\"https:\\\/\\\/informelitoral.com.ar\\\/\"},{\"@type\":\"ListItem\",\"position\":2,\"name\":\"Reforma previsional: estos son los cambios que se vienen en jubilaciones y pensiones\"}]},{\"@type\":\"WebSite\",\"@id\":\"https:\\\/\\\/informelitoral.com.ar\\\/#website\",\"url\":\"https:\\\/\\\/informelitoral.com.ar\\\/\",\"name\":\"Informe Litoral\",\"description\":\"&quot;Nos informamos&quot; \",\"publisher\":{\"@id\":\"https:\\\/\\\/informelitoral.com.ar\\\/#organization\"},\"potentialAction\":[{\"@type\":\"SearchAction\",\"target\":{\"@type\":\"EntryPoint\",\"urlTemplate\":\"https:\\\/\\\/informelitoral.com.ar\\\/?s={search_term_string}\"},\"query-input\":{\"@type\":\"PropertyValueSpecification\",\"valueRequired\":true,\"valueName\":\"search_term_string\"}}],\"inLanguage\":\"es\"},{\"@type\":\"Organization\",\"@id\":\"https:\\\/\\\/informelitoral.com.ar\\\/#organization\",\"name\":\"Informe Litoral\",\"url\":\"https:\\\/\\\/informelitoral.com.ar\\\/\",\"logo\":{\"@type\":\"ImageObject\",\"inLanguage\":\"es\",\"@id\":\"https:\\\/\\\/informelitoral.com.ar\\\/#\\\/schema\\\/logo\\\/image\\\/\",\"url\":\"https:\\\/\\\/informelitoral.com.ar\\\/%77%70%2d%63%6f%6e%74%65%6e%74\\\/uploads\\\/2021\\\/01\\\/circulo.png\",\"contentUrl\":\"https:\\\/\\\/informelitoral.com.ar\\\/%77%70%2d%63%6f%6e%74%65%6e%74\\\/uploads\\\/2021\\\/01\\\/circulo.png\",\"width\":723,\"height\":731,\"caption\":\"Informe Litoral\"},\"image\":{\"@id\":\"https:\\\/\\\/informelitoral.com.ar\\\/#\\\/schema\\\/logo\\\/image\\\/\"},\"sameAs\":[\"https:\\\/\\\/www.facebook.com\\\/informelitoral\\\/\",\"https:\\\/\\\/x.com\\\/InformeLitoral\",\"https:\\\/\\\/www.instagram.com\\\/informelitoral\\\/\",\"https:\\\/\\\/www.youtube.com\\\/channel\\\/UCua4Qvz8Icb6MYqhoq9xLXw\"]},{\"@type\":\"Person\",\"@id\":\"https:\\\/\\\/informelitoral.com.ar\\\/#\\\/schema\\\/person\\\/f05f9f461677119578717524b127d6d5\",\"name\":\"Sebastian\",\"image\":{\"@type\":\"ImageObject\",\"inLanguage\":\"es\",\"@id\":\"https:\\\/\\\/secure.gravatar.com\\\/avatar\\\/b71bf7481d447dfb9583c7f2798e7cc64de6efb9067b74633ed8c31059a3bd82?s=96&d=mm&r=g\",\"url\":\"https:\\\/\\\/secure.gravatar.com\\\/avatar\\\/b71bf7481d447dfb9583c7f2798e7cc64de6efb9067b74633ed8c31059a3bd82?s=96&d=mm&r=g\",\"contentUrl\":\"https:\\\/\\\/secure.gravatar.com\\\/avatar\\\/b71bf7481d447dfb9583c7f2798e7cc64de6efb9067b74633ed8c31059a3bd82?s=96&d=mm&r=g\",\"caption\":\"Sebastian\"},\"url\":\"https:\\\/\\\/informelitoral.com.ar\\\/author\\\/sebastian\\\/\"}]}<\/script>","yoast_head_json":{"title":"Reforma previsional: estos son los cambios que se vienen en jubilaciones y pensiones - Informe Litoral","robots":{"index":"index","follow":"follow","max-snippet":"max-snippet:-1","max-image-preview":"max-image-preview:large","max-video-preview":"max-video-preview:-1"},"canonical":"https:\/\/informelitoral.com.ar\/reforma-previsional-estos-son-los-cambios-que-se-vienen-en-jubilaciones-y-pensiones\/","og_locale":"es_ES","og_type":"article","og_title":"Reforma previsional: estos son los cambios que se vienen en jubilaciones y pensiones - Informe Litoral","og_description":"La propuesta del Ministro Caputo incluye la eliminaci\u00f3n de reg\u00edmenes especiales, el aumento de la edad de retiro para mujeres y la limitaci\u00f3n temporal de pensiones por viudez.","og_url":"https:\/\/informelitoral.com.ar\/reforma-previsional-estos-son-los-cambios-que-se-vienen-en-jubilaciones-y-pensiones\/","og_site_name":"Informe Litoral","article_publisher":"https:\/\/www.facebook.com\/informelitoral\/","article_published_time":"2025-12-04T13:32:49+00:00","article_modified_time":"2025-12-04T13:39:35+00:00","og_image":[{"url":"https:\/\/entremediosweb.com\/wp-content\/uploads\/2025\/12\/reforma-previsional-generica-valida-1200-.webp","type":"","width":"","height":""}],"author":"Sebastian","twitter_card":"summary_large_image","twitter_image":"https:\/\/entremediosweb.com\/wp-content\/uploads\/2025\/12\/reforma-previsional-generica-valida-1200-.webp","twitter_creator":"@InformeLitoral","twitter_site":"@InformeLitoral","twitter_misc":{"Escrito por":"Sebastian","Tiempo de lectura":"4 minutos"},"schema":{"@context":"https:\/\/schema.org","@graph":[{"@type":"Article","@id":"https:\/\/informelitoral.com.ar\/reforma-previsional-estos-son-los-cambios-que-se-vienen-en-jubilaciones-y-pensiones\/#article","isPartOf":{"@id":"https:\/\/informelitoral.com.ar\/reforma-previsional-estos-son-los-cambios-que-se-vienen-en-jubilaciones-y-pensiones\/"},"author":{"name":"Sebastian","@id":"https:\/\/informelitoral.com.ar\/#\/schema\/person\/f05f9f461677119578717524b127d6d5"},"headline":"Reforma previsional: estos son los cambios que se vienen en jubilaciones y pensiones","datePublished":"2025-12-04T13:32:49+00:00","dateModified":"2025-12-04T13:39:35+00:00","mainEntityOfPage":{"@id":"https:\/\/informelitoral.com.ar\/reforma-previsional-estos-son-los-cambios-que-se-vienen-en-jubilaciones-y-pensiones\/"},"wordCount":692,"commentCount":0,"publisher":{"@id":"https:\/\/informelitoral.com.ar\/#organization"},"image":{"@id":"https:\/\/informelitoral.com.ar\/reforma-previsional-estos-son-los-cambios-que-se-vienen-en-jubilaciones-y-pensiones\/#primaryimage"},"thumbnailUrl":"https:\/\/entremediosweb.com\/%77%70%2d%63%6f%6e%74%65%6e%74\/uploads\/2025\/12\/reforma-previsional-generica-valida-1200-.webp","keywords":["Cambios","Reforma Previsional"],"articleSection":["Sociedad"],"inLanguage":"es","potentialAction":[{"@type":"CommentAction","name":"Comment","target":["https:\/\/informelitoral.com.ar\/reforma-previsional-estos-son-los-cambios-que-se-vienen-en-jubilaciones-y-pensiones\/#respond"]}]},{"@type":"WebPage","@id":"https:\/\/informelitoral.com.ar\/reforma-previsional-estos-son-los-cambios-que-se-vienen-en-jubilaciones-y-pensiones\/","url":"https:\/\/informelitoral.com.ar\/reforma-previsional-estos-son-los-cambios-que-se-vienen-en-jubilaciones-y-pensiones\/","name":"Reforma previsional: estos son los cambios que se vienen en jubilaciones y pensiones - Informe Litoral","isPartOf":{"@id":"https:\/\/informelitoral.com.ar\/#website"},"primaryImageOfPage":{"@id":"https:\/\/informelitoral.com.ar\/reforma-previsional-estos-son-los-cambios-que-se-vienen-en-jubilaciones-y-pensiones\/#primaryimage"},"image":{"@id":"https:\/\/informelitoral.com.ar\/reforma-previsional-estos-son-los-cambios-que-se-vienen-en-jubilaciones-y-pensiones\/#primaryimage"},"thumbnailUrl":"https:\/\/entremediosweb.com\/%77%70%2d%63%6f%6e%74%65%6e%74\/uploads\/2025\/12\/reforma-previsional-generica-valida-1200-.webp","datePublished":"2025-12-04T13:32:49+00:00","dateModified":"2025-12-04T13:39:35+00:00","breadcrumb":{"@id":"https:\/\/informelitoral.com.ar\/reforma-previsional-estos-son-los-cambios-que-se-vienen-en-jubilaciones-y-pensiones\/#breadcrumb"},"inLanguage":"es","potentialAction":[{"@type":"ReadAction","target":["https:\/\/informelitoral.com.ar\/reforma-previsional-estos-son-los-cambios-que-se-vienen-en-jubilaciones-y-pensiones\/"]}]},{"@type":"ImageObject","inLanguage":"es","@id":"https:\/\/informelitoral.com.ar\/reforma-previsional-estos-son-los-cambios-que-se-vienen-en-jubilaciones-y-pensiones\/#primaryimage","url":"https:\/\/entremediosweb.com\/%77%70%2d%63%6f%6e%74%65%6e%74\/uploads\/2025\/12\/reforma-previsional-generica-valida-1200-.webp","contentUrl":"https:\/\/entremediosweb.com\/%77%70%2d%63%6f%6e%74%65%6e%74\/uploads\/2025\/12\/reforma-previsional-generica-valida-1200-.webp","width":"770","height":"435"},{"@type":"BreadcrumbList","@id":"https:\/\/informelitoral.com.ar\/reforma-previsional-estos-son-los-cambios-que-se-vienen-en-jubilaciones-y-pensiones\/#breadcrumb","itemListElement":[{"@type":"ListItem","position":1,"name":"Portada","item":"https:\/\/informelitoral.com.ar\/"},{"@type":"ListItem","position":2,"name":"Reforma previsional: estos son los cambios que se vienen en jubilaciones y pensiones"}]},{"@type":"WebSite","@id":"https:\/\/informelitoral.com.ar\/#website","url":"https:\/\/informelitoral.com.ar\/","name":"Informe Litoral","description":"&quot;Nos informamos&quot; ","publisher":{"@id":"https:\/\/informelitoral.com.ar\/#organization"},"potentialAction":[{"@type":"SearchAction","target":{"@type":"EntryPoint","urlTemplate":"https:\/\/informelitoral.com.ar\/?s={search_term_string}"},"query-input":{"@type":"PropertyValueSpecification","valueRequired":true,"valueName":"search_term_string"}}],"inLanguage":"es"},{"@type":"Organization","@id":"https:\/\/informelitoral.com.ar\/#organization","name":"Informe Litoral","url":"https:\/\/informelitoral.com.ar\/","logo":{"@type":"ImageObject","inLanguage":"es","@id":"https:\/\/informelitoral.com.ar\/#\/schema\/logo\/image\/","url":"https:\/\/informelitoral.com.ar\/%77%70%2d%63%6f%6e%74%65%6e%74\/uploads\/2021\/01\/circulo.png","contentUrl":"https:\/\/informelitoral.com.ar\/%77%70%2d%63%6f%6e%74%65%6e%74\/uploads\/2021\/01\/circulo.png","width":723,"height":731,"caption":"Informe Litoral"},"image":{"@id":"https:\/\/informelitoral.com.ar\/#\/schema\/logo\/image\/"},"sameAs":["https:\/\/www.facebook.com\/informelitoral\/","https:\/\/x.com\/InformeLitoral","https:\/\/www.instagram.com\/informelitoral\/","https:\/\/www.youtube.com\/channel\/UCua4Qvz8Icb6MYqhoq9xLXw"]},{"@type":"Person","@id":"https:\/\/informelitoral.com.ar\/#\/schema\/person\/f05f9f461677119578717524b127d6d5","name":"Sebastian","image":{"@type":"ImageObject","inLanguage":"es","@id":"https:\/\/secure.gravatar.com\/avatar\/b71bf7481d447dfb9583c7f2798e7cc64de6efb9067b74633ed8c31059a3bd82?s=96&d=mm&r=g","url":"https:\/\/secure.gravatar.com\/avatar\/b71bf7481d447dfb9583c7f2798e7cc64de6efb9067b74633ed8c31059a3bd82?s=96&d=mm&r=g","contentUrl":"https:\/\/secure.gravatar.com\/avatar\/b71bf7481d447dfb9583c7f2798e7cc64de6efb9067b74633ed8c31059a3bd82?s=96&d=mm&r=g","caption":"Sebastian"},"url":"https:\/\/informelitoral.com.ar\/author\/sebastian\/"}]}},"fifu_image_url":"https:\/\/entremediosweb.com\/wp-content\/uploads\/2025\/12\/reforma-previsional-generica-valida-1200-.webp","_links":{"self":[{"href":"https:\/\/informelitoral.com.ar\/%77%70%2d%6a%73%6f%6e\/wp\/v2\/posts\/242474","targetHints":{"allow":["GET"]}}],"collection":[{"href":"https:\/\/informelitoral.com.ar\/%77%70%2d%6a%73%6f%6e\/wp\/v2\/posts"}],"about":[{"href":"https:\/\/informelitoral.com.ar\/%77%70%2d%6a%73%6f%6e\/wp\/v2\/types\/post"}],"author":[{"embeddable":true,"href":"https:\/\/informelitoral.com.ar\/%77%70%2d%6a%73%6f%6e\/wp\/v2\/users\/8"}],"replies":[{"embeddable":true,"href":"https:\/\/informelitoral.com.ar\/%77%70%2d%6a%73%6f%6e\/wp\/v2\/comments?post=242474"}],"version-history":[{"count":4,"href":"https:\/\/informelitoral.com.ar\/%77%70%2d%6a%73%6f%6e\/wp\/v2\/posts\/242474\/revisions"}],"predecessor-version":[{"id":242479,"href":"https:\/\/informelitoral.com.ar\/%77%70%2d%6a%73%6f%6e\/wp\/v2\/posts\/242474\/revisions\/242479"}],"wp:featuredmedia":[{"embeddable":true,"href":"https:\/\/informelitoral.com.ar\/%77%70%2d%6a%73%6f%6e\/wp\/v2\/media\/242477"}],"wp:attachment":[{"href":"https:\/\/informelitoral.com.ar\/%77%70%2d%6a%73%6f%6e\/wp\/v2\/media?parent=242474"}],"wp:term":[{"taxonomy":"category","embeddable":true,"href":"https:\/\/informelitoral.com.ar\/%77%70%2d%6a%73%6f%6e\/wp\/v2\/categories?post=242474"},{"taxonomy":"post_tag","embeddable":true,"href":"https:\/\/informelitoral.com.ar\/%77%70%2d%6a%73%6f%6e\/wp\/v2\/tags?post=242474"}],"curies":[{"name":"wp","href":"https:\/\/api.w.org\/{rel}","templated":true}]}}