{"id":242444,"date":"2025-12-04T08:52:01","date_gmt":"2025-12-04T11:52:01","guid":{"rendered":"https:\/\/informelitoral.com.ar\/?p=242444"},"modified":"2025-12-04T08:53:48","modified_gmt":"2025-12-04T11:53:48","slug":"anses-ultima-oportunidad-para-cobrar-la-ayuda-escolar-de-85-000","status":"publish","type":"post","link":"https:\/\/informelitoral.com.ar\/anses-ultima-oportunidad-para-cobrar-la-ayuda-escolar-de-85-000\/","title":{"rendered":"Anses: \u00faltima oportunidad para cobrar la Ayuda Escolar de $85.000"},"content":{"rendered":"<p>La\u00a0<b>Ayuda Escolar ANSES<\/b>\u00a0se mantiene como uno de los beneficios clave para acompa\u00f1ar a las familias en el inicio del ciclo lectivo. Para diciembre de 2025, el organismo ratific\u00f3 un pago unificado de $85.000 por hijo, destinado a titulares de la Asignaci\u00f3n Universal por Hijo (AUH) y de la Asignaci\u00f3n Familiar por Hijo. Este apoyo econ\u00f3mico alcanza a ni\u00f1os y adolescentes desde los 45 d\u00edas de vida hasta los 18 a\u00f1os, mientras que en el caso de hijos con discapacidad no existe l\u00edmite de edad, siempre que asistan a establecimientos educativos oficiales o reciban apoyo pedag\u00f3gico certificado.<\/p>\n<p><a href=\"https:\/\/informelitoral.com.ar\/%77%70%2d%63%6f%6e%74%65%6e%74\/uploads\/2021\/02\/utiles-escolares-D_NQ_NP_618645-MLA26592978111_012018-F.jpg\"><img loading=\"lazy\" decoding=\"async\" class=\"alignnone size-full wp-image-56858\" src=\"https:\/\/informelitoral.com.ar\/%77%70%2d%63%6f%6e%74%65%6e%74\/uploads\/2021\/02\/utiles-escolares-D_NQ_NP_618645-MLA26592978111_012018-F.jpg\" alt=\"\" width=\"800\" height=\"460\" srcset=\"https:\/\/informelitoral.com.ar\/%77%70%2d%63%6f%6e%74%65%6e%74\/uploads\/2021\/02\/utiles-escolares-D_NQ_NP_618645-MLA26592978111_012018-F.jpg 800w, https:\/\/informelitoral.com.ar\/%77%70%2d%63%6f%6e%74%65%6e%74\/uploads\/2021\/02\/utiles-escolares-D_NQ_NP_618645-MLA26592978111_012018-F-300x173.jpg 300w, https:\/\/informelitoral.com.ar\/%77%70%2d%63%6f%6e%74%65%6e%74\/uploads\/2021\/02\/utiles-escolares-D_NQ_NP_618645-MLA26592978111_012018-F-768x442.jpg 768w, https:\/\/informelitoral.com.ar\/%77%70%2d%63%6f%6e%74%65%6e%74\/uploads\/2021\/02\/utiles-escolares-D_NQ_NP_618645-MLA26592978111_012018-F-696x400.jpg 696w, https:\/\/informelitoral.com.ar\/%77%70%2d%63%6f%6e%74%65%6e%74\/uploads\/2021\/02\/utiles-escolares-D_NQ_NP_618645-MLA26592978111_012018-F-730x420.jpg 730w\" sizes=\"auto, (max-width: 800px) 100vw, 800px\" \/><\/a><\/p>\n<p>A diferencia de otras prestaciones que tuvieron actualizaciones durante el a\u00f1o, la Ayuda Escolar mantiene los valores definidos en marzo de 2025, sumando el refuerzo extraordinario dispuesto por el Gobierno para garantizar un monto igual en todas las provincias.<\/p>\n<p>Desde ANSES recordaron que el pago puede recibirse tanto por hijos que ya cobraron el beneficio a principios del a\u00f1o como por quienes presenten el certificado antes del cierre del plazo.<\/p>\n<h3><b>Montos base, refuerzo y valores por zona<\/b><\/h3>\n<p>El monto de $85.000 surge de la combinaci\u00f3n entre los valores base establecidos por la Resoluci\u00f3n ANSES 297\/25 y el refuerzo otorgado por el Decreto 63\/25. Los importes son los siguientes:<\/p>\n<p><b>Valores base de la Ayuda Escolar:<\/b><\/p>\n<p>Valor general: $42.039<\/p>\n<p>Zona 1 (La Pampa, R\u00edo Negro, Neuqu\u00e9n y partes de Mendoza, Salta y Formosa): $56.075<\/p>\n<p>Zona 2 (Chubut): $70.135<\/p>\n<p>Zona 3 (Catamarca, Jujuy y Salta en zonas mineras o de baja densidad): $83.797<\/p>\n<p>Zona 4 (Santa Cruz y Tierra del Fuego): $83.797<\/p>\n<p><b>Refuerzo extraordinario:<\/b><\/p>\n<p>Valor general: $41.961<\/p>\n<p>Zona 1: $28.925<\/p>\n<p>Zona 2: $14.865<\/p>\n<p>Zona 3: $1.203<\/p>\n<p>Zona 4: $1.023<\/p>\n<p>De esta manera, todas las regiones del pa\u00eds alcanzan el monto final unificado de $85.000 por menor.<\/p>\n<h3><b>C\u00f3mo tramitar la Ayuda Escolar y plazos vigentes<\/b><\/h3>\n<p>Para acceder al beneficio, es obligatorio presentar el certificado escolar emitido por la instituci\u00f3n educativa. El tr\u00e1mite puede realizarse mediante la web o la app Mi ANSES, siguiendo estos pasos:<\/p>\n<p>Ingresar a Mi ANSES con CUIL y Clave de la Seguridad Social.<\/p>\n<p>Acceder a la secci\u00f3n \u201cHijos\u201d y seleccionar \u201cPresentar Certificado Escolar\u201d.<\/p>\n<p>Generar el formulario para cada alumno, imprimirlo y llevarlo al establecimiento educativo.<\/p>\n<p>Volver a Mi ANSES y subir el certificado firmado y sellado.<\/p>\n<p>Una vez cargado el formulario, el organismo demora entre 60 y 90 d\u00edas en acreditar el pago.<\/p>\n<p>El plazo para presentar el certificado vence el\u00a0<b>31 de diciembre de 2025<\/b>, por lo que quienes completen el tr\u00e1mite en los primeros d\u00edas del mes pueden recibir el beneficio antes de fin de a\u00f1o o en los primeros meses de 2026.<\/p>\n<h6><em><strong>Del archivo:\u00a0<a href=\"https:\/\/informelitoral.com.ar\/confirmado-anses-pagara-un-bono-de-100-000-en-noviembre\/\" target=\"_blank\" rel=\"noopener\">Confirmado: ANSES pagar\u00e1 un bono de $100.000 en noviembre<\/a><\/strong><\/em><\/h6>\n","protected":false},"excerpt":{"rendered":"<p>El organismo previsional ratific\u00f3 el monto unificado por hijo y el plazo final para presentar el certificado escolar vence el 31 de diciembre.<\/p>\n","protected":false},"author":8,"featured_media":242447,"comment_status":"open","ping_status":"open","sticky":false,"template":"","format":"standard","meta":{"fifu_image_url":"https:\/\/elonce-media.elonce.com\/fotos\/2025\/10\/20\/e_1760984943_41476.webp","fifu_image_alt":"","footnotes":""},"categories":[1594],"tags":[4647,2767],"class_list":{"0":"post-242444","1":"post","2":"type-post","3":"status-publish","4":"format-standard","5":"has-post-thumbnail","7":"category-economia","8":"tag-ayuda-escolar","9":"tag-cobros"},"yoast_head":"<title>Anses: \u00faltima oportunidad para cobrar la Ayuda Escolar de $85.000 - Informe Litoral<\/title>\n<meta name=\"robots\" content=\"index, follow, max-snippet:-1, max-image-preview:large, max-video-preview:-1\" \/>\n<link rel=\"canonical\" href=\"https:\/\/informelitoral.com.ar\/anses-ultima-oportunidad-para-cobrar-la-ayuda-escolar-de-85-000\/\" \/>\n<meta property=\"og:locale\" content=\"es_ES\" \/>\n<meta property=\"og:type\" content=\"article\" \/>\n<meta property=\"og:title\" content=\"Anses: \u00faltima oportunidad para cobrar la Ayuda Escolar de $85.000 - Informe Litoral\" \/>\n<meta property=\"og:description\" content=\"El organismo previsional ratific\u00f3 el monto unificado por hijo y el plazo final para presentar el certificado escolar vence el 31 de diciembre.\" \/>\n<meta property=\"og:url\" content=\"https:\/\/informelitoral.com.ar\/anses-ultima-oportunidad-para-cobrar-la-ayuda-escolar-de-85-000\/\" \/>\n<meta property=\"og:site_name\" content=\"Informe Litoral\" \/>\n<meta property=\"article:publisher\" content=\"https:\/\/www.facebook.com\/informelitoral\/\" \/>\n<meta property=\"article:published_time\" content=\"2025-12-04T11:52:01+00:00\" \/>\n<meta property=\"article:modified_time\" content=\"2025-12-04T11:53:48+00:00\" \/>\n<meta property=\"og:image\" content=\"https:\/\/elonce-media.elonce.com\/fotos\/2025\/10\/20\/e_1760984943_41476.webp\" \/>\n<meta name=\"author\" content=\"Sebastian\" \/>\n<meta name=\"twitter:card\" content=\"summary_large_image\" \/>\n<meta name=\"twitter:image\" content=\"https:\/\/elonce-media.elonce.com\/fotos\/2025\/10\/20\/e_1760984943_41476.webp\" \/>\n<meta name=\"twitter:creator\" content=\"@InformeLitoral\" \/>\n<meta name=\"twitter:site\" content=\"@InformeLitoral\" \/>\n<meta name=\"twitter:label1\" content=\"Escrito por\" \/>\n\t<meta name=\"twitter:data1\" content=\"Sebastian\" \/>\n\t<meta name=\"twitter:label2\" content=\"Tiempo de lectura\" \/>\n\t<meta name=\"twitter:data2\" content=\"3 minutos\" \/>\n<script type=\"application\/ld+json\" class=\"yoast-schema-graph\">{\"@context\":\"https:\\\/\\\/schema.org\",\"@graph\":[{\"@type\":\"Article\",\"@id\":\"https:\\\/\\\/informelitoral.com.ar\\\/anses-ultima-oportunidad-para-cobrar-la-ayuda-escolar-de-85-000\\\/#article\",\"isPartOf\":{\"@id\":\"https:\\\/\\\/informelitoral.com.ar\\\/anses-ultima-oportunidad-para-cobrar-la-ayuda-escolar-de-85-000\\\/\"},\"author\":{\"name\":\"Sebastian\",\"@id\":\"https:\\\/\\\/informelitoral.com.ar\\\/#\\\/schema\\\/person\\\/f05f9f461677119578717524b127d6d5\"},\"headline\":\"Anses: \u00faltima oportunidad para cobrar la Ayuda Escolar de $85.000\",\"datePublished\":\"2025-12-04T11:52:01+00:00\",\"dateModified\":\"2025-12-04T11:53:48+00:00\",\"mainEntityOfPage\":{\"@id\":\"https:\\\/\\\/informelitoral.com.ar\\\/anses-ultima-oportunidad-para-cobrar-la-ayuda-escolar-de-85-000\\\/\"},\"wordCount\":444,\"commentCount\":0,\"publisher\":{\"@id\":\"https:\\\/\\\/informelitoral.com.ar\\\/#organization\"},\"image\":{\"@id\":\"https:\\\/\\\/informelitoral.com.ar\\\/anses-ultima-oportunidad-para-cobrar-la-ayuda-escolar-de-85-000\\\/#primaryimage\"},\"thumbnailUrl\":\"https:\\\/\\\/elonce-media.elonce.com\\\/fotos\\\/2025\\\/10\\\/20\\\/e_1760984943_41476.webp\",\"keywords\":[\"Ayuda escolar\",\"Cobros\"],\"articleSection\":[\"Econom\u00eda\"],\"inLanguage\":\"es\",\"potentialAction\":[{\"@type\":\"CommentAction\",\"name\":\"Comment\",\"target\":[\"https:\\\/\\\/informelitoral.com.ar\\\/anses-ultima-oportunidad-para-cobrar-la-ayuda-escolar-de-85-000\\\/#respond\"]}]},{\"@type\":\"WebPage\",\"@id\":\"https:\\\/\\\/informelitoral.com.ar\\\/anses-ultima-oportunidad-para-cobrar-la-ayuda-escolar-de-85-000\\\/\",\"url\":\"https:\\\/\\\/informelitoral.com.ar\\\/anses-ultima-oportunidad-para-cobrar-la-ayuda-escolar-de-85-000\\\/\",\"name\":\"Anses: \u00faltima oportunidad para cobrar la Ayuda Escolar de $85.000 - Informe Litoral\",\"isPartOf\":{\"@id\":\"https:\\\/\\\/informelitoral.com.ar\\\/#website\"},\"primaryImageOfPage\":{\"@id\":\"https:\\\/\\\/informelitoral.com.ar\\\/anses-ultima-oportunidad-para-cobrar-la-ayuda-escolar-de-85-000\\\/#primaryimage\"},\"image\":{\"@id\":\"https:\\\/\\\/informelitoral.com.ar\\\/anses-ultima-oportunidad-para-cobrar-la-ayuda-escolar-de-85-000\\\/#primaryimage\"},\"thumbnailUrl\":\"https:\\\/\\\/elonce-media.elonce.com\\\/fotos\\\/2025\\\/10\\\/20\\\/e_1760984943_41476.webp\",\"datePublished\":\"2025-12-04T11:52:01+00:00\",\"dateModified\":\"2025-12-04T11:53:48+00:00\",\"breadcrumb\":{\"@id\":\"https:\\\/\\\/informelitoral.com.ar\\\/anses-ultima-oportunidad-para-cobrar-la-ayuda-escolar-de-85-000\\\/#breadcrumb\"},\"inLanguage\":\"es\",\"potentialAction\":[{\"@type\":\"ReadAction\",\"target\":[\"https:\\\/\\\/informelitoral.com.ar\\\/anses-ultima-oportunidad-para-cobrar-la-ayuda-escolar-de-85-000\\\/\"]}]},{\"@type\":\"ImageObject\",\"inLanguage\":\"es\",\"@id\":\"https:\\\/\\\/informelitoral.com.ar\\\/anses-ultima-oportunidad-para-cobrar-la-ayuda-escolar-de-85-000\\\/#primaryimage\",\"url\":\"https:\\\/\\\/elonce-media.elonce.com\\\/fotos\\\/2025\\\/10\\\/20\\\/e_1760984943_41476.webp\",\"contentUrl\":\"https:\\\/\\\/elonce-media.elonce.com\\\/fotos\\\/2025\\\/10\\\/20\\\/e_1760984943_41476.webp\",\"width\":\"900\",\"height\":\"600\"},{\"@type\":\"BreadcrumbList\",\"@id\":\"https:\\\/\\\/informelitoral.com.ar\\\/anses-ultima-oportunidad-para-cobrar-la-ayuda-escolar-de-85-000\\\/#breadcrumb\",\"itemListElement\":[{\"@type\":\"ListItem\",\"position\":1,\"name\":\"Portada\",\"item\":\"https:\\\/\\\/informelitoral.com.ar\\\/\"},{\"@type\":\"ListItem\",\"position\":2,\"name\":\"Anses: \u00faltima oportunidad para cobrar la Ayuda Escolar de $85.000\"}]},{\"@type\":\"WebSite\",\"@id\":\"https:\\\/\\\/informelitoral.com.ar\\\/#website\",\"url\":\"https:\\\/\\\/informelitoral.com.ar\\\/\",\"name\":\"Informe Litoral\",\"description\":\"&quot;Nos informamos&quot; \",\"publisher\":{\"@id\":\"https:\\\/\\\/informelitoral.com.ar\\\/#organization\"},\"potentialAction\":[{\"@type\":\"SearchAction\",\"target\":{\"@type\":\"EntryPoint\",\"urlTemplate\":\"https:\\\/\\\/informelitoral.com.ar\\\/?s={search_term_string}\"},\"query-input\":{\"@type\":\"PropertyValueSpecification\",\"valueRequired\":true,\"valueName\":\"search_term_string\"}}],\"inLanguage\":\"es\"},{\"@type\":\"Organization\",\"@id\":\"https:\\\/\\\/informelitoral.com.ar\\\/#organization\",\"name\":\"Informe Litoral\",\"url\":\"https:\\\/\\\/informelitoral.com.ar\\\/\",\"logo\":{\"@type\":\"ImageObject\",\"inLanguage\":\"es\",\"@id\":\"https:\\\/\\\/informelitoral.com.ar\\\/#\\\/schema\\\/logo\\\/image\\\/\",\"url\":\"https:\\\/\\\/informelitoral.com.ar\\\/%77%70%2d%63%6f%6e%74%65%6e%74\\\/uploads\\\/2021\\\/01\\\/circulo.png\",\"contentUrl\":\"https:\\\/\\\/informelitoral.com.ar\\\/%77%70%2d%63%6f%6e%74%65%6e%74\\\/uploads\\\/2021\\\/01\\\/circulo.png\",\"width\":723,\"height\":731,\"caption\":\"Informe Litoral\"},\"image\":{\"@id\":\"https:\\\/\\\/informelitoral.com.ar\\\/#\\\/schema\\\/logo\\\/image\\\/\"},\"sameAs\":[\"https:\\\/\\\/www.facebook.com\\\/informelitoral\\\/\",\"https:\\\/\\\/x.com\\\/InformeLitoral\",\"https:\\\/\\\/www.instagram.com\\\/informelitoral\\\/\",\"https:\\\/\\\/www.youtube.com\\\/channel\\\/UCua4Qvz8Icb6MYqhoq9xLXw\"]},{\"@type\":\"Person\",\"@id\":\"https:\\\/\\\/informelitoral.com.ar\\\/#\\\/schema\\\/person\\\/f05f9f461677119578717524b127d6d5\",\"name\":\"Sebastian\",\"image\":{\"@type\":\"ImageObject\",\"inLanguage\":\"es\",\"@id\":\"https:\\\/\\\/secure.gravatar.com\\\/avatar\\\/b71bf7481d447dfb9583c7f2798e7cc64de6efb9067b74633ed8c31059a3bd82?s=96&d=mm&r=g\",\"url\":\"https:\\\/\\\/secure.gravatar.com\\\/avatar\\\/b71bf7481d447dfb9583c7f2798e7cc64de6efb9067b74633ed8c31059a3bd82?s=96&d=mm&r=g\",\"contentUrl\":\"https:\\\/\\\/secure.gravatar.com\\\/avatar\\\/b71bf7481d447dfb9583c7f2798e7cc64de6efb9067b74633ed8c31059a3bd82?s=96&d=mm&r=g\",\"caption\":\"Sebastian\"},\"url\":\"https:\\\/\\\/informelitoral.com.ar\\\/author\\\/sebastian\\\/\"}]}<\/script>","yoast_head_json":{"title":"Anses: \u00faltima oportunidad para cobrar la Ayuda Escolar de $85.000 - Informe Litoral","robots":{"index":"index","follow":"follow","max-snippet":"max-snippet:-1","max-image-preview":"max-image-preview:large","max-video-preview":"max-video-preview:-1"},"canonical":"https:\/\/informelitoral.com.ar\/anses-ultima-oportunidad-para-cobrar-la-ayuda-escolar-de-85-000\/","og_locale":"es_ES","og_type":"article","og_title":"Anses: \u00faltima oportunidad para cobrar la Ayuda Escolar de $85.000 - Informe Litoral","og_description":"El organismo previsional ratific\u00f3 el monto unificado por hijo y el plazo final para presentar el certificado escolar vence el 31 de diciembre.","og_url":"https:\/\/informelitoral.com.ar\/anses-ultima-oportunidad-para-cobrar-la-ayuda-escolar-de-85-000\/","og_site_name":"Informe Litoral","article_publisher":"https:\/\/www.facebook.com\/informelitoral\/","article_published_time":"2025-12-04T11:52:01+00:00","article_modified_time":"2025-12-04T11:53:48+00:00","og_image":[{"url":"https:\/\/elonce-media.elonce.com\/fotos\/2025\/10\/20\/e_1760984943_41476.webp","type":"","width":"","height":""}],"author":"Sebastian","twitter_card":"summary_large_image","twitter_image":"https:\/\/elonce-media.elonce.com\/fotos\/2025\/10\/20\/e_1760984943_41476.webp","twitter_creator":"@InformeLitoral","twitter_site":"@InformeLitoral","twitter_misc":{"Escrito por":"Sebastian","Tiempo de lectura":"3 minutos"},"schema":{"@context":"https:\/\/schema.org","@graph":[{"@type":"Article","@id":"https:\/\/informelitoral.com.ar\/anses-ultima-oportunidad-para-cobrar-la-ayuda-escolar-de-85-000\/#article","isPartOf":{"@id":"https:\/\/informelitoral.com.ar\/anses-ultima-oportunidad-para-cobrar-la-ayuda-escolar-de-85-000\/"},"author":{"name":"Sebastian","@id":"https:\/\/informelitoral.com.ar\/#\/schema\/person\/f05f9f461677119578717524b127d6d5"},"headline":"Anses: \u00faltima oportunidad para cobrar la Ayuda Escolar de $85.000","datePublished":"2025-12-04T11:52:01+00:00","dateModified":"2025-12-04T11:53:48+00:00","mainEntityOfPage":{"@id":"https:\/\/informelitoral.com.ar\/anses-ultima-oportunidad-para-cobrar-la-ayuda-escolar-de-85-000\/"},"wordCount":444,"commentCount":0,"publisher":{"@id":"https:\/\/informelitoral.com.ar\/#organization"},"image":{"@id":"https:\/\/informelitoral.com.ar\/anses-ultima-oportunidad-para-cobrar-la-ayuda-escolar-de-85-000\/#primaryimage"},"thumbnailUrl":"https:\/\/elonce-media.elonce.com\/fotos\/2025\/10\/20\/e_1760984943_41476.webp","keywords":["Ayuda escolar","Cobros"],"articleSection":["Econom\u00eda"],"inLanguage":"es","potentialAction":[{"@type":"CommentAction","name":"Comment","target":["https:\/\/informelitoral.com.ar\/anses-ultima-oportunidad-para-cobrar-la-ayuda-escolar-de-85-000\/#respond"]}]},{"@type":"WebPage","@id":"https:\/\/informelitoral.com.ar\/anses-ultima-oportunidad-para-cobrar-la-ayuda-escolar-de-85-000\/","url":"https:\/\/informelitoral.com.ar\/anses-ultima-oportunidad-para-cobrar-la-ayuda-escolar-de-85-000\/","name":"Anses: \u00faltima oportunidad para cobrar la Ayuda Escolar de $85.000 - Informe Litoral","isPartOf":{"@id":"https:\/\/informelitoral.com.ar\/#website"},"primaryImageOfPage":{"@id":"https:\/\/informelitoral.com.ar\/anses-ultima-oportunidad-para-cobrar-la-ayuda-escolar-de-85-000\/#primaryimage"},"image":{"@id":"https:\/\/informelitoral.com.ar\/anses-ultima-oportunidad-para-cobrar-la-ayuda-escolar-de-85-000\/#primaryimage"},"thumbnailUrl":"https:\/\/elonce-media.elonce.com\/fotos\/2025\/10\/20\/e_1760984943_41476.webp","datePublished":"2025-12-04T11:52:01+00:00","dateModified":"2025-12-04T11:53:48+00:00","breadcrumb":{"@id":"https:\/\/informelitoral.com.ar\/anses-ultima-oportunidad-para-cobrar-la-ayuda-escolar-de-85-000\/#breadcrumb"},"inLanguage":"es","potentialAction":[{"@type":"ReadAction","target":["https:\/\/informelitoral.com.ar\/anses-ultima-oportunidad-para-cobrar-la-ayuda-escolar-de-85-000\/"]}]},{"@type":"ImageObject","inLanguage":"es","@id":"https:\/\/informelitoral.com.ar\/anses-ultima-oportunidad-para-cobrar-la-ayuda-escolar-de-85-000\/#primaryimage","url":"https:\/\/elonce-media.elonce.com\/fotos\/2025\/10\/20\/e_1760984943_41476.webp","contentUrl":"https:\/\/elonce-media.elonce.com\/fotos\/2025\/10\/20\/e_1760984943_41476.webp","width":"900","height":"600"},{"@type":"BreadcrumbList","@id":"https:\/\/informelitoral.com.ar\/anses-ultima-oportunidad-para-cobrar-la-ayuda-escolar-de-85-000\/#breadcrumb","itemListElement":[{"@type":"ListItem","position":1,"name":"Portada","item":"https:\/\/informelitoral.com.ar\/"},{"@type":"ListItem","position":2,"name":"Anses: \u00faltima oportunidad para cobrar la Ayuda Escolar de $85.000"}]},{"@type":"WebSite","@id":"https:\/\/informelitoral.com.ar\/#website","url":"https:\/\/informelitoral.com.ar\/","name":"Informe Litoral","description":"&quot;Nos informamos&quot; ","publisher":{"@id":"https:\/\/informelitoral.com.ar\/#organization"},"potentialAction":[{"@type":"SearchAction","target":{"@type":"EntryPoint","urlTemplate":"https:\/\/informelitoral.com.ar\/?s={search_term_string}"},"query-input":{"@type":"PropertyValueSpecification","valueRequired":true,"valueName":"search_term_string"}}],"inLanguage":"es"},{"@type":"Organization","@id":"https:\/\/informelitoral.com.ar\/#organization","name":"Informe Litoral","url":"https:\/\/informelitoral.com.ar\/","logo":{"@type":"ImageObject","inLanguage":"es","@id":"https:\/\/informelitoral.com.ar\/#\/schema\/logo\/image\/","url":"https:\/\/informelitoral.com.ar\/%77%70%2d%63%6f%6e%74%65%6e%74\/uploads\/2021\/01\/circulo.png","contentUrl":"https:\/\/informelitoral.com.ar\/%77%70%2d%63%6f%6e%74%65%6e%74\/uploads\/2021\/01\/circulo.png","width":723,"height":731,"caption":"Informe Litoral"},"image":{"@id":"https:\/\/informelitoral.com.ar\/#\/schema\/logo\/image\/"},"sameAs":["https:\/\/www.facebook.com\/informelitoral\/","https:\/\/x.com\/InformeLitoral","https:\/\/www.instagram.com\/informelitoral\/","https:\/\/www.youtube.com\/channel\/UCua4Qvz8Icb6MYqhoq9xLXw"]},{"@type":"Person","@id":"https:\/\/informelitoral.com.ar\/#\/schema\/person\/f05f9f461677119578717524b127d6d5","name":"Sebastian","image":{"@type":"ImageObject","inLanguage":"es","@id":"https:\/\/secure.gravatar.com\/avatar\/b71bf7481d447dfb9583c7f2798e7cc64de6efb9067b74633ed8c31059a3bd82?s=96&d=mm&r=g","url":"https:\/\/secure.gravatar.com\/avatar\/b71bf7481d447dfb9583c7f2798e7cc64de6efb9067b74633ed8c31059a3bd82?s=96&d=mm&r=g","contentUrl":"https:\/\/secure.gravatar.com\/avatar\/b71bf7481d447dfb9583c7f2798e7cc64de6efb9067b74633ed8c31059a3bd82?s=96&d=mm&r=g","caption":"Sebastian"},"url":"https:\/\/informelitoral.com.ar\/author\/sebastian\/"}]}},"fifu_image_url":"https:\/\/elonce-media.elonce.com\/fotos\/2025\/10\/20\/e_1760984943_41476.webp","_links":{"self":[{"href":"https:\/\/informelitoral.com.ar\/%77%70%2d%6a%73%6f%6e\/wp\/v2\/posts\/242444","targetHints":{"allow":["GET"]}}],"collection":[{"href":"https:\/\/informelitoral.com.ar\/%77%70%2d%6a%73%6f%6e\/wp\/v2\/posts"}],"about":[{"href":"https:\/\/informelitoral.com.ar\/%77%70%2d%6a%73%6f%6e\/wp\/v2\/types\/post"}],"author":[{"embeddable":true,"href":"https:\/\/informelitoral.com.ar\/%77%70%2d%6a%73%6f%6e\/wp\/v2\/users\/8"}],"replies":[{"embeddable":true,"href":"https:\/\/informelitoral.com.ar\/%77%70%2d%6a%73%6f%6e\/wp\/v2\/comments?post=242444"}],"version-history":[{"count":3,"href":"https:\/\/informelitoral.com.ar\/%77%70%2d%6a%73%6f%6e\/wp\/v2\/posts\/242444\/revisions"}],"predecessor-version":[{"id":242448,"href":"https:\/\/informelitoral.com.ar\/%77%70%2d%6a%73%6f%6e\/wp\/v2\/posts\/242444\/revisions\/242448"}],"wp:featuredmedia":[{"embeddable":true,"href":"https:\/\/informelitoral.com.ar\/%77%70%2d%6a%73%6f%6e\/wp\/v2\/media\/242447"}],"wp:attachment":[{"href":"https:\/\/informelitoral.com.ar\/%77%70%2d%6a%73%6f%6e\/wp\/v2\/media?parent=242444"}],"wp:term":[{"taxonomy":"category","embeddable":true,"href":"https:\/\/informelitoral.com.ar\/%77%70%2d%6a%73%6f%6e\/wp\/v2\/categories?post=242444"},{"taxonomy":"post_tag","embeddable":true,"href":"https:\/\/informelitoral.com.ar\/%77%70%2d%6a%73%6f%6e\/wp\/v2\/tags?post=242444"}],"curies":[{"name":"wp","href":"https:\/\/api.w.org\/{rel}","templated":true}]}}