{"id":24244,"date":"2017-12-20T07:45:17","date_gmt":"2017-12-20T10:45:17","guid":{"rendered":"http:\/\/www.isletasnoticias.com.ar\/?p=24244"},"modified":"2017-12-20T07:45:17","modified_gmt":"2017-12-20T10:45:17","slug":"quieren-que-los-hospitales-entrerrianos-tambien-atiendan-durante-la-tarde","status":"publish","type":"post","link":"https:\/\/informelitoral.com.ar\/quieren-que-los-hospitales-entrerrianos-tambien-atiendan-durante-la-tarde\/","title":{"rendered":"Quieren que los hospitales entrerrianos tambi\u00e9n atiendan durante la tarde"},"content":{"rendered":"<div class=\"post-right\">\n<p class=\"post-excerpt\"><strong>Lo expres\u00f3 la ministra de Salud, <em>Sonia Vel\u00e1zquez<\/em>, al referirse al funcionamiento de los 65 hospitales y 318 centros de salud. \u201cEn funci\u00f3n de las demandas m\u00e1s recurrentes y prevalentes queremos organizar este sistema a fin de que tambi\u00e9n nuestros hospitales puedan brindar atenci\u00f3n vespertina\u201d, asegur\u00f3 la funcionaria.<a href=\"http:\/\/www.isletasnoticias.com.ar\/%77%70%2d%63%6f%6e%74%65%6e%74\/uploads\/2017\/12\/sonia-velazquez-gustavo-bordet.jpg\"><img loading=\"lazy\" decoding=\"async\" class=\"aligncenter wp-image-24245 size-full\" src=\"http:\/\/www.isletasnoticias.com.ar\/%77%70%2d%63%6f%6e%74%65%6e%74\/uploads\/2017\/12\/sonia-velazquez-gustavo-bordet.jpg\" alt=\"\" width=\"642\" height=\"361\" srcset=\"https:\/\/informelitoral.com.ar\/%77%70%2d%63%6f%6e%74%65%6e%74\/uploads\/2017\/12\/sonia-velazquez-gustavo-bordet.jpg 642w, https:\/\/informelitoral.com.ar\/%77%70%2d%63%6f%6e%74%65%6e%74\/uploads\/2017\/12\/sonia-velazquez-gustavo-bordet-300x169.jpg 300w\" sizes=\"auto, (max-width: 642px) 100vw, 642px\" \/><\/a><\/strong><\/p>\n<\/div>\n<div class=\"post-body-inner\">\n<div class=\"cont-interior-cuerpo\">\n<div id=\"main\" class=\"column\">\n<div id=\"main-squeeze\">\n<div id=\"content\" role=\"main\">\n<div id=\"content-content\">\n<div class=\"post-interior\">\n<div class=\"cont-nota\">\n<article class=\"cont-cuerpo confoto\">\n<section class=\"texto\">\u201cEn funci\u00f3n de las demandas m\u00e1s recurrentes y prevalentes queremos organizar este sistema a fin de que tambi\u00e9n nuestros hospitales<strong>\u00a0puedan brindar atenci\u00f3n vespertina; organizar y fortalecer la atenci\u00f3n orientada hacia consultas por patolog\u00edas de bajo riesgo y dejar la atenci\u00f3n de mayor complejidad hospitalaria a los servicios m\u00e1s cr\u00edticos\u201d<\/strong>, expres\u00f3 la ministra de Salud,\u00a0<strong>Sonia Vel\u00e1zquez,<\/strong>\u00a0al referirse al funcionamiento de los<strong>\u00a065 hospitales y 318 centros de salud<\/strong>\u00a0que funcionan en la provincia.\u201dPara Salud\u00a0<strong>es una funci\u00f3n indelegable dar respuestas a la poblaci\u00f3n que no tiene ninguna cobertura de seguridad social<\/strong>\u00a0\u2013se encuentran nominalizados m\u00e1s de 318 mil entrerrianos\u2013 en una poblaci\u00f3n de casi 1 mill\u00f3n 300 mil habitantes. En este sentido la estructura sanitaria trabaja desde el nivel central con los 65 hospitales y 318 centros de salud (municipales y provinciales) as\u00ed como los programas con distintas dependencias\u201d, se\u00f1al\u00f3.En ese aspecto la ministra enfatiz\u00f3 la importancia de saber \u201cqui\u00e9nes son y d\u00f3nde est\u00e1n los sujetos de derecho que no tienen ninguna cobertura de seguridad social para trabajar con responsabilidad sanitaria\u201d y como dato saliente referenci\u00f3 que \u201cel sistema sanitario de salud p\u00fablica atiende entre el 37% y 42% de poblaci\u00f3n que tiene cobertura PAMI\u201d.<\/p>\n<p>En este camino, Vel\u00e1zquez manifest\u00f3: \u201cNo dejamos de tener en cuenta el otro componente que tiene que ver con el sector privado que cubre las obras sociales, cl\u00ednicas o sanatorios que tienen que conformar la red integrada de servicios\u201d.<\/p>\n<p><b>Recursos humanos y administrativos<\/b><\/p>\n<p><strong>Ordenar el componente de recursos humanos y administrativo as\u00ed como el trabajo intersectorial y la organizaci\u00f3n del sistema de salud<\/strong>\u00a0por complejidad creciente, son los principales ejes en los que se trabaja en materia de Salud. As\u00ed lo manifest\u00f3 la ministra Sonia Vel\u00e1zquez quien ratific\u00f3, por otro lado, que<strong>\u00a0se ejecut\u00f3 el 98% del presupuesto.<\/strong><\/p>\n<p>A seis meses de haber asumido la gesti\u00f3n del Ministerio de Salud, Vel\u00e1zquez efectu\u00f3 un balance de los principales ejes sanitarios en funci\u00f3n de los lineamientos planteados por el gobernador Gustavo Bordet.<\/p>\n<p>En ese sentido, mencion\u00f3 que por resoluci\u00f3n Ministerial,\u00a0<strong>se conformaron y constituyeron en hospitales de Santa Elena, Col\u00f3n, Federaci\u00f3n y Paran\u00e1 comisiones normalizadoras<\/strong>\u00a0con el objetivo de mejorar y actualizar los procesos administrativos para lograr un mejoramiento que se traduzca hacia la atenci\u00f3n de los pacientes.<\/p>\n<p>Calific\u00f3 como muy productivo lo realizado en funci\u00f3n de las acciones sanitarias sobre el ordenamiento de recursos y la gesti\u00f3n administrativa ya que se ejecut\u00f3 cerca del 98% del presupuesto 2017 en la adquisici\u00f3n de equipamiento, transferencia de partidas presupuestarias, insumos y, naturalmente, salarios.<\/p>\n<p>Concretamente, desde el an\u00e1lisis de los indicadores sanitarios, la titular de la cartera de salud expuso \u201cun balance favorable desde el punto de vista tanto epidemiol\u00f3gico como de hechos vitales: natalidad, morbilidad y mortalidad materno infantil\u201d. En este sentido, la ministra referenci\u00f3 que\u00a0<strong>se trabaja en \u201cordenar la provincia en un corredor sanitario que tenga que ver con redes que trabajen por capacidad resolutiva y complejidad creciente seg\u00fan los niveles de atenci\u00f3n existentes\u201d.<\/strong><\/p>\n<p>Entre los\u00a0<strong>avances y fortalezas<\/strong>, Vel\u00e1zquez enumer\u00f3 diversas gestiones y acciones concretadas. Entre ellas: la materializaci\u00f3n de concursos profesionales y de enfermer\u00eda; la regionalizaci\u00f3n de la atenci\u00f3n perinatal que permiti\u00f3 establecer criterios de trabajo en las maternidades de la provincia que cuentan con las Condiciones Obst\u00e9tricas y Neonatales Esenciales (CONE); la inversi\u00f3n de m\u00e1s de 78 millones de pesos en equipamiento sanitario; y la adjudicaci\u00f3n de la compra de 20 ambulancias por un total de 39.051.200 de pesos.<br \/>\n<b><br \/>\nPresupuesto e inversi\u00f3n<\/b><\/p>\n<p>Asimismo, entre las herramientas para el\u00a0<strong>cumplimiento de metas<\/strong>, Vel\u00e1zquez mencion\u00f3 a los programas de Salud: \u201cInmunizaciones, leches fortificadas con hierro y zinc para el componente materno infantil, salud sexual y reproductiva, la herramienta de gesti\u00f3n innovadora Sumar y otros programas que los tenemos en la universalidad de toda la red p\u00fablica de la provincia\u201d.<\/p>\n<p>Adem\u00e1s durante 2017 se trabaj\u00f3 sobre el paso del perfil sanitario de enfermedades cr\u00f3nicas transmisibles a las no transmisibles; el \u00e9nfasis en la adopci\u00f3n de h\u00e1bitos de vida alimentario; la educaci\u00f3n en la actividad f\u00edsica; la prevenci\u00f3n de diabetes y riesgo cardiovascular y el trabajo intersectorial para la educaci\u00f3n y la seguridad vial.<\/p>\n<p>Finalmente, y como\u00a0<strong>expectativas para 2018<\/strong>, Vel\u00e1zquez mencion\u00f3 que se trabajar\u00e1 en la revisi\u00f3n de la ley de medicamentos gen\u00e9ricos y en distintas modalidades operativas referidas a adquisiciones necesarias, acordes a la prevalencia y la log\u00edstica de implementaci\u00f3n seg\u00fan normativas de trazabilidad.<\/p>\n<\/section>\n<\/article>\n<\/div>\n<\/div>\n<\/div>\n<\/div>\n<\/div>\n<\/div>\n<\/div>\n<\/div>\n","protected":false},"excerpt":{"rendered":"<p>Lo expres&oacute; la ministra de Salud, Sonia Vel&aacute;zquez, al referirse al funcionamiento de los 65 hospitales y 318 centros de salud. &ldquo;En funci&oacute;n de las demandas m&aacute;s recurrentes y prevalentes queremos organizar este sistema a fin de que tambi&eacute;n nuestros hospitales puedan brindar atenci&oacute;n vespertina&rdquo;, asegur&oacute; la funcionaria. &ldquo;En funci&oacute;n de las demandas m&aacute;s recurrentes [&hellip;]<\/p>\n","protected":false},"author":2,"featured_media":0,"comment_status":"open","ping_status":"open","sticky":false,"template":"","format":"standard","meta":{"fifu_image_url":"","fifu_image_alt":"","footnotes":""},"categories":[6],"tags":[],"class_list":{"0":"post-24244","1":"post","2":"type-post","3":"status-publish","4":"format-standard","6":"category-entre-rios"},"yoast_head":"<title>Quieren que los hospitales entrerrianos tambi\u00e9n atiendan durante la tarde - Informe Litoral<\/title>\n<meta name=\"robots\" content=\"index, follow, max-snippet:-1, max-image-preview:large, max-video-preview:-1\" \/>\n<link rel=\"canonical\" href=\"https:\/\/informelitoral.com.ar\/quieren-que-los-hospitales-entrerrianos-tambien-atiendan-durante-la-tarde\/\" \/>\n<meta property=\"og:locale\" content=\"es_ES\" \/>\n<meta property=\"og:type\" content=\"article\" \/>\n<meta property=\"og:title\" content=\"Quieren que los hospitales entrerrianos tambi\u00e9n atiendan durante la tarde - Informe Litoral\" \/>\n<meta property=\"og:description\" content=\"Lo expres&oacute; la ministra de Salud, Sonia Vel&aacute;zquez, al referirse al funcionamiento de los 65 hospitales y 318 centros de salud. &ldquo;En funci&oacute;n de las demandas m&aacute;s recurrentes y prevalentes queremos organizar este sistema a fin de que tambi&eacute;n nuestros hospitales puedan brindar atenci&oacute;n vespertina&rdquo;, asegur&oacute; la funcionaria. &ldquo;En funci&oacute;n de las demandas m&aacute;s recurrentes [&hellip;]\" \/>\n<meta property=\"og:url\" content=\"https:\/\/informelitoral.com.ar\/quieren-que-los-hospitales-entrerrianos-tambien-atiendan-durante-la-tarde\/\" \/>\n<meta property=\"og:site_name\" content=\"Informe Litoral\" \/>\n<meta property=\"article:publisher\" content=\"https:\/\/www.facebook.com\/informelitoral\/\" \/>\n<meta property=\"article:published_time\" content=\"2017-12-20T10:45:17+00:00\" \/>\n<meta property=\"og:image\" content=\"https:\/\/informelitoral.com.ar\/%77%70%2d%63%6f%6e%74%65%6e%74\/uploads\/2017\/12\/sonia-velazquez-gustavo-bordet.jpg\" \/>\n\t<meta property=\"og:image:width\" content=\"642\" \/>\n\t<meta property=\"og:image:height\" content=\"361\" \/>\n\t<meta property=\"og:image:type\" content=\"image\/jpeg\" \/>\n<meta name=\"author\" content=\"Gonzalo Schmidt\" \/>\n<meta name=\"twitter:card\" content=\"summary_large_image\" \/>\n<meta name=\"twitter:creator\" content=\"@InformeLitoral\" \/>\n<meta name=\"twitter:site\" content=\"@InformeLitoral\" \/>\n<meta name=\"twitter:label1\" content=\"Escrito por\" \/>\n\t<meta name=\"twitter:data1\" content=\"Gonzalo Schmidt\" \/>\n\t<meta name=\"twitter:label2\" content=\"Tiempo de lectura\" \/>\n\t<meta name=\"twitter:data2\" content=\"4 minutos\" \/>\n<script type=\"application\/ld+json\" class=\"yoast-schema-graph\">{\"@context\":\"https:\\\/\\\/schema.org\",\"@graph\":[{\"@type\":\"Article\",\"@id\":\"https:\\\/\\\/informelitoral.com.ar\\\/quieren-que-los-hospitales-entrerrianos-tambien-atiendan-durante-la-tarde\\\/#article\",\"isPartOf\":{\"@id\":\"https:\\\/\\\/informelitoral.com.ar\\\/quieren-que-los-hospitales-entrerrianos-tambien-atiendan-durante-la-tarde\\\/\"},\"author\":{\"name\":\"Gonzalo Schmidt\",\"@id\":\"https:\\\/\\\/informelitoral.com.ar\\\/#\\\/schema\\\/person\\\/b9d00407c836482871ef1d57bf8e3180\"},\"headline\":\"Quieren que los hospitales entrerrianos tambi\u00e9n atiendan durante la tarde\",\"datePublished\":\"2017-12-20T10:45:17+00:00\",\"mainEntityOfPage\":{\"@id\":\"https:\\\/\\\/informelitoral.com.ar\\\/quieren-que-los-hospitales-entrerrianos-tambien-atiendan-durante-la-tarde\\\/\"},\"wordCount\":834,\"commentCount\":0,\"publisher\":{\"@id\":\"https:\\\/\\\/informelitoral.com.ar\\\/#organization\"},\"image\":{\"@id\":\"https:\\\/\\\/informelitoral.com.ar\\\/quieren-que-los-hospitales-entrerrianos-tambien-atiendan-durante-la-tarde\\\/#primaryimage\"},\"thumbnailUrl\":\"http:\\\/\\\/www.isletasnoticias.com.ar\\\/%77%70%2d%63%6f%6e%74%65%6e%74\\\/uploads\\\/2017\\\/12\\\/sonia-velazquez-gustavo-bordet.jpg\",\"articleSection\":[\"Entre R\u00edos\"],\"inLanguage\":\"es\",\"potentialAction\":[{\"@type\":\"CommentAction\",\"name\":\"Comment\",\"target\":[\"https:\\\/\\\/informelitoral.com.ar\\\/quieren-que-los-hospitales-entrerrianos-tambien-atiendan-durante-la-tarde\\\/#respond\"]}]},{\"@type\":\"WebPage\",\"@id\":\"https:\\\/\\\/informelitoral.com.ar\\\/quieren-que-los-hospitales-entrerrianos-tambien-atiendan-durante-la-tarde\\\/\",\"url\":\"https:\\\/\\\/informelitoral.com.ar\\\/quieren-que-los-hospitales-entrerrianos-tambien-atiendan-durante-la-tarde\\\/\",\"name\":\"Quieren que los hospitales entrerrianos tambi\u00e9n atiendan durante la tarde - Informe Litoral\",\"isPartOf\":{\"@id\":\"https:\\\/\\\/informelitoral.com.ar\\\/#website\"},\"primaryImageOfPage\":{\"@id\":\"https:\\\/\\\/informelitoral.com.ar\\\/quieren-que-los-hospitales-entrerrianos-tambien-atiendan-durante-la-tarde\\\/#primaryimage\"},\"image\":{\"@id\":\"https:\\\/\\\/informelitoral.com.ar\\\/quieren-que-los-hospitales-entrerrianos-tambien-atiendan-durante-la-tarde\\\/#primaryimage\"},\"thumbnailUrl\":\"http:\\\/\\\/www.isletasnoticias.com.ar\\\/%77%70%2d%63%6f%6e%74%65%6e%74\\\/uploads\\\/2017\\\/12\\\/sonia-velazquez-gustavo-bordet.jpg\",\"datePublished\":\"2017-12-20T10:45:17+00:00\",\"breadcrumb\":{\"@id\":\"https:\\\/\\\/informelitoral.com.ar\\\/quieren-que-los-hospitales-entrerrianos-tambien-atiendan-durante-la-tarde\\\/#breadcrumb\"},\"inLanguage\":\"es\",\"potentialAction\":[{\"@type\":\"ReadAction\",\"target\":[\"https:\\\/\\\/informelitoral.com.ar\\\/quieren-que-los-hospitales-entrerrianos-tambien-atiendan-durante-la-tarde\\\/\"]}]},{\"@type\":\"ImageObject\",\"inLanguage\":\"es\",\"@id\":\"https:\\\/\\\/informelitoral.com.ar\\\/quieren-que-los-hospitales-entrerrianos-tambien-atiendan-durante-la-tarde\\\/#primaryimage\",\"url\":\"http:\\\/\\\/www.isletasnoticias.com.ar\\\/%77%70%2d%63%6f%6e%74%65%6e%74\\\/uploads\\\/2017\\\/12\\\/sonia-velazquez-gustavo-bordet.jpg\",\"contentUrl\":\"http:\\\/\\\/www.isletasnoticias.com.ar\\\/%77%70%2d%63%6f%6e%74%65%6e%74\\\/uploads\\\/2017\\\/12\\\/sonia-velazquez-gustavo-bordet.jpg\"},{\"@type\":\"BreadcrumbList\",\"@id\":\"https:\\\/\\\/informelitoral.com.ar\\\/quieren-que-los-hospitales-entrerrianos-tambien-atiendan-durante-la-tarde\\\/#breadcrumb\",\"itemListElement\":[{\"@type\":\"ListItem\",\"position\":1,\"name\":\"Portada\",\"item\":\"https:\\\/\\\/informelitoral.com.ar\\\/\"},{\"@type\":\"ListItem\",\"position\":2,\"name\":\"Quieren que los hospitales entrerrianos tambi\u00e9n atiendan durante la tarde\"}]},{\"@type\":\"WebSite\",\"@id\":\"https:\\\/\\\/informelitoral.com.ar\\\/#website\",\"url\":\"https:\\\/\\\/informelitoral.com.ar\\\/\",\"name\":\"Informe Litoral\",\"description\":\"&quot;Nos informamos&quot; \",\"publisher\":{\"@id\":\"https:\\\/\\\/informelitoral.com.ar\\\/#organization\"},\"potentialAction\":[{\"@type\":\"SearchAction\",\"target\":{\"@type\":\"EntryPoint\",\"urlTemplate\":\"https:\\\/\\\/informelitoral.com.ar\\\/?s={search_term_string}\"},\"query-input\":{\"@type\":\"PropertyValueSpecification\",\"valueRequired\":true,\"valueName\":\"search_term_string\"}}],\"inLanguage\":\"es\"},{\"@type\":\"Organization\",\"@id\":\"https:\\\/\\\/informelitoral.com.ar\\\/#organization\",\"name\":\"Informe Litoral\",\"url\":\"https:\\\/\\\/informelitoral.com.ar\\\/\",\"logo\":{\"@type\":\"ImageObject\",\"inLanguage\":\"es\",\"@id\":\"https:\\\/\\\/informelitoral.com.ar\\\/#\\\/schema\\\/logo\\\/image\\\/\",\"url\":\"https:\\\/\\\/informelitoral.com.ar\\\/%77%70%2d%63%6f%6e%74%65%6e%74\\\/uploads\\\/2021\\\/01\\\/circulo.png\",\"contentUrl\":\"https:\\\/\\\/informelitoral.com.ar\\\/%77%70%2d%63%6f%6e%74%65%6e%74\\\/uploads\\\/2021\\\/01\\\/circulo.png\",\"width\":723,\"height\":731,\"caption\":\"Informe Litoral\"},\"image\":{\"@id\":\"https:\\\/\\\/informelitoral.com.ar\\\/#\\\/schema\\\/logo\\\/image\\\/\"},\"sameAs\":[\"https:\\\/\\\/www.facebook.com\\\/informelitoral\\\/\",\"https:\\\/\\\/x.com\\\/InformeLitoral\",\"https:\\\/\\\/www.instagram.com\\\/informelitoral\\\/\",\"https:\\\/\\\/www.youtube.com\\\/channel\\\/UCua4Qvz8Icb6MYqhoq9xLXw\"]},{\"@type\":\"Person\",\"@id\":\"https:\\\/\\\/informelitoral.com.ar\\\/#\\\/schema\\\/person\\\/b9d00407c836482871ef1d57bf8e3180\",\"name\":\"Gonzalo Schmidt\",\"image\":{\"@type\":\"ImageObject\",\"inLanguage\":\"es\",\"@id\":\"https:\\\/\\\/secure.gravatar.com\\\/avatar\\\/31a1a7b66ff2de83bd0e9fd79d026630d2d99e55e8bfe501287647b4fd9743de?s=96&d=mm&r=g\",\"url\":\"https:\\\/\\\/secure.gravatar.com\\\/avatar\\\/31a1a7b66ff2de83bd0e9fd79d026630d2d99e55e8bfe501287647b4fd9743de?s=96&d=mm&r=g\",\"contentUrl\":\"https:\\\/\\\/secure.gravatar.com\\\/avatar\\\/31a1a7b66ff2de83bd0e9fd79d026630d2d99e55e8bfe501287647b4fd9743de?s=96&d=mm&r=g\",\"caption\":\"Gonzalo Schmidt\"},\"description\":\"Sitio web de noticias de la provincia de Entre R\u00edos, Argentina. Informaci\u00f3n y entretenimiento. Informe Litoral, nos informamos.\",\"sameAs\":[\"http:\\\/\\\/www.isletasnoticias.com.ar\"],\"url\":\"https:\\\/\\\/informelitoral.com.ar\\\/author\\\/gonzalo\\\/\"}]}<\/script>","yoast_head_json":{"title":"Quieren que los hospitales entrerrianos tambi\u00e9n atiendan durante la tarde - Informe Litoral","robots":{"index":"index","follow":"follow","max-snippet":"max-snippet:-1","max-image-preview":"max-image-preview:large","max-video-preview":"max-video-preview:-1"},"canonical":"https:\/\/informelitoral.com.ar\/quieren-que-los-hospitales-entrerrianos-tambien-atiendan-durante-la-tarde\/","og_locale":"es_ES","og_type":"article","og_title":"Quieren que los hospitales entrerrianos tambi\u00e9n atiendan durante la tarde - Informe Litoral","og_description":"Lo expres&oacute; la ministra de Salud, Sonia Vel&aacute;zquez, al referirse al funcionamiento de los 65 hospitales y 318 centros de salud. &ldquo;En funci&oacute;n de las demandas m&aacute;s recurrentes y prevalentes queremos organizar este sistema a fin de que tambi&eacute;n nuestros hospitales puedan brindar atenci&oacute;n vespertina&rdquo;, asegur&oacute; la funcionaria. &ldquo;En funci&oacute;n de las demandas m&aacute;s recurrentes [&hellip;]","og_url":"https:\/\/informelitoral.com.ar\/quieren-que-los-hospitales-entrerrianos-tambien-atiendan-durante-la-tarde\/","og_site_name":"Informe Litoral","article_publisher":"https:\/\/www.facebook.com\/informelitoral\/","article_published_time":"2017-12-20T10:45:17+00:00","og_image":[{"width":642,"height":361,"url":"https:\/\/informelitoral.com.ar\/%77%70%2d%63%6f%6e%74%65%6e%74\/uploads\/2017\/12\/sonia-velazquez-gustavo-bordet.jpg","type":"image\/jpeg"}],"author":"Gonzalo Schmidt","twitter_card":"summary_large_image","twitter_creator":"@InformeLitoral","twitter_site":"@InformeLitoral","twitter_misc":{"Escrito por":"Gonzalo Schmidt","Tiempo de lectura":"4 minutos"},"schema":{"@context":"https:\/\/schema.org","@graph":[{"@type":"Article","@id":"https:\/\/informelitoral.com.ar\/quieren-que-los-hospitales-entrerrianos-tambien-atiendan-durante-la-tarde\/#article","isPartOf":{"@id":"https:\/\/informelitoral.com.ar\/quieren-que-los-hospitales-entrerrianos-tambien-atiendan-durante-la-tarde\/"},"author":{"name":"Gonzalo Schmidt","@id":"https:\/\/informelitoral.com.ar\/#\/schema\/person\/b9d00407c836482871ef1d57bf8e3180"},"headline":"Quieren que los hospitales entrerrianos tambi\u00e9n atiendan durante la tarde","datePublished":"2017-12-20T10:45:17+00:00","mainEntityOfPage":{"@id":"https:\/\/informelitoral.com.ar\/quieren-que-los-hospitales-entrerrianos-tambien-atiendan-durante-la-tarde\/"},"wordCount":834,"commentCount":0,"publisher":{"@id":"https:\/\/informelitoral.com.ar\/#organization"},"image":{"@id":"https:\/\/informelitoral.com.ar\/quieren-que-los-hospitales-entrerrianos-tambien-atiendan-durante-la-tarde\/#primaryimage"},"thumbnailUrl":"http:\/\/www.isletasnoticias.com.ar\/%77%70%2d%63%6f%6e%74%65%6e%74\/uploads\/2017\/12\/sonia-velazquez-gustavo-bordet.jpg","articleSection":["Entre R\u00edos"],"inLanguage":"es","potentialAction":[{"@type":"CommentAction","name":"Comment","target":["https:\/\/informelitoral.com.ar\/quieren-que-los-hospitales-entrerrianos-tambien-atiendan-durante-la-tarde\/#respond"]}]},{"@type":"WebPage","@id":"https:\/\/informelitoral.com.ar\/quieren-que-los-hospitales-entrerrianos-tambien-atiendan-durante-la-tarde\/","url":"https:\/\/informelitoral.com.ar\/quieren-que-los-hospitales-entrerrianos-tambien-atiendan-durante-la-tarde\/","name":"Quieren que los hospitales entrerrianos tambi\u00e9n atiendan durante la tarde - Informe Litoral","isPartOf":{"@id":"https:\/\/informelitoral.com.ar\/#website"},"primaryImageOfPage":{"@id":"https:\/\/informelitoral.com.ar\/quieren-que-los-hospitales-entrerrianos-tambien-atiendan-durante-la-tarde\/#primaryimage"},"image":{"@id":"https:\/\/informelitoral.com.ar\/quieren-que-los-hospitales-entrerrianos-tambien-atiendan-durante-la-tarde\/#primaryimage"},"thumbnailUrl":"http:\/\/www.isletasnoticias.com.ar\/%77%70%2d%63%6f%6e%74%65%6e%74\/uploads\/2017\/12\/sonia-velazquez-gustavo-bordet.jpg","datePublished":"2017-12-20T10:45:17+00:00","breadcrumb":{"@id":"https:\/\/informelitoral.com.ar\/quieren-que-los-hospitales-entrerrianos-tambien-atiendan-durante-la-tarde\/#breadcrumb"},"inLanguage":"es","potentialAction":[{"@type":"ReadAction","target":["https:\/\/informelitoral.com.ar\/quieren-que-los-hospitales-entrerrianos-tambien-atiendan-durante-la-tarde\/"]}]},{"@type":"ImageObject","inLanguage":"es","@id":"https:\/\/informelitoral.com.ar\/quieren-que-los-hospitales-entrerrianos-tambien-atiendan-durante-la-tarde\/#primaryimage","url":"http:\/\/www.isletasnoticias.com.ar\/%77%70%2d%63%6f%6e%74%65%6e%74\/uploads\/2017\/12\/sonia-velazquez-gustavo-bordet.jpg","contentUrl":"http:\/\/www.isletasnoticias.com.ar\/%77%70%2d%63%6f%6e%74%65%6e%74\/uploads\/2017\/12\/sonia-velazquez-gustavo-bordet.jpg"},{"@type":"BreadcrumbList","@id":"https:\/\/informelitoral.com.ar\/quieren-que-los-hospitales-entrerrianos-tambien-atiendan-durante-la-tarde\/#breadcrumb","itemListElement":[{"@type":"ListItem","position":1,"name":"Portada","item":"https:\/\/informelitoral.com.ar\/"},{"@type":"ListItem","position":2,"name":"Quieren que los hospitales entrerrianos tambi\u00e9n atiendan durante la tarde"}]},{"@type":"WebSite","@id":"https:\/\/informelitoral.com.ar\/#website","url":"https:\/\/informelitoral.com.ar\/","name":"Informe Litoral","description":"&quot;Nos informamos&quot; ","publisher":{"@id":"https:\/\/informelitoral.com.ar\/#organization"},"potentialAction":[{"@type":"SearchAction","target":{"@type":"EntryPoint","urlTemplate":"https:\/\/informelitoral.com.ar\/?s={search_term_string}"},"query-input":{"@type":"PropertyValueSpecification","valueRequired":true,"valueName":"search_term_string"}}],"inLanguage":"es"},{"@type":"Organization","@id":"https:\/\/informelitoral.com.ar\/#organization","name":"Informe Litoral","url":"https:\/\/informelitoral.com.ar\/","logo":{"@type":"ImageObject","inLanguage":"es","@id":"https:\/\/informelitoral.com.ar\/#\/schema\/logo\/image\/","url":"https:\/\/informelitoral.com.ar\/%77%70%2d%63%6f%6e%74%65%6e%74\/uploads\/2021\/01\/circulo.png","contentUrl":"https:\/\/informelitoral.com.ar\/%77%70%2d%63%6f%6e%74%65%6e%74\/uploads\/2021\/01\/circulo.png","width":723,"height":731,"caption":"Informe Litoral"},"image":{"@id":"https:\/\/informelitoral.com.ar\/#\/schema\/logo\/image\/"},"sameAs":["https:\/\/www.facebook.com\/informelitoral\/","https:\/\/x.com\/InformeLitoral","https:\/\/www.instagram.com\/informelitoral\/","https:\/\/www.youtube.com\/channel\/UCua4Qvz8Icb6MYqhoq9xLXw"]},{"@type":"Person","@id":"https:\/\/informelitoral.com.ar\/#\/schema\/person\/b9d00407c836482871ef1d57bf8e3180","name":"Gonzalo Schmidt","image":{"@type":"ImageObject","inLanguage":"es","@id":"https:\/\/secure.gravatar.com\/avatar\/31a1a7b66ff2de83bd0e9fd79d026630d2d99e55e8bfe501287647b4fd9743de?s=96&d=mm&r=g","url":"https:\/\/secure.gravatar.com\/avatar\/31a1a7b66ff2de83bd0e9fd79d026630d2d99e55e8bfe501287647b4fd9743de?s=96&d=mm&r=g","contentUrl":"https:\/\/secure.gravatar.com\/avatar\/31a1a7b66ff2de83bd0e9fd79d026630d2d99e55e8bfe501287647b4fd9743de?s=96&d=mm&r=g","caption":"Gonzalo Schmidt"},"description":"Sitio web de noticias de la provincia de Entre R\u00edos, Argentina. Informaci\u00f3n y entretenimiento. Informe Litoral, nos informamos.","sameAs":["http:\/\/www.isletasnoticias.com.ar"],"url":"https:\/\/informelitoral.com.ar\/author\/gonzalo\/"}]}},"_links":{"self":[{"href":"https:\/\/informelitoral.com.ar\/%77%70%2d%6a%73%6f%6e\/wp\/v2\/posts\/24244","targetHints":{"allow":["GET"]}}],"collection":[{"href":"https:\/\/informelitoral.com.ar\/%77%70%2d%6a%73%6f%6e\/wp\/v2\/posts"}],"about":[{"href":"https:\/\/informelitoral.com.ar\/%77%70%2d%6a%73%6f%6e\/wp\/v2\/types\/post"}],"author":[{"embeddable":true,"href":"https:\/\/informelitoral.com.ar\/%77%70%2d%6a%73%6f%6e\/wp\/v2\/users\/2"}],"replies":[{"embeddable":true,"href":"https:\/\/informelitoral.com.ar\/%77%70%2d%6a%73%6f%6e\/wp\/v2\/comments?post=24244"}],"version-history":[{"count":0,"href":"https:\/\/informelitoral.com.ar\/%77%70%2d%6a%73%6f%6e\/wp\/v2\/posts\/24244\/revisions"}],"wp:attachment":[{"href":"https:\/\/informelitoral.com.ar\/%77%70%2d%6a%73%6f%6e\/wp\/v2\/media?parent=24244"}],"wp:term":[{"taxonomy":"category","embeddable":true,"href":"https:\/\/informelitoral.com.ar\/%77%70%2d%6a%73%6f%6e\/wp\/v2\/categories?post=24244"},{"taxonomy":"post_tag","embeddable":true,"href":"https:\/\/informelitoral.com.ar\/%77%70%2d%6a%73%6f%6e\/wp\/v2\/tags?post=24244"}],"curies":[{"name":"wp","href":"https:\/\/api.w.org\/{rel}","templated":true}]}}