{"id":24241,"date":"2017-12-20T07:43:57","date_gmt":"2017-12-20T10:43:57","guid":{"rendered":"http:\/\/www.isletasnoticias.com.ar\/?p=24241"},"modified":"2017-12-20T07:43:57","modified_gmt":"2017-12-20T10:43:57","slug":"diputados-le-dio-media-sancion-a-la-reforma-tributaria","status":"publish","type":"post","link":"https:\/\/informelitoral.com.ar\/diputados-le-dio-media-sancion-a-la-reforma-tributaria\/","title":{"rendered":"Diputados le dio media sanci\u00f3n a la reforma tributaria"},"content":{"rendered":"<div class=\"post-right\">\n<p class=\"post-excerpt\"><strong>La iniciativa fiscal de Cambiemos logr\u00f3 146 votos a favor, en tanto que hubo 77 en contra y 18 abstenciones. Ahora deber\u00e1 debatirse en el Senado. Entre las modificaciones se acord\u00f3\u00a0que el Impuesto a las Ganancias no alcance a las mutuales y cooperativas, tal como lo establec\u00eda el proyecto original del gobierno.<a href=\"http:\/\/www.isletasnoticias.com.ar\/%77%70%2d%63%6f%6e%74%65%6e%74\/uploads\/2017\/12\/reforma-tributaria.jpg\"><img loading=\"lazy\" decoding=\"async\" class=\"aligncenter wp-image-24242 size-large\" src=\"http:\/\/www.isletasnoticias.com.ar\/%77%70%2d%63%6f%6e%74%65%6e%74\/uploads\/2017\/12\/reforma-tributaria-1024x576.jpg\" alt=\"\" width=\"600\" height=\"338\" srcset=\"https:\/\/informelitoral.com.ar\/%77%70%2d%63%6f%6e%74%65%6e%74\/uploads\/2017\/12\/reforma-tributaria-1024x576.jpg 1024w, https:\/\/informelitoral.com.ar\/%77%70%2d%63%6f%6e%74%65%6e%74\/uploads\/2017\/12\/reforma-tributaria-300x169.jpg 300w, https:\/\/informelitoral.com.ar\/%77%70%2d%63%6f%6e%74%65%6e%74\/uploads\/2017\/12\/reforma-tributaria-768x432.jpg 768w, https:\/\/informelitoral.com.ar\/%77%70%2d%63%6f%6e%74%65%6e%74\/uploads\/2017\/12\/reforma-tributaria.jpg 1360w\" sizes=\"auto, (max-width: 600px) 100vw, 600px\" \/><\/a><\/strong><\/p>\n<\/div>\n<div class=\"post-body-inner\">\n<div class=\"row\">\n<div class=\"col-xs-12 col-print-12\">\n<p class=\"element element-paragraph\">La reforma tributaria que impulsa el oficialismo\u00a0<strong>se aprob\u00f3 el\u00a0mi\u00e9rcoles por la madrugada\u00a0en la C\u00e1mara de Diputados con 146 votos afirmativos, 77 negativos y 18 abstenciones.<\/strong><\/p>\n<\/div>\n<\/div>\n<div class=\"row\">\n<div class=\"col-xs-12 col-print-12\">\n<p class=\"element element-paragraph\">El avance de la iniciativa fiscal de Cambiemos, que\u00a0<strong>ahora deber\u00e1 debatirse en el Senado,<\/strong>\u00a0se logr\u00f3 luego de la sanci\u00f3n de la ley que modifica la actualizaci\u00f3n de las jubilaciones y asignaciones sociales.<\/p>\n<\/div>\n<\/div>\n<div class=\"row\">\n<div class=\"col-xs-12 col-print-12\">\n<p class=\"element element-paragraph\">Un punto clave del proyecto es la derogaci\u00f3n del Fondo del Conurbano (que se solventaba con el 10% de Ganancias aunque con un tope de $650 millones) y la distribuci\u00f3n del 20% recaudado del impuesto a las Ganancias que se derivaba a la ANSES entre las provincias y Naci\u00f3n por el sistema de Coparticipaci\u00f3n federal; en tanto, el sistema previsional se financiar\u00e1 con la totalidad de la recaudaci\u00f3n del impuesto al cheque. Otro eje del proyecto es la exenci\u00f3n del impuesto a las Ganancias para los inversores no residentes en la Argentina, salvo en el caso de que operen en el mercado de Lebacs.<\/p>\n<div class=\"row\">\n<div class=\"col-xs-12 col-print-12\">\n<p class=\"element element-paragraph\">Otro de los puntos salientes es\u00a0<strong>la rebaja a la mitad del IVA de las carnes de pollos, cerdos, y conejos, con el objetivo de que bajen los precios de esos productos alimenticios.<\/strong>\u00a0Tambi\u00e9n se propone un cambio vinculado a\u00a0<strong>los impuestos internos a la cerveza, que ver\u00eda elevado del 8% al 17% el tributo que paga al Estado.<\/strong><\/p>\n<\/div>\n<\/div>\n<div class=\"row\">\n<div class=\"col-xs-12 col-print-12\">\n<p class=\"element element-paragraph\">Adem\u00e1s,\u00a0<strong>las empresas no pagar\u00e1n aportes patronales<\/strong>\u00a0hasta una remuneraci\u00f3n bruta de $12.000 para 2022, en una escala que comienza el a\u00f1o pr\u00f3ximo con $2.400, sigue en 2019 con $4.800, en 2020 con $7.200 y en 2021 con $9.600 pesos.<\/p>\n<\/div>\n<\/div>\n<div class=\"row\">\n<div class=\"col-xs-12 col-print-12\">\n<p class=\"element element-paragraph\">Con este proyecto, el oficialismo busca que la reforma sea \u201cgradual\u201d y que de aqu\u00ed a 2022 la presi\u00f3n tributaria caiga\u00a0 al 1,5% del PBI con el objetivo de alentar la inversi\u00f3n y la creaci\u00f3n de empleo.<\/p>\n<div class=\"row\">\n<div class=\"col-xs-12 col-print-12\">\n<p class=\"element element-paragraph\"><strong>Modificaciones al proyecto<\/strong><\/p>\n<\/div>\n<\/div>\n<div class=\"row\">\n<div class=\"col-xs-12 col-print-12\">\n<p class=\"element element-paragraph\">En la votaci\u00f3n a los art\u00edculos en particular, la C\u00e1mara de Diputados introdujo cambios. Cabe destacar que\u00a0se acord\u00f3\u00a0que el Impuesto a las Ganancias no alcance a las mutuales y cooperativas, tal como establec\u00edan los art\u00edculos 23 y 24 del proyecto original.<\/p>\n<\/div>\n<\/div>\n<div class=\"row\">\n<div class=\"col-xs-12 col-print-12\">\n<p class=\"element element-paragraph\">A prop\u00f3sito, los diputados que conforman el interbloque Argentina Federal que hab\u00edan reclamado la eliminaci\u00f3n de dichos art\u00edculos resaltaron \u201cel importante aporte que realizan las cooperativas y mutuales del interior profundo, que promueven la solidaridad, contribuyendo al desarrollo local y nacional\u201d.<\/p>\n<\/div>\n<\/div>\n<div class=\"row\">\n<div class=\"col-xs-12 col-print-12\">\n<p class=\"element element-paragraph\">En ese sentido, agregaron que \u201cel movimiento cooperativo y mutual se basa en el esfuerzo de sus propios integrantes autogestionados, considerando fundamentalmente la promoci\u00f3n de la solidaridad y la organizaci\u00f3n\u201d, consign\u00f3\u00a0<em>Infobae.<\/em><\/p>\n<\/div>\n<\/div>\n<\/div>\n<\/div>\n<\/div>\n<\/div>\n<\/div>\n","protected":false},"excerpt":{"rendered":"<p>La iniciativa fiscal de Cambiemos logr&oacute; 146 votos a favor, en tanto que hubo 77 en contra y 18 abstenciones. Ahora deber&aacute; debatirse en el Senado. Entre las modificaciones se acord&oacute;&nbsp;que el Impuesto a las Ganancias no alcance a las mutuales y cooperativas, tal como lo establec&iacute;a el proyecto original del gobierno. La reforma tributaria [&hellip;]<\/p>\n","protected":false},"author":2,"featured_media":0,"comment_status":"open","ping_status":"open","sticky":false,"template":"","format":"standard","meta":{"fifu_image_url":"","fifu_image_alt":"","footnotes":""},"categories":[7,16],"tags":[],"class_list":{"0":"post-24241","1":"post","2":"type-post","3":"status-publish","4":"format-standard","6":"category-nacionales","7":"category-politi"},"yoast_head":"<title>Diputados le dio media sanci\u00f3n a la reforma tributaria - Informe Litoral<\/title>\n<meta name=\"robots\" content=\"index, follow, max-snippet:-1, max-image-preview:large, max-video-preview:-1\" \/>\n<link rel=\"canonical\" href=\"https:\/\/informelitoral.com.ar\/diputados-le-dio-media-sancion-a-la-reforma-tributaria\/\" \/>\n<meta property=\"og:locale\" content=\"es_ES\" \/>\n<meta property=\"og:type\" content=\"article\" \/>\n<meta property=\"og:title\" content=\"Diputados le dio media sanci\u00f3n a la reforma tributaria - Informe Litoral\" \/>\n<meta property=\"og:description\" content=\"La iniciativa fiscal de Cambiemos logr&oacute; 146 votos a favor, en tanto que hubo 77 en contra y 18 abstenciones. Ahora deber&aacute; debatirse en el Senado. Entre las modificaciones se acord&oacute;&nbsp;que el Impuesto a las Ganancias no alcance a las mutuales y cooperativas, tal como lo establec&iacute;a el proyecto original del gobierno. La reforma tributaria [&hellip;]\" \/>\n<meta property=\"og:url\" content=\"https:\/\/informelitoral.com.ar\/diputados-le-dio-media-sancion-a-la-reforma-tributaria\/\" \/>\n<meta property=\"og:site_name\" content=\"Informe Litoral\" \/>\n<meta property=\"article:publisher\" content=\"https:\/\/www.facebook.com\/informelitoral\/\" \/>\n<meta property=\"article:published_time\" content=\"2017-12-20T10:43:57+00:00\" \/>\n<meta property=\"og:image\" content=\"https:\/\/informelitoral.com.ar\/%77%70%2d%63%6f%6e%74%65%6e%74\/uploads\/2017\/12\/reforma-tributaria.jpg\" \/>\n\t<meta property=\"og:image:width\" content=\"1360\" \/>\n\t<meta property=\"og:image:height\" content=\"765\" \/>\n\t<meta property=\"og:image:type\" content=\"image\/jpeg\" \/>\n<meta name=\"author\" content=\"Gonzalo Schmidt\" \/>\n<meta name=\"twitter:card\" content=\"summary_large_image\" \/>\n<meta name=\"twitter:creator\" content=\"@InformeLitoral\" \/>\n<meta name=\"twitter:site\" content=\"@InformeLitoral\" \/>\n<meta name=\"twitter:label1\" content=\"Escrito por\" \/>\n\t<meta name=\"twitter:data1\" content=\"Gonzalo Schmidt\" \/>\n\t<meta name=\"twitter:label2\" content=\"Tiempo de lectura\" \/>\n\t<meta name=\"twitter:data2\" content=\"2 minutos\" \/>\n<script type=\"application\/ld+json\" class=\"yoast-schema-graph\">{\"@context\":\"https:\\\/\\\/schema.org\",\"@graph\":[{\"@type\":\"Article\",\"@id\":\"https:\\\/\\\/informelitoral.com.ar\\\/diputados-le-dio-media-sancion-a-la-reforma-tributaria\\\/#article\",\"isPartOf\":{\"@id\":\"https:\\\/\\\/informelitoral.com.ar\\\/diputados-le-dio-media-sancion-a-la-reforma-tributaria\\\/\"},\"author\":{\"name\":\"Gonzalo Schmidt\",\"@id\":\"https:\\\/\\\/informelitoral.com.ar\\\/#\\\/schema\\\/person\\\/b9d00407c836482871ef1d57bf8e3180\"},\"headline\":\"Diputados le dio media sanci\u00f3n a la reforma tributaria\",\"datePublished\":\"2017-12-20T10:43:57+00:00\",\"mainEntityOfPage\":{\"@id\":\"https:\\\/\\\/informelitoral.com.ar\\\/diputados-le-dio-media-sancion-a-la-reforma-tributaria\\\/\"},\"wordCount\":492,\"commentCount\":0,\"publisher\":{\"@id\":\"https:\\\/\\\/informelitoral.com.ar\\\/#organization\"},\"image\":{\"@id\":\"https:\\\/\\\/informelitoral.com.ar\\\/diputados-le-dio-media-sancion-a-la-reforma-tributaria\\\/#primaryimage\"},\"thumbnailUrl\":\"http:\\\/\\\/www.isletasnoticias.com.ar\\\/%77%70%2d%63%6f%6e%74%65%6e%74\\\/uploads\\\/2017\\\/12\\\/reforma-tributaria-1024x576.jpg\",\"articleSection\":[\"Nacionales\",\"Politica\"],\"inLanguage\":\"es\",\"potentialAction\":[{\"@type\":\"CommentAction\",\"name\":\"Comment\",\"target\":[\"https:\\\/\\\/informelitoral.com.ar\\\/diputados-le-dio-media-sancion-a-la-reforma-tributaria\\\/#respond\"]}]},{\"@type\":\"WebPage\",\"@id\":\"https:\\\/\\\/informelitoral.com.ar\\\/diputados-le-dio-media-sancion-a-la-reforma-tributaria\\\/\",\"url\":\"https:\\\/\\\/informelitoral.com.ar\\\/diputados-le-dio-media-sancion-a-la-reforma-tributaria\\\/\",\"name\":\"Diputados le dio media sanci\u00f3n a la reforma tributaria - Informe Litoral\",\"isPartOf\":{\"@id\":\"https:\\\/\\\/informelitoral.com.ar\\\/#website\"},\"primaryImageOfPage\":{\"@id\":\"https:\\\/\\\/informelitoral.com.ar\\\/diputados-le-dio-media-sancion-a-la-reforma-tributaria\\\/#primaryimage\"},\"image\":{\"@id\":\"https:\\\/\\\/informelitoral.com.ar\\\/diputados-le-dio-media-sancion-a-la-reforma-tributaria\\\/#primaryimage\"},\"thumbnailUrl\":\"http:\\\/\\\/www.isletasnoticias.com.ar\\\/%77%70%2d%63%6f%6e%74%65%6e%74\\\/uploads\\\/2017\\\/12\\\/reforma-tributaria-1024x576.jpg\",\"datePublished\":\"2017-12-20T10:43:57+00:00\",\"breadcrumb\":{\"@id\":\"https:\\\/\\\/informelitoral.com.ar\\\/diputados-le-dio-media-sancion-a-la-reforma-tributaria\\\/#breadcrumb\"},\"inLanguage\":\"es\",\"potentialAction\":[{\"@type\":\"ReadAction\",\"target\":[\"https:\\\/\\\/informelitoral.com.ar\\\/diputados-le-dio-media-sancion-a-la-reforma-tributaria\\\/\"]}]},{\"@type\":\"ImageObject\",\"inLanguage\":\"es\",\"@id\":\"https:\\\/\\\/informelitoral.com.ar\\\/diputados-le-dio-media-sancion-a-la-reforma-tributaria\\\/#primaryimage\",\"url\":\"http:\\\/\\\/www.isletasnoticias.com.ar\\\/%77%70%2d%63%6f%6e%74%65%6e%74\\\/uploads\\\/2017\\\/12\\\/reforma-tributaria-1024x576.jpg\",\"contentUrl\":\"http:\\\/\\\/www.isletasnoticias.com.ar\\\/%77%70%2d%63%6f%6e%74%65%6e%74\\\/uploads\\\/2017\\\/12\\\/reforma-tributaria-1024x576.jpg\"},{\"@type\":\"BreadcrumbList\",\"@id\":\"https:\\\/\\\/informelitoral.com.ar\\\/diputados-le-dio-media-sancion-a-la-reforma-tributaria\\\/#breadcrumb\",\"itemListElement\":[{\"@type\":\"ListItem\",\"position\":1,\"name\":\"Portada\",\"item\":\"https:\\\/\\\/informelitoral.com.ar\\\/\"},{\"@type\":\"ListItem\",\"position\":2,\"name\":\"Diputados le dio media sanci\u00f3n a la reforma tributaria\"}]},{\"@type\":\"WebSite\",\"@id\":\"https:\\\/\\\/informelitoral.com.ar\\\/#website\",\"url\":\"https:\\\/\\\/informelitoral.com.ar\\\/\",\"name\":\"Informe Litoral\",\"description\":\"&quot;Nos informamos&quot; \",\"publisher\":{\"@id\":\"https:\\\/\\\/informelitoral.com.ar\\\/#organization\"},\"potentialAction\":[{\"@type\":\"SearchAction\",\"target\":{\"@type\":\"EntryPoint\",\"urlTemplate\":\"https:\\\/\\\/informelitoral.com.ar\\\/?s={search_term_string}\"},\"query-input\":{\"@type\":\"PropertyValueSpecification\",\"valueRequired\":true,\"valueName\":\"search_term_string\"}}],\"inLanguage\":\"es\"},{\"@type\":\"Organization\",\"@id\":\"https:\\\/\\\/informelitoral.com.ar\\\/#organization\",\"name\":\"Informe Litoral\",\"url\":\"https:\\\/\\\/informelitoral.com.ar\\\/\",\"logo\":{\"@type\":\"ImageObject\",\"inLanguage\":\"es\",\"@id\":\"https:\\\/\\\/informelitoral.com.ar\\\/#\\\/schema\\\/logo\\\/image\\\/\",\"url\":\"https:\\\/\\\/informelitoral.com.ar\\\/%77%70%2d%63%6f%6e%74%65%6e%74\\\/uploads\\\/2021\\\/01\\\/circulo.png\",\"contentUrl\":\"https:\\\/\\\/informelitoral.com.ar\\\/%77%70%2d%63%6f%6e%74%65%6e%74\\\/uploads\\\/2021\\\/01\\\/circulo.png\",\"width\":723,\"height\":731,\"caption\":\"Informe Litoral\"},\"image\":{\"@id\":\"https:\\\/\\\/informelitoral.com.ar\\\/#\\\/schema\\\/logo\\\/image\\\/\"},\"sameAs\":[\"https:\\\/\\\/www.facebook.com\\\/informelitoral\\\/\",\"https:\\\/\\\/x.com\\\/InformeLitoral\",\"https:\\\/\\\/www.instagram.com\\\/informelitoral\\\/\",\"https:\\\/\\\/www.youtube.com\\\/channel\\\/UCua4Qvz8Icb6MYqhoq9xLXw\"]},{\"@type\":\"Person\",\"@id\":\"https:\\\/\\\/informelitoral.com.ar\\\/#\\\/schema\\\/person\\\/b9d00407c836482871ef1d57bf8e3180\",\"name\":\"Gonzalo Schmidt\",\"image\":{\"@type\":\"ImageObject\",\"inLanguage\":\"es\",\"@id\":\"https:\\\/\\\/secure.gravatar.com\\\/avatar\\\/31a1a7b66ff2de83bd0e9fd79d026630d2d99e55e8bfe501287647b4fd9743de?s=96&d=mm&r=g\",\"url\":\"https:\\\/\\\/secure.gravatar.com\\\/avatar\\\/31a1a7b66ff2de83bd0e9fd79d026630d2d99e55e8bfe501287647b4fd9743de?s=96&d=mm&r=g\",\"contentUrl\":\"https:\\\/\\\/secure.gravatar.com\\\/avatar\\\/31a1a7b66ff2de83bd0e9fd79d026630d2d99e55e8bfe501287647b4fd9743de?s=96&d=mm&r=g\",\"caption\":\"Gonzalo Schmidt\"},\"description\":\"Sitio web de noticias de la provincia de Entre R\u00edos, Argentina. Informaci\u00f3n y entretenimiento. Informe Litoral, nos informamos.\",\"sameAs\":[\"http:\\\/\\\/www.isletasnoticias.com.ar\"],\"url\":\"https:\\\/\\\/informelitoral.com.ar\\\/author\\\/gonzalo\\\/\"}]}<\/script>","yoast_head_json":{"title":"Diputados le dio media sanci\u00f3n a la reforma tributaria - Informe Litoral","robots":{"index":"index","follow":"follow","max-snippet":"max-snippet:-1","max-image-preview":"max-image-preview:large","max-video-preview":"max-video-preview:-1"},"canonical":"https:\/\/informelitoral.com.ar\/diputados-le-dio-media-sancion-a-la-reforma-tributaria\/","og_locale":"es_ES","og_type":"article","og_title":"Diputados le dio media sanci\u00f3n a la reforma tributaria - Informe Litoral","og_description":"La iniciativa fiscal de Cambiemos logr&oacute; 146 votos a favor, en tanto que hubo 77 en contra y 18 abstenciones. Ahora deber&aacute; debatirse en el Senado. Entre las modificaciones se acord&oacute;&nbsp;que el Impuesto a las Ganancias no alcance a las mutuales y cooperativas, tal como lo establec&iacute;a el proyecto original del gobierno. La reforma tributaria [&hellip;]","og_url":"https:\/\/informelitoral.com.ar\/diputados-le-dio-media-sancion-a-la-reforma-tributaria\/","og_site_name":"Informe Litoral","article_publisher":"https:\/\/www.facebook.com\/informelitoral\/","article_published_time":"2017-12-20T10:43:57+00:00","og_image":[{"width":1360,"height":765,"url":"https:\/\/informelitoral.com.ar\/%77%70%2d%63%6f%6e%74%65%6e%74\/uploads\/2017\/12\/reforma-tributaria.jpg","type":"image\/jpeg"}],"author":"Gonzalo Schmidt","twitter_card":"summary_large_image","twitter_creator":"@InformeLitoral","twitter_site":"@InformeLitoral","twitter_misc":{"Escrito por":"Gonzalo Schmidt","Tiempo de lectura":"2 minutos"},"schema":{"@context":"https:\/\/schema.org","@graph":[{"@type":"Article","@id":"https:\/\/informelitoral.com.ar\/diputados-le-dio-media-sancion-a-la-reforma-tributaria\/#article","isPartOf":{"@id":"https:\/\/informelitoral.com.ar\/diputados-le-dio-media-sancion-a-la-reforma-tributaria\/"},"author":{"name":"Gonzalo Schmidt","@id":"https:\/\/informelitoral.com.ar\/#\/schema\/person\/b9d00407c836482871ef1d57bf8e3180"},"headline":"Diputados le dio media sanci\u00f3n a la reforma tributaria","datePublished":"2017-12-20T10:43:57+00:00","mainEntityOfPage":{"@id":"https:\/\/informelitoral.com.ar\/diputados-le-dio-media-sancion-a-la-reforma-tributaria\/"},"wordCount":492,"commentCount":0,"publisher":{"@id":"https:\/\/informelitoral.com.ar\/#organization"},"image":{"@id":"https:\/\/informelitoral.com.ar\/diputados-le-dio-media-sancion-a-la-reforma-tributaria\/#primaryimage"},"thumbnailUrl":"http:\/\/www.isletasnoticias.com.ar\/%77%70%2d%63%6f%6e%74%65%6e%74\/uploads\/2017\/12\/reforma-tributaria-1024x576.jpg","articleSection":["Nacionales","Politica"],"inLanguage":"es","potentialAction":[{"@type":"CommentAction","name":"Comment","target":["https:\/\/informelitoral.com.ar\/diputados-le-dio-media-sancion-a-la-reforma-tributaria\/#respond"]}]},{"@type":"WebPage","@id":"https:\/\/informelitoral.com.ar\/diputados-le-dio-media-sancion-a-la-reforma-tributaria\/","url":"https:\/\/informelitoral.com.ar\/diputados-le-dio-media-sancion-a-la-reforma-tributaria\/","name":"Diputados le dio media sanci\u00f3n a la reforma tributaria - Informe Litoral","isPartOf":{"@id":"https:\/\/informelitoral.com.ar\/#website"},"primaryImageOfPage":{"@id":"https:\/\/informelitoral.com.ar\/diputados-le-dio-media-sancion-a-la-reforma-tributaria\/#primaryimage"},"image":{"@id":"https:\/\/informelitoral.com.ar\/diputados-le-dio-media-sancion-a-la-reforma-tributaria\/#primaryimage"},"thumbnailUrl":"http:\/\/www.isletasnoticias.com.ar\/%77%70%2d%63%6f%6e%74%65%6e%74\/uploads\/2017\/12\/reforma-tributaria-1024x576.jpg","datePublished":"2017-12-20T10:43:57+00:00","breadcrumb":{"@id":"https:\/\/informelitoral.com.ar\/diputados-le-dio-media-sancion-a-la-reforma-tributaria\/#breadcrumb"},"inLanguage":"es","potentialAction":[{"@type":"ReadAction","target":["https:\/\/informelitoral.com.ar\/diputados-le-dio-media-sancion-a-la-reforma-tributaria\/"]}]},{"@type":"ImageObject","inLanguage":"es","@id":"https:\/\/informelitoral.com.ar\/diputados-le-dio-media-sancion-a-la-reforma-tributaria\/#primaryimage","url":"http:\/\/www.isletasnoticias.com.ar\/%77%70%2d%63%6f%6e%74%65%6e%74\/uploads\/2017\/12\/reforma-tributaria-1024x576.jpg","contentUrl":"http:\/\/www.isletasnoticias.com.ar\/%77%70%2d%63%6f%6e%74%65%6e%74\/uploads\/2017\/12\/reforma-tributaria-1024x576.jpg"},{"@type":"BreadcrumbList","@id":"https:\/\/informelitoral.com.ar\/diputados-le-dio-media-sancion-a-la-reforma-tributaria\/#breadcrumb","itemListElement":[{"@type":"ListItem","position":1,"name":"Portada","item":"https:\/\/informelitoral.com.ar\/"},{"@type":"ListItem","position":2,"name":"Diputados le dio media sanci\u00f3n a la reforma tributaria"}]},{"@type":"WebSite","@id":"https:\/\/informelitoral.com.ar\/#website","url":"https:\/\/informelitoral.com.ar\/","name":"Informe Litoral","description":"&quot;Nos informamos&quot; ","publisher":{"@id":"https:\/\/informelitoral.com.ar\/#organization"},"potentialAction":[{"@type":"SearchAction","target":{"@type":"EntryPoint","urlTemplate":"https:\/\/informelitoral.com.ar\/?s={search_term_string}"},"query-input":{"@type":"PropertyValueSpecification","valueRequired":true,"valueName":"search_term_string"}}],"inLanguage":"es"},{"@type":"Organization","@id":"https:\/\/informelitoral.com.ar\/#organization","name":"Informe Litoral","url":"https:\/\/informelitoral.com.ar\/","logo":{"@type":"ImageObject","inLanguage":"es","@id":"https:\/\/informelitoral.com.ar\/#\/schema\/logo\/image\/","url":"https:\/\/informelitoral.com.ar\/%77%70%2d%63%6f%6e%74%65%6e%74\/uploads\/2021\/01\/circulo.png","contentUrl":"https:\/\/informelitoral.com.ar\/%77%70%2d%63%6f%6e%74%65%6e%74\/uploads\/2021\/01\/circulo.png","width":723,"height":731,"caption":"Informe Litoral"},"image":{"@id":"https:\/\/informelitoral.com.ar\/#\/schema\/logo\/image\/"},"sameAs":["https:\/\/www.facebook.com\/informelitoral\/","https:\/\/x.com\/InformeLitoral","https:\/\/www.instagram.com\/informelitoral\/","https:\/\/www.youtube.com\/channel\/UCua4Qvz8Icb6MYqhoq9xLXw"]},{"@type":"Person","@id":"https:\/\/informelitoral.com.ar\/#\/schema\/person\/b9d00407c836482871ef1d57bf8e3180","name":"Gonzalo Schmidt","image":{"@type":"ImageObject","inLanguage":"es","@id":"https:\/\/secure.gravatar.com\/avatar\/31a1a7b66ff2de83bd0e9fd79d026630d2d99e55e8bfe501287647b4fd9743de?s=96&d=mm&r=g","url":"https:\/\/secure.gravatar.com\/avatar\/31a1a7b66ff2de83bd0e9fd79d026630d2d99e55e8bfe501287647b4fd9743de?s=96&d=mm&r=g","contentUrl":"https:\/\/secure.gravatar.com\/avatar\/31a1a7b66ff2de83bd0e9fd79d026630d2d99e55e8bfe501287647b4fd9743de?s=96&d=mm&r=g","caption":"Gonzalo Schmidt"},"description":"Sitio web de noticias de la provincia de Entre R\u00edos, Argentina. Informaci\u00f3n y entretenimiento. Informe Litoral, nos informamos.","sameAs":["http:\/\/www.isletasnoticias.com.ar"],"url":"https:\/\/informelitoral.com.ar\/author\/gonzalo\/"}]}},"_links":{"self":[{"href":"https:\/\/informelitoral.com.ar\/%77%70%2d%6a%73%6f%6e\/wp\/v2\/posts\/24241","targetHints":{"allow":["GET"]}}],"collection":[{"href":"https:\/\/informelitoral.com.ar\/%77%70%2d%6a%73%6f%6e\/wp\/v2\/posts"}],"about":[{"href":"https:\/\/informelitoral.com.ar\/%77%70%2d%6a%73%6f%6e\/wp\/v2\/types\/post"}],"author":[{"embeddable":true,"href":"https:\/\/informelitoral.com.ar\/%77%70%2d%6a%73%6f%6e\/wp\/v2\/users\/2"}],"replies":[{"embeddable":true,"href":"https:\/\/informelitoral.com.ar\/%77%70%2d%6a%73%6f%6e\/wp\/v2\/comments?post=24241"}],"version-history":[{"count":0,"href":"https:\/\/informelitoral.com.ar\/%77%70%2d%6a%73%6f%6e\/wp\/v2\/posts\/24241\/revisions"}],"wp:attachment":[{"href":"https:\/\/informelitoral.com.ar\/%77%70%2d%6a%73%6f%6e\/wp\/v2\/media?parent=24241"}],"wp:term":[{"taxonomy":"category","embeddable":true,"href":"https:\/\/informelitoral.com.ar\/%77%70%2d%6a%73%6f%6e\/wp\/v2\/categories?post=24241"},{"taxonomy":"post_tag","embeddable":true,"href":"https:\/\/informelitoral.com.ar\/%77%70%2d%6a%73%6f%6e\/wp\/v2\/tags?post=24241"}],"curies":[{"name":"wp","href":"https:\/\/api.w.org\/{rel}","templated":true}]}}