{"id":242402,"date":"2025-12-03T19:23:32","date_gmt":"2025-12-03T22:23:32","guid":{"rendered":"https:\/\/informelitoral.com.ar\/?p=242402"},"modified":"2025-12-03T19:23:32","modified_gmt":"2025-12-03T22:23:32","slug":"coopar-informo-la-conformacion-de-su-nuevo-consejo-directivo","status":"publish","type":"post","link":"https:\/\/informelitoral.com.ar\/coopar-informo-la-conformacion-de-su-nuevo-consejo-directivo\/","title":{"rendered":"Coopar inform\u00f3 la conformaci\u00f3n de su nuevo Consejo Directivo"},"content":{"rendered":"<p>El encuentro \u2014que cont\u00f3 con una amplia participaci\u00f3n de asociados\u2014 se desarroll\u00f3 en cumplimiento de las disposiciones legales y estatutarias vigentes. En esta instancia se trataron las Memorias y Balances del Ejercicio Econ\u00f3mico comprendido entre el 1 de julio de 2024 y el 30 de junio de 2025, adem\u00e1s de los puntos previstos en el orden del d\u00eda.<\/p>\n<p>Uno de los temas centrales fue la renovaci\u00f3n parcial del Consejo de Administraci\u00f3n y del \u00f3rgano de fiscalizaci\u00f3n, con la elecci\u00f3n de tres consejeros titulares, tres suplentes y los s\u00edndicos titular y suplente.<\/p>\n<h2><strong>Consejo Directivo 2025\u20132026<\/strong><\/h2>\n<p><strong>Presidente:<\/strong> Gonzalo Eduardo Salgado<br \/>\n<strong>Vicepresidente:<\/strong> Juan Adolfo Balbi<br \/>\n<strong>Secretario:<\/strong> Nelson H\u00e9ctor Reula<br \/>\n<strong>Prosecretario:<\/strong> Sebasti\u00e1n A. Negri Aranguren<br \/>\n<strong>Tesorero:<\/strong> H\u00e9ctor Oscar Rodr\u00edguez<br \/>\n<strong>Protesorero:<\/strong> Ra\u00fal Bernardo Muller<\/p>\n<p><strong>Vocales titulares:<\/strong><br \/>\n\u2022 Einar Lorenzo Moleres<br \/>\n\u2022 Dar\u00edo Marcelo Miler<br \/>\n\u2022 Germ\u00e1n Gustavo Flotron<\/p>\n<p><strong>Vocales suplentes:<\/strong><br \/>\n\u2022 Norberto Rom\u00e1n Valdemar\u00edn<br \/>\n\u2022 Javier Mar\u00eda Bravo D\u00b4Andre<br \/>\n\u2022 Mart\u00edn Lionel Mar\u00eda Tessore<\/p>\n<p><strong>S\u00edndico Titular:<\/strong> Daniel Maximiliano Wollert<br \/>\n<strong>S\u00edndico Suplente:<\/strong> Augusto Berruhet<\/p>\n<p>COOPAR agradeci\u00f3 la participaci\u00f3n activa de los asociados y reafirm\u00f3 su compromiso con el fortalecimiento institucional, el acompa\u00f1amiento al productor y el desarrollo cooperativo en la regi\u00f3n.<\/p>\n<h6><strong><em>Del archivo:\u00a0<a href=\"https:\/\/informelitoral.com.ar\/caur-de-general-ramirez-realizo-su-asamblea-anual-con-balance-positivo\/\" target=\"_blank\" rel=\"noopener\">CAUR de General Ram\u00edrez realiz\u00f3 su asamblea anual con balance positivo<\/a><\/em><\/strong><\/h6>\n<p><em><strong><a href=\"https:\/\/informelitoral.com.ar\/miguel-laurencena-y-el-desafio-de-seducir-a-los-jovenes-para-que-se-integren-a-las-cooperativas\/\" target=\"_blank\" rel=\"noopener\">Miguel Laurencena y el desaf\u00edo de seducir a los j\u00f3venes para que se integren a las cooperativas<\/a><\/strong><\/em><\/p>\n","protected":false},"excerpt":{"rendered":"<p>La Cooperativa Agr\u00edcola, Ganadera y de Servicios P\u00fablicos Aranguren Limitada (COOPAR) inform\u00f3 la conformaci\u00f3n de su nuevo Consejo Directivo, tras la Asamblea General Ordinaria realizada el pasado 31 de octubre en el sal\u00f3n auditorio de la instituci\u00f3n.<\/p>\n","protected":false},"author":2,"featured_media":242403,"comment_status":"open","ping_status":"open","sticky":false,"template":"","format":"standard","meta":{"fifu_image_url":"","fifu_image_alt":"","footnotes":""},"categories":[10],"tags":[143,1611,137],"class_list":{"0":"post-242402","1":"post","2":"type-post","3":"status-publish","4":"format-standard","5":"has-post-thumbnail","7":"category-campo","8":"tag-aranguren","9":"tag-coopar","10":"tag-cooperativa"},"yoast_head":"<title>Coopar inform\u00f3 la conformaci\u00f3n de su nuevo Consejo Directivo - Informe Litoral<\/title>\n<meta name=\"robots\" content=\"index, follow, max-snippet:-1, max-image-preview:large, max-video-preview:-1\" \/>\n<link rel=\"canonical\" href=\"https:\/\/informelitoral.com.ar\/coopar-informo-la-conformacion-de-su-nuevo-consejo-directivo\/\" \/>\n<meta property=\"og:locale\" content=\"es_ES\" \/>\n<meta property=\"og:type\" content=\"article\" \/>\n<meta property=\"og:title\" content=\"Coopar inform\u00f3 la conformaci\u00f3n de su nuevo Consejo Directivo - Informe Litoral\" \/>\n<meta property=\"og:description\" content=\"La Cooperativa Agr\u00edcola, Ganadera y de Servicios P\u00fablicos Aranguren Limitada (COOPAR) inform\u00f3 la conformaci\u00f3n de su nuevo Consejo Directivo, tras la Asamblea General Ordinaria realizada el pasado 31 de octubre en el sal\u00f3n auditorio de la instituci\u00f3n.\" \/>\n<meta property=\"og:url\" content=\"https:\/\/informelitoral.com.ar\/coopar-informo-la-conformacion-de-su-nuevo-consejo-directivo\/\" \/>\n<meta property=\"og:site_name\" content=\"Informe Litoral\" \/>\n<meta property=\"article:publisher\" content=\"https:\/\/www.facebook.com\/informelitoral\/\" \/>\n<meta property=\"article:published_time\" content=\"2025-12-03T22:23:32+00:00\" \/>\n<meta property=\"og:image\" content=\"https:\/\/drive.google.com\/https:\/\/lh3.googleusercontent.com\/drive-storage\/AJQWtBPpWnzrFh_UqOXjNFa5zl8e33Ixm8alRxhbk7_LQe4ii8g_1qw-FpdVGq54N0mPfUG-tT7aN-9FCrp5B1zQ4_d_d9cVR_pSlEcVH3CsMtMrTuE=2048-h2048\" \/>\n\t<meta property=\"og:image:width\" content=\"1024\" \/>\n\t<meta property=\"og:image:height\" content=\"1024\" \/>\n\t<meta property=\"og:image:type\" content=\"image\/jpeg\" \/>\n<meta name=\"author\" content=\"Gonzalo Schmidt\" \/>\n<meta name=\"twitter:card\" content=\"summary_large_image\" \/>\n<meta name=\"twitter:creator\" content=\"@InformeLitoral\" \/>\n<meta name=\"twitter:site\" content=\"@InformeLitoral\" \/>\n<meta name=\"twitter:label1\" content=\"Escrito por\" \/>\n\t<meta name=\"twitter:data1\" content=\"Gonzalo Schmidt\" \/>\n\t<meta name=\"twitter:label2\" content=\"Tiempo de lectura\" \/>\n\t<meta name=\"twitter:data2\" content=\"2 minutos\" \/>\n<script type=\"application\/ld+json\" class=\"yoast-schema-graph\">{\"@context\":\"https:\\\/\\\/schema.org\",\"@graph\":[{\"@type\":\"Article\",\"@id\":\"https:\\\/\\\/informelitoral.com.ar\\\/coopar-informo-la-conformacion-de-su-nuevo-consejo-directivo\\\/#article\",\"isPartOf\":{\"@id\":\"https:\\\/\\\/informelitoral.com.ar\\\/coopar-informo-la-conformacion-de-su-nuevo-consejo-directivo\\\/\"},\"author\":{\"name\":\"Gonzalo Schmidt\",\"@id\":\"https:\\\/\\\/informelitoral.com.ar\\\/#\\\/schema\\\/person\\\/b9d00407c836482871ef1d57bf8e3180\"},\"headline\":\"Coopar inform\u00f3 la conformaci\u00f3n de su nuevo Consejo Directivo\",\"datePublished\":\"2025-12-03T22:23:32+00:00\",\"mainEntityOfPage\":{\"@id\":\"https:\\\/\\\/informelitoral.com.ar\\\/coopar-informo-la-conformacion-de-su-nuevo-consejo-directivo\\\/\"},\"wordCount\":244,\"commentCount\":0,\"publisher\":{\"@id\":\"https:\\\/\\\/informelitoral.com.ar\\\/#organization\"},\"image\":{\"@id\":\"https:\\\/\\\/informelitoral.com.ar\\\/coopar-informo-la-conformacion-de-su-nuevo-consejo-directivo\\\/#primaryimage\"},\"thumbnailUrl\":\"https:\\\/\\\/drive.google.com\\\/thumbnail?id=1K10b_zJj-CcU4Yh-0IpBGpGm33Upppnx&sz=w2048\",\"keywords\":[\"Aranguren\",\"Coopar\",\"Cooperativa\"],\"articleSection\":[\"Campo\"],\"inLanguage\":\"es\",\"potentialAction\":[{\"@type\":\"CommentAction\",\"name\":\"Comment\",\"target\":[\"https:\\\/\\\/informelitoral.com.ar\\\/coopar-informo-la-conformacion-de-su-nuevo-consejo-directivo\\\/#respond\"]}]},{\"@type\":\"WebPage\",\"@id\":\"https:\\\/\\\/informelitoral.com.ar\\\/coopar-informo-la-conformacion-de-su-nuevo-consejo-directivo\\\/\",\"url\":\"https:\\\/\\\/informelitoral.com.ar\\\/coopar-informo-la-conformacion-de-su-nuevo-consejo-directivo\\\/\",\"name\":\"Coopar inform\u00f3 la conformaci\u00f3n de su nuevo Consejo Directivo - Informe Litoral\",\"isPartOf\":{\"@id\":\"https:\\\/\\\/informelitoral.com.ar\\\/#website\"},\"primaryImageOfPage\":{\"@id\":\"https:\\\/\\\/informelitoral.com.ar\\\/coopar-informo-la-conformacion-de-su-nuevo-consejo-directivo\\\/#primaryimage\"},\"image\":{\"@id\":\"https:\\\/\\\/informelitoral.com.ar\\\/coopar-informo-la-conformacion-de-su-nuevo-consejo-directivo\\\/#primaryimage\"},\"thumbnailUrl\":\"https:\\\/\\\/drive.google.com\\\/thumbnail?id=1K10b_zJj-CcU4Yh-0IpBGpGm33Upppnx&sz=w2048\",\"datePublished\":\"2025-12-03T22:23:32+00:00\",\"breadcrumb\":{\"@id\":\"https:\\\/\\\/informelitoral.com.ar\\\/coopar-informo-la-conformacion-de-su-nuevo-consejo-directivo\\\/#breadcrumb\"},\"inLanguage\":\"es\",\"potentialAction\":[{\"@type\":\"ReadAction\",\"target\":[\"https:\\\/\\\/informelitoral.com.ar\\\/coopar-informo-la-conformacion-de-su-nuevo-consejo-directivo\\\/\"]}]},{\"@type\":\"ImageObject\",\"inLanguage\":\"es\",\"@id\":\"https:\\\/\\\/informelitoral.com.ar\\\/coopar-informo-la-conformacion-de-su-nuevo-consejo-directivo\\\/#primaryimage\",\"url\":\"https:\\\/\\\/drive.google.com\\\/thumbnail?id=1K10b_zJj-CcU4Yh-0IpBGpGm33Upppnx&sz=w2048\",\"contentUrl\":\"https:\\\/\\\/drive.google.com\\\/thumbnail?id=1K10b_zJj-CcU4Yh-0IpBGpGm33Upppnx&sz=w2048\",\"width\":1600,\"height\":1067},{\"@type\":\"BreadcrumbList\",\"@id\":\"https:\\\/\\\/informelitoral.com.ar\\\/coopar-informo-la-conformacion-de-su-nuevo-consejo-directivo\\\/#breadcrumb\",\"itemListElement\":[{\"@type\":\"ListItem\",\"position\":1,\"name\":\"Portada\",\"item\":\"https:\\\/\\\/informelitoral.com.ar\\\/\"},{\"@type\":\"ListItem\",\"position\":2,\"name\":\"Coopar inform\u00f3 la conformaci\u00f3n de su nuevo Consejo Directivo\"}]},{\"@type\":\"WebSite\",\"@id\":\"https:\\\/\\\/informelitoral.com.ar\\\/#website\",\"url\":\"https:\\\/\\\/informelitoral.com.ar\\\/\",\"name\":\"Informe Litoral\",\"description\":\"&quot;Nos informamos&quot; \",\"publisher\":{\"@id\":\"https:\\\/\\\/informelitoral.com.ar\\\/#organization\"},\"potentialAction\":[{\"@type\":\"SearchAction\",\"target\":{\"@type\":\"EntryPoint\",\"urlTemplate\":\"https:\\\/\\\/informelitoral.com.ar\\\/?s={search_term_string}\"},\"query-input\":{\"@type\":\"PropertyValueSpecification\",\"valueRequired\":true,\"valueName\":\"search_term_string\"}}],\"inLanguage\":\"es\"},{\"@type\":\"Organization\",\"@id\":\"https:\\\/\\\/informelitoral.com.ar\\\/#organization\",\"name\":\"Informe Litoral\",\"url\":\"https:\\\/\\\/informelitoral.com.ar\\\/\",\"logo\":{\"@type\":\"ImageObject\",\"inLanguage\":\"es\",\"@id\":\"https:\\\/\\\/informelitoral.com.ar\\\/#\\\/schema\\\/logo\\\/image\\\/\",\"url\":\"https:\\\/\\\/informelitoral.com.ar\\\/%77%70%2d%63%6f%6e%74%65%6e%74\\\/uploads\\\/2021\\\/01\\\/circulo.png\",\"contentUrl\":\"https:\\\/\\\/informelitoral.com.ar\\\/%77%70%2d%63%6f%6e%74%65%6e%74\\\/uploads\\\/2021\\\/01\\\/circulo.png\",\"width\":723,\"height\":731,\"caption\":\"Informe Litoral\"},\"image\":{\"@id\":\"https:\\\/\\\/informelitoral.com.ar\\\/#\\\/schema\\\/logo\\\/image\\\/\"},\"sameAs\":[\"https:\\\/\\\/www.facebook.com\\\/informelitoral\\\/\",\"https:\\\/\\\/x.com\\\/InformeLitoral\",\"https:\\\/\\\/www.instagram.com\\\/informelitoral\\\/\",\"https:\\\/\\\/www.youtube.com\\\/channel\\\/UCua4Qvz8Icb6MYqhoq9xLXw\"]},{\"@type\":\"Person\",\"@id\":\"https:\\\/\\\/informelitoral.com.ar\\\/#\\\/schema\\\/person\\\/b9d00407c836482871ef1d57bf8e3180\",\"name\":\"Gonzalo Schmidt\",\"image\":{\"@type\":\"ImageObject\",\"inLanguage\":\"es\",\"@id\":\"https:\\\/\\\/secure.gravatar.com\\\/avatar\\\/31a1a7b66ff2de83bd0e9fd79d026630d2d99e55e8bfe501287647b4fd9743de?s=96&d=mm&r=g\",\"url\":\"https:\\\/\\\/secure.gravatar.com\\\/avatar\\\/31a1a7b66ff2de83bd0e9fd79d026630d2d99e55e8bfe501287647b4fd9743de?s=96&d=mm&r=g\",\"contentUrl\":\"https:\\\/\\\/secure.gravatar.com\\\/avatar\\\/31a1a7b66ff2de83bd0e9fd79d026630d2d99e55e8bfe501287647b4fd9743de?s=96&d=mm&r=g\",\"caption\":\"Gonzalo Schmidt\"},\"description\":\"Sitio web de noticias de la provincia de Entre R\u00edos, Argentina. Informaci\u00f3n y entretenimiento. Informe Litoral, nos informamos.\",\"sameAs\":[\"http:\\\/\\\/www.isletasnoticias.com.ar\"],\"url\":\"https:\\\/\\\/informelitoral.com.ar\\\/author\\\/gonzalo\\\/\"}]}<\/script>","yoast_head_json":{"title":"Coopar inform\u00f3 la conformaci\u00f3n de su nuevo Consejo Directivo - Informe Litoral","robots":{"index":"index","follow":"follow","max-snippet":"max-snippet:-1","max-image-preview":"max-image-preview:large","max-video-preview":"max-video-preview:-1"},"canonical":"https:\/\/informelitoral.com.ar\/coopar-informo-la-conformacion-de-su-nuevo-consejo-directivo\/","og_locale":"es_ES","og_type":"article","og_title":"Coopar inform\u00f3 la conformaci\u00f3n de su nuevo Consejo Directivo - Informe Litoral","og_description":"La Cooperativa Agr\u00edcola, Ganadera y de Servicios P\u00fablicos Aranguren Limitada (COOPAR) inform\u00f3 la conformaci\u00f3n de su nuevo Consejo Directivo, tras la Asamblea General Ordinaria realizada el pasado 31 de octubre en el sal\u00f3n auditorio de la instituci\u00f3n.","og_url":"https:\/\/informelitoral.com.ar\/coopar-informo-la-conformacion-de-su-nuevo-consejo-directivo\/","og_site_name":"Informe Litoral","article_publisher":"https:\/\/www.facebook.com\/informelitoral\/","article_published_time":"2025-12-03T22:23:32+00:00","og_image":[{"width":1024,"height":1024,"url":"https:\/\/drive.google.com\/https:\/\/lh3.googleusercontent.com\/drive-storage\/AJQWtBPpWnzrFh_UqOXjNFa5zl8e33Ixm8alRxhbk7_LQe4ii8g_1qw-FpdVGq54N0mPfUG-tT7aN-9FCrp5B1zQ4_d_d9cVR_pSlEcVH3CsMtMrTuE=2048-h2048","type":"image\/jpeg"}],"author":"Gonzalo Schmidt","twitter_card":"summary_large_image","twitter_creator":"@InformeLitoral","twitter_site":"@InformeLitoral","twitter_misc":{"Escrito por":"Gonzalo Schmidt","Tiempo de lectura":"2 minutos"},"schema":{"@context":"https:\/\/schema.org","@graph":[{"@type":"Article","@id":"https:\/\/informelitoral.com.ar\/coopar-informo-la-conformacion-de-su-nuevo-consejo-directivo\/#article","isPartOf":{"@id":"https:\/\/informelitoral.com.ar\/coopar-informo-la-conformacion-de-su-nuevo-consejo-directivo\/"},"author":{"name":"Gonzalo Schmidt","@id":"https:\/\/informelitoral.com.ar\/#\/schema\/person\/b9d00407c836482871ef1d57bf8e3180"},"headline":"Coopar inform\u00f3 la conformaci\u00f3n de su nuevo Consejo Directivo","datePublished":"2025-12-03T22:23:32+00:00","mainEntityOfPage":{"@id":"https:\/\/informelitoral.com.ar\/coopar-informo-la-conformacion-de-su-nuevo-consejo-directivo\/"},"wordCount":244,"commentCount":0,"publisher":{"@id":"https:\/\/informelitoral.com.ar\/#organization"},"image":{"@id":"https:\/\/informelitoral.com.ar\/coopar-informo-la-conformacion-de-su-nuevo-consejo-directivo\/#primaryimage"},"thumbnailUrl":"https:\/\/drive.google.com\/thumbnail?id=1K10b_zJj-CcU4Yh-0IpBGpGm33Upppnx&sz=w2048","keywords":["Aranguren","Coopar","Cooperativa"],"articleSection":["Campo"],"inLanguage":"es","potentialAction":[{"@type":"CommentAction","name":"Comment","target":["https:\/\/informelitoral.com.ar\/coopar-informo-la-conformacion-de-su-nuevo-consejo-directivo\/#respond"]}]},{"@type":"WebPage","@id":"https:\/\/informelitoral.com.ar\/coopar-informo-la-conformacion-de-su-nuevo-consejo-directivo\/","url":"https:\/\/informelitoral.com.ar\/coopar-informo-la-conformacion-de-su-nuevo-consejo-directivo\/","name":"Coopar inform\u00f3 la conformaci\u00f3n de su nuevo Consejo Directivo - Informe Litoral","isPartOf":{"@id":"https:\/\/informelitoral.com.ar\/#website"},"primaryImageOfPage":{"@id":"https:\/\/informelitoral.com.ar\/coopar-informo-la-conformacion-de-su-nuevo-consejo-directivo\/#primaryimage"},"image":{"@id":"https:\/\/informelitoral.com.ar\/coopar-informo-la-conformacion-de-su-nuevo-consejo-directivo\/#primaryimage"},"thumbnailUrl":"https:\/\/drive.google.com\/thumbnail?id=1K10b_zJj-CcU4Yh-0IpBGpGm33Upppnx&sz=w2048","datePublished":"2025-12-03T22:23:32+00:00","breadcrumb":{"@id":"https:\/\/informelitoral.com.ar\/coopar-informo-la-conformacion-de-su-nuevo-consejo-directivo\/#breadcrumb"},"inLanguage":"es","potentialAction":[{"@type":"ReadAction","target":["https:\/\/informelitoral.com.ar\/coopar-informo-la-conformacion-de-su-nuevo-consejo-directivo\/"]}]},{"@type":"ImageObject","inLanguage":"es","@id":"https:\/\/informelitoral.com.ar\/coopar-informo-la-conformacion-de-su-nuevo-consejo-directivo\/#primaryimage","url":"https:\/\/drive.google.com\/thumbnail?id=1K10b_zJj-CcU4Yh-0IpBGpGm33Upppnx&sz=w2048","contentUrl":"https:\/\/drive.google.com\/thumbnail?id=1K10b_zJj-CcU4Yh-0IpBGpGm33Upppnx&sz=w2048","width":1600,"height":1067},{"@type":"BreadcrumbList","@id":"https:\/\/informelitoral.com.ar\/coopar-informo-la-conformacion-de-su-nuevo-consejo-directivo\/#breadcrumb","itemListElement":[{"@type":"ListItem","position":1,"name":"Portada","item":"https:\/\/informelitoral.com.ar\/"},{"@type":"ListItem","position":2,"name":"Coopar inform\u00f3 la conformaci\u00f3n de su nuevo Consejo Directivo"}]},{"@type":"WebSite","@id":"https:\/\/informelitoral.com.ar\/#website","url":"https:\/\/informelitoral.com.ar\/","name":"Informe Litoral","description":"&quot;Nos informamos&quot; ","publisher":{"@id":"https:\/\/informelitoral.com.ar\/#organization"},"potentialAction":[{"@type":"SearchAction","target":{"@type":"EntryPoint","urlTemplate":"https:\/\/informelitoral.com.ar\/?s={search_term_string}"},"query-input":{"@type":"PropertyValueSpecification","valueRequired":true,"valueName":"search_term_string"}}],"inLanguage":"es"},{"@type":"Organization","@id":"https:\/\/informelitoral.com.ar\/#organization","name":"Informe Litoral","url":"https:\/\/informelitoral.com.ar\/","logo":{"@type":"ImageObject","inLanguage":"es","@id":"https:\/\/informelitoral.com.ar\/#\/schema\/logo\/image\/","url":"https:\/\/informelitoral.com.ar\/%77%70%2d%63%6f%6e%74%65%6e%74\/uploads\/2021\/01\/circulo.png","contentUrl":"https:\/\/informelitoral.com.ar\/%77%70%2d%63%6f%6e%74%65%6e%74\/uploads\/2021\/01\/circulo.png","width":723,"height":731,"caption":"Informe Litoral"},"image":{"@id":"https:\/\/informelitoral.com.ar\/#\/schema\/logo\/image\/"},"sameAs":["https:\/\/www.facebook.com\/informelitoral\/","https:\/\/x.com\/InformeLitoral","https:\/\/www.instagram.com\/informelitoral\/","https:\/\/www.youtube.com\/channel\/UCua4Qvz8Icb6MYqhoq9xLXw"]},{"@type":"Person","@id":"https:\/\/informelitoral.com.ar\/#\/schema\/person\/b9d00407c836482871ef1d57bf8e3180","name":"Gonzalo Schmidt","image":{"@type":"ImageObject","inLanguage":"es","@id":"https:\/\/secure.gravatar.com\/avatar\/31a1a7b66ff2de83bd0e9fd79d026630d2d99e55e8bfe501287647b4fd9743de?s=96&d=mm&r=g","url":"https:\/\/secure.gravatar.com\/avatar\/31a1a7b66ff2de83bd0e9fd79d026630d2d99e55e8bfe501287647b4fd9743de?s=96&d=mm&r=g","contentUrl":"https:\/\/secure.gravatar.com\/avatar\/31a1a7b66ff2de83bd0e9fd79d026630d2d99e55e8bfe501287647b4fd9743de?s=96&d=mm&r=g","caption":"Gonzalo Schmidt"},"description":"Sitio web de noticias de la provincia de Entre R\u00edos, Argentina. Informaci\u00f3n y entretenimiento. Informe Litoral, nos informamos.","sameAs":["http:\/\/www.isletasnoticias.com.ar"],"url":"https:\/\/informelitoral.com.ar\/author\/gonzalo\/"}]}},"_links":{"self":[{"href":"https:\/\/informelitoral.com.ar\/%77%70%2d%6a%73%6f%6e\/wp\/v2\/posts\/242402","targetHints":{"allow":["GET"]}}],"collection":[{"href":"https:\/\/informelitoral.com.ar\/%77%70%2d%6a%73%6f%6e\/wp\/v2\/posts"}],"about":[{"href":"https:\/\/informelitoral.com.ar\/%77%70%2d%6a%73%6f%6e\/wp\/v2\/types\/post"}],"author":[{"embeddable":true,"href":"https:\/\/informelitoral.com.ar\/%77%70%2d%6a%73%6f%6e\/wp\/v2\/users\/2"}],"replies":[{"embeddable":true,"href":"https:\/\/informelitoral.com.ar\/%77%70%2d%6a%73%6f%6e\/wp\/v2\/comments?post=242402"}],"version-history":[{"count":1,"href":"https:\/\/informelitoral.com.ar\/%77%70%2d%6a%73%6f%6e\/wp\/v2\/posts\/242402\/revisions"}],"predecessor-version":[{"id":242404,"href":"https:\/\/informelitoral.com.ar\/%77%70%2d%6a%73%6f%6e\/wp\/v2\/posts\/242402\/revisions\/242404"}],"wp:featuredmedia":[{"embeddable":true,"href":"https:\/\/informelitoral.com.ar\/%77%70%2d%6a%73%6f%6e\/wp\/v2\/media\/242403"}],"wp:attachment":[{"href":"https:\/\/informelitoral.com.ar\/%77%70%2d%6a%73%6f%6e\/wp\/v2\/media?parent=242402"}],"wp:term":[{"taxonomy":"category","embeddable":true,"href":"https:\/\/informelitoral.com.ar\/%77%70%2d%6a%73%6f%6e\/wp\/v2\/categories?post=242402"},{"taxonomy":"post_tag","embeddable":true,"href":"https:\/\/informelitoral.com.ar\/%77%70%2d%6a%73%6f%6e\/wp\/v2\/tags?post=242402"}],"curies":[{"name":"wp","href":"https:\/\/api.w.org\/{rel}","templated":true}]}}