{"id":242392,"date":"2025-12-03T17:45:00","date_gmt":"2025-12-03T20:45:00","guid":{"rendered":"https:\/\/informelitoral.com.ar\/?p=242392"},"modified":"2025-12-03T17:52:33","modified_gmt":"2025-12-03T20:52:33","slug":"los-primeros-cazas-f-16-llegaran-al-pais-este-viernes","status":"publish","type":"post","link":"https:\/\/informelitoral.com.ar\/los-primeros-cazas-f-16-llegaran-al-pais-este-viernes\/","title":{"rendered":"Los primeros cazas F-16 llegar\u00e1n al pa\u00eds este viernes"},"content":{"rendered":"<p class=\"paragraph\" data-mrf-recirculation=\"Links inline\">Tras la compra de los\u00a0<b>cazas F-16\u00a0<\/b>por\u00a0<b>300 millones de d\u00f3lares<\/b>, corre el tiempo de descuento para la llegada al pa\u00eds de los aviones. El ministerio de Defensa, a cargo de\u00a0<b>Luis Petri<\/b>, se muestra activo con los avances en la log\u00edstica del traslado, a d\u00edas de que el ministro\u00a0<a title=\"https:\/\/www.infobae.com\/politica\/2025\/12\/01\/luis-petri-podria-cambiar-a-la-cupula-de-las-ffaa-antes-de-dejar-el-ministerio-y-prepara-un-acto-con-javier-milei-y-los-f-16\/\" href=\"https:\/\/www.infobae.com\/politica\/2025\/12\/01\/luis-petri-podria-cambiar-a-la-cupula-de-las-ffaa-antes-de-dejar-el-ministerio-y-prepara-un-acto-con-javier-milei-y-los-f-16\/\" target=\"_blank\" rel=\"noopener noreferrer\" data-mrf-link=\"https:\/\/www.infobae.com\/politica\/2025\/12\/01\/luis-petri-podria-cambiar-a-la-cupula-de-las-ffaa-antes-de-dejar-el-ministerio-y-prepara-un-acto-con-javier-milei-y-los-f-16\/\">deje su lugar para asumir como diputado<\/a>. Est\u00e1 en curso el desembarco de la primera tanda de\u00a0<b>seis aeronaves<\/b>, de las 24 adquiridas por el Gobierno, que inici\u00f3 su recorrido hacia territorio argentino.<\/p>\n<p class=\"paragraph\" data-mrf-recirculation=\"Links inline\">Desde su partida desde el\u00a0<b>Reino de Dinamarca<\/b>, los primeros seis F-16 hicieron escala recientemente en\u00a0<b>Zaragoza<\/b>, en Espa\u00f1a. El itinerario luego continu\u00f3 a\u00a0<b>Canarias<\/b>, desde donde, posteriormente, realizaron el cruce transatl\u00e1ntico hacia\u00a0<b>Sudam\u00e9rica<\/b>.<\/p>\n<div class=\"visual__image\"><picture><source srcset=\"https:\/\/www.infobae.com\/resizer\/v2\/7XW6QNRQAFGNHCXMCJQMQJCFCI.jpg?auth=ba742d05b6244952420ae0a9df215a7edcb943fdb285a381f8972fde3738fc87&amp;smart=true&amp;width=992&amp;height=558&amp;quality=85\" media=\"(min-width: 1000px)\" \/><source srcset=\"https:\/\/www.infobae.com\/resizer\/v2\/7XW6QNRQAFGNHCXMCJQMQJCFCI.jpg?auth=ba742d05b6244952420ae0a9df215a7edcb943fdb285a381f8972fde3738fc87&amp;smart=true&amp;width=768&amp;height=432&amp;quality=85\" media=\"(min-width: 768px)\" \/><source srcset=\"https:\/\/www.infobae.com\/resizer\/v2\/7XW6QNRQAFGNHCXMCJQMQJCFCI.jpg?auth=ba742d05b6244952420ae0a9df215a7edcb943fdb285a381f8972fde3738fc87&amp;smart=true&amp;width=577&amp;height=325&amp;quality=85\" media=\"(min-width: 580px)\" \/><source srcset=\"https:\/\/www.infobae.com\/resizer\/v2\/7XW6QNRQAFGNHCXMCJQMQJCFCI.jpg?auth=ba742d05b6244952420ae0a9df215a7edcb943fdb285a381f8972fde3738fc87&amp;smart=true&amp;width=420&amp;height=236&amp;quality=85\" media=\"(min-width: 350px)\" \/><source srcset=\"https:\/\/www.infobae.com\/resizer\/v2\/7XW6QNRQAFGNHCXMCJQMQJCFCI.jpg?auth=ba742d05b6244952420ae0a9df215a7edcb943fdb285a381f8972fde3738fc87&amp;smart=true&amp;width=350&amp;height=197&amp;quality=85\" media=\"(min-width: 80px)\" \/><img loading=\"lazy\" decoding=\"async\" class=\"global-image\" src=\"https:\/\/www.infobae.com\/resizer\/v2\/7XW6QNRQAFGNHCXMCJQMQJCFCI.jpg?auth=ba742d05b6244952420ae0a9df215a7edcb943fdb285a381f8972fde3738fc87&amp;smart=true&amp;width=350&amp;height=197&amp;quality=85\" alt=\"El primer grupo de seis\" width=\"1920\" height=\"1080\" \/><\/picture><\/div>\n<p class=\"paragraph\" data-mrf-recirculation=\"Links inline\">La primera base sobre suelo americano es la ciudad norte\u00f1a de\u00a0<b>Natal<\/b>, en\u00a0<b>Brasil<\/b>, uno de los puntos de ingreso al continente. El operativo de traslado incluye el respaldo log\u00edstico de tres aeronaves: un\u00a0<b>H\u00e9rcules<\/b>, un\u00a0<b>Boeing 737-700\u00a0<\/b>y un\u00a0<b>KC-135R Stratotanker\u00a0<\/b>de reabastecimiento en vuelo, perteneciente a la Fuerza A\u00e9rea de los Estados Unidos.<\/p>\n<p class=\"paragraph\" data-mrf-recirculation=\"Links inline\">El arribo de la escuadrilla al territorio argentino est\u00e1 programado para el\u00a0<b>viernes 5<\/b>. Este trayecto marca el desenlace de una traves\u00eda internacional significativa para la flota de los veinticuatro aviones\u00a0<b>caza F16 Fighting<\/b>, una de las aeronaves militares de\u00a0<b>cuarta generaci\u00f3n\u00a0<\/b>m\u00e1s utilizadas en el mundo.<\/p>\n<div class=\"visual__image\"><picture><source srcset=\"https:\/\/www.infobae.com\/resizer\/v2\/VUGLSAIBJZCOJF5S3PVQF27O5Q.jpg?auth=54da69e5771647d70d1d79f20b7a32ff7c5ef5670b92afe9bbbc05552d3c570c&amp;smart=true&amp;width=992&amp;height=558&amp;quality=85\" media=\"(min-width: 1000px)\" \/><source srcset=\"https:\/\/www.infobae.com\/resizer\/v2\/VUGLSAIBJZCOJF5S3PVQF27O5Q.jpg?auth=54da69e5771647d70d1d79f20b7a32ff7c5ef5670b92afe9bbbc05552d3c570c&amp;smart=true&amp;width=768&amp;height=432&amp;quality=85\" media=\"(min-width: 768px)\" \/><source srcset=\"https:\/\/www.infobae.com\/resizer\/v2\/VUGLSAIBJZCOJF5S3PVQF27O5Q.jpg?auth=54da69e5771647d70d1d79f20b7a32ff7c5ef5670b92afe9bbbc05552d3c570c&amp;smart=true&amp;width=577&amp;height=325&amp;quality=85\" media=\"(min-width: 580px)\" \/><source srcset=\"https:\/\/www.infobae.com\/resizer\/v2\/VUGLSAIBJZCOJF5S3PVQF27O5Q.jpg?auth=54da69e5771647d70d1d79f20b7a32ff7c5ef5670b92afe9bbbc05552d3c570c&amp;smart=true&amp;width=420&amp;height=236&amp;quality=85\" media=\"(min-width: 350px)\" \/><source srcset=\"https:\/\/www.infobae.com\/resizer\/v2\/VUGLSAIBJZCOJF5S3PVQF27O5Q.jpg?auth=54da69e5771647d70d1d79f20b7a32ff7c5ef5670b92afe9bbbc05552d3c570c&amp;smart=true&amp;width=350&amp;height=197&amp;quality=85\" media=\"(min-width: 80px)\" \/><img loading=\"lazy\" decoding=\"async\" class=\"global-image\" src=\"https:\/\/www.infobae.com\/resizer\/v2\/VUGLSAIBJZCOJF5S3PVQF27O5Q.jpg?auth=54da69e5771647d70d1d79f20b7a32ff7c5ef5670b92afe9bbbc05552d3c570c&amp;smart=true&amp;width=350&amp;height=197&amp;quality=85\" alt=\"Los cazas F-16 a Argentina\" width=\"1920\" height=\"1080\" \/><\/picture><\/div>\n<p class=\"paragraph\" data-mrf-recirculation=\"Links inline\">Apenas finalice su trayecto internacional, la flota de cazas F-16 tiene prevista una serie de maniobras en distintas localidades estrat\u00e9gicas de Argentina. Lo previsto es que, inmediatamente despu\u00e9s de su llegada, los d\u00edas 6 y 7 ser\u00e1 el turno de la\u00a0<b>Ciudad de Buenos Aires<\/b>.<\/p>\n<p class=\"paragraph\" data-mrf-recirculation=\"Links inline\">En esta etapa, los cazas realizar\u00e1n varias pasadas sobre la Capital Federal, siguiendo rutas espec\u00edficas que incluyen distintos tramos del eje\u00a0<b>Avenida de Mayo\u00a0<\/b>hasta la\u00a0<b>Casa Rosada<\/b>.<\/p>\n<p class=\"paragraph\" data-mrf-recirculation=\"Links inline\">Entre el 7 y el 8 de diciembre, se baraja la posibilidad de extensiones en el itinerario, con maniobras similares sobre\u00a0<b>Mendoza<\/b>,\u00a0<b>San Luis\u00a0<\/b>y la\u00a0<b>ciudad de C\u00f3rdoba<\/b>. Aunque estas operaciones en el interior del pa\u00eds a\u00fan no presentan confirmaci\u00f3n oficial, forman parte de los planes contemplados por el Ministerio de Defensa para exponer a los F-16 reci\u00e9n incorporados a la\u00a0<b>Fuerza A\u00e9rea Argentina<\/b>.<\/p>\n<div class=\"visual__image\"><picture><source srcset=\"https:\/\/www.infobae.com\/resizer\/v2\/UPQYIAG6TNB4JABNSA235GV5ZY.jpg?auth=7687ec3c9e5775d3fde1aaf366509601dfcc648cd04467cd87e57b353cbbde22&amp;smart=true&amp;width=992&amp;height=558&amp;quality=85\" media=\"(min-width: 1000px)\" \/><source srcset=\"https:\/\/www.infobae.com\/resizer\/v2\/UPQYIAG6TNB4JABNSA235GV5ZY.jpg?auth=7687ec3c9e5775d3fde1aaf366509601dfcc648cd04467cd87e57b353cbbde22&amp;smart=true&amp;width=768&amp;height=432&amp;quality=85\" media=\"(min-width: 768px)\" \/><source srcset=\"https:\/\/www.infobae.com\/resizer\/v2\/UPQYIAG6TNB4JABNSA235GV5ZY.jpg?auth=7687ec3c9e5775d3fde1aaf366509601dfcc648cd04467cd87e57b353cbbde22&amp;smart=true&amp;width=577&amp;height=325&amp;quality=85\" media=\"(min-width: 580px)\" \/><source srcset=\"https:\/\/www.infobae.com\/resizer\/v2\/UPQYIAG6TNB4JABNSA235GV5ZY.jpg?auth=7687ec3c9e5775d3fde1aaf366509601dfcc648cd04467cd87e57b353cbbde22&amp;smart=true&amp;width=420&amp;height=236&amp;quality=85\" media=\"(min-width: 350px)\" \/><source srcset=\"https:\/\/www.infobae.com\/resizer\/v2\/UPQYIAG6TNB4JABNSA235GV5ZY.jpg?auth=7687ec3c9e5775d3fde1aaf366509601dfcc648cd04467cd87e57b353cbbde22&amp;smart=true&amp;width=350&amp;height=197&amp;quality=85\" media=\"(min-width: 80px)\" \/><img loading=\"lazy\" decoding=\"async\" class=\"global-image\" src=\"https:\/\/www.infobae.com\/resizer\/v2\/UPQYIAG6TNB4JABNSA235GV5ZY.jpg?auth=7687ec3c9e5775d3fde1aaf366509601dfcc648cd04467cd87e57b353cbbde22&amp;smart=true&amp;width=350&amp;height=197&amp;quality=85\" alt=\"\" width=\"1920\" height=\"1080\" \/><\/picture><\/div>\n<p class=\"paragraph\" data-mrf-recirculation=\"Links inline\">El cronograma de presentaciones culmina con un\u00a0<b>acto formal<\/b>: los F-16 ser\u00e1n presentados oficialmente en la base militar de\u00a0<b>R\u00edo Cuarto\u00a0<\/b>el\u00a0<b>viernes 12\u00a0<\/b>del mes, antes las autoridades castrenses y la opini\u00f3n p\u00fablica.<\/p>\n<h2 class=\"header headline-class-h2 headline\"><strong>Las caracter\u00edsticas de la flotilla de F-16<\/strong><\/h2>\n<p class=\"paragraph\" data-mrf-recirculation=\"Links inline\">De acuerdo a la informaci\u00f3n oficial del Ministerio de Defensa, la composici\u00f3n de esta primera entrega incluye\u00a0<b>dos monoplaza F-16AM\u00a0<\/b>y cuatro biplaza\u00a0<b>F-16BM<\/b>. Ambos modelos, distinguibles por su configuraci\u00f3n de cabinas, est\u00e1n preparados para cumplir diversas misiones t\u00e1cticas y de entrenamiento, lo cual ampl\u00eda la flexibilidad en las operaciones de la Fuerza A\u00e9rea Argentina.<\/p>\n<p class=\"paragraph\" data-mrf-recirculation=\"Links inline\">Las armas de guerra se adquirieron como parte de un\u00a0<b>acuerdo bilateral\u00a0<\/b>entre\u00a0<b>Argentina y Dinamarca<\/b>, con el\u00a0respaldo de\u00a0<b>Estados Unidos<\/b>. Estos F-16, conocidos por su desempe\u00f1o y por ser una de las plataformas de combate m\u00e1s utilizadas a nivel mundial, representan una incorporaci\u00f3n relevante para la modernizaci\u00f3n de la capacidad militar nacional.<\/p>\n<div class=\"visual__image\"><picture><source srcset=\"https:\/\/www.infobae.com\/resizer\/v2\/Z3SY5GN7PNG4ZBSJUO7KAYNTKY.jpg?auth=47da73f7a9d6158c975f0e7115f471cd340d4f11ae8cf4d9ea56054de13b5657&amp;smart=true&amp;width=992&amp;height=558&amp;quality=85\" media=\"(min-width: 1000px)\" \/><source srcset=\"https:\/\/www.infobae.com\/resizer\/v2\/Z3SY5GN7PNG4ZBSJUO7KAYNTKY.jpg?auth=47da73f7a9d6158c975f0e7115f471cd340d4f11ae8cf4d9ea56054de13b5657&amp;smart=true&amp;width=768&amp;height=432&amp;quality=85\" media=\"(min-width: 768px)\" \/><source srcset=\"https:\/\/www.infobae.com\/resizer\/v2\/Z3SY5GN7PNG4ZBSJUO7KAYNTKY.jpg?auth=47da73f7a9d6158c975f0e7115f471cd340d4f11ae8cf4d9ea56054de13b5657&amp;smart=true&amp;width=577&amp;height=325&amp;quality=85\" media=\"(min-width: 580px)\" \/><source srcset=\"https:\/\/www.infobae.com\/resizer\/v2\/Z3SY5GN7PNG4ZBSJUO7KAYNTKY.jpg?auth=47da73f7a9d6158c975f0e7115f471cd340d4f11ae8cf4d9ea56054de13b5657&amp;smart=true&amp;width=420&amp;height=236&amp;quality=85\" media=\"(min-width: 350px)\" \/><source srcset=\"https:\/\/www.infobae.com\/resizer\/v2\/Z3SY5GN7PNG4ZBSJUO7KAYNTKY.jpg?auth=47da73f7a9d6158c975f0e7115f471cd340d4f11ae8cf4d9ea56054de13b5657&amp;smart=true&amp;width=350&amp;height=197&amp;quality=85\" media=\"(min-width: 80px)\" \/><img loading=\"lazy\" decoding=\"async\" class=\"global-image\" src=\"https:\/\/www.infobae.com\/resizer\/v2\/Z3SY5GN7PNG4ZBSJUO7KAYNTKY.jpg?auth=47da73f7a9d6158c975f0e7115f471cd340d4f11ae8cf4d9ea56054de13b5657&amp;smart=true&amp;width=350&amp;height=197&amp;quality=85\" alt=\"(@luispetri)\" width=\"1920\" height=\"1080\" \/><\/picture><\/div>\n<p class=\"paragraph\" data-mrf-recirculation=\"Links inline\">La diferencia principal entre los modelos recibidos reside en su dise\u00f1o: los F-16AM est\u00e1n equipados para operaciones en solitario, mientras que los F-16BM incluyen doble cabina, lo que facilita la instrucci\u00f3n y capacitaci\u00f3n de nuevos aviadores. Ambas variantes forman parte de una l\u00ednea de cazas que cuenta con amplia experiencia de las fuerzas a\u00e9reas de otros pa\u00edses, adapt\u00e1ndose a misiones tanto defensivas como ofensivas.<\/p>\n<p class=\"paragraph\" data-mrf-recirculation=\"Links inline\">\u201cNuestros F-16 ya vuelan alto. El cielo argentino los espera y todo un pa\u00eds est\u00e1 contando los minutos. Prep\u00e1rense, porque lo que viene es hist\u00f3rico. Un d\u00eda que vamos a recordar para siempre, en el que la Argentina grande empieza a asomar\u201d, destac\u00f3 el ministro Petri, en sus cuentas de redes sociales.<\/p>\n<p class=\"paragraph\" data-mrf-recirculation=\"Links inline\">El arribo de los cazas F-16 implica cambios organizativos y mejoras en infraestructuras. Seg\u00fan desliz\u00f3 el ministro Luis Petri, la implementaci\u00f3n del denominado\u00a0<b>Programa F-16M<\/b>\u00a0representa una inversi\u00f3n de magnitud hist\u00f3rica para adecuar instalaciones en diferentes puntos del pa\u00eds, con miras a recibir y operar la nueva flota de aeronaves.<\/p>\n<div class=\"visual__image\"><picture><source srcset=\"https:\/\/www.infobae.com\/resizer\/v2\/5UO7JVCAK5EHNEIPRUJAUHARLA.jpg?auth=d63665d86a1c1e4bf5ceb017e1531f633abd656e8f37b6bd9c9c8b100d83375e&amp;smart=true&amp;width=992&amp;height=558&amp;quality=85\" media=\"(min-width: 1000px)\" \/><source srcset=\"https:\/\/www.infobae.com\/resizer\/v2\/5UO7JVCAK5EHNEIPRUJAUHARLA.jpg?auth=d63665d86a1c1e4bf5ceb017e1531f633abd656e8f37b6bd9c9c8b100d83375e&amp;smart=true&amp;width=768&amp;height=432&amp;quality=85\" media=\"(min-width: 768px)\" \/><source srcset=\"https:\/\/www.infobae.com\/resizer\/v2\/5UO7JVCAK5EHNEIPRUJAUHARLA.jpg?auth=d63665d86a1c1e4bf5ceb017e1531f633abd656e8f37b6bd9c9c8b100d83375e&amp;smart=true&amp;width=577&amp;height=325&amp;quality=85\" media=\"(min-width: 580px)\" \/><source srcset=\"https:\/\/www.infobae.com\/resizer\/v2\/5UO7JVCAK5EHNEIPRUJAUHARLA.jpg?auth=d63665d86a1c1e4bf5ceb017e1531f633abd656e8f37b6bd9c9c8b100d83375e&amp;smart=true&amp;width=420&amp;height=236&amp;quality=85\" media=\"(min-width: 350px)\" \/><source srcset=\"https:\/\/www.infobae.com\/resizer\/v2\/5UO7JVCAK5EHNEIPRUJAUHARLA.jpg?auth=d63665d86a1c1e4bf5ceb017e1531f633abd656e8f37b6bd9c9c8b100d83375e&amp;smart=true&amp;width=350&amp;height=197&amp;quality=85\" media=\"(min-width: 80px)\" \/><img loading=\"lazy\" decoding=\"async\" class=\"global-image\" src=\"https:\/\/www.infobae.com\/resizer\/v2\/5UO7JVCAK5EHNEIPRUJAUHARLA.jpg?auth=d63665d86a1c1e4bf5ceb017e1531f633abd656e8f37b6bd9c9c8b100d83375e&amp;smart=true&amp;width=350&amp;height=197&amp;quality=85\" alt=\"(@MinDefensa_Ar)\" width=\"1920\" height=\"1080\" \/><\/picture><\/div>\n<p class=\"paragraph\" data-mrf-recirculation=\"Links inline\">Entre los proyectos m\u00e1s avanzados, Petri detall\u00f3 que en el\u00a0<b>\u00c1rea Material R\u00edo Cuarto<\/b>, designada como base de operaciones inicial para el sistema de armas F-16, las obras de reacondicionamiento se encuentran en su\u00a0<b>fase final<\/b>. Los trabajos incluyen la renovaci\u00f3n completa de la plataforma militar y las calles de rodaje, esenciales para garantizar condiciones \u00f3ptimas de mantenimiento y operaci\u00f3n de las aeronaves.<\/p>\n<p class=\"paragraph\" data-mrf-recirculation=\"Links inline\">Por otra parte, la\u00a0<b>VI Brigada A\u00e9rea de Tandil\u00a0<\/b>fue seleccionada para albergar la formaci\u00f3n y capacitaci\u00f3n de pilotos y t\u00e9cnicos. All\u00ed ya se inaugur\u00f3 el\u00a0<b>Centro de Simulaci\u00f3n T\u00e1ctica F-16\u00a0<\/b>y se avanza en la construcci\u00f3n del Centro de Instrucci\u00f3n T\u00e9cnica. Esta sede tambi\u00e9n avanza con la construcci\u00f3n de nuevos hangares, el tendido de alambrados ol\u00edmpicos perimetrales, la creaci\u00f3n de un centro de monitoreo y la readecuaci\u00f3n de los dep\u00f3sitos.<\/p>\n<p class=\"paragraph\" data-mrf-recirculation=\"Links inline\">Todo el conjunto de obras apunta a lograr un entorno seguro, moderno y preparado para el desaf\u00edo de integrar los F-16 en la operatividad cotidiana de la Fuerza A\u00e9rea.<\/p>\n<p class=\"paragraph\" data-mrf-recirculation=\"Links inline\">\u201cEl F-16 tiene una gran capacidad para dialogar con todos los sistemas. Adem\u00e1s, operar esta aeronave requiere no solo de un\u00a0<b>piloto<\/b>, sino tambi\u00e9n de un\u00a0<b>mec\u00e1nico\u00a0<\/b>que lo asiste, un\u00a0<b>soldado\u00a0<\/b>que le brinda seguridad,\u00a0<b>personal que carga la informaci\u00f3n<\/b>\u00a0necesaria para que todas las librer\u00edas de guerra electr\u00f3nica est\u00e9n operativas en el avi\u00f3n, gente de\u00a0<b>comunicaciones inform\u00e1ticas\u00a0<\/b>para que el F-16 se pueda comunicar con los radares (y viceversa). Es un sistema muy complejo que est\u00e1 conformado por todas las especialidades, por eso es realmente un gran desaf\u00edo\u00bb,\u00a0<a title=\"https:\/\/www.infobae.com\/def\/2025\/11\/22\/f-16-para-argentina-el-jefe-de-la-fuerza-aerea-revelo-a-def-como-llegaran-los-aviones-caza-al-pais\/\" href=\"https:\/\/www.infobae.com\/def\/2025\/11\/22\/f-16-para-argentina-el-jefe-de-la-fuerza-aerea-revelo-a-def-como-llegaran-los-aviones-caza-al-pais\/\" target=\"_blank\" rel=\"noopener noreferrer\" data-mrf-link=\"https:\/\/www.infobae.com\/def\/2025\/11\/22\/f-16-para-argentina-el-jefe-de-la-fuerza-aerea-revelo-a-def-como-llegaran-los-aviones-caza-al-pais\/\">ilustr\u00f3 el jefe de la Fuerza A\u00e9rea<\/a>, brigadier mayor\u00a0<b>Gustavo Javier Valverde<\/b>.<\/p>\n","protected":false},"excerpt":{"rendered":"<p>La escuadrilla adquirida a Dinamarca finaliza su traves\u00eda internacional para incorporarse a la Fuerza A\u00e9rea Argentina.<\/p>\n","protected":false},"author":8,"featured_media":242394,"comment_status":"open","ping_status":"open","sticky":false,"template":"","format":"standard","meta":{"fifu_image_url":"https:\/\/elonce-media.elonce.com\/fotos\/2025\/12\/03\/e_1764776591_96040.webp","fifu_image_alt":"","footnotes":""},"categories":[7],"tags":[6261,6262],"class_list":{"0":"post-242392","1":"post","2":"type-post","3":"status-publish","4":"format-standard","5":"has-post-thumbnail","7":"category-nacionales","8":"tag-f-16","9":"tag-fuerza-aerea-argentina"},"yoast_head":"<title>Los primeros cazas F-16 llegar\u00e1n al pa\u00eds este viernes - Informe Litoral<\/title>\n<meta name=\"robots\" content=\"index, follow, max-snippet:-1, max-image-preview:large, max-video-preview:-1\" \/>\n<link rel=\"canonical\" href=\"https:\/\/informelitoral.com.ar\/los-primeros-cazas-f-16-llegaran-al-pais-este-viernes\/\" \/>\n<meta property=\"og:locale\" content=\"es_ES\" \/>\n<meta property=\"og:type\" content=\"article\" \/>\n<meta property=\"og:title\" content=\"Los primeros cazas F-16 llegar\u00e1n al pa\u00eds este viernes - Informe Litoral\" \/>\n<meta property=\"og:description\" content=\"La escuadrilla adquirida a Dinamarca finaliza su traves\u00eda internacional para incorporarse a la Fuerza A\u00e9rea Argentina.\" \/>\n<meta property=\"og:url\" content=\"https:\/\/informelitoral.com.ar\/los-primeros-cazas-f-16-llegaran-al-pais-este-viernes\/\" \/>\n<meta property=\"og:site_name\" content=\"Informe Litoral\" \/>\n<meta property=\"article:publisher\" content=\"https:\/\/www.facebook.com\/informelitoral\/\" \/>\n<meta property=\"article:published_time\" content=\"2025-12-03T20:45:00+00:00\" \/>\n<meta property=\"article:modified_time\" content=\"2025-12-03T20:52:33+00:00\" \/>\n<meta property=\"og:image\" content=\"https:\/\/elonce-media.elonce.com\/fotos\/2025\/12\/03\/e_1764776591_96040.webp\" \/>\n<meta name=\"author\" content=\"Sebastian\" \/>\n<meta name=\"twitter:card\" content=\"summary_large_image\" \/>\n<meta name=\"twitter:image\" content=\"https:\/\/elonce-media.elonce.com\/fotos\/2025\/12\/03\/e_1764776591_96040.webp\" \/>\n<meta name=\"twitter:creator\" content=\"@InformeLitoral\" \/>\n<meta name=\"twitter:site\" content=\"@InformeLitoral\" \/>\n<meta name=\"twitter:label1\" content=\"Escrito por\" \/>\n\t<meta name=\"twitter:data1\" content=\"Sebastian\" \/>\n\t<meta name=\"twitter:label2\" content=\"Tiempo de lectura\" \/>\n\t<meta name=\"twitter:data2\" content=\"6 minutos\" \/>\n<script type=\"application\/ld+json\" class=\"yoast-schema-graph\">{\"@context\":\"https:\\\/\\\/schema.org\",\"@graph\":[{\"@type\":\"Article\",\"@id\":\"https:\\\/\\\/informelitoral.com.ar\\\/los-primeros-cazas-f-16-llegaran-al-pais-este-viernes\\\/#article\",\"isPartOf\":{\"@id\":\"https:\\\/\\\/informelitoral.com.ar\\\/los-primeros-cazas-f-16-llegaran-al-pais-este-viernes\\\/\"},\"author\":{\"name\":\"Sebastian\",\"@id\":\"https:\\\/\\\/informelitoral.com.ar\\\/#\\\/schema\\\/person\\\/f05f9f461677119578717524b127d6d5\"},\"headline\":\"Los primeros cazas F-16 llegar\u00e1n al pa\u00eds este viernes\",\"datePublished\":\"2025-12-03T20:45:00+00:00\",\"dateModified\":\"2025-12-03T20:52:33+00:00\",\"mainEntityOfPage\":{\"@id\":\"https:\\\/\\\/informelitoral.com.ar\\\/los-primeros-cazas-f-16-llegaran-al-pais-este-viernes\\\/\"},\"wordCount\":1038,\"commentCount\":0,\"publisher\":{\"@id\":\"https:\\\/\\\/informelitoral.com.ar\\\/#organization\"},\"image\":{\"@id\":\"https:\\\/\\\/informelitoral.com.ar\\\/los-primeros-cazas-f-16-llegaran-al-pais-este-viernes\\\/#primaryimage\"},\"thumbnailUrl\":\"https:\\\/\\\/elonce-media.elonce.com\\\/fotos\\\/2025\\\/12\\\/03\\\/e_1764776591_96040.webp\",\"keywords\":[\"F-16\",\"Fuerza A\u00e9rea Argentina\"],\"articleSection\":[\"Nacionales\"],\"inLanguage\":\"es\",\"potentialAction\":[{\"@type\":\"CommentAction\",\"name\":\"Comment\",\"target\":[\"https:\\\/\\\/informelitoral.com.ar\\\/los-primeros-cazas-f-16-llegaran-al-pais-este-viernes\\\/#respond\"]}]},{\"@type\":\"WebPage\",\"@id\":\"https:\\\/\\\/informelitoral.com.ar\\\/los-primeros-cazas-f-16-llegaran-al-pais-este-viernes\\\/\",\"url\":\"https:\\\/\\\/informelitoral.com.ar\\\/los-primeros-cazas-f-16-llegaran-al-pais-este-viernes\\\/\",\"name\":\"Los primeros cazas F-16 llegar\u00e1n al pa\u00eds este viernes - Informe Litoral\",\"isPartOf\":{\"@id\":\"https:\\\/\\\/informelitoral.com.ar\\\/#website\"},\"primaryImageOfPage\":{\"@id\":\"https:\\\/\\\/informelitoral.com.ar\\\/los-primeros-cazas-f-16-llegaran-al-pais-este-viernes\\\/#primaryimage\"},\"image\":{\"@id\":\"https:\\\/\\\/informelitoral.com.ar\\\/los-primeros-cazas-f-16-llegaran-al-pais-este-viernes\\\/#primaryimage\"},\"thumbnailUrl\":\"https:\\\/\\\/elonce-media.elonce.com\\\/fotos\\\/2025\\\/12\\\/03\\\/e_1764776591_96040.webp\",\"datePublished\":\"2025-12-03T20:45:00+00:00\",\"dateModified\":\"2025-12-03T20:52:33+00:00\",\"breadcrumb\":{\"@id\":\"https:\\\/\\\/informelitoral.com.ar\\\/los-primeros-cazas-f-16-llegaran-al-pais-este-viernes\\\/#breadcrumb\"},\"inLanguage\":\"es\",\"potentialAction\":[{\"@type\":\"ReadAction\",\"target\":[\"https:\\\/\\\/informelitoral.com.ar\\\/los-primeros-cazas-f-16-llegaran-al-pais-este-viernes\\\/\"]}]},{\"@type\":\"ImageObject\",\"inLanguage\":\"es\",\"@id\":\"https:\\\/\\\/informelitoral.com.ar\\\/los-primeros-cazas-f-16-llegaran-al-pais-este-viernes\\\/#primaryimage\",\"url\":\"https:\\\/\\\/elonce-media.elonce.com\\\/fotos\\\/2025\\\/12\\\/03\\\/e_1764776591_96040.webp\",\"contentUrl\":\"https:\\\/\\\/elonce-media.elonce.com\\\/fotos\\\/2025\\\/12\\\/03\\\/e_1764776591_96040.webp\",\"width\":\"900\",\"height\":\"600\"},{\"@type\":\"BreadcrumbList\",\"@id\":\"https:\\\/\\\/informelitoral.com.ar\\\/los-primeros-cazas-f-16-llegaran-al-pais-este-viernes\\\/#breadcrumb\",\"itemListElement\":[{\"@type\":\"ListItem\",\"position\":1,\"name\":\"Portada\",\"item\":\"https:\\\/\\\/informelitoral.com.ar\\\/\"},{\"@type\":\"ListItem\",\"position\":2,\"name\":\"Los primeros cazas F-16 llegar\u00e1n al pa\u00eds este viernes\"}]},{\"@type\":\"WebSite\",\"@id\":\"https:\\\/\\\/informelitoral.com.ar\\\/#website\",\"url\":\"https:\\\/\\\/informelitoral.com.ar\\\/\",\"name\":\"Informe Litoral\",\"description\":\"&quot;Nos informamos&quot; \",\"publisher\":{\"@id\":\"https:\\\/\\\/informelitoral.com.ar\\\/#organization\"},\"potentialAction\":[{\"@type\":\"SearchAction\",\"target\":{\"@type\":\"EntryPoint\",\"urlTemplate\":\"https:\\\/\\\/informelitoral.com.ar\\\/?s={search_term_string}\"},\"query-input\":{\"@type\":\"PropertyValueSpecification\",\"valueRequired\":true,\"valueName\":\"search_term_string\"}}],\"inLanguage\":\"es\"},{\"@type\":\"Organization\",\"@id\":\"https:\\\/\\\/informelitoral.com.ar\\\/#organization\",\"name\":\"Informe Litoral\",\"url\":\"https:\\\/\\\/informelitoral.com.ar\\\/\",\"logo\":{\"@type\":\"ImageObject\",\"inLanguage\":\"es\",\"@id\":\"https:\\\/\\\/informelitoral.com.ar\\\/#\\\/schema\\\/logo\\\/image\\\/\",\"url\":\"https:\\\/\\\/informelitoral.com.ar\\\/%77%70%2d%63%6f%6e%74%65%6e%74\\\/uploads\\\/2021\\\/01\\\/circulo.png\",\"contentUrl\":\"https:\\\/\\\/informelitoral.com.ar\\\/%77%70%2d%63%6f%6e%74%65%6e%74\\\/uploads\\\/2021\\\/01\\\/circulo.png\",\"width\":723,\"height\":731,\"caption\":\"Informe Litoral\"},\"image\":{\"@id\":\"https:\\\/\\\/informelitoral.com.ar\\\/#\\\/schema\\\/logo\\\/image\\\/\"},\"sameAs\":[\"https:\\\/\\\/www.facebook.com\\\/informelitoral\\\/\",\"https:\\\/\\\/x.com\\\/InformeLitoral\",\"https:\\\/\\\/www.instagram.com\\\/informelitoral\\\/\",\"https:\\\/\\\/www.youtube.com\\\/channel\\\/UCua4Qvz8Icb6MYqhoq9xLXw\"]},{\"@type\":\"Person\",\"@id\":\"https:\\\/\\\/informelitoral.com.ar\\\/#\\\/schema\\\/person\\\/f05f9f461677119578717524b127d6d5\",\"name\":\"Sebastian\",\"image\":{\"@type\":\"ImageObject\",\"inLanguage\":\"es\",\"@id\":\"https:\\\/\\\/secure.gravatar.com\\\/avatar\\\/b71bf7481d447dfb9583c7f2798e7cc64de6efb9067b74633ed8c31059a3bd82?s=96&d=mm&r=g\",\"url\":\"https:\\\/\\\/secure.gravatar.com\\\/avatar\\\/b71bf7481d447dfb9583c7f2798e7cc64de6efb9067b74633ed8c31059a3bd82?s=96&d=mm&r=g\",\"contentUrl\":\"https:\\\/\\\/secure.gravatar.com\\\/avatar\\\/b71bf7481d447dfb9583c7f2798e7cc64de6efb9067b74633ed8c31059a3bd82?s=96&d=mm&r=g\",\"caption\":\"Sebastian\"},\"url\":\"https:\\\/\\\/informelitoral.com.ar\\\/author\\\/sebastian\\\/\"}]}<\/script>","yoast_head_json":{"title":"Los primeros cazas F-16 llegar\u00e1n al pa\u00eds este viernes - Informe Litoral","robots":{"index":"index","follow":"follow","max-snippet":"max-snippet:-1","max-image-preview":"max-image-preview:large","max-video-preview":"max-video-preview:-1"},"canonical":"https:\/\/informelitoral.com.ar\/los-primeros-cazas-f-16-llegaran-al-pais-este-viernes\/","og_locale":"es_ES","og_type":"article","og_title":"Los primeros cazas F-16 llegar\u00e1n al pa\u00eds este viernes - Informe Litoral","og_description":"La escuadrilla adquirida a Dinamarca finaliza su traves\u00eda internacional para incorporarse a la Fuerza A\u00e9rea Argentina.","og_url":"https:\/\/informelitoral.com.ar\/los-primeros-cazas-f-16-llegaran-al-pais-este-viernes\/","og_site_name":"Informe Litoral","article_publisher":"https:\/\/www.facebook.com\/informelitoral\/","article_published_time":"2025-12-03T20:45:00+00:00","article_modified_time":"2025-12-03T20:52:33+00:00","og_image":[{"url":"https:\/\/elonce-media.elonce.com\/fotos\/2025\/12\/03\/e_1764776591_96040.webp","type":"","width":"","height":""}],"author":"Sebastian","twitter_card":"summary_large_image","twitter_image":"https:\/\/elonce-media.elonce.com\/fotos\/2025\/12\/03\/e_1764776591_96040.webp","twitter_creator":"@InformeLitoral","twitter_site":"@InformeLitoral","twitter_misc":{"Escrito por":"Sebastian","Tiempo de lectura":"6 minutos"},"schema":{"@context":"https:\/\/schema.org","@graph":[{"@type":"Article","@id":"https:\/\/informelitoral.com.ar\/los-primeros-cazas-f-16-llegaran-al-pais-este-viernes\/#article","isPartOf":{"@id":"https:\/\/informelitoral.com.ar\/los-primeros-cazas-f-16-llegaran-al-pais-este-viernes\/"},"author":{"name":"Sebastian","@id":"https:\/\/informelitoral.com.ar\/#\/schema\/person\/f05f9f461677119578717524b127d6d5"},"headline":"Los primeros cazas F-16 llegar\u00e1n al pa\u00eds este viernes","datePublished":"2025-12-03T20:45:00+00:00","dateModified":"2025-12-03T20:52:33+00:00","mainEntityOfPage":{"@id":"https:\/\/informelitoral.com.ar\/los-primeros-cazas-f-16-llegaran-al-pais-este-viernes\/"},"wordCount":1038,"commentCount":0,"publisher":{"@id":"https:\/\/informelitoral.com.ar\/#organization"},"image":{"@id":"https:\/\/informelitoral.com.ar\/los-primeros-cazas-f-16-llegaran-al-pais-este-viernes\/#primaryimage"},"thumbnailUrl":"https:\/\/elonce-media.elonce.com\/fotos\/2025\/12\/03\/e_1764776591_96040.webp","keywords":["F-16","Fuerza A\u00e9rea Argentina"],"articleSection":["Nacionales"],"inLanguage":"es","potentialAction":[{"@type":"CommentAction","name":"Comment","target":["https:\/\/informelitoral.com.ar\/los-primeros-cazas-f-16-llegaran-al-pais-este-viernes\/#respond"]}]},{"@type":"WebPage","@id":"https:\/\/informelitoral.com.ar\/los-primeros-cazas-f-16-llegaran-al-pais-este-viernes\/","url":"https:\/\/informelitoral.com.ar\/los-primeros-cazas-f-16-llegaran-al-pais-este-viernes\/","name":"Los primeros cazas F-16 llegar\u00e1n al pa\u00eds este viernes - Informe Litoral","isPartOf":{"@id":"https:\/\/informelitoral.com.ar\/#website"},"primaryImageOfPage":{"@id":"https:\/\/informelitoral.com.ar\/los-primeros-cazas-f-16-llegaran-al-pais-este-viernes\/#primaryimage"},"image":{"@id":"https:\/\/informelitoral.com.ar\/los-primeros-cazas-f-16-llegaran-al-pais-este-viernes\/#primaryimage"},"thumbnailUrl":"https:\/\/elonce-media.elonce.com\/fotos\/2025\/12\/03\/e_1764776591_96040.webp","datePublished":"2025-12-03T20:45:00+00:00","dateModified":"2025-12-03T20:52:33+00:00","breadcrumb":{"@id":"https:\/\/informelitoral.com.ar\/los-primeros-cazas-f-16-llegaran-al-pais-este-viernes\/#breadcrumb"},"inLanguage":"es","potentialAction":[{"@type":"ReadAction","target":["https:\/\/informelitoral.com.ar\/los-primeros-cazas-f-16-llegaran-al-pais-este-viernes\/"]}]},{"@type":"ImageObject","inLanguage":"es","@id":"https:\/\/informelitoral.com.ar\/los-primeros-cazas-f-16-llegaran-al-pais-este-viernes\/#primaryimage","url":"https:\/\/elonce-media.elonce.com\/fotos\/2025\/12\/03\/e_1764776591_96040.webp","contentUrl":"https:\/\/elonce-media.elonce.com\/fotos\/2025\/12\/03\/e_1764776591_96040.webp","width":"900","height":"600"},{"@type":"BreadcrumbList","@id":"https:\/\/informelitoral.com.ar\/los-primeros-cazas-f-16-llegaran-al-pais-este-viernes\/#breadcrumb","itemListElement":[{"@type":"ListItem","position":1,"name":"Portada","item":"https:\/\/informelitoral.com.ar\/"},{"@type":"ListItem","position":2,"name":"Los primeros cazas F-16 llegar\u00e1n al pa\u00eds este viernes"}]},{"@type":"WebSite","@id":"https:\/\/informelitoral.com.ar\/#website","url":"https:\/\/informelitoral.com.ar\/","name":"Informe Litoral","description":"&quot;Nos informamos&quot; ","publisher":{"@id":"https:\/\/informelitoral.com.ar\/#organization"},"potentialAction":[{"@type":"SearchAction","target":{"@type":"EntryPoint","urlTemplate":"https:\/\/informelitoral.com.ar\/?s={search_term_string}"},"query-input":{"@type":"PropertyValueSpecification","valueRequired":true,"valueName":"search_term_string"}}],"inLanguage":"es"},{"@type":"Organization","@id":"https:\/\/informelitoral.com.ar\/#organization","name":"Informe Litoral","url":"https:\/\/informelitoral.com.ar\/","logo":{"@type":"ImageObject","inLanguage":"es","@id":"https:\/\/informelitoral.com.ar\/#\/schema\/logo\/image\/","url":"https:\/\/informelitoral.com.ar\/%77%70%2d%63%6f%6e%74%65%6e%74\/uploads\/2021\/01\/circulo.png","contentUrl":"https:\/\/informelitoral.com.ar\/%77%70%2d%63%6f%6e%74%65%6e%74\/uploads\/2021\/01\/circulo.png","width":723,"height":731,"caption":"Informe Litoral"},"image":{"@id":"https:\/\/informelitoral.com.ar\/#\/schema\/logo\/image\/"},"sameAs":["https:\/\/www.facebook.com\/informelitoral\/","https:\/\/x.com\/InformeLitoral","https:\/\/www.instagram.com\/informelitoral\/","https:\/\/www.youtube.com\/channel\/UCua4Qvz8Icb6MYqhoq9xLXw"]},{"@type":"Person","@id":"https:\/\/informelitoral.com.ar\/#\/schema\/person\/f05f9f461677119578717524b127d6d5","name":"Sebastian","image":{"@type":"ImageObject","inLanguage":"es","@id":"https:\/\/secure.gravatar.com\/avatar\/b71bf7481d447dfb9583c7f2798e7cc64de6efb9067b74633ed8c31059a3bd82?s=96&d=mm&r=g","url":"https:\/\/secure.gravatar.com\/avatar\/b71bf7481d447dfb9583c7f2798e7cc64de6efb9067b74633ed8c31059a3bd82?s=96&d=mm&r=g","contentUrl":"https:\/\/secure.gravatar.com\/avatar\/b71bf7481d447dfb9583c7f2798e7cc64de6efb9067b74633ed8c31059a3bd82?s=96&d=mm&r=g","caption":"Sebastian"},"url":"https:\/\/informelitoral.com.ar\/author\/sebastian\/"}]}},"fifu_image_url":"https:\/\/elonce-media.elonce.com\/fotos\/2025\/12\/03\/e_1764776591_96040.webp","_links":{"self":[{"href":"https:\/\/informelitoral.com.ar\/%77%70%2d%6a%73%6f%6e\/wp\/v2\/posts\/242392","targetHints":{"allow":["GET"]}}],"collection":[{"href":"https:\/\/informelitoral.com.ar\/%77%70%2d%6a%73%6f%6e\/wp\/v2\/posts"}],"about":[{"href":"https:\/\/informelitoral.com.ar\/%77%70%2d%6a%73%6f%6e\/wp\/v2\/types\/post"}],"author":[{"embeddable":true,"href":"https:\/\/informelitoral.com.ar\/%77%70%2d%6a%73%6f%6e\/wp\/v2\/users\/8"}],"replies":[{"embeddable":true,"href":"https:\/\/informelitoral.com.ar\/%77%70%2d%6a%73%6f%6e\/wp\/v2\/comments?post=242392"}],"version-history":[{"count":2,"href":"https:\/\/informelitoral.com.ar\/%77%70%2d%6a%73%6f%6e\/wp\/v2\/posts\/242392\/revisions"}],"predecessor-version":[{"id":242395,"href":"https:\/\/informelitoral.com.ar\/%77%70%2d%6a%73%6f%6e\/wp\/v2\/posts\/242392\/revisions\/242395"}],"wp:featuredmedia":[{"embeddable":true,"href":"https:\/\/informelitoral.com.ar\/%77%70%2d%6a%73%6f%6e\/wp\/v2\/media\/242394"}],"wp:attachment":[{"href":"https:\/\/informelitoral.com.ar\/%77%70%2d%6a%73%6f%6e\/wp\/v2\/media?parent=242392"}],"wp:term":[{"taxonomy":"category","embeddable":true,"href":"https:\/\/informelitoral.com.ar\/%77%70%2d%6a%73%6f%6e\/wp\/v2\/categories?post=242392"},{"taxonomy":"post_tag","embeddable":true,"href":"https:\/\/informelitoral.com.ar\/%77%70%2d%6a%73%6f%6e\/wp\/v2\/tags?post=242392"}],"curies":[{"name":"wp","href":"https:\/\/api.w.org\/{rel}","templated":true}]}}