{"id":24231,"date":"2017-12-20T07:30:03","date_gmt":"2017-12-20T10:30:03","guid":{"rendered":"http:\/\/www.isletasnoticias.com.ar\/?p=24231"},"modified":"2017-12-20T07:30:03","modified_gmt":"2017-12-20T10:30:03","slug":"a-los-76-anos-murio-el-actor-lito-cruz","status":"publish","type":"post","link":"https:\/\/informelitoral.com.ar\/a-los-76-anos-murio-el-actor-lito-cruz\/","title":{"rendered":"A los 76 a\u00f1os muri\u00f3 el actor Lito Cruz"},"content":{"rendered":"<div class=\"post-right\">\n<p class=\"post-excerpt\"><strong>El artista falleci\u00f3 a los 76 a\u00f1os. Estaba solo en su casa y fue hallado por su hija el martes a la tarde. El artista fue due\u00f1o de una extensa trayectoria y fue un \u00edcono del cine argentino.<a href=\"http:\/\/www.isletasnoticias.com.ar\/%77%70%2d%63%6f%6e%74%65%6e%74\/uploads\/2017\/12\/rkWUKMvfG_930x525.jpg\"><img loading=\"lazy\" decoding=\"async\" class=\"aligncenter wp-image-24232 size-full\" src=\"http:\/\/www.isletasnoticias.com.ar\/%77%70%2d%63%6f%6e%74%65%6e%74\/uploads\/2017\/12\/rkWUKMvfG_930x525.jpg\" alt=\"\" width=\"930\" height=\"525\" srcset=\"https:\/\/informelitoral.com.ar\/%77%70%2d%63%6f%6e%74%65%6e%74\/uploads\/2017\/12\/rkWUKMvfG_930x525.jpg 930w, https:\/\/informelitoral.com.ar\/%77%70%2d%63%6f%6e%74%65%6e%74\/uploads\/2017\/12\/rkWUKMvfG_930x525-300x169.jpg 300w, https:\/\/informelitoral.com.ar\/%77%70%2d%63%6f%6e%74%65%6e%74\/uploads\/2017\/12\/rkWUKMvfG_930x525-768x434.jpg 768w\" sizes=\"auto, (max-width: 930px) 100vw, 930px\" \/><\/a><\/strong><\/p>\n<\/div>\n<div class=\"post-body-inner\">\n<p>El actor\u00a0<strong>Lito Cruz<\/strong>\u00a0<strong>falleci\u00f3 el martes a los 76 a\u00f1os<\/strong>. El cuerpo sin vida fue hallado por su hija\u00a0<strong>Micaela<\/strong>, luego de haberlo llamado durante el d\u00eda sin respuesta.<\/p>\n<p>Cuando encontr\u00f3 a su padre, Micaela llam\u00f3 a la Polic\u00eda de la Ciudad y al Same, que confirm\u00f3 el deceso, inform\u00f3<em>\u00a0La Naci\u00f3n.<\/em><\/p>\n<p>La mujer hab\u00eda hablado con \u00e9l el d\u00eda anterior, y confirm\u00f3 que su padre estaba en perfectas condiciones. El cuerpo ser\u00e1 velado en la funeraria Zuccotti el mi\u00e9rcoles.\u00a0<strong>A\u00fan no se conocen las causas de la muerte.<\/strong><\/p>\n<p><strong>Una extensa trayectoria\u00a0<a class=\"thickbox\" href=\"http:\/\/www.entremediosweb.com\/%77%70%2d%63%6f%6e%74%65%6e%74\/uploads\/2017\/12\/teatro-2595018w640.jpg\"><img loading=\"lazy\" decoding=\"async\" class=\"aligncenter wp-image-48800 size-large\" src=\"http:\/\/www.entremediosweb.com\/%77%70%2d%63%6f%6e%74%65%6e%74\/uploads\/2017\/12\/teatro-2595018w640-640x360.jpg\" sizes=\"auto, (max-width: 640px) 100vw, 640px\" srcset=\"http:\/\/www.entremediosweb.com\/%77%70%2d%63%6f%6e%74%65%6e%74\/uploads\/2017\/12\/teatro-2595018w640.jpg 640w, http:\/\/www.entremediosweb.com\/%77%70%2d%63%6f%6e%74%65%6e%74\/uploads\/2017\/12\/teatro-2595018w640-240x135.jpg 240w, http:\/\/www.entremediosweb.com\/%77%70%2d%63%6f%6e%74%65%6e%74\/uploads\/2017\/12\/teatro-2595018w640-400x225.jpg 400w\" alt=\"\" width=\"640\" height=\"360\" \/><\/a><\/strong><br \/>\nSu comienzo art\u00edstico fue a los 15 a\u00f1os en grupos independientes de teatro su ciudad natal, Berisso. Al finalizar la escuela secundaria, en La Plata, contin\u00faa su trabajo en grupos de autogesti\u00f3n. En 1961 se traslad\u00f3 a Buenos Aires, donde comparte sus estudios de teatro, con la Facultad de Arquitectura y Urbanisno y es aqu\u00ed donde comienza sus primeros trabajos profesionales como actor, de 1961 a 1964, debutando como actor a los 18 a\u00f1os en el teatro Tafs de la ciudad de Rojas, Provincia de Buenos Aires.<\/p>\n<p>En 1965 viaja a Chile para perfeccionar sus estudios de Teatro en el ITUCH (Instituto de Teatro Universitario de Chile), la escuela m\u00e1s importante de Latinoam\u00e9rica en ese momento. En 1968 retorna a Buenos Aires y comienza sus trabajos m\u00e1s importantes como actor en Teatro. En 1969 funda con Augusto Fernandes el Grupo ETEBA (Equipo de Teatro Experimental de Bs. As.), culminando esta experiencia con una puesta del grupo con la obra La Leyenda de Pedro, basada en la pieza Peer Gynt de Ibsen, encarnando el personaje protag\u00f3nico. Este espect\u00e1culo caus\u00f3 gran conmoci\u00f3n en Europa, participando en los Festivales de Nancy, Berl\u00edn y Florencia. En 1972, el mismo grupo participa en las Olimp\u00edadas de M\u00fanich, con la obra El Sapo y La Serpiente, basada en un cuento griego y dirigida por Augusto Fernandes.<\/p>\n<p>Inicia su actividad en la ense\u00f1anza, como Profesor de Actuaci\u00f3n en el Conservatorio Nacional de Arte Dram\u00e1tico. En este mismo a\u00f1o comienza su carrera como Director de Teatro, con la obra El pupilo quiere ser autor, escrito por Peter Handke. A partir de este momento y hasta el a\u00f1o 1975 su actividad se reparte entre la ense\u00f1anza, la actuaci\u00f3n y la direcci\u00f3n, adem\u00e1s de sus estudios de perfeccionamiento de actuaci\u00f3n realizados en el exterior, principalmente en el Actors Studio de Lee Strasberg, habiendo sido becado por el gobierno de los Estados Unidos. Contratado por la Fundaci\u00f3n Goulvenkian de Portugal, realiza en 1975 un Seminario de Actuaci\u00f3n, en el Teatro Universitario de Porto, culminando con un espect\u00e1culo del grupo de trabajo. En 1993 y hasta 1993 contin\u00faa su trayectoria, asumiendo la Direcci\u00f3n del Teatro de La Ribera, realizando un trabajo comunitario integrando el teatro en los barrios. En 1995 asume como director de la Direcci\u00f3n Nacional de Teatro, dependencia de la Secretar\u00eda de Cultura de la Presidencia de la Naci\u00f3n.<\/p>\n<p>En televisi\u00f3n particip\u00f3 en m\u00e1s de 20 programas, entre ellos, Alta Comedia, Zona de riesgo, El garante, Tiempo final, Malandras, Mujeres Asesinas, Para vestir santos, El Elegido, La Leona.<\/p>\n<p>En cine estuvo en Don Segundo sombra, La frontera olvidada, Contragolpe, La isla, Darse cuenta, Sotto Voce, El juguete rabioso, Nada por perder, Vidas privadas, Historias breves IV, Chile 672, \u00bfDe qui\u00e9n es el portaligas?, La revoluci\u00f3n es un sue\u00f1o eterno, Gato negro y Los inocentes.<\/p>\n<p>Mientras que en teatro cumpli\u00f3 los roles de actor en: Ha llegado un inspector, Madera de reyes, El pupilo quiere ser tutor, El tiempo y los Conway, Juan Moreira, Hughie Guayaquil, El encuentro, Sue\u00f1os de milongueros, Todos eran mis hijos. Y como director estuvo a cargo de: El barrio del \u00c1ngel Gris, Cuba y su peque\u00f1o Teddy, El pupilo quiere ser tutor, Discursos, Tercero incluido, Chau, Misterix, Guayaquil? El encuentro, Pedir demasiado, As\u00ed de perras, Queridas m\u00edas, Alegato de un mamarracho, inconcluso, Siempre nada, Cuando me afeito, Parpentina, La gota que horada la piedra, No solo arte, En el pa\u00eds de Perbrum\u00f3n, muchos cuentos en un cuento, Situaci\u00f3n l\u00edmite, Extra\u00f1o juguete y Emperador Gynt.<\/p>\n<\/div>\n","protected":false},"excerpt":{"rendered":"<p>El artista falleci&oacute; a los 76 a&ntilde;os. Estaba solo en su casa y fue hallado por su hija el martes a la tarde. El artista fue due&ntilde;o de una extensa trayectoria y fue un &iacute;cono del cine argentino. El actor&nbsp;Lito Cruz&nbsp;falleci&oacute; el martes a los 76 a&ntilde;os. El cuerpo sin vida fue hallado por su [&hellip;]<\/p>\n","protected":false},"author":2,"featured_media":0,"comment_status":"open","ping_status":"open","sticky":false,"template":"","format":"standard","meta":{"fifu_image_url":"","fifu_image_alt":"","footnotes":""},"categories":[12],"tags":[],"class_list":{"0":"post-24231","1":"post","2":"type-post","3":"status-publish","4":"format-standard","6":"category-espectaculos"},"yoast_head":"<title>A los 76 a\u00f1os muri\u00f3 el actor Lito Cruz - Informe Litoral<\/title>\n<meta name=\"robots\" content=\"index, follow, max-snippet:-1, max-image-preview:large, max-video-preview:-1\" \/>\n<link rel=\"canonical\" href=\"https:\/\/informelitoral.com.ar\/a-los-76-anos-murio-el-actor-lito-cruz\/\" \/>\n<meta property=\"og:locale\" content=\"es_ES\" \/>\n<meta property=\"og:type\" content=\"article\" \/>\n<meta property=\"og:title\" content=\"A los 76 a\u00f1os muri\u00f3 el actor Lito Cruz - Informe Litoral\" \/>\n<meta property=\"og:description\" content=\"El artista falleci&oacute; a los 76 a&ntilde;os. Estaba solo en su casa y fue hallado por su hija el martes a la tarde. El artista fue due&ntilde;o de una extensa trayectoria y fue un &iacute;cono del cine argentino. El actor&nbsp;Lito Cruz&nbsp;falleci&oacute; el martes a los 76 a&ntilde;os. El cuerpo sin vida fue hallado por su [&hellip;]\" \/>\n<meta property=\"og:url\" content=\"https:\/\/informelitoral.com.ar\/a-los-76-anos-murio-el-actor-lito-cruz\/\" \/>\n<meta property=\"og:site_name\" content=\"Informe Litoral\" \/>\n<meta property=\"article:publisher\" content=\"https:\/\/www.facebook.com\/informelitoral\/\" \/>\n<meta property=\"article:published_time\" content=\"2017-12-20T10:30:03+00:00\" \/>\n<meta property=\"og:image\" content=\"https:\/\/informelitoral.com.ar\/%77%70%2d%63%6f%6e%74%65%6e%74\/uploads\/2017\/12\/rkWUKMvfG_930x525.jpg\" \/>\n\t<meta property=\"og:image:width\" content=\"930\" \/>\n\t<meta property=\"og:image:height\" content=\"525\" \/>\n\t<meta property=\"og:image:type\" content=\"image\/jpeg\" \/>\n<meta name=\"author\" content=\"Gonzalo Schmidt\" \/>\n<meta name=\"twitter:card\" content=\"summary_large_image\" \/>\n<meta name=\"twitter:creator\" content=\"@InformeLitoral\" \/>\n<meta name=\"twitter:site\" content=\"@InformeLitoral\" \/>\n<meta name=\"twitter:label1\" content=\"Escrito por\" \/>\n\t<meta name=\"twitter:data1\" content=\"Gonzalo Schmidt\" \/>\n\t<meta name=\"twitter:label2\" content=\"Tiempo de lectura\" \/>\n\t<meta name=\"twitter:data2\" content=\"4 minutos\" \/>\n<script type=\"application\/ld+json\" class=\"yoast-schema-graph\">{\"@context\":\"https:\\\/\\\/schema.org\",\"@graph\":[{\"@type\":\"Article\",\"@id\":\"https:\\\/\\\/informelitoral.com.ar\\\/a-los-76-anos-murio-el-actor-lito-cruz\\\/#article\",\"isPartOf\":{\"@id\":\"https:\\\/\\\/informelitoral.com.ar\\\/a-los-76-anos-murio-el-actor-lito-cruz\\\/\"},\"author\":{\"name\":\"Gonzalo Schmidt\",\"@id\":\"https:\\\/\\\/informelitoral.com.ar\\\/#\\\/schema\\\/person\\\/b9d00407c836482871ef1d57bf8e3180\"},\"headline\":\"A los 76 a\u00f1os muri\u00f3 el actor Lito Cruz\",\"datePublished\":\"2017-12-20T10:30:03+00:00\",\"mainEntityOfPage\":{\"@id\":\"https:\\\/\\\/informelitoral.com.ar\\\/a-los-76-anos-murio-el-actor-lito-cruz\\\/\"},\"wordCount\":755,\"commentCount\":0,\"publisher\":{\"@id\":\"https:\\\/\\\/informelitoral.com.ar\\\/#organization\"},\"image\":{\"@id\":\"https:\\\/\\\/informelitoral.com.ar\\\/a-los-76-anos-murio-el-actor-lito-cruz\\\/#primaryimage\"},\"thumbnailUrl\":\"http:\\\/\\\/www.isletasnoticias.com.ar\\\/%77%70%2d%63%6f%6e%74%65%6e%74\\\/uploads\\\/2017\\\/12\\\/rkWUKMvfG_930x525.jpg\",\"articleSection\":[\"Espect\u00e1culos\"],\"inLanguage\":\"es\",\"potentialAction\":[{\"@type\":\"CommentAction\",\"name\":\"Comment\",\"target\":[\"https:\\\/\\\/informelitoral.com.ar\\\/a-los-76-anos-murio-el-actor-lito-cruz\\\/#respond\"]}]},{\"@type\":\"WebPage\",\"@id\":\"https:\\\/\\\/informelitoral.com.ar\\\/a-los-76-anos-murio-el-actor-lito-cruz\\\/\",\"url\":\"https:\\\/\\\/informelitoral.com.ar\\\/a-los-76-anos-murio-el-actor-lito-cruz\\\/\",\"name\":\"A los 76 a\u00f1os muri\u00f3 el actor Lito Cruz - Informe Litoral\",\"isPartOf\":{\"@id\":\"https:\\\/\\\/informelitoral.com.ar\\\/#website\"},\"primaryImageOfPage\":{\"@id\":\"https:\\\/\\\/informelitoral.com.ar\\\/a-los-76-anos-murio-el-actor-lito-cruz\\\/#primaryimage\"},\"image\":{\"@id\":\"https:\\\/\\\/informelitoral.com.ar\\\/a-los-76-anos-murio-el-actor-lito-cruz\\\/#primaryimage\"},\"thumbnailUrl\":\"http:\\\/\\\/www.isletasnoticias.com.ar\\\/%77%70%2d%63%6f%6e%74%65%6e%74\\\/uploads\\\/2017\\\/12\\\/rkWUKMvfG_930x525.jpg\",\"datePublished\":\"2017-12-20T10:30:03+00:00\",\"breadcrumb\":{\"@id\":\"https:\\\/\\\/informelitoral.com.ar\\\/a-los-76-anos-murio-el-actor-lito-cruz\\\/#breadcrumb\"},\"inLanguage\":\"es\",\"potentialAction\":[{\"@type\":\"ReadAction\",\"target\":[\"https:\\\/\\\/informelitoral.com.ar\\\/a-los-76-anos-murio-el-actor-lito-cruz\\\/\"]}]},{\"@type\":\"ImageObject\",\"inLanguage\":\"es\",\"@id\":\"https:\\\/\\\/informelitoral.com.ar\\\/a-los-76-anos-murio-el-actor-lito-cruz\\\/#primaryimage\",\"url\":\"http:\\\/\\\/www.isletasnoticias.com.ar\\\/%77%70%2d%63%6f%6e%74%65%6e%74\\\/uploads\\\/2017\\\/12\\\/rkWUKMvfG_930x525.jpg\",\"contentUrl\":\"http:\\\/\\\/www.isletasnoticias.com.ar\\\/%77%70%2d%63%6f%6e%74%65%6e%74\\\/uploads\\\/2017\\\/12\\\/rkWUKMvfG_930x525.jpg\"},{\"@type\":\"BreadcrumbList\",\"@id\":\"https:\\\/\\\/informelitoral.com.ar\\\/a-los-76-anos-murio-el-actor-lito-cruz\\\/#breadcrumb\",\"itemListElement\":[{\"@type\":\"ListItem\",\"position\":1,\"name\":\"Portada\",\"item\":\"https:\\\/\\\/informelitoral.com.ar\\\/\"},{\"@type\":\"ListItem\",\"position\":2,\"name\":\"A los 76 a\u00f1os muri\u00f3 el actor Lito Cruz\"}]},{\"@type\":\"WebSite\",\"@id\":\"https:\\\/\\\/informelitoral.com.ar\\\/#website\",\"url\":\"https:\\\/\\\/informelitoral.com.ar\\\/\",\"name\":\"Informe Litoral\",\"description\":\"&quot;Nos informamos&quot; \",\"publisher\":{\"@id\":\"https:\\\/\\\/informelitoral.com.ar\\\/#organization\"},\"potentialAction\":[{\"@type\":\"SearchAction\",\"target\":{\"@type\":\"EntryPoint\",\"urlTemplate\":\"https:\\\/\\\/informelitoral.com.ar\\\/?s={search_term_string}\"},\"query-input\":{\"@type\":\"PropertyValueSpecification\",\"valueRequired\":true,\"valueName\":\"search_term_string\"}}],\"inLanguage\":\"es\"},{\"@type\":\"Organization\",\"@id\":\"https:\\\/\\\/informelitoral.com.ar\\\/#organization\",\"name\":\"Informe Litoral\",\"url\":\"https:\\\/\\\/informelitoral.com.ar\\\/\",\"logo\":{\"@type\":\"ImageObject\",\"inLanguage\":\"es\",\"@id\":\"https:\\\/\\\/informelitoral.com.ar\\\/#\\\/schema\\\/logo\\\/image\\\/\",\"url\":\"https:\\\/\\\/informelitoral.com.ar\\\/%77%70%2d%63%6f%6e%74%65%6e%74\\\/uploads\\\/2021\\\/01\\\/circulo.png\",\"contentUrl\":\"https:\\\/\\\/informelitoral.com.ar\\\/%77%70%2d%63%6f%6e%74%65%6e%74\\\/uploads\\\/2021\\\/01\\\/circulo.png\",\"width\":723,\"height\":731,\"caption\":\"Informe Litoral\"},\"image\":{\"@id\":\"https:\\\/\\\/informelitoral.com.ar\\\/#\\\/schema\\\/logo\\\/image\\\/\"},\"sameAs\":[\"https:\\\/\\\/www.facebook.com\\\/informelitoral\\\/\",\"https:\\\/\\\/x.com\\\/InformeLitoral\",\"https:\\\/\\\/www.instagram.com\\\/informelitoral\\\/\",\"https:\\\/\\\/www.youtube.com\\\/channel\\\/UCua4Qvz8Icb6MYqhoq9xLXw\"]},{\"@type\":\"Person\",\"@id\":\"https:\\\/\\\/informelitoral.com.ar\\\/#\\\/schema\\\/person\\\/b9d00407c836482871ef1d57bf8e3180\",\"name\":\"Gonzalo Schmidt\",\"image\":{\"@type\":\"ImageObject\",\"inLanguage\":\"es\",\"@id\":\"https:\\\/\\\/secure.gravatar.com\\\/avatar\\\/31a1a7b66ff2de83bd0e9fd79d026630d2d99e55e8bfe501287647b4fd9743de?s=96&d=mm&r=g\",\"url\":\"https:\\\/\\\/secure.gravatar.com\\\/avatar\\\/31a1a7b66ff2de83bd0e9fd79d026630d2d99e55e8bfe501287647b4fd9743de?s=96&d=mm&r=g\",\"contentUrl\":\"https:\\\/\\\/secure.gravatar.com\\\/avatar\\\/31a1a7b66ff2de83bd0e9fd79d026630d2d99e55e8bfe501287647b4fd9743de?s=96&d=mm&r=g\",\"caption\":\"Gonzalo Schmidt\"},\"description\":\"Sitio web de noticias de la provincia de Entre R\u00edos, Argentina. Informaci\u00f3n y entretenimiento. Informe Litoral, nos informamos.\",\"sameAs\":[\"http:\\\/\\\/www.isletasnoticias.com.ar\"],\"url\":\"https:\\\/\\\/informelitoral.com.ar\\\/author\\\/gonzalo\\\/\"}]}<\/script>","yoast_head_json":{"title":"A los 76 a\u00f1os muri\u00f3 el actor Lito Cruz - Informe Litoral","robots":{"index":"index","follow":"follow","max-snippet":"max-snippet:-1","max-image-preview":"max-image-preview:large","max-video-preview":"max-video-preview:-1"},"canonical":"https:\/\/informelitoral.com.ar\/a-los-76-anos-murio-el-actor-lito-cruz\/","og_locale":"es_ES","og_type":"article","og_title":"A los 76 a\u00f1os muri\u00f3 el actor Lito Cruz - Informe Litoral","og_description":"El artista falleci&oacute; a los 76 a&ntilde;os. Estaba solo en su casa y fue hallado por su hija el martes a la tarde. El artista fue due&ntilde;o de una extensa trayectoria y fue un &iacute;cono del cine argentino. El actor&nbsp;Lito Cruz&nbsp;falleci&oacute; el martes a los 76 a&ntilde;os. El cuerpo sin vida fue hallado por su [&hellip;]","og_url":"https:\/\/informelitoral.com.ar\/a-los-76-anos-murio-el-actor-lito-cruz\/","og_site_name":"Informe Litoral","article_publisher":"https:\/\/www.facebook.com\/informelitoral\/","article_published_time":"2017-12-20T10:30:03+00:00","og_image":[{"width":930,"height":525,"url":"https:\/\/informelitoral.com.ar\/%77%70%2d%63%6f%6e%74%65%6e%74\/uploads\/2017\/12\/rkWUKMvfG_930x525.jpg","type":"image\/jpeg"}],"author":"Gonzalo Schmidt","twitter_card":"summary_large_image","twitter_creator":"@InformeLitoral","twitter_site":"@InformeLitoral","twitter_misc":{"Escrito por":"Gonzalo Schmidt","Tiempo de lectura":"4 minutos"},"schema":{"@context":"https:\/\/schema.org","@graph":[{"@type":"Article","@id":"https:\/\/informelitoral.com.ar\/a-los-76-anos-murio-el-actor-lito-cruz\/#article","isPartOf":{"@id":"https:\/\/informelitoral.com.ar\/a-los-76-anos-murio-el-actor-lito-cruz\/"},"author":{"name":"Gonzalo Schmidt","@id":"https:\/\/informelitoral.com.ar\/#\/schema\/person\/b9d00407c836482871ef1d57bf8e3180"},"headline":"A los 76 a\u00f1os muri\u00f3 el actor Lito Cruz","datePublished":"2017-12-20T10:30:03+00:00","mainEntityOfPage":{"@id":"https:\/\/informelitoral.com.ar\/a-los-76-anos-murio-el-actor-lito-cruz\/"},"wordCount":755,"commentCount":0,"publisher":{"@id":"https:\/\/informelitoral.com.ar\/#organization"},"image":{"@id":"https:\/\/informelitoral.com.ar\/a-los-76-anos-murio-el-actor-lito-cruz\/#primaryimage"},"thumbnailUrl":"http:\/\/www.isletasnoticias.com.ar\/%77%70%2d%63%6f%6e%74%65%6e%74\/uploads\/2017\/12\/rkWUKMvfG_930x525.jpg","articleSection":["Espect\u00e1culos"],"inLanguage":"es","potentialAction":[{"@type":"CommentAction","name":"Comment","target":["https:\/\/informelitoral.com.ar\/a-los-76-anos-murio-el-actor-lito-cruz\/#respond"]}]},{"@type":"WebPage","@id":"https:\/\/informelitoral.com.ar\/a-los-76-anos-murio-el-actor-lito-cruz\/","url":"https:\/\/informelitoral.com.ar\/a-los-76-anos-murio-el-actor-lito-cruz\/","name":"A los 76 a\u00f1os muri\u00f3 el actor Lito Cruz - Informe Litoral","isPartOf":{"@id":"https:\/\/informelitoral.com.ar\/#website"},"primaryImageOfPage":{"@id":"https:\/\/informelitoral.com.ar\/a-los-76-anos-murio-el-actor-lito-cruz\/#primaryimage"},"image":{"@id":"https:\/\/informelitoral.com.ar\/a-los-76-anos-murio-el-actor-lito-cruz\/#primaryimage"},"thumbnailUrl":"http:\/\/www.isletasnoticias.com.ar\/%77%70%2d%63%6f%6e%74%65%6e%74\/uploads\/2017\/12\/rkWUKMvfG_930x525.jpg","datePublished":"2017-12-20T10:30:03+00:00","breadcrumb":{"@id":"https:\/\/informelitoral.com.ar\/a-los-76-anos-murio-el-actor-lito-cruz\/#breadcrumb"},"inLanguage":"es","potentialAction":[{"@type":"ReadAction","target":["https:\/\/informelitoral.com.ar\/a-los-76-anos-murio-el-actor-lito-cruz\/"]}]},{"@type":"ImageObject","inLanguage":"es","@id":"https:\/\/informelitoral.com.ar\/a-los-76-anos-murio-el-actor-lito-cruz\/#primaryimage","url":"http:\/\/www.isletasnoticias.com.ar\/%77%70%2d%63%6f%6e%74%65%6e%74\/uploads\/2017\/12\/rkWUKMvfG_930x525.jpg","contentUrl":"http:\/\/www.isletasnoticias.com.ar\/%77%70%2d%63%6f%6e%74%65%6e%74\/uploads\/2017\/12\/rkWUKMvfG_930x525.jpg"},{"@type":"BreadcrumbList","@id":"https:\/\/informelitoral.com.ar\/a-los-76-anos-murio-el-actor-lito-cruz\/#breadcrumb","itemListElement":[{"@type":"ListItem","position":1,"name":"Portada","item":"https:\/\/informelitoral.com.ar\/"},{"@type":"ListItem","position":2,"name":"A los 76 a\u00f1os muri\u00f3 el actor Lito Cruz"}]},{"@type":"WebSite","@id":"https:\/\/informelitoral.com.ar\/#website","url":"https:\/\/informelitoral.com.ar\/","name":"Informe Litoral","description":"&quot;Nos informamos&quot; ","publisher":{"@id":"https:\/\/informelitoral.com.ar\/#organization"},"potentialAction":[{"@type":"SearchAction","target":{"@type":"EntryPoint","urlTemplate":"https:\/\/informelitoral.com.ar\/?s={search_term_string}"},"query-input":{"@type":"PropertyValueSpecification","valueRequired":true,"valueName":"search_term_string"}}],"inLanguage":"es"},{"@type":"Organization","@id":"https:\/\/informelitoral.com.ar\/#organization","name":"Informe Litoral","url":"https:\/\/informelitoral.com.ar\/","logo":{"@type":"ImageObject","inLanguage":"es","@id":"https:\/\/informelitoral.com.ar\/#\/schema\/logo\/image\/","url":"https:\/\/informelitoral.com.ar\/%77%70%2d%63%6f%6e%74%65%6e%74\/uploads\/2021\/01\/circulo.png","contentUrl":"https:\/\/informelitoral.com.ar\/%77%70%2d%63%6f%6e%74%65%6e%74\/uploads\/2021\/01\/circulo.png","width":723,"height":731,"caption":"Informe Litoral"},"image":{"@id":"https:\/\/informelitoral.com.ar\/#\/schema\/logo\/image\/"},"sameAs":["https:\/\/www.facebook.com\/informelitoral\/","https:\/\/x.com\/InformeLitoral","https:\/\/www.instagram.com\/informelitoral\/","https:\/\/www.youtube.com\/channel\/UCua4Qvz8Icb6MYqhoq9xLXw"]},{"@type":"Person","@id":"https:\/\/informelitoral.com.ar\/#\/schema\/person\/b9d00407c836482871ef1d57bf8e3180","name":"Gonzalo Schmidt","image":{"@type":"ImageObject","inLanguage":"es","@id":"https:\/\/secure.gravatar.com\/avatar\/31a1a7b66ff2de83bd0e9fd79d026630d2d99e55e8bfe501287647b4fd9743de?s=96&d=mm&r=g","url":"https:\/\/secure.gravatar.com\/avatar\/31a1a7b66ff2de83bd0e9fd79d026630d2d99e55e8bfe501287647b4fd9743de?s=96&d=mm&r=g","contentUrl":"https:\/\/secure.gravatar.com\/avatar\/31a1a7b66ff2de83bd0e9fd79d026630d2d99e55e8bfe501287647b4fd9743de?s=96&d=mm&r=g","caption":"Gonzalo Schmidt"},"description":"Sitio web de noticias de la provincia de Entre R\u00edos, Argentina. Informaci\u00f3n y entretenimiento. Informe Litoral, nos informamos.","sameAs":["http:\/\/www.isletasnoticias.com.ar"],"url":"https:\/\/informelitoral.com.ar\/author\/gonzalo\/"}]}},"_links":{"self":[{"href":"https:\/\/informelitoral.com.ar\/%77%70%2d%6a%73%6f%6e\/wp\/v2\/posts\/24231","targetHints":{"allow":["GET"]}}],"collection":[{"href":"https:\/\/informelitoral.com.ar\/%77%70%2d%6a%73%6f%6e\/wp\/v2\/posts"}],"about":[{"href":"https:\/\/informelitoral.com.ar\/%77%70%2d%6a%73%6f%6e\/wp\/v2\/types\/post"}],"author":[{"embeddable":true,"href":"https:\/\/informelitoral.com.ar\/%77%70%2d%6a%73%6f%6e\/wp\/v2\/users\/2"}],"replies":[{"embeddable":true,"href":"https:\/\/informelitoral.com.ar\/%77%70%2d%6a%73%6f%6e\/wp\/v2\/comments?post=24231"}],"version-history":[{"count":0,"href":"https:\/\/informelitoral.com.ar\/%77%70%2d%6a%73%6f%6e\/wp\/v2\/posts\/24231\/revisions"}],"wp:attachment":[{"href":"https:\/\/informelitoral.com.ar\/%77%70%2d%6a%73%6f%6e\/wp\/v2\/media?parent=24231"}],"wp:term":[{"taxonomy":"category","embeddable":true,"href":"https:\/\/informelitoral.com.ar\/%77%70%2d%6a%73%6f%6e\/wp\/v2\/categories?post=24231"},{"taxonomy":"post_tag","embeddable":true,"href":"https:\/\/informelitoral.com.ar\/%77%70%2d%6a%73%6f%6e\/wp\/v2\/tags?post=24231"}],"curies":[{"name":"wp","href":"https:\/\/api.w.org\/{rel}","templated":true}]}}