{"id":242048,"date":"2025-12-01T09:54:03","date_gmt":"2025-12-01T12:54:03","guid":{"rendered":"https:\/\/informelitoral.com.ar\/?p=242048"},"modified":"2025-12-02T06:30:28","modified_gmt":"2025-12-02T09:30:28","slug":"las-vacunas-son-seguras-y-salvan-vidas-entre-rios-acompana-el-posicionamiento-federal","status":"publish","type":"post","link":"https:\/\/informelitoral.com.ar\/las-vacunas-son-seguras-y-salvan-vidas-entre-rios-acompana-el-posicionamiento-federal\/","title":{"rendered":"Las vacunas son seguras y salvan vidas: Entre R\u00edos acompa\u00f1a el posicionamiento federal"},"content":{"rendered":"<div class=\"col-xl-8 col-lg-12 col-sm-12 col-12\">\n<div class=\"texto-pregunta mb-400 mt-200\">\n<div>\n<p>Seg\u00fan se destac\u00f3, cada una de las vacunas cuenta con d\u00e9cadas de uso seguro, est\u00e1 respaldada por evidencia cient\u00edfica s\u00f3lida y ha demostrado su eficacia para prevenir enfermedades graves y la muerte de millones de personas.<\/p>\n<p>La provincia particip\u00f3 de la confecci\u00f3n del comunicado y adhiri\u00f3 a un documento, que firm\u00f3 el ministro de Salud, Daniel Blanzaco, junto a sus pares de otras jurisdicciones, con el objetivo de ratificar la convicci\u00f3n de que la vacunaci\u00f3n es una pol\u00edtica sanitaria indispensable, y de reafirmar el compromiso federal para garantizar que cada persona acceda, de manera gratuita y oportuna, a todas las vacunas del calendario.<\/p>\n<p>La de delaraci\u00f3n subraya que las vacunas son seguras, eficaces y gratuitas; y remarca que cada dosis incluida en el Calendario Nacional cuenta con d\u00e9cadas de evidencia cient\u00edfica y con un proceso riguroso de evaluaci\u00f3n antes de su aplicaci\u00f3n. En el documento se sostiene, adem\u00e1s, que la vacunaci\u00f3n es una pol\u00edtica sanitaria indispensable que permite evitar brotes y disminuir el riesgo de mortalidad por enfermedades prevenibles.<\/p>\n<p>El texto destaca que la adquisici\u00f3n, distribuci\u00f3n y aplicaci\u00f3n de las vacunas requieren una tarea articulada entre Naci\u00f3n, provincias y municipios. Esa labor conjunta es la que garantiza el acceso equitativo y oportuno para todas las personas, sin distinci\u00f3n y en cada punto del pa\u00eds.<\/p>\n<p>Al acompa\u00f1ar la firma del comunicado federal, Blanzaco, expres\u00f3: \u00abVacunarse no es solo un acto de cuidado individual: es un compromiso colectivo. Cada dosis aplicada evita enfermedades que pueden ser graves y salva vidas. Las vacunas funcionan, son seguras, y est\u00e1n disponibles de manera gratuita para toda la poblaci\u00f3n\u00bb.<\/p>\n<p>\u00abEn Entre R\u00edos trabajamos todos los d\u00edas para fortalecer la vacunaci\u00f3n y garantizar el acceso a cada una de las dosis del Calendario Nacional. Hoy ratificamos, junto a todas las provincias, nuestra convicci\u00f3n: cuidar a la poblaci\u00f3n es una prioridad y la vacunaci\u00f3n es una herramienta irremplazable para lograrlo\u00bb, apunt\u00f3.<\/p>\n<p>El comunicado fue impulsado por el ministro de Salud de la Naci\u00f3n y los ministros provinciales de: Entre R\u00edos; Ciudad Aut\u00f3noma de Buenos Aires; Catamarca; C\u00f3rdoba; Corrientes; Chaco; Chubut; Jujuy; La Pampa; La Rioja; Mendoza; Misiones; Neuqu\u00e9n; R\u00edo Negro; Salta; San Juan; San Luis; Santa Cruz; Santa Fe; Santiago del Estero; Tierra del Fuego, Ant\u00e1rtida e Islas del Atl\u00e1ntico Sur; y Tucum\u00e1n.<\/p>\n<p>Desde la cartera sanitaria provincial se recuerda que los centros de salud y hospitales de Entre R\u00edos cuentan con todas las vacunas del calendario y se convoca a la poblaci\u00f3n a asistir a los vacunatorios para completar esquemas y mantener al d\u00eda la protecci\u00f3n frente a enfermedades prevenibles.<\/p>\n<\/div>\n<\/div>\n<\/div>\n","protected":false},"excerpt":{"rendered":"<p>El Ministerio de Salud de Entre R\u00edos firm\u00f3 un comunicado nacional conjunto en el que se reafirma la importancia del Calendario Nacional de Vacunaci\u00f3n como una herramienta central para la prevenci\u00f3n de enfermedades graves y para la protecci\u00f3n de toda la poblaci\u00f3n. <\/p>\n","protected":false},"author":8,"featured_media":65889,"comment_status":"open","ping_status":"open","sticky":false,"template":"","format":"standard","meta":{"fifu_image_url":"","fifu_image_alt":"","footnotes":""},"categories":[1595],"tags":[937,82,214],"class_list":{"0":"post-242048","1":"post","2":"type-post","3":"status-publish","4":"format-standard","5":"has-post-thumbnail","7":"category-salud","8":"tag-calendario-de-vacunacion","9":"tag-salud","10":"tag-vacunacion"},"yoast_head":"<title>Las vacunas son seguras y salvan vidas: Entre R\u00edos acompa\u00f1a el posicionamiento federal - Informe Litoral<\/title>\n<meta name=\"robots\" content=\"index, follow, max-snippet:-1, max-image-preview:large, max-video-preview:-1\" \/>\n<link rel=\"canonical\" href=\"https:\/\/informelitoral.com.ar\/las-vacunas-son-seguras-y-salvan-vidas-entre-rios-acompana-el-posicionamiento-federal\/\" \/>\n<meta property=\"og:locale\" content=\"es_ES\" \/>\n<meta property=\"og:type\" content=\"article\" \/>\n<meta property=\"og:title\" content=\"Las vacunas son seguras y salvan vidas: Entre R\u00edos acompa\u00f1a el posicionamiento federal - Informe Litoral\" \/>\n<meta property=\"og:description\" content=\"El Ministerio de Salud de Entre R\u00edos firm\u00f3 un comunicado nacional conjunto en el que se reafirma la importancia del Calendario Nacional de Vacunaci\u00f3n como una herramienta central para la prevenci\u00f3n de enfermedades graves y para la protecci\u00f3n de toda la poblaci\u00f3n.\" \/>\n<meta property=\"og:url\" content=\"https:\/\/informelitoral.com.ar\/las-vacunas-son-seguras-y-salvan-vidas-entre-rios-acompana-el-posicionamiento-federal\/\" \/>\n<meta property=\"og:site_name\" content=\"Informe Litoral\" \/>\n<meta property=\"article:publisher\" content=\"https:\/\/www.facebook.com\/informelitoral\/\" \/>\n<meta property=\"article:published_time\" content=\"2025-12-01T12:54:03+00:00\" \/>\n<meta property=\"article:modified_time\" content=\"2025-12-02T09:30:28+00:00\" \/>\n<meta property=\"og:image\" content=\"https:\/\/informelitoral.com.ar\/%77%70%2d%63%6f%6e%74%65%6e%74\/uploads\/2021\/10\/vacunasjpg.jpg\" \/>\n\t<meta property=\"og:image:width\" content=\"642\" \/>\n\t<meta property=\"og:image:height\" content=\"426\" \/>\n\t<meta property=\"og:image:type\" content=\"image\/jpeg\" \/>\n<meta name=\"author\" content=\"Sebastian\" \/>\n<meta name=\"twitter:card\" content=\"summary_large_image\" \/>\n<meta name=\"twitter:creator\" content=\"@InformeLitoral\" \/>\n<meta name=\"twitter:site\" content=\"@InformeLitoral\" \/>\n<meta name=\"twitter:label1\" content=\"Escrito por\" \/>\n\t<meta name=\"twitter:data1\" content=\"Sebastian\" \/>\n\t<meta name=\"twitter:label2\" content=\"Tiempo de lectura\" \/>\n\t<meta name=\"twitter:data2\" content=\"3 minutos\" \/>\n<script type=\"application\/ld+json\" class=\"yoast-schema-graph\">{\"@context\":\"https:\\\/\\\/schema.org\",\"@graph\":[{\"@type\":\"Article\",\"@id\":\"https:\\\/\\\/informelitoral.com.ar\\\/las-vacunas-son-seguras-y-salvan-vidas-entre-rios-acompana-el-posicionamiento-federal\\\/#article\",\"isPartOf\":{\"@id\":\"https:\\\/\\\/informelitoral.com.ar\\\/las-vacunas-son-seguras-y-salvan-vidas-entre-rios-acompana-el-posicionamiento-federal\\\/\"},\"author\":{\"name\":\"Sebastian\",\"@id\":\"https:\\\/\\\/informelitoral.com.ar\\\/#\\\/schema\\\/person\\\/f05f9f461677119578717524b127d6d5\"},\"headline\":\"Las vacunas son seguras y salvan vidas: Entre R\u00edos acompa\u00f1a el posicionamiento federal\",\"datePublished\":\"2025-12-01T12:54:03+00:00\",\"dateModified\":\"2025-12-02T09:30:28+00:00\",\"mainEntityOfPage\":{\"@id\":\"https:\\\/\\\/informelitoral.com.ar\\\/las-vacunas-son-seguras-y-salvan-vidas-entre-rios-acompana-el-posicionamiento-federal\\\/\"},\"wordCount\":482,\"commentCount\":0,\"publisher\":{\"@id\":\"https:\\\/\\\/informelitoral.com.ar\\\/#organization\"},\"image\":{\"@id\":\"https:\\\/\\\/informelitoral.com.ar\\\/las-vacunas-son-seguras-y-salvan-vidas-entre-rios-acompana-el-posicionamiento-federal\\\/#primaryimage\"},\"thumbnailUrl\":\"https:\\\/\\\/informelitoral.com.ar\\\/%77%70%2d%63%6f%6e%74%65%6e%74\\\/uploads\\\/2021\\\/10\\\/vacunasjpg.jpg\",\"keywords\":[\"Calendario de vacunaci\u00f3n\",\"Salud\",\"Vacunaci\u00f3n\"],\"articleSection\":[\"Salud\"],\"inLanguage\":\"es\",\"potentialAction\":[{\"@type\":\"CommentAction\",\"name\":\"Comment\",\"target\":[\"https:\\\/\\\/informelitoral.com.ar\\\/las-vacunas-son-seguras-y-salvan-vidas-entre-rios-acompana-el-posicionamiento-federal\\\/#respond\"]}]},{\"@type\":\"WebPage\",\"@id\":\"https:\\\/\\\/informelitoral.com.ar\\\/las-vacunas-son-seguras-y-salvan-vidas-entre-rios-acompana-el-posicionamiento-federal\\\/\",\"url\":\"https:\\\/\\\/informelitoral.com.ar\\\/las-vacunas-son-seguras-y-salvan-vidas-entre-rios-acompana-el-posicionamiento-federal\\\/\",\"name\":\"Las vacunas son seguras y salvan vidas: Entre R\u00edos acompa\u00f1a el posicionamiento federal - Informe Litoral\",\"isPartOf\":{\"@id\":\"https:\\\/\\\/informelitoral.com.ar\\\/#website\"},\"primaryImageOfPage\":{\"@id\":\"https:\\\/\\\/informelitoral.com.ar\\\/las-vacunas-son-seguras-y-salvan-vidas-entre-rios-acompana-el-posicionamiento-federal\\\/#primaryimage\"},\"image\":{\"@id\":\"https:\\\/\\\/informelitoral.com.ar\\\/las-vacunas-son-seguras-y-salvan-vidas-entre-rios-acompana-el-posicionamiento-federal\\\/#primaryimage\"},\"thumbnailUrl\":\"https:\\\/\\\/informelitoral.com.ar\\\/%77%70%2d%63%6f%6e%74%65%6e%74\\\/uploads\\\/2021\\\/10\\\/vacunasjpg.jpg\",\"datePublished\":\"2025-12-01T12:54:03+00:00\",\"dateModified\":\"2025-12-02T09:30:28+00:00\",\"breadcrumb\":{\"@id\":\"https:\\\/\\\/informelitoral.com.ar\\\/las-vacunas-son-seguras-y-salvan-vidas-entre-rios-acompana-el-posicionamiento-federal\\\/#breadcrumb\"},\"inLanguage\":\"es\",\"potentialAction\":[{\"@type\":\"ReadAction\",\"target\":[\"https:\\\/\\\/informelitoral.com.ar\\\/las-vacunas-son-seguras-y-salvan-vidas-entre-rios-acompana-el-posicionamiento-federal\\\/\"]}]},{\"@type\":\"ImageObject\",\"inLanguage\":\"es\",\"@id\":\"https:\\\/\\\/informelitoral.com.ar\\\/las-vacunas-son-seguras-y-salvan-vidas-entre-rios-acompana-el-posicionamiento-federal\\\/#primaryimage\",\"url\":\"https:\\\/\\\/informelitoral.com.ar\\\/%77%70%2d%63%6f%6e%74%65%6e%74\\\/uploads\\\/2021\\\/10\\\/vacunasjpg.jpg\",\"contentUrl\":\"https:\\\/\\\/informelitoral.com.ar\\\/%77%70%2d%63%6f%6e%74%65%6e%74\\\/uploads\\\/2021\\\/10\\\/vacunasjpg.jpg\",\"width\":642,\"height\":426},{\"@type\":\"BreadcrumbList\",\"@id\":\"https:\\\/\\\/informelitoral.com.ar\\\/las-vacunas-son-seguras-y-salvan-vidas-entre-rios-acompana-el-posicionamiento-federal\\\/#breadcrumb\",\"itemListElement\":[{\"@type\":\"ListItem\",\"position\":1,\"name\":\"Portada\",\"item\":\"https:\\\/\\\/informelitoral.com.ar\\\/\"},{\"@type\":\"ListItem\",\"position\":2,\"name\":\"Las vacunas son seguras y salvan vidas: Entre R\u00edos acompa\u00f1a el posicionamiento federal\"}]},{\"@type\":\"WebSite\",\"@id\":\"https:\\\/\\\/informelitoral.com.ar\\\/#website\",\"url\":\"https:\\\/\\\/informelitoral.com.ar\\\/\",\"name\":\"Informe Litoral\",\"description\":\"&quot;Nos informamos&quot; \",\"publisher\":{\"@id\":\"https:\\\/\\\/informelitoral.com.ar\\\/#organization\"},\"potentialAction\":[{\"@type\":\"SearchAction\",\"target\":{\"@type\":\"EntryPoint\",\"urlTemplate\":\"https:\\\/\\\/informelitoral.com.ar\\\/?s={search_term_string}\"},\"query-input\":{\"@type\":\"PropertyValueSpecification\",\"valueRequired\":true,\"valueName\":\"search_term_string\"}}],\"inLanguage\":\"es\"},{\"@type\":\"Organization\",\"@id\":\"https:\\\/\\\/informelitoral.com.ar\\\/#organization\",\"name\":\"Informe Litoral\",\"url\":\"https:\\\/\\\/informelitoral.com.ar\\\/\",\"logo\":{\"@type\":\"ImageObject\",\"inLanguage\":\"es\",\"@id\":\"https:\\\/\\\/informelitoral.com.ar\\\/#\\\/schema\\\/logo\\\/image\\\/\",\"url\":\"https:\\\/\\\/informelitoral.com.ar\\\/%77%70%2d%63%6f%6e%74%65%6e%74\\\/uploads\\\/2021\\\/01\\\/circulo.png\",\"contentUrl\":\"https:\\\/\\\/informelitoral.com.ar\\\/%77%70%2d%63%6f%6e%74%65%6e%74\\\/uploads\\\/2021\\\/01\\\/circulo.png\",\"width\":723,\"height\":731,\"caption\":\"Informe Litoral\"},\"image\":{\"@id\":\"https:\\\/\\\/informelitoral.com.ar\\\/#\\\/schema\\\/logo\\\/image\\\/\"},\"sameAs\":[\"https:\\\/\\\/www.facebook.com\\\/informelitoral\\\/\",\"https:\\\/\\\/x.com\\\/InformeLitoral\",\"https:\\\/\\\/www.instagram.com\\\/informelitoral\\\/\",\"https:\\\/\\\/www.youtube.com\\\/channel\\\/UCua4Qvz8Icb6MYqhoq9xLXw\"]},{\"@type\":\"Person\",\"@id\":\"https:\\\/\\\/informelitoral.com.ar\\\/#\\\/schema\\\/person\\\/f05f9f461677119578717524b127d6d5\",\"name\":\"Sebastian\",\"image\":{\"@type\":\"ImageObject\",\"inLanguage\":\"es\",\"@id\":\"https:\\\/\\\/secure.gravatar.com\\\/avatar\\\/b71bf7481d447dfb9583c7f2798e7cc64de6efb9067b74633ed8c31059a3bd82?s=96&d=mm&r=g\",\"url\":\"https:\\\/\\\/secure.gravatar.com\\\/avatar\\\/b71bf7481d447dfb9583c7f2798e7cc64de6efb9067b74633ed8c31059a3bd82?s=96&d=mm&r=g\",\"contentUrl\":\"https:\\\/\\\/secure.gravatar.com\\\/avatar\\\/b71bf7481d447dfb9583c7f2798e7cc64de6efb9067b74633ed8c31059a3bd82?s=96&d=mm&r=g\",\"caption\":\"Sebastian\"},\"url\":\"https:\\\/\\\/informelitoral.com.ar\\\/author\\\/sebastian\\\/\"}]}<\/script>","yoast_head_json":{"title":"Las vacunas son seguras y salvan vidas: Entre R\u00edos acompa\u00f1a el posicionamiento federal - Informe Litoral","robots":{"index":"index","follow":"follow","max-snippet":"max-snippet:-1","max-image-preview":"max-image-preview:large","max-video-preview":"max-video-preview:-1"},"canonical":"https:\/\/informelitoral.com.ar\/las-vacunas-son-seguras-y-salvan-vidas-entre-rios-acompana-el-posicionamiento-federal\/","og_locale":"es_ES","og_type":"article","og_title":"Las vacunas son seguras y salvan vidas: Entre R\u00edos acompa\u00f1a el posicionamiento federal - Informe Litoral","og_description":"El Ministerio de Salud de Entre R\u00edos firm\u00f3 un comunicado nacional conjunto en el que se reafirma la importancia del Calendario Nacional de Vacunaci\u00f3n como una herramienta central para la prevenci\u00f3n de enfermedades graves y para la protecci\u00f3n de toda la poblaci\u00f3n.","og_url":"https:\/\/informelitoral.com.ar\/las-vacunas-son-seguras-y-salvan-vidas-entre-rios-acompana-el-posicionamiento-federal\/","og_site_name":"Informe Litoral","article_publisher":"https:\/\/www.facebook.com\/informelitoral\/","article_published_time":"2025-12-01T12:54:03+00:00","article_modified_time":"2025-12-02T09:30:28+00:00","og_image":[{"width":642,"height":426,"url":"https:\/\/informelitoral.com.ar\/%77%70%2d%63%6f%6e%74%65%6e%74\/uploads\/2021\/10\/vacunasjpg.jpg","type":"image\/jpeg"}],"author":"Sebastian","twitter_card":"summary_large_image","twitter_creator":"@InformeLitoral","twitter_site":"@InformeLitoral","twitter_misc":{"Escrito por":"Sebastian","Tiempo de lectura":"3 minutos"},"schema":{"@context":"https:\/\/schema.org","@graph":[{"@type":"Article","@id":"https:\/\/informelitoral.com.ar\/las-vacunas-son-seguras-y-salvan-vidas-entre-rios-acompana-el-posicionamiento-federal\/#article","isPartOf":{"@id":"https:\/\/informelitoral.com.ar\/las-vacunas-son-seguras-y-salvan-vidas-entre-rios-acompana-el-posicionamiento-federal\/"},"author":{"name":"Sebastian","@id":"https:\/\/informelitoral.com.ar\/#\/schema\/person\/f05f9f461677119578717524b127d6d5"},"headline":"Las vacunas son seguras y salvan vidas: Entre R\u00edos acompa\u00f1a el posicionamiento federal","datePublished":"2025-12-01T12:54:03+00:00","dateModified":"2025-12-02T09:30:28+00:00","mainEntityOfPage":{"@id":"https:\/\/informelitoral.com.ar\/las-vacunas-son-seguras-y-salvan-vidas-entre-rios-acompana-el-posicionamiento-federal\/"},"wordCount":482,"commentCount":0,"publisher":{"@id":"https:\/\/informelitoral.com.ar\/#organization"},"image":{"@id":"https:\/\/informelitoral.com.ar\/las-vacunas-son-seguras-y-salvan-vidas-entre-rios-acompana-el-posicionamiento-federal\/#primaryimage"},"thumbnailUrl":"https:\/\/informelitoral.com.ar\/%77%70%2d%63%6f%6e%74%65%6e%74\/uploads\/2021\/10\/vacunasjpg.jpg","keywords":["Calendario de vacunaci\u00f3n","Salud","Vacunaci\u00f3n"],"articleSection":["Salud"],"inLanguage":"es","potentialAction":[{"@type":"CommentAction","name":"Comment","target":["https:\/\/informelitoral.com.ar\/las-vacunas-son-seguras-y-salvan-vidas-entre-rios-acompana-el-posicionamiento-federal\/#respond"]}]},{"@type":"WebPage","@id":"https:\/\/informelitoral.com.ar\/las-vacunas-son-seguras-y-salvan-vidas-entre-rios-acompana-el-posicionamiento-federal\/","url":"https:\/\/informelitoral.com.ar\/las-vacunas-son-seguras-y-salvan-vidas-entre-rios-acompana-el-posicionamiento-federal\/","name":"Las vacunas son seguras y salvan vidas: Entre R\u00edos acompa\u00f1a el posicionamiento federal - Informe Litoral","isPartOf":{"@id":"https:\/\/informelitoral.com.ar\/#website"},"primaryImageOfPage":{"@id":"https:\/\/informelitoral.com.ar\/las-vacunas-son-seguras-y-salvan-vidas-entre-rios-acompana-el-posicionamiento-federal\/#primaryimage"},"image":{"@id":"https:\/\/informelitoral.com.ar\/las-vacunas-son-seguras-y-salvan-vidas-entre-rios-acompana-el-posicionamiento-federal\/#primaryimage"},"thumbnailUrl":"https:\/\/informelitoral.com.ar\/%77%70%2d%63%6f%6e%74%65%6e%74\/uploads\/2021\/10\/vacunasjpg.jpg","datePublished":"2025-12-01T12:54:03+00:00","dateModified":"2025-12-02T09:30:28+00:00","breadcrumb":{"@id":"https:\/\/informelitoral.com.ar\/las-vacunas-son-seguras-y-salvan-vidas-entre-rios-acompana-el-posicionamiento-federal\/#breadcrumb"},"inLanguage":"es","potentialAction":[{"@type":"ReadAction","target":["https:\/\/informelitoral.com.ar\/las-vacunas-son-seguras-y-salvan-vidas-entre-rios-acompana-el-posicionamiento-federal\/"]}]},{"@type":"ImageObject","inLanguage":"es","@id":"https:\/\/informelitoral.com.ar\/las-vacunas-son-seguras-y-salvan-vidas-entre-rios-acompana-el-posicionamiento-federal\/#primaryimage","url":"https:\/\/informelitoral.com.ar\/%77%70%2d%63%6f%6e%74%65%6e%74\/uploads\/2021\/10\/vacunasjpg.jpg","contentUrl":"https:\/\/informelitoral.com.ar\/%77%70%2d%63%6f%6e%74%65%6e%74\/uploads\/2021\/10\/vacunasjpg.jpg","width":642,"height":426},{"@type":"BreadcrumbList","@id":"https:\/\/informelitoral.com.ar\/las-vacunas-son-seguras-y-salvan-vidas-entre-rios-acompana-el-posicionamiento-federal\/#breadcrumb","itemListElement":[{"@type":"ListItem","position":1,"name":"Portada","item":"https:\/\/informelitoral.com.ar\/"},{"@type":"ListItem","position":2,"name":"Las vacunas son seguras y salvan vidas: Entre R\u00edos acompa\u00f1a el posicionamiento federal"}]},{"@type":"WebSite","@id":"https:\/\/informelitoral.com.ar\/#website","url":"https:\/\/informelitoral.com.ar\/","name":"Informe Litoral","description":"&quot;Nos informamos&quot; ","publisher":{"@id":"https:\/\/informelitoral.com.ar\/#organization"},"potentialAction":[{"@type":"SearchAction","target":{"@type":"EntryPoint","urlTemplate":"https:\/\/informelitoral.com.ar\/?s={search_term_string}"},"query-input":{"@type":"PropertyValueSpecification","valueRequired":true,"valueName":"search_term_string"}}],"inLanguage":"es"},{"@type":"Organization","@id":"https:\/\/informelitoral.com.ar\/#organization","name":"Informe Litoral","url":"https:\/\/informelitoral.com.ar\/","logo":{"@type":"ImageObject","inLanguage":"es","@id":"https:\/\/informelitoral.com.ar\/#\/schema\/logo\/image\/","url":"https:\/\/informelitoral.com.ar\/%77%70%2d%63%6f%6e%74%65%6e%74\/uploads\/2021\/01\/circulo.png","contentUrl":"https:\/\/informelitoral.com.ar\/%77%70%2d%63%6f%6e%74%65%6e%74\/uploads\/2021\/01\/circulo.png","width":723,"height":731,"caption":"Informe Litoral"},"image":{"@id":"https:\/\/informelitoral.com.ar\/#\/schema\/logo\/image\/"},"sameAs":["https:\/\/www.facebook.com\/informelitoral\/","https:\/\/x.com\/InformeLitoral","https:\/\/www.instagram.com\/informelitoral\/","https:\/\/www.youtube.com\/channel\/UCua4Qvz8Icb6MYqhoq9xLXw"]},{"@type":"Person","@id":"https:\/\/informelitoral.com.ar\/#\/schema\/person\/f05f9f461677119578717524b127d6d5","name":"Sebastian","image":{"@type":"ImageObject","inLanguage":"es","@id":"https:\/\/secure.gravatar.com\/avatar\/b71bf7481d447dfb9583c7f2798e7cc64de6efb9067b74633ed8c31059a3bd82?s=96&d=mm&r=g","url":"https:\/\/secure.gravatar.com\/avatar\/b71bf7481d447dfb9583c7f2798e7cc64de6efb9067b74633ed8c31059a3bd82?s=96&d=mm&r=g","contentUrl":"https:\/\/secure.gravatar.com\/avatar\/b71bf7481d447dfb9583c7f2798e7cc64de6efb9067b74633ed8c31059a3bd82?s=96&d=mm&r=g","caption":"Sebastian"},"url":"https:\/\/informelitoral.com.ar\/author\/sebastian\/"}]}},"_links":{"self":[{"href":"https:\/\/informelitoral.com.ar\/%77%70%2d%6a%73%6f%6e\/wp\/v2\/posts\/242048","targetHints":{"allow":["GET"]}}],"collection":[{"href":"https:\/\/informelitoral.com.ar\/%77%70%2d%6a%73%6f%6e\/wp\/v2\/posts"}],"about":[{"href":"https:\/\/informelitoral.com.ar\/%77%70%2d%6a%73%6f%6e\/wp\/v2\/types\/post"}],"author":[{"embeddable":true,"href":"https:\/\/informelitoral.com.ar\/%77%70%2d%6a%73%6f%6e\/wp\/v2\/users\/8"}],"replies":[{"embeddable":true,"href":"https:\/\/informelitoral.com.ar\/%77%70%2d%6a%73%6f%6e\/wp\/v2\/comments?post=242048"}],"version-history":[{"count":1,"href":"https:\/\/informelitoral.com.ar\/%77%70%2d%6a%73%6f%6e\/wp\/v2\/posts\/242048\/revisions"}],"predecessor-version":[{"id":242049,"href":"https:\/\/informelitoral.com.ar\/%77%70%2d%6a%73%6f%6e\/wp\/v2\/posts\/242048\/revisions\/242049"}],"wp:featuredmedia":[{"embeddable":true,"href":"https:\/\/informelitoral.com.ar\/%77%70%2d%6a%73%6f%6e\/wp\/v2\/media\/65889"}],"wp:attachment":[{"href":"https:\/\/informelitoral.com.ar\/%77%70%2d%6a%73%6f%6e\/wp\/v2\/media?parent=242048"}],"wp:term":[{"taxonomy":"category","embeddable":true,"href":"https:\/\/informelitoral.com.ar\/%77%70%2d%6a%73%6f%6e\/wp\/v2\/categories?post=242048"},{"taxonomy":"post_tag","embeddable":true,"href":"https:\/\/informelitoral.com.ar\/%77%70%2d%6a%73%6f%6e\/wp\/v2\/tags?post=242048"}],"curies":[{"name":"wp","href":"https:\/\/api.w.org\/{rel}","templated":true}]}}