{"id":241948,"date":"2025-11-29T21:19:39","date_gmt":"2025-11-30T00:19:39","guid":{"rendered":"https:\/\/informelitoral.com.ar\/?p=241948"},"modified":"2025-11-29T21:19:39","modified_gmt":"2025-11-30T00:19:39","slug":"mauricio-colello-el-turismo-es-trabajo-y-desarrollo-por-eso-apostamos-fuerte-a-esta-temporada","status":"publish","type":"post","link":"https:\/\/informelitoral.com.ar\/mauricio-colello-el-turismo-es-trabajo-y-desarrollo-por-eso-apostamos-fuerte-a-esta-temporada\/","title":{"rendered":"Mauricio Colello: \u201cEl turismo es trabajo y desarrollo; por eso apostamos fuerte a esta temporada\u201d"},"content":{"rendered":"<p>En di\u00e1logo con <em>Radio Zona Concordia,<\/em> Colello celebr\u00f3 que la provincia haya alcanzado \u201cm\u00e1s del 95% de ocupaci\u00f3n\u201d, un indicador que ubic\u00f3 a Entre R\u00edos \u201cmuy por encima de la media nacional\u201d y que, seg\u00fan afirm\u00f3, \u201cconfirma que la provincia tiene con qu\u00e9 competir y atraer turistas de todo el pa\u00eds\u201d.<\/p>\n<p>\u201cEl fin de semana largo fue una antesala de lo que esperamos para este verano. Entre R\u00edos tiene termas, tiene r\u00edos, tiene paisajes, tiene atardeceres, tiene al Carpi \u2014que ya es una marca registrada\u2014, pero sobre todo tiene algo fundamental: su gente. Los entrerrianos sabemos recibir bien, y quien nos visita siempre quiere volver\u201d, destac\u00f3.<\/p>\n<h2><strong>Impulso pol\u00edtico al turismo y trabajo articulado con el sector privado<\/strong><\/h2>\n<p>Colello enfatiz\u00f3 que los resultados alentadores no son casuales, sino fruto de una \u201cpol\u00edtica tur\u00edstica sostenida\u201d, impulsada por el gobernador Rogelio Frigerio. \u201cEntre R\u00edos figura entre los destinos m\u00e1s elegidos seg\u00fan CAME, y eso redobla el trabajo. El turismo es una de las principales industrias generadoras de empleo privado, y la decisi\u00f3n del gobierno es acompa\u00f1arla de forma permanente\u201d, explic\u00f3.<\/p>\n<p>En ese sentido, enumer\u00f3 las acciones estrat\u00e9gicas desarrolladas en el \u00faltimo a\u00f1o como la creaci\u00f3n del Ente Mixto de Turismo, el impulso a las microregiones tur\u00edsticas, la elaboraci\u00f3n de una gu\u00eda para promover inversiones y la incorporaci\u00f3n del turismo a la Ley RINI, otorgando beneficios impositivos a quienes apuesten a desarrollar proyectos en la provincia.<\/p>\n<p>\u201cEsto no se hace solo desde el Estado: el gran protagonista es el sector privado. Nuestro rol es escucharlos, entender qu\u00e9 necesitan y ponernos a disposici\u00f3n. Entre R\u00edos tiene una riqueza natural y cultural enorme, y hoy tiene una planificaci\u00f3n para convertir esa riqueza en empleo y desarrollo\u201d, subray\u00f3.<\/p>\n<p>Durante la presentaci\u00f3n, Colello destac\u00f3 tambi\u00e9n la diversidad de propuestas entrerrianas: playas, termas, fiestas populares, carnavales, pesca deportiva y una oferta cultural y gastron\u00f3mica en crecimiento. \u201cTenemos una ubicaci\u00f3n envidiable, estamos cerca de todo. Y tenemos historia, identidad y hospitalidad. Hay mil motivos para visitar Entre R\u00edos, pero lo m\u00e1s importante es que quienes vengan a visitarnos se vayan con ganas de volver\u201d, sostuvo.<\/p>\n<p>Consultado por la repercusi\u00f3n de Carpi, la figura del carpincho que acompa\u00f1a la campa\u00f1a tur\u00edstica provincial, Colello fue contundente: \u201cCarpi lleg\u00f3 para quedarse. Es una estrella del turismo. M\u00e1s all\u00e1 de su simpat\u00eda, lo que dice Carpi es verdad: Entre R\u00edos tiene con qu\u00e9. Y estamos haciendo todos los esfuerzos para que sea uno de los destinos m\u00e1s elegidos del pa\u00eds y ocupar el lugar que nos merecemos\u201d.<\/p>\n<h6><em><strong>Del archivo:\u00a0<a href=\"https:\/\/informelitoral.com.ar\/jose-miguel-laurencena-es-el-nuevo-presidente-de-fedeco\/\" target=\"_blank\" rel=\"noopener\">Jos\u00e9 Miguel Laurencena es el nuevo presidente de FEDECO<\/a><\/strong><\/em><\/h6>\n","protected":false},"excerpt":{"rendered":"<p>En el marco de la presentaci\u00f3n oficial de la temporada de verano de Entre R\u00edos en la Casa de la Provincia en Buenos Aires, el secretario general de la Gobernaci\u00f3n, Mauricio Colello, destac\u00f3 el excelente desempe\u00f1o del \u00faltimo fin de semana largo y la proyecci\u00f3n \u201cm\u00e1s que alentadora\u201d para los pr\u00f3ximos meses.<\/p>\n","protected":false},"author":2,"featured_media":241949,"comment_status":"open","ping_status":"open","sticky":false,"template":"","format":"standard","meta":{"fifu_image_url":"","fifu_image_alt":"","footnotes":""},"categories":[16],"tags":[81,5656,104],"class_list":{"0":"post-241948","1":"post","2":"type-post","3":"status-publish","4":"format-standard","5":"has-post-thumbnail","7":"category-politi","8":"tag-entre-rios","9":"tag-mauricio-colello","10":"tag-turismo"},"yoast_head":"<title>Mauricio Colello: \u201cEl turismo es trabajo y desarrollo; por eso apostamos fuerte a esta temporada\u201d - Informe Litoral<\/title>\n<meta name=\"robots\" content=\"index, follow, max-snippet:-1, max-image-preview:large, max-video-preview:-1\" \/>\n<link rel=\"canonical\" href=\"https:\/\/informelitoral.com.ar\/mauricio-colello-el-turismo-es-trabajo-y-desarrollo-por-eso-apostamos-fuerte-a-esta-temporada\/\" \/>\n<meta property=\"og:locale\" content=\"es_ES\" \/>\n<meta property=\"og:type\" content=\"article\" \/>\n<meta property=\"og:title\" content=\"Mauricio Colello: \u201cEl turismo es trabajo y desarrollo; por eso apostamos fuerte a esta temporada\u201d - Informe Litoral\" \/>\n<meta property=\"og:description\" content=\"En el marco de la presentaci\u00f3n oficial de la temporada de verano de Entre R\u00edos en la Casa de la Provincia en Buenos Aires, el secretario general de la Gobernaci\u00f3n, Mauricio Colello, destac\u00f3 el excelente desempe\u00f1o del \u00faltimo fin de semana largo y la proyecci\u00f3n \u201cm\u00e1s que alentadora\u201d para los pr\u00f3ximos meses.\" \/>\n<meta property=\"og:url\" content=\"https:\/\/informelitoral.com.ar\/mauricio-colello-el-turismo-es-trabajo-y-desarrollo-por-eso-apostamos-fuerte-a-esta-temporada\/\" \/>\n<meta property=\"og:site_name\" content=\"Informe Litoral\" \/>\n<meta property=\"article:publisher\" content=\"https:\/\/www.facebook.com\/informelitoral\/\" \/>\n<meta property=\"article:published_time\" content=\"2025-11-30T00:19:39+00:00\" \/>\n<meta property=\"og:image\" content=\"https:\/\/drive.google.com\/thumbnail?id=1TAGAOVpXp21Pdo7aKtlz7g1524SzJnKN&sz=w2048\" \/>\n\t<meta property=\"og:image:width\" content=\"1599\" \/>\n\t<meta property=\"og:image:height\" content=\"1066\" \/>\n\t<meta property=\"og:image:type\" content=\"image\/jpeg\" \/>\n<meta name=\"author\" content=\"Gonzalo Schmidt\" \/>\n<meta name=\"twitter:card\" content=\"summary_large_image\" \/>\n<meta name=\"twitter:creator\" content=\"@InformeLitoral\" \/>\n<meta name=\"twitter:site\" content=\"@InformeLitoral\" \/>\n<meta name=\"twitter:label1\" content=\"Escrito por\" \/>\n\t<meta name=\"twitter:data1\" content=\"Gonzalo Schmidt\" \/>\n\t<meta name=\"twitter:label2\" content=\"Tiempo de lectura\" \/>\n\t<meta name=\"twitter:data2\" content=\"3 minutos\" \/>\n<script type=\"application\/ld+json\" class=\"yoast-schema-graph\">{\"@context\":\"https:\\\/\\\/schema.org\",\"@graph\":[{\"@type\":\"Article\",\"@id\":\"https:\\\/\\\/informelitoral.com.ar\\\/mauricio-colello-el-turismo-es-trabajo-y-desarrollo-por-eso-apostamos-fuerte-a-esta-temporada\\\/#article\",\"isPartOf\":{\"@id\":\"https:\\\/\\\/informelitoral.com.ar\\\/mauricio-colello-el-turismo-es-trabajo-y-desarrollo-por-eso-apostamos-fuerte-a-esta-temporada\\\/\"},\"author\":{\"name\":\"Gonzalo Schmidt\",\"@id\":\"https:\\\/\\\/informelitoral.com.ar\\\/#\\\/schema\\\/person\\\/b9d00407c836482871ef1d57bf8e3180\"},\"headline\":\"Mauricio Colello: \u201cEl turismo es trabajo y desarrollo; por eso apostamos fuerte a esta temporada\u201d\",\"datePublished\":\"2025-11-30T00:19:39+00:00\",\"mainEntityOfPage\":{\"@id\":\"https:\\\/\\\/informelitoral.com.ar\\\/mauricio-colello-el-turismo-es-trabajo-y-desarrollo-por-eso-apostamos-fuerte-a-esta-temporada\\\/\"},\"wordCount\":479,\"commentCount\":0,\"publisher\":{\"@id\":\"https:\\\/\\\/informelitoral.com.ar\\\/#organization\"},\"image\":{\"@id\":\"https:\\\/\\\/informelitoral.com.ar\\\/mauricio-colello-el-turismo-es-trabajo-y-desarrollo-por-eso-apostamos-fuerte-a-esta-temporada\\\/#primaryimage\"},\"thumbnailUrl\":\"https:\\\/\\\/drive.google.com\\\/thumbnail?id=1TAGAOVpXp21Pdo7aKtlz7g1524SzJnKN&sz=w2048\",\"keywords\":[\"Entre R\u00edos\",\"Mauricio Colello\",\"Turismo\"],\"articleSection\":[\"Politica\"],\"inLanguage\":\"es\",\"potentialAction\":[{\"@type\":\"CommentAction\",\"name\":\"Comment\",\"target\":[\"https:\\\/\\\/informelitoral.com.ar\\\/mauricio-colello-el-turismo-es-trabajo-y-desarrollo-por-eso-apostamos-fuerte-a-esta-temporada\\\/#respond\"]}]},{\"@type\":\"WebPage\",\"@id\":\"https:\\\/\\\/informelitoral.com.ar\\\/mauricio-colello-el-turismo-es-trabajo-y-desarrollo-por-eso-apostamos-fuerte-a-esta-temporada\\\/\",\"url\":\"https:\\\/\\\/informelitoral.com.ar\\\/mauricio-colello-el-turismo-es-trabajo-y-desarrollo-por-eso-apostamos-fuerte-a-esta-temporada\\\/\",\"name\":\"Mauricio Colello: \u201cEl turismo es trabajo y desarrollo; por eso apostamos fuerte a esta temporada\u201d - Informe Litoral\",\"isPartOf\":{\"@id\":\"https:\\\/\\\/informelitoral.com.ar\\\/#website\"},\"primaryImageOfPage\":{\"@id\":\"https:\\\/\\\/informelitoral.com.ar\\\/mauricio-colello-el-turismo-es-trabajo-y-desarrollo-por-eso-apostamos-fuerte-a-esta-temporada\\\/#primaryimage\"},\"image\":{\"@id\":\"https:\\\/\\\/informelitoral.com.ar\\\/mauricio-colello-el-turismo-es-trabajo-y-desarrollo-por-eso-apostamos-fuerte-a-esta-temporada\\\/#primaryimage\"},\"thumbnailUrl\":\"https:\\\/\\\/drive.google.com\\\/thumbnail?id=1TAGAOVpXp21Pdo7aKtlz7g1524SzJnKN&sz=w2048\",\"datePublished\":\"2025-11-30T00:19:39+00:00\",\"breadcrumb\":{\"@id\":\"https:\\\/\\\/informelitoral.com.ar\\\/mauricio-colello-el-turismo-es-trabajo-y-desarrollo-por-eso-apostamos-fuerte-a-esta-temporada\\\/#breadcrumb\"},\"inLanguage\":\"es\",\"potentialAction\":[{\"@type\":\"ReadAction\",\"target\":[\"https:\\\/\\\/informelitoral.com.ar\\\/mauricio-colello-el-turismo-es-trabajo-y-desarrollo-por-eso-apostamos-fuerte-a-esta-temporada\\\/\"]}]},{\"@type\":\"ImageObject\",\"inLanguage\":\"es\",\"@id\":\"https:\\\/\\\/informelitoral.com.ar\\\/mauricio-colello-el-turismo-es-trabajo-y-desarrollo-por-eso-apostamos-fuerte-a-esta-temporada\\\/#primaryimage\",\"url\":\"https:\\\/\\\/drive.google.com\\\/thumbnail?id=1TAGAOVpXp21Pdo7aKtlz7g1524SzJnKN&sz=w2048\",\"contentUrl\":\"https:\\\/\\\/drive.google.com\\\/thumbnail?id=1TAGAOVpXp21Pdo7aKtlz7g1524SzJnKN&sz=w2048\",\"width\":1599,\"height\":1066},{\"@type\":\"BreadcrumbList\",\"@id\":\"https:\\\/\\\/informelitoral.com.ar\\\/mauricio-colello-el-turismo-es-trabajo-y-desarrollo-por-eso-apostamos-fuerte-a-esta-temporada\\\/#breadcrumb\",\"itemListElement\":[{\"@type\":\"ListItem\",\"position\":1,\"name\":\"Portada\",\"item\":\"https:\\\/\\\/informelitoral.com.ar\\\/\"},{\"@type\":\"ListItem\",\"position\":2,\"name\":\"Mauricio Colello: \u201cEl turismo es trabajo y desarrollo; por eso apostamos fuerte a esta temporada\u201d\"}]},{\"@type\":\"WebSite\",\"@id\":\"https:\\\/\\\/informelitoral.com.ar\\\/#website\",\"url\":\"https:\\\/\\\/informelitoral.com.ar\\\/\",\"name\":\"Informe Litoral\",\"description\":\"&quot;Nos informamos&quot; \",\"publisher\":{\"@id\":\"https:\\\/\\\/informelitoral.com.ar\\\/#organization\"},\"potentialAction\":[{\"@type\":\"SearchAction\",\"target\":{\"@type\":\"EntryPoint\",\"urlTemplate\":\"https:\\\/\\\/informelitoral.com.ar\\\/?s={search_term_string}\"},\"query-input\":{\"@type\":\"PropertyValueSpecification\",\"valueRequired\":true,\"valueName\":\"search_term_string\"}}],\"inLanguage\":\"es\"},{\"@type\":\"Organization\",\"@id\":\"https:\\\/\\\/informelitoral.com.ar\\\/#organization\",\"name\":\"Informe Litoral\",\"url\":\"https:\\\/\\\/informelitoral.com.ar\\\/\",\"logo\":{\"@type\":\"ImageObject\",\"inLanguage\":\"es\",\"@id\":\"https:\\\/\\\/informelitoral.com.ar\\\/#\\\/schema\\\/logo\\\/image\\\/\",\"url\":\"https:\\\/\\\/informelitoral.com.ar\\\/%77%70%2d%63%6f%6e%74%65%6e%74\\\/uploads\\\/2021\\\/01\\\/circulo.png\",\"contentUrl\":\"https:\\\/\\\/informelitoral.com.ar\\\/%77%70%2d%63%6f%6e%74%65%6e%74\\\/uploads\\\/2021\\\/01\\\/circulo.png\",\"width\":723,\"height\":731,\"caption\":\"Informe Litoral\"},\"image\":{\"@id\":\"https:\\\/\\\/informelitoral.com.ar\\\/#\\\/schema\\\/logo\\\/image\\\/\"},\"sameAs\":[\"https:\\\/\\\/www.facebook.com\\\/informelitoral\\\/\",\"https:\\\/\\\/x.com\\\/InformeLitoral\",\"https:\\\/\\\/www.instagram.com\\\/informelitoral\\\/\",\"https:\\\/\\\/www.youtube.com\\\/channel\\\/UCua4Qvz8Icb6MYqhoq9xLXw\"]},{\"@type\":\"Person\",\"@id\":\"https:\\\/\\\/informelitoral.com.ar\\\/#\\\/schema\\\/person\\\/b9d00407c836482871ef1d57bf8e3180\",\"name\":\"Gonzalo Schmidt\",\"image\":{\"@type\":\"ImageObject\",\"inLanguage\":\"es\",\"@id\":\"https:\\\/\\\/secure.gravatar.com\\\/avatar\\\/31a1a7b66ff2de83bd0e9fd79d026630d2d99e55e8bfe501287647b4fd9743de?s=96&d=mm&r=g\",\"url\":\"https:\\\/\\\/secure.gravatar.com\\\/avatar\\\/31a1a7b66ff2de83bd0e9fd79d026630d2d99e55e8bfe501287647b4fd9743de?s=96&d=mm&r=g\",\"contentUrl\":\"https:\\\/\\\/secure.gravatar.com\\\/avatar\\\/31a1a7b66ff2de83bd0e9fd79d026630d2d99e55e8bfe501287647b4fd9743de?s=96&d=mm&r=g\",\"caption\":\"Gonzalo Schmidt\"},\"description\":\"Sitio web de noticias de la provincia de Entre R\u00edos, Argentina. Informaci\u00f3n y entretenimiento. Informe Litoral, nos informamos.\",\"sameAs\":[\"http:\\\/\\\/www.isletasnoticias.com.ar\"],\"url\":\"https:\\\/\\\/informelitoral.com.ar\\\/author\\\/gonzalo\\\/\"}]}<\/script>","yoast_head_json":{"title":"Mauricio Colello: \u201cEl turismo es trabajo y desarrollo; por eso apostamos fuerte a esta temporada\u201d - Informe Litoral","robots":{"index":"index","follow":"follow","max-snippet":"max-snippet:-1","max-image-preview":"max-image-preview:large","max-video-preview":"max-video-preview:-1"},"canonical":"https:\/\/informelitoral.com.ar\/mauricio-colello-el-turismo-es-trabajo-y-desarrollo-por-eso-apostamos-fuerte-a-esta-temporada\/","og_locale":"es_ES","og_type":"article","og_title":"Mauricio Colello: \u201cEl turismo es trabajo y desarrollo; por eso apostamos fuerte a esta temporada\u201d - Informe Litoral","og_description":"En el marco de la presentaci\u00f3n oficial de la temporada de verano de Entre R\u00edos en la Casa de la Provincia en Buenos Aires, el secretario general de la Gobernaci\u00f3n, Mauricio Colello, destac\u00f3 el excelente desempe\u00f1o del \u00faltimo fin de semana largo y la proyecci\u00f3n \u201cm\u00e1s que alentadora\u201d para los pr\u00f3ximos meses.","og_url":"https:\/\/informelitoral.com.ar\/mauricio-colello-el-turismo-es-trabajo-y-desarrollo-por-eso-apostamos-fuerte-a-esta-temporada\/","og_site_name":"Informe Litoral","article_publisher":"https:\/\/www.facebook.com\/informelitoral\/","article_published_time":"2025-11-30T00:19:39+00:00","og_image":[{"width":1599,"height":1066,"url":"https:\/\/drive.google.com\/thumbnail?id=1TAGAOVpXp21Pdo7aKtlz7g1524SzJnKN&sz=w2048","type":"image\/jpeg"}],"author":"Gonzalo Schmidt","twitter_card":"summary_large_image","twitter_creator":"@InformeLitoral","twitter_site":"@InformeLitoral","twitter_misc":{"Escrito por":"Gonzalo Schmidt","Tiempo de lectura":"3 minutos"},"schema":{"@context":"https:\/\/schema.org","@graph":[{"@type":"Article","@id":"https:\/\/informelitoral.com.ar\/mauricio-colello-el-turismo-es-trabajo-y-desarrollo-por-eso-apostamos-fuerte-a-esta-temporada\/#article","isPartOf":{"@id":"https:\/\/informelitoral.com.ar\/mauricio-colello-el-turismo-es-trabajo-y-desarrollo-por-eso-apostamos-fuerte-a-esta-temporada\/"},"author":{"name":"Gonzalo Schmidt","@id":"https:\/\/informelitoral.com.ar\/#\/schema\/person\/b9d00407c836482871ef1d57bf8e3180"},"headline":"Mauricio Colello: \u201cEl turismo es trabajo y desarrollo; por eso apostamos fuerte a esta temporada\u201d","datePublished":"2025-11-30T00:19:39+00:00","mainEntityOfPage":{"@id":"https:\/\/informelitoral.com.ar\/mauricio-colello-el-turismo-es-trabajo-y-desarrollo-por-eso-apostamos-fuerte-a-esta-temporada\/"},"wordCount":479,"commentCount":0,"publisher":{"@id":"https:\/\/informelitoral.com.ar\/#organization"},"image":{"@id":"https:\/\/informelitoral.com.ar\/mauricio-colello-el-turismo-es-trabajo-y-desarrollo-por-eso-apostamos-fuerte-a-esta-temporada\/#primaryimage"},"thumbnailUrl":"https:\/\/drive.google.com\/thumbnail?id=1TAGAOVpXp21Pdo7aKtlz7g1524SzJnKN&sz=w2048","keywords":["Entre R\u00edos","Mauricio Colello","Turismo"],"articleSection":["Politica"],"inLanguage":"es","potentialAction":[{"@type":"CommentAction","name":"Comment","target":["https:\/\/informelitoral.com.ar\/mauricio-colello-el-turismo-es-trabajo-y-desarrollo-por-eso-apostamos-fuerte-a-esta-temporada\/#respond"]}]},{"@type":"WebPage","@id":"https:\/\/informelitoral.com.ar\/mauricio-colello-el-turismo-es-trabajo-y-desarrollo-por-eso-apostamos-fuerte-a-esta-temporada\/","url":"https:\/\/informelitoral.com.ar\/mauricio-colello-el-turismo-es-trabajo-y-desarrollo-por-eso-apostamos-fuerte-a-esta-temporada\/","name":"Mauricio Colello: \u201cEl turismo es trabajo y desarrollo; por eso apostamos fuerte a esta temporada\u201d - Informe Litoral","isPartOf":{"@id":"https:\/\/informelitoral.com.ar\/#website"},"primaryImageOfPage":{"@id":"https:\/\/informelitoral.com.ar\/mauricio-colello-el-turismo-es-trabajo-y-desarrollo-por-eso-apostamos-fuerte-a-esta-temporada\/#primaryimage"},"image":{"@id":"https:\/\/informelitoral.com.ar\/mauricio-colello-el-turismo-es-trabajo-y-desarrollo-por-eso-apostamos-fuerte-a-esta-temporada\/#primaryimage"},"thumbnailUrl":"https:\/\/drive.google.com\/thumbnail?id=1TAGAOVpXp21Pdo7aKtlz7g1524SzJnKN&sz=w2048","datePublished":"2025-11-30T00:19:39+00:00","breadcrumb":{"@id":"https:\/\/informelitoral.com.ar\/mauricio-colello-el-turismo-es-trabajo-y-desarrollo-por-eso-apostamos-fuerte-a-esta-temporada\/#breadcrumb"},"inLanguage":"es","potentialAction":[{"@type":"ReadAction","target":["https:\/\/informelitoral.com.ar\/mauricio-colello-el-turismo-es-trabajo-y-desarrollo-por-eso-apostamos-fuerte-a-esta-temporada\/"]}]},{"@type":"ImageObject","inLanguage":"es","@id":"https:\/\/informelitoral.com.ar\/mauricio-colello-el-turismo-es-trabajo-y-desarrollo-por-eso-apostamos-fuerte-a-esta-temporada\/#primaryimage","url":"https:\/\/drive.google.com\/thumbnail?id=1TAGAOVpXp21Pdo7aKtlz7g1524SzJnKN&sz=w2048","contentUrl":"https:\/\/drive.google.com\/thumbnail?id=1TAGAOVpXp21Pdo7aKtlz7g1524SzJnKN&sz=w2048","width":1599,"height":1066},{"@type":"BreadcrumbList","@id":"https:\/\/informelitoral.com.ar\/mauricio-colello-el-turismo-es-trabajo-y-desarrollo-por-eso-apostamos-fuerte-a-esta-temporada\/#breadcrumb","itemListElement":[{"@type":"ListItem","position":1,"name":"Portada","item":"https:\/\/informelitoral.com.ar\/"},{"@type":"ListItem","position":2,"name":"Mauricio Colello: \u201cEl turismo es trabajo y desarrollo; por eso apostamos fuerte a esta temporada\u201d"}]},{"@type":"WebSite","@id":"https:\/\/informelitoral.com.ar\/#website","url":"https:\/\/informelitoral.com.ar\/","name":"Informe Litoral","description":"&quot;Nos informamos&quot; ","publisher":{"@id":"https:\/\/informelitoral.com.ar\/#organization"},"potentialAction":[{"@type":"SearchAction","target":{"@type":"EntryPoint","urlTemplate":"https:\/\/informelitoral.com.ar\/?s={search_term_string}"},"query-input":{"@type":"PropertyValueSpecification","valueRequired":true,"valueName":"search_term_string"}}],"inLanguage":"es"},{"@type":"Organization","@id":"https:\/\/informelitoral.com.ar\/#organization","name":"Informe Litoral","url":"https:\/\/informelitoral.com.ar\/","logo":{"@type":"ImageObject","inLanguage":"es","@id":"https:\/\/informelitoral.com.ar\/#\/schema\/logo\/image\/","url":"https:\/\/informelitoral.com.ar\/%77%70%2d%63%6f%6e%74%65%6e%74\/uploads\/2021\/01\/circulo.png","contentUrl":"https:\/\/informelitoral.com.ar\/%77%70%2d%63%6f%6e%74%65%6e%74\/uploads\/2021\/01\/circulo.png","width":723,"height":731,"caption":"Informe Litoral"},"image":{"@id":"https:\/\/informelitoral.com.ar\/#\/schema\/logo\/image\/"},"sameAs":["https:\/\/www.facebook.com\/informelitoral\/","https:\/\/x.com\/InformeLitoral","https:\/\/www.instagram.com\/informelitoral\/","https:\/\/www.youtube.com\/channel\/UCua4Qvz8Icb6MYqhoq9xLXw"]},{"@type":"Person","@id":"https:\/\/informelitoral.com.ar\/#\/schema\/person\/b9d00407c836482871ef1d57bf8e3180","name":"Gonzalo Schmidt","image":{"@type":"ImageObject","inLanguage":"es","@id":"https:\/\/secure.gravatar.com\/avatar\/31a1a7b66ff2de83bd0e9fd79d026630d2d99e55e8bfe501287647b4fd9743de?s=96&d=mm&r=g","url":"https:\/\/secure.gravatar.com\/avatar\/31a1a7b66ff2de83bd0e9fd79d026630d2d99e55e8bfe501287647b4fd9743de?s=96&d=mm&r=g","contentUrl":"https:\/\/secure.gravatar.com\/avatar\/31a1a7b66ff2de83bd0e9fd79d026630d2d99e55e8bfe501287647b4fd9743de?s=96&d=mm&r=g","caption":"Gonzalo Schmidt"},"description":"Sitio web de noticias de la provincia de Entre R\u00edos, Argentina. Informaci\u00f3n y entretenimiento. Informe Litoral, nos informamos.","sameAs":["http:\/\/www.isletasnoticias.com.ar"],"url":"https:\/\/informelitoral.com.ar\/author\/gonzalo\/"}]}},"_links":{"self":[{"href":"https:\/\/informelitoral.com.ar\/%77%70%2d%6a%73%6f%6e\/wp\/v2\/posts\/241948","targetHints":{"allow":["GET"]}}],"collection":[{"href":"https:\/\/informelitoral.com.ar\/%77%70%2d%6a%73%6f%6e\/wp\/v2\/posts"}],"about":[{"href":"https:\/\/informelitoral.com.ar\/%77%70%2d%6a%73%6f%6e\/wp\/v2\/types\/post"}],"author":[{"embeddable":true,"href":"https:\/\/informelitoral.com.ar\/%77%70%2d%6a%73%6f%6e\/wp\/v2\/users\/2"}],"replies":[{"embeddable":true,"href":"https:\/\/informelitoral.com.ar\/%77%70%2d%6a%73%6f%6e\/wp\/v2\/comments?post=241948"}],"version-history":[{"count":1,"href":"https:\/\/informelitoral.com.ar\/%77%70%2d%6a%73%6f%6e\/wp\/v2\/posts\/241948\/revisions"}],"predecessor-version":[{"id":241950,"href":"https:\/\/informelitoral.com.ar\/%77%70%2d%6a%73%6f%6e\/wp\/v2\/posts\/241948\/revisions\/241950"}],"wp:featuredmedia":[{"embeddable":true,"href":"https:\/\/informelitoral.com.ar\/%77%70%2d%6a%73%6f%6e\/wp\/v2\/media\/241949"}],"wp:attachment":[{"href":"https:\/\/informelitoral.com.ar\/%77%70%2d%6a%73%6f%6e\/wp\/v2\/media?parent=241948"}],"wp:term":[{"taxonomy":"category","embeddable":true,"href":"https:\/\/informelitoral.com.ar\/%77%70%2d%6a%73%6f%6e\/wp\/v2\/categories?post=241948"},{"taxonomy":"post_tag","embeddable":true,"href":"https:\/\/informelitoral.com.ar\/%77%70%2d%6a%73%6f%6e\/wp\/v2\/tags?post=241948"}],"curies":[{"name":"wp","href":"https:\/\/api.w.org\/{rel}","templated":true}]}}