{"id":2419,"date":"2013-07-10T09:10:02","date_gmt":"2013-07-10T12:10:02","guid":{"rendered":"http:\/\/www.isletasnoticias.com.ar\/?p=2419"},"modified":"2013-07-10T09:10:02","modified_gmt":"2013-07-10T12:10:02","slug":"diamante-persona-herida-de-arma-blanca-en-supuesta-ocasion-de-robo","status":"publish","type":"post","link":"https:\/\/informelitoral.com.ar\/diamante-persona-herida-de-arma-blanca-en-supuesta-ocasion-de-robo\/","title":{"rendered":"Diamante: Persona herida de arma blanca en supuesta ocasi\u00f3n de robo"},"content":{"rendered":"<div><em><strong>\u00a0 <\/strong><\/em><strong>En las \u00faltimas horas del martes, se produjo u<\/strong><strong>n hecho de sangre en Diamante, tras un presunto intento de robo.<\/strong><\/div>\n<p><img loading=\"lazy\" decoding=\"async\" class=\"size-medium wp-image-2420 alignright\" alt=\"Jefatura Diamante(SP)\" src=\"http:\/\/www.isletasnoticias.com.ar\/%77%70%2d%63%6f%6e%74%65%6e%74\/uploads\/2013\/07\/Jefatura-DiamanteSP-300x164.jpg\" width=\"300\" height=\"164\" srcset=\"https:\/\/informelitoral.com.ar\/%77%70%2d%63%6f%6e%74%65%6e%74\/uploads\/2013\/07\/Jefatura-DiamanteSP-300x164.jpg 300w, https:\/\/informelitoral.com.ar\/%77%70%2d%63%6f%6e%74%65%6e%74\/uploads\/2013\/07\/Jefatura-DiamanteSP.jpg 600w\" sizes=\"auto, (max-width: 300px) 100vw, 300px\" \/>Seg\u00fan la poca informaci\u00f3n que poseemos habr\u00eda sido herido con un arma blanca un apicultor de la ciudad el que posteriormente fue operado en el Instituto M\u00e9dico Privado, pues ser\u00edan de mucha gravedad las heridas recibidas.<\/p>\n<div>El herido habr\u00eda sido trasladado primeramente al Hospital San Jos\u00e9 para luego ser derivado al Instituto M\u00e9dico Privado para su atenci\u00f3n.<\/div>\n<div><\/div>\n<div>\n<p>Si bien no poseemos informaci\u00f3n oficial, un informante de nuestro medio nos proporciona el dato que se tratar\u00eda de una persona de apellido Medina, quien habr\u00eda sido herido en supuesta ocasi\u00f3n de robo.<\/p>\n<p>Informaciones mas completas nos indican que el afectado ser\u00eda un ex miembro de Prefectura de nombre <strong>Marcelo Medina<\/strong>, quien tambien se desempe\u00f1ara como \u00e1rbitro de la Liga Diamantina de F\u00fatbol, el intento de robo, y como consecuencia del mismo el apu\u00f1alamiento se produjo en inmediaciones de la ex-curtiembre, donde posee las colmenas este hombre, la Polic\u00eda se encuentra investigando quienes pudieron ser los autores de tan aberrante hecho.<\/p>\n<p>Fuente:\u00a0<a href=\"http:\/\/www.neonetmusic.com.ar\/\" target=\"_blank\">Neo Net Music<\/a>.<\/p>\n<\/div>\n","protected":false},"excerpt":{"rendered":"<p>&nbsp; En las &uacute;ltimas horas del martes, se produjo un hecho de sangre en Diamante, tras un presunto intento de robo. Seg&uacute;n la poca informaci&oacute;n que poseemos habr&iacute;a sido herido con un arma blanca un apicultor de la ciudad el que posteriormente fue operado en el Instituto M&eacute;dico Privado, pues ser&iacute;an de mucha gravedad las [&hellip;]<\/p>\n","protected":false},"author":2,"featured_media":0,"comment_status":"open","ping_status":"open","sticky":false,"template":"","format":"standard","meta":{"fifu_image_url":"","fifu_image_alt":"","footnotes":""},"categories":[5,16],"tags":[],"class_list":{"0":"post-2419","1":"post","2":"type-post","3":"status-publish","4":"format-standard","6":"category-zonales","7":"category-politi"},"yoast_head":"<title>Diamante: Persona herida de arma blanca en supuesta ocasi\u00f3n de robo - Informe Litoral<\/title>\n<meta name=\"robots\" content=\"index, follow, max-snippet:-1, max-image-preview:large, max-video-preview:-1\" \/>\n<link rel=\"canonical\" href=\"https:\/\/informelitoral.com.ar\/diamante-persona-herida-de-arma-blanca-en-supuesta-ocasion-de-robo\/\" \/>\n<meta property=\"og:locale\" content=\"es_ES\" \/>\n<meta property=\"og:type\" content=\"article\" \/>\n<meta property=\"og:title\" content=\"Diamante: Persona herida de arma blanca en supuesta ocasi\u00f3n de robo - Informe Litoral\" \/>\n<meta property=\"og:description\" content=\"&nbsp; En las &uacute;ltimas horas del martes, se produjo un hecho de sangre en Diamante, tras un presunto intento de robo. Seg&uacute;n la poca informaci&oacute;n que poseemos habr&iacute;a sido herido con un arma blanca un apicultor de la ciudad el que posteriormente fue operado en el Instituto M&eacute;dico Privado, pues ser&iacute;an de mucha gravedad las [&hellip;]\" \/>\n<meta property=\"og:url\" content=\"https:\/\/informelitoral.com.ar\/diamante-persona-herida-de-arma-blanca-en-supuesta-ocasion-de-robo\/\" \/>\n<meta property=\"og:site_name\" content=\"Informe Litoral\" \/>\n<meta property=\"article:publisher\" content=\"https:\/\/www.facebook.com\/informelitoral\/\" \/>\n<meta property=\"article:published_time\" content=\"2013-07-10T12:10:02+00:00\" \/>\n<meta property=\"og:image\" content=\"https:\/\/informelitoral.com.ar\/%77%70%2d%63%6f%6e%74%65%6e%74\/uploads\/2013\/07\/Jefatura-DiamanteSP.jpg\" \/>\n\t<meta property=\"og:image:width\" content=\"600\" \/>\n\t<meta property=\"og:image:height\" content=\"329\" \/>\n\t<meta property=\"og:image:type\" content=\"image\/jpeg\" \/>\n<meta name=\"author\" content=\"Gonzalo Schmidt\" \/>\n<meta name=\"twitter:card\" content=\"summary_large_image\" \/>\n<meta name=\"twitter:creator\" content=\"@InformeLitoral\" \/>\n<meta name=\"twitter:site\" content=\"@InformeLitoral\" \/>\n<meta name=\"twitter:label1\" content=\"Escrito por\" \/>\n\t<meta name=\"twitter:data1\" content=\"Gonzalo Schmidt\" \/>\n\t<meta name=\"twitter:label2\" content=\"Tiempo de lectura\" \/>\n\t<meta name=\"twitter:data2\" content=\"1 minuto\" \/>\n<script type=\"application\/ld+json\" class=\"yoast-schema-graph\">{\"@context\":\"https:\\\/\\\/schema.org\",\"@graph\":[{\"@type\":\"Article\",\"@id\":\"https:\\\/\\\/informelitoral.com.ar\\\/diamante-persona-herida-de-arma-blanca-en-supuesta-ocasion-de-robo\\\/#article\",\"isPartOf\":{\"@id\":\"https:\\\/\\\/informelitoral.com.ar\\\/diamante-persona-herida-de-arma-blanca-en-supuesta-ocasion-de-robo\\\/\"},\"author\":{\"name\":\"Gonzalo Schmidt\",\"@id\":\"https:\\\/\\\/informelitoral.com.ar\\\/#\\\/schema\\\/person\\\/b9d00407c836482871ef1d57bf8e3180\"},\"headline\":\"Diamante: Persona herida de arma blanca en supuesta ocasi\u00f3n de robo\",\"datePublished\":\"2013-07-10T12:10:02+00:00\",\"mainEntityOfPage\":{\"@id\":\"https:\\\/\\\/informelitoral.com.ar\\\/diamante-persona-herida-de-arma-blanca-en-supuesta-ocasion-de-robo\\\/\"},\"wordCount\":212,\"commentCount\":0,\"publisher\":{\"@id\":\"https:\\\/\\\/informelitoral.com.ar\\\/#organization\"},\"image\":{\"@id\":\"https:\\\/\\\/informelitoral.com.ar\\\/diamante-persona-herida-de-arma-blanca-en-supuesta-ocasion-de-robo\\\/#primaryimage\"},\"thumbnailUrl\":\"http:\\\/\\\/www.isletasnoticias.com.ar\\\/%77%70%2d%63%6f%6e%74%65%6e%74\\\/uploads\\\/2013\\\/07\\\/Jefatura-DiamanteSP-300x164.jpg\",\"articleSection\":[\"Departamento Diamante\",\"Politica\"],\"inLanguage\":\"es\",\"potentialAction\":[{\"@type\":\"CommentAction\",\"name\":\"Comment\",\"target\":[\"https:\\\/\\\/informelitoral.com.ar\\\/diamante-persona-herida-de-arma-blanca-en-supuesta-ocasion-de-robo\\\/#respond\"]}]},{\"@type\":\"WebPage\",\"@id\":\"https:\\\/\\\/informelitoral.com.ar\\\/diamante-persona-herida-de-arma-blanca-en-supuesta-ocasion-de-robo\\\/\",\"url\":\"https:\\\/\\\/informelitoral.com.ar\\\/diamante-persona-herida-de-arma-blanca-en-supuesta-ocasion-de-robo\\\/\",\"name\":\"Diamante: Persona herida de arma blanca en supuesta ocasi\u00f3n de robo - Informe Litoral\",\"isPartOf\":{\"@id\":\"https:\\\/\\\/informelitoral.com.ar\\\/#website\"},\"primaryImageOfPage\":{\"@id\":\"https:\\\/\\\/informelitoral.com.ar\\\/diamante-persona-herida-de-arma-blanca-en-supuesta-ocasion-de-robo\\\/#primaryimage\"},\"image\":{\"@id\":\"https:\\\/\\\/informelitoral.com.ar\\\/diamante-persona-herida-de-arma-blanca-en-supuesta-ocasion-de-robo\\\/#primaryimage\"},\"thumbnailUrl\":\"http:\\\/\\\/www.isletasnoticias.com.ar\\\/%77%70%2d%63%6f%6e%74%65%6e%74\\\/uploads\\\/2013\\\/07\\\/Jefatura-DiamanteSP-300x164.jpg\",\"datePublished\":\"2013-07-10T12:10:02+00:00\",\"breadcrumb\":{\"@id\":\"https:\\\/\\\/informelitoral.com.ar\\\/diamante-persona-herida-de-arma-blanca-en-supuesta-ocasion-de-robo\\\/#breadcrumb\"},\"inLanguage\":\"es\",\"potentialAction\":[{\"@type\":\"ReadAction\",\"target\":[\"https:\\\/\\\/informelitoral.com.ar\\\/diamante-persona-herida-de-arma-blanca-en-supuesta-ocasion-de-robo\\\/\"]}]},{\"@type\":\"ImageObject\",\"inLanguage\":\"es\",\"@id\":\"https:\\\/\\\/informelitoral.com.ar\\\/diamante-persona-herida-de-arma-blanca-en-supuesta-ocasion-de-robo\\\/#primaryimage\",\"url\":\"http:\\\/\\\/www.isletasnoticias.com.ar\\\/%77%70%2d%63%6f%6e%74%65%6e%74\\\/uploads\\\/2013\\\/07\\\/Jefatura-DiamanteSP-300x164.jpg\",\"contentUrl\":\"http:\\\/\\\/www.isletasnoticias.com.ar\\\/%77%70%2d%63%6f%6e%74%65%6e%74\\\/uploads\\\/2013\\\/07\\\/Jefatura-DiamanteSP-300x164.jpg\"},{\"@type\":\"BreadcrumbList\",\"@id\":\"https:\\\/\\\/informelitoral.com.ar\\\/diamante-persona-herida-de-arma-blanca-en-supuesta-ocasion-de-robo\\\/#breadcrumb\",\"itemListElement\":[{\"@type\":\"ListItem\",\"position\":1,\"name\":\"Portada\",\"item\":\"https:\\\/\\\/informelitoral.com.ar\\\/\"},{\"@type\":\"ListItem\",\"position\":2,\"name\":\"Diamante: Persona herida de arma blanca en supuesta ocasi\u00f3n de robo\"}]},{\"@type\":\"WebSite\",\"@id\":\"https:\\\/\\\/informelitoral.com.ar\\\/#website\",\"url\":\"https:\\\/\\\/informelitoral.com.ar\\\/\",\"name\":\"Informe Litoral\",\"description\":\"&quot;Nos informamos&quot; \",\"publisher\":{\"@id\":\"https:\\\/\\\/informelitoral.com.ar\\\/#organization\"},\"potentialAction\":[{\"@type\":\"SearchAction\",\"target\":{\"@type\":\"EntryPoint\",\"urlTemplate\":\"https:\\\/\\\/informelitoral.com.ar\\\/?s={search_term_string}\"},\"query-input\":{\"@type\":\"PropertyValueSpecification\",\"valueRequired\":true,\"valueName\":\"search_term_string\"}}],\"inLanguage\":\"es\"},{\"@type\":\"Organization\",\"@id\":\"https:\\\/\\\/informelitoral.com.ar\\\/#organization\",\"name\":\"Informe Litoral\",\"url\":\"https:\\\/\\\/informelitoral.com.ar\\\/\",\"logo\":{\"@type\":\"ImageObject\",\"inLanguage\":\"es\",\"@id\":\"https:\\\/\\\/informelitoral.com.ar\\\/#\\\/schema\\\/logo\\\/image\\\/\",\"url\":\"https:\\\/\\\/informelitoral.com.ar\\\/%77%70%2d%63%6f%6e%74%65%6e%74\\\/uploads\\\/2021\\\/01\\\/circulo.png\",\"contentUrl\":\"https:\\\/\\\/informelitoral.com.ar\\\/%77%70%2d%63%6f%6e%74%65%6e%74\\\/uploads\\\/2021\\\/01\\\/circulo.png\",\"width\":723,\"height\":731,\"caption\":\"Informe Litoral\"},\"image\":{\"@id\":\"https:\\\/\\\/informelitoral.com.ar\\\/#\\\/schema\\\/logo\\\/image\\\/\"},\"sameAs\":[\"https:\\\/\\\/www.facebook.com\\\/informelitoral\\\/\",\"https:\\\/\\\/x.com\\\/InformeLitoral\",\"https:\\\/\\\/www.instagram.com\\\/informelitoral\\\/\",\"https:\\\/\\\/www.youtube.com\\\/channel\\\/UCua4Qvz8Icb6MYqhoq9xLXw\"]},{\"@type\":\"Person\",\"@id\":\"https:\\\/\\\/informelitoral.com.ar\\\/#\\\/schema\\\/person\\\/b9d00407c836482871ef1d57bf8e3180\",\"name\":\"Gonzalo Schmidt\",\"image\":{\"@type\":\"ImageObject\",\"inLanguage\":\"es\",\"@id\":\"https:\\\/\\\/secure.gravatar.com\\\/avatar\\\/31a1a7b66ff2de83bd0e9fd79d026630d2d99e55e8bfe501287647b4fd9743de?s=96&d=mm&r=g\",\"url\":\"https:\\\/\\\/secure.gravatar.com\\\/avatar\\\/31a1a7b66ff2de83bd0e9fd79d026630d2d99e55e8bfe501287647b4fd9743de?s=96&d=mm&r=g\",\"contentUrl\":\"https:\\\/\\\/secure.gravatar.com\\\/avatar\\\/31a1a7b66ff2de83bd0e9fd79d026630d2d99e55e8bfe501287647b4fd9743de?s=96&d=mm&r=g\",\"caption\":\"Gonzalo Schmidt\"},\"description\":\"Sitio web de noticias de la provincia de Entre R\u00edos, Argentina. Informaci\u00f3n y entretenimiento. Informe Litoral, nos informamos.\",\"sameAs\":[\"http:\\\/\\\/www.isletasnoticias.com.ar\"],\"url\":\"https:\\\/\\\/informelitoral.com.ar\\\/author\\\/gonzalo\\\/\"}]}<\/script>","yoast_head_json":{"title":"Diamante: Persona herida de arma blanca en supuesta ocasi\u00f3n de robo - Informe Litoral","robots":{"index":"index","follow":"follow","max-snippet":"max-snippet:-1","max-image-preview":"max-image-preview:large","max-video-preview":"max-video-preview:-1"},"canonical":"https:\/\/informelitoral.com.ar\/diamante-persona-herida-de-arma-blanca-en-supuesta-ocasion-de-robo\/","og_locale":"es_ES","og_type":"article","og_title":"Diamante: Persona herida de arma blanca en supuesta ocasi\u00f3n de robo - Informe Litoral","og_description":"&nbsp; En las &uacute;ltimas horas del martes, se produjo un hecho de sangre en Diamante, tras un presunto intento de robo. Seg&uacute;n la poca informaci&oacute;n que poseemos habr&iacute;a sido herido con un arma blanca un apicultor de la ciudad el que posteriormente fue operado en el Instituto M&eacute;dico Privado, pues ser&iacute;an de mucha gravedad las [&hellip;]","og_url":"https:\/\/informelitoral.com.ar\/diamante-persona-herida-de-arma-blanca-en-supuesta-ocasion-de-robo\/","og_site_name":"Informe Litoral","article_publisher":"https:\/\/www.facebook.com\/informelitoral\/","article_published_time":"2013-07-10T12:10:02+00:00","og_image":[{"width":600,"height":329,"url":"https:\/\/informelitoral.com.ar\/%77%70%2d%63%6f%6e%74%65%6e%74\/uploads\/2013\/07\/Jefatura-DiamanteSP.jpg","type":"image\/jpeg"}],"author":"Gonzalo Schmidt","twitter_card":"summary_large_image","twitter_creator":"@InformeLitoral","twitter_site":"@InformeLitoral","twitter_misc":{"Escrito por":"Gonzalo Schmidt","Tiempo de lectura":"1 minuto"},"schema":{"@context":"https:\/\/schema.org","@graph":[{"@type":"Article","@id":"https:\/\/informelitoral.com.ar\/diamante-persona-herida-de-arma-blanca-en-supuesta-ocasion-de-robo\/#article","isPartOf":{"@id":"https:\/\/informelitoral.com.ar\/diamante-persona-herida-de-arma-blanca-en-supuesta-ocasion-de-robo\/"},"author":{"name":"Gonzalo Schmidt","@id":"https:\/\/informelitoral.com.ar\/#\/schema\/person\/b9d00407c836482871ef1d57bf8e3180"},"headline":"Diamante: Persona herida de arma blanca en supuesta ocasi\u00f3n de robo","datePublished":"2013-07-10T12:10:02+00:00","mainEntityOfPage":{"@id":"https:\/\/informelitoral.com.ar\/diamante-persona-herida-de-arma-blanca-en-supuesta-ocasion-de-robo\/"},"wordCount":212,"commentCount":0,"publisher":{"@id":"https:\/\/informelitoral.com.ar\/#organization"},"image":{"@id":"https:\/\/informelitoral.com.ar\/diamante-persona-herida-de-arma-blanca-en-supuesta-ocasion-de-robo\/#primaryimage"},"thumbnailUrl":"http:\/\/www.isletasnoticias.com.ar\/%77%70%2d%63%6f%6e%74%65%6e%74\/uploads\/2013\/07\/Jefatura-DiamanteSP-300x164.jpg","articleSection":["Departamento Diamante","Politica"],"inLanguage":"es","potentialAction":[{"@type":"CommentAction","name":"Comment","target":["https:\/\/informelitoral.com.ar\/diamante-persona-herida-de-arma-blanca-en-supuesta-ocasion-de-robo\/#respond"]}]},{"@type":"WebPage","@id":"https:\/\/informelitoral.com.ar\/diamante-persona-herida-de-arma-blanca-en-supuesta-ocasion-de-robo\/","url":"https:\/\/informelitoral.com.ar\/diamante-persona-herida-de-arma-blanca-en-supuesta-ocasion-de-robo\/","name":"Diamante: Persona herida de arma blanca en supuesta ocasi\u00f3n de robo - Informe Litoral","isPartOf":{"@id":"https:\/\/informelitoral.com.ar\/#website"},"primaryImageOfPage":{"@id":"https:\/\/informelitoral.com.ar\/diamante-persona-herida-de-arma-blanca-en-supuesta-ocasion-de-robo\/#primaryimage"},"image":{"@id":"https:\/\/informelitoral.com.ar\/diamante-persona-herida-de-arma-blanca-en-supuesta-ocasion-de-robo\/#primaryimage"},"thumbnailUrl":"http:\/\/www.isletasnoticias.com.ar\/%77%70%2d%63%6f%6e%74%65%6e%74\/uploads\/2013\/07\/Jefatura-DiamanteSP-300x164.jpg","datePublished":"2013-07-10T12:10:02+00:00","breadcrumb":{"@id":"https:\/\/informelitoral.com.ar\/diamante-persona-herida-de-arma-blanca-en-supuesta-ocasion-de-robo\/#breadcrumb"},"inLanguage":"es","potentialAction":[{"@type":"ReadAction","target":["https:\/\/informelitoral.com.ar\/diamante-persona-herida-de-arma-blanca-en-supuesta-ocasion-de-robo\/"]}]},{"@type":"ImageObject","inLanguage":"es","@id":"https:\/\/informelitoral.com.ar\/diamante-persona-herida-de-arma-blanca-en-supuesta-ocasion-de-robo\/#primaryimage","url":"http:\/\/www.isletasnoticias.com.ar\/%77%70%2d%63%6f%6e%74%65%6e%74\/uploads\/2013\/07\/Jefatura-DiamanteSP-300x164.jpg","contentUrl":"http:\/\/www.isletasnoticias.com.ar\/%77%70%2d%63%6f%6e%74%65%6e%74\/uploads\/2013\/07\/Jefatura-DiamanteSP-300x164.jpg"},{"@type":"BreadcrumbList","@id":"https:\/\/informelitoral.com.ar\/diamante-persona-herida-de-arma-blanca-en-supuesta-ocasion-de-robo\/#breadcrumb","itemListElement":[{"@type":"ListItem","position":1,"name":"Portada","item":"https:\/\/informelitoral.com.ar\/"},{"@type":"ListItem","position":2,"name":"Diamante: Persona herida de arma blanca en supuesta ocasi\u00f3n de robo"}]},{"@type":"WebSite","@id":"https:\/\/informelitoral.com.ar\/#website","url":"https:\/\/informelitoral.com.ar\/","name":"Informe Litoral","description":"&quot;Nos informamos&quot; ","publisher":{"@id":"https:\/\/informelitoral.com.ar\/#organization"},"potentialAction":[{"@type":"SearchAction","target":{"@type":"EntryPoint","urlTemplate":"https:\/\/informelitoral.com.ar\/?s={search_term_string}"},"query-input":{"@type":"PropertyValueSpecification","valueRequired":true,"valueName":"search_term_string"}}],"inLanguage":"es"},{"@type":"Organization","@id":"https:\/\/informelitoral.com.ar\/#organization","name":"Informe Litoral","url":"https:\/\/informelitoral.com.ar\/","logo":{"@type":"ImageObject","inLanguage":"es","@id":"https:\/\/informelitoral.com.ar\/#\/schema\/logo\/image\/","url":"https:\/\/informelitoral.com.ar\/%77%70%2d%63%6f%6e%74%65%6e%74\/uploads\/2021\/01\/circulo.png","contentUrl":"https:\/\/informelitoral.com.ar\/%77%70%2d%63%6f%6e%74%65%6e%74\/uploads\/2021\/01\/circulo.png","width":723,"height":731,"caption":"Informe Litoral"},"image":{"@id":"https:\/\/informelitoral.com.ar\/#\/schema\/logo\/image\/"},"sameAs":["https:\/\/www.facebook.com\/informelitoral\/","https:\/\/x.com\/InformeLitoral","https:\/\/www.instagram.com\/informelitoral\/","https:\/\/www.youtube.com\/channel\/UCua4Qvz8Icb6MYqhoq9xLXw"]},{"@type":"Person","@id":"https:\/\/informelitoral.com.ar\/#\/schema\/person\/b9d00407c836482871ef1d57bf8e3180","name":"Gonzalo Schmidt","image":{"@type":"ImageObject","inLanguage":"es","@id":"https:\/\/secure.gravatar.com\/avatar\/31a1a7b66ff2de83bd0e9fd79d026630d2d99e55e8bfe501287647b4fd9743de?s=96&d=mm&r=g","url":"https:\/\/secure.gravatar.com\/avatar\/31a1a7b66ff2de83bd0e9fd79d026630d2d99e55e8bfe501287647b4fd9743de?s=96&d=mm&r=g","contentUrl":"https:\/\/secure.gravatar.com\/avatar\/31a1a7b66ff2de83bd0e9fd79d026630d2d99e55e8bfe501287647b4fd9743de?s=96&d=mm&r=g","caption":"Gonzalo Schmidt"},"description":"Sitio web de noticias de la provincia de Entre R\u00edos, Argentina. Informaci\u00f3n y entretenimiento. Informe Litoral, nos informamos.","sameAs":["http:\/\/www.isletasnoticias.com.ar"],"url":"https:\/\/informelitoral.com.ar\/author\/gonzalo\/"}]}},"_links":{"self":[{"href":"https:\/\/informelitoral.com.ar\/%77%70%2d%6a%73%6f%6e\/wp\/v2\/posts\/2419","targetHints":{"allow":["GET"]}}],"collection":[{"href":"https:\/\/informelitoral.com.ar\/%77%70%2d%6a%73%6f%6e\/wp\/v2\/posts"}],"about":[{"href":"https:\/\/informelitoral.com.ar\/%77%70%2d%6a%73%6f%6e\/wp\/v2\/types\/post"}],"author":[{"embeddable":true,"href":"https:\/\/informelitoral.com.ar\/%77%70%2d%6a%73%6f%6e\/wp\/v2\/users\/2"}],"replies":[{"embeddable":true,"href":"https:\/\/informelitoral.com.ar\/%77%70%2d%6a%73%6f%6e\/wp\/v2\/comments?post=2419"}],"version-history":[{"count":0,"href":"https:\/\/informelitoral.com.ar\/%77%70%2d%6a%73%6f%6e\/wp\/v2\/posts\/2419\/revisions"}],"wp:attachment":[{"href":"https:\/\/informelitoral.com.ar\/%77%70%2d%6a%73%6f%6e\/wp\/v2\/media?parent=2419"}],"wp:term":[{"taxonomy":"category","embeddable":true,"href":"https:\/\/informelitoral.com.ar\/%77%70%2d%6a%73%6f%6e\/wp\/v2\/categories?post=2419"},{"taxonomy":"post_tag","embeddable":true,"href":"https:\/\/informelitoral.com.ar\/%77%70%2d%6a%73%6f%6e\/wp\/v2\/tags?post=2419"}],"curies":[{"name":"wp","href":"https:\/\/api.w.org\/{rel}","templated":true}]}}