{"id":241851,"date":"2025-11-28T12:16:49","date_gmt":"2025-11-28T15:16:49","guid":{"rendered":"https:\/\/informelitoral.com.ar\/?p=241851"},"modified":"2025-11-28T12:18:58","modified_gmt":"2025-11-28T15:18:58","slug":"finalizo-en-aranguren-el-curso-herramientas-para-potenciar-tu-negocio","status":"publish","type":"post","link":"https:\/\/informelitoral.com.ar\/finalizo-en-aranguren-el-curso-herramientas-para-potenciar-tu-negocio\/","title":{"rendered":"Finaliz\u00f3 en Aranguren el curso \u00abHerramientas para potenciar tu negocio\u00bb"},"content":{"rendered":"<p data-path-to-node=\"2\">Finaliz\u00f3 con \u00e9xito en Aranguren el curso de capacitaci\u00f3n laboral <b>\u00abHerramientas para potenciar tu negocio\u00bb<\/b>. Este programa, que se ha extendido a varias localidades de la provincia, cumpli\u00f3 su objetivo de proporcionar a los emprendedores las <b>t\u00e9cnicas y conocimientos fundamentales<\/b> necesarios para la <b>planificaci\u00f3n, gesti\u00f3n y comercializaci\u00f3n efectiva<\/b> de sus emprendimientos.<\/p>\n<p data-path-to-node=\"2\"><img decoding=\"async\" src=\"https:\/\/scontent.fpra1-1.fna.fbcdn.net\/v\/t39.30808-6\/591729846_1172044288447528_6456327121883801126_n.jpg?_nc_cat=101&amp;ccb=1-7&amp;_nc_sid=833d8c&amp;_nc_eui2=AeH40HsuRFY90cStuPS1-TsMnUiLZdxGCr6dSItl3EYKvsmomnJFbV9wxEvzqqxbULbpcweWslLf4kh8ShHtKoar&amp;_nc_ohc=Yz5143S2QiEQ7kNvwHDVBLg&amp;_nc_oc=Adl_QHIl1Xec5w1mWu_mV3_bJIYHN2Pn9Y6JjXG9E5_TTLb6mvc_gQcV0GPXnkEaLek&amp;_nc_zt=23&amp;_nc_ht=scontent.fpra1-1.fna&amp;_nc_gid=BlhB0HJynp0LayiW8_u4dw&amp;oh=00_AfgctQC4RwJ1GVX-y1Cc2t5zhGBi2qNsKgaKUBd6bvU-mQ&amp;oe=692F8853\" alt=\"No hay ninguna descripci\u00f3n de la foto disponible.\" \/><\/p>\n<p data-path-to-node=\"3\">La iniciativa no solo se llev\u00f3 a cabo en Aranguren, sino que tambi\u00e9n se desarroll\u00f3 en conjunto con la vecina localidad de <b>Hern\u00e1ndez<\/b>, asegurando que los participantes de ambas comunidades pudieran acceder a una formaci\u00f3n de calidad. El contenido del curso se enfoc\u00f3 en <b>aspectos cruciales para la sostenibilidad<\/b> de los negocios, sentando una base s\u00f3lida para su crecimiento futuro.<\/p>\n<p data-path-to-node=\"3\"><img decoding=\"async\" src=\"https:\/\/scontent.fpra1-1.fna.fbcdn.net\/v\/t39.30808-6\/591609192_1172044375114186_9053606867739990705_n.jpg?_nc_cat=105&amp;ccb=1-7&amp;_nc_sid=833d8c&amp;_nc_eui2=AeFrui1_XC8UhgV5mbYhc2M5aoIVd03QPLdqghV3TdA8t2IsvX_AvHpsZprlM39JHp9lNiOOJyK8mJbXYh2lcQXF&amp;_nc_ohc=JHIey-Mh8w0Q7kNvwEzQPrJ&amp;_nc_oc=AdkWnrtpybB91n67kBnxiDKktQYioUPMC3tgXxO92oN-944lO61uAcBk_HnT_rXemM0&amp;_nc_zt=23&amp;_nc_ht=scontent.fpra1-1.fna&amp;_nc_gid=iS27gH514MzhXBZz0J4Sog&amp;oh=00_Afj9pKycGTbEybO0l1tii1nBBjqdGZVfgZLMHFyUsV3L3w&amp;oe=692F9A62\" alt=\"Puede ser una imagen de texto que dice &quot;MUNCIPALIDAD \u0dc3\u0dd2\u0dd3\u0da9\u0bcd \u5948 SARANGUREN ARANGUREN&quot;\" \/><\/p>\n<p data-path-to-node=\"4\">Se extendi\u00f3 un reconocimiento especial al cuerpo docente del <b>Club de Emprendedores de la Facultad de Ciencias Econ\u00f3micas de la Universidad Nacional de Entre R\u00edos (UNER)<\/b>, cuya transferencia de conocimientos especializados fue fundamental para el valor del programa.(<em>Informe Litoral<\/em>)<\/p>\n<p data-path-to-node=\"4\">\n<p data-path-to-node=\"4\"><img decoding=\"async\" src=\"https:\/\/scontent.fpra1-1.fna.fbcdn.net\/v\/t39.30808-6\/590557018_1172044008447556_1493152453106886835_n.jpg?_nc_cat=108&amp;ccb=1-7&amp;_nc_sid=833d8c&amp;_nc_eui2=AeF6EwW-x_uAivTNkbTvSEfuibwDx-p68tqJvAPH6nry2gdrJA_EB15EcdrVRAZjhFTKDUMMAF5_9iF8PnV_aKeT&amp;_nc_ohc=uVlJgqI3pfIQ7kNvwGMVYeT&amp;_nc_oc=AdnZHQFv8r-oa0cVD-jQBJOGiMNuisgemqEJvTCHyGTlNj25EaAmHkGl8T_RmLx8xCY&amp;_nc_zt=23&amp;_nc_ht=scontent.fpra1-1.fna&amp;_nc_gid=S_FfOneoGV_PqfMi3TaUHA&amp;oh=00_AfhQzISIaJpaGmNhPHfV5Q4C5c7nzK6sWKsAjjfhlcxLHA&amp;oe=692F77CC\" alt=\"Puede ser una imagen de ni\u00f1o(a), risas y texto\" \/><\/p>\n<h6 data-path-to-node=\"4\"><em><strong>Del archivo:\u00a0<a href=\"https:\/\/informelitoral.com.ar\/aranguren-realizaron-una-jornada-de-concientizacion-en-el-marco-del-25-de-noviembre\/\" target=\"_blank\" rel=\"noopener\">Aranguren: realizaron una jornada de concientizaci\u00f3n en el marco del 25 de Noviembre<\/a><\/strong><\/em><\/h6>\n","protected":false},"excerpt":{"rendered":"<p>La capacitaci\u00f3n, impulsada por la UNER, brind\u00f3 conocimientos clave para la planificaci\u00f3n y comercializaci\u00f3n de proyectos locales.<\/p>\n","protected":false},"author":8,"featured_media":241852,"comment_status":"open","ping_status":"open","sticky":false,"template":"","format":"standard","meta":{"fifu_image_url":"","fifu_image_alt":"","footnotes":""},"categories":[4592],"tags":[143,54,552,62],"class_list":{"0":"post-241851","1":"post","2":"type-post","3":"status-publish","4":"format-standard","5":"has-post-thumbnail","7":"category-departamento-nogoya","8":"tag-aranguren","9":"tag-capacitacion","10":"tag-emprendedores","11":"tag-uner"},"yoast_head":"<title>Finaliz\u00f3 en Aranguren el curso &quot;Herramientas para potenciar tu negocio&quot; - Informe Litoral<\/title>\n<meta name=\"robots\" content=\"index, follow, max-snippet:-1, max-image-preview:large, max-video-preview:-1\" \/>\n<link rel=\"canonical\" href=\"https:\/\/informelitoral.com.ar\/finalizo-en-aranguren-el-curso-herramientas-para-potenciar-tu-negocio\/\" \/>\n<meta property=\"og:locale\" content=\"es_ES\" \/>\n<meta property=\"og:type\" content=\"article\" \/>\n<meta property=\"og:title\" content=\"Finaliz\u00f3 en Aranguren el curso &quot;Herramientas para potenciar tu negocio&quot; - Informe Litoral\" \/>\n<meta property=\"og:description\" content=\"La capacitaci\u00f3n, impulsada por la UNER, brind\u00f3 conocimientos clave para la planificaci\u00f3n y comercializaci\u00f3n de proyectos locales.\" \/>\n<meta property=\"og:url\" content=\"https:\/\/informelitoral.com.ar\/finalizo-en-aranguren-el-curso-herramientas-para-potenciar-tu-negocio\/\" \/>\n<meta property=\"og:site_name\" content=\"Informe Litoral\" \/>\n<meta property=\"article:publisher\" content=\"https:\/\/www.facebook.com\/informelitoral\/\" \/>\n<meta property=\"article:published_time\" content=\"2025-11-28T15:16:49+00:00\" \/>\n<meta property=\"article:modified_time\" content=\"2025-11-28T15:18:58+00:00\" \/>\n<meta property=\"og:image\" content=\"https:\/\/drive.google.com\/thumbnail?id=1SJeQenvOJ_FxIvcoV8KZvKPKsb5NCP7E&sz=w2048\" \/>\n\t<meta property=\"og:image:width\" content=\"1600\" \/>\n\t<meta property=\"og:image:height\" content=\"1066\" \/>\n\t<meta property=\"og:image:type\" content=\"image\/jpeg\" \/>\n<meta name=\"author\" content=\"Sebastian\" \/>\n<meta name=\"twitter:card\" content=\"summary_large_image\" \/>\n<meta name=\"twitter:creator\" content=\"@InformeLitoral\" \/>\n<meta name=\"twitter:site\" content=\"@InformeLitoral\" \/>\n<meta name=\"twitter:label1\" content=\"Escrito por\" \/>\n\t<meta name=\"twitter:data1\" content=\"Sebastian\" \/>\n\t<meta name=\"twitter:label2\" content=\"Tiempo de lectura\" \/>\n\t<meta name=\"twitter:data2\" content=\"2 minutos\" \/>\n<script type=\"application\/ld+json\" class=\"yoast-schema-graph\">{\"@context\":\"https:\\\/\\\/schema.org\",\"@graph\":[{\"@type\":\"Article\",\"@id\":\"https:\\\/\\\/informelitoral.com.ar\\\/finalizo-en-aranguren-el-curso-herramientas-para-potenciar-tu-negocio\\\/#article\",\"isPartOf\":{\"@id\":\"https:\\\/\\\/informelitoral.com.ar\\\/finalizo-en-aranguren-el-curso-herramientas-para-potenciar-tu-negocio\\\/\"},\"author\":{\"name\":\"Sebastian\",\"@id\":\"https:\\\/\\\/informelitoral.com.ar\\\/#\\\/schema\\\/person\\\/f05f9f461677119578717524b127d6d5\"},\"headline\":\"Finaliz\u00f3 en Aranguren el curso \u00abHerramientas para potenciar tu negocio\u00bb\",\"datePublished\":\"2025-11-28T15:16:49+00:00\",\"dateModified\":\"2025-11-28T15:18:58+00:00\",\"mainEntityOfPage\":{\"@id\":\"https:\\\/\\\/informelitoral.com.ar\\\/finalizo-en-aranguren-el-curso-herramientas-para-potenciar-tu-negocio\\\/\"},\"wordCount\":187,\"commentCount\":0,\"publisher\":{\"@id\":\"https:\\\/\\\/informelitoral.com.ar\\\/#organization\"},\"image\":{\"@id\":\"https:\\\/\\\/informelitoral.com.ar\\\/finalizo-en-aranguren-el-curso-herramientas-para-potenciar-tu-negocio\\\/#primaryimage\"},\"thumbnailUrl\":\"https:\\\/\\\/drive.google.com\\\/thumbnail?id=1SJeQenvOJ_FxIvcoV8KZvKPKsb5NCP7E&sz=w2048\",\"keywords\":[\"Aranguren\",\"Capacitaci\u00f3n\",\"Emprendedores\",\"UNER\"],\"articleSection\":[\"Departamento Nogoy\u00e1\"],\"inLanguage\":\"es\",\"potentialAction\":[{\"@type\":\"CommentAction\",\"name\":\"Comment\",\"target\":[\"https:\\\/\\\/informelitoral.com.ar\\\/finalizo-en-aranguren-el-curso-herramientas-para-potenciar-tu-negocio\\\/#respond\"]}]},{\"@type\":\"WebPage\",\"@id\":\"https:\\\/\\\/informelitoral.com.ar\\\/finalizo-en-aranguren-el-curso-herramientas-para-potenciar-tu-negocio\\\/\",\"url\":\"https:\\\/\\\/informelitoral.com.ar\\\/finalizo-en-aranguren-el-curso-herramientas-para-potenciar-tu-negocio\\\/\",\"name\":\"Finaliz\u00f3 en Aranguren el curso \\\"Herramientas para potenciar tu negocio\\\" - Informe Litoral\",\"isPartOf\":{\"@id\":\"https:\\\/\\\/informelitoral.com.ar\\\/#website\"},\"primaryImageOfPage\":{\"@id\":\"https:\\\/\\\/informelitoral.com.ar\\\/finalizo-en-aranguren-el-curso-herramientas-para-potenciar-tu-negocio\\\/#primaryimage\"},\"image\":{\"@id\":\"https:\\\/\\\/informelitoral.com.ar\\\/finalizo-en-aranguren-el-curso-herramientas-para-potenciar-tu-negocio\\\/#primaryimage\"},\"thumbnailUrl\":\"https:\\\/\\\/drive.google.com\\\/thumbnail?id=1SJeQenvOJ_FxIvcoV8KZvKPKsb5NCP7E&sz=w2048\",\"datePublished\":\"2025-11-28T15:16:49+00:00\",\"dateModified\":\"2025-11-28T15:18:58+00:00\",\"breadcrumb\":{\"@id\":\"https:\\\/\\\/informelitoral.com.ar\\\/finalizo-en-aranguren-el-curso-herramientas-para-potenciar-tu-negocio\\\/#breadcrumb\"},\"inLanguage\":\"es\",\"potentialAction\":[{\"@type\":\"ReadAction\",\"target\":[\"https:\\\/\\\/informelitoral.com.ar\\\/finalizo-en-aranguren-el-curso-herramientas-para-potenciar-tu-negocio\\\/\"]}]},{\"@type\":\"ImageObject\",\"inLanguage\":\"es\",\"@id\":\"https:\\\/\\\/informelitoral.com.ar\\\/finalizo-en-aranguren-el-curso-herramientas-para-potenciar-tu-negocio\\\/#primaryimage\",\"url\":\"https:\\\/\\\/drive.google.com\\\/thumbnail?id=1SJeQenvOJ_FxIvcoV8KZvKPKsb5NCP7E&sz=w2048\",\"contentUrl\":\"https:\\\/\\\/drive.google.com\\\/thumbnail?id=1SJeQenvOJ_FxIvcoV8KZvKPKsb5NCP7E&sz=w2048\",\"width\":1600,\"height\":1066},{\"@type\":\"BreadcrumbList\",\"@id\":\"https:\\\/\\\/informelitoral.com.ar\\\/finalizo-en-aranguren-el-curso-herramientas-para-potenciar-tu-negocio\\\/#breadcrumb\",\"itemListElement\":[{\"@type\":\"ListItem\",\"position\":1,\"name\":\"Portada\",\"item\":\"https:\\\/\\\/informelitoral.com.ar\\\/\"},{\"@type\":\"ListItem\",\"position\":2,\"name\":\"Finaliz\u00f3 en Aranguren el curso \u00abHerramientas para potenciar tu negocio\u00bb\"}]},{\"@type\":\"WebSite\",\"@id\":\"https:\\\/\\\/informelitoral.com.ar\\\/#website\",\"url\":\"https:\\\/\\\/informelitoral.com.ar\\\/\",\"name\":\"Informe Litoral\",\"description\":\"&quot;Nos informamos&quot; \",\"publisher\":{\"@id\":\"https:\\\/\\\/informelitoral.com.ar\\\/#organization\"},\"potentialAction\":[{\"@type\":\"SearchAction\",\"target\":{\"@type\":\"EntryPoint\",\"urlTemplate\":\"https:\\\/\\\/informelitoral.com.ar\\\/?s={search_term_string}\"},\"query-input\":{\"@type\":\"PropertyValueSpecification\",\"valueRequired\":true,\"valueName\":\"search_term_string\"}}],\"inLanguage\":\"es\"},{\"@type\":\"Organization\",\"@id\":\"https:\\\/\\\/informelitoral.com.ar\\\/#organization\",\"name\":\"Informe Litoral\",\"url\":\"https:\\\/\\\/informelitoral.com.ar\\\/\",\"logo\":{\"@type\":\"ImageObject\",\"inLanguage\":\"es\",\"@id\":\"https:\\\/\\\/informelitoral.com.ar\\\/#\\\/schema\\\/logo\\\/image\\\/\",\"url\":\"https:\\\/\\\/informelitoral.com.ar\\\/%77%70%2d%63%6f%6e%74%65%6e%74\\\/uploads\\\/2021\\\/01\\\/circulo.png\",\"contentUrl\":\"https:\\\/\\\/informelitoral.com.ar\\\/%77%70%2d%63%6f%6e%74%65%6e%74\\\/uploads\\\/2021\\\/01\\\/circulo.png\",\"width\":723,\"height\":731,\"caption\":\"Informe Litoral\"},\"image\":{\"@id\":\"https:\\\/\\\/informelitoral.com.ar\\\/#\\\/schema\\\/logo\\\/image\\\/\"},\"sameAs\":[\"https:\\\/\\\/www.facebook.com\\\/informelitoral\\\/\",\"https:\\\/\\\/x.com\\\/InformeLitoral\",\"https:\\\/\\\/www.instagram.com\\\/informelitoral\\\/\",\"https:\\\/\\\/www.youtube.com\\\/channel\\\/UCua4Qvz8Icb6MYqhoq9xLXw\"]},{\"@type\":\"Person\",\"@id\":\"https:\\\/\\\/informelitoral.com.ar\\\/#\\\/schema\\\/person\\\/f05f9f461677119578717524b127d6d5\",\"name\":\"Sebastian\",\"image\":{\"@type\":\"ImageObject\",\"inLanguage\":\"es\",\"@id\":\"https:\\\/\\\/secure.gravatar.com\\\/avatar\\\/b71bf7481d447dfb9583c7f2798e7cc64de6efb9067b74633ed8c31059a3bd82?s=96&d=mm&r=g\",\"url\":\"https:\\\/\\\/secure.gravatar.com\\\/avatar\\\/b71bf7481d447dfb9583c7f2798e7cc64de6efb9067b74633ed8c31059a3bd82?s=96&d=mm&r=g\",\"contentUrl\":\"https:\\\/\\\/secure.gravatar.com\\\/avatar\\\/b71bf7481d447dfb9583c7f2798e7cc64de6efb9067b74633ed8c31059a3bd82?s=96&d=mm&r=g\",\"caption\":\"Sebastian\"},\"url\":\"https:\\\/\\\/informelitoral.com.ar\\\/author\\\/sebastian\\\/\"}]}<\/script>","yoast_head_json":{"title":"Finaliz\u00f3 en Aranguren el curso \"Herramientas para potenciar tu negocio\" - Informe Litoral","robots":{"index":"index","follow":"follow","max-snippet":"max-snippet:-1","max-image-preview":"max-image-preview:large","max-video-preview":"max-video-preview:-1"},"canonical":"https:\/\/informelitoral.com.ar\/finalizo-en-aranguren-el-curso-herramientas-para-potenciar-tu-negocio\/","og_locale":"es_ES","og_type":"article","og_title":"Finaliz\u00f3 en Aranguren el curso \"Herramientas para potenciar tu negocio\" - Informe Litoral","og_description":"La capacitaci\u00f3n, impulsada por la UNER, brind\u00f3 conocimientos clave para la planificaci\u00f3n y comercializaci\u00f3n de proyectos locales.","og_url":"https:\/\/informelitoral.com.ar\/finalizo-en-aranguren-el-curso-herramientas-para-potenciar-tu-negocio\/","og_site_name":"Informe Litoral","article_publisher":"https:\/\/www.facebook.com\/informelitoral\/","article_published_time":"2025-11-28T15:16:49+00:00","article_modified_time":"2025-11-28T15:18:58+00:00","og_image":[{"width":1600,"height":1066,"url":"https:\/\/drive.google.com\/thumbnail?id=1SJeQenvOJ_FxIvcoV8KZvKPKsb5NCP7E&sz=w2048","type":"image\/jpeg"}],"author":"Sebastian","twitter_card":"summary_large_image","twitter_creator":"@InformeLitoral","twitter_site":"@InformeLitoral","twitter_misc":{"Escrito por":"Sebastian","Tiempo de lectura":"2 minutos"},"schema":{"@context":"https:\/\/schema.org","@graph":[{"@type":"Article","@id":"https:\/\/informelitoral.com.ar\/finalizo-en-aranguren-el-curso-herramientas-para-potenciar-tu-negocio\/#article","isPartOf":{"@id":"https:\/\/informelitoral.com.ar\/finalizo-en-aranguren-el-curso-herramientas-para-potenciar-tu-negocio\/"},"author":{"name":"Sebastian","@id":"https:\/\/informelitoral.com.ar\/#\/schema\/person\/f05f9f461677119578717524b127d6d5"},"headline":"Finaliz\u00f3 en Aranguren el curso \u00abHerramientas para potenciar tu negocio\u00bb","datePublished":"2025-11-28T15:16:49+00:00","dateModified":"2025-11-28T15:18:58+00:00","mainEntityOfPage":{"@id":"https:\/\/informelitoral.com.ar\/finalizo-en-aranguren-el-curso-herramientas-para-potenciar-tu-negocio\/"},"wordCount":187,"commentCount":0,"publisher":{"@id":"https:\/\/informelitoral.com.ar\/#organization"},"image":{"@id":"https:\/\/informelitoral.com.ar\/finalizo-en-aranguren-el-curso-herramientas-para-potenciar-tu-negocio\/#primaryimage"},"thumbnailUrl":"https:\/\/drive.google.com\/thumbnail?id=1SJeQenvOJ_FxIvcoV8KZvKPKsb5NCP7E&sz=w2048","keywords":["Aranguren","Capacitaci\u00f3n","Emprendedores","UNER"],"articleSection":["Departamento Nogoy\u00e1"],"inLanguage":"es","potentialAction":[{"@type":"CommentAction","name":"Comment","target":["https:\/\/informelitoral.com.ar\/finalizo-en-aranguren-el-curso-herramientas-para-potenciar-tu-negocio\/#respond"]}]},{"@type":"WebPage","@id":"https:\/\/informelitoral.com.ar\/finalizo-en-aranguren-el-curso-herramientas-para-potenciar-tu-negocio\/","url":"https:\/\/informelitoral.com.ar\/finalizo-en-aranguren-el-curso-herramientas-para-potenciar-tu-negocio\/","name":"Finaliz\u00f3 en Aranguren el curso \"Herramientas para potenciar tu negocio\" - Informe Litoral","isPartOf":{"@id":"https:\/\/informelitoral.com.ar\/#website"},"primaryImageOfPage":{"@id":"https:\/\/informelitoral.com.ar\/finalizo-en-aranguren-el-curso-herramientas-para-potenciar-tu-negocio\/#primaryimage"},"image":{"@id":"https:\/\/informelitoral.com.ar\/finalizo-en-aranguren-el-curso-herramientas-para-potenciar-tu-negocio\/#primaryimage"},"thumbnailUrl":"https:\/\/drive.google.com\/thumbnail?id=1SJeQenvOJ_FxIvcoV8KZvKPKsb5NCP7E&sz=w2048","datePublished":"2025-11-28T15:16:49+00:00","dateModified":"2025-11-28T15:18:58+00:00","breadcrumb":{"@id":"https:\/\/informelitoral.com.ar\/finalizo-en-aranguren-el-curso-herramientas-para-potenciar-tu-negocio\/#breadcrumb"},"inLanguage":"es","potentialAction":[{"@type":"ReadAction","target":["https:\/\/informelitoral.com.ar\/finalizo-en-aranguren-el-curso-herramientas-para-potenciar-tu-negocio\/"]}]},{"@type":"ImageObject","inLanguage":"es","@id":"https:\/\/informelitoral.com.ar\/finalizo-en-aranguren-el-curso-herramientas-para-potenciar-tu-negocio\/#primaryimage","url":"https:\/\/drive.google.com\/thumbnail?id=1SJeQenvOJ_FxIvcoV8KZvKPKsb5NCP7E&sz=w2048","contentUrl":"https:\/\/drive.google.com\/thumbnail?id=1SJeQenvOJ_FxIvcoV8KZvKPKsb5NCP7E&sz=w2048","width":1600,"height":1066},{"@type":"BreadcrumbList","@id":"https:\/\/informelitoral.com.ar\/finalizo-en-aranguren-el-curso-herramientas-para-potenciar-tu-negocio\/#breadcrumb","itemListElement":[{"@type":"ListItem","position":1,"name":"Portada","item":"https:\/\/informelitoral.com.ar\/"},{"@type":"ListItem","position":2,"name":"Finaliz\u00f3 en Aranguren el curso \u00abHerramientas para potenciar tu negocio\u00bb"}]},{"@type":"WebSite","@id":"https:\/\/informelitoral.com.ar\/#website","url":"https:\/\/informelitoral.com.ar\/","name":"Informe Litoral","description":"&quot;Nos informamos&quot; ","publisher":{"@id":"https:\/\/informelitoral.com.ar\/#organization"},"potentialAction":[{"@type":"SearchAction","target":{"@type":"EntryPoint","urlTemplate":"https:\/\/informelitoral.com.ar\/?s={search_term_string}"},"query-input":{"@type":"PropertyValueSpecification","valueRequired":true,"valueName":"search_term_string"}}],"inLanguage":"es"},{"@type":"Organization","@id":"https:\/\/informelitoral.com.ar\/#organization","name":"Informe Litoral","url":"https:\/\/informelitoral.com.ar\/","logo":{"@type":"ImageObject","inLanguage":"es","@id":"https:\/\/informelitoral.com.ar\/#\/schema\/logo\/image\/","url":"https:\/\/informelitoral.com.ar\/%77%70%2d%63%6f%6e%74%65%6e%74\/uploads\/2021\/01\/circulo.png","contentUrl":"https:\/\/informelitoral.com.ar\/%77%70%2d%63%6f%6e%74%65%6e%74\/uploads\/2021\/01\/circulo.png","width":723,"height":731,"caption":"Informe Litoral"},"image":{"@id":"https:\/\/informelitoral.com.ar\/#\/schema\/logo\/image\/"},"sameAs":["https:\/\/www.facebook.com\/informelitoral\/","https:\/\/x.com\/InformeLitoral","https:\/\/www.instagram.com\/informelitoral\/","https:\/\/www.youtube.com\/channel\/UCua4Qvz8Icb6MYqhoq9xLXw"]},{"@type":"Person","@id":"https:\/\/informelitoral.com.ar\/#\/schema\/person\/f05f9f461677119578717524b127d6d5","name":"Sebastian","image":{"@type":"ImageObject","inLanguage":"es","@id":"https:\/\/secure.gravatar.com\/avatar\/b71bf7481d447dfb9583c7f2798e7cc64de6efb9067b74633ed8c31059a3bd82?s=96&d=mm&r=g","url":"https:\/\/secure.gravatar.com\/avatar\/b71bf7481d447dfb9583c7f2798e7cc64de6efb9067b74633ed8c31059a3bd82?s=96&d=mm&r=g","contentUrl":"https:\/\/secure.gravatar.com\/avatar\/b71bf7481d447dfb9583c7f2798e7cc64de6efb9067b74633ed8c31059a3bd82?s=96&d=mm&r=g","caption":"Sebastian"},"url":"https:\/\/informelitoral.com.ar\/author\/sebastian\/"}]}},"_links":{"self":[{"href":"https:\/\/informelitoral.com.ar\/%77%70%2d%6a%73%6f%6e\/wp\/v2\/posts\/241851","targetHints":{"allow":["GET"]}}],"collection":[{"href":"https:\/\/informelitoral.com.ar\/%77%70%2d%6a%73%6f%6e\/wp\/v2\/posts"}],"about":[{"href":"https:\/\/informelitoral.com.ar\/%77%70%2d%6a%73%6f%6e\/wp\/v2\/types\/post"}],"author":[{"embeddable":true,"href":"https:\/\/informelitoral.com.ar\/%77%70%2d%6a%73%6f%6e\/wp\/v2\/users\/8"}],"replies":[{"embeddable":true,"href":"https:\/\/informelitoral.com.ar\/%77%70%2d%6a%73%6f%6e\/wp\/v2\/comments?post=241851"}],"version-history":[{"count":3,"href":"https:\/\/informelitoral.com.ar\/%77%70%2d%6a%73%6f%6e\/wp\/v2\/posts\/241851\/revisions"}],"predecessor-version":[{"id":241855,"href":"https:\/\/informelitoral.com.ar\/%77%70%2d%6a%73%6f%6e\/wp\/v2\/posts\/241851\/revisions\/241855"}],"wp:featuredmedia":[{"embeddable":true,"href":"https:\/\/informelitoral.com.ar\/%77%70%2d%6a%73%6f%6e\/wp\/v2\/media\/241852"}],"wp:attachment":[{"href":"https:\/\/informelitoral.com.ar\/%77%70%2d%6a%73%6f%6e\/wp\/v2\/media?parent=241851"}],"wp:term":[{"taxonomy":"category","embeddable":true,"href":"https:\/\/informelitoral.com.ar\/%77%70%2d%6a%73%6f%6e\/wp\/v2\/categories?post=241851"},{"taxonomy":"post_tag","embeddable":true,"href":"https:\/\/informelitoral.com.ar\/%77%70%2d%6a%73%6f%6e\/wp\/v2\/tags?post=241851"}],"curies":[{"name":"wp","href":"https:\/\/api.w.org\/{rel}","templated":true}]}}