{"id":241847,"date":"2025-11-28T11:38:33","date_gmt":"2025-11-28T14:38:33","guid":{"rendered":"https:\/\/informelitoral.com.ar\/?p=241847"},"modified":"2025-11-28T19:20:44","modified_gmt":"2025-11-28T22:20:44","slug":"alumnos-de-la-escuela-n-1-recorrieron-los-edificios-historicos-de-la-plaza-san-martin-de-diamante","status":"publish","type":"post","link":"https:\/\/informelitoral.com.ar\/alumnos-de-la-escuela-n-1-recorrieron-los-edificios-historicos-de-la-plaza-san-martin-de-diamante\/","title":{"rendered":"Alumnos de la Escuela N\u00b0 1 recorrieron los edificios hist\u00f3ricos de la Plaza San Mart\u00edn de Diamante"},"content":{"rendered":"<p data-path-to-node=\"3\">Los alumnos de <b>Primer grado A, B y C<\/b> de la <b>Escuela N\u00b0 1, Independencia<\/b>\u00a0de Diamante llevaron adelante una enriquecedora jornada de aprendizaje fuera del aula. La actividad consisti\u00f3 en un recorrido educativo por los edificios emblem\u00e1ticos que se encuentran en los alrededores de la <b>Plaza San Mart\u00edn<\/b>, el coraz\u00f3n de la ciudad.<\/p>\n<p data-path-to-node=\"3\"><img loading=\"lazy\" decoding=\"async\" class=\"aligncenter\" src=\"https:\/\/i0.wp.com\/diamantefm.com.ar\/%77%70%2d%63%6f%6e%74%65%6e%74\/uploads\/2025\/11\/escuela-1-independencia-chicos-recorriendo-edificios-2.jpg?resize=800%2C893\" alt=\"\" width=\"800\" height=\"893\" \/><\/p>\n<p data-path-to-node=\"4\">La propuesta pedag\u00f3gica tuvo como objetivo principal que los ni\u00f1os comprendieran <b>qu\u00e9 son las instituciones<\/b> y la <b>importancia de los servicios<\/b> que brindan a la comunidad (ense\u00f1ar, cuidar, proteger). Durante la caminata, los estudiantes se detuvieron en cada parada para escuchar las historias de los edificios que circundan el espacio verde.<\/p>\n<p data-path-to-node=\"5\">Esta experiencia permiti\u00f3 a los alumnos observar con atenci\u00f3n las <b>antiguas fachadas<\/b> y fortalecer su <b>v\u00ednculo con el patrimonio local<\/b>. La actividad fue considerada una <b>valiosa experiencia pedag\u00f3gica<\/b> por las autoridades de la escuela, que combin\u00f3 historia, ciudadan\u00eda y aprendizaje activo. <em>(Con informaci\u00f3n de Diamante FM)<\/em><\/p>\n","protected":false},"excerpt":{"rendered":"<p>Los estudiantes de la Escuela N\u00b0 1 \u201cIndependencia\u201d realizaron un recorrido educativo por los edificios hist\u00f3ricos que rodean la plaza central, aprendiendo sobre las instituciones y el patrimonio arquitect\u00f3nico local.<\/p>\n","protected":false},"author":8,"featured_media":241848,"comment_status":"open","ping_status":"open","sticky":false,"template":"","format":"standard","meta":{"fifu_image_url":"https:\/\/i0.wp.com\/diamantefm.com.ar\/wp-content\/uploads\/2025\/11\/escuela-1-independencia-chicos-recorriendo-edificios-3.jpg?resize=800%2C445&ssl=1","fifu_image_alt":"","footnotes":""},"categories":[5,4588],"tags":[5304,34,98,1157,438,1807],"class_list":{"0":"post-241847","1":"post","2":"type-post","3":"status-publish","4":"format-standard","5":"has-post-thumbnail","7":"category-zonales","8":"category-diamante","9":"tag-alumnos","10":"tag-diamante","11":"tag-educacion","12":"tag-escuela","13":"tag-historia","14":"tag-visita"},"yoast_head":"<title>Alumnos de la Escuela N\u00b0 1 recorrieron los edificios hist\u00f3ricos de la Plaza San Mart\u00edn de Diamante - Informe Litoral<\/title>\n<meta name=\"robots\" content=\"index, follow, max-snippet:-1, max-image-preview:large, max-video-preview:-1\" \/>\n<link rel=\"canonical\" href=\"https:\/\/informelitoral.com.ar\/alumnos-de-la-escuela-n-1-recorrieron-los-edificios-historicos-de-la-plaza-san-martin-de-diamante\/\" \/>\n<meta property=\"og:locale\" content=\"es_ES\" \/>\n<meta property=\"og:type\" content=\"article\" \/>\n<meta property=\"og:title\" content=\"Alumnos de la Escuela N\u00b0 1 recorrieron los edificios hist\u00f3ricos de la Plaza San Mart\u00edn de Diamante - Informe Litoral\" \/>\n<meta property=\"og:description\" content=\"Los estudiantes de la Escuela N\u00b0 1 \u201cIndependencia\u201d realizaron un recorrido educativo por los edificios hist\u00f3ricos que rodean la plaza central, aprendiendo sobre las instituciones y el patrimonio arquitect\u00f3nico local.\" \/>\n<meta property=\"og:url\" content=\"https:\/\/informelitoral.com.ar\/alumnos-de-la-escuela-n-1-recorrieron-los-edificios-historicos-de-la-plaza-san-martin-de-diamante\/\" \/>\n<meta property=\"og:site_name\" content=\"Informe Litoral\" \/>\n<meta property=\"article:publisher\" content=\"https:\/\/www.facebook.com\/informelitoral\/\" \/>\n<meta property=\"article:published_time\" content=\"2025-11-28T14:38:33+00:00\" \/>\n<meta property=\"article:modified_time\" content=\"2025-11-28T22:20:44+00:00\" \/>\n<meta property=\"og:image\" content=\"https:\/\/i0.wp.com\/diamantefm.com.ar\/%77%70%2d%63%6f%6e%74%65%6e%74\/uploads\/2025\/11\/escuela-1-independencia-chicos-recorriendo-edificios-3.jpg?resize=800%2C445&ssl=1\" \/>\n<meta name=\"author\" content=\"Sebastian\" \/>\n<meta name=\"twitter:card\" content=\"summary_large_image\" \/>\n<meta name=\"twitter:image\" content=\"https:\/\/i0.wp.com\/diamantefm.com.ar\/%77%70%2d%63%6f%6e%74%65%6e%74\/uploads\/2025\/11\/escuela-1-independencia-chicos-recorriendo-edificios-3.jpg?resize=800%2C445&ssl=1\" \/>\n<meta name=\"twitter:creator\" content=\"@InformeLitoral\" \/>\n<meta name=\"twitter:site\" content=\"@InformeLitoral\" \/>\n<meta name=\"twitter:label1\" content=\"Escrito por\" \/>\n\t<meta name=\"twitter:data1\" content=\"Sebastian\" \/>\n\t<meta name=\"twitter:label2\" content=\"Tiempo de lectura\" \/>\n\t<meta name=\"twitter:data2\" content=\"2 minutos\" \/>\n<script type=\"application\/ld+json\" class=\"yoast-schema-graph\">{\"@context\":\"https:\\\/\\\/schema.org\",\"@graph\":[{\"@type\":\"Article\",\"@id\":\"https:\\\/\\\/informelitoral.com.ar\\\/alumnos-de-la-escuela-n-1-recorrieron-los-edificios-historicos-de-la-plaza-san-martin-de-diamante\\\/#article\",\"isPartOf\":{\"@id\":\"https:\\\/\\\/informelitoral.com.ar\\\/alumnos-de-la-escuela-n-1-recorrieron-los-edificios-historicos-de-la-plaza-san-martin-de-diamante\\\/\"},\"author\":{\"name\":\"Sebastian\",\"@id\":\"https:\\\/\\\/informelitoral.com.ar\\\/#\\\/schema\\\/person\\\/f05f9f461677119578717524b127d6d5\"},\"headline\":\"Alumnos de la Escuela N\u00b0 1 recorrieron los edificios hist\u00f3ricos de la Plaza San Mart\u00edn de Diamante\",\"datePublished\":\"2025-11-28T14:38:33+00:00\",\"dateModified\":\"2025-11-28T22:20:44+00:00\",\"mainEntityOfPage\":{\"@id\":\"https:\\\/\\\/informelitoral.com.ar\\\/alumnos-de-la-escuela-n-1-recorrieron-los-edificios-historicos-de-la-plaza-san-martin-de-diamante\\\/\"},\"wordCount\":179,\"commentCount\":0,\"publisher\":{\"@id\":\"https:\\\/\\\/informelitoral.com.ar\\\/#organization\"},\"image\":{\"@id\":\"https:\\\/\\\/informelitoral.com.ar\\\/alumnos-de-la-escuela-n-1-recorrieron-los-edificios-historicos-de-la-plaza-san-martin-de-diamante\\\/#primaryimage\"},\"thumbnailUrl\":\"https:\\\/\\\/i0.wp.com\\\/diamantefm.com.ar\\\/%77%70%2d%63%6f%6e%74%65%6e%74\\\/uploads\\\/2025\\\/11\\\/escuela-1-independencia-chicos-recorriendo-edificios-3.jpg?resize=800%2C445&ssl=1\",\"keywords\":[\"alumnos\",\"Diamante\",\"Educaci\u00f3n\",\"Escuela\",\"Historia\",\"Visita\"],\"articleSection\":[\"Departamento Diamante\",\"Diamante\"],\"inLanguage\":\"es\",\"potentialAction\":[{\"@type\":\"CommentAction\",\"name\":\"Comment\",\"target\":[\"https:\\\/\\\/informelitoral.com.ar\\\/alumnos-de-la-escuela-n-1-recorrieron-los-edificios-historicos-de-la-plaza-san-martin-de-diamante\\\/#respond\"]}]},{\"@type\":\"WebPage\",\"@id\":\"https:\\\/\\\/informelitoral.com.ar\\\/alumnos-de-la-escuela-n-1-recorrieron-los-edificios-historicos-de-la-plaza-san-martin-de-diamante\\\/\",\"url\":\"https:\\\/\\\/informelitoral.com.ar\\\/alumnos-de-la-escuela-n-1-recorrieron-los-edificios-historicos-de-la-plaza-san-martin-de-diamante\\\/\",\"name\":\"Alumnos de la Escuela N\u00b0 1 recorrieron los edificios hist\u00f3ricos de la Plaza San Mart\u00edn de Diamante - Informe Litoral\",\"isPartOf\":{\"@id\":\"https:\\\/\\\/informelitoral.com.ar\\\/#website\"},\"primaryImageOfPage\":{\"@id\":\"https:\\\/\\\/informelitoral.com.ar\\\/alumnos-de-la-escuela-n-1-recorrieron-los-edificios-historicos-de-la-plaza-san-martin-de-diamante\\\/#primaryimage\"},\"image\":{\"@id\":\"https:\\\/\\\/informelitoral.com.ar\\\/alumnos-de-la-escuela-n-1-recorrieron-los-edificios-historicos-de-la-plaza-san-martin-de-diamante\\\/#primaryimage\"},\"thumbnailUrl\":\"https:\\\/\\\/i0.wp.com\\\/diamantefm.com.ar\\\/%77%70%2d%63%6f%6e%74%65%6e%74\\\/uploads\\\/2025\\\/11\\\/escuela-1-independencia-chicos-recorriendo-edificios-3.jpg?resize=800%2C445&ssl=1\",\"datePublished\":\"2025-11-28T14:38:33+00:00\",\"dateModified\":\"2025-11-28T22:20:44+00:00\",\"breadcrumb\":{\"@id\":\"https:\\\/\\\/informelitoral.com.ar\\\/alumnos-de-la-escuela-n-1-recorrieron-los-edificios-historicos-de-la-plaza-san-martin-de-diamante\\\/#breadcrumb\"},\"inLanguage\":\"es\",\"potentialAction\":[{\"@type\":\"ReadAction\",\"target\":[\"https:\\\/\\\/informelitoral.com.ar\\\/alumnos-de-la-escuela-n-1-recorrieron-los-edificios-historicos-de-la-plaza-san-martin-de-diamante\\\/\"]}]},{\"@type\":\"ImageObject\",\"inLanguage\":\"es\",\"@id\":\"https:\\\/\\\/informelitoral.com.ar\\\/alumnos-de-la-escuela-n-1-recorrieron-los-edificios-historicos-de-la-plaza-san-martin-de-diamante\\\/#primaryimage\",\"url\":\"https:\\\/\\\/i0.wp.com\\\/diamantefm.com.ar\\\/%77%70%2d%63%6f%6e%74%65%6e%74\\\/uploads\\\/2025\\\/11\\\/escuela-1-independencia-chicos-recorriendo-edificios-3.jpg?resize=800%2C445&ssl=1\",\"contentUrl\":\"https:\\\/\\\/i0.wp.com\\\/diamantefm.com.ar\\\/%77%70%2d%63%6f%6e%74%65%6e%74\\\/uploads\\\/2025\\\/11\\\/escuela-1-independencia-chicos-recorriendo-edificios-3.jpg?resize=800%2C445&ssl=1\",\"width\":\"800\",\"height\":\"445\"},{\"@type\":\"BreadcrumbList\",\"@id\":\"https:\\\/\\\/informelitoral.com.ar\\\/alumnos-de-la-escuela-n-1-recorrieron-los-edificios-historicos-de-la-plaza-san-martin-de-diamante\\\/#breadcrumb\",\"itemListElement\":[{\"@type\":\"ListItem\",\"position\":1,\"name\":\"Portada\",\"item\":\"https:\\\/\\\/informelitoral.com.ar\\\/\"},{\"@type\":\"ListItem\",\"position\":2,\"name\":\"Alumnos de la Escuela N\u00b0 1 recorrieron los edificios hist\u00f3ricos de la Plaza San Mart\u00edn de Diamante\"}]},{\"@type\":\"WebSite\",\"@id\":\"https:\\\/\\\/informelitoral.com.ar\\\/#website\",\"url\":\"https:\\\/\\\/informelitoral.com.ar\\\/\",\"name\":\"Informe Litoral\",\"description\":\"&quot;Nos informamos&quot; \",\"publisher\":{\"@id\":\"https:\\\/\\\/informelitoral.com.ar\\\/#organization\"},\"potentialAction\":[{\"@type\":\"SearchAction\",\"target\":{\"@type\":\"EntryPoint\",\"urlTemplate\":\"https:\\\/\\\/informelitoral.com.ar\\\/?s={search_term_string}\"},\"query-input\":{\"@type\":\"PropertyValueSpecification\",\"valueRequired\":true,\"valueName\":\"search_term_string\"}}],\"inLanguage\":\"es\"},{\"@type\":\"Organization\",\"@id\":\"https:\\\/\\\/informelitoral.com.ar\\\/#organization\",\"name\":\"Informe Litoral\",\"url\":\"https:\\\/\\\/informelitoral.com.ar\\\/\",\"logo\":{\"@type\":\"ImageObject\",\"inLanguage\":\"es\",\"@id\":\"https:\\\/\\\/informelitoral.com.ar\\\/#\\\/schema\\\/logo\\\/image\\\/\",\"url\":\"https:\\\/\\\/informelitoral.com.ar\\\/%77%70%2d%63%6f%6e%74%65%6e%74\\\/uploads\\\/2021\\\/01\\\/circulo.png\",\"contentUrl\":\"https:\\\/\\\/informelitoral.com.ar\\\/%77%70%2d%63%6f%6e%74%65%6e%74\\\/uploads\\\/2021\\\/01\\\/circulo.png\",\"width\":723,\"height\":731,\"caption\":\"Informe Litoral\"},\"image\":{\"@id\":\"https:\\\/\\\/informelitoral.com.ar\\\/#\\\/schema\\\/logo\\\/image\\\/\"},\"sameAs\":[\"https:\\\/\\\/www.facebook.com\\\/informelitoral\\\/\",\"https:\\\/\\\/x.com\\\/InformeLitoral\",\"https:\\\/\\\/www.instagram.com\\\/informelitoral\\\/\",\"https:\\\/\\\/www.youtube.com\\\/channel\\\/UCua4Qvz8Icb6MYqhoq9xLXw\"]},{\"@type\":\"Person\",\"@id\":\"https:\\\/\\\/informelitoral.com.ar\\\/#\\\/schema\\\/person\\\/f05f9f461677119578717524b127d6d5\",\"name\":\"Sebastian\",\"image\":{\"@type\":\"ImageObject\",\"inLanguage\":\"es\",\"@id\":\"https:\\\/\\\/secure.gravatar.com\\\/avatar\\\/b71bf7481d447dfb9583c7f2798e7cc64de6efb9067b74633ed8c31059a3bd82?s=96&d=mm&r=g\",\"url\":\"https:\\\/\\\/secure.gravatar.com\\\/avatar\\\/b71bf7481d447dfb9583c7f2798e7cc64de6efb9067b74633ed8c31059a3bd82?s=96&d=mm&r=g\",\"contentUrl\":\"https:\\\/\\\/secure.gravatar.com\\\/avatar\\\/b71bf7481d447dfb9583c7f2798e7cc64de6efb9067b74633ed8c31059a3bd82?s=96&d=mm&r=g\",\"caption\":\"Sebastian\"},\"url\":\"https:\\\/\\\/informelitoral.com.ar\\\/author\\\/sebastian\\\/\"}]}<\/script>","yoast_head_json":{"title":"Alumnos de la Escuela N\u00b0 1 recorrieron los edificios hist\u00f3ricos de la Plaza San Mart\u00edn de Diamante - Informe Litoral","robots":{"index":"index","follow":"follow","max-snippet":"max-snippet:-1","max-image-preview":"max-image-preview:large","max-video-preview":"max-video-preview:-1"},"canonical":"https:\/\/informelitoral.com.ar\/alumnos-de-la-escuela-n-1-recorrieron-los-edificios-historicos-de-la-plaza-san-martin-de-diamante\/","og_locale":"es_ES","og_type":"article","og_title":"Alumnos de la Escuela N\u00b0 1 recorrieron los edificios hist\u00f3ricos de la Plaza San Mart\u00edn de Diamante - Informe Litoral","og_description":"Los estudiantes de la Escuela N\u00b0 1 \u201cIndependencia\u201d realizaron un recorrido educativo por los edificios hist\u00f3ricos que rodean la plaza central, aprendiendo sobre las instituciones y el patrimonio arquitect\u00f3nico local.","og_url":"https:\/\/informelitoral.com.ar\/alumnos-de-la-escuela-n-1-recorrieron-los-edificios-historicos-de-la-plaza-san-martin-de-diamante\/","og_site_name":"Informe Litoral","article_publisher":"https:\/\/www.facebook.com\/informelitoral\/","article_published_time":"2025-11-28T14:38:33+00:00","article_modified_time":"2025-11-28T22:20:44+00:00","og_image":[{"url":"https:\/\/i0.wp.com\/diamantefm.com.ar\/wp-content\/uploads\/2025\/11\/escuela-1-independencia-chicos-recorriendo-edificios-3.jpg?resize=800%2C445&ssl=1","type":"","width":"","height":""}],"author":"Sebastian","twitter_card":"summary_large_image","twitter_image":"https:\/\/i0.wp.com\/diamantefm.com.ar\/wp-content\/uploads\/2025\/11\/escuela-1-independencia-chicos-recorriendo-edificios-3.jpg?resize=800%2C445&ssl=1","twitter_creator":"@InformeLitoral","twitter_site":"@InformeLitoral","twitter_misc":{"Escrito por":"Sebastian","Tiempo de lectura":"2 minutos"},"schema":{"@context":"https:\/\/schema.org","@graph":[{"@type":"Article","@id":"https:\/\/informelitoral.com.ar\/alumnos-de-la-escuela-n-1-recorrieron-los-edificios-historicos-de-la-plaza-san-martin-de-diamante\/#article","isPartOf":{"@id":"https:\/\/informelitoral.com.ar\/alumnos-de-la-escuela-n-1-recorrieron-los-edificios-historicos-de-la-plaza-san-martin-de-diamante\/"},"author":{"name":"Sebastian","@id":"https:\/\/informelitoral.com.ar\/#\/schema\/person\/f05f9f461677119578717524b127d6d5"},"headline":"Alumnos de la Escuela N\u00b0 1 recorrieron los edificios hist\u00f3ricos de la Plaza San Mart\u00edn de Diamante","datePublished":"2025-11-28T14:38:33+00:00","dateModified":"2025-11-28T22:20:44+00:00","mainEntityOfPage":{"@id":"https:\/\/informelitoral.com.ar\/alumnos-de-la-escuela-n-1-recorrieron-los-edificios-historicos-de-la-plaza-san-martin-de-diamante\/"},"wordCount":179,"commentCount":0,"publisher":{"@id":"https:\/\/informelitoral.com.ar\/#organization"},"image":{"@id":"https:\/\/informelitoral.com.ar\/alumnos-de-la-escuela-n-1-recorrieron-los-edificios-historicos-de-la-plaza-san-martin-de-diamante\/#primaryimage"},"thumbnailUrl":"https:\/\/i0.wp.com\/diamantefm.com.ar\/%77%70%2d%63%6f%6e%74%65%6e%74\/uploads\/2025\/11\/escuela-1-independencia-chicos-recorriendo-edificios-3.jpg?resize=800%2C445&ssl=1","keywords":["alumnos","Diamante","Educaci\u00f3n","Escuela","Historia","Visita"],"articleSection":["Departamento Diamante","Diamante"],"inLanguage":"es","potentialAction":[{"@type":"CommentAction","name":"Comment","target":["https:\/\/informelitoral.com.ar\/alumnos-de-la-escuela-n-1-recorrieron-los-edificios-historicos-de-la-plaza-san-martin-de-diamante\/#respond"]}]},{"@type":"WebPage","@id":"https:\/\/informelitoral.com.ar\/alumnos-de-la-escuela-n-1-recorrieron-los-edificios-historicos-de-la-plaza-san-martin-de-diamante\/","url":"https:\/\/informelitoral.com.ar\/alumnos-de-la-escuela-n-1-recorrieron-los-edificios-historicos-de-la-plaza-san-martin-de-diamante\/","name":"Alumnos de la Escuela N\u00b0 1 recorrieron los edificios hist\u00f3ricos de la Plaza San Mart\u00edn de Diamante - Informe Litoral","isPartOf":{"@id":"https:\/\/informelitoral.com.ar\/#website"},"primaryImageOfPage":{"@id":"https:\/\/informelitoral.com.ar\/alumnos-de-la-escuela-n-1-recorrieron-los-edificios-historicos-de-la-plaza-san-martin-de-diamante\/#primaryimage"},"image":{"@id":"https:\/\/informelitoral.com.ar\/alumnos-de-la-escuela-n-1-recorrieron-los-edificios-historicos-de-la-plaza-san-martin-de-diamante\/#primaryimage"},"thumbnailUrl":"https:\/\/i0.wp.com\/diamantefm.com.ar\/%77%70%2d%63%6f%6e%74%65%6e%74\/uploads\/2025\/11\/escuela-1-independencia-chicos-recorriendo-edificios-3.jpg?resize=800%2C445&ssl=1","datePublished":"2025-11-28T14:38:33+00:00","dateModified":"2025-11-28T22:20:44+00:00","breadcrumb":{"@id":"https:\/\/informelitoral.com.ar\/alumnos-de-la-escuela-n-1-recorrieron-los-edificios-historicos-de-la-plaza-san-martin-de-diamante\/#breadcrumb"},"inLanguage":"es","potentialAction":[{"@type":"ReadAction","target":["https:\/\/informelitoral.com.ar\/alumnos-de-la-escuela-n-1-recorrieron-los-edificios-historicos-de-la-plaza-san-martin-de-diamante\/"]}]},{"@type":"ImageObject","inLanguage":"es","@id":"https:\/\/informelitoral.com.ar\/alumnos-de-la-escuela-n-1-recorrieron-los-edificios-historicos-de-la-plaza-san-martin-de-diamante\/#primaryimage","url":"https:\/\/i0.wp.com\/diamantefm.com.ar\/%77%70%2d%63%6f%6e%74%65%6e%74\/uploads\/2025\/11\/escuela-1-independencia-chicos-recorriendo-edificios-3.jpg?resize=800%2C445&ssl=1","contentUrl":"https:\/\/i0.wp.com\/diamantefm.com.ar\/%77%70%2d%63%6f%6e%74%65%6e%74\/uploads\/2025\/11\/escuela-1-independencia-chicos-recorriendo-edificios-3.jpg?resize=800%2C445&ssl=1","width":"800","height":"445"},{"@type":"BreadcrumbList","@id":"https:\/\/informelitoral.com.ar\/alumnos-de-la-escuela-n-1-recorrieron-los-edificios-historicos-de-la-plaza-san-martin-de-diamante\/#breadcrumb","itemListElement":[{"@type":"ListItem","position":1,"name":"Portada","item":"https:\/\/informelitoral.com.ar\/"},{"@type":"ListItem","position":2,"name":"Alumnos de la Escuela N\u00b0 1 recorrieron los edificios hist\u00f3ricos de la Plaza San Mart\u00edn de Diamante"}]},{"@type":"WebSite","@id":"https:\/\/informelitoral.com.ar\/#website","url":"https:\/\/informelitoral.com.ar\/","name":"Informe Litoral","description":"&quot;Nos informamos&quot; ","publisher":{"@id":"https:\/\/informelitoral.com.ar\/#organization"},"potentialAction":[{"@type":"SearchAction","target":{"@type":"EntryPoint","urlTemplate":"https:\/\/informelitoral.com.ar\/?s={search_term_string}"},"query-input":{"@type":"PropertyValueSpecification","valueRequired":true,"valueName":"search_term_string"}}],"inLanguage":"es"},{"@type":"Organization","@id":"https:\/\/informelitoral.com.ar\/#organization","name":"Informe Litoral","url":"https:\/\/informelitoral.com.ar\/","logo":{"@type":"ImageObject","inLanguage":"es","@id":"https:\/\/informelitoral.com.ar\/#\/schema\/logo\/image\/","url":"https:\/\/informelitoral.com.ar\/%77%70%2d%63%6f%6e%74%65%6e%74\/uploads\/2021\/01\/circulo.png","contentUrl":"https:\/\/informelitoral.com.ar\/%77%70%2d%63%6f%6e%74%65%6e%74\/uploads\/2021\/01\/circulo.png","width":723,"height":731,"caption":"Informe Litoral"},"image":{"@id":"https:\/\/informelitoral.com.ar\/#\/schema\/logo\/image\/"},"sameAs":["https:\/\/www.facebook.com\/informelitoral\/","https:\/\/x.com\/InformeLitoral","https:\/\/www.instagram.com\/informelitoral\/","https:\/\/www.youtube.com\/channel\/UCua4Qvz8Icb6MYqhoq9xLXw"]},{"@type":"Person","@id":"https:\/\/informelitoral.com.ar\/#\/schema\/person\/f05f9f461677119578717524b127d6d5","name":"Sebastian","image":{"@type":"ImageObject","inLanguage":"es","@id":"https:\/\/secure.gravatar.com\/avatar\/b71bf7481d447dfb9583c7f2798e7cc64de6efb9067b74633ed8c31059a3bd82?s=96&d=mm&r=g","url":"https:\/\/secure.gravatar.com\/avatar\/b71bf7481d447dfb9583c7f2798e7cc64de6efb9067b74633ed8c31059a3bd82?s=96&d=mm&r=g","contentUrl":"https:\/\/secure.gravatar.com\/avatar\/b71bf7481d447dfb9583c7f2798e7cc64de6efb9067b74633ed8c31059a3bd82?s=96&d=mm&r=g","caption":"Sebastian"},"url":"https:\/\/informelitoral.com.ar\/author\/sebastian\/"}]}},"fifu_image_url":"https:\/\/i0.wp.com\/diamantefm.com.ar\/wp-content\/uploads\/2025\/11\/escuela-1-independencia-chicos-recorriendo-edificios-3.jpg?resize=800%2C445&ssl=1","_links":{"self":[{"href":"https:\/\/informelitoral.com.ar\/%77%70%2d%6a%73%6f%6e\/wp\/v2\/posts\/241847","targetHints":{"allow":["GET"]}}],"collection":[{"href":"https:\/\/informelitoral.com.ar\/%77%70%2d%6a%73%6f%6e\/wp\/v2\/posts"}],"about":[{"href":"https:\/\/informelitoral.com.ar\/%77%70%2d%6a%73%6f%6e\/wp\/v2\/types\/post"}],"author":[{"embeddable":true,"href":"https:\/\/informelitoral.com.ar\/%77%70%2d%6a%73%6f%6e\/wp\/v2\/users\/8"}],"replies":[{"embeddable":true,"href":"https:\/\/informelitoral.com.ar\/%77%70%2d%6a%73%6f%6e\/wp\/v2\/comments?post=241847"}],"version-history":[{"count":2,"href":"https:\/\/informelitoral.com.ar\/%77%70%2d%6a%73%6f%6e\/wp\/v2\/posts\/241847\/revisions"}],"predecessor-version":[{"id":241928,"href":"https:\/\/informelitoral.com.ar\/%77%70%2d%6a%73%6f%6e\/wp\/v2\/posts\/241847\/revisions\/241928"}],"wp:featuredmedia":[{"embeddable":true,"href":"https:\/\/informelitoral.com.ar\/%77%70%2d%6a%73%6f%6e\/wp\/v2\/media\/241848"}],"wp:attachment":[{"href":"https:\/\/informelitoral.com.ar\/%77%70%2d%6a%73%6f%6e\/wp\/v2\/media?parent=241847"}],"wp:term":[{"taxonomy":"category","embeddable":true,"href":"https:\/\/informelitoral.com.ar\/%77%70%2d%6a%73%6f%6e\/wp\/v2\/categories?post=241847"},{"taxonomy":"post_tag","embeddable":true,"href":"https:\/\/informelitoral.com.ar\/%77%70%2d%6a%73%6f%6e\/wp\/v2\/tags?post=241847"}],"curies":[{"name":"wp","href":"https:\/\/api.w.org\/{rel}","templated":true}]}}