{"id":241820,"date":"2025-11-28T09:32:11","date_gmt":"2025-11-28T12:32:11","guid":{"rendered":"https:\/\/informelitoral.com.ar\/?p=241820"},"modified":"2025-11-28T09:32:11","modified_gmt":"2025-11-28T12:32:11","slug":"75-millones-de-familias-pierden-los-subsidio-a-la-luz-y-gas-en-enero","status":"publish","type":"post","link":"https:\/\/informelitoral.com.ar\/75-millones-de-familias-pierden-los-subsidio-a-la-luz-y-gas-en-enero\/","title":{"rendered":"7,5 millones de familias pierden los subsidio a la luz y gas en enero"},"content":{"rendered":"<p>El Gobierno implementar\u00e1\u00a0<strong>cambios en los subsidios a la luz, el gas y las garrafas a partir del 1 de enero de 2026\u00a0en todo el pa\u00eds<\/strong>. La idea del Ministerio de Econom\u00eda es otorgar la ayuda \u201csolamente a quienes la necesitan, cuando la necesitan\u201d, por lo que focalizar\u00e1 el gasto p\u00fablico y continuar\u00e1 el ajuste fiscal el a\u00f1o que viene. Esto se reflejar\u00e1 para los usuarios como un\u00a0nuevo\u00a0<strong>aumento\u00a0en las boletas<\/strong>.<\/p>\n<p>El impacto ser\u00e1 principalmente sobre 7.500.000 familias que perder\u00e1n los subsidios, un 45% de la poblaci\u00f3n argentina. Los otros 9.100.000 millones hogares que mantendr\u00e1n la ayuda del Estado nacional tendr\u00e1n modificaciones en sus bloques de consumo subsidiables, que se ajustar\u00e1n seg\u00fan la estaci\u00f3n del a\u00f1o.<\/p>\n<h6><em><strong>Del archivo:\u00a0<a href=\"https:\/\/informelitoral.com.ar\/el-gobierno-elimino-las-retenciones-al-petroleo-y-firmo-un-acuerdo-historico-con-chubut\/\" target=\"_blank\" rel=\"noopener\">El Gobierno elimin\u00f3 las retenciones al petr\u00f3leo y firm\u00f3 un acuerdo \u00abhist\u00f3rico\u00bb con Chubut<\/a><\/strong><\/em><\/h6>\n<p>Los cambios ser\u00e1n sometidos a una consulta p\u00fablica online en los pr\u00f3ximos d\u00edas y se aplicar\u00e1n al comienzo del A\u00f1o Nuevo. Con ellos,\u00a0<strong>el Gobierno aspira a bajar los subsidios a la energ\u00eda<\/strong>\u00a0del equivalente al 0,65% sobre el Producto Interno Bruto (PIB) que cerrar\u00e1 en 2025 al 0,5% en 2026, un\u00a0<strong>ahorro de aproximadamente 1.000 millones de d\u00f3lares<\/strong>.<\/p>\n<h2 class=\"wp-block-heading\"><strong>La segmentaci\u00f3n de tarifas llega a su fin<\/strong><\/h2>\n<p>La primera modificaci\u00f3n es que\u00a0<strong>se desmontar\u00e1 la segmentaci\u00f3n de tarifas<\/strong>\u00a0que est\u00e1 vigente desde fines de 2022 y se pasar\u00e1 a un nuevo r\u00e9gimen de Subsidios Energ\u00e9ticos Focalizados (SEF). Las actuales categor\u00edas de 3 niveles de usuarios seg\u00fan ingresos y patrimonios se eliminar\u00e1n, y quedar\u00e1n 2 tipos de hogares: sin subsidios y con subsidios.<\/p>\n<ul class=\"wp-block-list\">\n<li>Los\u00a0<strong>usuarios sin subsidios<\/strong>\u00a0ser\u00e1n los que cobren por grupo familiar el equivalente a\u00a0<strong>m\u00e1s de<\/strong>\u00a03 canastas b\u00e1sicas totales o \u201cde pobreza\u201d, o unos\u00a0<strong>$ 3.641.397 por mes<\/strong>. Se mantendr\u00e1n tambi\u00e9n como criterios de exclusi\u00f3n de la ayuda del Estado a quienes tengan 3 o m\u00e1s veh\u00edculos con una antig\u00fcedad menor a 5 a\u00f1os; 3 o m\u00e1s inmuebles; una embarcaci\u00f3n o aeronave de lujo.<\/li>\n<\/ul>\n<ul class=\"wp-block-list\">\n<li>Los\u00a0<strong>usuarios con subsidios<\/strong>\u00a0ser\u00e1n todo el resto: los que cobran\u00a0<strong>menos de $ 3.641.397<\/strong>\u00a0por hogar y no cumplen todos los criterios previos. En luz ser\u00edan unos 9.100.000 hogares.<\/li>\n<\/ul>\n<figure class=\"wp-block-image\"><img decoding=\"async\" class=\" ls-is-cached lazyloaded\" src=\"https:\/\/www.clarin.com\/redaccionfiler\/clarin\/infografia\/2025\/pais\/11\/tarifas-subsidios-mb.svg\" alt=\"arifas-subsidios\" data-src=\"https:\/\/www.clarin.com\/redaccionfiler\/clarin\/infografia\/2025\/pais\/11\/tarifas-subsidios-mb.svg\" \/><\/figure>\n<p>Se estima que actualmente el 40% de los hogares son categor\u00eda \u201cN1 \u2013 Ingresos altos\u201d, que tienen subsidios a la energ\u00eda el\u00e9ctrica y el gas natural por red pero mucho menos que los usuarios \u201cN3 \u2013 Ingresos medios\u201d y \u201cN2 \u2013 Ingresos bajos\u201d; estos \u00faltimos dos representan el 60% del universo.<\/p>\n<p>Con este primer cambio,\u00a0<strong>los hogares N1 pagar\u00e1n por completo el costo<\/strong>\u00a0de la generaci\u00f3n de electricidad y la producci\u00f3n de gas, mientras que\u00a0<strong>unas 140.000 familias (el 1% del total)<\/strong>\u00a0que est\u00e1n hoy categorizadas como N3\u00a0<strong>tambi\u00e9n perder\u00e1n el subsidio<\/strong>.<\/p>\n<h6><em><strong>Del archivo:\u00a0<a href=\"https:\/\/informelitoral.com.ar\/el-gobierno-nacional-quito-la-posibilidad-de-regular-precios-al-instituto-de-la-yerba\/\" target=\"_blank\" rel=\"noopener\">El Gobierno nacional quit\u00f3 la posibilidad de regular precios al Instituto de la Yerba<\/a><\/strong><\/em><\/h6>\n<p>Hasta el momento, los usuarios residenciales pagaban as\u00ed:<\/p>\n<ul class=\"wp-block-list\">\n<li>Los de\u00a0<strong>mayores ingresos<\/strong>, el 89% del costo pleno de la energ\u00eda el\u00e9ctrica y el 76% del gas (por ende, ten\u00edan un subsidio del 11% y el 24%).<\/li>\n<li>Los de\u00a0<strong>ingresos medios<\/strong>, el 44% del precio mayorista de la luz y el 25% del gas (subsidio del 56% y el 75%).<\/li>\n<li>Los de\u00a0<strong>ingresos bajos<\/strong>, el 30% y 20%, respectivamente (subsidio del 70% y 80%).<\/li>\n<\/ul>\n<p>Esta segmentaci\u00f3n ser\u00e1 ahora reemplazada por la divisoria entre las dos categor\u00edas hogares con y sin subsidios.<\/p>\n<h2><strong>C\u00f3mo se aplicar\u00e1n los subsidios a la luz<\/strong><\/h2>\n<p>La segunda innovaci\u00f3n que introducir\u00e1 el Gobierno es sobre los vol\u00famenes a subvencionar: pasa de los actuales 250 kilovatios-hora mensuales (kWh) como tope para N3 y de los 350 kWh para los N2 al siguiente esquema:<\/p>\n<ul class=\"wp-block-list\">\n<li><strong>Tope de 300 kilovatios-hora (kWh) mensuales subsidiables<\/strong>\u00a0para todos los hogares que mantengan la ayuda del Estado en\u00a0<strong>verano e invierno<\/strong>.<\/li>\n<li>Tope de\u00a0<strong>150 kWh por mes en oto\u00f1o y primavera<\/strong>.<\/li>\n<\/ul>\n<p>Los usuarios con subsidios pagar\u00e1n esos bloques de consumo al 50% de su costo real, como base; adem\u00e1s, se agregar\u00e1 una bonificaci\u00f3n del 25% desde enero 2026, que ir\u00e1 descendiendo gradualmente durante todo el a\u00f1o que viene a criterio del Gobierno hasta ser eliminada.<\/p>\n<p><a href=\"https:\/\/informelitoral.com.ar\/%77%70%2d%63%6f%6e%74%65%6e%74\/uploads\/2022\/06\/Luz-665x374-1.jpeg\"><img loading=\"lazy\" decoding=\"async\" class=\"alignnone size-full wp-image-80054\" src=\"https:\/\/informelitoral.com.ar\/%77%70%2d%63%6f%6e%74%65%6e%74\/uploads\/2022\/06\/Luz-665x374-1.jpeg\" alt=\"\" width=\"665\" height=\"374\" srcset=\"https:\/\/informelitoral.com.ar\/%77%70%2d%63%6f%6e%74%65%6e%74\/uploads\/2022\/06\/Luz-665x374-1.jpeg 665w, https:\/\/informelitoral.com.ar\/%77%70%2d%63%6f%6e%74%65%6e%74\/uploads\/2022\/06\/Luz-665x374-1-300x169.jpeg 300w\" sizes=\"auto, (max-width: 665px) 100vw, 665px\" \/><\/a><\/p>\n<p>Es decir, los bloques de consumo subsidiables tendr\u00e1n una bonificaci\u00f3n del 75% en enero y alrededor de 50% en diciembre 2026.<\/p>\n<p>Actualmente, el costo promedio del sistema el\u00e9ctrico es de 75 d\u00f3lares por megavatio-hora (MWh), precio que pagar\u00e1n por completo los hogares sin subsidio.<\/p>\n<h2 class=\"wp-block-heading\"><strong>Precios del gas, iguales en todo el a\u00f1o<\/strong><\/h2>\n<p>El tercer cambio relevante es que\u00a0<strong>se aplanar\u00e1n los precios mayoristas del gas en 3,80 d\u00f3lares por mill\u00f3n de BTU a lo largo de todo el a\u00f1o<\/strong>. Ahora en verano el costo que se traslada a las tarifas es de US$ 2,90 d\u00f3lares y en invierno de US$ 4,50.<\/p>\n<p>Por ende, implicar\u00e1 un aumento importante del precio que pagan los hogares en los pr\u00f3ximos meses, compensado porque es el per\u00edodo del a\u00f1o cuando menos se consume el gas.<\/p>\n<p><a href=\"https:\/\/informelitoral.com.ar\/%77%70%2d%63%6f%6e%74%65%6e%74\/uploads\/2025\/04\/6216359474505-scaled.jpg\"><img loading=\"lazy\" decoding=\"async\" class=\"alignnone size-full wp-image-217025\" src=\"https:\/\/informelitoral.com.ar\/%77%70%2d%63%6f%6e%74%65%6e%74\/uploads\/2025\/04\/6216359474505-scaled.jpg\" alt=\"\" width=\"2560\" height=\"1700\" srcset=\"https:\/\/informelitoral.com.ar\/%77%70%2d%63%6f%6e%74%65%6e%74\/uploads\/2025\/04\/6216359474505-scaled.jpg 2560w, https:\/\/informelitoral.com.ar\/%77%70%2d%63%6f%6e%74%65%6e%74\/uploads\/2025\/04\/6216359474505-300x199.jpg 300w, https:\/\/informelitoral.com.ar\/%77%70%2d%63%6f%6e%74%65%6e%74\/uploads\/2025\/04\/6216359474505-1024x680.jpg 1024w, https:\/\/informelitoral.com.ar\/%77%70%2d%63%6f%6e%74%65%6e%74\/uploads\/2025\/04\/6216359474505-768x510.jpg 768w, https:\/\/informelitoral.com.ar\/%77%70%2d%63%6f%6e%74%65%6e%74\/uploads\/2025\/04\/6216359474505-1536x1020.jpg 1536w, https:\/\/informelitoral.com.ar\/%77%70%2d%63%6f%6e%74%65%6e%74\/uploads\/2025\/04\/6216359474505-2048x1360.jpg 2048w, https:\/\/informelitoral.com.ar\/%77%70%2d%63%6f%6e%74%65%6e%74\/uploads\/2025\/04\/6216359474505-633x420.jpg 633w, https:\/\/informelitoral.com.ar\/%77%70%2d%63%6f%6e%74%65%6e%74\/uploads\/2025\/04\/6216359474505-696x462.jpg 696w, https:\/\/informelitoral.com.ar\/%77%70%2d%63%6f%6e%74%65%6e%74\/uploads\/2025\/04\/6216359474505-1068x709.jpg 1068w, https:\/\/informelitoral.com.ar\/%77%70%2d%63%6f%6e%74%65%6e%74\/uploads\/2025\/04\/6216359474505-1920x1275.jpg 1920w\" sizes=\"auto, (max-width: 2560px) 100vw, 2560px\" \/><\/a><\/p>\n<p>Para los usuarios con subsidios, el Estado se har\u00e1 cargo del 50% del costo entre abril y septiembre<\/p>\n<p>En cualquier caso,\u00a0<strong>los hogares no se tendr\u00e1n que volver a registrar para acceder a los subsidios<\/strong>, ya que el Gobierno tomar\u00e1 las bases de datos disponibles. Los usuarios pueden actualizar sus datos, si lo desean.<\/p>\n<h2 class=\"wp-block-heading\"><strong>Las facturas de luz y gas<\/strong><\/h2>\n<p>Con todo, el 66% de los hogares pagar\u00e1n en verano menos de $ 44.000 por la luz, mientras que el 81% abonar\u00e1 menos de $ 67.000.<\/p>\n<p>En gas, en invierno el 56% pagar\u00e1 menos de $ 14.000; y el 75%, menos de 56.000, seg\u00fan c\u00e1lculos oficiales.<\/p>\n<h6><em><strong>Del archivo:\u00a0<a href=\"https:\/\/informelitoral.com.ar\/entre-rios-fue-sede-de-bioargentina-2025-y-consolido-su-perfil-cientifico-tecnologico\/\" target=\"_blank\" rel=\"noopener\">Entre R\u00edos fue sede de BioArgentina 2025 y consolid\u00f3 su perfil cient\u00edfico-tecnol\u00f3gico<\/a><\/strong><\/em><\/h6>\n","protected":false},"excerpt":{"rendered":"<p>A partir de enero de 2026, el nuevo r\u00e9gimen de Subsidios Energ\u00e9ticos Focalizados (SEF) reemplaza la segmentaci\u00f3n N1, N2 y N3, dividiendo a los usuarios en dos grupos y reduciendo dr\u00e1sticamente los topes de consumo subsidiado para electricidad seg\u00fan la estaci\u00f3n.<\/p>\n","protected":false},"author":8,"featured_media":188013,"comment_status":"open","ping_status":"open","sticky":false,"template":"","format":"standard","meta":{"fifu_image_url":"","fifu_image_alt":"","footnotes":""},"categories":[1594],"tags":[132,257,3179,238],"class_list":{"0":"post-241820","1":"post","2":"type-post","3":"status-publish","4":"format-standard","5":"has-post-thumbnail","7":"category-economia","8":"tag-gas","9":"tag-luz","10":"tag-subsidios","11":"tag-tarifas"},"yoast_head":"<title>7,5 millones de familias pierden los subsidio a la luz y gas en enero - Informe Litoral<\/title>\n<meta name=\"robots\" content=\"index, follow, max-snippet:-1, max-image-preview:large, max-video-preview:-1\" \/>\n<link rel=\"canonical\" href=\"https:\/\/informelitoral.com.ar\/75-millones-de-familias-pierden-los-subsidio-a-la-luz-y-gas-en-enero\/\" \/>\n<meta property=\"og:locale\" content=\"es_ES\" \/>\n<meta property=\"og:type\" content=\"article\" \/>\n<meta property=\"og:title\" content=\"7,5 millones de familias pierden los subsidio a la luz y gas en enero - Informe Litoral\" \/>\n<meta property=\"og:description\" content=\"A partir de enero de 2026, el nuevo r\u00e9gimen de Subsidios Energ\u00e9ticos Focalizados (SEF) reemplaza la segmentaci\u00f3n N1, N2 y N3, dividiendo a los usuarios en dos grupos y reduciendo dr\u00e1sticamente los topes de consumo subsidiado para electricidad seg\u00fan la estaci\u00f3n.\" \/>\n<meta property=\"og:url\" content=\"https:\/\/informelitoral.com.ar\/75-millones-de-familias-pierden-los-subsidio-a-la-luz-y-gas-en-enero\/\" \/>\n<meta property=\"og:site_name\" content=\"Informe Litoral\" \/>\n<meta property=\"article:publisher\" content=\"https:\/\/www.facebook.com\/informelitoral\/\" \/>\n<meta property=\"article:published_time\" content=\"2025-11-28T12:32:11+00:00\" \/>\n<meta property=\"og:image\" content=\"https:\/\/informelitoral.com.ar\/%77%70%2d%63%6f%6e%74%65%6e%74\/uploads\/2024\/05\/820053-aumenta-la-luz-y-el-gas-1568688_0.jpeg\" \/>\n\t<meta property=\"og:image:width\" content=\"960\" \/>\n\t<meta property=\"og:image:height\" content=\"640\" \/>\n\t<meta property=\"og:image:type\" content=\"image\/jpeg\" \/>\n<meta name=\"author\" content=\"Sebastian\" \/>\n<meta name=\"twitter:card\" content=\"summary_large_image\" \/>\n<meta name=\"twitter:creator\" content=\"@InformeLitoral\" \/>\n<meta name=\"twitter:site\" content=\"@InformeLitoral\" \/>\n<meta name=\"twitter:label1\" content=\"Escrito por\" \/>\n\t<meta name=\"twitter:data1\" content=\"Sebastian\" \/>\n\t<meta name=\"twitter:label2\" content=\"Tiempo de lectura\" \/>\n\t<meta name=\"twitter:data2\" content=\"6 minutos\" \/>\n<script type=\"application\/ld+json\" class=\"yoast-schema-graph\">{\"@context\":\"https:\\\/\\\/schema.org\",\"@graph\":[{\"@type\":\"Article\",\"@id\":\"https:\\\/\\\/informelitoral.com.ar\\\/75-millones-de-familias-pierden-los-subsidio-a-la-luz-y-gas-en-enero\\\/#article\",\"isPartOf\":{\"@id\":\"https:\\\/\\\/informelitoral.com.ar\\\/75-millones-de-familias-pierden-los-subsidio-a-la-luz-y-gas-en-enero\\\/\"},\"author\":{\"name\":\"Sebastian\",\"@id\":\"https:\\\/\\\/informelitoral.com.ar\\\/#\\\/schema\\\/person\\\/f05f9f461677119578717524b127d6d5\"},\"headline\":\"7,5 millones de familias pierden los subsidio a la luz y gas en enero\",\"datePublished\":\"2025-11-28T12:32:11+00:00\",\"mainEntityOfPage\":{\"@id\":\"https:\\\/\\\/informelitoral.com.ar\\\/75-millones-de-familias-pierden-los-subsidio-a-la-luz-y-gas-en-enero\\\/\"},\"wordCount\":953,\"commentCount\":0,\"publisher\":{\"@id\":\"https:\\\/\\\/informelitoral.com.ar\\\/#organization\"},\"image\":{\"@id\":\"https:\\\/\\\/informelitoral.com.ar\\\/75-millones-de-familias-pierden-los-subsidio-a-la-luz-y-gas-en-enero\\\/#primaryimage\"},\"thumbnailUrl\":\"https:\\\/\\\/informelitoral.com.ar\\\/%77%70%2d%63%6f%6e%74%65%6e%74\\\/uploads\\\/2024\\\/05\\\/820053-aumenta-la-luz-y-el-gas-1568688_0.jpeg\",\"keywords\":[\"Gas\",\"Luz\",\"subsidios\",\"Tarifas\"],\"articleSection\":[\"Econom\u00eda\"],\"inLanguage\":\"es\",\"potentialAction\":[{\"@type\":\"CommentAction\",\"name\":\"Comment\",\"target\":[\"https:\\\/\\\/informelitoral.com.ar\\\/75-millones-de-familias-pierden-los-subsidio-a-la-luz-y-gas-en-enero\\\/#respond\"]}]},{\"@type\":\"WebPage\",\"@id\":\"https:\\\/\\\/informelitoral.com.ar\\\/75-millones-de-familias-pierden-los-subsidio-a-la-luz-y-gas-en-enero\\\/\",\"url\":\"https:\\\/\\\/informelitoral.com.ar\\\/75-millones-de-familias-pierden-los-subsidio-a-la-luz-y-gas-en-enero\\\/\",\"name\":\"7,5 millones de familias pierden los subsidio a la luz y gas en enero - Informe Litoral\",\"isPartOf\":{\"@id\":\"https:\\\/\\\/informelitoral.com.ar\\\/#website\"},\"primaryImageOfPage\":{\"@id\":\"https:\\\/\\\/informelitoral.com.ar\\\/75-millones-de-familias-pierden-los-subsidio-a-la-luz-y-gas-en-enero\\\/#primaryimage\"},\"image\":{\"@id\":\"https:\\\/\\\/informelitoral.com.ar\\\/75-millones-de-familias-pierden-los-subsidio-a-la-luz-y-gas-en-enero\\\/#primaryimage\"},\"thumbnailUrl\":\"https:\\\/\\\/informelitoral.com.ar\\\/%77%70%2d%63%6f%6e%74%65%6e%74\\\/uploads\\\/2024\\\/05\\\/820053-aumenta-la-luz-y-el-gas-1568688_0.jpeg\",\"datePublished\":\"2025-11-28T12:32:11+00:00\",\"breadcrumb\":{\"@id\":\"https:\\\/\\\/informelitoral.com.ar\\\/75-millones-de-familias-pierden-los-subsidio-a-la-luz-y-gas-en-enero\\\/#breadcrumb\"},\"inLanguage\":\"es\",\"potentialAction\":[{\"@type\":\"ReadAction\",\"target\":[\"https:\\\/\\\/informelitoral.com.ar\\\/75-millones-de-familias-pierden-los-subsidio-a-la-luz-y-gas-en-enero\\\/\"]}]},{\"@type\":\"ImageObject\",\"inLanguage\":\"es\",\"@id\":\"https:\\\/\\\/informelitoral.com.ar\\\/75-millones-de-familias-pierden-los-subsidio-a-la-luz-y-gas-en-enero\\\/#primaryimage\",\"url\":\"https:\\\/\\\/informelitoral.com.ar\\\/%77%70%2d%63%6f%6e%74%65%6e%74\\\/uploads\\\/2024\\\/05\\\/820053-aumenta-la-luz-y-el-gas-1568688_0.jpeg\",\"contentUrl\":\"https:\\\/\\\/informelitoral.com.ar\\\/%77%70%2d%63%6f%6e%74%65%6e%74\\\/uploads\\\/2024\\\/05\\\/820053-aumenta-la-luz-y-el-gas-1568688_0.jpeg\",\"width\":960,\"height\":640},{\"@type\":\"BreadcrumbList\",\"@id\":\"https:\\\/\\\/informelitoral.com.ar\\\/75-millones-de-familias-pierden-los-subsidio-a-la-luz-y-gas-en-enero\\\/#breadcrumb\",\"itemListElement\":[{\"@type\":\"ListItem\",\"position\":1,\"name\":\"Portada\",\"item\":\"https:\\\/\\\/informelitoral.com.ar\\\/\"},{\"@type\":\"ListItem\",\"position\":2,\"name\":\"7,5 millones de familias pierden los subsidio a la luz y gas en enero\"}]},{\"@type\":\"WebSite\",\"@id\":\"https:\\\/\\\/informelitoral.com.ar\\\/#website\",\"url\":\"https:\\\/\\\/informelitoral.com.ar\\\/\",\"name\":\"Informe Litoral\",\"description\":\"&quot;Nos informamos&quot; \",\"publisher\":{\"@id\":\"https:\\\/\\\/informelitoral.com.ar\\\/#organization\"},\"potentialAction\":[{\"@type\":\"SearchAction\",\"target\":{\"@type\":\"EntryPoint\",\"urlTemplate\":\"https:\\\/\\\/informelitoral.com.ar\\\/?s={search_term_string}\"},\"query-input\":{\"@type\":\"PropertyValueSpecification\",\"valueRequired\":true,\"valueName\":\"search_term_string\"}}],\"inLanguage\":\"es\"},{\"@type\":\"Organization\",\"@id\":\"https:\\\/\\\/informelitoral.com.ar\\\/#organization\",\"name\":\"Informe Litoral\",\"url\":\"https:\\\/\\\/informelitoral.com.ar\\\/\",\"logo\":{\"@type\":\"ImageObject\",\"inLanguage\":\"es\",\"@id\":\"https:\\\/\\\/informelitoral.com.ar\\\/#\\\/schema\\\/logo\\\/image\\\/\",\"url\":\"https:\\\/\\\/informelitoral.com.ar\\\/%77%70%2d%63%6f%6e%74%65%6e%74\\\/uploads\\\/2021\\\/01\\\/circulo.png\",\"contentUrl\":\"https:\\\/\\\/informelitoral.com.ar\\\/%77%70%2d%63%6f%6e%74%65%6e%74\\\/uploads\\\/2021\\\/01\\\/circulo.png\",\"width\":723,\"height\":731,\"caption\":\"Informe Litoral\"},\"image\":{\"@id\":\"https:\\\/\\\/informelitoral.com.ar\\\/#\\\/schema\\\/logo\\\/image\\\/\"},\"sameAs\":[\"https:\\\/\\\/www.facebook.com\\\/informelitoral\\\/\",\"https:\\\/\\\/x.com\\\/InformeLitoral\",\"https:\\\/\\\/www.instagram.com\\\/informelitoral\\\/\",\"https:\\\/\\\/www.youtube.com\\\/channel\\\/UCua4Qvz8Icb6MYqhoq9xLXw\"]},{\"@type\":\"Person\",\"@id\":\"https:\\\/\\\/informelitoral.com.ar\\\/#\\\/schema\\\/person\\\/f05f9f461677119578717524b127d6d5\",\"name\":\"Sebastian\",\"image\":{\"@type\":\"ImageObject\",\"inLanguage\":\"es\",\"@id\":\"https:\\\/\\\/secure.gravatar.com\\\/avatar\\\/b71bf7481d447dfb9583c7f2798e7cc64de6efb9067b74633ed8c31059a3bd82?s=96&d=mm&r=g\",\"url\":\"https:\\\/\\\/secure.gravatar.com\\\/avatar\\\/b71bf7481d447dfb9583c7f2798e7cc64de6efb9067b74633ed8c31059a3bd82?s=96&d=mm&r=g\",\"contentUrl\":\"https:\\\/\\\/secure.gravatar.com\\\/avatar\\\/b71bf7481d447dfb9583c7f2798e7cc64de6efb9067b74633ed8c31059a3bd82?s=96&d=mm&r=g\",\"caption\":\"Sebastian\"},\"url\":\"https:\\\/\\\/informelitoral.com.ar\\\/author\\\/sebastian\\\/\"}]}<\/script>","yoast_head_json":{"title":"7,5 millones de familias pierden los subsidio a la luz y gas en enero - Informe Litoral","robots":{"index":"index","follow":"follow","max-snippet":"max-snippet:-1","max-image-preview":"max-image-preview:large","max-video-preview":"max-video-preview:-1"},"canonical":"https:\/\/informelitoral.com.ar\/75-millones-de-familias-pierden-los-subsidio-a-la-luz-y-gas-en-enero\/","og_locale":"es_ES","og_type":"article","og_title":"7,5 millones de familias pierden los subsidio a la luz y gas en enero - Informe Litoral","og_description":"A partir de enero de 2026, el nuevo r\u00e9gimen de Subsidios Energ\u00e9ticos Focalizados (SEF) reemplaza la segmentaci\u00f3n N1, N2 y N3, dividiendo a los usuarios en dos grupos y reduciendo dr\u00e1sticamente los topes de consumo subsidiado para electricidad seg\u00fan la estaci\u00f3n.","og_url":"https:\/\/informelitoral.com.ar\/75-millones-de-familias-pierden-los-subsidio-a-la-luz-y-gas-en-enero\/","og_site_name":"Informe Litoral","article_publisher":"https:\/\/www.facebook.com\/informelitoral\/","article_published_time":"2025-11-28T12:32:11+00:00","og_image":[{"width":960,"height":640,"url":"https:\/\/informelitoral.com.ar\/%77%70%2d%63%6f%6e%74%65%6e%74\/uploads\/2024\/05\/820053-aumenta-la-luz-y-el-gas-1568688_0.jpeg","type":"image\/jpeg"}],"author":"Sebastian","twitter_card":"summary_large_image","twitter_creator":"@InformeLitoral","twitter_site":"@InformeLitoral","twitter_misc":{"Escrito por":"Sebastian","Tiempo de lectura":"6 minutos"},"schema":{"@context":"https:\/\/schema.org","@graph":[{"@type":"Article","@id":"https:\/\/informelitoral.com.ar\/75-millones-de-familias-pierden-los-subsidio-a-la-luz-y-gas-en-enero\/#article","isPartOf":{"@id":"https:\/\/informelitoral.com.ar\/75-millones-de-familias-pierden-los-subsidio-a-la-luz-y-gas-en-enero\/"},"author":{"name":"Sebastian","@id":"https:\/\/informelitoral.com.ar\/#\/schema\/person\/f05f9f461677119578717524b127d6d5"},"headline":"7,5 millones de familias pierden los subsidio a la luz y gas en enero","datePublished":"2025-11-28T12:32:11+00:00","mainEntityOfPage":{"@id":"https:\/\/informelitoral.com.ar\/75-millones-de-familias-pierden-los-subsidio-a-la-luz-y-gas-en-enero\/"},"wordCount":953,"commentCount":0,"publisher":{"@id":"https:\/\/informelitoral.com.ar\/#organization"},"image":{"@id":"https:\/\/informelitoral.com.ar\/75-millones-de-familias-pierden-los-subsidio-a-la-luz-y-gas-en-enero\/#primaryimage"},"thumbnailUrl":"https:\/\/informelitoral.com.ar\/%77%70%2d%63%6f%6e%74%65%6e%74\/uploads\/2024\/05\/820053-aumenta-la-luz-y-el-gas-1568688_0.jpeg","keywords":["Gas","Luz","subsidios","Tarifas"],"articleSection":["Econom\u00eda"],"inLanguage":"es","potentialAction":[{"@type":"CommentAction","name":"Comment","target":["https:\/\/informelitoral.com.ar\/75-millones-de-familias-pierden-los-subsidio-a-la-luz-y-gas-en-enero\/#respond"]}]},{"@type":"WebPage","@id":"https:\/\/informelitoral.com.ar\/75-millones-de-familias-pierden-los-subsidio-a-la-luz-y-gas-en-enero\/","url":"https:\/\/informelitoral.com.ar\/75-millones-de-familias-pierden-los-subsidio-a-la-luz-y-gas-en-enero\/","name":"7,5 millones de familias pierden los subsidio a la luz y gas en enero - Informe Litoral","isPartOf":{"@id":"https:\/\/informelitoral.com.ar\/#website"},"primaryImageOfPage":{"@id":"https:\/\/informelitoral.com.ar\/75-millones-de-familias-pierden-los-subsidio-a-la-luz-y-gas-en-enero\/#primaryimage"},"image":{"@id":"https:\/\/informelitoral.com.ar\/75-millones-de-familias-pierden-los-subsidio-a-la-luz-y-gas-en-enero\/#primaryimage"},"thumbnailUrl":"https:\/\/informelitoral.com.ar\/%77%70%2d%63%6f%6e%74%65%6e%74\/uploads\/2024\/05\/820053-aumenta-la-luz-y-el-gas-1568688_0.jpeg","datePublished":"2025-11-28T12:32:11+00:00","breadcrumb":{"@id":"https:\/\/informelitoral.com.ar\/75-millones-de-familias-pierden-los-subsidio-a-la-luz-y-gas-en-enero\/#breadcrumb"},"inLanguage":"es","potentialAction":[{"@type":"ReadAction","target":["https:\/\/informelitoral.com.ar\/75-millones-de-familias-pierden-los-subsidio-a-la-luz-y-gas-en-enero\/"]}]},{"@type":"ImageObject","inLanguage":"es","@id":"https:\/\/informelitoral.com.ar\/75-millones-de-familias-pierden-los-subsidio-a-la-luz-y-gas-en-enero\/#primaryimage","url":"https:\/\/informelitoral.com.ar\/%77%70%2d%63%6f%6e%74%65%6e%74\/uploads\/2024\/05\/820053-aumenta-la-luz-y-el-gas-1568688_0.jpeg","contentUrl":"https:\/\/informelitoral.com.ar\/%77%70%2d%63%6f%6e%74%65%6e%74\/uploads\/2024\/05\/820053-aumenta-la-luz-y-el-gas-1568688_0.jpeg","width":960,"height":640},{"@type":"BreadcrumbList","@id":"https:\/\/informelitoral.com.ar\/75-millones-de-familias-pierden-los-subsidio-a-la-luz-y-gas-en-enero\/#breadcrumb","itemListElement":[{"@type":"ListItem","position":1,"name":"Portada","item":"https:\/\/informelitoral.com.ar\/"},{"@type":"ListItem","position":2,"name":"7,5 millones de familias pierden los subsidio a la luz y gas en enero"}]},{"@type":"WebSite","@id":"https:\/\/informelitoral.com.ar\/#website","url":"https:\/\/informelitoral.com.ar\/","name":"Informe Litoral","description":"&quot;Nos informamos&quot; ","publisher":{"@id":"https:\/\/informelitoral.com.ar\/#organization"},"potentialAction":[{"@type":"SearchAction","target":{"@type":"EntryPoint","urlTemplate":"https:\/\/informelitoral.com.ar\/?s={search_term_string}"},"query-input":{"@type":"PropertyValueSpecification","valueRequired":true,"valueName":"search_term_string"}}],"inLanguage":"es"},{"@type":"Organization","@id":"https:\/\/informelitoral.com.ar\/#organization","name":"Informe Litoral","url":"https:\/\/informelitoral.com.ar\/","logo":{"@type":"ImageObject","inLanguage":"es","@id":"https:\/\/informelitoral.com.ar\/#\/schema\/logo\/image\/","url":"https:\/\/informelitoral.com.ar\/%77%70%2d%63%6f%6e%74%65%6e%74\/uploads\/2021\/01\/circulo.png","contentUrl":"https:\/\/informelitoral.com.ar\/%77%70%2d%63%6f%6e%74%65%6e%74\/uploads\/2021\/01\/circulo.png","width":723,"height":731,"caption":"Informe Litoral"},"image":{"@id":"https:\/\/informelitoral.com.ar\/#\/schema\/logo\/image\/"},"sameAs":["https:\/\/www.facebook.com\/informelitoral\/","https:\/\/x.com\/InformeLitoral","https:\/\/www.instagram.com\/informelitoral\/","https:\/\/www.youtube.com\/channel\/UCua4Qvz8Icb6MYqhoq9xLXw"]},{"@type":"Person","@id":"https:\/\/informelitoral.com.ar\/#\/schema\/person\/f05f9f461677119578717524b127d6d5","name":"Sebastian","image":{"@type":"ImageObject","inLanguage":"es","@id":"https:\/\/secure.gravatar.com\/avatar\/b71bf7481d447dfb9583c7f2798e7cc64de6efb9067b74633ed8c31059a3bd82?s=96&d=mm&r=g","url":"https:\/\/secure.gravatar.com\/avatar\/b71bf7481d447dfb9583c7f2798e7cc64de6efb9067b74633ed8c31059a3bd82?s=96&d=mm&r=g","contentUrl":"https:\/\/secure.gravatar.com\/avatar\/b71bf7481d447dfb9583c7f2798e7cc64de6efb9067b74633ed8c31059a3bd82?s=96&d=mm&r=g","caption":"Sebastian"},"url":"https:\/\/informelitoral.com.ar\/author\/sebastian\/"}]}},"_links":{"self":[{"href":"https:\/\/informelitoral.com.ar\/%77%70%2d%6a%73%6f%6e\/wp\/v2\/posts\/241820","targetHints":{"allow":["GET"]}}],"collection":[{"href":"https:\/\/informelitoral.com.ar\/%77%70%2d%6a%73%6f%6e\/wp\/v2\/posts"}],"about":[{"href":"https:\/\/informelitoral.com.ar\/%77%70%2d%6a%73%6f%6e\/wp\/v2\/types\/post"}],"author":[{"embeddable":true,"href":"https:\/\/informelitoral.com.ar\/%77%70%2d%6a%73%6f%6e\/wp\/v2\/users\/8"}],"replies":[{"embeddable":true,"href":"https:\/\/informelitoral.com.ar\/%77%70%2d%6a%73%6f%6e\/wp\/v2\/comments?post=241820"}],"version-history":[{"count":1,"href":"https:\/\/informelitoral.com.ar\/%77%70%2d%6a%73%6f%6e\/wp\/v2\/posts\/241820\/revisions"}],"predecessor-version":[{"id":241821,"href":"https:\/\/informelitoral.com.ar\/%77%70%2d%6a%73%6f%6e\/wp\/v2\/posts\/241820\/revisions\/241821"}],"wp:featuredmedia":[{"embeddable":true,"href":"https:\/\/informelitoral.com.ar\/%77%70%2d%6a%73%6f%6e\/wp\/v2\/media\/188013"}],"wp:attachment":[{"href":"https:\/\/informelitoral.com.ar\/%77%70%2d%6a%73%6f%6e\/wp\/v2\/media?parent=241820"}],"wp:term":[{"taxonomy":"category","embeddable":true,"href":"https:\/\/informelitoral.com.ar\/%77%70%2d%6a%73%6f%6e\/wp\/v2\/categories?post=241820"},{"taxonomy":"post_tag","embeddable":true,"href":"https:\/\/informelitoral.com.ar\/%77%70%2d%6a%73%6f%6e\/wp\/v2\/tags?post=241820"}],"curies":[{"name":"wp","href":"https:\/\/api.w.org\/{rel}","templated":true}]}}