{"id":241798,"date":"2025-11-28T07:46:34","date_gmt":"2025-11-28T10:46:34","guid":{"rendered":"https:\/\/informelitoral.com.ar\/?p=241798"},"modified":"2025-11-28T07:46:34","modified_gmt":"2025-11-28T10:46:34","slug":"jose-miguel-laurencena-es-el-nuevo-presidente-de-fedeco","status":"publish","type":"post","link":"https:\/\/informelitoral.com.ar\/jose-miguel-laurencena-es-el-nuevo-presidente-de-fedeco\/","title":{"rendered":"Jos\u00e9 Miguel Laurencena es el nuevo presidente de FEDECO"},"content":{"rendered":"<p>En la asamblea celebrada este jueves en la ciudad de\u00a0<strong>Paran\u00e1<\/strong>, la Federaci\u00f3n Entrerriana de Cooperativas renov\u00f3 su conducci\u00f3n y defini\u00f3 los lineamientos para una nueva etapa institucional.<\/p>\n<p><strong>Jos\u00e9 Miguel Laurencena<\/strong>, representante de La Agr\u00edcola Regional (LAR), fue electo como presidente, mientras que Fabi\u00e1n Leichner, de La Ganadera, ocupar\u00e1 la vicepresidencia.<\/p>\n<p><strong>\u201cNuestra idea es participar en todos los \u00e1mbitos que podamos para generar cambios que beneficien al sector\u201d<\/strong>, expres\u00f3 Laurencena en di\u00e1logo con <em>AIM<\/em> tras resultar electo.<\/p>\n<p>La jornada reuni\u00f3 a referentes de todas las cooperativas que integran FEDECO entre ellos de la cooperativa ganadera, El Pronunciamiento de Basavilbaso los dirigentes <strong>Daniel Peiretti, Noem\u00ed Sittner<\/strong> y <strong>Jorge Pioli,<\/strong> dirigentes hist\u00f3ricos, integrantes de entidades del agro entrerriano y autoridades nacionales del cooperativismo.<\/p>\n<p>Entre ellos estuvieron presentes el presidente de la Confederaci\u00f3n Intercooperativa Agropecuaria Limitada (Coninagro),<strong> Lucas Magnano,<\/strong> y el s\u00edndico de la Asociaci\u00f3n de Cooperativas Argentinas (ACA),<strong>Iv\u00e1n Franco.<\/strong><\/p>\n<p><strong> <a href=\"https:\/\/drive.google.com\/thumbnail?id=14dGfJhGdlOZToWn1CndDJeqbivksR5P3&amp;sz=w2048\"><img loading=\"lazy\" decoding=\"async\" class=\"aligncenter wp-image-241801 size-full\" src=\"https:\/\/drive.google.com\/thumbnail?id=14dGfJhGdlOZToWn1CndDJeqbivksR5P3&amp;sz=w2048\" alt=\"\" width=\"1600\" height=\"1200\" \/><\/a><\/strong><\/p>\n<h2><strong>Un nuevo Consejo y desaf\u00edos por delante<\/strong><\/h2>\n<p>El flamante presidente destac\u00f3 que todas las cooperativas integrantes tienen representaci\u00f3n en el nuevo Consejo Directivo, lo que habilita una gesti\u00f3n \u201crenovada y con muchas expectativas\u201d.<\/p>\n<p>En esa l\u00ednea, Laurencena adelant\u00f3 que el objetivo ser\u00e1 trabajar en soluciones para los problemas del sector, generar propuestas junto a otros actores econ\u00f3micos y sociales, y participar activamente \u201cen todo lo que se pueda, apoyando los cambios necesarios\u201d.<\/p>\n<p>Por su parte, el presidente saliente, <strong>Ronald Garnier,<\/strong> calific\u00f3 la asamblea como \u201cuna reuni\u00f3n amena\u201d, con la presencia de representantes de otras organizaciones, incluida Coninagro. Afirm\u00f3 que el proceso de elecci\u00f3n se desarroll\u00f3 con normalidad y valor\u00f3 el esp\u00edritu de unidad del encuentro.<\/p>\n<h2><strong>Reconocimiento a la historia cooperativista<\/strong><\/h2>\n<p>Durante la asamblea, se rindi\u00f3 un homenaje a dirigentes hist\u00f3ricos, entre ellos<strong> Gonzalo \u00c1lvarez Maldonado,<\/strong> como reconocimiento a quienes contribuyeron al camino del cooperativismo entrerriano.<\/p>\n<p>Garnier subray\u00f3 la importancia de mantener viva la memoria institucional:\u00a0<strong>\u201cEs esencial valorar el trabajo realizado en el pasado para avanzar hacia el futuro\u201d<\/strong>.<\/p>\n<p>En la galar\u00eda de los presidentes de la instituci\u00f3n figura <strong>Rogelio G\u00f3mez<\/strong>, en tiempos donde el protagonismo y empuje de las cooperativas Lucienville de Basavilbaso y CAUR de Ram\u00edrez resultar\u00eda cruciales en los tiempos iniciales de la FEDECO.<\/p>\n<h2><strong>Presencia nacional y respaldo institucional<\/strong><\/h2>\n<p>El presidente de Coninagro, <strong>Lucas Magnano<\/strong>, celebr\u00f3 la renovaci\u00f3n en FEDECO y destac\u00f3 su rol simb\u00f3lico:\u00a0<strong>\u201cPara nosotros es un honor estar acompa\u00f1ando esta asamblea. El primer presidente de Coninagro provino de esta Fedeco, lo que refleja su protagonismo en la historia del cooperativismo argentino\u201d<\/strong>.<\/p>\n<p>Magnano tambi\u00e9n valor\u00f3 el esfuerzo de los pioneros del sector, que construyeron los cimientos del cooperativismo \u201cen tiempos sin comunicaciones modernas, viajando en tren y con enormes desaf\u00edos por delante\u201d.<\/p>\n<p>Asimismo, <strong>Iv\u00e1n Franco<\/strong>, s\u00edndico de ACA, remarc\u00f3 la importancia de la colaboraci\u00f3n entre entidades:\u00a0<strong>\u201cMuchas cooperativas est\u00e1n asociadas a ambas organizaciones. Trabajar juntos nos da un valor distinto y nos posiciona para enfrentar la alta demanda del futuro\u201d<\/strong>.<\/p>\n<p>Con esta renovaci\u00f3n de autoridades, FEDECO comienza una nueva etapa, reafirmando su compromiso con el fortalecimiento del cooperativismo en\u00a0<strong>Entre R\u00edos<\/strong>, la representaci\u00f3n de sus asociados y el trabajo articulado para enfrentar los desaf\u00edos del sector agropecuario. <em>(Fuente: AIM)<\/em><\/p>\n<h6><em><strong>Del archivo:\u00a0<a href=\"https:\/\/informelitoral.com.ar\/colon-promociona-su-oferta-turistica-de-verano-en-la-fiesta-de-las-colectividades-de-rosario\/\" target=\"_blank\" rel=\"noopener\">Col\u00f3n promocion\u00f3 su oferta tur\u00edstica de verano en la Fiesta de las Colectividades en Rosario<\/a><\/strong><\/em><\/h6>\n<h6><em><strong><a href=\"https:\/\/informelitoral.com.ar\/una-campana-ideal-para-evaluar-la-genetica-del-trigo-argentino\/\" target=\"_blank\" rel=\"noopener\">Una campa\u00f1a ideal para evaluar la gen\u00e9tica del trigo argentino<\/a><\/strong><\/em><\/h6>\n","protected":false},"excerpt":{"rendered":"<p>En una asamblea realizada en Paran\u00e1, la Federaci\u00f3n Entrerriana de Cooperativas renov\u00f3 sus autoridades. Laurencena, representante de La Agr\u00edcola Regional, asumi\u00f3 la presidencia junto a Fabi\u00e1n Leichner como vicepresidente. Jorge Pioli fue elegido como s\u00edndico titular. Hubo participaci\u00f3n de referentes nacionales y un homenaje a dirigentes hist\u00f3ricos del cooperativismo.<\/p>\n","protected":false},"author":2,"featured_media":241802,"comment_status":"open","ping_status":"open","sticky":false,"template":"","format":"standard","meta":{"fifu_image_url":"","fifu_image_alt":"","footnotes":""},"categories":[10],"tags":[4142,5047,4515,45],"class_list":{"0":"post-241798","1":"post","2":"type-post","3":"status-publish","4":"format-standard","5":"has-post-thumbnail","7":"category-campo","8":"tag-cooperativas","9":"tag-cooperativas-agricolas","10":"tag-fedeco","11":"tag-parana"},"yoast_head":"<title>Jos\u00e9 Miguel Laurencena es el nuevo presidente de FEDECO - Informe Litoral<\/title>\n<meta name=\"robots\" content=\"index, follow, max-snippet:-1, max-image-preview:large, max-video-preview:-1\" \/>\n<link rel=\"canonical\" href=\"https:\/\/informelitoral.com.ar\/jose-miguel-laurencena-es-el-nuevo-presidente-de-fedeco\/\" \/>\n<meta property=\"og:locale\" content=\"es_ES\" \/>\n<meta property=\"og:type\" content=\"article\" \/>\n<meta property=\"og:title\" content=\"Jos\u00e9 Miguel Laurencena es el nuevo presidente de FEDECO - Informe Litoral\" \/>\n<meta property=\"og:description\" content=\"En una asamblea realizada en Paran\u00e1, la Federaci\u00f3n Entrerriana de Cooperativas renov\u00f3 sus autoridades. Laurencena, representante de La Agr\u00edcola Regional, asumi\u00f3 la presidencia junto a Fabi\u00e1n Leichner como vicepresidente. Jorge Pioli fue elegido como s\u00edndico titular. Hubo participaci\u00f3n de referentes nacionales y un homenaje a dirigentes hist\u00f3ricos del cooperativismo.\" \/>\n<meta property=\"og:url\" content=\"https:\/\/informelitoral.com.ar\/jose-miguel-laurencena-es-el-nuevo-presidente-de-fedeco\/\" \/>\n<meta property=\"og:site_name\" content=\"Informe Litoral\" \/>\n<meta property=\"article:publisher\" content=\"https:\/\/www.facebook.com\/informelitoral\/\" \/>\n<meta property=\"article:published_time\" content=\"2025-11-28T10:46:34+00:00\" \/>\n<meta property=\"og:image\" content=\"https:\/\/drive.google.com\/https:\/\/lh3.googleusercontent.com\/drive-storage\/AJQWtBON25Vzp3zCNIFOL3nuEow-2FOzFJGtNacB5nfvdy-n3j-LVZcAGzCKkTa2x8KY8jfoS_WqldnnnmyESPxKt7vNweeZNPy9YpLpK9Zhdg3XOw=2048-h2048\" \/>\n\t<meta property=\"og:image:width\" content=\"1024\" \/>\n\t<meta property=\"og:image:height\" content=\"1024\" \/>\n\t<meta property=\"og:image:type\" content=\"image\/jpeg\" \/>\n<meta name=\"author\" content=\"Gonzalo Schmidt\" \/>\n<meta name=\"twitter:card\" content=\"summary_large_image\" \/>\n<meta name=\"twitter:creator\" content=\"@InformeLitoral\" \/>\n<meta name=\"twitter:site\" content=\"@InformeLitoral\" \/>\n<meta name=\"twitter:label1\" content=\"Escrito por\" \/>\n\t<meta name=\"twitter:data1\" content=\"Gonzalo Schmidt\" \/>\n\t<meta name=\"twitter:label2\" content=\"Tiempo de lectura\" \/>\n\t<meta name=\"twitter:data2\" content=\"3 minutos\" \/>\n<script type=\"application\/ld+json\" class=\"yoast-schema-graph\">{\"@context\":\"https:\\\/\\\/schema.org\",\"@graph\":[{\"@type\":\"Article\",\"@id\":\"https:\\\/\\\/informelitoral.com.ar\\\/jose-miguel-laurencena-es-el-nuevo-presidente-de-fedeco\\\/#article\",\"isPartOf\":{\"@id\":\"https:\\\/\\\/informelitoral.com.ar\\\/jose-miguel-laurencena-es-el-nuevo-presidente-de-fedeco\\\/\"},\"author\":{\"name\":\"Gonzalo Schmidt\",\"@id\":\"https:\\\/\\\/informelitoral.com.ar\\\/#\\\/schema\\\/person\\\/b9d00407c836482871ef1d57bf8e3180\"},\"headline\":\"Jos\u00e9 Miguel Laurencena es el nuevo presidente de FEDECO\",\"datePublished\":\"2025-11-28T10:46:34+00:00\",\"mainEntityOfPage\":{\"@id\":\"https:\\\/\\\/informelitoral.com.ar\\\/jose-miguel-laurencena-es-el-nuevo-presidente-de-fedeco\\\/\"},\"wordCount\":589,\"commentCount\":0,\"publisher\":{\"@id\":\"https:\\\/\\\/informelitoral.com.ar\\\/#organization\"},\"image\":{\"@id\":\"https:\\\/\\\/informelitoral.com.ar\\\/jose-miguel-laurencena-es-el-nuevo-presidente-de-fedeco\\\/#primaryimage\"},\"thumbnailUrl\":\"https:\\\/\\\/drive.google.com\\\/thumbnail?id=1IH6KP6ehLVOV1FeeI0KFJhFZQ6Qt4fyh&sz=w2048\",\"keywords\":[\"Cooperativas\",\"Cooperativas Agr\u00edcolas\",\"Fedeco\",\"Paran\u00e1\"],\"articleSection\":[\"Campo\"],\"inLanguage\":\"es\",\"potentialAction\":[{\"@type\":\"CommentAction\",\"name\":\"Comment\",\"target\":[\"https:\\\/\\\/informelitoral.com.ar\\\/jose-miguel-laurencena-es-el-nuevo-presidente-de-fedeco\\\/#respond\"]}]},{\"@type\":\"WebPage\",\"@id\":\"https:\\\/\\\/informelitoral.com.ar\\\/jose-miguel-laurencena-es-el-nuevo-presidente-de-fedeco\\\/\",\"url\":\"https:\\\/\\\/informelitoral.com.ar\\\/jose-miguel-laurencena-es-el-nuevo-presidente-de-fedeco\\\/\",\"name\":\"Jos\u00e9 Miguel Laurencena es el nuevo presidente de FEDECO - Informe Litoral\",\"isPartOf\":{\"@id\":\"https:\\\/\\\/informelitoral.com.ar\\\/#website\"},\"primaryImageOfPage\":{\"@id\":\"https:\\\/\\\/informelitoral.com.ar\\\/jose-miguel-laurencena-es-el-nuevo-presidente-de-fedeco\\\/#primaryimage\"},\"image\":{\"@id\":\"https:\\\/\\\/informelitoral.com.ar\\\/jose-miguel-laurencena-es-el-nuevo-presidente-de-fedeco\\\/#primaryimage\"},\"thumbnailUrl\":\"https:\\\/\\\/drive.google.com\\\/thumbnail?id=1IH6KP6ehLVOV1FeeI0KFJhFZQ6Qt4fyh&sz=w2048\",\"datePublished\":\"2025-11-28T10:46:34+00:00\",\"breadcrumb\":{\"@id\":\"https:\\\/\\\/informelitoral.com.ar\\\/jose-miguel-laurencena-es-el-nuevo-presidente-de-fedeco\\\/#breadcrumb\"},\"inLanguage\":\"es\",\"potentialAction\":[{\"@type\":\"ReadAction\",\"target\":[\"https:\\\/\\\/informelitoral.com.ar\\\/jose-miguel-laurencena-es-el-nuevo-presidente-de-fedeco\\\/\"]}]},{\"@type\":\"ImageObject\",\"inLanguage\":\"es\",\"@id\":\"https:\\\/\\\/informelitoral.com.ar\\\/jose-miguel-laurencena-es-el-nuevo-presidente-de-fedeco\\\/#primaryimage\",\"url\":\"https:\\\/\\\/drive.google.com\\\/thumbnail?id=1IH6KP6ehLVOV1FeeI0KFJhFZQ6Qt4fyh&sz=w2048\",\"contentUrl\":\"https:\\\/\\\/drive.google.com\\\/thumbnail?id=1IH6KP6ehLVOV1FeeI0KFJhFZQ6Qt4fyh&sz=w2048\",\"width\":1600,\"height\":1200},{\"@type\":\"BreadcrumbList\",\"@id\":\"https:\\\/\\\/informelitoral.com.ar\\\/jose-miguel-laurencena-es-el-nuevo-presidente-de-fedeco\\\/#breadcrumb\",\"itemListElement\":[{\"@type\":\"ListItem\",\"position\":1,\"name\":\"Portada\",\"item\":\"https:\\\/\\\/informelitoral.com.ar\\\/\"},{\"@type\":\"ListItem\",\"position\":2,\"name\":\"Jos\u00e9 Miguel Laurencena es el nuevo presidente de FEDECO\"}]},{\"@type\":\"WebSite\",\"@id\":\"https:\\\/\\\/informelitoral.com.ar\\\/#website\",\"url\":\"https:\\\/\\\/informelitoral.com.ar\\\/\",\"name\":\"Informe Litoral\",\"description\":\"&quot;Nos informamos&quot; \",\"publisher\":{\"@id\":\"https:\\\/\\\/informelitoral.com.ar\\\/#organization\"},\"potentialAction\":[{\"@type\":\"SearchAction\",\"target\":{\"@type\":\"EntryPoint\",\"urlTemplate\":\"https:\\\/\\\/informelitoral.com.ar\\\/?s={search_term_string}\"},\"query-input\":{\"@type\":\"PropertyValueSpecification\",\"valueRequired\":true,\"valueName\":\"search_term_string\"}}],\"inLanguage\":\"es\"},{\"@type\":\"Organization\",\"@id\":\"https:\\\/\\\/informelitoral.com.ar\\\/#organization\",\"name\":\"Informe Litoral\",\"url\":\"https:\\\/\\\/informelitoral.com.ar\\\/\",\"logo\":{\"@type\":\"ImageObject\",\"inLanguage\":\"es\",\"@id\":\"https:\\\/\\\/informelitoral.com.ar\\\/#\\\/schema\\\/logo\\\/image\\\/\",\"url\":\"https:\\\/\\\/informelitoral.com.ar\\\/%77%70%2d%63%6f%6e%74%65%6e%74\\\/uploads\\\/2021\\\/01\\\/circulo.png\",\"contentUrl\":\"https:\\\/\\\/informelitoral.com.ar\\\/%77%70%2d%63%6f%6e%74%65%6e%74\\\/uploads\\\/2021\\\/01\\\/circulo.png\",\"width\":723,\"height\":731,\"caption\":\"Informe Litoral\"},\"image\":{\"@id\":\"https:\\\/\\\/informelitoral.com.ar\\\/#\\\/schema\\\/logo\\\/image\\\/\"},\"sameAs\":[\"https:\\\/\\\/www.facebook.com\\\/informelitoral\\\/\",\"https:\\\/\\\/x.com\\\/InformeLitoral\",\"https:\\\/\\\/www.instagram.com\\\/informelitoral\\\/\",\"https:\\\/\\\/www.youtube.com\\\/channel\\\/UCua4Qvz8Icb6MYqhoq9xLXw\"]},{\"@type\":\"Person\",\"@id\":\"https:\\\/\\\/informelitoral.com.ar\\\/#\\\/schema\\\/person\\\/b9d00407c836482871ef1d57bf8e3180\",\"name\":\"Gonzalo Schmidt\",\"image\":{\"@type\":\"ImageObject\",\"inLanguage\":\"es\",\"@id\":\"https:\\\/\\\/secure.gravatar.com\\\/avatar\\\/31a1a7b66ff2de83bd0e9fd79d026630d2d99e55e8bfe501287647b4fd9743de?s=96&d=mm&r=g\",\"url\":\"https:\\\/\\\/secure.gravatar.com\\\/avatar\\\/31a1a7b66ff2de83bd0e9fd79d026630d2d99e55e8bfe501287647b4fd9743de?s=96&d=mm&r=g\",\"contentUrl\":\"https:\\\/\\\/secure.gravatar.com\\\/avatar\\\/31a1a7b66ff2de83bd0e9fd79d026630d2d99e55e8bfe501287647b4fd9743de?s=96&d=mm&r=g\",\"caption\":\"Gonzalo Schmidt\"},\"description\":\"Sitio web de noticias de la provincia de Entre R\u00edos, Argentina. Informaci\u00f3n y entretenimiento. Informe Litoral, nos informamos.\",\"sameAs\":[\"http:\\\/\\\/www.isletasnoticias.com.ar\"],\"url\":\"https:\\\/\\\/informelitoral.com.ar\\\/author\\\/gonzalo\\\/\"}]}<\/script>","yoast_head_json":{"title":"Jos\u00e9 Miguel Laurencena es el nuevo presidente de FEDECO - Informe Litoral","robots":{"index":"index","follow":"follow","max-snippet":"max-snippet:-1","max-image-preview":"max-image-preview:large","max-video-preview":"max-video-preview:-1"},"canonical":"https:\/\/informelitoral.com.ar\/jose-miguel-laurencena-es-el-nuevo-presidente-de-fedeco\/","og_locale":"es_ES","og_type":"article","og_title":"Jos\u00e9 Miguel Laurencena es el nuevo presidente de FEDECO - Informe Litoral","og_description":"En una asamblea realizada en Paran\u00e1, la Federaci\u00f3n Entrerriana de Cooperativas renov\u00f3 sus autoridades. Laurencena, representante de La Agr\u00edcola Regional, asumi\u00f3 la presidencia junto a Fabi\u00e1n Leichner como vicepresidente. Jorge Pioli fue elegido como s\u00edndico titular. Hubo participaci\u00f3n de referentes nacionales y un homenaje a dirigentes hist\u00f3ricos del cooperativismo.","og_url":"https:\/\/informelitoral.com.ar\/jose-miguel-laurencena-es-el-nuevo-presidente-de-fedeco\/","og_site_name":"Informe Litoral","article_publisher":"https:\/\/www.facebook.com\/informelitoral\/","article_published_time":"2025-11-28T10:46:34+00:00","og_image":[{"width":1024,"height":1024,"url":"https:\/\/drive.google.com\/https:\/\/lh3.googleusercontent.com\/drive-storage\/AJQWtBON25Vzp3zCNIFOL3nuEow-2FOzFJGtNacB5nfvdy-n3j-LVZcAGzCKkTa2x8KY8jfoS_WqldnnnmyESPxKt7vNweeZNPy9YpLpK9Zhdg3XOw=2048-h2048","type":"image\/jpeg"}],"author":"Gonzalo Schmidt","twitter_card":"summary_large_image","twitter_creator":"@InformeLitoral","twitter_site":"@InformeLitoral","twitter_misc":{"Escrito por":"Gonzalo Schmidt","Tiempo de lectura":"3 minutos"},"schema":{"@context":"https:\/\/schema.org","@graph":[{"@type":"Article","@id":"https:\/\/informelitoral.com.ar\/jose-miguel-laurencena-es-el-nuevo-presidente-de-fedeco\/#article","isPartOf":{"@id":"https:\/\/informelitoral.com.ar\/jose-miguel-laurencena-es-el-nuevo-presidente-de-fedeco\/"},"author":{"name":"Gonzalo Schmidt","@id":"https:\/\/informelitoral.com.ar\/#\/schema\/person\/b9d00407c836482871ef1d57bf8e3180"},"headline":"Jos\u00e9 Miguel Laurencena es el nuevo presidente de FEDECO","datePublished":"2025-11-28T10:46:34+00:00","mainEntityOfPage":{"@id":"https:\/\/informelitoral.com.ar\/jose-miguel-laurencena-es-el-nuevo-presidente-de-fedeco\/"},"wordCount":589,"commentCount":0,"publisher":{"@id":"https:\/\/informelitoral.com.ar\/#organization"},"image":{"@id":"https:\/\/informelitoral.com.ar\/jose-miguel-laurencena-es-el-nuevo-presidente-de-fedeco\/#primaryimage"},"thumbnailUrl":"https:\/\/drive.google.com\/thumbnail?id=1IH6KP6ehLVOV1FeeI0KFJhFZQ6Qt4fyh&sz=w2048","keywords":["Cooperativas","Cooperativas Agr\u00edcolas","Fedeco","Paran\u00e1"],"articleSection":["Campo"],"inLanguage":"es","potentialAction":[{"@type":"CommentAction","name":"Comment","target":["https:\/\/informelitoral.com.ar\/jose-miguel-laurencena-es-el-nuevo-presidente-de-fedeco\/#respond"]}]},{"@type":"WebPage","@id":"https:\/\/informelitoral.com.ar\/jose-miguel-laurencena-es-el-nuevo-presidente-de-fedeco\/","url":"https:\/\/informelitoral.com.ar\/jose-miguel-laurencena-es-el-nuevo-presidente-de-fedeco\/","name":"Jos\u00e9 Miguel Laurencena es el nuevo presidente de FEDECO - Informe Litoral","isPartOf":{"@id":"https:\/\/informelitoral.com.ar\/#website"},"primaryImageOfPage":{"@id":"https:\/\/informelitoral.com.ar\/jose-miguel-laurencena-es-el-nuevo-presidente-de-fedeco\/#primaryimage"},"image":{"@id":"https:\/\/informelitoral.com.ar\/jose-miguel-laurencena-es-el-nuevo-presidente-de-fedeco\/#primaryimage"},"thumbnailUrl":"https:\/\/drive.google.com\/thumbnail?id=1IH6KP6ehLVOV1FeeI0KFJhFZQ6Qt4fyh&sz=w2048","datePublished":"2025-11-28T10:46:34+00:00","breadcrumb":{"@id":"https:\/\/informelitoral.com.ar\/jose-miguel-laurencena-es-el-nuevo-presidente-de-fedeco\/#breadcrumb"},"inLanguage":"es","potentialAction":[{"@type":"ReadAction","target":["https:\/\/informelitoral.com.ar\/jose-miguel-laurencena-es-el-nuevo-presidente-de-fedeco\/"]}]},{"@type":"ImageObject","inLanguage":"es","@id":"https:\/\/informelitoral.com.ar\/jose-miguel-laurencena-es-el-nuevo-presidente-de-fedeco\/#primaryimage","url":"https:\/\/drive.google.com\/thumbnail?id=1IH6KP6ehLVOV1FeeI0KFJhFZQ6Qt4fyh&sz=w2048","contentUrl":"https:\/\/drive.google.com\/thumbnail?id=1IH6KP6ehLVOV1FeeI0KFJhFZQ6Qt4fyh&sz=w2048","width":1600,"height":1200},{"@type":"BreadcrumbList","@id":"https:\/\/informelitoral.com.ar\/jose-miguel-laurencena-es-el-nuevo-presidente-de-fedeco\/#breadcrumb","itemListElement":[{"@type":"ListItem","position":1,"name":"Portada","item":"https:\/\/informelitoral.com.ar\/"},{"@type":"ListItem","position":2,"name":"Jos\u00e9 Miguel Laurencena es el nuevo presidente de FEDECO"}]},{"@type":"WebSite","@id":"https:\/\/informelitoral.com.ar\/#website","url":"https:\/\/informelitoral.com.ar\/","name":"Informe Litoral","description":"&quot;Nos informamos&quot; ","publisher":{"@id":"https:\/\/informelitoral.com.ar\/#organization"},"potentialAction":[{"@type":"SearchAction","target":{"@type":"EntryPoint","urlTemplate":"https:\/\/informelitoral.com.ar\/?s={search_term_string}"},"query-input":{"@type":"PropertyValueSpecification","valueRequired":true,"valueName":"search_term_string"}}],"inLanguage":"es"},{"@type":"Organization","@id":"https:\/\/informelitoral.com.ar\/#organization","name":"Informe Litoral","url":"https:\/\/informelitoral.com.ar\/","logo":{"@type":"ImageObject","inLanguage":"es","@id":"https:\/\/informelitoral.com.ar\/#\/schema\/logo\/image\/","url":"https:\/\/informelitoral.com.ar\/%77%70%2d%63%6f%6e%74%65%6e%74\/uploads\/2021\/01\/circulo.png","contentUrl":"https:\/\/informelitoral.com.ar\/%77%70%2d%63%6f%6e%74%65%6e%74\/uploads\/2021\/01\/circulo.png","width":723,"height":731,"caption":"Informe Litoral"},"image":{"@id":"https:\/\/informelitoral.com.ar\/#\/schema\/logo\/image\/"},"sameAs":["https:\/\/www.facebook.com\/informelitoral\/","https:\/\/x.com\/InformeLitoral","https:\/\/www.instagram.com\/informelitoral\/","https:\/\/www.youtube.com\/channel\/UCua4Qvz8Icb6MYqhoq9xLXw"]},{"@type":"Person","@id":"https:\/\/informelitoral.com.ar\/#\/schema\/person\/b9d00407c836482871ef1d57bf8e3180","name":"Gonzalo Schmidt","image":{"@type":"ImageObject","inLanguage":"es","@id":"https:\/\/secure.gravatar.com\/avatar\/31a1a7b66ff2de83bd0e9fd79d026630d2d99e55e8bfe501287647b4fd9743de?s=96&d=mm&r=g","url":"https:\/\/secure.gravatar.com\/avatar\/31a1a7b66ff2de83bd0e9fd79d026630d2d99e55e8bfe501287647b4fd9743de?s=96&d=mm&r=g","contentUrl":"https:\/\/secure.gravatar.com\/avatar\/31a1a7b66ff2de83bd0e9fd79d026630d2d99e55e8bfe501287647b4fd9743de?s=96&d=mm&r=g","caption":"Gonzalo Schmidt"},"description":"Sitio web de noticias de la provincia de Entre R\u00edos, Argentina. Informaci\u00f3n y entretenimiento. Informe Litoral, nos informamos.","sameAs":["http:\/\/www.isletasnoticias.com.ar"],"url":"https:\/\/informelitoral.com.ar\/author\/gonzalo\/"}]}},"_links":{"self":[{"href":"https:\/\/informelitoral.com.ar\/%77%70%2d%6a%73%6f%6e\/wp\/v2\/posts\/241798","targetHints":{"allow":["GET"]}}],"collection":[{"href":"https:\/\/informelitoral.com.ar\/%77%70%2d%6a%73%6f%6e\/wp\/v2\/posts"}],"about":[{"href":"https:\/\/informelitoral.com.ar\/%77%70%2d%6a%73%6f%6e\/wp\/v2\/types\/post"}],"author":[{"embeddable":true,"href":"https:\/\/informelitoral.com.ar\/%77%70%2d%6a%73%6f%6e\/wp\/v2\/users\/2"}],"replies":[{"embeddable":true,"href":"https:\/\/informelitoral.com.ar\/%77%70%2d%6a%73%6f%6e\/wp\/v2\/comments?post=241798"}],"version-history":[{"count":2,"href":"https:\/\/informelitoral.com.ar\/%77%70%2d%6a%73%6f%6e\/wp\/v2\/posts\/241798\/revisions"}],"predecessor-version":[{"id":241803,"href":"https:\/\/informelitoral.com.ar\/%77%70%2d%6a%73%6f%6e\/wp\/v2\/posts\/241798\/revisions\/241803"}],"wp:featuredmedia":[{"embeddable":true,"href":"https:\/\/informelitoral.com.ar\/%77%70%2d%6a%73%6f%6e\/wp\/v2\/media\/241802"}],"wp:attachment":[{"href":"https:\/\/informelitoral.com.ar\/%77%70%2d%6a%73%6f%6e\/wp\/v2\/media?parent=241798"}],"wp:term":[{"taxonomy":"category","embeddable":true,"href":"https:\/\/informelitoral.com.ar\/%77%70%2d%6a%73%6f%6e\/wp\/v2\/categories?post=241798"},{"taxonomy":"post_tag","embeddable":true,"href":"https:\/\/informelitoral.com.ar\/%77%70%2d%6a%73%6f%6e\/wp\/v2\/tags?post=241798"}],"curies":[{"name":"wp","href":"https:\/\/api.w.org\/{rel}","templated":true}]}}