{"id":241751,"date":"2025-11-27T11:16:05","date_gmt":"2025-11-27T14:16:05","guid":{"rendered":"https:\/\/informelitoral.com.ar\/?p=241751"},"modified":"2025-11-28T07:09:51","modified_gmt":"2025-11-28T10:09:51","slug":"parana-inicio-la-recuperacion-del-reloj-historico-del-palacio-municipal","status":"publish","type":"post","link":"https:\/\/informelitoral.com.ar\/parana-inicio-la-recuperacion-del-reloj-historico-del-palacio-municipal\/","title":{"rendered":"Paran\u00e1: ponen en marcha la restauraci\u00f3n del reloj del Palacio Municipal"},"content":{"rendered":"<div id=\"model-response-message-contentr_d72d59dd27df2ce0\" class=\"markdown markdown-main-panel enable-updated-hr-color\" dir=\"ltr\" aria-live=\"polite\" aria-busy=\"false\">\n<p data-path-to-node=\"2\">La Municipalidad de Paran\u00e1 avanza con su plan de recuperaci\u00f3n del patrimonio hist\u00f3rico de la ciudad. Este mi\u00e9rcoles se llev\u00f3 a cabo la <b>apertura de sobres<\/b> de la licitaci\u00f3n para la obra de <b>restauraci\u00f3n del reloj del Palacio Municipal<\/b>, un elemento emblem\u00e1tico de la capital entrerriana ubicado en la intersecci\u00f3n de Urquiza y Corrientes. El proyecto tiene como objetivo principal su <b>preservaci\u00f3n y funcionalidad<\/b> tras a\u00f1os de deterioro.<\/p>\n<p data-path-to-node=\"5\">El reloj, que es parte integral del paisaje urbano y s\u00edmbolo de la historia de Paran\u00e1, presenta un avanzado estado de deterioro. Seg\u00fan se detall\u00f3, los vidrios est\u00e1n rotos, varios n\u00fameros se han borrado, y tanto las pesas, el campanil y sus martillos acusan un <b>grado significativo de corrosi\u00f3n<\/b>. Adem\u00e1s, la maquinaria interna sufre una notable falta de mantenimiento, afectando tanto su valor est\u00e9tico como su capacidad para funcionar correctamente.<\/p>\n<p data-path-to-node=\"5\"><img decoding=\"async\" src=\"https:\/\/www.parana.gob.ar\/writable\/uploads\/1764176760_dc7d1688d93e67087149.jpg\" \/><\/p>\n<p data-path-to-node=\"6\">El secretario de Planificaci\u00f3n e Infraestructura, <b>Eduardo Lor\u00e9fice<\/b>, destac\u00f3 la importancia de la intervenci\u00f3n. \u00abLlevamos adelante distintas obras vinculadas a la restauraci\u00f3n del Palacio Municipal y ahora se encarar\u00e1 la reparaci\u00f3n del reloj en la c\u00fapula del hist\u00f3rico edificio, que es una maquinaria muy antigua. Se encuentra muy deteriorado y con falta de mantenimiento, por eso se encarar\u00e1 la <b>recuperaci\u00f3n integral<\/b>, tanto en la parte est\u00e9tica como en su maquinaria interna\u00bb, explic\u00f3 el funcionario.<\/p>\n<h6 data-path-to-node=\"6\"><em><strong>Del archivo:\u00a0<a href=\"https:\/\/informelitoral.com.ar\/habilitaron-el-ingreso-al-parque-industrial-de-parana-por-miguel-david\/\" target=\"_blank\" rel=\"noopener\">Habilitaron el ingreso al Parque Industrial de Paran\u00e1 por Miguel David<\/a>\u00a0<\/strong><\/em><\/h6>\n<p data-path-to-node=\"9\">La restauraci\u00f3n se realizar\u00e1 utilizando materiales duraderos y compatibles con la arquitectura original del edificio, aplicando t\u00e9cnicas que permitan futuras intervenciones sin comprometer la integridad del conjunto.<\/p>\n<p data-path-to-node=\"9\"><img decoding=\"async\" src=\"https:\/\/www.parana.gob.ar\/writable\/uploads\/1764176783_26a1bd20759638f58cba.jpg\" \/><\/p>\n<p data-path-to-node=\"10\">El proyecto contempla la <b>limpieza y tratamiento a la cal<\/b> de los paramentos interiores y exteriores de la torre, el <b>retiro y puesta a punto de la maquinaria central<\/b>, incluyendo el tratamiento de minuter\u00edas, sistema de transmisi\u00f3n y agujas. Tambi\u00e9n se realizar\u00e1 el <b>reemplazo completo de la estructura met\u00e1lica de las esferas del reloj<\/b>, la adecuaci\u00f3n del campanil y sus componentes, el <b>reemplazo de vidrios por policarbonato de 8 mm<\/b> y una <b>nueva instalaci\u00f3n el\u00e9ctrica<\/b> para mejorar la seguridad y eficiencia.<\/p>\n<p data-path-to-node=\"11\">El plazo estimado para la finalizaci\u00f3n de esta obra de recuperaci\u00f3n integral es de <b>cuatro meses<\/b>.<em>(Informe Litoral)<\/em><\/p>\n<h6 data-path-to-node=\"11\"><em><strong>Te puede interesar:\u00a0<a href=\"https:\/\/informelitoral.com.ar\/pix-el-gran-aliado-de-los-turistas-argentinos-asi-se-paga-en-brasil-sin-enfrentar-el-dolar-turista\/\" target=\"_blank\" rel=\"noopener\">PIX, el gran aliado de los turistas argentinos: as\u00ed se paga en Brasil sin enfrentar el \u00abd\u00f3lar turista\u00bb<\/a><\/strong><\/em><\/h6>\n<\/div>\n","protected":false},"excerpt":{"rendered":"<p>Realizaron la apertura de sobres para la obra de restauraci\u00f3n integral del emblem\u00e1tico reloj ubicado en la c\u00fapula del edificio de Urquiza y Corrientes.<\/p>\n","protected":false},"author":8,"featured_media":241752,"comment_status":"open","ping_status":"open","sticky":false,"template":"","format":"standard","meta":{"fifu_image_url":"https:\/\/www.parana.gob.ar\/writable\/uploads\/1764176754_05dd8624aea7a5dcfc43.jpg","fifu_image_alt":"","footnotes":""},"categories":[1597],"tags":[111,1399,45,6239,899],"class_list":{"0":"post-241751","1":"post","2":"type-post","3":"status-publish","4":"format-standard","5":"has-post-thumbnail","7":"category-parana","8":"tag-municipales","9":"tag-municipalidad-de-parana","10":"tag-parana","11":"tag-reloj","12":"tag-restauracion"},"yoast_head":"<title>Paran\u00e1: ponen en marcha la restauraci\u00f3n del reloj del Palacio Municipal - Informe Litoral<\/title>\n<meta name=\"robots\" content=\"index, follow, max-snippet:-1, max-image-preview:large, max-video-preview:-1\" \/>\n<link rel=\"canonical\" href=\"https:\/\/informelitoral.com.ar\/parana-inicio-la-recuperacion-del-reloj-historico-del-palacio-municipal\/\" \/>\n<meta property=\"og:locale\" content=\"es_ES\" \/>\n<meta property=\"og:type\" content=\"article\" \/>\n<meta property=\"og:title\" content=\"Paran\u00e1: ponen en marcha la restauraci\u00f3n del reloj del Palacio Municipal - Informe Litoral\" \/>\n<meta property=\"og:description\" content=\"Realizaron la apertura de sobres para la obra de restauraci\u00f3n integral del emblem\u00e1tico reloj ubicado en la c\u00fapula del edificio de Urquiza y Corrientes.\" \/>\n<meta property=\"og:url\" content=\"https:\/\/informelitoral.com.ar\/parana-inicio-la-recuperacion-del-reloj-historico-del-palacio-municipal\/\" \/>\n<meta property=\"og:site_name\" content=\"Informe Litoral\" \/>\n<meta property=\"article:publisher\" content=\"https:\/\/www.facebook.com\/informelitoral\/\" \/>\n<meta property=\"article:published_time\" content=\"2025-11-27T14:16:05+00:00\" \/>\n<meta property=\"article:modified_time\" content=\"2025-11-28T10:09:51+00:00\" \/>\n<meta property=\"og:image\" content=\"https:\/\/www.parana.gob.ar\/writable\/uploads\/1764176754_05dd8624aea7a5dcfc43.jpg\" \/>\n<meta name=\"author\" content=\"Sebastian\" \/>\n<meta name=\"twitter:card\" content=\"summary_large_image\" \/>\n<meta name=\"twitter:image\" content=\"https:\/\/www.parana.gob.ar\/writable\/uploads\/1764176754_05dd8624aea7a5dcfc43.jpg\" \/>\n<meta name=\"twitter:creator\" content=\"@InformeLitoral\" \/>\n<meta name=\"twitter:site\" content=\"@InformeLitoral\" \/>\n<meta name=\"twitter:label1\" content=\"Escrito por\" \/>\n\t<meta name=\"twitter:data1\" content=\"Sebastian\" \/>\n\t<meta name=\"twitter:label2\" content=\"Tiempo de lectura\" \/>\n\t<meta name=\"twitter:data2\" content=\"3 minutos\" \/>\n<script type=\"application\/ld+json\" class=\"yoast-schema-graph\">{\"@context\":\"https:\\\/\\\/schema.org\",\"@graph\":[{\"@type\":\"Article\",\"@id\":\"https:\\\/\\\/informelitoral.com.ar\\\/parana-inicio-la-recuperacion-del-reloj-historico-del-palacio-municipal\\\/#article\",\"isPartOf\":{\"@id\":\"https:\\\/\\\/informelitoral.com.ar\\\/parana-inicio-la-recuperacion-del-reloj-historico-del-palacio-municipal\\\/\"},\"author\":{\"name\":\"Sebastian\",\"@id\":\"https:\\\/\\\/informelitoral.com.ar\\\/#\\\/schema\\\/person\\\/f05f9f461677119578717524b127d6d5\"},\"headline\":\"Paran\u00e1: ponen en marcha la restauraci\u00f3n del reloj del Palacio Municipal\",\"datePublished\":\"2025-11-27T14:16:05+00:00\",\"dateModified\":\"2025-11-28T10:09:51+00:00\",\"mainEntityOfPage\":{\"@id\":\"https:\\\/\\\/informelitoral.com.ar\\\/parana-inicio-la-recuperacion-del-reloj-historico-del-palacio-municipal\\\/\"},\"wordCount\":420,\"commentCount\":0,\"publisher\":{\"@id\":\"https:\\\/\\\/informelitoral.com.ar\\\/#organization\"},\"image\":{\"@id\":\"https:\\\/\\\/informelitoral.com.ar\\\/parana-inicio-la-recuperacion-del-reloj-historico-del-palacio-municipal\\\/#primaryimage\"},\"thumbnailUrl\":\"https:\\\/\\\/www.parana.gob.ar\\\/writable\\\/uploads\\\/1764176754_05dd8624aea7a5dcfc43.jpg\",\"keywords\":[\"Municipales\",\"Municipalidad de Paran\u00e1\",\"Paran\u00e1\",\"Reloj\",\"Restauraci\u00f3n\"],\"articleSection\":[\"Paran\u00e1\"],\"inLanguage\":\"es\",\"potentialAction\":[{\"@type\":\"CommentAction\",\"name\":\"Comment\",\"target\":[\"https:\\\/\\\/informelitoral.com.ar\\\/parana-inicio-la-recuperacion-del-reloj-historico-del-palacio-municipal\\\/#respond\"]}]},{\"@type\":\"WebPage\",\"@id\":\"https:\\\/\\\/informelitoral.com.ar\\\/parana-inicio-la-recuperacion-del-reloj-historico-del-palacio-municipal\\\/\",\"url\":\"https:\\\/\\\/informelitoral.com.ar\\\/parana-inicio-la-recuperacion-del-reloj-historico-del-palacio-municipal\\\/\",\"name\":\"Paran\u00e1: ponen en marcha la restauraci\u00f3n del reloj del Palacio Municipal - Informe Litoral\",\"isPartOf\":{\"@id\":\"https:\\\/\\\/informelitoral.com.ar\\\/#website\"},\"primaryImageOfPage\":{\"@id\":\"https:\\\/\\\/informelitoral.com.ar\\\/parana-inicio-la-recuperacion-del-reloj-historico-del-palacio-municipal\\\/#primaryimage\"},\"image\":{\"@id\":\"https:\\\/\\\/informelitoral.com.ar\\\/parana-inicio-la-recuperacion-del-reloj-historico-del-palacio-municipal\\\/#primaryimage\"},\"thumbnailUrl\":\"https:\\\/\\\/www.parana.gob.ar\\\/writable\\\/uploads\\\/1764176754_05dd8624aea7a5dcfc43.jpg\",\"datePublished\":\"2025-11-27T14:16:05+00:00\",\"dateModified\":\"2025-11-28T10:09:51+00:00\",\"breadcrumb\":{\"@id\":\"https:\\\/\\\/informelitoral.com.ar\\\/parana-inicio-la-recuperacion-del-reloj-historico-del-palacio-municipal\\\/#breadcrumb\"},\"inLanguage\":\"es\",\"potentialAction\":[{\"@type\":\"ReadAction\",\"target\":[\"https:\\\/\\\/informelitoral.com.ar\\\/parana-inicio-la-recuperacion-del-reloj-historico-del-palacio-municipal\\\/\"]}]},{\"@type\":\"ImageObject\",\"inLanguage\":\"es\",\"@id\":\"https:\\\/\\\/informelitoral.com.ar\\\/parana-inicio-la-recuperacion-del-reloj-historico-del-palacio-municipal\\\/#primaryimage\",\"url\":\"https:\\\/\\\/www.parana.gob.ar\\\/writable\\\/uploads\\\/1764176754_05dd8624aea7a5dcfc43.jpg\",\"contentUrl\":\"https:\\\/\\\/www.parana.gob.ar\\\/writable\\\/uploads\\\/1764176754_05dd8624aea7a5dcfc43.jpg\",\"width\":\"1920\",\"height\":\"1280\"},{\"@type\":\"BreadcrumbList\",\"@id\":\"https:\\\/\\\/informelitoral.com.ar\\\/parana-inicio-la-recuperacion-del-reloj-historico-del-palacio-municipal\\\/#breadcrumb\",\"itemListElement\":[{\"@type\":\"ListItem\",\"position\":1,\"name\":\"Portada\",\"item\":\"https:\\\/\\\/informelitoral.com.ar\\\/\"},{\"@type\":\"ListItem\",\"position\":2,\"name\":\"Paran\u00e1: ponen en marcha la restauraci\u00f3n del reloj del Palacio Municipal\"}]},{\"@type\":\"WebSite\",\"@id\":\"https:\\\/\\\/informelitoral.com.ar\\\/#website\",\"url\":\"https:\\\/\\\/informelitoral.com.ar\\\/\",\"name\":\"Informe Litoral\",\"description\":\"&quot;Nos informamos&quot; \",\"publisher\":{\"@id\":\"https:\\\/\\\/informelitoral.com.ar\\\/#organization\"},\"potentialAction\":[{\"@type\":\"SearchAction\",\"target\":{\"@type\":\"EntryPoint\",\"urlTemplate\":\"https:\\\/\\\/informelitoral.com.ar\\\/?s={search_term_string}\"},\"query-input\":{\"@type\":\"PropertyValueSpecification\",\"valueRequired\":true,\"valueName\":\"search_term_string\"}}],\"inLanguage\":\"es\"},{\"@type\":\"Organization\",\"@id\":\"https:\\\/\\\/informelitoral.com.ar\\\/#organization\",\"name\":\"Informe Litoral\",\"url\":\"https:\\\/\\\/informelitoral.com.ar\\\/\",\"logo\":{\"@type\":\"ImageObject\",\"inLanguage\":\"es\",\"@id\":\"https:\\\/\\\/informelitoral.com.ar\\\/#\\\/schema\\\/logo\\\/image\\\/\",\"url\":\"https:\\\/\\\/informelitoral.com.ar\\\/%77%70%2d%63%6f%6e%74%65%6e%74\\\/uploads\\\/2021\\\/01\\\/circulo.png\",\"contentUrl\":\"https:\\\/\\\/informelitoral.com.ar\\\/%77%70%2d%63%6f%6e%74%65%6e%74\\\/uploads\\\/2021\\\/01\\\/circulo.png\",\"width\":723,\"height\":731,\"caption\":\"Informe Litoral\"},\"image\":{\"@id\":\"https:\\\/\\\/informelitoral.com.ar\\\/#\\\/schema\\\/logo\\\/image\\\/\"},\"sameAs\":[\"https:\\\/\\\/www.facebook.com\\\/informelitoral\\\/\",\"https:\\\/\\\/x.com\\\/InformeLitoral\",\"https:\\\/\\\/www.instagram.com\\\/informelitoral\\\/\",\"https:\\\/\\\/www.youtube.com\\\/channel\\\/UCua4Qvz8Icb6MYqhoq9xLXw\"]},{\"@type\":\"Person\",\"@id\":\"https:\\\/\\\/informelitoral.com.ar\\\/#\\\/schema\\\/person\\\/f05f9f461677119578717524b127d6d5\",\"name\":\"Sebastian\",\"image\":{\"@type\":\"ImageObject\",\"inLanguage\":\"es\",\"@id\":\"https:\\\/\\\/secure.gravatar.com\\\/avatar\\\/b71bf7481d447dfb9583c7f2798e7cc64de6efb9067b74633ed8c31059a3bd82?s=96&d=mm&r=g\",\"url\":\"https:\\\/\\\/secure.gravatar.com\\\/avatar\\\/b71bf7481d447dfb9583c7f2798e7cc64de6efb9067b74633ed8c31059a3bd82?s=96&d=mm&r=g\",\"contentUrl\":\"https:\\\/\\\/secure.gravatar.com\\\/avatar\\\/b71bf7481d447dfb9583c7f2798e7cc64de6efb9067b74633ed8c31059a3bd82?s=96&d=mm&r=g\",\"caption\":\"Sebastian\"},\"url\":\"https:\\\/\\\/informelitoral.com.ar\\\/author\\\/sebastian\\\/\"}]}<\/script>","yoast_head_json":{"title":"Paran\u00e1: ponen en marcha la restauraci\u00f3n del reloj del Palacio Municipal - Informe Litoral","robots":{"index":"index","follow":"follow","max-snippet":"max-snippet:-1","max-image-preview":"max-image-preview:large","max-video-preview":"max-video-preview:-1"},"canonical":"https:\/\/informelitoral.com.ar\/parana-inicio-la-recuperacion-del-reloj-historico-del-palacio-municipal\/","og_locale":"es_ES","og_type":"article","og_title":"Paran\u00e1: ponen en marcha la restauraci\u00f3n del reloj del Palacio Municipal - Informe Litoral","og_description":"Realizaron la apertura de sobres para la obra de restauraci\u00f3n integral del emblem\u00e1tico reloj ubicado en la c\u00fapula del edificio de Urquiza y Corrientes.","og_url":"https:\/\/informelitoral.com.ar\/parana-inicio-la-recuperacion-del-reloj-historico-del-palacio-municipal\/","og_site_name":"Informe Litoral","article_publisher":"https:\/\/www.facebook.com\/informelitoral\/","article_published_time":"2025-11-27T14:16:05+00:00","article_modified_time":"2025-11-28T10:09:51+00:00","og_image":[{"url":"https:\/\/www.parana.gob.ar\/writable\/uploads\/1764176754_05dd8624aea7a5dcfc43.jpg","type":"","width":"","height":""}],"author":"Sebastian","twitter_card":"summary_large_image","twitter_image":"https:\/\/www.parana.gob.ar\/writable\/uploads\/1764176754_05dd8624aea7a5dcfc43.jpg","twitter_creator":"@InformeLitoral","twitter_site":"@InformeLitoral","twitter_misc":{"Escrito por":"Sebastian","Tiempo de lectura":"3 minutos"},"schema":{"@context":"https:\/\/schema.org","@graph":[{"@type":"Article","@id":"https:\/\/informelitoral.com.ar\/parana-inicio-la-recuperacion-del-reloj-historico-del-palacio-municipal\/#article","isPartOf":{"@id":"https:\/\/informelitoral.com.ar\/parana-inicio-la-recuperacion-del-reloj-historico-del-palacio-municipal\/"},"author":{"name":"Sebastian","@id":"https:\/\/informelitoral.com.ar\/#\/schema\/person\/f05f9f461677119578717524b127d6d5"},"headline":"Paran\u00e1: ponen en marcha la restauraci\u00f3n del reloj del Palacio Municipal","datePublished":"2025-11-27T14:16:05+00:00","dateModified":"2025-11-28T10:09:51+00:00","mainEntityOfPage":{"@id":"https:\/\/informelitoral.com.ar\/parana-inicio-la-recuperacion-del-reloj-historico-del-palacio-municipal\/"},"wordCount":420,"commentCount":0,"publisher":{"@id":"https:\/\/informelitoral.com.ar\/#organization"},"image":{"@id":"https:\/\/informelitoral.com.ar\/parana-inicio-la-recuperacion-del-reloj-historico-del-palacio-municipal\/#primaryimage"},"thumbnailUrl":"https:\/\/www.parana.gob.ar\/writable\/uploads\/1764176754_05dd8624aea7a5dcfc43.jpg","keywords":["Municipales","Municipalidad de Paran\u00e1","Paran\u00e1","Reloj","Restauraci\u00f3n"],"articleSection":["Paran\u00e1"],"inLanguage":"es","potentialAction":[{"@type":"CommentAction","name":"Comment","target":["https:\/\/informelitoral.com.ar\/parana-inicio-la-recuperacion-del-reloj-historico-del-palacio-municipal\/#respond"]}]},{"@type":"WebPage","@id":"https:\/\/informelitoral.com.ar\/parana-inicio-la-recuperacion-del-reloj-historico-del-palacio-municipal\/","url":"https:\/\/informelitoral.com.ar\/parana-inicio-la-recuperacion-del-reloj-historico-del-palacio-municipal\/","name":"Paran\u00e1: ponen en marcha la restauraci\u00f3n del reloj del Palacio Municipal - Informe Litoral","isPartOf":{"@id":"https:\/\/informelitoral.com.ar\/#website"},"primaryImageOfPage":{"@id":"https:\/\/informelitoral.com.ar\/parana-inicio-la-recuperacion-del-reloj-historico-del-palacio-municipal\/#primaryimage"},"image":{"@id":"https:\/\/informelitoral.com.ar\/parana-inicio-la-recuperacion-del-reloj-historico-del-palacio-municipal\/#primaryimage"},"thumbnailUrl":"https:\/\/www.parana.gob.ar\/writable\/uploads\/1764176754_05dd8624aea7a5dcfc43.jpg","datePublished":"2025-11-27T14:16:05+00:00","dateModified":"2025-11-28T10:09:51+00:00","breadcrumb":{"@id":"https:\/\/informelitoral.com.ar\/parana-inicio-la-recuperacion-del-reloj-historico-del-palacio-municipal\/#breadcrumb"},"inLanguage":"es","potentialAction":[{"@type":"ReadAction","target":["https:\/\/informelitoral.com.ar\/parana-inicio-la-recuperacion-del-reloj-historico-del-palacio-municipal\/"]}]},{"@type":"ImageObject","inLanguage":"es","@id":"https:\/\/informelitoral.com.ar\/parana-inicio-la-recuperacion-del-reloj-historico-del-palacio-municipal\/#primaryimage","url":"https:\/\/www.parana.gob.ar\/writable\/uploads\/1764176754_05dd8624aea7a5dcfc43.jpg","contentUrl":"https:\/\/www.parana.gob.ar\/writable\/uploads\/1764176754_05dd8624aea7a5dcfc43.jpg","width":"1920","height":"1280"},{"@type":"BreadcrumbList","@id":"https:\/\/informelitoral.com.ar\/parana-inicio-la-recuperacion-del-reloj-historico-del-palacio-municipal\/#breadcrumb","itemListElement":[{"@type":"ListItem","position":1,"name":"Portada","item":"https:\/\/informelitoral.com.ar\/"},{"@type":"ListItem","position":2,"name":"Paran\u00e1: ponen en marcha la restauraci\u00f3n del reloj del Palacio Municipal"}]},{"@type":"WebSite","@id":"https:\/\/informelitoral.com.ar\/#website","url":"https:\/\/informelitoral.com.ar\/","name":"Informe Litoral","description":"&quot;Nos informamos&quot; ","publisher":{"@id":"https:\/\/informelitoral.com.ar\/#organization"},"potentialAction":[{"@type":"SearchAction","target":{"@type":"EntryPoint","urlTemplate":"https:\/\/informelitoral.com.ar\/?s={search_term_string}"},"query-input":{"@type":"PropertyValueSpecification","valueRequired":true,"valueName":"search_term_string"}}],"inLanguage":"es"},{"@type":"Organization","@id":"https:\/\/informelitoral.com.ar\/#organization","name":"Informe Litoral","url":"https:\/\/informelitoral.com.ar\/","logo":{"@type":"ImageObject","inLanguage":"es","@id":"https:\/\/informelitoral.com.ar\/#\/schema\/logo\/image\/","url":"https:\/\/informelitoral.com.ar\/%77%70%2d%63%6f%6e%74%65%6e%74\/uploads\/2021\/01\/circulo.png","contentUrl":"https:\/\/informelitoral.com.ar\/%77%70%2d%63%6f%6e%74%65%6e%74\/uploads\/2021\/01\/circulo.png","width":723,"height":731,"caption":"Informe Litoral"},"image":{"@id":"https:\/\/informelitoral.com.ar\/#\/schema\/logo\/image\/"},"sameAs":["https:\/\/www.facebook.com\/informelitoral\/","https:\/\/x.com\/InformeLitoral","https:\/\/www.instagram.com\/informelitoral\/","https:\/\/www.youtube.com\/channel\/UCua4Qvz8Icb6MYqhoq9xLXw"]},{"@type":"Person","@id":"https:\/\/informelitoral.com.ar\/#\/schema\/person\/f05f9f461677119578717524b127d6d5","name":"Sebastian","image":{"@type":"ImageObject","inLanguage":"es","@id":"https:\/\/secure.gravatar.com\/avatar\/b71bf7481d447dfb9583c7f2798e7cc64de6efb9067b74633ed8c31059a3bd82?s=96&d=mm&r=g","url":"https:\/\/secure.gravatar.com\/avatar\/b71bf7481d447dfb9583c7f2798e7cc64de6efb9067b74633ed8c31059a3bd82?s=96&d=mm&r=g","contentUrl":"https:\/\/secure.gravatar.com\/avatar\/b71bf7481d447dfb9583c7f2798e7cc64de6efb9067b74633ed8c31059a3bd82?s=96&d=mm&r=g","caption":"Sebastian"},"url":"https:\/\/informelitoral.com.ar\/author\/sebastian\/"}]}},"fifu_image_url":"https:\/\/www.parana.gob.ar\/writable\/uploads\/1764176754_05dd8624aea7a5dcfc43.jpg","_links":{"self":[{"href":"https:\/\/informelitoral.com.ar\/%77%70%2d%6a%73%6f%6e\/wp\/v2\/posts\/241751","targetHints":{"allow":["GET"]}}],"collection":[{"href":"https:\/\/informelitoral.com.ar\/%77%70%2d%6a%73%6f%6e\/wp\/v2\/posts"}],"about":[{"href":"https:\/\/informelitoral.com.ar\/%77%70%2d%6a%73%6f%6e\/wp\/v2\/types\/post"}],"author":[{"embeddable":true,"href":"https:\/\/informelitoral.com.ar\/%77%70%2d%6a%73%6f%6e\/wp\/v2\/users\/8"}],"replies":[{"embeddable":true,"href":"https:\/\/informelitoral.com.ar\/%77%70%2d%6a%73%6f%6e\/wp\/v2\/comments?post=241751"}],"version-history":[{"count":3,"href":"https:\/\/informelitoral.com.ar\/%77%70%2d%6a%73%6f%6e\/wp\/v2\/posts\/241751\/revisions"}],"predecessor-version":[{"id":241794,"href":"https:\/\/informelitoral.com.ar\/%77%70%2d%6a%73%6f%6e\/wp\/v2\/posts\/241751\/revisions\/241794"}],"wp:featuredmedia":[{"embeddable":true,"href":"https:\/\/informelitoral.com.ar\/%77%70%2d%6a%73%6f%6e\/wp\/v2\/media\/241752"}],"wp:attachment":[{"href":"https:\/\/informelitoral.com.ar\/%77%70%2d%6a%73%6f%6e\/wp\/v2\/media?parent=241751"}],"wp:term":[{"taxonomy":"category","embeddable":true,"href":"https:\/\/informelitoral.com.ar\/%77%70%2d%6a%73%6f%6e\/wp\/v2\/categories?post=241751"},{"taxonomy":"post_tag","embeddable":true,"href":"https:\/\/informelitoral.com.ar\/%77%70%2d%6a%73%6f%6e\/wp\/v2\/tags?post=241751"}],"curies":[{"name":"wp","href":"https:\/\/api.w.org\/{rel}","templated":true}]}}