{"id":241675,"date":"2025-11-27T06:57:39","date_gmt":"2025-11-27T09:57:39","guid":{"rendered":"https:\/\/informelitoral.com.ar\/?p=241675"},"modified":"2025-11-27T06:57:39","modified_gmt":"2025-11-27T09:57:39","slug":"ficer-mas-de-800-personas-vieron-el-estreno-de-emboscada-y-muchos-quedaron-afuera","status":"publish","type":"post","link":"https:\/\/informelitoral.com.ar\/ficer-mas-de-800-personas-vieron-el-estreno-de-emboscada-y-muchos-quedaron-afuera\/","title":{"rendered":"FICER: m\u00e1s de 800 personas vieron el estreno de Emboscada y muchos quedaron afuera"},"content":{"rendered":"<p><strong>El Festival Internacional de Cine de Entre R\u00edos (FICER) marc\u00f3 este mi\u00e9rcoles un hito indiscutible en su historia.<\/strong>\u00a0En lo que fue una de las jornadas m\u00e1s impactantes desde su creaci\u00f3n, la proyecci\u00f3n de\u00a0<em>Emboscada<\/em>, el nuevo largometraje del director\u00a0<strong>Mauro Bedendo<\/strong>, gener\u00f3 un fen\u00f3meno de convocatoria sin precedentes.<\/p>\n<p>El entusiasmo del p\u00fablico super\u00f3 cualquier previsi\u00f3n organizativa. La sala principal del Centro Provincial de Convenciones (CPC) se vio colmada r\u00e1pidamente por\u00a0<strong>m\u00e1s de 800 espectadores<\/strong>. La demanda fue tal que, en un hecho in\u00e9dito para el festival,\u00a0<strong>otras 600 personas quedaron en las puertas del recinto<\/strong>, sin posibilidad de ingresar debido al l\u00edmite de capacidad.<\/p>\n<h2 class=\"wp-block-heading\"><strong>Un antes y un despu\u00e9s<\/strong><\/h2>\n<p>La multitud que se acerc\u00f3 al CPC no solo fue a ver una pel\u00edcula; fue testigo de un quiebre en la trayectoria del evento. En sus siete ediciones, nunca se hab\u00eda registrado una movilizaci\u00f3n tan masiva para una producci\u00f3n, consolidando al festival como uno de los eventos culturales m\u00e1s trascendentes de la provincia.<\/p>\n<h2 class=\"wp-block-heading\"><strong>Una jornada a sala llena<\/strong><\/h2>\n<p>El fen\u00f3meno de\u00a0<em>Emboscada<\/em>\u00a0fue el punto culminante de un d\u00eda vibrante. La explosi\u00f3n de p\u00fablico no fue un hecho aislado:\u00a0<strong>todas las funciones del jueves agotaron su capacidad<\/strong>, reafirmando la tendencia de una edici\u00f3n r\u00e9cord en materia de asistencia. Desde la ma\u00f1ana hasta la noche, las salas repletas confirmaron la avidez de los entrerrianos por el s\u00e9ptimo arte.<\/p>\n<h2 class=\"wp-block-heading\"><strong>Cine federal con figuras nacionales<\/strong><\/h2>\n<p>Bajo la premisa de los productores de que \u201ces un gusto hacer cine entrerriano y federal\u201d,\u00a0<em>Emboscada<\/em>\u00a0se present\u00f3 como una comedia dram\u00e1tica que ya est\u00e1 dejando huella en la industria local.<\/p>\n<p>El estreno cont\u00f3 con un condimento especial: la presencia de\u00a0<strong>Osvaldo Laport y \u201cRoly\u201d Serrano<\/strong>. Las dos figuras destacadas del cine y la televisi\u00f3n argentina compartieron la velada con el p\u00fablico, aportando cercan\u00eda y clima de celebraci\u00f3n a este hito del FICER. <em>(Ahora)<\/em><\/p>\n<h6><em><strong>Del archivo:\u00a0<a href=\"https:\/\/informelitoral.com.ar\/entre-rios-lanza-su-temporada-de-verano-2026-en-buenos-aires\/\" target=\"_blank\" rel=\"noopener\">Entre R\u00edos lanza su Temporada de Verano 2026 en Buenos Aires<\/a><\/strong><\/em><\/h6>\n","protected":false},"excerpt":{"rendered":"<p>Una multitud se hizo presente el mi\u00e9rcoles a la noche en el Centro Provincial de Convenciones. La pel\u00edcula grabada en la provincia colm\u00f3 las expectativas y se cont\u00f3 con la presencia de Osvaldo Laport y \u201cRoly\u201d Serrano.<\/p>\n","protected":false},"author":2,"featured_media":241676,"comment_status":"open","ping_status":"open","sticky":false,"template":"","format":"standard","meta":{"fifu_image_url":"https:\/\/elonce-media.elonce.com\/fotos\/2025\/11\/26\/e_1764210904_87116.webp","fifu_image_alt":"","footnotes":""},"categories":[1597],"tags":[860,1561,150,4373],"class_list":{"0":"post-241675","1":"post","2":"type-post","3":"status-publish","4":"format-standard","5":"has-post-thumbnail","7":"category-parana","8":"tag-cine","9":"tag-cine-argentino","10":"tag-cultura","11":"tag-ficer"},"yoast_head":"<title>FICER: m\u00e1s de 800 personas vieron el estreno de Emboscada y muchos quedaron afuera - Informe Litoral<\/title>\n<meta name=\"robots\" content=\"index, follow, max-snippet:-1, max-image-preview:large, max-video-preview:-1\" \/>\n<link rel=\"canonical\" href=\"https:\/\/informelitoral.com.ar\/ficer-mas-de-800-personas-vieron-el-estreno-de-emboscada-y-muchos-quedaron-afuera\/\" \/>\n<meta property=\"og:locale\" content=\"es_ES\" \/>\n<meta property=\"og:type\" content=\"article\" \/>\n<meta property=\"og:title\" content=\"FICER: m\u00e1s de 800 personas vieron el estreno de Emboscada y muchos quedaron afuera - Informe Litoral\" \/>\n<meta property=\"og:description\" content=\"Una multitud se hizo presente el mi\u00e9rcoles a la noche en el Centro Provincial de Convenciones. La pel\u00edcula grabada en la provincia colm\u00f3 las expectativas y se cont\u00f3 con la presencia de Osvaldo Laport y \u201cRoly\u201d Serrano.\" \/>\n<meta property=\"og:url\" content=\"https:\/\/informelitoral.com.ar\/ficer-mas-de-800-personas-vieron-el-estreno-de-emboscada-y-muchos-quedaron-afuera\/\" \/>\n<meta property=\"og:site_name\" content=\"Informe Litoral\" \/>\n<meta property=\"article:publisher\" content=\"https:\/\/www.facebook.com\/informelitoral\/\" \/>\n<meta property=\"article:published_time\" content=\"2025-11-27T09:57:39+00:00\" \/>\n<meta property=\"og:image\" content=\"https:\/\/elonce-media.elonce.com\/fotos\/2025\/11\/26\/e_1764210904_87116.webp\" \/>\n<meta name=\"author\" content=\"Gonzalo Schmidt\" \/>\n<meta name=\"twitter:card\" content=\"summary_large_image\" \/>\n<meta name=\"twitter:image\" content=\"https:\/\/elonce-media.elonce.com\/fotos\/2025\/11\/26\/e_1764210904_87116.webp\" \/>\n<meta name=\"twitter:creator\" content=\"@InformeLitoral\" \/>\n<meta name=\"twitter:site\" content=\"@InformeLitoral\" \/>\n<meta name=\"twitter:label1\" content=\"Escrito por\" \/>\n\t<meta name=\"twitter:data1\" content=\"Gonzalo Schmidt\" \/>\n\t<meta name=\"twitter:label2\" content=\"Tiempo de lectura\" \/>\n\t<meta name=\"twitter:data2\" content=\"2 minutos\" \/>\n<script type=\"application\/ld+json\" class=\"yoast-schema-graph\">{\"@context\":\"https:\\\/\\\/schema.org\",\"@graph\":[{\"@type\":\"Article\",\"@id\":\"https:\\\/\\\/informelitoral.com.ar\\\/ficer-mas-de-800-personas-vieron-el-estreno-de-emboscada-y-muchos-quedaron-afuera\\\/#article\",\"isPartOf\":{\"@id\":\"https:\\\/\\\/informelitoral.com.ar\\\/ficer-mas-de-800-personas-vieron-el-estreno-de-emboscada-y-muchos-quedaron-afuera\\\/\"},\"author\":{\"name\":\"Gonzalo Schmidt\",\"@id\":\"https:\\\/\\\/informelitoral.com.ar\\\/#\\\/schema\\\/person\\\/b9d00407c836482871ef1d57bf8e3180\"},\"headline\":\"FICER: m\u00e1s de 800 personas vieron el estreno de Emboscada y muchos quedaron afuera\",\"datePublished\":\"2025-11-27T09:57:39+00:00\",\"mainEntityOfPage\":{\"@id\":\"https:\\\/\\\/informelitoral.com.ar\\\/ficer-mas-de-800-personas-vieron-el-estreno-de-emboscada-y-muchos-quedaron-afuera\\\/\"},\"wordCount\":363,\"commentCount\":0,\"publisher\":{\"@id\":\"https:\\\/\\\/informelitoral.com.ar\\\/#organization\"},\"image\":{\"@id\":\"https:\\\/\\\/informelitoral.com.ar\\\/ficer-mas-de-800-personas-vieron-el-estreno-de-emboscada-y-muchos-quedaron-afuera\\\/#primaryimage\"},\"thumbnailUrl\":\"https:\\\/\\\/elonce-media.elonce.com\\\/fotos\\\/2025\\\/11\\\/26\\\/e_1764210904_87116.webp\",\"keywords\":[\"Cine\",\"Cine argentino\",\"Cultura\",\"FICER\"],\"articleSection\":[\"Paran\u00e1\"],\"inLanguage\":\"es\",\"potentialAction\":[{\"@type\":\"CommentAction\",\"name\":\"Comment\",\"target\":[\"https:\\\/\\\/informelitoral.com.ar\\\/ficer-mas-de-800-personas-vieron-el-estreno-de-emboscada-y-muchos-quedaron-afuera\\\/#respond\"]}]},{\"@type\":\"WebPage\",\"@id\":\"https:\\\/\\\/informelitoral.com.ar\\\/ficer-mas-de-800-personas-vieron-el-estreno-de-emboscada-y-muchos-quedaron-afuera\\\/\",\"url\":\"https:\\\/\\\/informelitoral.com.ar\\\/ficer-mas-de-800-personas-vieron-el-estreno-de-emboscada-y-muchos-quedaron-afuera\\\/\",\"name\":\"FICER: m\u00e1s de 800 personas vieron el estreno de Emboscada y muchos quedaron afuera - Informe Litoral\",\"isPartOf\":{\"@id\":\"https:\\\/\\\/informelitoral.com.ar\\\/#website\"},\"primaryImageOfPage\":{\"@id\":\"https:\\\/\\\/informelitoral.com.ar\\\/ficer-mas-de-800-personas-vieron-el-estreno-de-emboscada-y-muchos-quedaron-afuera\\\/#primaryimage\"},\"image\":{\"@id\":\"https:\\\/\\\/informelitoral.com.ar\\\/ficer-mas-de-800-personas-vieron-el-estreno-de-emboscada-y-muchos-quedaron-afuera\\\/#primaryimage\"},\"thumbnailUrl\":\"https:\\\/\\\/elonce-media.elonce.com\\\/fotos\\\/2025\\\/11\\\/26\\\/e_1764210904_87116.webp\",\"datePublished\":\"2025-11-27T09:57:39+00:00\",\"breadcrumb\":{\"@id\":\"https:\\\/\\\/informelitoral.com.ar\\\/ficer-mas-de-800-personas-vieron-el-estreno-de-emboscada-y-muchos-quedaron-afuera\\\/#breadcrumb\"},\"inLanguage\":\"es\",\"potentialAction\":[{\"@type\":\"ReadAction\",\"target\":[\"https:\\\/\\\/informelitoral.com.ar\\\/ficer-mas-de-800-personas-vieron-el-estreno-de-emboscada-y-muchos-quedaron-afuera\\\/\"]}]},{\"@type\":\"ImageObject\",\"inLanguage\":\"es\",\"@id\":\"https:\\\/\\\/informelitoral.com.ar\\\/ficer-mas-de-800-personas-vieron-el-estreno-de-emboscada-y-muchos-quedaron-afuera\\\/#primaryimage\",\"url\":\"https:\\\/\\\/elonce-media.elonce.com\\\/fotos\\\/2025\\\/11\\\/26\\\/e_1764210904_87116.webp\",\"contentUrl\":\"https:\\\/\\\/elonce-media.elonce.com\\\/fotos\\\/2025\\\/11\\\/26\\\/e_1764210904_87116.webp\",\"width\":\"900\",\"height\":\"600\"},{\"@type\":\"BreadcrumbList\",\"@id\":\"https:\\\/\\\/informelitoral.com.ar\\\/ficer-mas-de-800-personas-vieron-el-estreno-de-emboscada-y-muchos-quedaron-afuera\\\/#breadcrumb\",\"itemListElement\":[{\"@type\":\"ListItem\",\"position\":1,\"name\":\"Portada\",\"item\":\"https:\\\/\\\/informelitoral.com.ar\\\/\"},{\"@type\":\"ListItem\",\"position\":2,\"name\":\"FICER: m\u00e1s de 800 personas vieron el estreno de Emboscada y muchos quedaron afuera\"}]},{\"@type\":\"WebSite\",\"@id\":\"https:\\\/\\\/informelitoral.com.ar\\\/#website\",\"url\":\"https:\\\/\\\/informelitoral.com.ar\\\/\",\"name\":\"Informe Litoral\",\"description\":\"&quot;Nos informamos&quot; \",\"publisher\":{\"@id\":\"https:\\\/\\\/informelitoral.com.ar\\\/#organization\"},\"potentialAction\":[{\"@type\":\"SearchAction\",\"target\":{\"@type\":\"EntryPoint\",\"urlTemplate\":\"https:\\\/\\\/informelitoral.com.ar\\\/?s={search_term_string}\"},\"query-input\":{\"@type\":\"PropertyValueSpecification\",\"valueRequired\":true,\"valueName\":\"search_term_string\"}}],\"inLanguage\":\"es\"},{\"@type\":\"Organization\",\"@id\":\"https:\\\/\\\/informelitoral.com.ar\\\/#organization\",\"name\":\"Informe Litoral\",\"url\":\"https:\\\/\\\/informelitoral.com.ar\\\/\",\"logo\":{\"@type\":\"ImageObject\",\"inLanguage\":\"es\",\"@id\":\"https:\\\/\\\/informelitoral.com.ar\\\/#\\\/schema\\\/logo\\\/image\\\/\",\"url\":\"https:\\\/\\\/informelitoral.com.ar\\\/%77%70%2d%63%6f%6e%74%65%6e%74\\\/uploads\\\/2021\\\/01\\\/circulo.png\",\"contentUrl\":\"https:\\\/\\\/informelitoral.com.ar\\\/%77%70%2d%63%6f%6e%74%65%6e%74\\\/uploads\\\/2021\\\/01\\\/circulo.png\",\"width\":723,\"height\":731,\"caption\":\"Informe Litoral\"},\"image\":{\"@id\":\"https:\\\/\\\/informelitoral.com.ar\\\/#\\\/schema\\\/logo\\\/image\\\/\"},\"sameAs\":[\"https:\\\/\\\/www.facebook.com\\\/informelitoral\\\/\",\"https:\\\/\\\/x.com\\\/InformeLitoral\",\"https:\\\/\\\/www.instagram.com\\\/informelitoral\\\/\",\"https:\\\/\\\/www.youtube.com\\\/channel\\\/UCua4Qvz8Icb6MYqhoq9xLXw\"]},{\"@type\":\"Person\",\"@id\":\"https:\\\/\\\/informelitoral.com.ar\\\/#\\\/schema\\\/person\\\/b9d00407c836482871ef1d57bf8e3180\",\"name\":\"Gonzalo Schmidt\",\"image\":{\"@type\":\"ImageObject\",\"inLanguage\":\"es\",\"@id\":\"https:\\\/\\\/secure.gravatar.com\\\/avatar\\\/31a1a7b66ff2de83bd0e9fd79d026630d2d99e55e8bfe501287647b4fd9743de?s=96&d=mm&r=g\",\"url\":\"https:\\\/\\\/secure.gravatar.com\\\/avatar\\\/31a1a7b66ff2de83bd0e9fd79d026630d2d99e55e8bfe501287647b4fd9743de?s=96&d=mm&r=g\",\"contentUrl\":\"https:\\\/\\\/secure.gravatar.com\\\/avatar\\\/31a1a7b66ff2de83bd0e9fd79d026630d2d99e55e8bfe501287647b4fd9743de?s=96&d=mm&r=g\",\"caption\":\"Gonzalo Schmidt\"},\"description\":\"Sitio web de noticias de la provincia de Entre R\u00edos, Argentina. Informaci\u00f3n y entretenimiento. Informe Litoral, nos informamos.\",\"sameAs\":[\"http:\\\/\\\/www.isletasnoticias.com.ar\"],\"url\":\"https:\\\/\\\/informelitoral.com.ar\\\/author\\\/gonzalo\\\/\"}]}<\/script>","yoast_head_json":{"title":"FICER: m\u00e1s de 800 personas vieron el estreno de Emboscada y muchos quedaron afuera - Informe Litoral","robots":{"index":"index","follow":"follow","max-snippet":"max-snippet:-1","max-image-preview":"max-image-preview:large","max-video-preview":"max-video-preview:-1"},"canonical":"https:\/\/informelitoral.com.ar\/ficer-mas-de-800-personas-vieron-el-estreno-de-emboscada-y-muchos-quedaron-afuera\/","og_locale":"es_ES","og_type":"article","og_title":"FICER: m\u00e1s de 800 personas vieron el estreno de Emboscada y muchos quedaron afuera - Informe Litoral","og_description":"Una multitud se hizo presente el mi\u00e9rcoles a la noche en el Centro Provincial de Convenciones. La pel\u00edcula grabada en la provincia colm\u00f3 las expectativas y se cont\u00f3 con la presencia de Osvaldo Laport y \u201cRoly\u201d Serrano.","og_url":"https:\/\/informelitoral.com.ar\/ficer-mas-de-800-personas-vieron-el-estreno-de-emboscada-y-muchos-quedaron-afuera\/","og_site_name":"Informe Litoral","article_publisher":"https:\/\/www.facebook.com\/informelitoral\/","article_published_time":"2025-11-27T09:57:39+00:00","og_image":[{"url":"https:\/\/elonce-media.elonce.com\/fotos\/2025\/11\/26\/e_1764210904_87116.webp","type":"","width":"","height":""}],"author":"Gonzalo Schmidt","twitter_card":"summary_large_image","twitter_image":"https:\/\/elonce-media.elonce.com\/fotos\/2025\/11\/26\/e_1764210904_87116.webp","twitter_creator":"@InformeLitoral","twitter_site":"@InformeLitoral","twitter_misc":{"Escrito por":"Gonzalo Schmidt","Tiempo de lectura":"2 minutos"},"schema":{"@context":"https:\/\/schema.org","@graph":[{"@type":"Article","@id":"https:\/\/informelitoral.com.ar\/ficer-mas-de-800-personas-vieron-el-estreno-de-emboscada-y-muchos-quedaron-afuera\/#article","isPartOf":{"@id":"https:\/\/informelitoral.com.ar\/ficer-mas-de-800-personas-vieron-el-estreno-de-emboscada-y-muchos-quedaron-afuera\/"},"author":{"name":"Gonzalo Schmidt","@id":"https:\/\/informelitoral.com.ar\/#\/schema\/person\/b9d00407c836482871ef1d57bf8e3180"},"headline":"FICER: m\u00e1s de 800 personas vieron el estreno de Emboscada y muchos quedaron afuera","datePublished":"2025-11-27T09:57:39+00:00","mainEntityOfPage":{"@id":"https:\/\/informelitoral.com.ar\/ficer-mas-de-800-personas-vieron-el-estreno-de-emboscada-y-muchos-quedaron-afuera\/"},"wordCount":363,"commentCount":0,"publisher":{"@id":"https:\/\/informelitoral.com.ar\/#organization"},"image":{"@id":"https:\/\/informelitoral.com.ar\/ficer-mas-de-800-personas-vieron-el-estreno-de-emboscada-y-muchos-quedaron-afuera\/#primaryimage"},"thumbnailUrl":"https:\/\/elonce-media.elonce.com\/fotos\/2025\/11\/26\/e_1764210904_87116.webp","keywords":["Cine","Cine argentino","Cultura","FICER"],"articleSection":["Paran\u00e1"],"inLanguage":"es","potentialAction":[{"@type":"CommentAction","name":"Comment","target":["https:\/\/informelitoral.com.ar\/ficer-mas-de-800-personas-vieron-el-estreno-de-emboscada-y-muchos-quedaron-afuera\/#respond"]}]},{"@type":"WebPage","@id":"https:\/\/informelitoral.com.ar\/ficer-mas-de-800-personas-vieron-el-estreno-de-emboscada-y-muchos-quedaron-afuera\/","url":"https:\/\/informelitoral.com.ar\/ficer-mas-de-800-personas-vieron-el-estreno-de-emboscada-y-muchos-quedaron-afuera\/","name":"FICER: m\u00e1s de 800 personas vieron el estreno de Emboscada y muchos quedaron afuera - Informe Litoral","isPartOf":{"@id":"https:\/\/informelitoral.com.ar\/#website"},"primaryImageOfPage":{"@id":"https:\/\/informelitoral.com.ar\/ficer-mas-de-800-personas-vieron-el-estreno-de-emboscada-y-muchos-quedaron-afuera\/#primaryimage"},"image":{"@id":"https:\/\/informelitoral.com.ar\/ficer-mas-de-800-personas-vieron-el-estreno-de-emboscada-y-muchos-quedaron-afuera\/#primaryimage"},"thumbnailUrl":"https:\/\/elonce-media.elonce.com\/fotos\/2025\/11\/26\/e_1764210904_87116.webp","datePublished":"2025-11-27T09:57:39+00:00","breadcrumb":{"@id":"https:\/\/informelitoral.com.ar\/ficer-mas-de-800-personas-vieron-el-estreno-de-emboscada-y-muchos-quedaron-afuera\/#breadcrumb"},"inLanguage":"es","potentialAction":[{"@type":"ReadAction","target":["https:\/\/informelitoral.com.ar\/ficer-mas-de-800-personas-vieron-el-estreno-de-emboscada-y-muchos-quedaron-afuera\/"]}]},{"@type":"ImageObject","inLanguage":"es","@id":"https:\/\/informelitoral.com.ar\/ficer-mas-de-800-personas-vieron-el-estreno-de-emboscada-y-muchos-quedaron-afuera\/#primaryimage","url":"https:\/\/elonce-media.elonce.com\/fotos\/2025\/11\/26\/e_1764210904_87116.webp","contentUrl":"https:\/\/elonce-media.elonce.com\/fotos\/2025\/11\/26\/e_1764210904_87116.webp","width":"900","height":"600"},{"@type":"BreadcrumbList","@id":"https:\/\/informelitoral.com.ar\/ficer-mas-de-800-personas-vieron-el-estreno-de-emboscada-y-muchos-quedaron-afuera\/#breadcrumb","itemListElement":[{"@type":"ListItem","position":1,"name":"Portada","item":"https:\/\/informelitoral.com.ar\/"},{"@type":"ListItem","position":2,"name":"FICER: m\u00e1s de 800 personas vieron el estreno de Emboscada y muchos quedaron afuera"}]},{"@type":"WebSite","@id":"https:\/\/informelitoral.com.ar\/#website","url":"https:\/\/informelitoral.com.ar\/","name":"Informe Litoral","description":"&quot;Nos informamos&quot; ","publisher":{"@id":"https:\/\/informelitoral.com.ar\/#organization"},"potentialAction":[{"@type":"SearchAction","target":{"@type":"EntryPoint","urlTemplate":"https:\/\/informelitoral.com.ar\/?s={search_term_string}"},"query-input":{"@type":"PropertyValueSpecification","valueRequired":true,"valueName":"search_term_string"}}],"inLanguage":"es"},{"@type":"Organization","@id":"https:\/\/informelitoral.com.ar\/#organization","name":"Informe Litoral","url":"https:\/\/informelitoral.com.ar\/","logo":{"@type":"ImageObject","inLanguage":"es","@id":"https:\/\/informelitoral.com.ar\/#\/schema\/logo\/image\/","url":"https:\/\/informelitoral.com.ar\/%77%70%2d%63%6f%6e%74%65%6e%74\/uploads\/2021\/01\/circulo.png","contentUrl":"https:\/\/informelitoral.com.ar\/%77%70%2d%63%6f%6e%74%65%6e%74\/uploads\/2021\/01\/circulo.png","width":723,"height":731,"caption":"Informe Litoral"},"image":{"@id":"https:\/\/informelitoral.com.ar\/#\/schema\/logo\/image\/"},"sameAs":["https:\/\/www.facebook.com\/informelitoral\/","https:\/\/x.com\/InformeLitoral","https:\/\/www.instagram.com\/informelitoral\/","https:\/\/www.youtube.com\/channel\/UCua4Qvz8Icb6MYqhoq9xLXw"]},{"@type":"Person","@id":"https:\/\/informelitoral.com.ar\/#\/schema\/person\/b9d00407c836482871ef1d57bf8e3180","name":"Gonzalo Schmidt","image":{"@type":"ImageObject","inLanguage":"es","@id":"https:\/\/secure.gravatar.com\/avatar\/31a1a7b66ff2de83bd0e9fd79d026630d2d99e55e8bfe501287647b4fd9743de?s=96&d=mm&r=g","url":"https:\/\/secure.gravatar.com\/avatar\/31a1a7b66ff2de83bd0e9fd79d026630d2d99e55e8bfe501287647b4fd9743de?s=96&d=mm&r=g","contentUrl":"https:\/\/secure.gravatar.com\/avatar\/31a1a7b66ff2de83bd0e9fd79d026630d2d99e55e8bfe501287647b4fd9743de?s=96&d=mm&r=g","caption":"Gonzalo Schmidt"},"description":"Sitio web de noticias de la provincia de Entre R\u00edos, Argentina. Informaci\u00f3n y entretenimiento. Informe Litoral, nos informamos.","sameAs":["http:\/\/www.isletasnoticias.com.ar"],"url":"https:\/\/informelitoral.com.ar\/author\/gonzalo\/"}]}},"fifu_image_url":"https:\/\/elonce-media.elonce.com\/fotos\/2025\/11\/26\/e_1764210904_87116.webp","_links":{"self":[{"href":"https:\/\/informelitoral.com.ar\/%77%70%2d%6a%73%6f%6e\/wp\/v2\/posts\/241675","targetHints":{"allow":["GET"]}}],"collection":[{"href":"https:\/\/informelitoral.com.ar\/%77%70%2d%6a%73%6f%6e\/wp\/v2\/posts"}],"about":[{"href":"https:\/\/informelitoral.com.ar\/%77%70%2d%6a%73%6f%6e\/wp\/v2\/types\/post"}],"author":[{"embeddable":true,"href":"https:\/\/informelitoral.com.ar\/%77%70%2d%6a%73%6f%6e\/wp\/v2\/users\/2"}],"replies":[{"embeddable":true,"href":"https:\/\/informelitoral.com.ar\/%77%70%2d%6a%73%6f%6e\/wp\/v2\/comments?post=241675"}],"version-history":[{"count":1,"href":"https:\/\/informelitoral.com.ar\/%77%70%2d%6a%73%6f%6e\/wp\/v2\/posts\/241675\/revisions"}],"predecessor-version":[{"id":241677,"href":"https:\/\/informelitoral.com.ar\/%77%70%2d%6a%73%6f%6e\/wp\/v2\/posts\/241675\/revisions\/241677"}],"wp:featuredmedia":[{"embeddable":true,"href":"https:\/\/informelitoral.com.ar\/%77%70%2d%6a%73%6f%6e\/wp\/v2\/media\/241676"}],"wp:attachment":[{"href":"https:\/\/informelitoral.com.ar\/%77%70%2d%6a%73%6f%6e\/wp\/v2\/media?parent=241675"}],"wp:term":[{"taxonomy":"category","embeddable":true,"href":"https:\/\/informelitoral.com.ar\/%77%70%2d%6a%73%6f%6e\/wp\/v2\/categories?post=241675"},{"taxonomy":"post_tag","embeddable":true,"href":"https:\/\/informelitoral.com.ar\/%77%70%2d%6a%73%6f%6e\/wp\/v2\/tags?post=241675"}],"curies":[{"name":"wp","href":"https:\/\/api.w.org\/{rel}","templated":true}]}}