{"id":241667,"date":"2025-11-26T20:13:28","date_gmt":"2025-11-26T23:13:28","guid":{"rendered":"https:\/\/informelitoral.com.ar\/?p=241667"},"modified":"2025-11-26T20:13:28","modified_gmt":"2025-11-26T23:13:28","slug":"estudiantes-de-la-escuela-adolfo-weber-realizaron-practicas-educativas-en-coopar","status":"publish","type":"post","link":"https:\/\/informelitoral.com.ar\/estudiantes-de-la-escuela-adolfo-weber-realizaron-practicas-educativas-en-coopar\/","title":{"rendered":"Estudiantes de la Escuela Adolfo Weber realizaron Pr\u00e1cticas Educativas en Coopar"},"content":{"rendered":"<p>En el marco del Programa Comunidad y Escuela (Res. N\u00b0 0492\/25 CGE), Coopar y la Escuela Secundaria N\u00b0 11, Adolfo Weber de Crucesitas Octava firmaron un convenio de colaboraci\u00f3n que permiti\u00f3 a estudiantes de 6\u00b0 A\u00f1o, Orientaci\u00f3n en Econom\u00eda y Administraci\u00f3n, realizar Pr\u00e1cticas Educativas en la Sucursal Coopar Crucesitas Octava.<\/p>\n<p>En esta oportunidad, Coopar acompa\u00f1\u00f3 a las estudiantes Naiara D\u00edaz e Iv\u00f3n Mantel, quienes desarrollaron actividades vinculadas al funcionamiento comercial y administrativo de la cooperativa, tales como: An\u00e1lisis de costos, Procesos de comercializaci\u00f3n de insumos agropecuarios, Gesti\u00f3n y venta de productos de ferreter\u00eda, Actividades relacionadas al expendio de combustibles y Observaci\u00f3n de tareas administrativas y operativas propias de la sucursal.<\/p>\n<p>Las pr\u00e1cticas fueron supervisadas por el ingeniero Agr\u00f3nomo, <strong>Sergio Fettolini<\/strong>, encargado de la Sucursal, junto a <strong>Nahuel Heidenreich<\/strong>, y acompa\u00f1adas por la docente de Pr\u00e1cticas Educativas, profesora <strong>Antonella Hern\u00e1ndez<\/strong> y el rector del establecimiento, profesor, <strong>C\u00e9sar Weber.<\/strong><\/p>\n<p>\u00abDesde Coopar reafirmamos nuestro compromiso con la educaci\u00f3n y el desarrollo de los j\u00f3venes, brindando espacios donde puedan aplicar conocimientos te\u00f3ricos en un entorno laboral real, fortaleciendo su formaci\u00f3n y el v\u00ednculo entre escuela, comunidad y sector productivo\u00bb, expresaron.<\/p>\n<h6><em><strong>Del archivo:\u00a0<a href=\"https:\/\/informelitoral.com.ar\/costa-grande-se-realizara-un-taller-gratuito-sobre-prevencion-de-la-diabetes\/\" target=\"_blank\" rel=\"noopener\">Costa Grande: se realizar\u00e1 un taller gratuito sobre prevenci\u00f3n de la diabetes<\/a><\/strong><\/em><\/h6>\n","protected":false},"excerpt":{"rendered":"<p>Las autoridades de la entidad educativa de Crucesitas Octava firmaron un convenio de colaboraci\u00f3n que permiti\u00f3 a estudiantes de 6\u00b0 A\u00f1o, Orientaci\u00f3n en Econom\u00eda y Administraci\u00f3n, realizar Pr\u00e1cticas Educativas en la sucursal de la cooperativa en esa localidad.<\/p>\n","protected":false},"author":2,"featured_media":241668,"comment_status":"open","ping_status":"open","sticky":false,"template":"","format":"standard","meta":{"fifu_image_url":"","fifu_image_alt":"","footnotes":""},"categories":[10],"tags":[143,1611,137,4046],"class_list":{"0":"post-241667","1":"post","2":"type-post","3":"status-publish","4":"format-standard","5":"has-post-thumbnail","7":"category-campo","8":"tag-aranguren","9":"tag-coopar","10":"tag-cooperativa","11":"tag-cooperativa-aranguren"},"yoast_head":"<title>Estudiantes de la Escuela Adolfo Weber realizaron Pr\u00e1cticas Educativas en Coopar - Informe Litoral<\/title>\n<meta name=\"robots\" content=\"index, follow, max-snippet:-1, max-image-preview:large, max-video-preview:-1\" \/>\n<link rel=\"canonical\" href=\"https:\/\/informelitoral.com.ar\/estudiantes-de-la-escuela-adolfo-weber-realizaron-practicas-educativas-en-coopar\/\" \/>\n<meta property=\"og:locale\" content=\"es_ES\" \/>\n<meta property=\"og:type\" content=\"article\" \/>\n<meta property=\"og:title\" content=\"Estudiantes de la Escuela Adolfo Weber realizaron Pr\u00e1cticas Educativas en Coopar - Informe Litoral\" \/>\n<meta property=\"og:description\" content=\"Las autoridades de la entidad educativa de Crucesitas Octava firmaron un convenio de colaboraci\u00f3n que permiti\u00f3 a estudiantes de 6\u00b0 A\u00f1o, Orientaci\u00f3n en Econom\u00eda y Administraci\u00f3n, realizar Pr\u00e1cticas Educativas en la sucursal de la cooperativa en esa localidad.\" \/>\n<meta property=\"og:url\" content=\"https:\/\/informelitoral.com.ar\/estudiantes-de-la-escuela-adolfo-weber-realizaron-practicas-educativas-en-coopar\/\" \/>\n<meta property=\"og:site_name\" content=\"Informe Litoral\" \/>\n<meta property=\"article:publisher\" content=\"https:\/\/www.facebook.com\/informelitoral\/\" \/>\n<meta property=\"article:published_time\" content=\"2025-11-26T23:13:28+00:00\" \/>\n<meta property=\"og:image\" content=\"https:\/\/drive.google.com\/thumbnail?id=1q1wSsAAM3WCjpuH_MoSJLo5g0vTqy9M7&sz=w2048\" \/>\n\t<meta property=\"og:image:width\" content=\"1600\" \/>\n\t<meta property=\"og:image:height\" content=\"1200\" \/>\n\t<meta property=\"og:image:type\" content=\"image\/jpeg\" \/>\n<meta name=\"author\" content=\"Gonzalo Schmidt\" \/>\n<meta name=\"twitter:card\" content=\"summary_large_image\" \/>\n<meta name=\"twitter:creator\" content=\"@InformeLitoral\" \/>\n<meta name=\"twitter:site\" content=\"@InformeLitoral\" \/>\n<meta name=\"twitter:label1\" content=\"Escrito por\" \/>\n\t<meta name=\"twitter:data1\" content=\"Gonzalo Schmidt\" \/>\n\t<meta name=\"twitter:label2\" content=\"Tiempo de lectura\" \/>\n\t<meta name=\"twitter:data2\" content=\"2 minutos\" \/>\n<script type=\"application\/ld+json\" class=\"yoast-schema-graph\">{\"@context\":\"https:\\\/\\\/schema.org\",\"@graph\":[{\"@type\":\"Article\",\"@id\":\"https:\\\/\\\/informelitoral.com.ar\\\/estudiantes-de-la-escuela-adolfo-weber-realizaron-practicas-educativas-en-coopar\\\/#article\",\"isPartOf\":{\"@id\":\"https:\\\/\\\/informelitoral.com.ar\\\/estudiantes-de-la-escuela-adolfo-weber-realizaron-practicas-educativas-en-coopar\\\/\"},\"author\":{\"name\":\"Gonzalo Schmidt\",\"@id\":\"https:\\\/\\\/informelitoral.com.ar\\\/#\\\/schema\\\/person\\\/b9d00407c836482871ef1d57bf8e3180\"},\"headline\":\"Estudiantes de la Escuela Adolfo Weber realizaron Pr\u00e1cticas Educativas en Coopar\",\"datePublished\":\"2025-11-26T23:13:28+00:00\",\"mainEntityOfPage\":{\"@id\":\"https:\\\/\\\/informelitoral.com.ar\\\/estudiantes-de-la-escuela-adolfo-weber-realizaron-practicas-educativas-en-coopar\\\/\"},\"wordCount\":234,\"commentCount\":0,\"publisher\":{\"@id\":\"https:\\\/\\\/informelitoral.com.ar\\\/#organization\"},\"image\":{\"@id\":\"https:\\\/\\\/informelitoral.com.ar\\\/estudiantes-de-la-escuela-adolfo-weber-realizaron-practicas-educativas-en-coopar\\\/#primaryimage\"},\"thumbnailUrl\":\"https:\\\/\\\/drive.google.com\\\/thumbnail?id=1q1wSsAAM3WCjpuH_MoSJLo5g0vTqy9M7&sz=w2048\",\"keywords\":[\"Aranguren\",\"Coopar\",\"Cooperativa\",\"Cooperativa Aranguren\"],\"articleSection\":[\"Campo\"],\"inLanguage\":\"es\",\"potentialAction\":[{\"@type\":\"CommentAction\",\"name\":\"Comment\",\"target\":[\"https:\\\/\\\/informelitoral.com.ar\\\/estudiantes-de-la-escuela-adolfo-weber-realizaron-practicas-educativas-en-coopar\\\/#respond\"]}]},{\"@type\":\"WebPage\",\"@id\":\"https:\\\/\\\/informelitoral.com.ar\\\/estudiantes-de-la-escuela-adolfo-weber-realizaron-practicas-educativas-en-coopar\\\/\",\"url\":\"https:\\\/\\\/informelitoral.com.ar\\\/estudiantes-de-la-escuela-adolfo-weber-realizaron-practicas-educativas-en-coopar\\\/\",\"name\":\"Estudiantes de la Escuela Adolfo Weber realizaron Pr\u00e1cticas Educativas en Coopar - Informe Litoral\",\"isPartOf\":{\"@id\":\"https:\\\/\\\/informelitoral.com.ar\\\/#website\"},\"primaryImageOfPage\":{\"@id\":\"https:\\\/\\\/informelitoral.com.ar\\\/estudiantes-de-la-escuela-adolfo-weber-realizaron-practicas-educativas-en-coopar\\\/#primaryimage\"},\"image\":{\"@id\":\"https:\\\/\\\/informelitoral.com.ar\\\/estudiantes-de-la-escuela-adolfo-weber-realizaron-practicas-educativas-en-coopar\\\/#primaryimage\"},\"thumbnailUrl\":\"https:\\\/\\\/drive.google.com\\\/thumbnail?id=1q1wSsAAM3WCjpuH_MoSJLo5g0vTqy9M7&sz=w2048\",\"datePublished\":\"2025-11-26T23:13:28+00:00\",\"breadcrumb\":{\"@id\":\"https:\\\/\\\/informelitoral.com.ar\\\/estudiantes-de-la-escuela-adolfo-weber-realizaron-practicas-educativas-en-coopar\\\/#breadcrumb\"},\"inLanguage\":\"es\",\"potentialAction\":[{\"@type\":\"ReadAction\",\"target\":[\"https:\\\/\\\/informelitoral.com.ar\\\/estudiantes-de-la-escuela-adolfo-weber-realizaron-practicas-educativas-en-coopar\\\/\"]}]},{\"@type\":\"ImageObject\",\"inLanguage\":\"es\",\"@id\":\"https:\\\/\\\/informelitoral.com.ar\\\/estudiantes-de-la-escuela-adolfo-weber-realizaron-practicas-educativas-en-coopar\\\/#primaryimage\",\"url\":\"https:\\\/\\\/drive.google.com\\\/thumbnail?id=1q1wSsAAM3WCjpuH_MoSJLo5g0vTqy9M7&sz=w2048\",\"contentUrl\":\"https:\\\/\\\/drive.google.com\\\/thumbnail?id=1q1wSsAAM3WCjpuH_MoSJLo5g0vTqy9M7&sz=w2048\",\"width\":1600,\"height\":1200},{\"@type\":\"BreadcrumbList\",\"@id\":\"https:\\\/\\\/informelitoral.com.ar\\\/estudiantes-de-la-escuela-adolfo-weber-realizaron-practicas-educativas-en-coopar\\\/#breadcrumb\",\"itemListElement\":[{\"@type\":\"ListItem\",\"position\":1,\"name\":\"Portada\",\"item\":\"https:\\\/\\\/informelitoral.com.ar\\\/\"},{\"@type\":\"ListItem\",\"position\":2,\"name\":\"Estudiantes de la Escuela Adolfo Weber realizaron Pr\u00e1cticas Educativas en Coopar\"}]},{\"@type\":\"WebSite\",\"@id\":\"https:\\\/\\\/informelitoral.com.ar\\\/#website\",\"url\":\"https:\\\/\\\/informelitoral.com.ar\\\/\",\"name\":\"Informe Litoral\",\"description\":\"&quot;Nos informamos&quot; \",\"publisher\":{\"@id\":\"https:\\\/\\\/informelitoral.com.ar\\\/#organization\"},\"potentialAction\":[{\"@type\":\"SearchAction\",\"target\":{\"@type\":\"EntryPoint\",\"urlTemplate\":\"https:\\\/\\\/informelitoral.com.ar\\\/?s={search_term_string}\"},\"query-input\":{\"@type\":\"PropertyValueSpecification\",\"valueRequired\":true,\"valueName\":\"search_term_string\"}}],\"inLanguage\":\"es\"},{\"@type\":\"Organization\",\"@id\":\"https:\\\/\\\/informelitoral.com.ar\\\/#organization\",\"name\":\"Informe Litoral\",\"url\":\"https:\\\/\\\/informelitoral.com.ar\\\/\",\"logo\":{\"@type\":\"ImageObject\",\"inLanguage\":\"es\",\"@id\":\"https:\\\/\\\/informelitoral.com.ar\\\/#\\\/schema\\\/logo\\\/image\\\/\",\"url\":\"https:\\\/\\\/informelitoral.com.ar\\\/%77%70%2d%63%6f%6e%74%65%6e%74\\\/uploads\\\/2021\\\/01\\\/circulo.png\",\"contentUrl\":\"https:\\\/\\\/informelitoral.com.ar\\\/%77%70%2d%63%6f%6e%74%65%6e%74\\\/uploads\\\/2021\\\/01\\\/circulo.png\",\"width\":723,\"height\":731,\"caption\":\"Informe Litoral\"},\"image\":{\"@id\":\"https:\\\/\\\/informelitoral.com.ar\\\/#\\\/schema\\\/logo\\\/image\\\/\"},\"sameAs\":[\"https:\\\/\\\/www.facebook.com\\\/informelitoral\\\/\",\"https:\\\/\\\/x.com\\\/InformeLitoral\",\"https:\\\/\\\/www.instagram.com\\\/informelitoral\\\/\",\"https:\\\/\\\/www.youtube.com\\\/channel\\\/UCua4Qvz8Icb6MYqhoq9xLXw\"]},{\"@type\":\"Person\",\"@id\":\"https:\\\/\\\/informelitoral.com.ar\\\/#\\\/schema\\\/person\\\/b9d00407c836482871ef1d57bf8e3180\",\"name\":\"Gonzalo Schmidt\",\"image\":{\"@type\":\"ImageObject\",\"inLanguage\":\"es\",\"@id\":\"https:\\\/\\\/secure.gravatar.com\\\/avatar\\\/31a1a7b66ff2de83bd0e9fd79d026630d2d99e55e8bfe501287647b4fd9743de?s=96&d=mm&r=g\",\"url\":\"https:\\\/\\\/secure.gravatar.com\\\/avatar\\\/31a1a7b66ff2de83bd0e9fd79d026630d2d99e55e8bfe501287647b4fd9743de?s=96&d=mm&r=g\",\"contentUrl\":\"https:\\\/\\\/secure.gravatar.com\\\/avatar\\\/31a1a7b66ff2de83bd0e9fd79d026630d2d99e55e8bfe501287647b4fd9743de?s=96&d=mm&r=g\",\"caption\":\"Gonzalo Schmidt\"},\"description\":\"Sitio web de noticias de la provincia de Entre R\u00edos, Argentina. Informaci\u00f3n y entretenimiento. Informe Litoral, nos informamos.\",\"sameAs\":[\"http:\\\/\\\/www.isletasnoticias.com.ar\"],\"url\":\"https:\\\/\\\/informelitoral.com.ar\\\/author\\\/gonzalo\\\/\"}]}<\/script>","yoast_head_json":{"title":"Estudiantes de la Escuela Adolfo Weber realizaron Pr\u00e1cticas Educativas en Coopar - Informe Litoral","robots":{"index":"index","follow":"follow","max-snippet":"max-snippet:-1","max-image-preview":"max-image-preview:large","max-video-preview":"max-video-preview:-1"},"canonical":"https:\/\/informelitoral.com.ar\/estudiantes-de-la-escuela-adolfo-weber-realizaron-practicas-educativas-en-coopar\/","og_locale":"es_ES","og_type":"article","og_title":"Estudiantes de la Escuela Adolfo Weber realizaron Pr\u00e1cticas Educativas en Coopar - Informe Litoral","og_description":"Las autoridades de la entidad educativa de Crucesitas Octava firmaron un convenio de colaboraci\u00f3n que permiti\u00f3 a estudiantes de 6\u00b0 A\u00f1o, Orientaci\u00f3n en Econom\u00eda y Administraci\u00f3n, realizar Pr\u00e1cticas Educativas en la sucursal de la cooperativa en esa localidad.","og_url":"https:\/\/informelitoral.com.ar\/estudiantes-de-la-escuela-adolfo-weber-realizaron-practicas-educativas-en-coopar\/","og_site_name":"Informe Litoral","article_publisher":"https:\/\/www.facebook.com\/informelitoral\/","article_published_time":"2025-11-26T23:13:28+00:00","og_image":[{"width":1600,"height":1200,"url":"https:\/\/drive.google.com\/thumbnail?id=1q1wSsAAM3WCjpuH_MoSJLo5g0vTqy9M7&sz=w2048","type":"image\/jpeg"}],"author":"Gonzalo Schmidt","twitter_card":"summary_large_image","twitter_creator":"@InformeLitoral","twitter_site":"@InformeLitoral","twitter_misc":{"Escrito por":"Gonzalo Schmidt","Tiempo de lectura":"2 minutos"},"schema":{"@context":"https:\/\/schema.org","@graph":[{"@type":"Article","@id":"https:\/\/informelitoral.com.ar\/estudiantes-de-la-escuela-adolfo-weber-realizaron-practicas-educativas-en-coopar\/#article","isPartOf":{"@id":"https:\/\/informelitoral.com.ar\/estudiantes-de-la-escuela-adolfo-weber-realizaron-practicas-educativas-en-coopar\/"},"author":{"name":"Gonzalo Schmidt","@id":"https:\/\/informelitoral.com.ar\/#\/schema\/person\/b9d00407c836482871ef1d57bf8e3180"},"headline":"Estudiantes de la Escuela Adolfo Weber realizaron Pr\u00e1cticas Educativas en Coopar","datePublished":"2025-11-26T23:13:28+00:00","mainEntityOfPage":{"@id":"https:\/\/informelitoral.com.ar\/estudiantes-de-la-escuela-adolfo-weber-realizaron-practicas-educativas-en-coopar\/"},"wordCount":234,"commentCount":0,"publisher":{"@id":"https:\/\/informelitoral.com.ar\/#organization"},"image":{"@id":"https:\/\/informelitoral.com.ar\/estudiantes-de-la-escuela-adolfo-weber-realizaron-practicas-educativas-en-coopar\/#primaryimage"},"thumbnailUrl":"https:\/\/drive.google.com\/thumbnail?id=1q1wSsAAM3WCjpuH_MoSJLo5g0vTqy9M7&sz=w2048","keywords":["Aranguren","Coopar","Cooperativa","Cooperativa Aranguren"],"articleSection":["Campo"],"inLanguage":"es","potentialAction":[{"@type":"CommentAction","name":"Comment","target":["https:\/\/informelitoral.com.ar\/estudiantes-de-la-escuela-adolfo-weber-realizaron-practicas-educativas-en-coopar\/#respond"]}]},{"@type":"WebPage","@id":"https:\/\/informelitoral.com.ar\/estudiantes-de-la-escuela-adolfo-weber-realizaron-practicas-educativas-en-coopar\/","url":"https:\/\/informelitoral.com.ar\/estudiantes-de-la-escuela-adolfo-weber-realizaron-practicas-educativas-en-coopar\/","name":"Estudiantes de la Escuela Adolfo Weber realizaron Pr\u00e1cticas Educativas en Coopar - Informe Litoral","isPartOf":{"@id":"https:\/\/informelitoral.com.ar\/#website"},"primaryImageOfPage":{"@id":"https:\/\/informelitoral.com.ar\/estudiantes-de-la-escuela-adolfo-weber-realizaron-practicas-educativas-en-coopar\/#primaryimage"},"image":{"@id":"https:\/\/informelitoral.com.ar\/estudiantes-de-la-escuela-adolfo-weber-realizaron-practicas-educativas-en-coopar\/#primaryimage"},"thumbnailUrl":"https:\/\/drive.google.com\/thumbnail?id=1q1wSsAAM3WCjpuH_MoSJLo5g0vTqy9M7&sz=w2048","datePublished":"2025-11-26T23:13:28+00:00","breadcrumb":{"@id":"https:\/\/informelitoral.com.ar\/estudiantes-de-la-escuela-adolfo-weber-realizaron-practicas-educativas-en-coopar\/#breadcrumb"},"inLanguage":"es","potentialAction":[{"@type":"ReadAction","target":["https:\/\/informelitoral.com.ar\/estudiantes-de-la-escuela-adolfo-weber-realizaron-practicas-educativas-en-coopar\/"]}]},{"@type":"ImageObject","inLanguage":"es","@id":"https:\/\/informelitoral.com.ar\/estudiantes-de-la-escuela-adolfo-weber-realizaron-practicas-educativas-en-coopar\/#primaryimage","url":"https:\/\/drive.google.com\/thumbnail?id=1q1wSsAAM3WCjpuH_MoSJLo5g0vTqy9M7&sz=w2048","contentUrl":"https:\/\/drive.google.com\/thumbnail?id=1q1wSsAAM3WCjpuH_MoSJLo5g0vTqy9M7&sz=w2048","width":1600,"height":1200},{"@type":"BreadcrumbList","@id":"https:\/\/informelitoral.com.ar\/estudiantes-de-la-escuela-adolfo-weber-realizaron-practicas-educativas-en-coopar\/#breadcrumb","itemListElement":[{"@type":"ListItem","position":1,"name":"Portada","item":"https:\/\/informelitoral.com.ar\/"},{"@type":"ListItem","position":2,"name":"Estudiantes de la Escuela Adolfo Weber realizaron Pr\u00e1cticas Educativas en Coopar"}]},{"@type":"WebSite","@id":"https:\/\/informelitoral.com.ar\/#website","url":"https:\/\/informelitoral.com.ar\/","name":"Informe Litoral","description":"&quot;Nos informamos&quot; ","publisher":{"@id":"https:\/\/informelitoral.com.ar\/#organization"},"potentialAction":[{"@type":"SearchAction","target":{"@type":"EntryPoint","urlTemplate":"https:\/\/informelitoral.com.ar\/?s={search_term_string}"},"query-input":{"@type":"PropertyValueSpecification","valueRequired":true,"valueName":"search_term_string"}}],"inLanguage":"es"},{"@type":"Organization","@id":"https:\/\/informelitoral.com.ar\/#organization","name":"Informe Litoral","url":"https:\/\/informelitoral.com.ar\/","logo":{"@type":"ImageObject","inLanguage":"es","@id":"https:\/\/informelitoral.com.ar\/#\/schema\/logo\/image\/","url":"https:\/\/informelitoral.com.ar\/%77%70%2d%63%6f%6e%74%65%6e%74\/uploads\/2021\/01\/circulo.png","contentUrl":"https:\/\/informelitoral.com.ar\/%77%70%2d%63%6f%6e%74%65%6e%74\/uploads\/2021\/01\/circulo.png","width":723,"height":731,"caption":"Informe Litoral"},"image":{"@id":"https:\/\/informelitoral.com.ar\/#\/schema\/logo\/image\/"},"sameAs":["https:\/\/www.facebook.com\/informelitoral\/","https:\/\/x.com\/InformeLitoral","https:\/\/www.instagram.com\/informelitoral\/","https:\/\/www.youtube.com\/channel\/UCua4Qvz8Icb6MYqhoq9xLXw"]},{"@type":"Person","@id":"https:\/\/informelitoral.com.ar\/#\/schema\/person\/b9d00407c836482871ef1d57bf8e3180","name":"Gonzalo Schmidt","image":{"@type":"ImageObject","inLanguage":"es","@id":"https:\/\/secure.gravatar.com\/avatar\/31a1a7b66ff2de83bd0e9fd79d026630d2d99e55e8bfe501287647b4fd9743de?s=96&d=mm&r=g","url":"https:\/\/secure.gravatar.com\/avatar\/31a1a7b66ff2de83bd0e9fd79d026630d2d99e55e8bfe501287647b4fd9743de?s=96&d=mm&r=g","contentUrl":"https:\/\/secure.gravatar.com\/avatar\/31a1a7b66ff2de83bd0e9fd79d026630d2d99e55e8bfe501287647b4fd9743de?s=96&d=mm&r=g","caption":"Gonzalo Schmidt"},"description":"Sitio web de noticias de la provincia de Entre R\u00edos, Argentina. Informaci\u00f3n y entretenimiento. Informe Litoral, nos informamos.","sameAs":["http:\/\/www.isletasnoticias.com.ar"],"url":"https:\/\/informelitoral.com.ar\/author\/gonzalo\/"}]}},"_links":{"self":[{"href":"https:\/\/informelitoral.com.ar\/%77%70%2d%6a%73%6f%6e\/wp\/v2\/posts\/241667","targetHints":{"allow":["GET"]}}],"collection":[{"href":"https:\/\/informelitoral.com.ar\/%77%70%2d%6a%73%6f%6e\/wp\/v2\/posts"}],"about":[{"href":"https:\/\/informelitoral.com.ar\/%77%70%2d%6a%73%6f%6e\/wp\/v2\/types\/post"}],"author":[{"embeddable":true,"href":"https:\/\/informelitoral.com.ar\/%77%70%2d%6a%73%6f%6e\/wp\/v2\/users\/2"}],"replies":[{"embeddable":true,"href":"https:\/\/informelitoral.com.ar\/%77%70%2d%6a%73%6f%6e\/wp\/v2\/comments?post=241667"}],"version-history":[{"count":1,"href":"https:\/\/informelitoral.com.ar\/%77%70%2d%6a%73%6f%6e\/wp\/v2\/posts\/241667\/revisions"}],"predecessor-version":[{"id":241669,"href":"https:\/\/informelitoral.com.ar\/%77%70%2d%6a%73%6f%6e\/wp\/v2\/posts\/241667\/revisions\/241669"}],"wp:featuredmedia":[{"embeddable":true,"href":"https:\/\/informelitoral.com.ar\/%77%70%2d%6a%73%6f%6e\/wp\/v2\/media\/241668"}],"wp:attachment":[{"href":"https:\/\/informelitoral.com.ar\/%77%70%2d%6a%73%6f%6e\/wp\/v2\/media?parent=241667"}],"wp:term":[{"taxonomy":"category","embeddable":true,"href":"https:\/\/informelitoral.com.ar\/%77%70%2d%6a%73%6f%6e\/wp\/v2\/categories?post=241667"},{"taxonomy":"post_tag","embeddable":true,"href":"https:\/\/informelitoral.com.ar\/%77%70%2d%6a%73%6f%6e\/wp\/v2\/tags?post=241667"}],"curies":[{"name":"wp","href":"https:\/\/api.w.org\/{rel}","templated":true}]}}