{"id":241624,"date":"2025-11-26T09:57:03","date_gmt":"2025-11-26T12:57:03","guid":{"rendered":"https:\/\/informelitoral.com.ar\/?p=241624"},"modified":"2025-11-26T19:52:41","modified_gmt":"2025-11-26T22:52:41","slug":"el-trigo-avanza-con-rindes-prometedores-mientras-que-el-lino-se-deseca-para-la-recoleccion","status":"publish","type":"post","link":"https:\/\/informelitoral.com.ar\/el-trigo-avanza-con-rindes-prometedores-mientras-que-el-lino-se-deseca-para-la-recoleccion\/","title":{"rendered":"El trigo avanza con rindes prometedores, mientras que el lino se deseca para la recolecci\u00f3n"},"content":{"rendered":"<p data-path-to-node=\"4\">Las <b>lluvias<\/b> persisten como factor determinante en el avance de la <b>cosecha de trigo<\/b> en Entre R\u00edos. Sobre una superficie proyectada de <b>700.000 hect\u00e1reas<\/b>, el progreso alcanza actualmente el <b>12%<\/b>.<\/p>\n<p data-path-to-node=\"5\">Los departamentos del <b>norte y oeste<\/b> de la provincia exhiben el mayor avance, especialmente en aquellos lotes de ciclos largos. Sin embargo, en el <b>sur y este<\/b>, la recolecci\u00f3n est\u00e1 demorada. La <b>elevada humedad en el grano<\/b> a causa de las precipitaciones impide el inicio de las labores en varios departamentos de estas zonas.<\/p>\n<p data-path-to-node=\"5\"><a href=\"https:\/\/informelitoral.com.ar\/%77%70%2d%63%6f%6e%74%65%6e%74\/uploads\/2022\/06\/trigo-maizal-696x390-1.jpg\"><img loading=\"lazy\" decoding=\"async\" class=\"alignnone size-full wp-image-79013\" src=\"https:\/\/informelitoral.com.ar\/%77%70%2d%63%6f%6e%74%65%6e%74\/uploads\/2022\/06\/trigo-maizal-696x390-1.jpg\" alt=\"\" width=\"696\" height=\"390\" srcset=\"https:\/\/informelitoral.com.ar\/%77%70%2d%63%6f%6e%74%65%6e%74\/uploads\/2022\/06\/trigo-maizal-696x390-1.jpg 696w, https:\/\/informelitoral.com.ar\/%77%70%2d%63%6f%6e%74%65%6e%74\/uploads\/2022\/06\/trigo-maizal-696x390-1-300x168.jpg 300w\" sizes=\"auto, (max-width: 696px) 100vw, 696px\" \/><\/a><\/p>\n<p data-path-to-node=\"6\">A pesar de los desaf\u00edos log\u00edsticos, los <b>rendimientos preliminares<\/b> ofrecen un panorama muy alentador. Los valores obtenidos hasta el momento <b>superan<\/b> el promedio de los \u00faltimos cinco a\u00f1os (<span class=\"math-inline\" data-math=\"3.336 \\text{ kg\/ha}\">$3.336 \\text{ kg\/ha}$<\/span>) y tambi\u00e9n el registrado en la campa\u00f1a anterior (<span class=\"math-inline\" data-math=\"3.186 \\text{ kg\/ha}\">$3.186 \\text{ kg\/ha}$<\/span>). Aunque la superficie cosechada es a\u00fan reducida, estas cifras permiten proyectar una campa\u00f1a de trigo con <b>perspectivas muy positivas<\/b>.<\/p>\n<h2><b>Lino 2025\/26: desaf\u00edo de malezas y uso de desecantes<\/b><\/h2>\n<p data-path-to-node=\"9\">En paralelo, se ha iniciado la cosecha de los primeros lotes de <b>lino<\/b> del ciclo 2025\/26, que cuenta con un \u00e1rea implantada de <b>8.000 hect\u00e1reas<\/b> en la provincia.<\/p>\n<p data-path-to-node=\"9\"><a href=\"https:\/\/informelitoral.com.ar\/%77%70%2d%63%6f%6e%74%65%6e%74\/uploads\/2024\/12\/lino-productor-entre-rios-infocampo.jpg\"><img loading=\"lazy\" decoding=\"async\" class=\"aligncenter wp-image-206869 size-full\" src=\"https:\/\/informelitoral.com.ar\/%77%70%2d%63%6f%6e%74%65%6e%74\/uploads\/2024\/12\/lino-productor-entre-rios-infocampo.jpg\" alt=\"\" width=\"1000\" height=\"570\" srcset=\"https:\/\/informelitoral.com.ar\/%77%70%2d%63%6f%6e%74%65%6e%74\/uploads\/2024\/12\/lino-productor-entre-rios-infocampo.jpg 1000w, https:\/\/informelitoral.com.ar\/%77%70%2d%63%6f%6e%74%65%6e%74\/uploads\/2024\/12\/lino-productor-entre-rios-infocampo-300x171.jpg 300w, https:\/\/informelitoral.com.ar\/%77%70%2d%63%6f%6e%74%65%6e%74\/uploads\/2024\/12\/lino-productor-entre-rios-infocampo-768x438.jpg 768w, https:\/\/informelitoral.com.ar\/%77%70%2d%63%6f%6e%74%65%6e%74\/uploads\/2024\/12\/lino-productor-entre-rios-infocampo-737x420.jpg 737w, https:\/\/informelitoral.com.ar\/%77%70%2d%63%6f%6e%74%65%6e%74\/uploads\/2024\/12\/lino-productor-entre-rios-infocampo-696x397.jpg 696w\" sizes=\"auto, (max-width: 1000px) 100vw, 1000px\" \/><\/a>La llegada de las <b>lluvias primaverales<\/b> ha provocado una significativa <b>emergencia de malezas<\/b>, tanto gram\u00edneas como latifoliadas. Esta situaci\u00f3n complica la normal realizaci\u00f3n de la cosecha, dado que el cultivo de lino no es un buen competidor contra la vegetaci\u00f3n adventicia.<\/p>\n<p data-path-to-node=\"11\">Ante este inconveniente, Colaboradores del SIBER informaron sobre la necesidad de realizar <b>tratamientos con herbicidas desecantes<\/b>. Esta pr\u00e1ctica es fundamental para uniformar la madurez y eliminar las malezas, garantizando as\u00ed una <b>cosecha eficiente<\/b> y de mayor calidad.<em>(Informe Litoral)<\/em><\/p>\n","protected":false},"excerpt":{"rendered":"<p>La cosecha de trigo alcanza el 12% de avance, superando los promedios hist\u00f3ricos de rendimiento, a pesar de los retrasos por humedad. El lino inicia su ciclo 2025\/26 con la aplicaci\u00f3n de desecantes para combatir malezas.<\/p>\n","protected":false},"author":8,"featured_media":86084,"comment_status":"open","ping_status":"open","sticky":false,"template":"","format":"standard","meta":{"fifu_image_url":"","fifu_image_alt":"","footnotes":""},"categories":[10],"tags":[3486,72,339],"class_list":{"0":"post-241624","1":"post","2":"type-post","3":"status-publish","4":"format-standard","5":"has-post-thumbnail","7":"category-campo","8":"tag-bolsa-de-cereales-de-entre-rios","9":"tag-cosecha","10":"tag-trigo"},"yoast_head":"<title>El trigo avanza con rindes prometedores, mientras que el lino se deseca para la recolecci\u00f3n - Informe Litoral<\/title>\n<meta name=\"robots\" content=\"index, follow, max-snippet:-1, max-image-preview:large, max-video-preview:-1\" \/>\n<link rel=\"canonical\" href=\"https:\/\/informelitoral.com.ar\/el-trigo-avanza-con-rindes-prometedores-mientras-que-el-lino-se-deseca-para-la-recoleccion\/\" \/>\n<meta property=\"og:locale\" content=\"es_ES\" \/>\n<meta property=\"og:type\" content=\"article\" \/>\n<meta property=\"og:title\" content=\"El trigo avanza con rindes prometedores, mientras que el lino se deseca para la recolecci\u00f3n - Informe Litoral\" \/>\n<meta property=\"og:description\" content=\"La cosecha de trigo alcanza el 12% de avance, superando los promedios hist\u00f3ricos de rendimiento, a pesar de los retrasos por humedad. El lino inicia su ciclo 2025\/26 con la aplicaci\u00f3n de desecantes para combatir malezas.\" \/>\n<meta property=\"og:url\" content=\"https:\/\/informelitoral.com.ar\/el-trigo-avanza-con-rindes-prometedores-mientras-que-el-lino-se-deseca-para-la-recoleccion\/\" \/>\n<meta property=\"og:site_name\" content=\"Informe Litoral\" \/>\n<meta property=\"article:publisher\" content=\"https:\/\/www.facebook.com\/informelitoral\/\" \/>\n<meta property=\"article:published_time\" content=\"2025-11-26T12:57:03+00:00\" \/>\n<meta property=\"article:modified_time\" content=\"2025-11-26T22:52:41+00:00\" \/>\n<meta property=\"og:image\" content=\"https:\/\/informelitoral.com.ar\/%77%70%2d%63%6f%6e%74%65%6e%74\/uploads\/2022\/09\/trigo-campo-696x464-1.jpg\" \/>\n\t<meta property=\"og:image:width\" content=\"696\" \/>\n\t<meta property=\"og:image:height\" content=\"464\" \/>\n\t<meta property=\"og:image:type\" content=\"image\/jpeg\" \/>\n<meta name=\"author\" content=\"Sebastian\" \/>\n<meta name=\"twitter:card\" content=\"summary_large_image\" \/>\n<meta name=\"twitter:creator\" content=\"@InformeLitoral\" \/>\n<meta name=\"twitter:site\" content=\"@InformeLitoral\" \/>\n<meta name=\"twitter:label1\" content=\"Escrito por\" \/>\n\t<meta name=\"twitter:data1\" content=\"Sebastian\" \/>\n\t<meta name=\"twitter:label2\" content=\"Tiempo de lectura\" \/>\n\t<meta name=\"twitter:data2\" content=\"2 minutos\" \/>\n<script type=\"application\/ld+json\" class=\"yoast-schema-graph\">{\"@context\":\"https:\\\/\\\/schema.org\",\"@graph\":[{\"@type\":\"Article\",\"@id\":\"https:\\\/\\\/informelitoral.com.ar\\\/el-trigo-avanza-con-rindes-prometedores-mientras-que-el-lino-se-deseca-para-la-recoleccion\\\/#article\",\"isPartOf\":{\"@id\":\"https:\\\/\\\/informelitoral.com.ar\\\/el-trigo-avanza-con-rindes-prometedores-mientras-que-el-lino-se-deseca-para-la-recoleccion\\\/\"},\"author\":{\"name\":\"Sebastian\",\"@id\":\"https:\\\/\\\/informelitoral.com.ar\\\/#\\\/schema\\\/person\\\/f05f9f461677119578717524b127d6d5\"},\"headline\":\"El trigo avanza con rindes prometedores, mientras que el lino se deseca para la recolecci\u00f3n\",\"datePublished\":\"2025-11-26T12:57:03+00:00\",\"dateModified\":\"2025-11-26T22:52:41+00:00\",\"mainEntityOfPage\":{\"@id\":\"https:\\\/\\\/informelitoral.com.ar\\\/el-trigo-avanza-con-rindes-prometedores-mientras-que-el-lino-se-deseca-para-la-recoleccion\\\/\"},\"wordCount\":290,\"commentCount\":0,\"publisher\":{\"@id\":\"https:\\\/\\\/informelitoral.com.ar\\\/#organization\"},\"image\":{\"@id\":\"https:\\\/\\\/informelitoral.com.ar\\\/el-trigo-avanza-con-rindes-prometedores-mientras-que-el-lino-se-deseca-para-la-recoleccion\\\/#primaryimage\"},\"thumbnailUrl\":\"https:\\\/\\\/informelitoral.com.ar\\\/%77%70%2d%63%6f%6e%74%65%6e%74\\\/uploads\\\/2022\\\/09\\\/trigo-campo-696x464-1.jpg\",\"keywords\":[\"Bolsa de Cereales de Entre R\u00edos\",\"Cosecha\",\"Trigo\"],\"articleSection\":[\"Campo\"],\"inLanguage\":\"es\",\"potentialAction\":[{\"@type\":\"CommentAction\",\"name\":\"Comment\",\"target\":[\"https:\\\/\\\/informelitoral.com.ar\\\/el-trigo-avanza-con-rindes-prometedores-mientras-que-el-lino-se-deseca-para-la-recoleccion\\\/#respond\"]}]},{\"@type\":\"WebPage\",\"@id\":\"https:\\\/\\\/informelitoral.com.ar\\\/el-trigo-avanza-con-rindes-prometedores-mientras-que-el-lino-se-deseca-para-la-recoleccion\\\/\",\"url\":\"https:\\\/\\\/informelitoral.com.ar\\\/el-trigo-avanza-con-rindes-prometedores-mientras-que-el-lino-se-deseca-para-la-recoleccion\\\/\",\"name\":\"El trigo avanza con rindes prometedores, mientras que el lino se deseca para la recolecci\u00f3n - Informe Litoral\",\"isPartOf\":{\"@id\":\"https:\\\/\\\/informelitoral.com.ar\\\/#website\"},\"primaryImageOfPage\":{\"@id\":\"https:\\\/\\\/informelitoral.com.ar\\\/el-trigo-avanza-con-rindes-prometedores-mientras-que-el-lino-se-deseca-para-la-recoleccion\\\/#primaryimage\"},\"image\":{\"@id\":\"https:\\\/\\\/informelitoral.com.ar\\\/el-trigo-avanza-con-rindes-prometedores-mientras-que-el-lino-se-deseca-para-la-recoleccion\\\/#primaryimage\"},\"thumbnailUrl\":\"https:\\\/\\\/informelitoral.com.ar\\\/%77%70%2d%63%6f%6e%74%65%6e%74\\\/uploads\\\/2022\\\/09\\\/trigo-campo-696x464-1.jpg\",\"datePublished\":\"2025-11-26T12:57:03+00:00\",\"dateModified\":\"2025-11-26T22:52:41+00:00\",\"breadcrumb\":{\"@id\":\"https:\\\/\\\/informelitoral.com.ar\\\/el-trigo-avanza-con-rindes-prometedores-mientras-que-el-lino-se-deseca-para-la-recoleccion\\\/#breadcrumb\"},\"inLanguage\":\"es\",\"potentialAction\":[{\"@type\":\"ReadAction\",\"target\":[\"https:\\\/\\\/informelitoral.com.ar\\\/el-trigo-avanza-con-rindes-prometedores-mientras-que-el-lino-se-deseca-para-la-recoleccion\\\/\"]}]},{\"@type\":\"ImageObject\",\"inLanguage\":\"es\",\"@id\":\"https:\\\/\\\/informelitoral.com.ar\\\/el-trigo-avanza-con-rindes-prometedores-mientras-que-el-lino-se-deseca-para-la-recoleccion\\\/#primaryimage\",\"url\":\"https:\\\/\\\/informelitoral.com.ar\\\/%77%70%2d%63%6f%6e%74%65%6e%74\\\/uploads\\\/2022\\\/09\\\/trigo-campo-696x464-1.jpg\",\"contentUrl\":\"https:\\\/\\\/informelitoral.com.ar\\\/%77%70%2d%63%6f%6e%74%65%6e%74\\\/uploads\\\/2022\\\/09\\\/trigo-campo-696x464-1.jpg\",\"width\":696,\"height\":464},{\"@type\":\"BreadcrumbList\",\"@id\":\"https:\\\/\\\/informelitoral.com.ar\\\/el-trigo-avanza-con-rindes-prometedores-mientras-que-el-lino-se-deseca-para-la-recoleccion\\\/#breadcrumb\",\"itemListElement\":[{\"@type\":\"ListItem\",\"position\":1,\"name\":\"Portada\",\"item\":\"https:\\\/\\\/informelitoral.com.ar\\\/\"},{\"@type\":\"ListItem\",\"position\":2,\"name\":\"El trigo avanza con rindes prometedores, mientras que el lino se deseca para la recolecci\u00f3n\"}]},{\"@type\":\"WebSite\",\"@id\":\"https:\\\/\\\/informelitoral.com.ar\\\/#website\",\"url\":\"https:\\\/\\\/informelitoral.com.ar\\\/\",\"name\":\"Informe Litoral\",\"description\":\"&quot;Nos informamos&quot; \",\"publisher\":{\"@id\":\"https:\\\/\\\/informelitoral.com.ar\\\/#organization\"},\"potentialAction\":[{\"@type\":\"SearchAction\",\"target\":{\"@type\":\"EntryPoint\",\"urlTemplate\":\"https:\\\/\\\/informelitoral.com.ar\\\/?s={search_term_string}\"},\"query-input\":{\"@type\":\"PropertyValueSpecification\",\"valueRequired\":true,\"valueName\":\"search_term_string\"}}],\"inLanguage\":\"es\"},{\"@type\":\"Organization\",\"@id\":\"https:\\\/\\\/informelitoral.com.ar\\\/#organization\",\"name\":\"Informe Litoral\",\"url\":\"https:\\\/\\\/informelitoral.com.ar\\\/\",\"logo\":{\"@type\":\"ImageObject\",\"inLanguage\":\"es\",\"@id\":\"https:\\\/\\\/informelitoral.com.ar\\\/#\\\/schema\\\/logo\\\/image\\\/\",\"url\":\"https:\\\/\\\/informelitoral.com.ar\\\/%77%70%2d%63%6f%6e%74%65%6e%74\\\/uploads\\\/2021\\\/01\\\/circulo.png\",\"contentUrl\":\"https:\\\/\\\/informelitoral.com.ar\\\/%77%70%2d%63%6f%6e%74%65%6e%74\\\/uploads\\\/2021\\\/01\\\/circulo.png\",\"width\":723,\"height\":731,\"caption\":\"Informe Litoral\"},\"image\":{\"@id\":\"https:\\\/\\\/informelitoral.com.ar\\\/#\\\/schema\\\/logo\\\/image\\\/\"},\"sameAs\":[\"https:\\\/\\\/www.facebook.com\\\/informelitoral\\\/\",\"https:\\\/\\\/x.com\\\/InformeLitoral\",\"https:\\\/\\\/www.instagram.com\\\/informelitoral\\\/\",\"https:\\\/\\\/www.youtube.com\\\/channel\\\/UCua4Qvz8Icb6MYqhoq9xLXw\"]},{\"@type\":\"Person\",\"@id\":\"https:\\\/\\\/informelitoral.com.ar\\\/#\\\/schema\\\/person\\\/f05f9f461677119578717524b127d6d5\",\"name\":\"Sebastian\",\"image\":{\"@type\":\"ImageObject\",\"inLanguage\":\"es\",\"@id\":\"https:\\\/\\\/secure.gravatar.com\\\/avatar\\\/b71bf7481d447dfb9583c7f2798e7cc64de6efb9067b74633ed8c31059a3bd82?s=96&d=mm&r=g\",\"url\":\"https:\\\/\\\/secure.gravatar.com\\\/avatar\\\/b71bf7481d447dfb9583c7f2798e7cc64de6efb9067b74633ed8c31059a3bd82?s=96&d=mm&r=g\",\"contentUrl\":\"https:\\\/\\\/secure.gravatar.com\\\/avatar\\\/b71bf7481d447dfb9583c7f2798e7cc64de6efb9067b74633ed8c31059a3bd82?s=96&d=mm&r=g\",\"caption\":\"Sebastian\"},\"url\":\"https:\\\/\\\/informelitoral.com.ar\\\/author\\\/sebastian\\\/\"}]}<\/script>","yoast_head_json":{"title":"El trigo avanza con rindes prometedores, mientras que el lino se deseca para la recolecci\u00f3n - Informe Litoral","robots":{"index":"index","follow":"follow","max-snippet":"max-snippet:-1","max-image-preview":"max-image-preview:large","max-video-preview":"max-video-preview:-1"},"canonical":"https:\/\/informelitoral.com.ar\/el-trigo-avanza-con-rindes-prometedores-mientras-que-el-lino-se-deseca-para-la-recoleccion\/","og_locale":"es_ES","og_type":"article","og_title":"El trigo avanza con rindes prometedores, mientras que el lino se deseca para la recolecci\u00f3n - Informe Litoral","og_description":"La cosecha de trigo alcanza el 12% de avance, superando los promedios hist\u00f3ricos de rendimiento, a pesar de los retrasos por humedad. El lino inicia su ciclo 2025\/26 con la aplicaci\u00f3n de desecantes para combatir malezas.","og_url":"https:\/\/informelitoral.com.ar\/el-trigo-avanza-con-rindes-prometedores-mientras-que-el-lino-se-deseca-para-la-recoleccion\/","og_site_name":"Informe Litoral","article_publisher":"https:\/\/www.facebook.com\/informelitoral\/","article_published_time":"2025-11-26T12:57:03+00:00","article_modified_time":"2025-11-26T22:52:41+00:00","og_image":[{"width":696,"height":464,"url":"https:\/\/informelitoral.com.ar\/%77%70%2d%63%6f%6e%74%65%6e%74\/uploads\/2022\/09\/trigo-campo-696x464-1.jpg","type":"image\/jpeg"}],"author":"Sebastian","twitter_card":"summary_large_image","twitter_creator":"@InformeLitoral","twitter_site":"@InformeLitoral","twitter_misc":{"Escrito por":"Sebastian","Tiempo de lectura":"2 minutos"},"schema":{"@context":"https:\/\/schema.org","@graph":[{"@type":"Article","@id":"https:\/\/informelitoral.com.ar\/el-trigo-avanza-con-rindes-prometedores-mientras-que-el-lino-se-deseca-para-la-recoleccion\/#article","isPartOf":{"@id":"https:\/\/informelitoral.com.ar\/el-trigo-avanza-con-rindes-prometedores-mientras-que-el-lino-se-deseca-para-la-recoleccion\/"},"author":{"name":"Sebastian","@id":"https:\/\/informelitoral.com.ar\/#\/schema\/person\/f05f9f461677119578717524b127d6d5"},"headline":"El trigo avanza con rindes prometedores, mientras que el lino se deseca para la recolecci\u00f3n","datePublished":"2025-11-26T12:57:03+00:00","dateModified":"2025-11-26T22:52:41+00:00","mainEntityOfPage":{"@id":"https:\/\/informelitoral.com.ar\/el-trigo-avanza-con-rindes-prometedores-mientras-que-el-lino-se-deseca-para-la-recoleccion\/"},"wordCount":290,"commentCount":0,"publisher":{"@id":"https:\/\/informelitoral.com.ar\/#organization"},"image":{"@id":"https:\/\/informelitoral.com.ar\/el-trigo-avanza-con-rindes-prometedores-mientras-que-el-lino-se-deseca-para-la-recoleccion\/#primaryimage"},"thumbnailUrl":"https:\/\/informelitoral.com.ar\/%77%70%2d%63%6f%6e%74%65%6e%74\/uploads\/2022\/09\/trigo-campo-696x464-1.jpg","keywords":["Bolsa de Cereales de Entre R\u00edos","Cosecha","Trigo"],"articleSection":["Campo"],"inLanguage":"es","potentialAction":[{"@type":"CommentAction","name":"Comment","target":["https:\/\/informelitoral.com.ar\/el-trigo-avanza-con-rindes-prometedores-mientras-que-el-lino-se-deseca-para-la-recoleccion\/#respond"]}]},{"@type":"WebPage","@id":"https:\/\/informelitoral.com.ar\/el-trigo-avanza-con-rindes-prometedores-mientras-que-el-lino-se-deseca-para-la-recoleccion\/","url":"https:\/\/informelitoral.com.ar\/el-trigo-avanza-con-rindes-prometedores-mientras-que-el-lino-se-deseca-para-la-recoleccion\/","name":"El trigo avanza con rindes prometedores, mientras que el lino se deseca para la recolecci\u00f3n - Informe Litoral","isPartOf":{"@id":"https:\/\/informelitoral.com.ar\/#website"},"primaryImageOfPage":{"@id":"https:\/\/informelitoral.com.ar\/el-trigo-avanza-con-rindes-prometedores-mientras-que-el-lino-se-deseca-para-la-recoleccion\/#primaryimage"},"image":{"@id":"https:\/\/informelitoral.com.ar\/el-trigo-avanza-con-rindes-prometedores-mientras-que-el-lino-se-deseca-para-la-recoleccion\/#primaryimage"},"thumbnailUrl":"https:\/\/informelitoral.com.ar\/%77%70%2d%63%6f%6e%74%65%6e%74\/uploads\/2022\/09\/trigo-campo-696x464-1.jpg","datePublished":"2025-11-26T12:57:03+00:00","dateModified":"2025-11-26T22:52:41+00:00","breadcrumb":{"@id":"https:\/\/informelitoral.com.ar\/el-trigo-avanza-con-rindes-prometedores-mientras-que-el-lino-se-deseca-para-la-recoleccion\/#breadcrumb"},"inLanguage":"es","potentialAction":[{"@type":"ReadAction","target":["https:\/\/informelitoral.com.ar\/el-trigo-avanza-con-rindes-prometedores-mientras-que-el-lino-se-deseca-para-la-recoleccion\/"]}]},{"@type":"ImageObject","inLanguage":"es","@id":"https:\/\/informelitoral.com.ar\/el-trigo-avanza-con-rindes-prometedores-mientras-que-el-lino-se-deseca-para-la-recoleccion\/#primaryimage","url":"https:\/\/informelitoral.com.ar\/%77%70%2d%63%6f%6e%74%65%6e%74\/uploads\/2022\/09\/trigo-campo-696x464-1.jpg","contentUrl":"https:\/\/informelitoral.com.ar\/%77%70%2d%63%6f%6e%74%65%6e%74\/uploads\/2022\/09\/trigo-campo-696x464-1.jpg","width":696,"height":464},{"@type":"BreadcrumbList","@id":"https:\/\/informelitoral.com.ar\/el-trigo-avanza-con-rindes-prometedores-mientras-que-el-lino-se-deseca-para-la-recoleccion\/#breadcrumb","itemListElement":[{"@type":"ListItem","position":1,"name":"Portada","item":"https:\/\/informelitoral.com.ar\/"},{"@type":"ListItem","position":2,"name":"El trigo avanza con rindes prometedores, mientras que el lino se deseca para la recolecci\u00f3n"}]},{"@type":"WebSite","@id":"https:\/\/informelitoral.com.ar\/#website","url":"https:\/\/informelitoral.com.ar\/","name":"Informe Litoral","description":"&quot;Nos informamos&quot; ","publisher":{"@id":"https:\/\/informelitoral.com.ar\/#organization"},"potentialAction":[{"@type":"SearchAction","target":{"@type":"EntryPoint","urlTemplate":"https:\/\/informelitoral.com.ar\/?s={search_term_string}"},"query-input":{"@type":"PropertyValueSpecification","valueRequired":true,"valueName":"search_term_string"}}],"inLanguage":"es"},{"@type":"Organization","@id":"https:\/\/informelitoral.com.ar\/#organization","name":"Informe Litoral","url":"https:\/\/informelitoral.com.ar\/","logo":{"@type":"ImageObject","inLanguage":"es","@id":"https:\/\/informelitoral.com.ar\/#\/schema\/logo\/image\/","url":"https:\/\/informelitoral.com.ar\/%77%70%2d%63%6f%6e%74%65%6e%74\/uploads\/2021\/01\/circulo.png","contentUrl":"https:\/\/informelitoral.com.ar\/%77%70%2d%63%6f%6e%74%65%6e%74\/uploads\/2021\/01\/circulo.png","width":723,"height":731,"caption":"Informe Litoral"},"image":{"@id":"https:\/\/informelitoral.com.ar\/#\/schema\/logo\/image\/"},"sameAs":["https:\/\/www.facebook.com\/informelitoral\/","https:\/\/x.com\/InformeLitoral","https:\/\/www.instagram.com\/informelitoral\/","https:\/\/www.youtube.com\/channel\/UCua4Qvz8Icb6MYqhoq9xLXw"]},{"@type":"Person","@id":"https:\/\/informelitoral.com.ar\/#\/schema\/person\/f05f9f461677119578717524b127d6d5","name":"Sebastian","image":{"@type":"ImageObject","inLanguage":"es","@id":"https:\/\/secure.gravatar.com\/avatar\/b71bf7481d447dfb9583c7f2798e7cc64de6efb9067b74633ed8c31059a3bd82?s=96&d=mm&r=g","url":"https:\/\/secure.gravatar.com\/avatar\/b71bf7481d447dfb9583c7f2798e7cc64de6efb9067b74633ed8c31059a3bd82?s=96&d=mm&r=g","contentUrl":"https:\/\/secure.gravatar.com\/avatar\/b71bf7481d447dfb9583c7f2798e7cc64de6efb9067b74633ed8c31059a3bd82?s=96&d=mm&r=g","caption":"Sebastian"},"url":"https:\/\/informelitoral.com.ar\/author\/sebastian\/"}]}},"_links":{"self":[{"href":"https:\/\/informelitoral.com.ar\/%77%70%2d%6a%73%6f%6e\/wp\/v2\/posts\/241624","targetHints":{"allow":["GET"]}}],"collection":[{"href":"https:\/\/informelitoral.com.ar\/%77%70%2d%6a%73%6f%6e\/wp\/v2\/posts"}],"about":[{"href":"https:\/\/informelitoral.com.ar\/%77%70%2d%6a%73%6f%6e\/wp\/v2\/types\/post"}],"author":[{"embeddable":true,"href":"https:\/\/informelitoral.com.ar\/%77%70%2d%6a%73%6f%6e\/wp\/v2\/users\/8"}],"replies":[{"embeddable":true,"href":"https:\/\/informelitoral.com.ar\/%77%70%2d%6a%73%6f%6e\/wp\/v2\/comments?post=241624"}],"version-history":[{"count":2,"href":"https:\/\/informelitoral.com.ar\/%77%70%2d%6a%73%6f%6e\/wp\/v2\/posts\/241624\/revisions"}],"predecessor-version":[{"id":241661,"href":"https:\/\/informelitoral.com.ar\/%77%70%2d%6a%73%6f%6e\/wp\/v2\/posts\/241624\/revisions\/241661"}],"wp:featuredmedia":[{"embeddable":true,"href":"https:\/\/informelitoral.com.ar\/%77%70%2d%6a%73%6f%6e\/wp\/v2\/media\/86084"}],"wp:attachment":[{"href":"https:\/\/informelitoral.com.ar\/%77%70%2d%6a%73%6f%6e\/wp\/v2\/media?parent=241624"}],"wp:term":[{"taxonomy":"category","embeddable":true,"href":"https:\/\/informelitoral.com.ar\/%77%70%2d%6a%73%6f%6e\/wp\/v2\/categories?post=241624"},{"taxonomy":"post_tag","embeddable":true,"href":"https:\/\/informelitoral.com.ar\/%77%70%2d%6a%73%6f%6e\/wp\/v2\/tags?post=241624"}],"curies":[{"name":"wp","href":"https:\/\/api.w.org\/{rel}","templated":true}]}}