{"id":241569,"date":"2025-11-26T06:45:27","date_gmt":"2025-11-26T09:45:27","guid":{"rendered":"https:\/\/informelitoral.com.ar\/?p=241569"},"modified":"2025-11-26T06:45:27","modified_gmt":"2025-11-26T09:45:27","slug":"el-colegio-historico-de-concepcion-del-uruguay-recibe-a-la-camara-de-diputados","status":"publish","type":"post","link":"https:\/\/informelitoral.com.ar\/el-colegio-historico-de-concepcion-del-uruguay-recibe-a-la-camara-de-diputados\/","title":{"rendered":"El Colegio Hist\u00f3rico de Concepci\u00f3n del Uruguay recibe a la C\u00e1mara de Diputados"},"content":{"rendered":"<p>Este mi\u00e9rcoles 26 de noviembre tendr\u00e1 lugar un hecho trascendente en la historia de la C\u00e1mara de Diputados de la provincia: tendr\u00e1 sus reuniones de comisi\u00f3n y la sesi\u00f3n en el hist\u00f3rico Colegio Superior del Uruguay, en conmemoraci\u00f3n del primer encuentro formal de la Legislatura entrerriana, ocurrido all\u00ed en 1860. Desde las 9 en el patio del colegio primero, para luego trasladarse a galer\u00edas, biblioteca y sal\u00f3n de actos, se suceder\u00e1n distintas instancias de la c\u00e1mara baja, con la presencia de todos los legisladores y la presidencia de <strong>Gustavo Hein.\u00a0<\/strong><\/p>\n<p>A prop\u00f3sito, Hein adelant\u00f3 que \u201des un honor sesionar en este lugar hist\u00f3rico; \u00a0implica mucho trabajo de todas las \u00e1reas de la C\u00e1mara, sobre todo de Modernizaci\u00f3n y Comunicaci\u00f3n, pero creemos que vale la pena. Es la segunda vez que la C\u00e1mara sesiona fuera de Paran\u00e1 \u2013la primera fue en Gualeguaych\u00fa, por el conflicto con las papeleras-, y en este caso, por este importante aniversario\u201d expres\u00f3.<\/p>\n<p>El historiador y muse\u00f3logo <strong>Carlos Iriarte,<\/strong> recientemente designado director del Palacio San Jos\u00e9, dialog\u00f3 con<em> Radio Diputados<\/em> para ofrecer detalles del hecho hist\u00f3rico que se recuerda \u00a0y la instituci\u00f3n que sirve de marco esencial. \u201cHace 165 a\u00f1os se reun\u00eda por primera vez la Legislatura entrerriana, ya que se reforma la Constituci\u00f3n, luego de que Entre R\u00edos fuera sede de la Confederaci\u00f3n Argentina y por lo tanto se federalizara todo su territorio. Cuando la provincia vuelve a constituirse como tal, y Concepci\u00f3n del Uruguay se restaura como capital de la misma \u2013hasta 1883 que pasa a Paran\u00e1-, es que se da esta primera sesi\u00f3n, el 26 de noviembre de 1860\u201d.<\/p>\n<p>En cuanto a la instituci\u00f3n en la que se realizar\u00e1 esta jornada, El Colegio Superior del Uruguay \u00abJusto Jos\u00e9 de Urquiza\u00bb, conocido como \u201cel Hist\u00f3rico\u201d, fue creado en 1849 por el pr\u00f3cer entrerriano como la primera escuela secundaria, laica y gratuita del pa\u00eds. Por sus pasillos y aulas transitaron tres presidentes argentinos: Julio Argentino Roca, Victorino de la Plaza y Arturo Frondizi, as\u00ed como dos presidentes del Paraguay, por mencionar los m\u00e1s distinguidos. Su destacado y bien mantenido edificio se inaugur\u00f3 en 1851 y fue declarado en 1942 \u201cMonumento Hist\u00f3rico Nacional\u201d. Al respecto, Iriarte se\u00f1al\u00f3 que \u201ctodo el casco hist\u00f3rico de Concepci\u00f3n del Uruguay nos recuerda la importancia pol\u00edtica de Entre R\u00edos en la organizaci\u00f3n de nuestro pa\u00eds, en el aspecto institucional, y por supuesto el Colegio, que fue iglesia, casa de gobierno y legislatura, a lo largo de los a\u00f1os\u201d.<\/p>\n<p>Este mi\u00e9rcoles la jornada homenaje comenzar\u00e1 a las 9 con un acto de apertura en el patio del Colegio. Posteriormente, se ofrecer\u00e1 la conferencia \u201cLa ciudad que salv\u00f3 el Congreso Constituyente de 1852\u201d, a cargo del profesor Orlando Busiello. Las actividades continuar\u00e1n con la reuni\u00f3n de comisiones, para finalizar con una sesi\u00f3n especial en el Sal\u00f3n de Actos Alejo Peyret, donde se tratar\u00e1n los temas correspondientes al orden del d\u00eda.<\/p>\n<p>En la actualidad, el colegio sigue funcionando como establecimiento educativo de nivel secundario y universitario; la formaci\u00f3n secundaria est\u00e1 bajo la \u00f3rbita de la Facultad de Ciencia y Tecnolog\u00eda, y la universitaria de la Facultad de Ciencias de la Gesti\u00f3n, ambas facultades de la Universidad Aut\u00f3noma de Entre R\u00edos. Con la colaboraci\u00f3n significativa de estas dependencias se concreta esta iniciativa que, en las palabras del presidente de Diputados \u201cbusca una vez m\u00e1s abrir la C\u00e1mara, acercando a todos los entrerrianos lo que hacemos en este \u00e1mbito\u201d, sintetiz\u00f3 Hein.<\/p>\n<h2><strong>ESCUCH\u00c1 LA ENTREVISTA:\u00a0<\/strong><\/h2>\n<p><iframe title=\"Spotify Embed: El Colegio Hist\u00f3rico de Concepci\u00f3n del Uruguay recibe a la C\u00e1mara de Diputados\" style=\"border-radius: 12px\" width=\"100%\" height=\"152\" frameborder=\"0\" allowfullscreen allow=\"autoplay; clipboard-write; encrypted-media; fullscreen; picture-in-picture\" loading=\"lazy\" src=\"https:\/\/open.spotify.com\/embed\/episode\/2Q9jwvx8dBCjWPOZytNSGM?go=1&#038;sp_cid=4d9b7ca56c0a090e8179ea70f5167650&#038;utm_source=oembed&#038;utm_medium=desktop\"><\/iframe><\/p>\n<h6><em><strong>Del archivo:\u00a0<a href=\"https:\/\/informelitoral.com.ar\/comisiones-analisis-y-avances-en-el-estudio-de-varios-proyectos-de-ley\/\" target=\"_blank\" rel=\"noopener\">Comisiones: an\u00e1lisis y avances en el estudio de varios proyectos de ley<\/a><\/strong><\/em><\/h6>\n","protected":false},"excerpt":{"rendered":"<p>A 165 a\u00f1os de la primera sesi\u00f3n de la Legislatura entrerriana, la C\u00e1mara de Diputados vuelve a sesionar este mi\u00e9rcoles en el mismo lugar, el Colegio Superior Justo Jos\u00e9 de Urquiza de Concepci\u00f3n del Uruguay.<\/p>\n","protected":false},"author":2,"featured_media":241570,"comment_status":"open","ping_status":"open","sticky":false,"template":"","format":"standard","meta":{"fifu_image_url":"https:\/\/www.daleconcepcion.com.ar\/wp-content\/uploads\/2025\/11\/Mirador-del-Colegio.png","fifu_image_alt":"","footnotes":""},"categories":[16],"tags":[3627,171,196,1195],"class_list":{"0":"post-241569","1":"post","2":"type-post","3":"status-publish","4":"format-standard","5":"has-post-thumbnail","7":"category-politi","8":"tag-camara-de-diputados","9":"tag-concepcion-del-uruguay","10":"tag-diputados","11":"tag-sesion"},"yoast_head":"<title>El Colegio Hist\u00f3rico de Concepci\u00f3n del Uruguay recibe a la C\u00e1mara de Diputados - Informe Litoral<\/title>\n<meta name=\"robots\" content=\"index, follow, max-snippet:-1, max-image-preview:large, max-video-preview:-1\" \/>\n<link rel=\"canonical\" href=\"https:\/\/informelitoral.com.ar\/el-colegio-historico-de-concepcion-del-uruguay-recibe-a-la-camara-de-diputados\/\" \/>\n<meta property=\"og:locale\" content=\"es_ES\" \/>\n<meta property=\"og:type\" content=\"article\" \/>\n<meta property=\"og:title\" content=\"El Colegio Hist\u00f3rico de Concepci\u00f3n del Uruguay recibe a la C\u00e1mara de Diputados - Informe Litoral\" \/>\n<meta property=\"og:description\" content=\"A 165 a\u00f1os de la primera sesi\u00f3n de la Legislatura entrerriana, la C\u00e1mara de Diputados vuelve a sesionar este mi\u00e9rcoles en el mismo lugar, el Colegio Superior Justo Jos\u00e9 de Urquiza de Concepci\u00f3n del Uruguay.\" \/>\n<meta property=\"og:url\" content=\"https:\/\/informelitoral.com.ar\/el-colegio-historico-de-concepcion-del-uruguay-recibe-a-la-camara-de-diputados\/\" \/>\n<meta property=\"og:site_name\" content=\"Informe Litoral\" \/>\n<meta property=\"article:publisher\" content=\"https:\/\/www.facebook.com\/informelitoral\/\" \/>\n<meta property=\"article:published_time\" content=\"2025-11-26T09:45:27+00:00\" \/>\n<meta property=\"og:image\" content=\"https:\/\/www.daleconcepcion.com.ar\/%77%70%2d%63%6f%6e%74%65%6e%74\/uploads\/2025\/11\/Mirador-del-Colegio.png\" \/>\n<meta name=\"author\" content=\"Gonzalo Schmidt\" \/>\n<meta name=\"twitter:card\" content=\"summary_large_image\" \/>\n<meta name=\"twitter:image\" content=\"https:\/\/www.daleconcepcion.com.ar\/%77%70%2d%63%6f%6e%74%65%6e%74\/uploads\/2025\/11\/Mirador-del-Colegio.png\" \/>\n<meta name=\"twitter:creator\" content=\"@InformeLitoral\" \/>\n<meta name=\"twitter:site\" content=\"@InformeLitoral\" \/>\n<meta name=\"twitter:label1\" content=\"Escrito por\" \/>\n\t<meta name=\"twitter:data1\" content=\"Gonzalo Schmidt\" \/>\n\t<meta name=\"twitter:label2\" content=\"Tiempo de lectura\" \/>\n\t<meta name=\"twitter:data2\" content=\"3 minutos\" \/>\n<script type=\"application\/ld+json\" class=\"yoast-schema-graph\">{\"@context\":\"https:\\\/\\\/schema.org\",\"@graph\":[{\"@type\":\"Article\",\"@id\":\"https:\\\/\\\/informelitoral.com.ar\\\/el-colegio-historico-de-concepcion-del-uruguay-recibe-a-la-camara-de-diputados\\\/#article\",\"isPartOf\":{\"@id\":\"https:\\\/\\\/informelitoral.com.ar\\\/el-colegio-historico-de-concepcion-del-uruguay-recibe-a-la-camara-de-diputados\\\/\"},\"author\":{\"name\":\"Gonzalo Schmidt\",\"@id\":\"https:\\\/\\\/informelitoral.com.ar\\\/#\\\/schema\\\/person\\\/b9d00407c836482871ef1d57bf8e3180\"},\"headline\":\"El Colegio Hist\u00f3rico de Concepci\u00f3n del Uruguay recibe a la C\u00e1mara de Diputados\",\"datePublished\":\"2025-11-26T09:45:27+00:00\",\"mainEntityOfPage\":{\"@id\":\"https:\\\/\\\/informelitoral.com.ar\\\/el-colegio-historico-de-concepcion-del-uruguay-recibe-a-la-camara-de-diputados\\\/\"},\"wordCount\":672,\"commentCount\":0,\"publisher\":{\"@id\":\"https:\\\/\\\/informelitoral.com.ar\\\/#organization\"},\"image\":{\"@id\":\"https:\\\/\\\/informelitoral.com.ar\\\/el-colegio-historico-de-concepcion-del-uruguay-recibe-a-la-camara-de-diputados\\\/#primaryimage\"},\"thumbnailUrl\":\"https:\\\/\\\/www.daleconcepcion.com.ar\\\/%77%70%2d%63%6f%6e%74%65%6e%74\\\/uploads\\\/2025\\\/11\\\/Mirador-del-Colegio.png\",\"keywords\":[\"C\u00e1mara de Diputados\",\"Concepci\u00f3n del Uruguay\",\"Diputados\",\"Sesi\u00f3n\"],\"articleSection\":[\"Politica\"],\"inLanguage\":\"es\",\"potentialAction\":[{\"@type\":\"CommentAction\",\"name\":\"Comment\",\"target\":[\"https:\\\/\\\/informelitoral.com.ar\\\/el-colegio-historico-de-concepcion-del-uruguay-recibe-a-la-camara-de-diputados\\\/#respond\"]}]},{\"@type\":\"WebPage\",\"@id\":\"https:\\\/\\\/informelitoral.com.ar\\\/el-colegio-historico-de-concepcion-del-uruguay-recibe-a-la-camara-de-diputados\\\/\",\"url\":\"https:\\\/\\\/informelitoral.com.ar\\\/el-colegio-historico-de-concepcion-del-uruguay-recibe-a-la-camara-de-diputados\\\/\",\"name\":\"El Colegio Hist\u00f3rico de Concepci\u00f3n del Uruguay recibe a la C\u00e1mara de Diputados - Informe Litoral\",\"isPartOf\":{\"@id\":\"https:\\\/\\\/informelitoral.com.ar\\\/#website\"},\"primaryImageOfPage\":{\"@id\":\"https:\\\/\\\/informelitoral.com.ar\\\/el-colegio-historico-de-concepcion-del-uruguay-recibe-a-la-camara-de-diputados\\\/#primaryimage\"},\"image\":{\"@id\":\"https:\\\/\\\/informelitoral.com.ar\\\/el-colegio-historico-de-concepcion-del-uruguay-recibe-a-la-camara-de-diputados\\\/#primaryimage\"},\"thumbnailUrl\":\"https:\\\/\\\/www.daleconcepcion.com.ar\\\/%77%70%2d%63%6f%6e%74%65%6e%74\\\/uploads\\\/2025\\\/11\\\/Mirador-del-Colegio.png\",\"datePublished\":\"2025-11-26T09:45:27+00:00\",\"breadcrumb\":{\"@id\":\"https:\\\/\\\/informelitoral.com.ar\\\/el-colegio-historico-de-concepcion-del-uruguay-recibe-a-la-camara-de-diputados\\\/#breadcrumb\"},\"inLanguage\":\"es\",\"potentialAction\":[{\"@type\":\"ReadAction\",\"target\":[\"https:\\\/\\\/informelitoral.com.ar\\\/el-colegio-historico-de-concepcion-del-uruguay-recibe-a-la-camara-de-diputados\\\/\"]}]},{\"@type\":\"ImageObject\",\"inLanguage\":\"es\",\"@id\":\"https:\\\/\\\/informelitoral.com.ar\\\/el-colegio-historico-de-concepcion-del-uruguay-recibe-a-la-camara-de-diputados\\\/#primaryimage\",\"url\":\"https:\\\/\\\/www.daleconcepcion.com.ar\\\/%77%70%2d%63%6f%6e%74%65%6e%74\\\/uploads\\\/2025\\\/11\\\/Mirador-del-Colegio.png\",\"contentUrl\":\"https:\\\/\\\/www.daleconcepcion.com.ar\\\/%77%70%2d%63%6f%6e%74%65%6e%74\\\/uploads\\\/2025\\\/11\\\/Mirador-del-Colegio.png\",\"width\":\"853\",\"height\":\"510\"},{\"@type\":\"BreadcrumbList\",\"@id\":\"https:\\\/\\\/informelitoral.com.ar\\\/el-colegio-historico-de-concepcion-del-uruguay-recibe-a-la-camara-de-diputados\\\/#breadcrumb\",\"itemListElement\":[{\"@type\":\"ListItem\",\"position\":1,\"name\":\"Portada\",\"item\":\"https:\\\/\\\/informelitoral.com.ar\\\/\"},{\"@type\":\"ListItem\",\"position\":2,\"name\":\"El Colegio Hist\u00f3rico de Concepci\u00f3n del Uruguay recibe a la C\u00e1mara de Diputados\"}]},{\"@type\":\"WebSite\",\"@id\":\"https:\\\/\\\/informelitoral.com.ar\\\/#website\",\"url\":\"https:\\\/\\\/informelitoral.com.ar\\\/\",\"name\":\"Informe Litoral\",\"description\":\"&quot;Nos informamos&quot; \",\"publisher\":{\"@id\":\"https:\\\/\\\/informelitoral.com.ar\\\/#organization\"},\"potentialAction\":[{\"@type\":\"SearchAction\",\"target\":{\"@type\":\"EntryPoint\",\"urlTemplate\":\"https:\\\/\\\/informelitoral.com.ar\\\/?s={search_term_string}\"},\"query-input\":{\"@type\":\"PropertyValueSpecification\",\"valueRequired\":true,\"valueName\":\"search_term_string\"}}],\"inLanguage\":\"es\"},{\"@type\":\"Organization\",\"@id\":\"https:\\\/\\\/informelitoral.com.ar\\\/#organization\",\"name\":\"Informe Litoral\",\"url\":\"https:\\\/\\\/informelitoral.com.ar\\\/\",\"logo\":{\"@type\":\"ImageObject\",\"inLanguage\":\"es\",\"@id\":\"https:\\\/\\\/informelitoral.com.ar\\\/#\\\/schema\\\/logo\\\/image\\\/\",\"url\":\"https:\\\/\\\/informelitoral.com.ar\\\/%77%70%2d%63%6f%6e%74%65%6e%74\\\/uploads\\\/2021\\\/01\\\/circulo.png\",\"contentUrl\":\"https:\\\/\\\/informelitoral.com.ar\\\/%77%70%2d%63%6f%6e%74%65%6e%74\\\/uploads\\\/2021\\\/01\\\/circulo.png\",\"width\":723,\"height\":731,\"caption\":\"Informe Litoral\"},\"image\":{\"@id\":\"https:\\\/\\\/informelitoral.com.ar\\\/#\\\/schema\\\/logo\\\/image\\\/\"},\"sameAs\":[\"https:\\\/\\\/www.facebook.com\\\/informelitoral\\\/\",\"https:\\\/\\\/x.com\\\/InformeLitoral\",\"https:\\\/\\\/www.instagram.com\\\/informelitoral\\\/\",\"https:\\\/\\\/www.youtube.com\\\/channel\\\/UCua4Qvz8Icb6MYqhoq9xLXw\"]},{\"@type\":\"Person\",\"@id\":\"https:\\\/\\\/informelitoral.com.ar\\\/#\\\/schema\\\/person\\\/b9d00407c836482871ef1d57bf8e3180\",\"name\":\"Gonzalo Schmidt\",\"image\":{\"@type\":\"ImageObject\",\"inLanguage\":\"es\",\"@id\":\"https:\\\/\\\/secure.gravatar.com\\\/avatar\\\/31a1a7b66ff2de83bd0e9fd79d026630d2d99e55e8bfe501287647b4fd9743de?s=96&d=mm&r=g\",\"url\":\"https:\\\/\\\/secure.gravatar.com\\\/avatar\\\/31a1a7b66ff2de83bd0e9fd79d026630d2d99e55e8bfe501287647b4fd9743de?s=96&d=mm&r=g\",\"contentUrl\":\"https:\\\/\\\/secure.gravatar.com\\\/avatar\\\/31a1a7b66ff2de83bd0e9fd79d026630d2d99e55e8bfe501287647b4fd9743de?s=96&d=mm&r=g\",\"caption\":\"Gonzalo Schmidt\"},\"description\":\"Sitio web de noticias de la provincia de Entre R\u00edos, Argentina. Informaci\u00f3n y entretenimiento. Informe Litoral, nos informamos.\",\"sameAs\":[\"http:\\\/\\\/www.isletasnoticias.com.ar\"],\"url\":\"https:\\\/\\\/informelitoral.com.ar\\\/author\\\/gonzalo\\\/\"}]}<\/script>","yoast_head_json":{"title":"El Colegio Hist\u00f3rico de Concepci\u00f3n del Uruguay recibe a la C\u00e1mara de Diputados - Informe Litoral","robots":{"index":"index","follow":"follow","max-snippet":"max-snippet:-1","max-image-preview":"max-image-preview:large","max-video-preview":"max-video-preview:-1"},"canonical":"https:\/\/informelitoral.com.ar\/el-colegio-historico-de-concepcion-del-uruguay-recibe-a-la-camara-de-diputados\/","og_locale":"es_ES","og_type":"article","og_title":"El Colegio Hist\u00f3rico de Concepci\u00f3n del Uruguay recibe a la C\u00e1mara de Diputados - Informe Litoral","og_description":"A 165 a\u00f1os de la primera sesi\u00f3n de la Legislatura entrerriana, la C\u00e1mara de Diputados vuelve a sesionar este mi\u00e9rcoles en el mismo lugar, el Colegio Superior Justo Jos\u00e9 de Urquiza de Concepci\u00f3n del Uruguay.","og_url":"https:\/\/informelitoral.com.ar\/el-colegio-historico-de-concepcion-del-uruguay-recibe-a-la-camara-de-diputados\/","og_site_name":"Informe Litoral","article_publisher":"https:\/\/www.facebook.com\/informelitoral\/","article_published_time":"2025-11-26T09:45:27+00:00","og_image":[{"url":"https:\/\/www.daleconcepcion.com.ar\/wp-content\/uploads\/2025\/11\/Mirador-del-Colegio.png","type":"","width":"","height":""}],"author":"Gonzalo Schmidt","twitter_card":"summary_large_image","twitter_image":"https:\/\/www.daleconcepcion.com.ar\/wp-content\/uploads\/2025\/11\/Mirador-del-Colegio.png","twitter_creator":"@InformeLitoral","twitter_site":"@InformeLitoral","twitter_misc":{"Escrito por":"Gonzalo Schmidt","Tiempo de lectura":"3 minutos"},"schema":{"@context":"https:\/\/schema.org","@graph":[{"@type":"Article","@id":"https:\/\/informelitoral.com.ar\/el-colegio-historico-de-concepcion-del-uruguay-recibe-a-la-camara-de-diputados\/#article","isPartOf":{"@id":"https:\/\/informelitoral.com.ar\/el-colegio-historico-de-concepcion-del-uruguay-recibe-a-la-camara-de-diputados\/"},"author":{"name":"Gonzalo Schmidt","@id":"https:\/\/informelitoral.com.ar\/#\/schema\/person\/b9d00407c836482871ef1d57bf8e3180"},"headline":"El Colegio Hist\u00f3rico de Concepci\u00f3n del Uruguay recibe a la C\u00e1mara de Diputados","datePublished":"2025-11-26T09:45:27+00:00","mainEntityOfPage":{"@id":"https:\/\/informelitoral.com.ar\/el-colegio-historico-de-concepcion-del-uruguay-recibe-a-la-camara-de-diputados\/"},"wordCount":672,"commentCount":0,"publisher":{"@id":"https:\/\/informelitoral.com.ar\/#organization"},"image":{"@id":"https:\/\/informelitoral.com.ar\/el-colegio-historico-de-concepcion-del-uruguay-recibe-a-la-camara-de-diputados\/#primaryimage"},"thumbnailUrl":"https:\/\/www.daleconcepcion.com.ar\/%77%70%2d%63%6f%6e%74%65%6e%74\/uploads\/2025\/11\/Mirador-del-Colegio.png","keywords":["C\u00e1mara de Diputados","Concepci\u00f3n del Uruguay","Diputados","Sesi\u00f3n"],"articleSection":["Politica"],"inLanguage":"es","potentialAction":[{"@type":"CommentAction","name":"Comment","target":["https:\/\/informelitoral.com.ar\/el-colegio-historico-de-concepcion-del-uruguay-recibe-a-la-camara-de-diputados\/#respond"]}]},{"@type":"WebPage","@id":"https:\/\/informelitoral.com.ar\/el-colegio-historico-de-concepcion-del-uruguay-recibe-a-la-camara-de-diputados\/","url":"https:\/\/informelitoral.com.ar\/el-colegio-historico-de-concepcion-del-uruguay-recibe-a-la-camara-de-diputados\/","name":"El Colegio Hist\u00f3rico de Concepci\u00f3n del Uruguay recibe a la C\u00e1mara de Diputados - Informe Litoral","isPartOf":{"@id":"https:\/\/informelitoral.com.ar\/#website"},"primaryImageOfPage":{"@id":"https:\/\/informelitoral.com.ar\/el-colegio-historico-de-concepcion-del-uruguay-recibe-a-la-camara-de-diputados\/#primaryimage"},"image":{"@id":"https:\/\/informelitoral.com.ar\/el-colegio-historico-de-concepcion-del-uruguay-recibe-a-la-camara-de-diputados\/#primaryimage"},"thumbnailUrl":"https:\/\/www.daleconcepcion.com.ar\/%77%70%2d%63%6f%6e%74%65%6e%74\/uploads\/2025\/11\/Mirador-del-Colegio.png","datePublished":"2025-11-26T09:45:27+00:00","breadcrumb":{"@id":"https:\/\/informelitoral.com.ar\/el-colegio-historico-de-concepcion-del-uruguay-recibe-a-la-camara-de-diputados\/#breadcrumb"},"inLanguage":"es","potentialAction":[{"@type":"ReadAction","target":["https:\/\/informelitoral.com.ar\/el-colegio-historico-de-concepcion-del-uruguay-recibe-a-la-camara-de-diputados\/"]}]},{"@type":"ImageObject","inLanguage":"es","@id":"https:\/\/informelitoral.com.ar\/el-colegio-historico-de-concepcion-del-uruguay-recibe-a-la-camara-de-diputados\/#primaryimage","url":"https:\/\/www.daleconcepcion.com.ar\/%77%70%2d%63%6f%6e%74%65%6e%74\/uploads\/2025\/11\/Mirador-del-Colegio.png","contentUrl":"https:\/\/www.daleconcepcion.com.ar\/%77%70%2d%63%6f%6e%74%65%6e%74\/uploads\/2025\/11\/Mirador-del-Colegio.png","width":"853","height":"510"},{"@type":"BreadcrumbList","@id":"https:\/\/informelitoral.com.ar\/el-colegio-historico-de-concepcion-del-uruguay-recibe-a-la-camara-de-diputados\/#breadcrumb","itemListElement":[{"@type":"ListItem","position":1,"name":"Portada","item":"https:\/\/informelitoral.com.ar\/"},{"@type":"ListItem","position":2,"name":"El Colegio Hist\u00f3rico de Concepci\u00f3n del Uruguay recibe a la C\u00e1mara de Diputados"}]},{"@type":"WebSite","@id":"https:\/\/informelitoral.com.ar\/#website","url":"https:\/\/informelitoral.com.ar\/","name":"Informe Litoral","description":"&quot;Nos informamos&quot; ","publisher":{"@id":"https:\/\/informelitoral.com.ar\/#organization"},"potentialAction":[{"@type":"SearchAction","target":{"@type":"EntryPoint","urlTemplate":"https:\/\/informelitoral.com.ar\/?s={search_term_string}"},"query-input":{"@type":"PropertyValueSpecification","valueRequired":true,"valueName":"search_term_string"}}],"inLanguage":"es"},{"@type":"Organization","@id":"https:\/\/informelitoral.com.ar\/#organization","name":"Informe Litoral","url":"https:\/\/informelitoral.com.ar\/","logo":{"@type":"ImageObject","inLanguage":"es","@id":"https:\/\/informelitoral.com.ar\/#\/schema\/logo\/image\/","url":"https:\/\/informelitoral.com.ar\/%77%70%2d%63%6f%6e%74%65%6e%74\/uploads\/2021\/01\/circulo.png","contentUrl":"https:\/\/informelitoral.com.ar\/%77%70%2d%63%6f%6e%74%65%6e%74\/uploads\/2021\/01\/circulo.png","width":723,"height":731,"caption":"Informe Litoral"},"image":{"@id":"https:\/\/informelitoral.com.ar\/#\/schema\/logo\/image\/"},"sameAs":["https:\/\/www.facebook.com\/informelitoral\/","https:\/\/x.com\/InformeLitoral","https:\/\/www.instagram.com\/informelitoral\/","https:\/\/www.youtube.com\/channel\/UCua4Qvz8Icb6MYqhoq9xLXw"]},{"@type":"Person","@id":"https:\/\/informelitoral.com.ar\/#\/schema\/person\/b9d00407c836482871ef1d57bf8e3180","name":"Gonzalo Schmidt","image":{"@type":"ImageObject","inLanguage":"es","@id":"https:\/\/secure.gravatar.com\/avatar\/31a1a7b66ff2de83bd0e9fd79d026630d2d99e55e8bfe501287647b4fd9743de?s=96&d=mm&r=g","url":"https:\/\/secure.gravatar.com\/avatar\/31a1a7b66ff2de83bd0e9fd79d026630d2d99e55e8bfe501287647b4fd9743de?s=96&d=mm&r=g","contentUrl":"https:\/\/secure.gravatar.com\/avatar\/31a1a7b66ff2de83bd0e9fd79d026630d2d99e55e8bfe501287647b4fd9743de?s=96&d=mm&r=g","caption":"Gonzalo Schmidt"},"description":"Sitio web de noticias de la provincia de Entre R\u00edos, Argentina. Informaci\u00f3n y entretenimiento. Informe Litoral, nos informamos.","sameAs":["http:\/\/www.isletasnoticias.com.ar"],"url":"https:\/\/informelitoral.com.ar\/author\/gonzalo\/"}]}},"fifu_image_url":"https:\/\/www.daleconcepcion.com.ar\/wp-content\/uploads\/2025\/11\/Mirador-del-Colegio.png","_links":{"self":[{"href":"https:\/\/informelitoral.com.ar\/%77%70%2d%6a%73%6f%6e\/wp\/v2\/posts\/241569","targetHints":{"allow":["GET"]}}],"collection":[{"href":"https:\/\/informelitoral.com.ar\/%77%70%2d%6a%73%6f%6e\/wp\/v2\/posts"}],"about":[{"href":"https:\/\/informelitoral.com.ar\/%77%70%2d%6a%73%6f%6e\/wp\/v2\/types\/post"}],"author":[{"embeddable":true,"href":"https:\/\/informelitoral.com.ar\/%77%70%2d%6a%73%6f%6e\/wp\/v2\/users\/2"}],"replies":[{"embeddable":true,"href":"https:\/\/informelitoral.com.ar\/%77%70%2d%6a%73%6f%6e\/wp\/v2\/comments?post=241569"}],"version-history":[{"count":1,"href":"https:\/\/informelitoral.com.ar\/%77%70%2d%6a%73%6f%6e\/wp\/v2\/posts\/241569\/revisions"}],"predecessor-version":[{"id":241571,"href":"https:\/\/informelitoral.com.ar\/%77%70%2d%6a%73%6f%6e\/wp\/v2\/posts\/241569\/revisions\/241571"}],"wp:featuredmedia":[{"embeddable":true,"href":"https:\/\/informelitoral.com.ar\/%77%70%2d%6a%73%6f%6e\/wp\/v2\/media\/241570"}],"wp:attachment":[{"href":"https:\/\/informelitoral.com.ar\/%77%70%2d%6a%73%6f%6e\/wp\/v2\/media?parent=241569"}],"wp:term":[{"taxonomy":"category","embeddable":true,"href":"https:\/\/informelitoral.com.ar\/%77%70%2d%6a%73%6f%6e\/wp\/v2\/categories?post=241569"},{"taxonomy":"post_tag","embeddable":true,"href":"https:\/\/informelitoral.com.ar\/%77%70%2d%6a%73%6f%6e\/wp\/v2\/tags?post=241569"}],"curies":[{"name":"wp","href":"https:\/\/api.w.org\/{rel}","templated":true}]}}